{"id":152007,"date":"2022-06-22T10:53:26","date_gmt":"2022-06-22T09:53:26","guid":{"rendered":"https:\/\/radioljubuski.ba\/?p=152007"},"modified":"2022-06-22T10:53:28","modified_gmt":"2022-06-22T09:53:28","slug":"do-besvijesti-ga-pretukli-muskarci-u-odijelima-kad-sam-im-rekao-odakle-sam-poceli-su-me-mlatiti","status":"publish","type":"post","link":"https:\/\/radioljubuski.ba\/index.php\/2022\/06\/22\/do-besvijesti-ga-pretukli-muskarci-u-odijelima-kad-sam-im-rekao-odakle-sam-poceli-su-me-mlatiti\/","title":{"rendered":"Do besvijesti ga pretukli mu\u0161karci u odijelima. \u2018Kad sam im rekao odakle sam, po\u010deli su me mlatiti\u2018"},"content":{"rendered":"\n<p>Poljski imigrant podijelio s novinarima Telegrapha jezive detalje o tome kako je bio divlja\u010dki napadnut samo nekoliko trenutaka nakon \u0161to je protekle subote stigao u London.<\/p>\n\n\n\n<p>Nakon \u0161to je iza\u0161ao iz vlaka na kolodvoru Victoria, 31-godi\u0161njak je kazao da su ga do besvijesti pretukli mu\u0161karci u odijelima od kojih je tra\u017eio upute kojim putem krenuti.<\/p>\n\n\n\n<p>Kamil Sobala, koji je ina\u010de ranije ve\u0107 \u017eivio u Londonu, sru\u0161en je na tlo i vi\u0161e puta udaren u lice. Napad se zbio u ulici Elizabeth, a postoji i snimka koju je mobitelom iz susjednog puba snimila jedna \u017eena, koja je zatim i pozvala hitnu pomo\u0107 i policiju.<\/p>\n\n\n\n<p>Sobala ka\u017ee da je &#8216;duboko potresen ovim brutalnim napadom&#8217;. Toliko je sada upla\u0161en da se boji \u010dak i oti\u0107i do du\u0107ana, te ka\u017ee da ne mo\u017ee uop\u0107e spavati.<\/p>\n\n\n\n<p>Sobala se probudio u bolnici oko 20 sati, istoga dana.<\/p>\n\n\n\n<ul class=\"wp-block-list\"><li>Namjeravao sam se na\u0107i s prijateljima i pro\u0161ao pored puba pitati za pomo\u0107 jer mi je telefon ostao bez baterije. \u017delio sam znati gdje mogu napuniti bateriju i gdje je stanica podzemne \u017eeljeznice. Zamolio sam ih za pomo\u0107 oko toga. No umjesto da samo ka\u017eu &#8216;oprosti \u0161to ti ne mogu pomo\u0107i&#8217;, opsovali su me. Onda su me pitali odakle sam i rekao sam da sam iz Poljske- prisje\u0107a se Sobala.<\/li><\/ul>\n\n\n\n<p>Zatim je po\u010deo stravi\u010dan napad.<\/p>\n\n\n\n<p>&#8211; Bole me le\u0111a, oko, obraz i lice. Jasno je da je ovaj napad rasisti\u010dki.Po\u010deli su me napadati, tek onda kad sam rekao da sam iz Poljske- tvrdi Sobala.<\/p>\n\n\n\n<p>Snimka napada kru\u017ei dru\u0161tvenim mre\u017eama i u njoj se jasno vidi se kako mu\u0161karac udara Kamila dok le\u017ei na podu.<\/p>\n\n\n\n<p>&#8211; Jedna gospo\u0111a je objavila video i pozvala hitnu pomo\u0107. \u017delim se zahvaliti svima koji su pomogli. Zahvaljuju\u0107i toj snimci, nadam se da \u0107e napada\u010di biti uhva\u0107eni, zaklju\u010duje Sobala.<\/p>\n\n\n\n<p>Pojavile su se i kritike na ra\u010dun policije. Zamjeraju im da nisu reagirali na vrijeme. Iz Metropolitanske policije su odgovorili &#8216;da kada policija primi pozive o incidentima, poziv se ocjenjuje na temelju nekoliko razloga, uklju\u010duju\u0107i i onaj postoji li neposredna opasnost po \u017eivot&#8217;. Za gore navedeni slu\u010daj tvrde da nije bio toliko hitan jer je pozivatelj izjavio da su napada\u010di napustili mjesto doga\u0111aja i da je ve\u0107 pozvana hitna, zbog \u010dega prema njihovoj procjeni ovaj slu\u010daj &#8216;ne spada u kategoriju koja zahtijeva najhitniji odgovor.&#8217;<\/p>\n\n\n\n<p>Trenutno nema uhi\u0107enja, ali je istraga u tijeku, prenosi\u00a0<a href=\"https:\/\/www.jutarnji.hr\/vijesti\/svijet\/do-besvijesti-ga-pretukli-muskarci-u-odijelima-kad-sam-im-rekao-odakle-sam-poceli-su-me-mlatiti-15213397\" target=\"_blank\" rel=\"noreferrer noopener\">Jutarnji list.<\/a><\/p>\n\n\n\n<iframe loading=\"lazy\" width=\"560\" height=\"315\" src=\"https:\/\/www.youtube.com\/embed\/kcMgyAW5_sk\" title=\"YouTube video player\" frameborder=\"0\" allow=\"accelerometer; autoplay; clipboard-write; encrypted-media; gyroscope; picture-in-picture\" allowfullscreen><\/iframe>\n\n\n\n<p><strong>Izvor: Pogled.ba<\/strong><\/p>\n","protected":false},"excerpt":{"rendered":"<p>Poljski imigrant podijelio s novinarima Telegrapha jezive detalje o tome kako je bio divlja\u010dki napadnut samo nekoliko trenutaka nakon \u0161to je protekle subote stigao u London. Nakon \u0161to je iza\u0161ao iz vlaka na kolodvoru Victoria, 31-godi\u0161njak je kazao da su ga do besvijesti pretukli mu\u0161karci u odijelima od kojih je tra\u017eio upute kojim putem krenuti. [&hellip;]<\/p>\n","protected":false},"author":2,"featured_media":139701,"comment_status":"closed","ping_status":"closed","sticky":false,"template":"","format":"standard","meta":{"h5ap_radio_sources":[],"footnotes":""},"categories":[1],"tags":[],"class_list":["post-152007","post","type-post","status-publish","format-standard","has-post-thumbnail","hentry","category-bihiregija"],"yoast_head":"<!-- This site is optimized with the Yoast SEO plugin v27.4 - https:\/\/yoast.com\/product\/yoast-seo-wordpress\/ -->\n<title>Do besvijesti ga pretukli mu\u0161karci u odijelima. \u2018Kad sam im rekao odakle sam, po\u010deli su me mlatiti\u2018 - RADIO LJUBU\u0160KI<\/title>\n<meta name=\"robots\" content=\"index, follow, max-snippet:-1, max-image-preview:large, max-video-preview:-1\" \/>\n<link rel=\"canonical\" href=\"https:\/\/radioljubuski.ba\/index.php\/2022\/06\/22\/do-besvijesti-ga-pretukli-muskarci-u-odijelima-kad-sam-im-rekao-odakle-sam-poceli-su-me-mlatiti\/\" \/>\n<meta property=\"og:locale\" content=\"hr_HR\" \/>\n<meta property=\"og:type\" content=\"article\" \/>\n<meta property=\"og:title\" content=\"Do besvijesti ga pretukli mu\u0161karci u odijelima. \u2018Kad sam im rekao odakle sam, po\u010deli su me mlatiti\u2018 - RADIO LJUBU\u0160KI\" \/>\n<meta property=\"og:description\" content=\"Poljski imigrant podijelio s novinarima Telegrapha jezive detalje o tome kako je bio divlja\u010dki napadnut samo nekoliko trenutaka nakon \u0161to je protekle subote stigao u London. Nakon \u0161to je iza\u0161ao iz vlaka na kolodvoru Victoria, 31-godi\u0161njak je kazao da su ga do besvijesti pretukli mu\u0161karci u odijelima od kojih je tra\u017eio upute kojim putem krenuti. [&hellip;]\" \/>\n<meta property=\"og:url\" content=\"https:\/\/radioljubuski.ba\/index.php\/2022\/06\/22\/do-besvijesti-ga-pretukli-muskarci-u-odijelima-kad-sam-im-rekao-odakle-sam-poceli-su-me-mlatiti\/\" \/>\n<meta property=\"og:site_name\" content=\"RADIO LJUBU\u0160KI\" \/>\n<meta property=\"article:publisher\" content=\"https:\/\/www.facebook.com\/Radiio-Ljubuski-1490835324566332\" \/>\n<meta property=\"article:published_time\" content=\"2022-06-22T09:53:26+00:00\" \/>\n<meta property=\"article:modified_time\" content=\"2022-06-22T09:53:28+00:00\" \/>\n<meta property=\"og:image\" content=\"https:\/\/radioljubuski.ba\/wp-content\/uploads\/2022\/05\/rotacija2.jpg\" \/>\n\t<meta property=\"og:image:width\" content=\"800\" \/>\n\t<meta property=\"og:image:height\" content=\"600\" \/>\n\t<meta property=\"og:image:type\" content=\"image\/jpeg\" \/>\n<meta name=\"author\" content=\"Radio Ljubu\u0161ki\" \/>\n<meta name=\"twitter:card\" content=\"summary_large_image\" \/>\n<meta name=\"twitter:creator\" content=\"@radioljubuski\" \/>\n<meta name=\"twitter:site\" content=\"@radioljubuski\" \/>\n<meta name=\"twitter:label1\" content=\"Napisao\/la\" \/>\n\t<meta name=\"twitter:data1\" content=\"Radio Ljubu\u0161ki\" \/>\n\t<meta name=\"twitter:label2\" content=\"Procijenjeno vrijeme \u010ditanja\" \/>\n\t<meta name=\"twitter:data2\" content=\"2 minute\" \/>\n<script type=\"application\/ld+json\" class=\"yoast-schema-graph\">{\"@context\":\"https:\\\/\\\/schema.org\",\"@graph\":[{\"@type\":\"Article\",\"@id\":\"https:\\\/\\\/radioljubuski.ba\\\/index.php\\\/2022\\\/06\\\/22\\\/do-besvijesti-ga-pretukli-muskarci-u-odijelima-kad-sam-im-rekao-odakle-sam-poceli-su-me-mlatiti\\\/#article\",\"isPartOf\":{\"@id\":\"https:\\\/\\\/radioljubuski.ba\\\/index.php\\\/2022\\\/06\\\/22\\\/do-besvijesti-ga-pretukli-muskarci-u-odijelima-kad-sam-im-rekao-odakle-sam-poceli-su-me-mlatiti\\\/\"},\"author\":{\"name\":\"Radio Ljubu\u0161ki\",\"@id\":\"https:\\\/\\\/radioljubuski.ba\\\/#\\\/schema\\\/person\\\/19fc700381a780f69665d7956c469e3b\"},\"headline\":\"Do besvijesti ga pretukli mu\u0161karci u odijelima. \u2018Kad sam im rekao odakle sam, po\u010deli su me mlatiti\u2018\",\"datePublished\":\"2022-06-22T09:53:26+00:00\",\"dateModified\":\"2022-06-22T09:53:28+00:00\",\"mainEntityOfPage\":{\"@id\":\"https:\\\/\\\/radioljubuski.ba\\\/index.php\\\/2022\\\/06\\\/22\\\/do-besvijesti-ga-pretukli-muskarci-u-odijelima-kad-sam-im-rekao-odakle-sam-poceli-su-me-mlatiti\\\/\"},\"wordCount\":454,\"publisher\":{\"@id\":\"https:\\\/\\\/radioljubuski.ba\\\/#organization\"},\"image\":{\"@id\":\"https:\\\/\\\/radioljubuski.ba\\\/index.php\\\/2022\\\/06\\\/22\\\/do-besvijesti-ga-pretukli-muskarci-u-odijelima-kad-sam-im-rekao-odakle-sam-poceli-su-me-mlatiti\\\/#primaryimage\"},\"thumbnailUrl\":\"https:\\\/\\\/radioljubuski.ba\\\/wp-content\\\/uploads\\\/2022\\\/05\\\/rotacija2.jpg\",\"articleSection\":[\"BIH i regija\"],\"inLanguage\":\"hr\"},{\"@type\":\"WebPage\",\"@id\":\"https:\\\/\\\/radioljubuski.ba\\\/index.php\\\/2022\\\/06\\\/22\\\/do-besvijesti-ga-pretukli-muskarci-u-odijelima-kad-sam-im-rekao-odakle-sam-poceli-su-me-mlatiti\\\/\",\"url\":\"https:\\\/\\\/radioljubuski.ba\\\/index.php\\\/2022\\\/06\\\/22\\\/do-besvijesti-ga-pretukli-muskarci-u-odijelima-kad-sam-im-rekao-odakle-sam-poceli-su-me-mlatiti\\\/\",\"name\":\"Do besvijesti ga pretukli mu\u0161karci u odijelima. \u2018Kad sam im rekao odakle sam, po\u010deli su me mlatiti\u2018 - RADIO LJUBU\u0160KI\",\"isPartOf\":{\"@id\":\"https:\\\/\\\/radioljubuski.ba\\\/#website\"},\"primaryImageOfPage\":{\"@id\":\"https:\\\/\\\/radioljubuski.ba\\\/index.php\\\/2022\\\/06\\\/22\\\/do-besvijesti-ga-pretukli-muskarci-u-odijelima-kad-sam-im-rekao-odakle-sam-poceli-su-me-mlatiti\\\/#primaryimage\"},\"image\":{\"@id\":\"https:\\\/\\\/radioljubuski.ba\\\/index.php\\\/2022\\\/06\\\/22\\\/do-besvijesti-ga-pretukli-muskarci-u-odijelima-kad-sam-im-rekao-odakle-sam-poceli-su-me-mlatiti\\\/#primaryimage\"},\"thumbnailUrl\":\"https:\\\/\\\/radioljubuski.ba\\\/wp-content\\\/uploads\\\/2022\\\/05\\\/rotacija2.jpg\",\"datePublished\":\"2022-06-22T09:53:26+00:00\",\"dateModified\":\"2022-06-22T09:53:28+00:00\",\"breadcrumb\":{\"@id\":\"https:\\\/\\\/radioljubuski.ba\\\/index.php\\\/2022\\\/06\\\/22\\\/do-besvijesti-ga-pretukli-muskarci-u-odijelima-kad-sam-im-rekao-odakle-sam-poceli-su-me-mlatiti\\\/#breadcrumb\"},\"inLanguage\":\"hr\",\"potentialAction\":[{\"@type\":\"ReadAction\",\"target\":[\"https:\\\/\\\/radioljubuski.ba\\\/index.php\\\/2022\\\/06\\\/22\\\/do-besvijesti-ga-pretukli-muskarci-u-odijelima-kad-sam-im-rekao-odakle-sam-poceli-su-me-mlatiti\\\/\"]}]},{\"@type\":\"ImageObject\",\"inLanguage\":\"hr\",\"@id\":\"https:\\\/\\\/radioljubuski.ba\\\/index.php\\\/2022\\\/06\\\/22\\\/do-besvijesti-ga-pretukli-muskarci-u-odijelima-kad-sam-im-rekao-odakle-sam-poceli-su-me-mlatiti\\\/#primaryimage\",\"url\":\"https:\\\/\\\/radioljubuski.ba\\\/wp-content\\\/uploads\\\/2022\\\/05\\\/rotacija2.jpg\",\"contentUrl\":\"https:\\\/\\\/radioljubuski.ba\\\/wp-content\\\/uploads\\\/2022\\\/05\\\/rotacija2.jpg\",\"width\":800,\"height\":600},{\"@type\":\"BreadcrumbList\",\"@id\":\"https:\\\/\\\/radioljubuski.ba\\\/index.php\\\/2022\\\/06\\\/22\\\/do-besvijesti-ga-pretukli-muskarci-u-odijelima-kad-sam-im-rekao-odakle-sam-poceli-su-me-mlatiti\\\/#breadcrumb\",\"itemListElement\":[{\"@type\":\"ListItem\",\"position\":1,\"name\":\"Po\u010detna stranica\",\"item\":\"https:\\\/\\\/radioljubuski.ba\\\/\"},{\"@type\":\"ListItem\",\"position\":2,\"name\":\"Do besvijesti ga pretukli mu\u0161karci u odijelima. \u2018Kad sam im rekao odakle sam, po\u010deli su me mlatiti\u2018\"}]},{\"@type\":\"WebSite\",\"@id\":\"https:\\\/\\\/radioljubuski.ba\\\/#website\",\"url\":\"https:\\\/\\\/radioljubuski.ba\\\/\",\"name\":\"Radio Ljubu\u0161ki\",\"description\":\"Sun\u010dana frekvencija Hercegovine\",\"publisher\":{\"@id\":\"https:\\\/\\\/radioljubuski.ba\\\/#organization\"},\"potentialAction\":[{\"@type\":\"SearchAction\",\"target\":{\"@type\":\"EntryPoint\",\"urlTemplate\":\"https:\\\/\\\/radioljubuski.ba\\\/?s={search_term_string}\"},\"query-input\":{\"@type\":\"PropertyValueSpecification\",\"valueRequired\":true,\"valueName\":\"search_term_string\"}}],\"inLanguage\":\"hr\"},{\"@type\":\"Organization\",\"@id\":\"https:\\\/\\\/radioljubuski.ba\\\/#organization\",\"name\":\"Radio Ljubu\u0161ki\",\"url\":\"https:\\\/\\\/radioljubuski.ba\\\/\",\"logo\":{\"@type\":\"ImageObject\",\"inLanguage\":\"hr\",\"@id\":\"https:\\\/\\\/radioljubuski.ba\\\/#\\\/schema\\\/logo\\\/image\\\/\",\"url\":\"https:\\\/\\\/radioljubuski.ba\\\/wp-content\\\/uploads\\\/2021\\\/02\\\/cropped-Radio_Ljubuski_logo1.jpg\",\"contentUrl\":\"https:\\\/\\\/radioljubuski.ba\\\/wp-content\\\/uploads\\\/2021\\\/02\\\/cropped-Radio_Ljubuski_logo1.jpg\",\"width\":512,\"height\":512,\"caption\":\"Radio Ljubu\u0161ki\"},\"image\":{\"@id\":\"https:\\\/\\\/radioljubuski.ba\\\/#\\\/schema\\\/logo\\\/image\\\/\"},\"sameAs\":[\"https:\\\/\\\/www.facebook.com\\\/Radiio-Ljubuski-1490835324566332\",\"https:\\\/\\\/x.com\\\/radioljubuski\",\"https:\\\/\\\/hr.linkedin.com\\\/company\\\/radio-ljubuski\",\"https:\\\/\\\/www.youtube.com\\\/channel\\\/UCHYaeO_n0Db3tjNGudGpXyw\"]},{\"@type\":\"Person\",\"@id\":\"https:\\\/\\\/radioljubuski.ba\\\/#\\\/schema\\\/person\\\/19fc700381a780f69665d7956c469e3b\",\"name\":\"Radio Ljubu\u0161ki\"}]}<\/script>\n<!-- \/ Yoast SEO plugin. -->","yoast_head_json":{"title":"Do besvijesti ga pretukli mu\u0161karci u odijelima. \u2018Kad sam im rekao odakle sam, po\u010deli su me mlatiti\u2018 - RADIO LJUBU\u0160KI","robots":{"index":"index","follow":"follow","max-snippet":"max-snippet:-1","max-image-preview":"max-image-preview:large","max-video-preview":"max-video-preview:-1"},"canonical":"https:\/\/radioljubuski.ba\/index.php\/2022\/06\/22\/do-besvijesti-ga-pretukli-muskarci-u-odijelima-kad-sam-im-rekao-odakle-sam-poceli-su-me-mlatiti\/","og_locale":"hr_HR","og_type":"article","og_title":"Do besvijesti ga pretukli mu\u0161karci u odijelima. \u2018Kad sam im rekao odakle sam, po\u010deli su me mlatiti\u2018 - RADIO LJUBU\u0160KI","og_description":"Poljski imigrant podijelio s novinarima Telegrapha jezive detalje o tome kako je bio divlja\u010dki napadnut samo nekoliko trenutaka nakon \u0161to je protekle subote stigao u London. Nakon \u0161to je iza\u0161ao iz vlaka na kolodvoru Victoria, 31-godi\u0161njak je kazao da su ga do besvijesti pretukli mu\u0161karci u odijelima od kojih je tra\u017eio upute kojim putem krenuti. [&hellip;]","og_url":"https:\/\/radioljubuski.ba\/index.php\/2022\/06\/22\/do-besvijesti-ga-pretukli-muskarci-u-odijelima-kad-sam-im-rekao-odakle-sam-poceli-su-me-mlatiti\/","og_site_name":"RADIO LJUBU\u0160KI","article_publisher":"https:\/\/www.facebook.com\/Radiio-Ljubuski-1490835324566332","article_published_time":"2022-06-22T09:53:26+00:00","article_modified_time":"2022-06-22T09:53:28+00:00","og_image":[{"width":800,"height":600,"url":"https:\/\/radioljubuski.ba\/wp-content\/uploads\/2022\/05\/rotacija2.jpg","type":"image\/jpeg"}],"author":"Radio Ljubu\u0161ki","twitter_card":"summary_large_image","twitter_creator":"@radioljubuski","twitter_site":"@radioljubuski","twitter_misc":{"Napisao\/la":"Radio Ljubu\u0161ki","Procijenjeno vrijeme \u010ditanja":"2 minute"},"schema":{"@context":"https:\/\/schema.org","@graph":[{"@type":"Article","@id":"https:\/\/radioljubuski.ba\/index.php\/2022\/06\/22\/do-besvijesti-ga-pretukli-muskarci-u-odijelima-kad-sam-im-rekao-odakle-sam-poceli-su-me-mlatiti\/#article","isPartOf":{"@id":"https:\/\/radioljubuski.ba\/index.php\/2022\/06\/22\/do-besvijesti-ga-pretukli-muskarci-u-odijelima-kad-sam-im-rekao-odakle-sam-poceli-su-me-mlatiti\/"},"author":{"name":"Radio Ljubu\u0161ki","@id":"https:\/\/radioljubuski.ba\/#\/schema\/person\/19fc700381a780f69665d7956c469e3b"},"headline":"Do besvijesti ga pretukli mu\u0161karci u odijelima. \u2018Kad sam im rekao odakle sam, po\u010deli su me mlatiti\u2018","datePublished":"2022-06-22T09:53:26+00:00","dateModified":"2022-06-22T09:53:28+00:00","mainEntityOfPage":{"@id":"https:\/\/radioljubuski.ba\/index.php\/2022\/06\/22\/do-besvijesti-ga-pretukli-muskarci-u-odijelima-kad-sam-im-rekao-odakle-sam-poceli-su-me-mlatiti\/"},"wordCount":454,"publisher":{"@id":"https:\/\/radioljubuski.ba\/#organization"},"image":{"@id":"https:\/\/radioljubuski.ba\/index.php\/2022\/06\/22\/do-besvijesti-ga-pretukli-muskarci-u-odijelima-kad-sam-im-rekao-odakle-sam-poceli-su-me-mlatiti\/#primaryimage"},"thumbnailUrl":"https:\/\/radioljubuski.ba\/wp-content\/uploads\/2022\/05\/rotacija2.jpg","articleSection":["BIH i regija"],"inLanguage":"hr"},{"@type":"WebPage","@id":"https:\/\/radioljubuski.ba\/index.php\/2022\/06\/22\/do-besvijesti-ga-pretukli-muskarci-u-odijelima-kad-sam-im-rekao-odakle-sam-poceli-su-me-mlatiti\/","url":"https:\/\/radioljubuski.ba\/index.php\/2022\/06\/22\/do-besvijesti-ga-pretukli-muskarci-u-odijelima-kad-sam-im-rekao-odakle-sam-poceli-su-me-mlatiti\/","name":"Do besvijesti ga pretukli mu\u0161karci u odijelima. \u2018Kad sam im rekao odakle sam, po\u010deli su me mlatiti\u2018 - RADIO LJUBU\u0160KI","isPartOf":{"@id":"https:\/\/radioljubuski.ba\/#website"},"primaryImageOfPage":{"@id":"https:\/\/radioljubuski.ba\/index.php\/2022\/06\/22\/do-besvijesti-ga-pretukli-muskarci-u-odijelima-kad-sam-im-rekao-odakle-sam-poceli-su-me-mlatiti\/#primaryimage"},"image":{"@id":"https:\/\/radioljubuski.ba\/index.php\/2022\/06\/22\/do-besvijesti-ga-pretukli-muskarci-u-odijelima-kad-sam-im-rekao-odakle-sam-poceli-su-me-mlatiti\/#primaryimage"},"thumbnailUrl":"https:\/\/radioljubuski.ba\/wp-content\/uploads\/2022\/05\/rotacija2.jpg","datePublished":"2022-06-22T09:53:26+00:00","dateModified":"2022-06-22T09:53:28+00:00","breadcrumb":{"@id":"https:\/\/radioljubuski.ba\/index.php\/2022\/06\/22\/do-besvijesti-ga-pretukli-muskarci-u-odijelima-kad-sam-im-rekao-odakle-sam-poceli-su-me-mlatiti\/#breadcrumb"},"inLanguage":"hr","potentialAction":[{"@type":"ReadAction","target":["https:\/\/radioljubuski.ba\/index.php\/2022\/06\/22\/do-besvijesti-ga-pretukli-muskarci-u-odijelima-kad-sam-im-rekao-odakle-sam-poceli-su-me-mlatiti\/"]}]},{"@type":"ImageObject","inLanguage":"hr","@id":"https:\/\/radioljubuski.ba\/index.php\/2022\/06\/22\/do-besvijesti-ga-pretukli-muskarci-u-odijelima-kad-sam-im-rekao-odakle-sam-poceli-su-me-mlatiti\/#primaryimage","url":"https:\/\/radioljubuski.ba\/wp-content\/uploads\/2022\/05\/rotacija2.jpg","contentUrl":"https:\/\/radioljubuski.ba\/wp-content\/uploads\/2022\/05\/rotacija2.jpg","width":800,"height":600},{"@type":"BreadcrumbList","@id":"https:\/\/radioljubuski.ba\/index.php\/2022\/06\/22\/do-besvijesti-ga-pretukli-muskarci-u-odijelima-kad-sam-im-rekao-odakle-sam-poceli-su-me-mlatiti\/#breadcrumb","itemListElement":[{"@type":"ListItem","position":1,"name":"Po\u010detna stranica","item":"https:\/\/radioljubuski.ba\/"},{"@type":"ListItem","position":2,"name":"Do besvijesti ga pretukli mu\u0161karci u odijelima. \u2018Kad sam im rekao odakle sam, po\u010deli su me mlatiti\u2018"}]},{"@type":"WebSite","@id":"https:\/\/radioljubuski.ba\/#website","url":"https:\/\/radioljubuski.ba\/","name":"Radio Ljubu\u0161ki","description":"Sun\u010dana frekvencija Hercegovine","publisher":{"@id":"https:\/\/radioljubuski.ba\/#organization"},"potentialAction":[{"@type":"SearchAction","target":{"@type":"EntryPoint","urlTemplate":"https:\/\/radioljubuski.ba\/?s={search_term_string}"},"query-input":{"@type":"PropertyValueSpecification","valueRequired":true,"valueName":"search_term_string"}}],"inLanguage":"hr"},{"@type":"Organization","@id":"https:\/\/radioljubuski.ba\/#organization","name":"Radio Ljubu\u0161ki","url":"https:\/\/radioljubuski.ba\/","logo":{"@type":"ImageObject","inLanguage":"hr","@id":"https:\/\/radioljubuski.ba\/#\/schema\/logo\/image\/","url":"https:\/\/radioljubuski.ba\/wp-content\/uploads\/2021\/02\/cropped-Radio_Ljubuski_logo1.jpg","contentUrl":"https:\/\/radioljubuski.ba\/wp-content\/uploads\/2021\/02\/cropped-Radio_Ljubuski_logo1.jpg","width":512,"height":512,"caption":"Radio Ljubu\u0161ki"},"image":{"@id":"https:\/\/radioljubuski.ba\/#\/schema\/logo\/image\/"},"sameAs":["https:\/\/www.facebook.com\/Radiio-Ljubuski-1490835324566332","https:\/\/x.com\/radioljubuski","https:\/\/hr.linkedin.com\/company\/radio-ljubuski","https:\/\/www.youtube.com\/channel\/UCHYaeO_n0Db3tjNGudGpXyw"]},{"@type":"Person","@id":"https:\/\/radioljubuski.ba\/#\/schema\/person\/19fc700381a780f69665d7956c469e3b","name":"Radio Ljubu\u0161ki"}]}},"_links":{"self":[{"href":"https:\/\/radioljubuski.ba\/index.php\/wp-json\/wp\/v2\/posts\/152007","targetHints":{"allow":["GET"]}}],"collection":[{"href":"https:\/\/radioljubuski.ba\/index.php\/wp-json\/wp\/v2\/posts"}],"about":[{"href":"https:\/\/radioljubuski.ba\/index.php\/wp-json\/wp\/v2\/types\/post"}],"author":[{"embeddable":true,"href":"https:\/\/radioljubuski.ba\/index.php\/wp-json\/wp\/v2\/users\/2"}],"replies":[{"embeddable":true,"href":"https:\/\/radioljubuski.ba\/index.php\/wp-json\/wp\/v2\/comments?post=152007"}],"version-history":[{"count":1,"href":"https:\/\/radioljubuski.ba\/index.php\/wp-json\/wp\/v2\/posts\/152007\/revisions"}],"predecessor-version":[{"id":152008,"href":"https:\/\/radioljubuski.ba\/index.php\/wp-json\/wp\/v2\/posts\/152007\/revisions\/152008"}],"wp:featuredmedia":[{"embeddable":true,"href":"https:\/\/radioljubuski.ba\/index.php\/wp-json\/wp\/v2\/media\/139701"}],"wp:attachment":[{"href":"https:\/\/radioljubuski.ba\/index.php\/wp-json\/wp\/v2\/media?parent=152007"}],"wp:term":[{"taxonomy":"category","embeddable":true,"href":"https:\/\/radioljubuski.ba\/index.php\/wp-json\/wp\/v2\/categories?post=152007"},{"taxonomy":"post_tag","embeddable":true,"href":"https:\/\/radioljubuski.ba\/index.php\/wp-json\/wp\/v2\/tags?post=152007"}],"curies":[{"name":"wp","href":"https:\/\/api.w.org\/{rel}","templated":true}]}}