{"id":152014,"date":"2022-06-22T10:56:38","date_gmt":"2022-06-22T09:56:38","guid":{"rendered":"https:\/\/radioljubuski.ba\/?p=152014"},"modified":"2022-06-22T10:56:40","modified_gmt":"2022-06-22T09:56:40","slug":"dan-antifasisticke-borbe-sto-se-dogodilo-22-lipnja-1941-u-sumi-brezovica-prema-svjedocanstvu-lojze-buturca-2","status":"publish","type":"post","link":"https:\/\/radioljubuski.ba\/index.php\/2022\/06\/22\/dan-antifasisticke-borbe-sto-se-dogodilo-22-lipnja-1941-u-sumi-brezovica-prema-svjedocanstvu-lojze-buturca-2\/","title":{"rendered":"Dan antifa\u0161isti\u010dke borbe: \u0160to se dogodilo 22. lipnja 1941. u \u0161umi Brezovica prema svjedo\u010danstvu Lojze Buturca?"},"content":{"rendered":"\n<p><strong>Na Dan antifa\u0161isti\u010dke borbe donosimo svjedo\u010danstvo Sis\u010danina Lojze Buturca, intimnog prijatelja Vlade Jani\u0107a Cape, \u010dovjeka kojemu se pripisuje osnivanje Sisa\u010dkog partizanskog odreda. Objavio je 14 knjiga i 523 \u010dlanka.<\/strong><\/p>\n\n\n\n<p><strong>Lojzo Buturac, povjesni\u010dar, crkveni glazbenik i gra\u0111evinski in\u017eenjer umro je 9. kolovoza 2020. u Sisku u 96. godini \u017eivota.<\/strong><\/p>\n\n\n\n<h3 class=\"wp-block-heading\"><strong>Priznanje \u201cZa Crkvu i posve\u0107enika\u201d<\/strong><\/h3>\n\n\n\n<p>Sisa\u010dki biskup mons. Vlado Ko\u0161i\u0107 dodijelio je Buturcu najve\u0107e priznanje koje mo\u017ee dobiti vjernik katoli\u010dke Crkve: priznanje \u201cZa Crkvu i posve\u0107enika\u201d.<\/p>\n\n\n\n<p>Bila je to \u017eivotna nagrada \u010dovjeku koji je cijeli \u017eivot, \u010dak i u mraku i strahu komunizma kada je velika ve\u0107ina \u0161utjela, posvetio borbi za istinu iz ljubavi prema njoj i svom hrvatskom narodu.<\/p>\n\n\n\n<p>\u201eDevedeset mi je godina \u017eivota pa je ovo, nakon nekoliko neuspje\u0161nih \u010dlanaka u tisku, posljednji moj zov hrvatskoj javnosti da se kona\u010dno napusti obilje\u017eavati i proslavljati 22. lipnja, la\u017eni Dan antifa\u0161isti\u010dke borbe. Toga dana, 22. lipnja 1941. godine, dvojica istaknutih europskih zlo\u010dinaca, Hitler i Staljin, prekr\u0161ili su neki svoj sporazum i zaratili, \u0161to nema nikakve veze s Hrvatskom niti postoji neki razlog da mi taj datum jo\u0161 i danas obilje\u017eavamo i proslavljamo.<\/p>\n\n\n\n<p>U Hrvatskoj se za komunisti\u010dke vladavine pro\u0161irila jedna la\u017e, da je tobo\u017ee 22. lipnja 1941. godine u \u0161umi Brezovica kod Siska osnovan prvi partizanski odred protiv fa\u0161izma, \u0161to nije istina. Ta je la\u017e u\u0161la i u priznate povijesne knjige, pa ona u knjizi povjesni\u010dara Ive Goldsteina \u201eHrvatska 1918.-2008.\u201c na str. 79. glasi: \u201e22. lipnja 1941. u \u0161umi Brezovica osnovan je Sisa\u010dki partizanski odred pod zapovjedni\u0161tvom Vlade Jani\u0107a \u2013 Cape i Marijana Cvetkovi\u0107a sa 77 boraca, a ve\u0107 sutradan je odred minirao prugu Sisak-Sunja kod Blinjskog Kuta\u201c. Od kuda Goldsteinu ova o\u010dita la\u017e? Pa prepisuje ju od onih koji su ju izmislili.<\/p>\n\n\n\n<h5 class=\"wp-block-heading\">Osje\u0107am se pozvanim prije smrti pozvati hrvatsku javnost da kona\u010dno odbaci komunisti\u010dke la\u017ei o tobo\u017enjem sisa\u010dkom partizanskom odredu i da o doga\u0111ajima oko Siska, u mjesecima lipanj-rujan 1941. godine, usvoji istinu.<\/h5>\n\n\n\n<p>Nakon \u0161to preko 20 godina \u017eivimo u neovisnoj Hrvatskoj dr\u017eavi, imamo pravo odbaciti la\u017ei i \u017eivjeti u istini. Du\u017eni smo to u\u010diniti i prema dana\u0161njim i budu\u0107im nara\u0161tajima. Od kuda meni pravo da upravo ja, nepoznato ime u javnosti, upu\u0107ujem ovaj poziv hrvatskoj javnosti?<em><strong> Pa otuda \u0161to sam ja mo\u017eda jo\u0161 jedini \u017eivi svjedok, koji sam imao \u010dast o onda\u0161njim zbivanjima razgovarati upravo s Vladom Jani\u0107em, komu se pripisuje osnivanje partizanskoga odreda.<\/strong><\/em><br>Bilo je to daleke 1955. godine, sastao sam se s Vladom Jani\u0107em u Sisku u ku\u0107i njegove sestre i zeta mu zvanoga Pan\u010da na jednom podu\u017eem razgovoru. Bili smo trojica, Nikola Ze\u010di\u0107. tada student \u0161umarstva, Vlado i ja, a razgovor je uz kavicu ne\u0161to du\u017ee potrajao. Vlado Jani\u0107 nam je tada ispri\u010dao punu istinu o onim danima: travanja \u2013 rujan 1941. godine. Prvih dana travnja 1941. sru\u0161en je no\u0107u u Sisku spomenik kralja Petra Kara\u0111or\u0111evi\u0107a. Za taj su \u010din osumnji\u010deni sisa\u010dki komunisti i tako zvani \u201efrankovci\u201c (kasnije su se prozvali usta\u0161ama), jer su im ciljevi bili podjednaki u odnosu na Kraljevinu Jugoslaviju.<\/p>\n\n\n\n<h5 class=\"wp-block-heading\">Na kratko su se na\u0161li zajedno u zatvoru. Zbog toga a i radi toga \u0161to su Hitler i Staljin potpisali neki svoj sporazum, u vremenu travanj \u2013 lipanj izme\u0111u sisa\u010dkih komunista i usta\u0161a nije bilo nekih ve\u0107ih problema.<\/h5>\n\n\n\n<p>Me\u0111utim, problemi su nastali, i to veoma ozbiljni, kad je Hitler prekr\u0161io sporazum sa Staljinom i 22. lipnja 1941. napao Sovjetski savez. Isti taj dan je Jani\u0107 po\u0161ao u Petrinju i to, kako nam je rekao, partijskim biciklom, da se s tamo\u0161njim komunistima dogovori o povla\u010denju u ilegalnost. Marijan Cvetkovi\u0107 je po istom zadatku po\u0161ao vlakom u Sunju i Kostajnicu.<\/p>\n\n\n\n<p>U ve\u010der istoga dana, i Jani\u0107 i Cvetkovi\u0107, na\u0161li su se u selu \u017dabno kod Siska, kod partijskih drugova Ive Lovrekovi\u0107a i Jose Lasi\u0107a. Uz jo\u0161 po nekoga \u010dlana partije, koji se tu zatekao, odlu\u010deno je da se vi\u0111eniji komunisti povuku u ilegalnost i u prvo vrijeme da to bude \u017dabenska \u0161uma. Ilegalcima treba odmah dopremiti oru\u017eje, koje su komunisti u svoje vrijeme spremili na tavan kapele svetoga Fabijana u selu Vurot. Tu u \u017dabnu su Jani\u0107 i Cvetkovi\u0107 i prespavali. Kao \u0161to se vidi, nema toga, dana 22. lipnja 1941., nikakve Brezovice i nikakvoga odreda.<\/p>\n\n\n\n<h5 class=\"wp-block-heading\">Sljede\u0107ih dana, pri\u010dao nam je Jani\u0107, tra\u017eili su i na\u0161li pogodna skloni\u0161ta za svoje baze u \u017dabenskoj \u0161umi. Jedno su skloni\u0161te nazvali \u201e\u0160ikara\u201c, a drugo, 500 metara dalje, \u201eMali koli\u0107evac\u201c.<\/h5>\n\n\n\n<p>U \u0160ikaru se smjestio Jani\u0107 i Cvetkovi\u0107, a nekoliko dana im se pridru\u017eila i Nada Dimi\u0107. U Koli\u0107evac su se po\u010deli okupljati sljede\u0107ih dana, na \u010delu s Mikom \u0160piljakom, pa ih se za mjesec dana skupilo desetak ustanika.<\/p>\n\n\n\n<p>Me\u0111utim, tu su nakon mjesec dana bili otkriveni, pa ih je 22. srpnja napala hrvatska vojska. Skloni\u0161te \u0160ikara nije otkriveno, ali je otkriven Mali koli\u0107evac, kojom su prilikom dvojica ustanika poginula, a ostali se povukli i Gornju Posavinu. Jani\u0107 nam re\u010de i da im je u \u017dabensku \u0161umu na \u010detiri dana do\u0161ao iz Zagreba Ivan Rukavina, koji je govorio da bi trebalo osnovati neku vojnu postrojbu, me\u0111utim tada nije za tako ne\u0161to jo\u0161 bilo uvjeta.<\/p>\n\n\n\n<p>Odmah drugi dan, nakon vojne akcije na \u017dabensku \u0161umu, Jani\u0107 je poslao Cvetkovi\u0107a na Banovinu da tamo prona\u0111e sigurnije skloni\u0161te, jer ovdje blizu grada nisu sigurni. A Nadu Dimi\u0107 je poslao u Sisak da izvidi tamo\u0161nju situaciju i da vidi za\u0161to su im iz \u017dabna prestali donositi hranu.<\/p>\n\n\n\n<h5 class=\"wp-block-heading\">Nadu su tom prilikom uhitili, ali je ona uspjela pobje\u0107i i to na karlova\u010dko podru\u010dje i nije se vi\u0161e vra\u0107ala Jani\u0107u. Tako je Jani\u0107 nekoliko dana ostao sam samcat u \u017dabenskoj \u0161umi bez hrane, vode i veze sa selom \u017dabno.<\/h5>\n\n\n\n<p>Kona\u010dno je i on napustio \u017dabensku \u0161umu, vratio se u Sisak i mjesec dana, kako nam re\u010de, skrivao se po savskim vrbacima. Koncem kolovoza je saznao da su se neki ustanici po\u010deli okupljati u \u0161umi Brezovici, pa je uspio i on do\u0107i do njih. Sredinom rujna su iz Brezovice uspjeli izvesti i neke diverzije, \u010dime su i tu bili otkriveni. Predusreli su hrvatsku vojsku, koja je oko 20 rujna krenula na Brezovicu, oni su dan ranije u Crncu pre\u0161li Savu i preselili se na Banovinu. Tamo ih je do\u010dekao \u010detni\u010dki vo\u0111a Vasilj Ga\u0107e\u0161a, s kojim je Jani\u0107 prvi dan do\u0161ao u sukob, napustiv\u0161i Banovinu i skupinu ustanika koju je tamo doveo. To mi je u grubo ispri\u010dao Vlado Jani\u0107 \u2013 Capo, komu se pripisuje da je 22. lipnja 1941. u \u0161umi Brezovica osnovao Prvi partizanski odred u Jugoslaviji.<\/p>\n\n\n\n<h5 class=\"wp-block-heading\">Navodim ovdje i literaturu, svakomu dostupnu, koja djelomi\u010dno ili potpuno potvr\u0111uje istinu, koju mi je ispri\u010dao Jani\u0107. Iako je literatura iz komunisti\u010dkog vremena, pa se poku\u0161ava spominjati neki odred, ona je ipak u svojoj osnovi istinita.<\/h5>\n\n\n\n<p>U njoj nema Brezovice ni odreda, koji da je tamo osnovan.<\/p>\n\n\n\n<p>l. Miroslav Matovina i Dragan Bo\u017ei\u0107 \u201ePrvi partizanski odred\u201c, Zagreb 1981. Sisa\u010dki novinari Matovina i Bo\u017ei\u0107 razgovarali su s Vladom Jani\u0107em i drugim sisa\u010dkim prvoborcima pa im je knjiga gotovo u cijelosti istinita. U knjizi se opisuje stanje oko Siska od lipnja do rujna 1941. Dana 22. lipnja 1941. se spominje samo Sisak \u2013 Petrinja \u2013 Sunja \u2013 Kostajnica \u2013 \u017dabno. Zatim mjesec dana \u017dabenska \u0161uma, mjesec dana potpuno zati\u0161je i mjesec dana Brezovica, u koju je Jani\u0107 do\u0161ao tek koncem kolovoza.<\/p>\n\n\n\n<p>2. Muzej Sisak i Turisti\u010dka zajednica Sisak izdali su letak \u201eSisak-Brezovica, spomenik Prvom partizanskom odredu\u201c, Turistkomerc Zagreb 1981. U letku ima istine, ali i neistine ili la\u017ei. Istina je da se sisa\u010dki komunisti u lipnju i srpnju 1941. nisu okupljali u Brezovici nego u \u017dabenskoj \u0161umi. A la\u017e je da su u nekoj \u0161umi \u0160ikara 22. lipnja 1941. osnovali partizanski odred.<\/p>\n\n\n\n<p>3. Dragan Bo\u017ei\u0107, \u201e\u017dabenska \u0161uma\u201c \u010dlanak u \u010dasopisu \u201eForum\u201c 1985. i pretiskan u Bo\u017ei\u0107evoj knizi \u201ePovijest rijetke ptice\u201c, Sisak 2009. str. 5-36. Bo\u017ei\u0107 kao novinar a pomalo i kao knji\u017eevnik, nakon \u0161to je detaljno razgovarao sa sisa\u010dkim prvoborcima, jednako je tako detaljno opisao \u0161to se je doga\u0111alo 22. lipnja 1941. i sljede\u0107ih dana u Sisku, Petrinji, Sunji, Kostajnici, \u017dabnu i \u017dabenskoj \u0161umi. Bitno je da u tom detaljnom opisu na 30 stranica nema nikakve Brezovice niti partizanskoga odreda.<\/p>\n\n\n\n<p>4. Kona\u010dno, uredniku Novog sisa\u010dkog tjednika od 24. lipnja 2010., \u017deljku Maljevcu, dala je veliki intervju na cijeloj stranici Ljubica \u010culig, biv\u0161a partizanka iz sela \u017dabno. Ona za sebe tvrdi da je 1941. godine, kao 19 godi\u0161nja djevojka, bila komunisti\u010dka aktivistkinja i da je usko sura\u0111ivala s vode\u0107im komunistima u \u017dabnu, Ivom Lovrekovi\u0107em i Josom Tu\u0161kancem. Poznato joj je da su 22. lipnja 1941. u \u017dabno do\u0161li Vlado Jani\u0107 i Marijan Cvetkovi\u0107 i da su se sljede\u0107ih mjesec dana, do 22. srpnja, s jo\u0161 nekoliko drugova, skrivali u \u017dabenskoj \u0161umi. Ona je svakodnevno po selu skupljala hranu i druge potrep\u0161tine, koje su no\u0161ene drugovima u \u017dabensku \u0161umu. Iako je bila veoma aktivno uklju\u010dena u tada\u0161nja zbivanja, ona tvrdi da tada, u to vrijeme, nije \u010dula za nikakvo osnivanje partizanskoga odreda.<\/p>\n\n\n\n<p><strong>Kad sve ovo znademo, obvezni smo, du\u017enost nam je, odbaciti do sada nam nametane la\u017ei i usvojiti istinu. Obveza nam je to prema Europi, \u010diji smo \u010dlan, prema RH, u kojoj \u017eivimo ve\u0107 preko 20 godina, ali i prema dana\u0161njim i budu\u0107im nara\u0161tajima, koji imaju pravo \u017eivjeti u istini<\/strong>. Ne postoji nikakav razlog da la\u017ei koje nam je nametala komunisti\u010dka vlast jo\u0161 i dalje podr\u017eavamo u dr\u017eavi koja je osudila zlo\u010dine komunisti\u010dkog poretka.<\/p>\n\n\n\n<h5 class=\"wp-block-heading\">Zlo\u010dine komunisti\u010dkog poretka je osudila i Europa. Deklaracija Europskog parlamenta od 23. kolovoza 2008. je proglasila 23. kolovoza Danom europskog sje\u0107anja na \u017ertve staljinizma i nacizma, \u0161to je potvr\u0111eno i Rezolucijom Europskog parlamenta od 2. travnja 2009. godine.<\/h5>\n\n\n\n<p>Kona\u010dno, Hrvatski je sabor 30. lipnja 2006. godine donio Deklaraciju o osudi zlo\u010dina po\u010dinjenih tijekom totalitarnog komunisti\u010dkog poretka u Hrvatskoj 1945.-1999. (NN,76\/2006.), u kojoj je navedeno da je totalni komunisti\u010dki re\u017eim bio, bez iznimke, ozna\u010den masovnim povredama ljudskih prava.<\/p>\n\n\n\n<p>Na kraju, pozivam sve mjerodavna i kona\u010dno Hrvatski sabor da se iz na\u0161ih kalendara, na\u0161ih glava i na\u0161ih sje\u0107anja bri\u0161e la\u017eni Dan antifa\u0161isti\u010dke borbe 22. lipnja i usvoji istiniti Dan sje\u0107anja na \u017ertve totalitarnih re\u017eima \u2013 nacizma, fa\u0161izma i komunizma 23. kolovoza. To\u010dan naziv praznika i njegov datum neka se odrede prema na\u0161im prilikama.\u201c<\/p>\n\n\n\n<h5 class=\"wp-block-heading\"><em>Lojzo Buturac<\/em><\/h5>\n\n\n\n<p><em>* Lojzo Buturac, povjesni\u010dar, crkveni glazbenik i gra\u0111evinski in\u017eenjer umro je 9. kolovoza 2020. u Sisku u 96. godini \u017eivota.<\/em><\/p>\n\n\n\n<p><em>Buturac je ro\u0111en 4. velja\u010de 1924. u Djedinoj Rijeci, \u017eupa Uza\u0161a\u0161\u0107a Spasiteljeva u Ru\u0161evu, danas Po\u017ee\u0161ka biskupija, kao osmo dijete u roditelja Antuna i Franciske ro\u0111ene Svoboda. Brat je sve\u0107enika i crkvenog povjesni\u010dara Josipa Buturca. Studirao je u Zagrebu gdje je i diplomirao gra\u0111evinarstvo, a nakon studija 1955. godine dolazi u Sisak gdje ostaje do kraja \u017eivota.<\/em><\/p>\n\n\n\n<p><em>Kad su se u 2000. godini osnivala \u017eupna pastoralna vije\u0107a, Buturac je me\u0111u prvima izabran u \u017dPV svoje \u017eupe, ali uskoro i u \u017dupno ekonomsko vije\u0107e. Kroz punih 12 godina (1992.-2004.), kod \u017eupnika Alojzija Petranovi\u0107a, Buturac je u \u017eupnom uredu radio sve uredske poslove, kojom prilikom je i dopunio \u017eupnu spomenicu od 1964. do 2004. godine. Za Buturca se govorilo da ga je Bog obdario trima talentima i da on s tim talentima uspje\u0161no radi u korist crkvenih zajednica, a sve na slavu Bo\u017eju. A talenti su: gra\u0111evinar, crkveni glazbenik i crkveni pisac.<\/em><\/p>\n\n\n\n<h6 class=\"wp-block-heading\"><em>Znanje diplomiranoga gra\u0111evinskog in\u017eenjera stavio je na raspolaganje svim \u017eupama i samostanima u okolici Siska.<\/em><\/h6>\n\n\n\n<p><em>Kao gra\u0111evinar u svoje slobodno vrijeme bio im je na usluzi. Osobito se anga\u017eirao u sisa\u010dkom naselju Galdovo i \u017dupi sv. Josipa Radnika gdje je unutar desetlje\u0107a napravio izvedbene projekte za sve izgra\u0111eno i skoro svaki dan bio je s radnicima na gradili\u0161tu. Drugo poznato mjesto za koje je izradio izvedbene projekte jest sisa\u010dki Zeleni brijeg, tj. dana\u0161nji pastoralni centar Svetog Kvirina, koji je jedno vrijeme slu\u017eio i kao crkva.<\/em><\/p>\n\n\n\n<p><em>Bio je stalni orgulja\u0161 u \u017eupi Pohoda BDM u Sisku gdje je djelovao 35 godina (1961.-1996.), a sve dok mu je to zdravlje dopu\u0161talo svirao je mise u Domu umirovljenika u Sisku te filijalnoj kapeli Sv. Ivana u Topolovcu.<\/em><\/p>\n\n\n\n<p><em>Objavio je 16 knjiga i vi\u0161e stotina \u010dlanka uglavnom povijesnih tematika. \u010clanke je objavio u Glasu Koncila, HK Reviji Maruli\u0107, kalendaru Danici, Kri\u017eu ljubavi, Tkal\u010di\u0107u, Gra\u0111evinaru, lokalnim listovima. Posljednje dvije knjige objavljene su u nakladi Sisa\u010dke biskupije, a govore o stradanju hrvatskog naroda i sve\u0107enstva na podru\u010dju Siska i Sisa\u010dke biskupije tijekom II. svjetskog rata. Bio je neumorni borac za dokazivanjem istine.<\/em><\/p>\n\n\n\n<p><em>Godine 2011. Buturac je iz ruku sisa\u010dkog biskupa Vlade Ko\u0161i\u0107a primio papinsko priznanje \u201eZa Crkvu i Prosve\u0107enika\u201c, najve\u0107e priznanje koje mo\u017ee dobiti vjernik laik.<\/em><\/p>\n\n\n\n<p><em>Izvor: narod.hr<\/em><\/p>\n","protected":false},"excerpt":{"rendered":"<p>Na Dan antifa\u0161isti\u010dke borbe donosimo svjedo\u010danstvo Sis\u010danina Lojze Buturca, intimnog prijatelja Vlade Jani\u0107a Cape, \u010dovjeka kojemu se pripisuje osnivanje Sisa\u010dkog partizanskog odreda. Objavio je 14 knjiga i 523 \u010dlanka. Lojzo Buturac, povjesni\u010dar, crkveni glazbenik i gra\u0111evinski in\u017eenjer umro je 9. kolovoza 2020. u Sisku u 96. godini \u017eivota. Priznanje \u201cZa Crkvu i posve\u0107enika\u201d Sisa\u010dki biskup [&hellip;]<\/p>\n","protected":false},"author":2,"featured_media":152015,"comment_status":"closed","ping_status":"closed","sticky":false,"template":"","format":"standard","meta":{"h5ap_radio_sources":[],"footnotes":""},"categories":[1],"tags":[],"class_list":["post-152014","post","type-post","status-publish","format-standard","has-post-thumbnail","hentry","category-bihiregija"],"yoast_head":"<!-- This site is optimized with the Yoast SEO plugin v27.4 - https:\/\/yoast.com\/product\/yoast-seo-wordpress\/ -->\n<title>Dan antifa\u0161isti\u010dke borbe: \u0160to se dogodilo 22. lipnja 1941. u \u0161umi Brezovica prema svjedo\u010danstvu Lojze Buturca? - RADIO LJUBU\u0160KI<\/title>\n<meta name=\"robots\" content=\"index, follow, max-snippet:-1, max-image-preview:large, max-video-preview:-1\" \/>\n<link rel=\"canonical\" href=\"https:\/\/radioljubuski.ba\/index.php\/2022\/06\/22\/dan-antifasisticke-borbe-sto-se-dogodilo-22-lipnja-1941-u-sumi-brezovica-prema-svjedocanstvu-lojze-buturca-2\/\" \/>\n<meta property=\"og:locale\" content=\"hr_HR\" \/>\n<meta property=\"og:type\" content=\"article\" \/>\n<meta property=\"og:title\" content=\"Dan antifa\u0161isti\u010dke borbe: \u0160to se dogodilo 22. lipnja 1941. u \u0161umi Brezovica prema svjedo\u010danstvu Lojze Buturca? - RADIO LJUBU\u0160KI\" \/>\n<meta property=\"og:description\" content=\"Na Dan antifa\u0161isti\u010dke borbe donosimo svjedo\u010danstvo Sis\u010danina Lojze Buturca, intimnog prijatelja Vlade Jani\u0107a Cape, \u010dovjeka kojemu se pripisuje osnivanje Sisa\u010dkog partizanskog odreda. Objavio je 14 knjiga i 523 \u010dlanka. Lojzo Buturac, povjesni\u010dar, crkveni glazbenik i gra\u0111evinski in\u017eenjer umro je 9. kolovoza 2020. u Sisku u 96. godini \u017eivota. Priznanje \u201cZa Crkvu i posve\u0107enika\u201d Sisa\u010dki biskup [&hellip;]\" \/>\n<meta property=\"og:url\" content=\"https:\/\/radioljubuski.ba\/index.php\/2022\/06\/22\/dan-antifasisticke-borbe-sto-se-dogodilo-22-lipnja-1941-u-sumi-brezovica-prema-svjedocanstvu-lojze-buturca-2\/\" \/>\n<meta property=\"og:site_name\" content=\"RADIO LJUBU\u0160KI\" \/>\n<meta property=\"article:publisher\" content=\"https:\/\/www.facebook.com\/Radiio-Ljubuski-1490835324566332\" \/>\n<meta property=\"article:published_time\" content=\"2022-06-22T09:56:38+00:00\" \/>\n<meta property=\"article:modified_time\" content=\"2022-06-22T09:56:40+00:00\" \/>\n<meta property=\"og:image\" content=\"https:\/\/radioljubuski.ba\/wp-content\/uploads\/2022\/06\/buturac-brezovica-696x464-1.jpg\" \/>\n\t<meta property=\"og:image:width\" content=\"696\" \/>\n\t<meta property=\"og:image:height\" content=\"464\" \/>\n\t<meta property=\"og:image:type\" content=\"image\/jpeg\" \/>\n<meta name=\"author\" content=\"Radio Ljubu\u0161ki\" \/>\n<meta name=\"twitter:card\" content=\"summary_large_image\" \/>\n<meta name=\"twitter:creator\" content=\"@radioljubuski\" \/>\n<meta name=\"twitter:site\" content=\"@radioljubuski\" \/>\n<meta name=\"twitter:label1\" content=\"Napisao\/la\" \/>\n\t<meta name=\"twitter:data1\" content=\"Radio Ljubu\u0161ki\" \/>\n\t<meta name=\"twitter:label2\" content=\"Procijenjeno vrijeme \u010ditanja\" \/>\n\t<meta name=\"twitter:data2\" content=\"9 minuta\" \/>\n<script type=\"application\/ld+json\" class=\"yoast-schema-graph\">{\"@context\":\"https:\\\/\\\/schema.org\",\"@graph\":[{\"@type\":\"Article\",\"@id\":\"https:\\\/\\\/radioljubuski.ba\\\/index.php\\\/2022\\\/06\\\/22\\\/dan-antifasisticke-borbe-sto-se-dogodilo-22-lipnja-1941-u-sumi-brezovica-prema-svjedocanstvu-lojze-buturca-2\\\/#article\",\"isPartOf\":{\"@id\":\"https:\\\/\\\/radioljubuski.ba\\\/index.php\\\/2022\\\/06\\\/22\\\/dan-antifasisticke-borbe-sto-se-dogodilo-22-lipnja-1941-u-sumi-brezovica-prema-svjedocanstvu-lojze-buturca-2\\\/\"},\"author\":{\"name\":\"Radio Ljubu\u0161ki\",\"@id\":\"https:\\\/\\\/radioljubuski.ba\\\/#\\\/schema\\\/person\\\/19fc700381a780f69665d7956c469e3b\"},\"headline\":\"Dan antifa\u0161isti\u010dke borbe: \u0160to se dogodilo 22. lipnja 1941. u \u0161umi Brezovica prema svjedo\u010danstvu Lojze Buturca?\",\"datePublished\":\"2022-06-22T09:56:38+00:00\",\"dateModified\":\"2022-06-22T09:56:40+00:00\",\"mainEntityOfPage\":{\"@id\":\"https:\\\/\\\/radioljubuski.ba\\\/index.php\\\/2022\\\/06\\\/22\\\/dan-antifasisticke-borbe-sto-se-dogodilo-22-lipnja-1941-u-sumi-brezovica-prema-svjedocanstvu-lojze-buturca-2\\\/\"},\"wordCount\":2222,\"publisher\":{\"@id\":\"https:\\\/\\\/radioljubuski.ba\\\/#organization\"},\"image\":{\"@id\":\"https:\\\/\\\/radioljubuski.ba\\\/index.php\\\/2022\\\/06\\\/22\\\/dan-antifasisticke-borbe-sto-se-dogodilo-22-lipnja-1941-u-sumi-brezovica-prema-svjedocanstvu-lojze-buturca-2\\\/#primaryimage\"},\"thumbnailUrl\":\"https:\\\/\\\/radioljubuski.ba\\\/wp-content\\\/uploads\\\/2022\\\/06\\\/buturac-brezovica-696x464-1.jpg\",\"articleSection\":[\"BIH i regija\"],\"inLanguage\":\"hr\"},{\"@type\":\"WebPage\",\"@id\":\"https:\\\/\\\/radioljubuski.ba\\\/index.php\\\/2022\\\/06\\\/22\\\/dan-antifasisticke-borbe-sto-se-dogodilo-22-lipnja-1941-u-sumi-brezovica-prema-svjedocanstvu-lojze-buturca-2\\\/\",\"url\":\"https:\\\/\\\/radioljubuski.ba\\\/index.php\\\/2022\\\/06\\\/22\\\/dan-antifasisticke-borbe-sto-se-dogodilo-22-lipnja-1941-u-sumi-brezovica-prema-svjedocanstvu-lojze-buturca-2\\\/\",\"name\":\"Dan antifa\u0161isti\u010dke borbe: \u0160to se dogodilo 22. lipnja 1941. u \u0161umi Brezovica prema svjedo\u010danstvu Lojze Buturca? - RADIO LJUBU\u0160KI\",\"isPartOf\":{\"@id\":\"https:\\\/\\\/radioljubuski.ba\\\/#website\"},\"primaryImageOfPage\":{\"@id\":\"https:\\\/\\\/radioljubuski.ba\\\/index.php\\\/2022\\\/06\\\/22\\\/dan-antifasisticke-borbe-sto-se-dogodilo-22-lipnja-1941-u-sumi-brezovica-prema-svjedocanstvu-lojze-buturca-2\\\/#primaryimage\"},\"image\":{\"@id\":\"https:\\\/\\\/radioljubuski.ba\\\/index.php\\\/2022\\\/06\\\/22\\\/dan-antifasisticke-borbe-sto-se-dogodilo-22-lipnja-1941-u-sumi-brezovica-prema-svjedocanstvu-lojze-buturca-2\\\/#primaryimage\"},\"thumbnailUrl\":\"https:\\\/\\\/radioljubuski.ba\\\/wp-content\\\/uploads\\\/2022\\\/06\\\/buturac-brezovica-696x464-1.jpg\",\"datePublished\":\"2022-06-22T09:56:38+00:00\",\"dateModified\":\"2022-06-22T09:56:40+00:00\",\"breadcrumb\":{\"@id\":\"https:\\\/\\\/radioljubuski.ba\\\/index.php\\\/2022\\\/06\\\/22\\\/dan-antifasisticke-borbe-sto-se-dogodilo-22-lipnja-1941-u-sumi-brezovica-prema-svjedocanstvu-lojze-buturca-2\\\/#breadcrumb\"},\"inLanguage\":\"hr\",\"potentialAction\":[{\"@type\":\"ReadAction\",\"target\":[\"https:\\\/\\\/radioljubuski.ba\\\/index.php\\\/2022\\\/06\\\/22\\\/dan-antifasisticke-borbe-sto-se-dogodilo-22-lipnja-1941-u-sumi-brezovica-prema-svjedocanstvu-lojze-buturca-2\\\/\"]}]},{\"@type\":\"ImageObject\",\"inLanguage\":\"hr\",\"@id\":\"https:\\\/\\\/radioljubuski.ba\\\/index.php\\\/2022\\\/06\\\/22\\\/dan-antifasisticke-borbe-sto-se-dogodilo-22-lipnja-1941-u-sumi-brezovica-prema-svjedocanstvu-lojze-buturca-2\\\/#primaryimage\",\"url\":\"https:\\\/\\\/radioljubuski.ba\\\/wp-content\\\/uploads\\\/2022\\\/06\\\/buturac-brezovica-696x464-1.jpg\",\"contentUrl\":\"https:\\\/\\\/radioljubuski.ba\\\/wp-content\\\/uploads\\\/2022\\\/06\\\/buturac-brezovica-696x464-1.jpg\",\"width\":696,\"height\":464},{\"@type\":\"BreadcrumbList\",\"@id\":\"https:\\\/\\\/radioljubuski.ba\\\/index.php\\\/2022\\\/06\\\/22\\\/dan-antifasisticke-borbe-sto-se-dogodilo-22-lipnja-1941-u-sumi-brezovica-prema-svjedocanstvu-lojze-buturca-2\\\/#breadcrumb\",\"itemListElement\":[{\"@type\":\"ListItem\",\"position\":1,\"name\":\"Po\u010detna stranica\",\"item\":\"https:\\\/\\\/radioljubuski.ba\\\/\"},{\"@type\":\"ListItem\",\"position\":2,\"name\":\"Dan antifa\u0161isti\u010dke borbe: \u0160to se dogodilo 22. lipnja 1941. u \u0161umi Brezovica prema svjedo\u010danstvu Lojze Buturca?\"}]},{\"@type\":\"WebSite\",\"@id\":\"https:\\\/\\\/radioljubuski.ba\\\/#website\",\"url\":\"https:\\\/\\\/radioljubuski.ba\\\/\",\"name\":\"Radio Ljubu\u0161ki\",\"description\":\"Sun\u010dana frekvencija Hercegovine\",\"publisher\":{\"@id\":\"https:\\\/\\\/radioljubuski.ba\\\/#organization\"},\"potentialAction\":[{\"@type\":\"SearchAction\",\"target\":{\"@type\":\"EntryPoint\",\"urlTemplate\":\"https:\\\/\\\/radioljubuski.ba\\\/?s={search_term_string}\"},\"query-input\":{\"@type\":\"PropertyValueSpecification\",\"valueRequired\":true,\"valueName\":\"search_term_string\"}}],\"inLanguage\":\"hr\"},{\"@type\":\"Organization\",\"@id\":\"https:\\\/\\\/radioljubuski.ba\\\/#organization\",\"name\":\"Radio Ljubu\u0161ki\",\"url\":\"https:\\\/\\\/radioljubuski.ba\\\/\",\"logo\":{\"@type\":\"ImageObject\",\"inLanguage\":\"hr\",\"@id\":\"https:\\\/\\\/radioljubuski.ba\\\/#\\\/schema\\\/logo\\\/image\\\/\",\"url\":\"https:\\\/\\\/radioljubuski.ba\\\/wp-content\\\/uploads\\\/2021\\\/02\\\/cropped-Radio_Ljubuski_logo1.jpg\",\"contentUrl\":\"https:\\\/\\\/radioljubuski.ba\\\/wp-content\\\/uploads\\\/2021\\\/02\\\/cropped-Radio_Ljubuski_logo1.jpg\",\"width\":512,\"height\":512,\"caption\":\"Radio Ljubu\u0161ki\"},\"image\":{\"@id\":\"https:\\\/\\\/radioljubuski.ba\\\/#\\\/schema\\\/logo\\\/image\\\/\"},\"sameAs\":[\"https:\\\/\\\/www.facebook.com\\\/Radiio-Ljubuski-1490835324566332\",\"https:\\\/\\\/x.com\\\/radioljubuski\",\"https:\\\/\\\/hr.linkedin.com\\\/company\\\/radio-ljubuski\",\"https:\\\/\\\/www.youtube.com\\\/channel\\\/UCHYaeO_n0Db3tjNGudGpXyw\"]},{\"@type\":\"Person\",\"@id\":\"https:\\\/\\\/radioljubuski.ba\\\/#\\\/schema\\\/person\\\/19fc700381a780f69665d7956c469e3b\",\"name\":\"Radio Ljubu\u0161ki\"}]}<\/script>\n<!-- \/ Yoast SEO plugin. -->","yoast_head_json":{"title":"Dan antifa\u0161isti\u010dke borbe: \u0160to se dogodilo 22. lipnja 1941. u \u0161umi Brezovica prema svjedo\u010danstvu Lojze Buturca? - RADIO LJUBU\u0160KI","robots":{"index":"index","follow":"follow","max-snippet":"max-snippet:-1","max-image-preview":"max-image-preview:large","max-video-preview":"max-video-preview:-1"},"canonical":"https:\/\/radioljubuski.ba\/index.php\/2022\/06\/22\/dan-antifasisticke-borbe-sto-se-dogodilo-22-lipnja-1941-u-sumi-brezovica-prema-svjedocanstvu-lojze-buturca-2\/","og_locale":"hr_HR","og_type":"article","og_title":"Dan antifa\u0161isti\u010dke borbe: \u0160to se dogodilo 22. lipnja 1941. u \u0161umi Brezovica prema svjedo\u010danstvu Lojze Buturca? - RADIO LJUBU\u0160KI","og_description":"Na Dan antifa\u0161isti\u010dke borbe donosimo svjedo\u010danstvo Sis\u010danina Lojze Buturca, intimnog prijatelja Vlade Jani\u0107a Cape, \u010dovjeka kojemu se pripisuje osnivanje Sisa\u010dkog partizanskog odreda. Objavio je 14 knjiga i 523 \u010dlanka. Lojzo Buturac, povjesni\u010dar, crkveni glazbenik i gra\u0111evinski in\u017eenjer umro je 9. kolovoza 2020. u Sisku u 96. godini \u017eivota. Priznanje \u201cZa Crkvu i posve\u0107enika\u201d Sisa\u010dki biskup [&hellip;]","og_url":"https:\/\/radioljubuski.ba\/index.php\/2022\/06\/22\/dan-antifasisticke-borbe-sto-se-dogodilo-22-lipnja-1941-u-sumi-brezovica-prema-svjedocanstvu-lojze-buturca-2\/","og_site_name":"RADIO LJUBU\u0160KI","article_publisher":"https:\/\/www.facebook.com\/Radiio-Ljubuski-1490835324566332","article_published_time":"2022-06-22T09:56:38+00:00","article_modified_time":"2022-06-22T09:56:40+00:00","og_image":[{"width":696,"height":464,"url":"https:\/\/radioljubuski.ba\/wp-content\/uploads\/2022\/06\/buturac-brezovica-696x464-1.jpg","type":"image\/jpeg"}],"author":"Radio Ljubu\u0161ki","twitter_card":"summary_large_image","twitter_creator":"@radioljubuski","twitter_site":"@radioljubuski","twitter_misc":{"Napisao\/la":"Radio Ljubu\u0161ki","Procijenjeno vrijeme \u010ditanja":"9 minuta"},"schema":{"@context":"https:\/\/schema.org","@graph":[{"@type":"Article","@id":"https:\/\/radioljubuski.ba\/index.php\/2022\/06\/22\/dan-antifasisticke-borbe-sto-se-dogodilo-22-lipnja-1941-u-sumi-brezovica-prema-svjedocanstvu-lojze-buturca-2\/#article","isPartOf":{"@id":"https:\/\/radioljubuski.ba\/index.php\/2022\/06\/22\/dan-antifasisticke-borbe-sto-se-dogodilo-22-lipnja-1941-u-sumi-brezovica-prema-svjedocanstvu-lojze-buturca-2\/"},"author":{"name":"Radio Ljubu\u0161ki","@id":"https:\/\/radioljubuski.ba\/#\/schema\/person\/19fc700381a780f69665d7956c469e3b"},"headline":"Dan antifa\u0161isti\u010dke borbe: \u0160to se dogodilo 22. lipnja 1941. u \u0161umi Brezovica prema svjedo\u010danstvu Lojze Buturca?","datePublished":"2022-06-22T09:56:38+00:00","dateModified":"2022-06-22T09:56:40+00:00","mainEntityOfPage":{"@id":"https:\/\/radioljubuski.ba\/index.php\/2022\/06\/22\/dan-antifasisticke-borbe-sto-se-dogodilo-22-lipnja-1941-u-sumi-brezovica-prema-svjedocanstvu-lojze-buturca-2\/"},"wordCount":2222,"publisher":{"@id":"https:\/\/radioljubuski.ba\/#organization"},"image":{"@id":"https:\/\/radioljubuski.ba\/index.php\/2022\/06\/22\/dan-antifasisticke-borbe-sto-se-dogodilo-22-lipnja-1941-u-sumi-brezovica-prema-svjedocanstvu-lojze-buturca-2\/#primaryimage"},"thumbnailUrl":"https:\/\/radioljubuski.ba\/wp-content\/uploads\/2022\/06\/buturac-brezovica-696x464-1.jpg","articleSection":["BIH i regija"],"inLanguage":"hr"},{"@type":"WebPage","@id":"https:\/\/radioljubuski.ba\/index.php\/2022\/06\/22\/dan-antifasisticke-borbe-sto-se-dogodilo-22-lipnja-1941-u-sumi-brezovica-prema-svjedocanstvu-lojze-buturca-2\/","url":"https:\/\/radioljubuski.ba\/index.php\/2022\/06\/22\/dan-antifasisticke-borbe-sto-se-dogodilo-22-lipnja-1941-u-sumi-brezovica-prema-svjedocanstvu-lojze-buturca-2\/","name":"Dan antifa\u0161isti\u010dke borbe: \u0160to se dogodilo 22. lipnja 1941. u \u0161umi Brezovica prema svjedo\u010danstvu Lojze Buturca? - RADIO LJUBU\u0160KI","isPartOf":{"@id":"https:\/\/radioljubuski.ba\/#website"},"primaryImageOfPage":{"@id":"https:\/\/radioljubuski.ba\/index.php\/2022\/06\/22\/dan-antifasisticke-borbe-sto-se-dogodilo-22-lipnja-1941-u-sumi-brezovica-prema-svjedocanstvu-lojze-buturca-2\/#primaryimage"},"image":{"@id":"https:\/\/radioljubuski.ba\/index.php\/2022\/06\/22\/dan-antifasisticke-borbe-sto-se-dogodilo-22-lipnja-1941-u-sumi-brezovica-prema-svjedocanstvu-lojze-buturca-2\/#primaryimage"},"thumbnailUrl":"https:\/\/radioljubuski.ba\/wp-content\/uploads\/2022\/06\/buturac-brezovica-696x464-1.jpg","datePublished":"2022-06-22T09:56:38+00:00","dateModified":"2022-06-22T09:56:40+00:00","breadcrumb":{"@id":"https:\/\/radioljubuski.ba\/index.php\/2022\/06\/22\/dan-antifasisticke-borbe-sto-se-dogodilo-22-lipnja-1941-u-sumi-brezovica-prema-svjedocanstvu-lojze-buturca-2\/#breadcrumb"},"inLanguage":"hr","potentialAction":[{"@type":"ReadAction","target":["https:\/\/radioljubuski.ba\/index.php\/2022\/06\/22\/dan-antifasisticke-borbe-sto-se-dogodilo-22-lipnja-1941-u-sumi-brezovica-prema-svjedocanstvu-lojze-buturca-2\/"]}]},{"@type":"ImageObject","inLanguage":"hr","@id":"https:\/\/radioljubuski.ba\/index.php\/2022\/06\/22\/dan-antifasisticke-borbe-sto-se-dogodilo-22-lipnja-1941-u-sumi-brezovica-prema-svjedocanstvu-lojze-buturca-2\/#primaryimage","url":"https:\/\/radioljubuski.ba\/wp-content\/uploads\/2022\/06\/buturac-brezovica-696x464-1.jpg","contentUrl":"https:\/\/radioljubuski.ba\/wp-content\/uploads\/2022\/06\/buturac-brezovica-696x464-1.jpg","width":696,"height":464},{"@type":"BreadcrumbList","@id":"https:\/\/radioljubuski.ba\/index.php\/2022\/06\/22\/dan-antifasisticke-borbe-sto-se-dogodilo-22-lipnja-1941-u-sumi-brezovica-prema-svjedocanstvu-lojze-buturca-2\/#breadcrumb","itemListElement":[{"@type":"ListItem","position":1,"name":"Po\u010detna stranica","item":"https:\/\/radioljubuski.ba\/"},{"@type":"ListItem","position":2,"name":"Dan antifa\u0161isti\u010dke borbe: \u0160to se dogodilo 22. lipnja 1941. u \u0161umi Brezovica prema svjedo\u010danstvu Lojze Buturca?"}]},{"@type":"WebSite","@id":"https:\/\/radioljubuski.ba\/#website","url":"https:\/\/radioljubuski.ba\/","name":"Radio Ljubu\u0161ki","description":"Sun\u010dana frekvencija Hercegovine","publisher":{"@id":"https:\/\/radioljubuski.ba\/#organization"},"potentialAction":[{"@type":"SearchAction","target":{"@type":"EntryPoint","urlTemplate":"https:\/\/radioljubuski.ba\/?s={search_term_string}"},"query-input":{"@type":"PropertyValueSpecification","valueRequired":true,"valueName":"search_term_string"}}],"inLanguage":"hr"},{"@type":"Organization","@id":"https:\/\/radioljubuski.ba\/#organization","name":"Radio Ljubu\u0161ki","url":"https:\/\/radioljubuski.ba\/","logo":{"@type":"ImageObject","inLanguage":"hr","@id":"https:\/\/radioljubuski.ba\/#\/schema\/logo\/image\/","url":"https:\/\/radioljubuski.ba\/wp-content\/uploads\/2021\/02\/cropped-Radio_Ljubuski_logo1.jpg","contentUrl":"https:\/\/radioljubuski.ba\/wp-content\/uploads\/2021\/02\/cropped-Radio_Ljubuski_logo1.jpg","width":512,"height":512,"caption":"Radio Ljubu\u0161ki"},"image":{"@id":"https:\/\/radioljubuski.ba\/#\/schema\/logo\/image\/"},"sameAs":["https:\/\/www.facebook.com\/Radiio-Ljubuski-1490835324566332","https:\/\/x.com\/radioljubuski","https:\/\/hr.linkedin.com\/company\/radio-ljubuski","https:\/\/www.youtube.com\/channel\/UCHYaeO_n0Db3tjNGudGpXyw"]},{"@type":"Person","@id":"https:\/\/radioljubuski.ba\/#\/schema\/person\/19fc700381a780f69665d7956c469e3b","name":"Radio Ljubu\u0161ki"}]}},"_links":{"self":[{"href":"https:\/\/radioljubuski.ba\/index.php\/wp-json\/wp\/v2\/posts\/152014","targetHints":{"allow":["GET"]}}],"collection":[{"href":"https:\/\/radioljubuski.ba\/index.php\/wp-json\/wp\/v2\/posts"}],"about":[{"href":"https:\/\/radioljubuski.ba\/index.php\/wp-json\/wp\/v2\/types\/post"}],"author":[{"embeddable":true,"href":"https:\/\/radioljubuski.ba\/index.php\/wp-json\/wp\/v2\/users\/2"}],"replies":[{"embeddable":true,"href":"https:\/\/radioljubuski.ba\/index.php\/wp-json\/wp\/v2\/comments?post=152014"}],"version-history":[{"count":1,"href":"https:\/\/radioljubuski.ba\/index.php\/wp-json\/wp\/v2\/posts\/152014\/revisions"}],"predecessor-version":[{"id":152016,"href":"https:\/\/radioljubuski.ba\/index.php\/wp-json\/wp\/v2\/posts\/152014\/revisions\/152016"}],"wp:featuredmedia":[{"embeddable":true,"href":"https:\/\/radioljubuski.ba\/index.php\/wp-json\/wp\/v2\/media\/152015"}],"wp:attachment":[{"href":"https:\/\/radioljubuski.ba\/index.php\/wp-json\/wp\/v2\/media?parent=152014"}],"wp:term":[{"taxonomy":"category","embeddable":true,"href":"https:\/\/radioljubuski.ba\/index.php\/wp-json\/wp\/v2\/categories?post=152014"},{"taxonomy":"post_tag","embeddable":true,"href":"https:\/\/radioljubuski.ba\/index.php\/wp-json\/wp\/v2\/tags?post=152014"}],"curies":[{"name":"wp","href":"https:\/\/api.w.org\/{rel}","templated":true}]}}