{"id":152017,"date":"2022-06-22T10:58:44","date_gmt":"2022-06-22T09:58:44","guid":{"rendered":"https:\/\/radioljubuski.ba\/?p=152017"},"modified":"2022-06-22T10:58:46","modified_gmt":"2022-06-22T09:58:46","slug":"kci-milijardera-billa-gatesa-podrzala-proabortivni-lobi-i-pozvala-na-doniranje-planned-parenthooda","status":"publish","type":"post","link":"https:\/\/radioljubuski.ba\/index.php\/2022\/06\/22\/kci-milijardera-billa-gatesa-podrzala-proabortivni-lobi-i-pozvala-na-doniranje-planned-parenthooda\/","title":{"rendered":"K\u0107i milijardera Billa Gatesa podr\u017eala proabortivni lobi i pozvala na doniranje Planned Parenthooda"},"content":{"rendered":"\n<p>Mla\u0111a k\u0107er ameri\u010dkog milijardera Billa Gatesa, dvadesetogodi\u0161nja<strong> Phoebe Adele Gates<\/strong>, na svom je Instagram profilu jasno dala do znanja na \u010dijoj je strani kada je u pitanju aktualno goru\u0107e pitanje u SAD-u. Naime, dok se \u010deka odluka Vrhovnog suda oko odluke Roe protiv Wadea, k\u0107er Billa Gatesa podr\u017eala je pro abortivni lobi i klinike Planned Parenthooda.<\/p>\n\n\n\n<p>\u2018Svaka osoba treba imati pravo na pristup seksualnom i reproduktivnoj zdravstvenoj za\u0161titi. Ba\u0161 sada, Vrhovni se sud priprema se okon\u010dati ustavno pravo na poba\u010daj. Pridru\u017ei se meni i milijunima \u017eena u na\u0161oj borbi za temeljno ljudsko pravo\u2019, napisala je mla\u0111a k\u0107er Billa Gatesa.<\/p>\n\n\n\n<p>Uz tekst je podijelila svoju fotografiju u kupa\u0107em kostimu uz nezaobilaznu mantru pobornika poba\u010daja: Moje tijelo, moj izbor.<\/p>\n\n\n\n<blockquote class=\"instagram-media\" data-instgrm-captioned data-instgrm-permalink=\"https:\/\/www.instagram.com\/p\/Ce35fBEJUAH\/?utm_source=ig_embed&amp;utm_campaign=loading\" data-instgrm-version=\"14\" style=\" background:#FFF; border:0; border-radius:3px; box-shadow:0 0 1px 0 rgba(0,0,0,0.5),0 1px 10px 0 rgba(0,0,0,0.15); margin: 1px; max-width:540px; min-width:326px; padding:0; width:99.375%; width:-webkit-calc(100% - 2px); width:calc(100% - 2px);\"><div style=\"padding:16px;\"> <a href=\"https:\/\/www.instagram.com\/p\/Ce35fBEJUAH\/?utm_source=ig_embed&amp;utm_campaign=loading\" style=\" background:#FFFFFF; line-height:0; padding:0 0; text-align:center; text-decoration:none; width:100%;\" target=\"_blank\" rel=\"noopener\"> <div style=\" display: flex; flex-direction: row; align-items: center;\"> <div style=\"background-color: #F4F4F4; border-radius: 50%; flex-grow: 0; height: 40px; margin-right: 14px; width: 40px;\"><\/div> <div style=\"display: flex; flex-direction: column; flex-grow: 1; justify-content: center;\"> <div style=\" background-color: #F4F4F4; border-radius: 4px; flex-grow: 0; height: 14px; margin-bottom: 6px; width: 100px;\"><\/div> <div style=\" background-color: #F4F4F4; border-radius: 4px; flex-grow: 0; height: 14px; width: 60px;\"><\/div><\/div><\/div><div style=\"padding: 19% 0;\"><\/div> <div style=\"display:block; height:50px; margin:0 auto 12px; width:50px;\"><svg width=\"50px\" height=\"50px\" viewBox=\"0 0 60 60\" version=\"1.1\" xmlns=\"https:\/\/www.w3.org\/2000\/svg\" xmlns:xlink=\"https:\/\/www.w3.org\/1999\/xlink\"><g stroke=\"none\" stroke-width=\"1\" fill=\"none\" fill-rule=\"evenodd\"><g transform=\"translate(-511.000000, -20.000000)\" fill=\"#000000\"><g><path d=\"M556.869,30.41 C554.814,30.41 553.148,32.076 553.148,34.131 C553.148,36.186 554.814,37.852 556.869,37.852 C558.924,37.852 560.59,36.186 560.59,34.131 C560.59,32.076 558.924,30.41 556.869,30.41 M541,60.657 C535.114,60.657 530.342,55.887 530.342,50 C530.342,44.114 535.114,39.342 541,39.342 C546.887,39.342 551.658,44.114 551.658,50 C551.658,55.887 546.887,60.657 541,60.657 M541,33.886 C532.1,33.886 524.886,41.1 524.886,50 C524.886,58.899 532.1,66.113 541,66.113 C549.9,66.113 557.115,58.899 557.115,50 C557.115,41.1 549.9,33.886 541,33.886 M565.378,62.101 C565.244,65.022 564.756,66.606 564.346,67.663 C563.803,69.06 563.154,70.057 562.106,71.106 C561.058,72.155 560.06,72.803 558.662,73.347 C557.607,73.757 556.021,74.244 553.102,74.378 C549.944,74.521 548.997,74.552 541,74.552 C533.003,74.552 532.056,74.521 528.898,74.378 C525.979,74.244 524.393,73.757 523.338,73.347 C521.94,72.803 520.942,72.155 519.894,71.106 C518.846,70.057 518.197,69.06 517.654,67.663 C517.244,66.606 516.755,65.022 516.623,62.101 C516.479,58.943 516.448,57.996 516.448,50 C516.448,42.003 516.479,41.056 516.623,37.899 C516.755,34.978 517.244,33.391 517.654,32.338 C518.197,30.938 518.846,29.942 519.894,28.894 C520.942,27.846 521.94,27.196 523.338,26.654 C524.393,26.244 525.979,25.756 528.898,25.623 C532.057,25.479 533.004,25.448 541,25.448 C548.997,25.448 549.943,25.479 553.102,25.623 C556.021,25.756 557.607,26.244 558.662,26.654 C560.06,27.196 561.058,27.846 562.106,28.894 C563.154,29.942 563.803,30.938 564.346,32.338 C564.756,33.391 565.244,34.978 565.378,37.899 C565.522,41.056 565.552,42.003 565.552,50 C565.552,57.996 565.522,58.943 565.378,62.101 M570.82,37.631 C570.674,34.438 570.167,32.258 569.425,30.349 C568.659,28.377 567.633,26.702 565.965,25.035 C564.297,23.368 562.623,22.342 560.652,21.575 C558.743,20.834 556.562,20.326 553.369,20.18 C550.169,20.033 549.148,20 541,20 C532.853,20 531.831,20.033 528.631,20.18 C525.438,20.326 523.257,20.834 521.349,21.575 C519.376,22.342 517.703,23.368 516.035,25.035 C514.368,26.702 513.342,28.377 512.574,30.349 C511.834,32.258 511.326,34.438 511.181,37.631 C511.035,40.831 511,41.851 511,50 C511,58.147 511.035,59.17 511.181,62.369 C511.326,65.562 511.834,67.743 512.574,69.651 C513.342,71.625 514.368,73.296 516.035,74.965 C517.703,76.634 519.376,77.658 521.349,78.425 C523.257,79.167 525.438,79.673 528.631,79.82 C531.831,79.965 532.853,80.001 541,80.001 C549.148,80.001 550.169,79.965 553.369,79.82 C556.562,79.673 558.743,79.167 560.652,78.425 C562.623,77.658 564.297,76.634 565.965,74.965 C567.633,73.296 568.659,71.625 569.425,69.651 C570.167,67.743 570.674,65.562 570.82,62.369 C570.966,59.17 571,58.147 571,50 C571,41.851 570.966,40.831 570.82,37.631\"><\/path><\/g><\/g><\/g><\/svg><\/div><div style=\"padding-top: 8px;\"> <div style=\" color:#3897f0; font-family:Arial,sans-serif; font-size:14px; font-style:normal; font-weight:550; line-height:18px;\">Pogledajte ovu objavu na Instagramu.<\/div><\/div><div style=\"padding: 12.5% 0;\"><\/div> <div style=\"display: flex; flex-direction: row; margin-bottom: 14px; align-items: center;\"><div> <div style=\"background-color: #F4F4F4; border-radius: 50%; height: 12.5px; width: 12.5px; transform: translateX(0px) translateY(7px);\"><\/div> <div style=\"background-color: #F4F4F4; height: 12.5px; transform: rotate(-45deg) translateX(3px) translateY(1px); width: 12.5px; flex-grow: 0; margin-right: 14px; margin-left: 2px;\"><\/div> <div style=\"background-color: #F4F4F4; border-radius: 50%; height: 12.5px; width: 12.5px; transform: translateX(9px) translateY(-18px);\"><\/div><\/div><div style=\"margin-left: 8px;\"> <div style=\" background-color: #F4F4F4; border-radius: 50%; flex-grow: 0; height: 20px; width: 20px;\"><\/div> <div style=\" width: 0; height: 0; border-top: 2px solid transparent; border-left: 6px solid #f4f4f4; border-bottom: 2px solid transparent; transform: translateX(16px) translateY(-4px) rotate(30deg)\"><\/div><\/div><div style=\"margin-left: auto;\"> <div style=\" width: 0px; border-top: 8px solid #F4F4F4; border-right: 8px solid transparent; transform: translateY(16px);\"><\/div> <div style=\" background-color: #F4F4F4; flex-grow: 0; height: 12px; width: 16px; transform: translateY(-4px);\"><\/div> <div style=\" width: 0; height: 0; border-top: 8px solid #F4F4F4; border-left: 8px solid transparent; transform: translateY(-4px) translateX(8px);\"><\/div><\/div><\/div> <div style=\"display: flex; flex-direction: column; flex-grow: 1; justify-content: center; margin-bottom: 24px;\"> <div style=\" background-color: #F4F4F4; border-radius: 4px; flex-grow: 0; height: 14px; margin-bottom: 6px; width: 224px;\"><\/div> <div style=\" background-color: #F4F4F4; border-radius: 4px; flex-grow: 0; height: 14px; width: 144px;\"><\/div><\/div><\/a><p style=\" color:#c9c8cd; font-family:Arial,sans-serif; font-size:14px; line-height:17px; margin-bottom:0; margin-top:8px; overflow:hidden; padding:8px 0 7px; text-align:center; text-overflow:ellipsis; white-space:nowrap;\"><a href=\"https:\/\/www.instagram.com\/p\/Ce35fBEJUAH\/?utm_source=ig_embed&amp;utm_campaign=loading\" style=\" color:#c9c8cd; font-family:Arial,sans-serif; font-size:14px; font-style:normal; font-weight:normal; line-height:17px; text-decoration:none;\" target=\"_blank\" rel=\"noopener\">Objavu dijeli Phoebe Gates (@pheebeegates)<\/a><\/p><\/div><\/blockquote> <script async src=\"\/\/www.instagram.com\/embed.js\"><\/script>\n\n\n\n<p>Uz to je podijelila grafiku koja sugerira da bi 26 ameri\u010dkih saveznih dr\u017eava moglo zabraniti poba\u010daje ako Vrhovni sud ospori presudu Roe protiv Wadea kojom je prije 50 godina u Ustavu SAD-a utvr\u0111ena nemogu\u0107nost da savezne dr\u017eave same donose zakone o poba\u010daju.<\/p>\n\n\n\n<p>Pozvala je na doniranje lanca klinika<strong> Planned Parenthood<\/strong>, svojevrsnim tvornicama poba\u010daja koje \u017eenama name\u0107u pogre\u0161nu sliku o prekidu \u017eivota nero\u0111enog djeteta i onemogu\u0107avaju im pristup informacijama koje ne govore u korist njihovog dobro razgranatog biznisa. Uz to, ova je organizacija ulovljena je kako trguje dijelovima tijela ubijene, nero\u0111ene djece.<\/p>\n\n\n\n<p>Njezin otac Bill Gates, kojem mainstream mediji tepaju da je filantrop, jedan je od najja\u010dih financijera i promotora pandemijske politike i cijepljenja, kao i Svjetske zdravstvene organizacije.<\/p>\n\n\n\n<p>Gates je godinama prije pojave covida-19 najavljivao scenarij kojem je svijet svjedo\u010dio od po\u010detka 2020. Gates sada najavljuje kako moramo biti spremni za nove, jo\u0161 gore pandemije.<\/p>\n\n\n\n<p>Gates je priznao i kako se dru\u017eio sa seksualnim prijestupnikom i pedofilom <strong>Jeffreyjem Epsteinom.<\/strong><\/p>\n\n\n\n<h3 class=\"wp-block-heading\"><strong>Napad na pro-life centre i crkve<\/strong><\/h3>\n\n\n\n<p>Vi\u0161e od 20 centara za pomo\u0107 trudnicama i nero\u0111enoj djeci te ureda pro-life skupina u SAD-u, napadnuto je otkako je po\u010detkom svibnja procurio nacrt mi\u0161ljenja ameri\u010dkog Vrhovnog suda kojim se poni\u0161tava&nbsp;<strong>Roe protiv Wadea<\/strong>.<\/p>\n\n\n\n<p>Doma\u0107i teroristi koji se zala\u017eu za pravo na poba\u010daj, preuzeli su odgovornost za napad \u2013 i obe\u0107avaju jo\u0161 napada u \u201eljetu bijesa\u201c, upozorava<a href=\"https:\/\/catholicvote.org\/pregnancy-center-attack-tracker\">&nbsp;CatholicVote<\/a>.<\/p>\n\n\n\n<p>Ameri\u010dki centri za pomo\u0107 trudnicama i nero\u0111enoj djeci, koji pru\u017eaju besplatnu medicinsku i financijsku potporu trudnicama i novope\u010denim majkama, sprejom su i\u0161arani anarhisti\u010dkim porukama i simbolima kojima se podr\u017eava poba\u010daj. Nekoliko ih je zapaljeno.&nbsp;Uredi drugih pro-life skupina koje se zala\u017eu za pravo na \u017eivot, tako\u0111er su vandalizirani.<\/p>\n\n\n\n<h3 class=\"wp-block-heading\"><strong>Dvije doma\u0107e teroristi\u010dke skupine<\/strong><\/h3>\n\n\n\n<p>\u010cini se da su napadi organizirani pod okriljem dviju doma\u0107ih teroristi\u010dkih skupina \u2014&nbsp;<strong>Jane\u2019s Revenge i Ruth Sent Us<\/strong>&nbsp;\u2014 koje su nastale nakon \u0161to je 2. svibnja 2022. objavljeno mi\u0161ljenje ameri\u010dkog Vrhovnog suda. Mnogi napadi ostavljaju sli\u010dne poruke, uklju\u010duju\u0107i \u201eAko abortusi nisu sigurni, niste ni vi\u201d.<\/p>\n\n\n\n<p>Nakon napada u Madisonu, glavnom gradu savezne ameri\u010dke dr\u017eave Wisconsin, teroristi\u010dka skupina Jane\u2019s Revenge preuzela je zasluge i&nbsp;rekla&nbsp;da su u \u201eratu\u201c sa skupinama koje se zala\u017eu za pravo na \u017eivot.<\/p>\n\n\n\n<p>Zatra\u017eili su \u201eraspu\u0161tanje svih anti-choice ustanova\u201c i poru\u010dili da je prvi napad \u201esamo upozorenje\u201c.<\/p>\n\n\n\n<p>Od tada su u nekoliko napada ostavljene poruke \u201eJane je bila ovdje\u201d ili \u201eOsveta\u201d.&nbsp;Skupina planira \u201eNo\u0107 bijesa\u201c za ve\u010der nakon objave kona\u010dne odluke Vrhovnog suda.&nbsp;Identitet voditelja skupine te izvori njezina financiranja nisu poznati.<\/p>\n\n\n\n<p>Skupina&nbsp;<strong>Ruth Sent Us<\/strong> organizirala je ilegalne prosvjede ispred domova sudaca Vrhovnog suda, a tako\u0111er je pozvala svoje ekstremisti\u010dke prista\u0161e da juri\u0161aju na katoli\u010dke crkve tijekom mise.<\/p>\n\n\n\n<h3 class=\"wp-block-heading\"><strong>\u201eSpalit \u0107emo euharistiju\u201d<\/strong><\/h3>\n\n\n\n<p>\u010cak su&nbsp;upozorili&nbsp;na Twitteru: \u201eSpalit \u0107emo euharistiju da poka\u017eemo svoje ga\u0111enje zbog zlostavljanja koje su katoli\u010dke crkve opra\u0161tale stolje\u0107ima.\u201d<\/p>\n\n\n\n<p>Ruth Sent Us je tajnovita skupina, iako je&nbsp;\u201eInfluence Watch\u201c skupinu&nbsp;povezao s dvojicom demokratskih aktivista po imenu&nbsp;<strong>Vara Ramakrishnan i Sam Spiegel.<\/strong><\/p>\n\n\n\n<p><em>Izvor: narod.hr<\/em><\/p>\n","protected":false},"excerpt":{"rendered":"<p>Mla\u0111a k\u0107er ameri\u010dkog milijardera Billa Gatesa, dvadesetogodi\u0161nja Phoebe Adele Gates, na svom je Instagram profilu jasno dala do znanja na \u010dijoj je strani kada je u pitanju aktualno goru\u0107e pitanje u SAD-u. Naime, dok se \u010deka odluka Vrhovnog suda oko odluke Roe protiv Wadea, k\u0107er Billa Gatesa podr\u017eala je pro abortivni lobi i klinike Planned [&hellip;]<\/p>\n","protected":false},"author":2,"featured_media":152019,"comment_status":"closed","ping_status":"closed","sticky":false,"template":"","format":"standard","meta":{"h5ap_radio_sources":[],"footnotes":""},"categories":[1],"tags":[],"class_list":["post-152017","post","type-post","status-publish","format-standard","has-post-thumbnail","hentry","category-bihiregija"],"yoast_head":"<!-- This site is optimized with the Yoast SEO plugin v27.4 - https:\/\/yoast.com\/product\/yoast-seo-wordpress\/ -->\n<title>K\u0107i milijardera Billa Gatesa podr\u017eala proabortivni lobi i pozvala na doniranje Planned Parenthooda - RADIO LJUBU\u0160KI<\/title>\n<meta name=\"robots\" content=\"index, follow, max-snippet:-1, max-image-preview:large, max-video-preview:-1\" \/>\n<link rel=\"canonical\" href=\"https:\/\/radioljubuski.ba\/index.php\/2022\/06\/22\/kci-milijardera-billa-gatesa-podrzala-proabortivni-lobi-i-pozvala-na-doniranje-planned-parenthooda\/\" \/>\n<meta property=\"og:locale\" content=\"hr_HR\" \/>\n<meta property=\"og:type\" content=\"article\" \/>\n<meta property=\"og:title\" content=\"K\u0107i milijardera Billa Gatesa podr\u017eala proabortivni lobi i pozvala na doniranje Planned Parenthooda - RADIO LJUBU\u0160KI\" \/>\n<meta property=\"og:description\" content=\"Mla\u0111a k\u0107er ameri\u010dkog milijardera Billa Gatesa, dvadesetogodi\u0161nja Phoebe Adele Gates, na svom je Instagram profilu jasno dala do znanja na \u010dijoj je strani kada je u pitanju aktualno goru\u0107e pitanje u SAD-u. Naime, dok se \u010deka odluka Vrhovnog suda oko odluke Roe protiv Wadea, k\u0107er Billa Gatesa podr\u017eala je pro abortivni lobi i klinike Planned [&hellip;]\" \/>\n<meta property=\"og:url\" content=\"https:\/\/radioljubuski.ba\/index.php\/2022\/06\/22\/kci-milijardera-billa-gatesa-podrzala-proabortivni-lobi-i-pozvala-na-doniranje-planned-parenthooda\/\" \/>\n<meta property=\"og:site_name\" content=\"RADIO LJUBU\u0160KI\" \/>\n<meta property=\"article:publisher\" content=\"https:\/\/www.facebook.com\/Radiio-Ljubuski-1490835324566332\" \/>\n<meta property=\"article:published_time\" content=\"2022-06-22T09:58:44+00:00\" \/>\n<meta property=\"article:modified_time\" content=\"2022-06-22T09:58:46+00:00\" \/>\n<meta property=\"og:image\" content=\"https:\/\/radioljubuski.ba\/wp-content\/uploads\/2022\/06\/Untitled-collage-22-1-696x522-1.jpg\" \/>\n\t<meta property=\"og:image:width\" content=\"696\" \/>\n\t<meta property=\"og:image:height\" content=\"522\" \/>\n\t<meta property=\"og:image:type\" content=\"image\/jpeg\" \/>\n<meta name=\"author\" content=\"Radio Ljubu\u0161ki\" \/>\n<meta name=\"twitter:card\" content=\"summary_large_image\" \/>\n<meta name=\"twitter:creator\" content=\"@radioljubuski\" \/>\n<meta name=\"twitter:site\" content=\"@radioljubuski\" \/>\n<meta name=\"twitter:label1\" content=\"Napisao\/la\" \/>\n\t<meta name=\"twitter:data1\" content=\"Radio Ljubu\u0161ki\" \/>\n\t<meta name=\"twitter:label2\" content=\"Procijenjeno vrijeme \u010ditanja\" \/>\n\t<meta name=\"twitter:data2\" content=\"3 minute\" \/>\n<script type=\"application\/ld+json\" class=\"yoast-schema-graph\">{\"@context\":\"https:\\\/\\\/schema.org\",\"@graph\":[{\"@type\":\"Article\",\"@id\":\"https:\\\/\\\/radioljubuski.ba\\\/index.php\\\/2022\\\/06\\\/22\\\/kci-milijardera-billa-gatesa-podrzala-proabortivni-lobi-i-pozvala-na-doniranje-planned-parenthooda\\\/#article\",\"isPartOf\":{\"@id\":\"https:\\\/\\\/radioljubuski.ba\\\/index.php\\\/2022\\\/06\\\/22\\\/kci-milijardera-billa-gatesa-podrzala-proabortivni-lobi-i-pozvala-na-doniranje-planned-parenthooda\\\/\"},\"author\":{\"name\":\"Radio Ljubu\u0161ki\",\"@id\":\"https:\\\/\\\/radioljubuski.ba\\\/#\\\/schema\\\/person\\\/19fc700381a780f69665d7956c469e3b\"},\"headline\":\"K\u0107i milijardera Billa Gatesa podr\u017eala proabortivni lobi i pozvala na doniranje Planned Parenthooda\",\"datePublished\":\"2022-06-22T09:58:44+00:00\",\"dateModified\":\"2022-06-22T09:58:46+00:00\",\"mainEntityOfPage\":{\"@id\":\"https:\\\/\\\/radioljubuski.ba\\\/index.php\\\/2022\\\/06\\\/22\\\/kci-milijardera-billa-gatesa-podrzala-proabortivni-lobi-i-pozvala-na-doniranje-planned-parenthooda\\\/\"},\"wordCount\":710,\"publisher\":{\"@id\":\"https:\\\/\\\/radioljubuski.ba\\\/#organization\"},\"image\":{\"@id\":\"https:\\\/\\\/radioljubuski.ba\\\/index.php\\\/2022\\\/06\\\/22\\\/kci-milijardera-billa-gatesa-podrzala-proabortivni-lobi-i-pozvala-na-doniranje-planned-parenthooda\\\/#primaryimage\"},\"thumbnailUrl\":\"https:\\\/\\\/radioljubuski.ba\\\/wp-content\\\/uploads\\\/2022\\\/06\\\/Untitled-collage-22-1-696x522-1.jpg\",\"articleSection\":[\"BIH i regija\"],\"inLanguage\":\"hr\"},{\"@type\":\"WebPage\",\"@id\":\"https:\\\/\\\/radioljubuski.ba\\\/index.php\\\/2022\\\/06\\\/22\\\/kci-milijardera-billa-gatesa-podrzala-proabortivni-lobi-i-pozvala-na-doniranje-planned-parenthooda\\\/\",\"url\":\"https:\\\/\\\/radioljubuski.ba\\\/index.php\\\/2022\\\/06\\\/22\\\/kci-milijardera-billa-gatesa-podrzala-proabortivni-lobi-i-pozvala-na-doniranje-planned-parenthooda\\\/\",\"name\":\"K\u0107i milijardera Billa Gatesa podr\u017eala proabortivni lobi i pozvala na doniranje Planned Parenthooda - RADIO LJUBU\u0160KI\",\"isPartOf\":{\"@id\":\"https:\\\/\\\/radioljubuski.ba\\\/#website\"},\"primaryImageOfPage\":{\"@id\":\"https:\\\/\\\/radioljubuski.ba\\\/index.php\\\/2022\\\/06\\\/22\\\/kci-milijardera-billa-gatesa-podrzala-proabortivni-lobi-i-pozvala-na-doniranje-planned-parenthooda\\\/#primaryimage\"},\"image\":{\"@id\":\"https:\\\/\\\/radioljubuski.ba\\\/index.php\\\/2022\\\/06\\\/22\\\/kci-milijardera-billa-gatesa-podrzala-proabortivni-lobi-i-pozvala-na-doniranje-planned-parenthooda\\\/#primaryimage\"},\"thumbnailUrl\":\"https:\\\/\\\/radioljubuski.ba\\\/wp-content\\\/uploads\\\/2022\\\/06\\\/Untitled-collage-22-1-696x522-1.jpg\",\"datePublished\":\"2022-06-22T09:58:44+00:00\",\"dateModified\":\"2022-06-22T09:58:46+00:00\",\"breadcrumb\":{\"@id\":\"https:\\\/\\\/radioljubuski.ba\\\/index.php\\\/2022\\\/06\\\/22\\\/kci-milijardera-billa-gatesa-podrzala-proabortivni-lobi-i-pozvala-na-doniranje-planned-parenthooda\\\/#breadcrumb\"},\"inLanguage\":\"hr\",\"potentialAction\":[{\"@type\":\"ReadAction\",\"target\":[\"https:\\\/\\\/radioljubuski.ba\\\/index.php\\\/2022\\\/06\\\/22\\\/kci-milijardera-billa-gatesa-podrzala-proabortivni-lobi-i-pozvala-na-doniranje-planned-parenthooda\\\/\"]}]},{\"@type\":\"ImageObject\",\"inLanguage\":\"hr\",\"@id\":\"https:\\\/\\\/radioljubuski.ba\\\/index.php\\\/2022\\\/06\\\/22\\\/kci-milijardera-billa-gatesa-podrzala-proabortivni-lobi-i-pozvala-na-doniranje-planned-parenthooda\\\/#primaryimage\",\"url\":\"https:\\\/\\\/radioljubuski.ba\\\/wp-content\\\/uploads\\\/2022\\\/06\\\/Untitled-collage-22-1-696x522-1.jpg\",\"contentUrl\":\"https:\\\/\\\/radioljubuski.ba\\\/wp-content\\\/uploads\\\/2022\\\/06\\\/Untitled-collage-22-1-696x522-1.jpg\",\"width\":696,\"height\":522},{\"@type\":\"BreadcrumbList\",\"@id\":\"https:\\\/\\\/radioljubuski.ba\\\/index.php\\\/2022\\\/06\\\/22\\\/kci-milijardera-billa-gatesa-podrzala-proabortivni-lobi-i-pozvala-na-doniranje-planned-parenthooda\\\/#breadcrumb\",\"itemListElement\":[{\"@type\":\"ListItem\",\"position\":1,\"name\":\"Po\u010detna stranica\",\"item\":\"https:\\\/\\\/radioljubuski.ba\\\/\"},{\"@type\":\"ListItem\",\"position\":2,\"name\":\"K\u0107i milijardera Billa Gatesa podr\u017eala proabortivni lobi i pozvala na doniranje Planned Parenthooda\"}]},{\"@type\":\"WebSite\",\"@id\":\"https:\\\/\\\/radioljubuski.ba\\\/#website\",\"url\":\"https:\\\/\\\/radioljubuski.ba\\\/\",\"name\":\"Radio Ljubu\u0161ki\",\"description\":\"Sun\u010dana frekvencija Hercegovine\",\"publisher\":{\"@id\":\"https:\\\/\\\/radioljubuski.ba\\\/#organization\"},\"potentialAction\":[{\"@type\":\"SearchAction\",\"target\":{\"@type\":\"EntryPoint\",\"urlTemplate\":\"https:\\\/\\\/radioljubuski.ba\\\/?s={search_term_string}\"},\"query-input\":{\"@type\":\"PropertyValueSpecification\",\"valueRequired\":true,\"valueName\":\"search_term_string\"}}],\"inLanguage\":\"hr\"},{\"@type\":\"Organization\",\"@id\":\"https:\\\/\\\/radioljubuski.ba\\\/#organization\",\"name\":\"Radio Ljubu\u0161ki\",\"url\":\"https:\\\/\\\/radioljubuski.ba\\\/\",\"logo\":{\"@type\":\"ImageObject\",\"inLanguage\":\"hr\",\"@id\":\"https:\\\/\\\/radioljubuski.ba\\\/#\\\/schema\\\/logo\\\/image\\\/\",\"url\":\"https:\\\/\\\/radioljubuski.ba\\\/wp-content\\\/uploads\\\/2021\\\/02\\\/cropped-Radio_Ljubuski_logo1.jpg\",\"contentUrl\":\"https:\\\/\\\/radioljubuski.ba\\\/wp-content\\\/uploads\\\/2021\\\/02\\\/cropped-Radio_Ljubuski_logo1.jpg\",\"width\":512,\"height\":512,\"caption\":\"Radio Ljubu\u0161ki\"},\"image\":{\"@id\":\"https:\\\/\\\/radioljubuski.ba\\\/#\\\/schema\\\/logo\\\/image\\\/\"},\"sameAs\":[\"https:\\\/\\\/www.facebook.com\\\/Radiio-Ljubuski-1490835324566332\",\"https:\\\/\\\/x.com\\\/radioljubuski\",\"https:\\\/\\\/hr.linkedin.com\\\/company\\\/radio-ljubuski\",\"https:\\\/\\\/www.youtube.com\\\/channel\\\/UCHYaeO_n0Db3tjNGudGpXyw\"]},{\"@type\":\"Person\",\"@id\":\"https:\\\/\\\/radioljubuski.ba\\\/#\\\/schema\\\/person\\\/19fc700381a780f69665d7956c469e3b\",\"name\":\"Radio Ljubu\u0161ki\"}]}<\/script>\n<!-- \/ Yoast SEO plugin. -->","yoast_head_json":{"title":"K\u0107i milijardera Billa Gatesa podr\u017eala proabortivni lobi i pozvala na doniranje Planned Parenthooda - RADIO LJUBU\u0160KI","robots":{"index":"index","follow":"follow","max-snippet":"max-snippet:-1","max-image-preview":"max-image-preview:large","max-video-preview":"max-video-preview:-1"},"canonical":"https:\/\/radioljubuski.ba\/index.php\/2022\/06\/22\/kci-milijardera-billa-gatesa-podrzala-proabortivni-lobi-i-pozvala-na-doniranje-planned-parenthooda\/","og_locale":"hr_HR","og_type":"article","og_title":"K\u0107i milijardera Billa Gatesa podr\u017eala proabortivni lobi i pozvala na doniranje Planned Parenthooda - RADIO LJUBU\u0160KI","og_description":"Mla\u0111a k\u0107er ameri\u010dkog milijardera Billa Gatesa, dvadesetogodi\u0161nja Phoebe Adele Gates, na svom je Instagram profilu jasno dala do znanja na \u010dijoj je strani kada je u pitanju aktualno goru\u0107e pitanje u SAD-u. Naime, dok se \u010deka odluka Vrhovnog suda oko odluke Roe protiv Wadea, k\u0107er Billa Gatesa podr\u017eala je pro abortivni lobi i klinike Planned [&hellip;]","og_url":"https:\/\/radioljubuski.ba\/index.php\/2022\/06\/22\/kci-milijardera-billa-gatesa-podrzala-proabortivni-lobi-i-pozvala-na-doniranje-planned-parenthooda\/","og_site_name":"RADIO LJUBU\u0160KI","article_publisher":"https:\/\/www.facebook.com\/Radiio-Ljubuski-1490835324566332","article_published_time":"2022-06-22T09:58:44+00:00","article_modified_time":"2022-06-22T09:58:46+00:00","og_image":[{"width":696,"height":522,"url":"https:\/\/radioljubuski.ba\/wp-content\/uploads\/2022\/06\/Untitled-collage-22-1-696x522-1.jpg","type":"image\/jpeg"}],"author":"Radio Ljubu\u0161ki","twitter_card":"summary_large_image","twitter_creator":"@radioljubuski","twitter_site":"@radioljubuski","twitter_misc":{"Napisao\/la":"Radio Ljubu\u0161ki","Procijenjeno vrijeme \u010ditanja":"3 minute"},"schema":{"@context":"https:\/\/schema.org","@graph":[{"@type":"Article","@id":"https:\/\/radioljubuski.ba\/index.php\/2022\/06\/22\/kci-milijardera-billa-gatesa-podrzala-proabortivni-lobi-i-pozvala-na-doniranje-planned-parenthooda\/#article","isPartOf":{"@id":"https:\/\/radioljubuski.ba\/index.php\/2022\/06\/22\/kci-milijardera-billa-gatesa-podrzala-proabortivni-lobi-i-pozvala-na-doniranje-planned-parenthooda\/"},"author":{"name":"Radio Ljubu\u0161ki","@id":"https:\/\/radioljubuski.ba\/#\/schema\/person\/19fc700381a780f69665d7956c469e3b"},"headline":"K\u0107i milijardera Billa Gatesa podr\u017eala proabortivni lobi i pozvala na doniranje Planned Parenthooda","datePublished":"2022-06-22T09:58:44+00:00","dateModified":"2022-06-22T09:58:46+00:00","mainEntityOfPage":{"@id":"https:\/\/radioljubuski.ba\/index.php\/2022\/06\/22\/kci-milijardera-billa-gatesa-podrzala-proabortivni-lobi-i-pozvala-na-doniranje-planned-parenthooda\/"},"wordCount":710,"publisher":{"@id":"https:\/\/radioljubuski.ba\/#organization"},"image":{"@id":"https:\/\/radioljubuski.ba\/index.php\/2022\/06\/22\/kci-milijardera-billa-gatesa-podrzala-proabortivni-lobi-i-pozvala-na-doniranje-planned-parenthooda\/#primaryimage"},"thumbnailUrl":"https:\/\/radioljubuski.ba\/wp-content\/uploads\/2022\/06\/Untitled-collage-22-1-696x522-1.jpg","articleSection":["BIH i regija"],"inLanguage":"hr"},{"@type":"WebPage","@id":"https:\/\/radioljubuski.ba\/index.php\/2022\/06\/22\/kci-milijardera-billa-gatesa-podrzala-proabortivni-lobi-i-pozvala-na-doniranje-planned-parenthooda\/","url":"https:\/\/radioljubuski.ba\/index.php\/2022\/06\/22\/kci-milijardera-billa-gatesa-podrzala-proabortivni-lobi-i-pozvala-na-doniranje-planned-parenthooda\/","name":"K\u0107i milijardera Billa Gatesa podr\u017eala proabortivni lobi i pozvala na doniranje Planned Parenthooda - RADIO LJUBU\u0160KI","isPartOf":{"@id":"https:\/\/radioljubuski.ba\/#website"},"primaryImageOfPage":{"@id":"https:\/\/radioljubuski.ba\/index.php\/2022\/06\/22\/kci-milijardera-billa-gatesa-podrzala-proabortivni-lobi-i-pozvala-na-doniranje-planned-parenthooda\/#primaryimage"},"image":{"@id":"https:\/\/radioljubuski.ba\/index.php\/2022\/06\/22\/kci-milijardera-billa-gatesa-podrzala-proabortivni-lobi-i-pozvala-na-doniranje-planned-parenthooda\/#primaryimage"},"thumbnailUrl":"https:\/\/radioljubuski.ba\/wp-content\/uploads\/2022\/06\/Untitled-collage-22-1-696x522-1.jpg","datePublished":"2022-06-22T09:58:44+00:00","dateModified":"2022-06-22T09:58:46+00:00","breadcrumb":{"@id":"https:\/\/radioljubuski.ba\/index.php\/2022\/06\/22\/kci-milijardera-billa-gatesa-podrzala-proabortivni-lobi-i-pozvala-na-doniranje-planned-parenthooda\/#breadcrumb"},"inLanguage":"hr","potentialAction":[{"@type":"ReadAction","target":["https:\/\/radioljubuski.ba\/index.php\/2022\/06\/22\/kci-milijardera-billa-gatesa-podrzala-proabortivni-lobi-i-pozvala-na-doniranje-planned-parenthooda\/"]}]},{"@type":"ImageObject","inLanguage":"hr","@id":"https:\/\/radioljubuski.ba\/index.php\/2022\/06\/22\/kci-milijardera-billa-gatesa-podrzala-proabortivni-lobi-i-pozvala-na-doniranje-planned-parenthooda\/#primaryimage","url":"https:\/\/radioljubuski.ba\/wp-content\/uploads\/2022\/06\/Untitled-collage-22-1-696x522-1.jpg","contentUrl":"https:\/\/radioljubuski.ba\/wp-content\/uploads\/2022\/06\/Untitled-collage-22-1-696x522-1.jpg","width":696,"height":522},{"@type":"BreadcrumbList","@id":"https:\/\/radioljubuski.ba\/index.php\/2022\/06\/22\/kci-milijardera-billa-gatesa-podrzala-proabortivni-lobi-i-pozvala-na-doniranje-planned-parenthooda\/#breadcrumb","itemListElement":[{"@type":"ListItem","position":1,"name":"Po\u010detna stranica","item":"https:\/\/radioljubuski.ba\/"},{"@type":"ListItem","position":2,"name":"K\u0107i milijardera Billa Gatesa podr\u017eala proabortivni lobi i pozvala na doniranje Planned Parenthooda"}]},{"@type":"WebSite","@id":"https:\/\/radioljubuski.ba\/#website","url":"https:\/\/radioljubuski.ba\/","name":"Radio Ljubu\u0161ki","description":"Sun\u010dana frekvencija Hercegovine","publisher":{"@id":"https:\/\/radioljubuski.ba\/#organization"},"potentialAction":[{"@type":"SearchAction","target":{"@type":"EntryPoint","urlTemplate":"https:\/\/radioljubuski.ba\/?s={search_term_string}"},"query-input":{"@type":"PropertyValueSpecification","valueRequired":true,"valueName":"search_term_string"}}],"inLanguage":"hr"},{"@type":"Organization","@id":"https:\/\/radioljubuski.ba\/#organization","name":"Radio Ljubu\u0161ki","url":"https:\/\/radioljubuski.ba\/","logo":{"@type":"ImageObject","inLanguage":"hr","@id":"https:\/\/radioljubuski.ba\/#\/schema\/logo\/image\/","url":"https:\/\/radioljubuski.ba\/wp-content\/uploads\/2021\/02\/cropped-Radio_Ljubuski_logo1.jpg","contentUrl":"https:\/\/radioljubuski.ba\/wp-content\/uploads\/2021\/02\/cropped-Radio_Ljubuski_logo1.jpg","width":512,"height":512,"caption":"Radio Ljubu\u0161ki"},"image":{"@id":"https:\/\/radioljubuski.ba\/#\/schema\/logo\/image\/"},"sameAs":["https:\/\/www.facebook.com\/Radiio-Ljubuski-1490835324566332","https:\/\/x.com\/radioljubuski","https:\/\/hr.linkedin.com\/company\/radio-ljubuski","https:\/\/www.youtube.com\/channel\/UCHYaeO_n0Db3tjNGudGpXyw"]},{"@type":"Person","@id":"https:\/\/radioljubuski.ba\/#\/schema\/person\/19fc700381a780f69665d7956c469e3b","name":"Radio Ljubu\u0161ki"}]}},"_links":{"self":[{"href":"https:\/\/radioljubuski.ba\/index.php\/wp-json\/wp\/v2\/posts\/152017","targetHints":{"allow":["GET"]}}],"collection":[{"href":"https:\/\/radioljubuski.ba\/index.php\/wp-json\/wp\/v2\/posts"}],"about":[{"href":"https:\/\/radioljubuski.ba\/index.php\/wp-json\/wp\/v2\/types\/post"}],"author":[{"embeddable":true,"href":"https:\/\/radioljubuski.ba\/index.php\/wp-json\/wp\/v2\/users\/2"}],"replies":[{"embeddable":true,"href":"https:\/\/radioljubuski.ba\/index.php\/wp-json\/wp\/v2\/comments?post=152017"}],"version-history":[{"count":1,"href":"https:\/\/radioljubuski.ba\/index.php\/wp-json\/wp\/v2\/posts\/152017\/revisions"}],"predecessor-version":[{"id":152020,"href":"https:\/\/radioljubuski.ba\/index.php\/wp-json\/wp\/v2\/posts\/152017\/revisions\/152020"}],"wp:featuredmedia":[{"embeddable":true,"href":"https:\/\/radioljubuski.ba\/index.php\/wp-json\/wp\/v2\/media\/152019"}],"wp:attachment":[{"href":"https:\/\/radioljubuski.ba\/index.php\/wp-json\/wp\/v2\/media?parent=152017"}],"wp:term":[{"taxonomy":"category","embeddable":true,"href":"https:\/\/radioljubuski.ba\/index.php\/wp-json\/wp\/v2\/categories?post=152017"},{"taxonomy":"post_tag","embeddable":true,"href":"https:\/\/radioljubuski.ba\/index.php\/wp-json\/wp\/v2\/tags?post=152017"}],"curies":[{"name":"wp","href":"https:\/\/api.w.org\/{rel}","templated":true}]}}