{"id":152025,"date":"2022-06-22T11:02:03","date_gmt":"2022-06-22T10:02:03","guid":{"rendered":"https:\/\/radioljubuski.ba\/?p=152025"},"modified":"2022-06-22T11:02:05","modified_gmt":"2022-06-22T10:02:05","slug":"karamarko-o-danu-antifasisticke-borbe-drugovi-sto-ste-bili-od-23-kolovoza-1939-do-22-lipnja-1941","status":"publish","type":"post","link":"https:\/\/radioljubuski.ba\/index.php\/2022\/06\/22\/karamarko-o-danu-antifasisticke-borbe-drugovi-sto-ste-bili-od-23-kolovoza-1939-do-22-lipnja-1941\/","title":{"rendered":"Karamarko o Danu antifa\u0161isti\u010dke borbe: Drugovi, \u0161to ste bili od 23. kolovoza 1939. do 22. lipnja 1941.?!"},"content":{"rendered":"\n<p>Biv\u0161i \u0161ef HDZ-a Tomislav Karamarko na Facebooku se osvrnuo na dana\u0161nji Dan antifa\u0161isti\u010dke borbe. \u201dPo kriterijima historiografskog znanstvenog pristupa naziv tog praznika zaslu\u017euje kraticu <em>tzv\u2019, <\/em>pi\u0161e Karamarko. Njegovu objavu prenosimo u cijelosti.<\/p>\n\n\n\n<p>\u201dDanas je 22. lipnja Dan antifa\u0161isti\u010dke borbe. Po kriterijima historiografskog znanstvenog pristupa naziv tog praznika zaslu\u017euje kraticu <em>tzv.<\/em> Ipak, logorska vatra je upaljena, totem podignut, a sve\u010dani ratni\u010dki ples ne posustaje. Oblaci bunike nadvili su se nad Hrvatskom, a lule pomirbe odavno ba\u010dene u neki od Toma\u0161evi\u0107evih koloritnih kontejnera.<\/p>\n\n\n\n<p>Unato\u010d ratni\u010dkim bojama, raspoznajemo poznata lica vrijednih povjesni\u010dara dnevno-politi\u010dke primjene, Habulinovu mlade\u017e, nekakve besmrtne odrede i politi\u010dare op\u0107e prakse. Odijela i crvene kravate done\u0161ene iz kemijskih \u010distionica, vijenci na sve strane, a usta prepuna prvog gerilskog, partizanskog odreda u Europi. Jedino se nisu uspjeli dogovoriti koliko ih je taj dan zdimilo u \u0161umu Brezovicu \u2013 8,9,24 ili 76.<\/p>\n\n\n\n<p>Spomenimo ipak neke relevantne \u010dinjenice. Prva gerilska postrojba u Europi koja se suprostavila njema\u010dkom okupatoru osnovana je u o\u017eujku 1940. pokraj sela Husicka u Poljskoj, a vodio ju je bojnik Henryk Dobrzanski-Hubal. Ti hrabri borci, njih 180, borili su se i pru\u017eali sna\u017ean otpor Nijemcima. Pora\u017eeni su i likvidirani kod mjesta Opoczno 30.travnja 1940.<\/p>\n\n\n\n<p>Pretpostavljam da su na\u0161i dana\u0161nji tuluma\u0161i \u010duli za pakt Ribbentrop-Molotov, sklopljen 23. kolovoza 1939.? Tim sporazumom dva zlo\u010dina\u010dka, nakaradna, totalitarna re\u017eima, komunizam i nacizam, predvo\u0111eni dvojicom lu\u0111aka izvr\u0161ili su podjelu interesnih sfera u nezavisnim zemljama Finskoj, Estoniji, Latviji, Litvi, Poljskoj i Rumunjskoj. Nakon toga Njema\u010dka je napala Poljsku 1., a Sovjetski Savez ju napada 17. rujna 1939.<\/p>\n\n\n\n<p>\u0160to su tada radili hrvatski <em>revolucionari?<\/em> Gdje im je bio \u010delnik, zlo\u010dinac JB Tito? Grijali su se uz velikog ruskog medvjeda dok je sa svojim saveznikom Hitlerom zapo\u010dinjao krvavi pir u Europi. Jer zapovijedi su stizale iz Moskve.<\/p>\n\n\n\n<p>22. lipnja 1941. Njema\u010dka je napala Rusiju, a grupica staljinista, lenjinista i titoista navodno zbrisala u \u0161umu Brezovicu. Logi\u010dno je pitanje \u2013 drugovi, \u0161to ste bili od 23. kolovoza 1939. do 22. lipnja 1941.? Bilo je to vrijeme realnog saveza Njema\u010dke i Rusije. Netko malo vehementniji bi vas pitao jeste li u tom razdoblju bili i hitlerovci?<\/p>\n\n\n\n<p>Sre\u0107om saveznici su se ipak posva\u0111ali. Drugovi habulinoidi, sudionici kumrove\u010dkog maskenbala, vi balegari koji pri\u010date o zlo\u010dincu Titu kao brendu (?) du\u017eni ste neke odgovore.<br>22. lipanj, kao Dan antifa\u0161isti\u010dke borbe obilje\u017eava se od 1991., dakle od osamostaljenja Hrvatske, zbog nategnute simbolike. Do tada se slavio 27.srpnja.<\/p>\n\n\n\n<p>Odlu\u010dite kona\u010dno kad ste pokazali mi\u0161i\u0107e i ustali, 27.srpnja 1941. kad je izvr\u0161en pokolj Hrvata u Srbu i okolici ili 22. lipnja kad je propao savez tate Staljina s Hitlerom?\u201d<\/p>\n\n\n\n<p><em>Izvor: narod.hr<\/em><\/p>\n","protected":false},"excerpt":{"rendered":"<p>Biv\u0161i \u0161ef HDZ-a Tomislav Karamarko na Facebooku se osvrnuo na dana\u0161nji Dan antifa\u0161isti\u010dke borbe. \u201dPo kriterijima historiografskog znanstvenog pristupa naziv tog praznika zaslu\u017euje kraticu tzv\u2019, pi\u0161e Karamarko. Njegovu objavu prenosimo u cijelosti. \u201dDanas je 22. lipnja Dan antifa\u0161isti\u010dke borbe. Po kriterijima historiografskog znanstvenog pristupa naziv tog praznika zaslu\u017euje kraticu tzv. Ipak, logorska vatra je upaljena, [&hellip;]<\/p>\n","protected":false},"author":2,"featured_media":152028,"comment_status":"closed","ping_status":"closed","sticky":false,"template":"","format":"standard","meta":{"h5ap_radio_sources":[],"footnotes":""},"categories":[1],"tags":[],"class_list":["post-152025","post","type-post","status-publish","format-standard","has-post-thumbnail","hentry","category-bihiregija"],"yoast_head":"<!-- This site is optimized with the Yoast SEO plugin v27.4 - https:\/\/yoast.com\/product\/yoast-seo-wordpress\/ -->\n<title>Karamarko o Danu antifa\u0161isti\u010dke borbe: Drugovi, \u0161to ste bili od 23. kolovoza 1939. do 22. lipnja 1941.?! - RADIO LJUBU\u0160KI<\/title>\n<meta name=\"robots\" content=\"index, follow, max-snippet:-1, max-image-preview:large, max-video-preview:-1\" \/>\n<link rel=\"canonical\" href=\"https:\/\/radioljubuski.ba\/index.php\/2022\/06\/22\/karamarko-o-danu-antifasisticke-borbe-drugovi-sto-ste-bili-od-23-kolovoza-1939-do-22-lipnja-1941\/\" \/>\n<meta property=\"og:locale\" content=\"hr_HR\" \/>\n<meta property=\"og:type\" content=\"article\" \/>\n<meta property=\"og:title\" content=\"Karamarko o Danu antifa\u0161isti\u010dke borbe: Drugovi, \u0161to ste bili od 23. kolovoza 1939. do 22. lipnja 1941.?! - RADIO LJUBU\u0160KI\" \/>\n<meta property=\"og:description\" content=\"Biv\u0161i \u0161ef HDZ-a Tomislav Karamarko na Facebooku se osvrnuo na dana\u0161nji Dan antifa\u0161isti\u010dke borbe. \u201dPo kriterijima historiografskog znanstvenog pristupa naziv tog praznika zaslu\u017euje kraticu tzv\u2019, pi\u0161e Karamarko. Njegovu objavu prenosimo u cijelosti. \u201dDanas je 22. lipnja Dan antifa\u0161isti\u010dke borbe. Po kriterijima historiografskog znanstvenog pristupa naziv tog praznika zaslu\u017euje kraticu tzv. Ipak, logorska vatra je upaljena, [&hellip;]\" \/>\n<meta property=\"og:url\" content=\"https:\/\/radioljubuski.ba\/index.php\/2022\/06\/22\/karamarko-o-danu-antifasisticke-borbe-drugovi-sto-ste-bili-od-23-kolovoza-1939-do-22-lipnja-1941\/\" \/>\n<meta property=\"og:site_name\" content=\"RADIO LJUBU\u0160KI\" \/>\n<meta property=\"article:publisher\" content=\"https:\/\/www.facebook.com\/Radiio-Ljubuski-1490835324566332\" \/>\n<meta property=\"article:published_time\" content=\"2022-06-22T10:02:03+00:00\" \/>\n<meta property=\"article:modified_time\" content=\"2022-06-22T10:02:05+00:00\" \/>\n<meta property=\"og:image\" content=\"https:\/\/radioljubuski.ba\/wp-content\/uploads\/2022\/06\/Untitled-collage-28-696x522-1.jpg\" \/>\n\t<meta property=\"og:image:width\" content=\"696\" \/>\n\t<meta property=\"og:image:height\" content=\"522\" \/>\n\t<meta property=\"og:image:type\" content=\"image\/jpeg\" \/>\n<meta name=\"author\" content=\"Radio Ljubu\u0161ki\" \/>\n<meta name=\"twitter:card\" content=\"summary_large_image\" \/>\n<meta name=\"twitter:creator\" content=\"@radioljubuski\" \/>\n<meta name=\"twitter:site\" content=\"@radioljubuski\" \/>\n<meta name=\"twitter:label1\" content=\"Napisao\/la\" \/>\n\t<meta name=\"twitter:data1\" content=\"Radio Ljubu\u0161ki\" \/>\n\t<meta name=\"twitter:label2\" content=\"Procijenjeno vrijeme \u010ditanja\" \/>\n\t<meta name=\"twitter:data2\" content=\"2 minute\" \/>\n<script type=\"application\/ld+json\" class=\"yoast-schema-graph\">{\"@context\":\"https:\\\/\\\/schema.org\",\"@graph\":[{\"@type\":\"Article\",\"@id\":\"https:\\\/\\\/radioljubuski.ba\\\/index.php\\\/2022\\\/06\\\/22\\\/karamarko-o-danu-antifasisticke-borbe-drugovi-sto-ste-bili-od-23-kolovoza-1939-do-22-lipnja-1941\\\/#article\",\"isPartOf\":{\"@id\":\"https:\\\/\\\/radioljubuski.ba\\\/index.php\\\/2022\\\/06\\\/22\\\/karamarko-o-danu-antifasisticke-borbe-drugovi-sto-ste-bili-od-23-kolovoza-1939-do-22-lipnja-1941\\\/\"},\"author\":{\"name\":\"Radio Ljubu\u0161ki\",\"@id\":\"https:\\\/\\\/radioljubuski.ba\\\/#\\\/schema\\\/person\\\/19fc700381a780f69665d7956c469e3b\"},\"headline\":\"Karamarko o Danu antifa\u0161isti\u010dke borbe: Drugovi, \u0161to ste bili od 23. kolovoza 1939. do 22. lipnja 1941.?!\",\"datePublished\":\"2022-06-22T10:02:03+00:00\",\"dateModified\":\"2022-06-22T10:02:05+00:00\",\"mainEntityOfPage\":{\"@id\":\"https:\\\/\\\/radioljubuski.ba\\\/index.php\\\/2022\\\/06\\\/22\\\/karamarko-o-danu-antifasisticke-borbe-drugovi-sto-ste-bili-od-23-kolovoza-1939-do-22-lipnja-1941\\\/\"},\"wordCount\":470,\"publisher\":{\"@id\":\"https:\\\/\\\/radioljubuski.ba\\\/#organization\"},\"image\":{\"@id\":\"https:\\\/\\\/radioljubuski.ba\\\/index.php\\\/2022\\\/06\\\/22\\\/karamarko-o-danu-antifasisticke-borbe-drugovi-sto-ste-bili-od-23-kolovoza-1939-do-22-lipnja-1941\\\/#primaryimage\"},\"thumbnailUrl\":\"https:\\\/\\\/radioljubuski.ba\\\/wp-content\\\/uploads\\\/2022\\\/06\\\/Untitled-collage-28-696x522-1.jpg\",\"articleSection\":[\"BIH i regija\"],\"inLanguage\":\"hr\"},{\"@type\":\"WebPage\",\"@id\":\"https:\\\/\\\/radioljubuski.ba\\\/index.php\\\/2022\\\/06\\\/22\\\/karamarko-o-danu-antifasisticke-borbe-drugovi-sto-ste-bili-od-23-kolovoza-1939-do-22-lipnja-1941\\\/\",\"url\":\"https:\\\/\\\/radioljubuski.ba\\\/index.php\\\/2022\\\/06\\\/22\\\/karamarko-o-danu-antifasisticke-borbe-drugovi-sto-ste-bili-od-23-kolovoza-1939-do-22-lipnja-1941\\\/\",\"name\":\"Karamarko o Danu antifa\u0161isti\u010dke borbe: Drugovi, \u0161to ste bili od 23. kolovoza 1939. do 22. lipnja 1941.?! - RADIO LJUBU\u0160KI\",\"isPartOf\":{\"@id\":\"https:\\\/\\\/radioljubuski.ba\\\/#website\"},\"primaryImageOfPage\":{\"@id\":\"https:\\\/\\\/radioljubuski.ba\\\/index.php\\\/2022\\\/06\\\/22\\\/karamarko-o-danu-antifasisticke-borbe-drugovi-sto-ste-bili-od-23-kolovoza-1939-do-22-lipnja-1941\\\/#primaryimage\"},\"image\":{\"@id\":\"https:\\\/\\\/radioljubuski.ba\\\/index.php\\\/2022\\\/06\\\/22\\\/karamarko-o-danu-antifasisticke-borbe-drugovi-sto-ste-bili-od-23-kolovoza-1939-do-22-lipnja-1941\\\/#primaryimage\"},\"thumbnailUrl\":\"https:\\\/\\\/radioljubuski.ba\\\/wp-content\\\/uploads\\\/2022\\\/06\\\/Untitled-collage-28-696x522-1.jpg\",\"datePublished\":\"2022-06-22T10:02:03+00:00\",\"dateModified\":\"2022-06-22T10:02:05+00:00\",\"breadcrumb\":{\"@id\":\"https:\\\/\\\/radioljubuski.ba\\\/index.php\\\/2022\\\/06\\\/22\\\/karamarko-o-danu-antifasisticke-borbe-drugovi-sto-ste-bili-od-23-kolovoza-1939-do-22-lipnja-1941\\\/#breadcrumb\"},\"inLanguage\":\"hr\",\"potentialAction\":[{\"@type\":\"ReadAction\",\"target\":[\"https:\\\/\\\/radioljubuski.ba\\\/index.php\\\/2022\\\/06\\\/22\\\/karamarko-o-danu-antifasisticke-borbe-drugovi-sto-ste-bili-od-23-kolovoza-1939-do-22-lipnja-1941\\\/\"]}]},{\"@type\":\"ImageObject\",\"inLanguage\":\"hr\",\"@id\":\"https:\\\/\\\/radioljubuski.ba\\\/index.php\\\/2022\\\/06\\\/22\\\/karamarko-o-danu-antifasisticke-borbe-drugovi-sto-ste-bili-od-23-kolovoza-1939-do-22-lipnja-1941\\\/#primaryimage\",\"url\":\"https:\\\/\\\/radioljubuski.ba\\\/wp-content\\\/uploads\\\/2022\\\/06\\\/Untitled-collage-28-696x522-1.jpg\",\"contentUrl\":\"https:\\\/\\\/radioljubuski.ba\\\/wp-content\\\/uploads\\\/2022\\\/06\\\/Untitled-collage-28-696x522-1.jpg\",\"width\":696,\"height\":522},{\"@type\":\"BreadcrumbList\",\"@id\":\"https:\\\/\\\/radioljubuski.ba\\\/index.php\\\/2022\\\/06\\\/22\\\/karamarko-o-danu-antifasisticke-borbe-drugovi-sto-ste-bili-od-23-kolovoza-1939-do-22-lipnja-1941\\\/#breadcrumb\",\"itemListElement\":[{\"@type\":\"ListItem\",\"position\":1,\"name\":\"Po\u010detna stranica\",\"item\":\"https:\\\/\\\/radioljubuski.ba\\\/\"},{\"@type\":\"ListItem\",\"position\":2,\"name\":\"Karamarko o Danu antifa\u0161isti\u010dke borbe: Drugovi, \u0161to ste bili od 23. kolovoza 1939. do 22. lipnja 1941.?!\"}]},{\"@type\":\"WebSite\",\"@id\":\"https:\\\/\\\/radioljubuski.ba\\\/#website\",\"url\":\"https:\\\/\\\/radioljubuski.ba\\\/\",\"name\":\"Radio Ljubu\u0161ki\",\"description\":\"Sun\u010dana frekvencija Hercegovine\",\"publisher\":{\"@id\":\"https:\\\/\\\/radioljubuski.ba\\\/#organization\"},\"potentialAction\":[{\"@type\":\"SearchAction\",\"target\":{\"@type\":\"EntryPoint\",\"urlTemplate\":\"https:\\\/\\\/radioljubuski.ba\\\/?s={search_term_string}\"},\"query-input\":{\"@type\":\"PropertyValueSpecification\",\"valueRequired\":true,\"valueName\":\"search_term_string\"}}],\"inLanguage\":\"hr\"},{\"@type\":\"Organization\",\"@id\":\"https:\\\/\\\/radioljubuski.ba\\\/#organization\",\"name\":\"Radio Ljubu\u0161ki\",\"url\":\"https:\\\/\\\/radioljubuski.ba\\\/\",\"logo\":{\"@type\":\"ImageObject\",\"inLanguage\":\"hr\",\"@id\":\"https:\\\/\\\/radioljubuski.ba\\\/#\\\/schema\\\/logo\\\/image\\\/\",\"url\":\"https:\\\/\\\/radioljubuski.ba\\\/wp-content\\\/uploads\\\/2021\\\/02\\\/cropped-Radio_Ljubuski_logo1.jpg\",\"contentUrl\":\"https:\\\/\\\/radioljubuski.ba\\\/wp-content\\\/uploads\\\/2021\\\/02\\\/cropped-Radio_Ljubuski_logo1.jpg\",\"width\":512,\"height\":512,\"caption\":\"Radio Ljubu\u0161ki\"},\"image\":{\"@id\":\"https:\\\/\\\/radioljubuski.ba\\\/#\\\/schema\\\/logo\\\/image\\\/\"},\"sameAs\":[\"https:\\\/\\\/www.facebook.com\\\/Radiio-Ljubuski-1490835324566332\",\"https:\\\/\\\/x.com\\\/radioljubuski\",\"https:\\\/\\\/hr.linkedin.com\\\/company\\\/radio-ljubuski\",\"https:\\\/\\\/www.youtube.com\\\/channel\\\/UCHYaeO_n0Db3tjNGudGpXyw\"]},{\"@type\":\"Person\",\"@id\":\"https:\\\/\\\/radioljubuski.ba\\\/#\\\/schema\\\/person\\\/19fc700381a780f69665d7956c469e3b\",\"name\":\"Radio Ljubu\u0161ki\"}]}<\/script>\n<!-- \/ Yoast SEO plugin. -->","yoast_head_json":{"title":"Karamarko o Danu antifa\u0161isti\u010dke borbe: Drugovi, \u0161to ste bili od 23. kolovoza 1939. do 22. lipnja 1941.?! - RADIO LJUBU\u0160KI","robots":{"index":"index","follow":"follow","max-snippet":"max-snippet:-1","max-image-preview":"max-image-preview:large","max-video-preview":"max-video-preview:-1"},"canonical":"https:\/\/radioljubuski.ba\/index.php\/2022\/06\/22\/karamarko-o-danu-antifasisticke-borbe-drugovi-sto-ste-bili-od-23-kolovoza-1939-do-22-lipnja-1941\/","og_locale":"hr_HR","og_type":"article","og_title":"Karamarko o Danu antifa\u0161isti\u010dke borbe: Drugovi, \u0161to ste bili od 23. kolovoza 1939. do 22. lipnja 1941.?! - RADIO LJUBU\u0160KI","og_description":"Biv\u0161i \u0161ef HDZ-a Tomislav Karamarko na Facebooku se osvrnuo na dana\u0161nji Dan antifa\u0161isti\u010dke borbe. \u201dPo kriterijima historiografskog znanstvenog pristupa naziv tog praznika zaslu\u017euje kraticu tzv\u2019, pi\u0161e Karamarko. Njegovu objavu prenosimo u cijelosti. \u201dDanas je 22. lipnja Dan antifa\u0161isti\u010dke borbe. Po kriterijima historiografskog znanstvenog pristupa naziv tog praznika zaslu\u017euje kraticu tzv. Ipak, logorska vatra je upaljena, [&hellip;]","og_url":"https:\/\/radioljubuski.ba\/index.php\/2022\/06\/22\/karamarko-o-danu-antifasisticke-borbe-drugovi-sto-ste-bili-od-23-kolovoza-1939-do-22-lipnja-1941\/","og_site_name":"RADIO LJUBU\u0160KI","article_publisher":"https:\/\/www.facebook.com\/Radiio-Ljubuski-1490835324566332","article_published_time":"2022-06-22T10:02:03+00:00","article_modified_time":"2022-06-22T10:02:05+00:00","og_image":[{"width":696,"height":522,"url":"https:\/\/radioljubuski.ba\/wp-content\/uploads\/2022\/06\/Untitled-collage-28-696x522-1.jpg","type":"image\/jpeg"}],"author":"Radio Ljubu\u0161ki","twitter_card":"summary_large_image","twitter_creator":"@radioljubuski","twitter_site":"@radioljubuski","twitter_misc":{"Napisao\/la":"Radio Ljubu\u0161ki","Procijenjeno vrijeme \u010ditanja":"2 minute"},"schema":{"@context":"https:\/\/schema.org","@graph":[{"@type":"Article","@id":"https:\/\/radioljubuski.ba\/index.php\/2022\/06\/22\/karamarko-o-danu-antifasisticke-borbe-drugovi-sto-ste-bili-od-23-kolovoza-1939-do-22-lipnja-1941\/#article","isPartOf":{"@id":"https:\/\/radioljubuski.ba\/index.php\/2022\/06\/22\/karamarko-o-danu-antifasisticke-borbe-drugovi-sto-ste-bili-od-23-kolovoza-1939-do-22-lipnja-1941\/"},"author":{"name":"Radio Ljubu\u0161ki","@id":"https:\/\/radioljubuski.ba\/#\/schema\/person\/19fc700381a780f69665d7956c469e3b"},"headline":"Karamarko o Danu antifa\u0161isti\u010dke borbe: Drugovi, \u0161to ste bili od 23. kolovoza 1939. do 22. lipnja 1941.?!","datePublished":"2022-06-22T10:02:03+00:00","dateModified":"2022-06-22T10:02:05+00:00","mainEntityOfPage":{"@id":"https:\/\/radioljubuski.ba\/index.php\/2022\/06\/22\/karamarko-o-danu-antifasisticke-borbe-drugovi-sto-ste-bili-od-23-kolovoza-1939-do-22-lipnja-1941\/"},"wordCount":470,"publisher":{"@id":"https:\/\/radioljubuski.ba\/#organization"},"image":{"@id":"https:\/\/radioljubuski.ba\/index.php\/2022\/06\/22\/karamarko-o-danu-antifasisticke-borbe-drugovi-sto-ste-bili-od-23-kolovoza-1939-do-22-lipnja-1941\/#primaryimage"},"thumbnailUrl":"https:\/\/radioljubuski.ba\/wp-content\/uploads\/2022\/06\/Untitled-collage-28-696x522-1.jpg","articleSection":["BIH i regija"],"inLanguage":"hr"},{"@type":"WebPage","@id":"https:\/\/radioljubuski.ba\/index.php\/2022\/06\/22\/karamarko-o-danu-antifasisticke-borbe-drugovi-sto-ste-bili-od-23-kolovoza-1939-do-22-lipnja-1941\/","url":"https:\/\/radioljubuski.ba\/index.php\/2022\/06\/22\/karamarko-o-danu-antifasisticke-borbe-drugovi-sto-ste-bili-od-23-kolovoza-1939-do-22-lipnja-1941\/","name":"Karamarko o Danu antifa\u0161isti\u010dke borbe: Drugovi, \u0161to ste bili od 23. kolovoza 1939. do 22. lipnja 1941.?! - RADIO LJUBU\u0160KI","isPartOf":{"@id":"https:\/\/radioljubuski.ba\/#website"},"primaryImageOfPage":{"@id":"https:\/\/radioljubuski.ba\/index.php\/2022\/06\/22\/karamarko-o-danu-antifasisticke-borbe-drugovi-sto-ste-bili-od-23-kolovoza-1939-do-22-lipnja-1941\/#primaryimage"},"image":{"@id":"https:\/\/radioljubuski.ba\/index.php\/2022\/06\/22\/karamarko-o-danu-antifasisticke-borbe-drugovi-sto-ste-bili-od-23-kolovoza-1939-do-22-lipnja-1941\/#primaryimage"},"thumbnailUrl":"https:\/\/radioljubuski.ba\/wp-content\/uploads\/2022\/06\/Untitled-collage-28-696x522-1.jpg","datePublished":"2022-06-22T10:02:03+00:00","dateModified":"2022-06-22T10:02:05+00:00","breadcrumb":{"@id":"https:\/\/radioljubuski.ba\/index.php\/2022\/06\/22\/karamarko-o-danu-antifasisticke-borbe-drugovi-sto-ste-bili-od-23-kolovoza-1939-do-22-lipnja-1941\/#breadcrumb"},"inLanguage":"hr","potentialAction":[{"@type":"ReadAction","target":["https:\/\/radioljubuski.ba\/index.php\/2022\/06\/22\/karamarko-o-danu-antifasisticke-borbe-drugovi-sto-ste-bili-od-23-kolovoza-1939-do-22-lipnja-1941\/"]}]},{"@type":"ImageObject","inLanguage":"hr","@id":"https:\/\/radioljubuski.ba\/index.php\/2022\/06\/22\/karamarko-o-danu-antifasisticke-borbe-drugovi-sto-ste-bili-od-23-kolovoza-1939-do-22-lipnja-1941\/#primaryimage","url":"https:\/\/radioljubuski.ba\/wp-content\/uploads\/2022\/06\/Untitled-collage-28-696x522-1.jpg","contentUrl":"https:\/\/radioljubuski.ba\/wp-content\/uploads\/2022\/06\/Untitled-collage-28-696x522-1.jpg","width":696,"height":522},{"@type":"BreadcrumbList","@id":"https:\/\/radioljubuski.ba\/index.php\/2022\/06\/22\/karamarko-o-danu-antifasisticke-borbe-drugovi-sto-ste-bili-od-23-kolovoza-1939-do-22-lipnja-1941\/#breadcrumb","itemListElement":[{"@type":"ListItem","position":1,"name":"Po\u010detna stranica","item":"https:\/\/radioljubuski.ba\/"},{"@type":"ListItem","position":2,"name":"Karamarko o Danu antifa\u0161isti\u010dke borbe: Drugovi, \u0161to ste bili od 23. kolovoza 1939. do 22. lipnja 1941.?!"}]},{"@type":"WebSite","@id":"https:\/\/radioljubuski.ba\/#website","url":"https:\/\/radioljubuski.ba\/","name":"Radio Ljubu\u0161ki","description":"Sun\u010dana frekvencija Hercegovine","publisher":{"@id":"https:\/\/radioljubuski.ba\/#organization"},"potentialAction":[{"@type":"SearchAction","target":{"@type":"EntryPoint","urlTemplate":"https:\/\/radioljubuski.ba\/?s={search_term_string}"},"query-input":{"@type":"PropertyValueSpecification","valueRequired":true,"valueName":"search_term_string"}}],"inLanguage":"hr"},{"@type":"Organization","@id":"https:\/\/radioljubuski.ba\/#organization","name":"Radio Ljubu\u0161ki","url":"https:\/\/radioljubuski.ba\/","logo":{"@type":"ImageObject","inLanguage":"hr","@id":"https:\/\/radioljubuski.ba\/#\/schema\/logo\/image\/","url":"https:\/\/radioljubuski.ba\/wp-content\/uploads\/2021\/02\/cropped-Radio_Ljubuski_logo1.jpg","contentUrl":"https:\/\/radioljubuski.ba\/wp-content\/uploads\/2021\/02\/cropped-Radio_Ljubuski_logo1.jpg","width":512,"height":512,"caption":"Radio Ljubu\u0161ki"},"image":{"@id":"https:\/\/radioljubuski.ba\/#\/schema\/logo\/image\/"},"sameAs":["https:\/\/www.facebook.com\/Radiio-Ljubuski-1490835324566332","https:\/\/x.com\/radioljubuski","https:\/\/hr.linkedin.com\/company\/radio-ljubuski","https:\/\/www.youtube.com\/channel\/UCHYaeO_n0Db3tjNGudGpXyw"]},{"@type":"Person","@id":"https:\/\/radioljubuski.ba\/#\/schema\/person\/19fc700381a780f69665d7956c469e3b","name":"Radio Ljubu\u0161ki"}]}},"_links":{"self":[{"href":"https:\/\/radioljubuski.ba\/index.php\/wp-json\/wp\/v2\/posts\/152025","targetHints":{"allow":["GET"]}}],"collection":[{"href":"https:\/\/radioljubuski.ba\/index.php\/wp-json\/wp\/v2\/posts"}],"about":[{"href":"https:\/\/radioljubuski.ba\/index.php\/wp-json\/wp\/v2\/types\/post"}],"author":[{"embeddable":true,"href":"https:\/\/radioljubuski.ba\/index.php\/wp-json\/wp\/v2\/users\/2"}],"replies":[{"embeddable":true,"href":"https:\/\/radioljubuski.ba\/index.php\/wp-json\/wp\/v2\/comments?post=152025"}],"version-history":[{"count":1,"href":"https:\/\/radioljubuski.ba\/index.php\/wp-json\/wp\/v2\/posts\/152025\/revisions"}],"predecessor-version":[{"id":152029,"href":"https:\/\/radioljubuski.ba\/index.php\/wp-json\/wp\/v2\/posts\/152025\/revisions\/152029"}],"wp:featuredmedia":[{"embeddable":true,"href":"https:\/\/radioljubuski.ba\/index.php\/wp-json\/wp\/v2\/media\/152028"}],"wp:attachment":[{"href":"https:\/\/radioljubuski.ba\/index.php\/wp-json\/wp\/v2\/media?parent=152025"}],"wp:term":[{"taxonomy":"category","embeddable":true,"href":"https:\/\/radioljubuski.ba\/index.php\/wp-json\/wp\/v2\/categories?post=152025"},{"taxonomy":"post_tag","embeddable":true,"href":"https:\/\/radioljubuski.ba\/index.php\/wp-json\/wp\/v2\/tags?post=152025"}],"curies":[{"name":"wp","href":"https:\/\/api.w.org\/{rel}","templated":true}]}}