{"id":152030,"date":"2022-06-22T11:04:19","date_gmt":"2022-06-22T10:04:19","guid":{"rendered":"https:\/\/radioljubuski.ba\/?p=152030"},"modified":"2022-06-22T11:04:20","modified_gmt":"2022-06-22T10:04:20","slug":"mjestani-neuma-ne-zele-kruzer-u-svom-moru-danas-odluka-u-prosvjedu","status":"publish","type":"post","link":"https:\/\/radioljubuski.ba\/index.php\/2022\/06\/22\/mjestani-neuma-ne-zele-kruzer-u-svom-moru-danas-odluka-u-prosvjedu\/","title":{"rendered":"Mje\u0161tani Neuma ne \u017eele kruzer u svom moru; danas odluka u prosvjedu"},"content":{"rendered":"\n<p>Mje\u0161tani Neuma negativno su iznena\u0111eni informacijom da \u0107e u njihov grad uploviti kruzer, a za informaciju su, ka\u017eu, doznali iz medija. <\/p>\n\n\n\n<p>Kako je za Bljesak.info reklo nekoliko mje\u0161tana, imaju osje\u0107aj da se njih ni\u0161ta ne pita kada je u pitanju njihovo zdravlje, ali i svakodnevni \u017eivot. <\/p>\n\n\n\n<p>&#8221;Ne \u017eelimo kruzere, ne \u017eelimo prljav\u0161tinu, ne \u017eelimo one\u010di\u0161\u0107enje&#8221;, ka\u017eu Neumljani. Rezignirani su, dodaju, i \u010dinjenicom kako \u0107e kruzer stati u Neum da gosti posjete mjesta oko Neuma &#8211; Mostar, Me\u0111ugorje, \u010capljinu&#8230; <\/p>\n\n\n\n<p>&#8221;Druga bi stvar bila da \u0107e kruzer do\u0107i i da \u0107e ti gosti stati u Neum, tu odsjesti, potro\u0161iti novce, i biti gosti Neuma. Ovako \u0107e netko drugi zaraditi, a u Neumu \u0107e ostati gu\u017eva, ne\u010disto\u0107a i problemi&#8221;, ka\u017ee mje\u0161tanin. <\/p>\n\n\n\n<p>Ka\u017eu da imaju i neslu\u017ebenu informaciju da \u0107e na brodu biti 700 gostiju po koje \u0107e u Neum do\u0107i 15 autobusa. <\/p>\n\n\n\n<p>Podsjetimo, kruzer bi u Neum trebao sti\u0107i u \u010detvrtak, a prije toga \u0107e pro\u0107i\u00a0ispod Pelje\u0161kog mosta \u010dime bi zapravo bio prvi kruzer koji je pro\u0161ao ispod ove gra\u0111evine. <\/p>\n\n\n\n<p>Brod &#8221;Bolette&#8221; je pod zapovjedni\u0161tvom dubrova\u010dkog kapetana Joze Glavi\u0107a koji je na kru\u017enom putovanju. Kruzer \u0107e prvo sti\u0107i u plo\u010danski akvatorij,\u00a0gdje \u0107e biti obavljene carinske i druge formalnosti, a nakon toga plove\u0107i hotel \u0107e se usidriti ispred Neuma, dok \u0107e putnici, kako javlja Dubrova\u010dki vjesnik, mo\u0107i obilaziti najbli\u017ea turisti\u010dka odredi\u0161ta poput Me\u0111ugorja ili Mostara. Odlazak iz Neuma planiran je istog dana.<\/p>\n\n\n\n<p>Mje\u0161tani su nam kazali kako \u0107e tijekom dana poku\u0161ati organizirati vi\u0161e sastanaka kako bi odlu\u010dili o eventualnom prosvjedu te blokadi dolaska kruzera. <\/p>\n\n\n\n<p><strong>Izvor: Bljesak.info<\/strong><\/p>\n","protected":false},"excerpt":{"rendered":"<p>Mje\u0161tani Neuma negativno su iznena\u0111eni informacijom da \u0107e u njihov grad uploviti kruzer, a za informaciju su, ka\u017eu, doznali iz medija. Kako je za Bljesak.info reklo nekoliko mje\u0161tana, imaju osje\u0107aj da se njih ni\u0161ta ne pita kada je u pitanju njihovo zdravlje, ali i svakodnevni \u017eivot. &#8221;Ne \u017eelimo kruzere, ne \u017eelimo prljav\u0161tinu, ne \u017eelimo one\u010di\u0161\u0107enje&#8221;, [&hellip;]<\/p>\n","protected":false},"author":2,"featured_media":152031,"comment_status":"closed","ping_status":"closed","sticky":false,"template":"","format":"standard","meta":{"h5ap_radio_sources":[],"footnotes":""},"categories":[1],"tags":[],"class_list":["post-152030","post","type-post","status-publish","format-standard","has-post-thumbnail","hentry","category-bihiregija"],"yoast_head":"<!-- This site is optimized with the Yoast SEO plugin v27.4 - https:\/\/yoast.com\/product\/yoast-seo-wordpress\/ -->\n<title>Mje\u0161tani Neuma ne \u017eele kruzer u svom moru; danas odluka u prosvjedu - RADIO LJUBU\u0160KI<\/title>\n<meta name=\"robots\" content=\"index, follow, max-snippet:-1, max-image-preview:large, max-video-preview:-1\" \/>\n<link rel=\"canonical\" href=\"https:\/\/radioljubuski.ba\/index.php\/2022\/06\/22\/mjestani-neuma-ne-zele-kruzer-u-svom-moru-danas-odluka-u-prosvjedu\/\" \/>\n<meta property=\"og:locale\" content=\"hr_HR\" \/>\n<meta property=\"og:type\" content=\"article\" \/>\n<meta property=\"og:title\" content=\"Mje\u0161tani Neuma ne \u017eele kruzer u svom moru; danas odluka u prosvjedu - RADIO LJUBU\u0160KI\" \/>\n<meta property=\"og:description\" content=\"Mje\u0161tani Neuma negativno su iznena\u0111eni informacijom da \u0107e u njihov grad uploviti kruzer, a za informaciju su, ka\u017eu, doznali iz medija. Kako je za Bljesak.info reklo nekoliko mje\u0161tana, imaju osje\u0107aj da se njih ni\u0161ta ne pita kada je u pitanju njihovo zdravlje, ali i svakodnevni \u017eivot. &#8221;Ne \u017eelimo kruzere, ne \u017eelimo prljav\u0161tinu, ne \u017eelimo one\u010di\u0161\u0107enje&#8221;, [&hellip;]\" \/>\n<meta property=\"og:url\" content=\"https:\/\/radioljubuski.ba\/index.php\/2022\/06\/22\/mjestani-neuma-ne-zele-kruzer-u-svom-moru-danas-odluka-u-prosvjedu\/\" \/>\n<meta property=\"og:site_name\" content=\"RADIO LJUBU\u0160KI\" \/>\n<meta property=\"article:publisher\" content=\"https:\/\/www.facebook.com\/Radiio-Ljubuski-1490835324566332\" \/>\n<meta property=\"article:published_time\" content=\"2022-06-22T10:04:19+00:00\" \/>\n<meta property=\"article:modified_time\" content=\"2022-06-22T10:04:20+00:00\" \/>\n<meta property=\"og:image\" content=\"https:\/\/radioljubuski.ba\/wp-content\/uploads\/2022\/06\/neum-more.jpg\" \/>\n\t<meta property=\"og:image:width\" content=\"800\" \/>\n\t<meta property=\"og:image:height\" content=\"550\" \/>\n\t<meta property=\"og:image:type\" content=\"image\/jpeg\" \/>\n<meta name=\"author\" content=\"Radio Ljubu\u0161ki\" \/>\n<meta name=\"twitter:card\" content=\"summary_large_image\" \/>\n<meta name=\"twitter:creator\" content=\"@radioljubuski\" \/>\n<meta name=\"twitter:site\" content=\"@radioljubuski\" \/>\n<meta name=\"twitter:label1\" content=\"Napisao\/la\" \/>\n\t<meta name=\"twitter:data1\" content=\"Radio Ljubu\u0161ki\" \/>\n\t<meta name=\"twitter:label2\" content=\"Procijenjeno vrijeme \u010ditanja\" \/>\n\t<meta name=\"twitter:data2\" content=\"2 minute\" \/>\n<script type=\"application\/ld+json\" class=\"yoast-schema-graph\">{\"@context\":\"https:\\\/\\\/schema.org\",\"@graph\":[{\"@type\":\"Article\",\"@id\":\"https:\\\/\\\/radioljubuski.ba\\\/index.php\\\/2022\\\/06\\\/22\\\/mjestani-neuma-ne-zele-kruzer-u-svom-moru-danas-odluka-u-prosvjedu\\\/#article\",\"isPartOf\":{\"@id\":\"https:\\\/\\\/radioljubuski.ba\\\/index.php\\\/2022\\\/06\\\/22\\\/mjestani-neuma-ne-zele-kruzer-u-svom-moru-danas-odluka-u-prosvjedu\\\/\"},\"author\":{\"name\":\"Radio Ljubu\u0161ki\",\"@id\":\"https:\\\/\\\/radioljubuski.ba\\\/#\\\/schema\\\/person\\\/19fc700381a780f69665d7956c469e3b\"},\"headline\":\"Mje\u0161tani Neuma ne \u017eele kruzer u svom moru; danas odluka u prosvjedu\",\"datePublished\":\"2022-06-22T10:04:19+00:00\",\"dateModified\":\"2022-06-22T10:04:20+00:00\",\"mainEntityOfPage\":{\"@id\":\"https:\\\/\\\/radioljubuski.ba\\\/index.php\\\/2022\\\/06\\\/22\\\/mjestani-neuma-ne-zele-kruzer-u-svom-moru-danas-odluka-u-prosvjedu\\\/\"},\"wordCount\":310,\"publisher\":{\"@id\":\"https:\\\/\\\/radioljubuski.ba\\\/#organization\"},\"image\":{\"@id\":\"https:\\\/\\\/radioljubuski.ba\\\/index.php\\\/2022\\\/06\\\/22\\\/mjestani-neuma-ne-zele-kruzer-u-svom-moru-danas-odluka-u-prosvjedu\\\/#primaryimage\"},\"thumbnailUrl\":\"https:\\\/\\\/radioljubuski.ba\\\/wp-content\\\/uploads\\\/2022\\\/06\\\/neum-more.jpg\",\"articleSection\":[\"BIH i regija\"],\"inLanguage\":\"hr\"},{\"@type\":\"WebPage\",\"@id\":\"https:\\\/\\\/radioljubuski.ba\\\/index.php\\\/2022\\\/06\\\/22\\\/mjestani-neuma-ne-zele-kruzer-u-svom-moru-danas-odluka-u-prosvjedu\\\/\",\"url\":\"https:\\\/\\\/radioljubuski.ba\\\/index.php\\\/2022\\\/06\\\/22\\\/mjestani-neuma-ne-zele-kruzer-u-svom-moru-danas-odluka-u-prosvjedu\\\/\",\"name\":\"Mje\u0161tani Neuma ne \u017eele kruzer u svom moru; danas odluka u prosvjedu - RADIO LJUBU\u0160KI\",\"isPartOf\":{\"@id\":\"https:\\\/\\\/radioljubuski.ba\\\/#website\"},\"primaryImageOfPage\":{\"@id\":\"https:\\\/\\\/radioljubuski.ba\\\/index.php\\\/2022\\\/06\\\/22\\\/mjestani-neuma-ne-zele-kruzer-u-svom-moru-danas-odluka-u-prosvjedu\\\/#primaryimage\"},\"image\":{\"@id\":\"https:\\\/\\\/radioljubuski.ba\\\/index.php\\\/2022\\\/06\\\/22\\\/mjestani-neuma-ne-zele-kruzer-u-svom-moru-danas-odluka-u-prosvjedu\\\/#primaryimage\"},\"thumbnailUrl\":\"https:\\\/\\\/radioljubuski.ba\\\/wp-content\\\/uploads\\\/2022\\\/06\\\/neum-more.jpg\",\"datePublished\":\"2022-06-22T10:04:19+00:00\",\"dateModified\":\"2022-06-22T10:04:20+00:00\",\"breadcrumb\":{\"@id\":\"https:\\\/\\\/radioljubuski.ba\\\/index.php\\\/2022\\\/06\\\/22\\\/mjestani-neuma-ne-zele-kruzer-u-svom-moru-danas-odluka-u-prosvjedu\\\/#breadcrumb\"},\"inLanguage\":\"hr\",\"potentialAction\":[{\"@type\":\"ReadAction\",\"target\":[\"https:\\\/\\\/radioljubuski.ba\\\/index.php\\\/2022\\\/06\\\/22\\\/mjestani-neuma-ne-zele-kruzer-u-svom-moru-danas-odluka-u-prosvjedu\\\/\"]}]},{\"@type\":\"ImageObject\",\"inLanguage\":\"hr\",\"@id\":\"https:\\\/\\\/radioljubuski.ba\\\/index.php\\\/2022\\\/06\\\/22\\\/mjestani-neuma-ne-zele-kruzer-u-svom-moru-danas-odluka-u-prosvjedu\\\/#primaryimage\",\"url\":\"https:\\\/\\\/radioljubuski.ba\\\/wp-content\\\/uploads\\\/2022\\\/06\\\/neum-more.jpg\",\"contentUrl\":\"https:\\\/\\\/radioljubuski.ba\\\/wp-content\\\/uploads\\\/2022\\\/06\\\/neum-more.jpg\",\"width\":800,\"height\":550},{\"@type\":\"BreadcrumbList\",\"@id\":\"https:\\\/\\\/radioljubuski.ba\\\/index.php\\\/2022\\\/06\\\/22\\\/mjestani-neuma-ne-zele-kruzer-u-svom-moru-danas-odluka-u-prosvjedu\\\/#breadcrumb\",\"itemListElement\":[{\"@type\":\"ListItem\",\"position\":1,\"name\":\"Po\u010detna stranica\",\"item\":\"https:\\\/\\\/radioljubuski.ba\\\/\"},{\"@type\":\"ListItem\",\"position\":2,\"name\":\"Mje\u0161tani Neuma ne \u017eele kruzer u svom moru; danas odluka u prosvjedu\"}]},{\"@type\":\"WebSite\",\"@id\":\"https:\\\/\\\/radioljubuski.ba\\\/#website\",\"url\":\"https:\\\/\\\/radioljubuski.ba\\\/\",\"name\":\"Radio Ljubu\u0161ki\",\"description\":\"Sun\u010dana frekvencija Hercegovine\",\"publisher\":{\"@id\":\"https:\\\/\\\/radioljubuski.ba\\\/#organization\"},\"potentialAction\":[{\"@type\":\"SearchAction\",\"target\":{\"@type\":\"EntryPoint\",\"urlTemplate\":\"https:\\\/\\\/radioljubuski.ba\\\/?s={search_term_string}\"},\"query-input\":{\"@type\":\"PropertyValueSpecification\",\"valueRequired\":true,\"valueName\":\"search_term_string\"}}],\"inLanguage\":\"hr\"},{\"@type\":\"Organization\",\"@id\":\"https:\\\/\\\/radioljubuski.ba\\\/#organization\",\"name\":\"Radio Ljubu\u0161ki\",\"url\":\"https:\\\/\\\/radioljubuski.ba\\\/\",\"logo\":{\"@type\":\"ImageObject\",\"inLanguage\":\"hr\",\"@id\":\"https:\\\/\\\/radioljubuski.ba\\\/#\\\/schema\\\/logo\\\/image\\\/\",\"url\":\"https:\\\/\\\/radioljubuski.ba\\\/wp-content\\\/uploads\\\/2021\\\/02\\\/cropped-Radio_Ljubuski_logo1.jpg\",\"contentUrl\":\"https:\\\/\\\/radioljubuski.ba\\\/wp-content\\\/uploads\\\/2021\\\/02\\\/cropped-Radio_Ljubuski_logo1.jpg\",\"width\":512,\"height\":512,\"caption\":\"Radio Ljubu\u0161ki\"},\"image\":{\"@id\":\"https:\\\/\\\/radioljubuski.ba\\\/#\\\/schema\\\/logo\\\/image\\\/\"},\"sameAs\":[\"https:\\\/\\\/www.facebook.com\\\/Radiio-Ljubuski-1490835324566332\",\"https:\\\/\\\/x.com\\\/radioljubuski\",\"https:\\\/\\\/hr.linkedin.com\\\/company\\\/radio-ljubuski\",\"https:\\\/\\\/www.youtube.com\\\/channel\\\/UCHYaeO_n0Db3tjNGudGpXyw\"]},{\"@type\":\"Person\",\"@id\":\"https:\\\/\\\/radioljubuski.ba\\\/#\\\/schema\\\/person\\\/19fc700381a780f69665d7956c469e3b\",\"name\":\"Radio Ljubu\u0161ki\"}]}<\/script>\n<!-- \/ Yoast SEO plugin. -->","yoast_head_json":{"title":"Mje\u0161tani Neuma ne \u017eele kruzer u svom moru; danas odluka u prosvjedu - RADIO LJUBU\u0160KI","robots":{"index":"index","follow":"follow","max-snippet":"max-snippet:-1","max-image-preview":"max-image-preview:large","max-video-preview":"max-video-preview:-1"},"canonical":"https:\/\/radioljubuski.ba\/index.php\/2022\/06\/22\/mjestani-neuma-ne-zele-kruzer-u-svom-moru-danas-odluka-u-prosvjedu\/","og_locale":"hr_HR","og_type":"article","og_title":"Mje\u0161tani Neuma ne \u017eele kruzer u svom moru; danas odluka u prosvjedu - RADIO LJUBU\u0160KI","og_description":"Mje\u0161tani Neuma negativno su iznena\u0111eni informacijom da \u0107e u njihov grad uploviti kruzer, a za informaciju su, ka\u017eu, doznali iz medija. Kako je za Bljesak.info reklo nekoliko mje\u0161tana, imaju osje\u0107aj da se njih ni\u0161ta ne pita kada je u pitanju njihovo zdravlje, ali i svakodnevni \u017eivot. &#8221;Ne \u017eelimo kruzere, ne \u017eelimo prljav\u0161tinu, ne \u017eelimo one\u010di\u0161\u0107enje&#8221;, [&hellip;]","og_url":"https:\/\/radioljubuski.ba\/index.php\/2022\/06\/22\/mjestani-neuma-ne-zele-kruzer-u-svom-moru-danas-odluka-u-prosvjedu\/","og_site_name":"RADIO LJUBU\u0160KI","article_publisher":"https:\/\/www.facebook.com\/Radiio-Ljubuski-1490835324566332","article_published_time":"2022-06-22T10:04:19+00:00","article_modified_time":"2022-06-22T10:04:20+00:00","og_image":[{"width":800,"height":550,"url":"https:\/\/radioljubuski.ba\/wp-content\/uploads\/2022\/06\/neum-more.jpg","type":"image\/jpeg"}],"author":"Radio Ljubu\u0161ki","twitter_card":"summary_large_image","twitter_creator":"@radioljubuski","twitter_site":"@radioljubuski","twitter_misc":{"Napisao\/la":"Radio Ljubu\u0161ki","Procijenjeno vrijeme \u010ditanja":"2 minute"},"schema":{"@context":"https:\/\/schema.org","@graph":[{"@type":"Article","@id":"https:\/\/radioljubuski.ba\/index.php\/2022\/06\/22\/mjestani-neuma-ne-zele-kruzer-u-svom-moru-danas-odluka-u-prosvjedu\/#article","isPartOf":{"@id":"https:\/\/radioljubuski.ba\/index.php\/2022\/06\/22\/mjestani-neuma-ne-zele-kruzer-u-svom-moru-danas-odluka-u-prosvjedu\/"},"author":{"name":"Radio Ljubu\u0161ki","@id":"https:\/\/radioljubuski.ba\/#\/schema\/person\/19fc700381a780f69665d7956c469e3b"},"headline":"Mje\u0161tani Neuma ne \u017eele kruzer u svom moru; danas odluka u prosvjedu","datePublished":"2022-06-22T10:04:19+00:00","dateModified":"2022-06-22T10:04:20+00:00","mainEntityOfPage":{"@id":"https:\/\/radioljubuski.ba\/index.php\/2022\/06\/22\/mjestani-neuma-ne-zele-kruzer-u-svom-moru-danas-odluka-u-prosvjedu\/"},"wordCount":310,"publisher":{"@id":"https:\/\/radioljubuski.ba\/#organization"},"image":{"@id":"https:\/\/radioljubuski.ba\/index.php\/2022\/06\/22\/mjestani-neuma-ne-zele-kruzer-u-svom-moru-danas-odluka-u-prosvjedu\/#primaryimage"},"thumbnailUrl":"https:\/\/radioljubuski.ba\/wp-content\/uploads\/2022\/06\/neum-more.jpg","articleSection":["BIH i regija"],"inLanguage":"hr"},{"@type":"WebPage","@id":"https:\/\/radioljubuski.ba\/index.php\/2022\/06\/22\/mjestani-neuma-ne-zele-kruzer-u-svom-moru-danas-odluka-u-prosvjedu\/","url":"https:\/\/radioljubuski.ba\/index.php\/2022\/06\/22\/mjestani-neuma-ne-zele-kruzer-u-svom-moru-danas-odluka-u-prosvjedu\/","name":"Mje\u0161tani Neuma ne \u017eele kruzer u svom moru; danas odluka u prosvjedu - RADIO LJUBU\u0160KI","isPartOf":{"@id":"https:\/\/radioljubuski.ba\/#website"},"primaryImageOfPage":{"@id":"https:\/\/radioljubuski.ba\/index.php\/2022\/06\/22\/mjestani-neuma-ne-zele-kruzer-u-svom-moru-danas-odluka-u-prosvjedu\/#primaryimage"},"image":{"@id":"https:\/\/radioljubuski.ba\/index.php\/2022\/06\/22\/mjestani-neuma-ne-zele-kruzer-u-svom-moru-danas-odluka-u-prosvjedu\/#primaryimage"},"thumbnailUrl":"https:\/\/radioljubuski.ba\/wp-content\/uploads\/2022\/06\/neum-more.jpg","datePublished":"2022-06-22T10:04:19+00:00","dateModified":"2022-06-22T10:04:20+00:00","breadcrumb":{"@id":"https:\/\/radioljubuski.ba\/index.php\/2022\/06\/22\/mjestani-neuma-ne-zele-kruzer-u-svom-moru-danas-odluka-u-prosvjedu\/#breadcrumb"},"inLanguage":"hr","potentialAction":[{"@type":"ReadAction","target":["https:\/\/radioljubuski.ba\/index.php\/2022\/06\/22\/mjestani-neuma-ne-zele-kruzer-u-svom-moru-danas-odluka-u-prosvjedu\/"]}]},{"@type":"ImageObject","inLanguage":"hr","@id":"https:\/\/radioljubuski.ba\/index.php\/2022\/06\/22\/mjestani-neuma-ne-zele-kruzer-u-svom-moru-danas-odluka-u-prosvjedu\/#primaryimage","url":"https:\/\/radioljubuski.ba\/wp-content\/uploads\/2022\/06\/neum-more.jpg","contentUrl":"https:\/\/radioljubuski.ba\/wp-content\/uploads\/2022\/06\/neum-more.jpg","width":800,"height":550},{"@type":"BreadcrumbList","@id":"https:\/\/radioljubuski.ba\/index.php\/2022\/06\/22\/mjestani-neuma-ne-zele-kruzer-u-svom-moru-danas-odluka-u-prosvjedu\/#breadcrumb","itemListElement":[{"@type":"ListItem","position":1,"name":"Po\u010detna stranica","item":"https:\/\/radioljubuski.ba\/"},{"@type":"ListItem","position":2,"name":"Mje\u0161tani Neuma ne \u017eele kruzer u svom moru; danas odluka u prosvjedu"}]},{"@type":"WebSite","@id":"https:\/\/radioljubuski.ba\/#website","url":"https:\/\/radioljubuski.ba\/","name":"Radio Ljubu\u0161ki","description":"Sun\u010dana frekvencija Hercegovine","publisher":{"@id":"https:\/\/radioljubuski.ba\/#organization"},"potentialAction":[{"@type":"SearchAction","target":{"@type":"EntryPoint","urlTemplate":"https:\/\/radioljubuski.ba\/?s={search_term_string}"},"query-input":{"@type":"PropertyValueSpecification","valueRequired":true,"valueName":"search_term_string"}}],"inLanguage":"hr"},{"@type":"Organization","@id":"https:\/\/radioljubuski.ba\/#organization","name":"Radio Ljubu\u0161ki","url":"https:\/\/radioljubuski.ba\/","logo":{"@type":"ImageObject","inLanguage":"hr","@id":"https:\/\/radioljubuski.ba\/#\/schema\/logo\/image\/","url":"https:\/\/radioljubuski.ba\/wp-content\/uploads\/2021\/02\/cropped-Radio_Ljubuski_logo1.jpg","contentUrl":"https:\/\/radioljubuski.ba\/wp-content\/uploads\/2021\/02\/cropped-Radio_Ljubuski_logo1.jpg","width":512,"height":512,"caption":"Radio Ljubu\u0161ki"},"image":{"@id":"https:\/\/radioljubuski.ba\/#\/schema\/logo\/image\/"},"sameAs":["https:\/\/www.facebook.com\/Radiio-Ljubuski-1490835324566332","https:\/\/x.com\/radioljubuski","https:\/\/hr.linkedin.com\/company\/radio-ljubuski","https:\/\/www.youtube.com\/channel\/UCHYaeO_n0Db3tjNGudGpXyw"]},{"@type":"Person","@id":"https:\/\/radioljubuski.ba\/#\/schema\/person\/19fc700381a780f69665d7956c469e3b","name":"Radio Ljubu\u0161ki"}]}},"_links":{"self":[{"href":"https:\/\/radioljubuski.ba\/index.php\/wp-json\/wp\/v2\/posts\/152030","targetHints":{"allow":["GET"]}}],"collection":[{"href":"https:\/\/radioljubuski.ba\/index.php\/wp-json\/wp\/v2\/posts"}],"about":[{"href":"https:\/\/radioljubuski.ba\/index.php\/wp-json\/wp\/v2\/types\/post"}],"author":[{"embeddable":true,"href":"https:\/\/radioljubuski.ba\/index.php\/wp-json\/wp\/v2\/users\/2"}],"replies":[{"embeddable":true,"href":"https:\/\/radioljubuski.ba\/index.php\/wp-json\/wp\/v2\/comments?post=152030"}],"version-history":[{"count":1,"href":"https:\/\/radioljubuski.ba\/index.php\/wp-json\/wp\/v2\/posts\/152030\/revisions"}],"predecessor-version":[{"id":152032,"href":"https:\/\/radioljubuski.ba\/index.php\/wp-json\/wp\/v2\/posts\/152030\/revisions\/152032"}],"wp:featuredmedia":[{"embeddable":true,"href":"https:\/\/radioljubuski.ba\/index.php\/wp-json\/wp\/v2\/media\/152031"}],"wp:attachment":[{"href":"https:\/\/radioljubuski.ba\/index.php\/wp-json\/wp\/v2\/media?parent=152030"}],"wp:term":[{"taxonomy":"category","embeddable":true,"href":"https:\/\/radioljubuski.ba\/index.php\/wp-json\/wp\/v2\/categories?post=152030"},{"taxonomy":"post_tag","embeddable":true,"href":"https:\/\/radioljubuski.ba\/index.php\/wp-json\/wp\/v2\/tags?post=152030"}],"curies":[{"name":"wp","href":"https:\/\/api.w.org\/{rel}","templated":true}]}}