{"id":152050,"date":"2022-06-22T11:29:41","date_gmt":"2022-06-22T10:29:41","guid":{"rendered":"https:\/\/radioljubuski.ba\/?p=152050"},"modified":"2022-06-22T11:29:42","modified_gmt":"2022-06-22T10:29:42","slug":"jesu-li-hrvati-iz-bih-pali-na-ispitu-iz-lobiranja","status":"publish","type":"post","link":"https:\/\/radioljubuski.ba\/index.php\/2022\/06\/22\/jesu-li-hrvati-iz-bih-pali-na-ispitu-iz-lobiranja\/","title":{"rendered":"Jesu li Hrvati iz BiH \u2018pali\u2019 na ispitu iz lobiranja"},"content":{"rendered":"\n<p>Ne postoji op\u0107eprihva\u0107ena definicija lobiranja. Stoga je od iznimne va\u017enosti pravilno definirati sam pojam lobiranja kako bi glavni izazovi lobiranja bili prepoznati i uspje\u0161no rije\u0161eni.<\/p>\n\n\n\n<p>U \u0161irem smislu, lobiranje je neslu\u017ebeno djelovanje u ne\u010diju korist, odnosno poku\u0161aj utjecanja na odluke nagovaranjem ili prikrivenim pritiskom. Mo\u017ee se odnositi i na javne aktivnosti (kao \u0161to su demonstracije) ili javne poslovne aktivnosti raznih institucija (nevladinih organizacija, konzultantskih subjekata, raznih udru\u017eenja).<\/p>\n\n\n\n<p>U u\u017eem smislu, lobiranje se mo\u017ee odrediti kao aktivnost kojom se poku\u0161ava uvjeriti nekoga u vladaju\u0107oj strukturi, obi\u010dno izabrana \u010dlana vlade, kako bi podr\u017eao zakone ili pravila koja daju nekoj zajednici, organizaciji ili industriji odre\u0111enu prednost pred ostalima.<\/p>\n\n\n\n<p>Vije\u0107e Europe pod pojmom lobiranje podrazumijeva koordinirani napor kako bi se ostvario utjecaj na formulacije politika i proces odlu\u010divanja s ciljem dobivanja odre\u0111enog rezultata od vlade, vlasti ili izabranih predstavnika, stoji na web stranici transparency.hr.<\/p>\n\n\n\n<p>Upravo zbog gornjeg dijela teksta mnogi politi\u010dari, ali i one apoliti\u010dne osobe smatraju da Hrvati u Bosni i Hercegovini najvi\u0161e gube na tom polju. Koliko u stvarnosti predstavnici Hrvata u Bosni i Hercegovini ula\u017eu u lobiranje vjerojatno nikada ne\u0107emo doznati. Ako se vratimo dvadesetak godina ranije Hrvati u Bosni i Hercegovini morali su se suo\u010diti s raznoraznim kritikama u Saboru Republike Hrvatske.<\/p>\n\n\n\n<p>Bo\u0161nja\u010dke stranke kao i danas izvr\u0161ile su lobiranje kod samog politi\u010dkog vrha Republike Hrvatske pa se mo\u017eemo prisjetiti i kako su razmi\u0161ljali i glasno govorili tada\u0161nji predsjednici Republike Hrvatske. U to vrijeme u hrvatskoj javnosti \u010desto smo mogli pro\u010ditati tekstove, ali i pogledati veliki broj video priloga na televiziji protiv Hrvata iz Bosne i Hercegovine. Naro\u010dito negativno se pisalo i govorilo u hrvatskim medijima protiv Hrvata iz Hercegovine, ali ni Hrvati iz Bosne nisu bili zaobi\u0111eni. Jednostavno stvorilo se dosta mr\u017enje prema Hrvatima koji dolaze s istoka u svoju maticu.<\/p>\n\n\n\n<p>Nakon dosta lobiranja uspjelo se vratiti donekle povjerenje u Hrvate iz Bosne i Hercegovine. Zanimljivo u tom periodu ako sporta\u0161i koji nastupaju za Hrvatsku osvoje nagrade Hrvatska ih je svojatala i dizala, ali ako ti isti ne uspiju \u201co\u010darati\u201d hrvatsku javnost odmah se isticalo njihovo porijeklo.<\/p>\n\n\n\n<p>Hrvati iz BiH koji su sjedili u klupama ve\u0107inom su bili samo puki promatra\u010di, a tek nekolicina se isticala, ali i nakon isticanja hrvatska javnost je na to podrugljivo gledala. Danas u Saboru ipak sjedi nekolicina Hrvata mo\u017eemo slobodno napisati iz BiH, ali i juga Hrvatske (Metkovi\u0107 op.a.) koji se vi\u0161e nego glasno bore za prava Hrvata iz BiH. Danas nam i na\u0161 predsjednik Milanovi\u0107 na sve to gleda dosta druga\u010dije i svojim istupima brani Hrvate iz BiH.<\/p>\n\n\n\n<p>Mnogi \u0107e istaknuti da su nekada\u0161nje ha\u0161ke presude u velikom djelu izre\u017eirane lobiranjem bo\u0161nja\u010dki politi\u010dara, a i danas smo svjedoci re\u017eije velikog djela bo\u0161nja\u010dkih politi\u010dara i njihovom lobiranju o nekoj gra\u0111anskoj dr\u017eavi koja bi se formirala po njihovim \u017eeljama. Na\u017ealost Hrvati u BiH i danas dosta lo\u0161e lobiraju jer vidimo da stanje na politi\u010dkoj sceni za Hrvate u Bosni i Hercegovini nikada nije bilo gore.<\/p>\n\n\n\n<p>SDA i stranke oko njih uzele su resor Ministarstva Vanjskih poslova BiH i preko tog Ministarstva imaju otvoren put za lobiranje. Sarajevski medijski centar je samo produ\u017eena ruka tog Ministarstva koje posljednjih godina iskrivljava sliku Bosne i Hercegovine. Dovoljno vam je da samo pristupite komentarima na pojedinim sarajevskim portalima i vidjet \u0107ete kako trenutno taj narod di\u0161e. Veliki broj komentara je zadojen mr\u017enjom naj\u010de\u0161\u0107e prema Srbima i Hrvatima, ali i Bo\u0161njacima koji ne misle kao dvije trenutno vode\u0107e bo\u0161nja\u010dke stranke u BiH (SDA i DF).<\/p>\n\n\n\n<p>Zanimljivo je da su ti mediji prepuni informacija kada se treba popljuvati vode\u0107e nebo\u0161nja\u010dke politi\u010dare, a \u010desto se prepravljanjem naslova i teksta u vijestima \u017eeli ocrniti svi oni koji ne misle kao te vode\u0107e stranke. Ako iz \u201csvijeta\u201d stigne informacija u kojoj neki politi\u010dar javno kritizira nebo\u0161nja\u010dke politi\u010dare ta se informacija predstavlja kao ekskluzivna (mada i slijep \u010dovjek vidi da je to izre\u017eirano op.a.), dok s druge strane ako se vijest doti\u010de negativnog po bo\u0161nja\u010dku politiku tu istu ne\u0107ete prona\u0107i u sarajevskom medijskom prostoru.<\/p>\n\n\n\n<p>U svakom slu\u010daju politi\u010dari koji predstavljaju Hrvate u Bosni i Hercegovini morati \u0107e vi\u0161e prostora i volje prona\u0107i za lobiranje kojekakvih europskih politi\u010dara i putem medija \u2013 novinara pridonjeti bolju sliku i polo\u017eaj Hrvata u BiH. Danas ako gledamo na polo\u017eaj Hrvata u Bosni i Hercegovini mo\u017eemo ponoviti i slobodno napisati da NIKADA NIJE BIO GORI.<\/p>\n\n\n\n<p><strong>Izvor: Hercegovina.in<\/strong><\/p>\n","protected":false},"excerpt":{"rendered":"<p>Ne postoji op\u0107eprihva\u0107ena definicija lobiranja. Stoga je od iznimne va\u017enosti pravilno definirati sam pojam lobiranja kako bi glavni izazovi lobiranja bili prepoznati i uspje\u0161no rije\u0161eni. U \u0161irem smislu, lobiranje je neslu\u017ebeno djelovanje u ne\u010diju korist, odnosno poku\u0161aj utjecanja na odluke nagovaranjem ili prikrivenim pritiskom. Mo\u017ee se odnositi i na javne aktivnosti (kao \u0161to su demonstracije) [&hellip;]<\/p>\n","protected":false},"author":2,"featured_media":148057,"comment_status":"closed","ping_status":"closed","sticky":false,"template":"","format":"standard","meta":{"h5ap_radio_sources":[],"footnotes":""},"categories":[1],"tags":[],"class_list":["post-152050","post","type-post","status-publish","format-standard","has-post-thumbnail","hentry","category-bihiregija"],"yoast_head":"<!-- This site is optimized with the Yoast SEO plugin v27.4 - https:\/\/yoast.com\/product\/yoast-seo-wordpress\/ -->\n<title>Jesu li Hrvati iz BiH \u2018pali\u2019 na ispitu iz lobiranja - RADIO LJUBU\u0160KI<\/title>\n<meta name=\"robots\" content=\"index, follow, max-snippet:-1, max-image-preview:large, max-video-preview:-1\" \/>\n<link rel=\"canonical\" href=\"https:\/\/radioljubuski.ba\/index.php\/2022\/06\/22\/jesu-li-hrvati-iz-bih-pali-na-ispitu-iz-lobiranja\/\" \/>\n<meta property=\"og:locale\" content=\"hr_HR\" \/>\n<meta property=\"og:type\" content=\"article\" \/>\n<meta property=\"og:title\" content=\"Jesu li Hrvati iz BiH \u2018pali\u2019 na ispitu iz lobiranja - RADIO LJUBU\u0160KI\" \/>\n<meta property=\"og:description\" content=\"Ne postoji op\u0107eprihva\u0107ena definicija lobiranja. Stoga je od iznimne va\u017enosti pravilno definirati sam pojam lobiranja kako bi glavni izazovi lobiranja bili prepoznati i uspje\u0161no rije\u0161eni. U \u0161irem smislu, lobiranje je neslu\u017ebeno djelovanje u ne\u010diju korist, odnosno poku\u0161aj utjecanja na odluke nagovaranjem ili prikrivenim pritiskom. Mo\u017ee se odnositi i na javne aktivnosti (kao \u0161to su demonstracije) [&hellip;]\" \/>\n<meta property=\"og:url\" content=\"https:\/\/radioljubuski.ba\/index.php\/2022\/06\/22\/jesu-li-hrvati-iz-bih-pali-na-ispitu-iz-lobiranja\/\" \/>\n<meta property=\"og:site_name\" content=\"RADIO LJUBU\u0160KI\" \/>\n<meta property=\"article:publisher\" content=\"https:\/\/www.facebook.com\/Radiio-Ljubuski-1490835324566332\" \/>\n<meta property=\"article:published_time\" content=\"2022-06-22T10:29:41+00:00\" \/>\n<meta property=\"article:modified_time\" content=\"2022-06-22T10:29:42+00:00\" \/>\n<meta property=\"og:image\" content=\"https:\/\/radioljubuski.ba\/wp-content\/uploads\/2022\/06\/rukovanje-zene.jpg\" \/>\n\t<meta property=\"og:image:width\" content=\"1000\" \/>\n\t<meta property=\"og:image:height\" content=\"563\" \/>\n\t<meta property=\"og:image:type\" content=\"image\/jpeg\" \/>\n<meta name=\"author\" content=\"Radio Ljubu\u0161ki\" \/>\n<meta name=\"twitter:card\" content=\"summary_large_image\" \/>\n<meta name=\"twitter:creator\" content=\"@radioljubuski\" \/>\n<meta name=\"twitter:site\" content=\"@radioljubuski\" \/>\n<meta name=\"twitter:label1\" content=\"Napisao\/la\" \/>\n\t<meta name=\"twitter:data1\" content=\"Radio Ljubu\u0161ki\" \/>\n\t<meta name=\"twitter:label2\" content=\"Procijenjeno vrijeme \u010ditanja\" \/>\n\t<meta name=\"twitter:data2\" content=\"4 minute\" \/>\n<script type=\"application\/ld+json\" class=\"yoast-schema-graph\">{\"@context\":\"https:\\\/\\\/schema.org\",\"@graph\":[{\"@type\":\"Article\",\"@id\":\"https:\\\/\\\/radioljubuski.ba\\\/index.php\\\/2022\\\/06\\\/22\\\/jesu-li-hrvati-iz-bih-pali-na-ispitu-iz-lobiranja\\\/#article\",\"isPartOf\":{\"@id\":\"https:\\\/\\\/radioljubuski.ba\\\/index.php\\\/2022\\\/06\\\/22\\\/jesu-li-hrvati-iz-bih-pali-na-ispitu-iz-lobiranja\\\/\"},\"author\":{\"name\":\"Radio Ljubu\u0161ki\",\"@id\":\"https:\\\/\\\/radioljubuski.ba\\\/#\\\/schema\\\/person\\\/19fc700381a780f69665d7956c469e3b\"},\"headline\":\"Jesu li Hrvati iz BiH \u2018pali\u2019 na ispitu iz lobiranja\",\"datePublished\":\"2022-06-22T10:29:41+00:00\",\"dateModified\":\"2022-06-22T10:29:42+00:00\",\"mainEntityOfPage\":{\"@id\":\"https:\\\/\\\/radioljubuski.ba\\\/index.php\\\/2022\\\/06\\\/22\\\/jesu-li-hrvati-iz-bih-pali-na-ispitu-iz-lobiranja\\\/\"},\"wordCount\":812,\"publisher\":{\"@id\":\"https:\\\/\\\/radioljubuski.ba\\\/#organization\"},\"image\":{\"@id\":\"https:\\\/\\\/radioljubuski.ba\\\/index.php\\\/2022\\\/06\\\/22\\\/jesu-li-hrvati-iz-bih-pali-na-ispitu-iz-lobiranja\\\/#primaryimage\"},\"thumbnailUrl\":\"https:\\\/\\\/radioljubuski.ba\\\/wp-content\\\/uploads\\\/2022\\\/06\\\/rukovanje-zene.jpg\",\"articleSection\":[\"BIH i regija\"],\"inLanguage\":\"hr\"},{\"@type\":\"WebPage\",\"@id\":\"https:\\\/\\\/radioljubuski.ba\\\/index.php\\\/2022\\\/06\\\/22\\\/jesu-li-hrvati-iz-bih-pali-na-ispitu-iz-lobiranja\\\/\",\"url\":\"https:\\\/\\\/radioljubuski.ba\\\/index.php\\\/2022\\\/06\\\/22\\\/jesu-li-hrvati-iz-bih-pali-na-ispitu-iz-lobiranja\\\/\",\"name\":\"Jesu li Hrvati iz BiH \u2018pali\u2019 na ispitu iz lobiranja - RADIO LJUBU\u0160KI\",\"isPartOf\":{\"@id\":\"https:\\\/\\\/radioljubuski.ba\\\/#website\"},\"primaryImageOfPage\":{\"@id\":\"https:\\\/\\\/radioljubuski.ba\\\/index.php\\\/2022\\\/06\\\/22\\\/jesu-li-hrvati-iz-bih-pali-na-ispitu-iz-lobiranja\\\/#primaryimage\"},\"image\":{\"@id\":\"https:\\\/\\\/radioljubuski.ba\\\/index.php\\\/2022\\\/06\\\/22\\\/jesu-li-hrvati-iz-bih-pali-na-ispitu-iz-lobiranja\\\/#primaryimage\"},\"thumbnailUrl\":\"https:\\\/\\\/radioljubuski.ba\\\/wp-content\\\/uploads\\\/2022\\\/06\\\/rukovanje-zene.jpg\",\"datePublished\":\"2022-06-22T10:29:41+00:00\",\"dateModified\":\"2022-06-22T10:29:42+00:00\",\"breadcrumb\":{\"@id\":\"https:\\\/\\\/radioljubuski.ba\\\/index.php\\\/2022\\\/06\\\/22\\\/jesu-li-hrvati-iz-bih-pali-na-ispitu-iz-lobiranja\\\/#breadcrumb\"},\"inLanguage\":\"hr\",\"potentialAction\":[{\"@type\":\"ReadAction\",\"target\":[\"https:\\\/\\\/radioljubuski.ba\\\/index.php\\\/2022\\\/06\\\/22\\\/jesu-li-hrvati-iz-bih-pali-na-ispitu-iz-lobiranja\\\/\"]}]},{\"@type\":\"ImageObject\",\"inLanguage\":\"hr\",\"@id\":\"https:\\\/\\\/radioljubuski.ba\\\/index.php\\\/2022\\\/06\\\/22\\\/jesu-li-hrvati-iz-bih-pali-na-ispitu-iz-lobiranja\\\/#primaryimage\",\"url\":\"https:\\\/\\\/radioljubuski.ba\\\/wp-content\\\/uploads\\\/2022\\\/06\\\/rukovanje-zene.jpg\",\"contentUrl\":\"https:\\\/\\\/radioljubuski.ba\\\/wp-content\\\/uploads\\\/2022\\\/06\\\/rukovanje-zene.jpg\",\"width\":1000,\"height\":563},{\"@type\":\"BreadcrumbList\",\"@id\":\"https:\\\/\\\/radioljubuski.ba\\\/index.php\\\/2022\\\/06\\\/22\\\/jesu-li-hrvati-iz-bih-pali-na-ispitu-iz-lobiranja\\\/#breadcrumb\",\"itemListElement\":[{\"@type\":\"ListItem\",\"position\":1,\"name\":\"Po\u010detna stranica\",\"item\":\"https:\\\/\\\/radioljubuski.ba\\\/\"},{\"@type\":\"ListItem\",\"position\":2,\"name\":\"Jesu li Hrvati iz BiH \u2018pali\u2019 na ispitu iz lobiranja\"}]},{\"@type\":\"WebSite\",\"@id\":\"https:\\\/\\\/radioljubuski.ba\\\/#website\",\"url\":\"https:\\\/\\\/radioljubuski.ba\\\/\",\"name\":\"Radio Ljubu\u0161ki\",\"description\":\"Sun\u010dana frekvencija Hercegovine\",\"publisher\":{\"@id\":\"https:\\\/\\\/radioljubuski.ba\\\/#organization\"},\"potentialAction\":[{\"@type\":\"SearchAction\",\"target\":{\"@type\":\"EntryPoint\",\"urlTemplate\":\"https:\\\/\\\/radioljubuski.ba\\\/?s={search_term_string}\"},\"query-input\":{\"@type\":\"PropertyValueSpecification\",\"valueRequired\":true,\"valueName\":\"search_term_string\"}}],\"inLanguage\":\"hr\"},{\"@type\":\"Organization\",\"@id\":\"https:\\\/\\\/radioljubuski.ba\\\/#organization\",\"name\":\"Radio Ljubu\u0161ki\",\"url\":\"https:\\\/\\\/radioljubuski.ba\\\/\",\"logo\":{\"@type\":\"ImageObject\",\"inLanguage\":\"hr\",\"@id\":\"https:\\\/\\\/radioljubuski.ba\\\/#\\\/schema\\\/logo\\\/image\\\/\",\"url\":\"https:\\\/\\\/radioljubuski.ba\\\/wp-content\\\/uploads\\\/2021\\\/02\\\/cropped-Radio_Ljubuski_logo1.jpg\",\"contentUrl\":\"https:\\\/\\\/radioljubuski.ba\\\/wp-content\\\/uploads\\\/2021\\\/02\\\/cropped-Radio_Ljubuski_logo1.jpg\",\"width\":512,\"height\":512,\"caption\":\"Radio Ljubu\u0161ki\"},\"image\":{\"@id\":\"https:\\\/\\\/radioljubuski.ba\\\/#\\\/schema\\\/logo\\\/image\\\/\"},\"sameAs\":[\"https:\\\/\\\/www.facebook.com\\\/Radiio-Ljubuski-1490835324566332\",\"https:\\\/\\\/x.com\\\/radioljubuski\",\"https:\\\/\\\/hr.linkedin.com\\\/company\\\/radio-ljubuski\",\"https:\\\/\\\/www.youtube.com\\\/channel\\\/UCHYaeO_n0Db3tjNGudGpXyw\"]},{\"@type\":\"Person\",\"@id\":\"https:\\\/\\\/radioljubuski.ba\\\/#\\\/schema\\\/person\\\/19fc700381a780f69665d7956c469e3b\",\"name\":\"Radio Ljubu\u0161ki\"}]}<\/script>\n<!-- \/ Yoast SEO plugin. -->","yoast_head_json":{"title":"Jesu li Hrvati iz BiH \u2018pali\u2019 na ispitu iz lobiranja - RADIO LJUBU\u0160KI","robots":{"index":"index","follow":"follow","max-snippet":"max-snippet:-1","max-image-preview":"max-image-preview:large","max-video-preview":"max-video-preview:-1"},"canonical":"https:\/\/radioljubuski.ba\/index.php\/2022\/06\/22\/jesu-li-hrvati-iz-bih-pali-na-ispitu-iz-lobiranja\/","og_locale":"hr_HR","og_type":"article","og_title":"Jesu li Hrvati iz BiH \u2018pali\u2019 na ispitu iz lobiranja - RADIO LJUBU\u0160KI","og_description":"Ne postoji op\u0107eprihva\u0107ena definicija lobiranja. Stoga je od iznimne va\u017enosti pravilno definirati sam pojam lobiranja kako bi glavni izazovi lobiranja bili prepoznati i uspje\u0161no rije\u0161eni. U \u0161irem smislu, lobiranje je neslu\u017ebeno djelovanje u ne\u010diju korist, odnosno poku\u0161aj utjecanja na odluke nagovaranjem ili prikrivenim pritiskom. Mo\u017ee se odnositi i na javne aktivnosti (kao \u0161to su demonstracije) [&hellip;]","og_url":"https:\/\/radioljubuski.ba\/index.php\/2022\/06\/22\/jesu-li-hrvati-iz-bih-pali-na-ispitu-iz-lobiranja\/","og_site_name":"RADIO LJUBU\u0160KI","article_publisher":"https:\/\/www.facebook.com\/Radiio-Ljubuski-1490835324566332","article_published_time":"2022-06-22T10:29:41+00:00","article_modified_time":"2022-06-22T10:29:42+00:00","og_image":[{"width":1000,"height":563,"url":"https:\/\/radioljubuski.ba\/wp-content\/uploads\/2022\/06\/rukovanje-zene.jpg","type":"image\/jpeg"}],"author":"Radio Ljubu\u0161ki","twitter_card":"summary_large_image","twitter_creator":"@radioljubuski","twitter_site":"@radioljubuski","twitter_misc":{"Napisao\/la":"Radio Ljubu\u0161ki","Procijenjeno vrijeme \u010ditanja":"4 minute"},"schema":{"@context":"https:\/\/schema.org","@graph":[{"@type":"Article","@id":"https:\/\/radioljubuski.ba\/index.php\/2022\/06\/22\/jesu-li-hrvati-iz-bih-pali-na-ispitu-iz-lobiranja\/#article","isPartOf":{"@id":"https:\/\/radioljubuski.ba\/index.php\/2022\/06\/22\/jesu-li-hrvati-iz-bih-pali-na-ispitu-iz-lobiranja\/"},"author":{"name":"Radio Ljubu\u0161ki","@id":"https:\/\/radioljubuski.ba\/#\/schema\/person\/19fc700381a780f69665d7956c469e3b"},"headline":"Jesu li Hrvati iz BiH \u2018pali\u2019 na ispitu iz lobiranja","datePublished":"2022-06-22T10:29:41+00:00","dateModified":"2022-06-22T10:29:42+00:00","mainEntityOfPage":{"@id":"https:\/\/radioljubuski.ba\/index.php\/2022\/06\/22\/jesu-li-hrvati-iz-bih-pali-na-ispitu-iz-lobiranja\/"},"wordCount":812,"publisher":{"@id":"https:\/\/radioljubuski.ba\/#organization"},"image":{"@id":"https:\/\/radioljubuski.ba\/index.php\/2022\/06\/22\/jesu-li-hrvati-iz-bih-pali-na-ispitu-iz-lobiranja\/#primaryimage"},"thumbnailUrl":"https:\/\/radioljubuski.ba\/wp-content\/uploads\/2022\/06\/rukovanje-zene.jpg","articleSection":["BIH i regija"],"inLanguage":"hr"},{"@type":"WebPage","@id":"https:\/\/radioljubuski.ba\/index.php\/2022\/06\/22\/jesu-li-hrvati-iz-bih-pali-na-ispitu-iz-lobiranja\/","url":"https:\/\/radioljubuski.ba\/index.php\/2022\/06\/22\/jesu-li-hrvati-iz-bih-pali-na-ispitu-iz-lobiranja\/","name":"Jesu li Hrvati iz BiH \u2018pali\u2019 na ispitu iz lobiranja - RADIO LJUBU\u0160KI","isPartOf":{"@id":"https:\/\/radioljubuski.ba\/#website"},"primaryImageOfPage":{"@id":"https:\/\/radioljubuski.ba\/index.php\/2022\/06\/22\/jesu-li-hrvati-iz-bih-pali-na-ispitu-iz-lobiranja\/#primaryimage"},"image":{"@id":"https:\/\/radioljubuski.ba\/index.php\/2022\/06\/22\/jesu-li-hrvati-iz-bih-pali-na-ispitu-iz-lobiranja\/#primaryimage"},"thumbnailUrl":"https:\/\/radioljubuski.ba\/wp-content\/uploads\/2022\/06\/rukovanje-zene.jpg","datePublished":"2022-06-22T10:29:41+00:00","dateModified":"2022-06-22T10:29:42+00:00","breadcrumb":{"@id":"https:\/\/radioljubuski.ba\/index.php\/2022\/06\/22\/jesu-li-hrvati-iz-bih-pali-na-ispitu-iz-lobiranja\/#breadcrumb"},"inLanguage":"hr","potentialAction":[{"@type":"ReadAction","target":["https:\/\/radioljubuski.ba\/index.php\/2022\/06\/22\/jesu-li-hrvati-iz-bih-pali-na-ispitu-iz-lobiranja\/"]}]},{"@type":"ImageObject","inLanguage":"hr","@id":"https:\/\/radioljubuski.ba\/index.php\/2022\/06\/22\/jesu-li-hrvati-iz-bih-pali-na-ispitu-iz-lobiranja\/#primaryimage","url":"https:\/\/radioljubuski.ba\/wp-content\/uploads\/2022\/06\/rukovanje-zene.jpg","contentUrl":"https:\/\/radioljubuski.ba\/wp-content\/uploads\/2022\/06\/rukovanje-zene.jpg","width":1000,"height":563},{"@type":"BreadcrumbList","@id":"https:\/\/radioljubuski.ba\/index.php\/2022\/06\/22\/jesu-li-hrvati-iz-bih-pali-na-ispitu-iz-lobiranja\/#breadcrumb","itemListElement":[{"@type":"ListItem","position":1,"name":"Po\u010detna stranica","item":"https:\/\/radioljubuski.ba\/"},{"@type":"ListItem","position":2,"name":"Jesu li Hrvati iz BiH \u2018pali\u2019 na ispitu iz lobiranja"}]},{"@type":"WebSite","@id":"https:\/\/radioljubuski.ba\/#website","url":"https:\/\/radioljubuski.ba\/","name":"Radio Ljubu\u0161ki","description":"Sun\u010dana frekvencija Hercegovine","publisher":{"@id":"https:\/\/radioljubuski.ba\/#organization"},"potentialAction":[{"@type":"SearchAction","target":{"@type":"EntryPoint","urlTemplate":"https:\/\/radioljubuski.ba\/?s={search_term_string}"},"query-input":{"@type":"PropertyValueSpecification","valueRequired":true,"valueName":"search_term_string"}}],"inLanguage":"hr"},{"@type":"Organization","@id":"https:\/\/radioljubuski.ba\/#organization","name":"Radio Ljubu\u0161ki","url":"https:\/\/radioljubuski.ba\/","logo":{"@type":"ImageObject","inLanguage":"hr","@id":"https:\/\/radioljubuski.ba\/#\/schema\/logo\/image\/","url":"https:\/\/radioljubuski.ba\/wp-content\/uploads\/2021\/02\/cropped-Radio_Ljubuski_logo1.jpg","contentUrl":"https:\/\/radioljubuski.ba\/wp-content\/uploads\/2021\/02\/cropped-Radio_Ljubuski_logo1.jpg","width":512,"height":512,"caption":"Radio Ljubu\u0161ki"},"image":{"@id":"https:\/\/radioljubuski.ba\/#\/schema\/logo\/image\/"},"sameAs":["https:\/\/www.facebook.com\/Radiio-Ljubuski-1490835324566332","https:\/\/x.com\/radioljubuski","https:\/\/hr.linkedin.com\/company\/radio-ljubuski","https:\/\/www.youtube.com\/channel\/UCHYaeO_n0Db3tjNGudGpXyw"]},{"@type":"Person","@id":"https:\/\/radioljubuski.ba\/#\/schema\/person\/19fc700381a780f69665d7956c469e3b","name":"Radio Ljubu\u0161ki"}]}},"_links":{"self":[{"href":"https:\/\/radioljubuski.ba\/index.php\/wp-json\/wp\/v2\/posts\/152050","targetHints":{"allow":["GET"]}}],"collection":[{"href":"https:\/\/radioljubuski.ba\/index.php\/wp-json\/wp\/v2\/posts"}],"about":[{"href":"https:\/\/radioljubuski.ba\/index.php\/wp-json\/wp\/v2\/types\/post"}],"author":[{"embeddable":true,"href":"https:\/\/radioljubuski.ba\/index.php\/wp-json\/wp\/v2\/users\/2"}],"replies":[{"embeddable":true,"href":"https:\/\/radioljubuski.ba\/index.php\/wp-json\/wp\/v2\/comments?post=152050"}],"version-history":[{"count":1,"href":"https:\/\/radioljubuski.ba\/index.php\/wp-json\/wp\/v2\/posts\/152050\/revisions"}],"predecessor-version":[{"id":152051,"href":"https:\/\/radioljubuski.ba\/index.php\/wp-json\/wp\/v2\/posts\/152050\/revisions\/152051"}],"wp:featuredmedia":[{"embeddable":true,"href":"https:\/\/radioljubuski.ba\/index.php\/wp-json\/wp\/v2\/media\/148057"}],"wp:attachment":[{"href":"https:\/\/radioljubuski.ba\/index.php\/wp-json\/wp\/v2\/media?parent=152050"}],"wp:term":[{"taxonomy":"category","embeddable":true,"href":"https:\/\/radioljubuski.ba\/index.php\/wp-json\/wp\/v2\/categories?post=152050"},{"taxonomy":"post_tag","embeddable":true,"href":"https:\/\/radioljubuski.ba\/index.php\/wp-json\/wp\/v2\/tags?post=152050"}],"curies":[{"name":"wp","href":"https:\/\/api.w.org\/{rel}","templated":true}]}}