{"id":152072,"date":"2022-06-22T13:27:13","date_gmt":"2022-06-22T12:27:13","guid":{"rendered":"https:\/\/radioljubuski.ba\/?p=152072"},"modified":"2022-06-22T13:27:14","modified_gmt":"2022-06-22T12:27:14","slug":"mladom-pjevacu-zarucnica-iznenada-preminula-nekoliko-sati-prije-vjencanja","status":"publish","type":"post","link":"https:\/\/radioljubuski.ba\/index.php\/2022\/06\/22\/mladom-pjevacu-zarucnica-iznenada-preminula-nekoliko-sati-prije-vjencanja\/","title":{"rendered":"Mladom pjeva\u010du zaru\u010dnica iznenada preminula, nekoliko sati prije vjen\u010danja"},"content":{"rendered":"\n<p>Glazbenik Tom Mann (28), zvijezda britanskog talent showa &#8221;Faktor X&#8221;, \u0161okirao je javnost objavom da je njegova zaru\u010dnica Danielle Hampson (34) iznenada preminula u subotu ujutro, samo nekoliko sati prije njihovog vjen\u010danja, pi\u0161e <a href=\"https:\/\/www.gloria.hr\/gl\/fokus\/price\/mladom-pjevacu-iznenada-umrla-zarucnica-nekoliko-sati-prije-vjencanja-15212967\" target=\"_blank\" rel=\"noreferrer noopener\">Gloria<\/a>.<\/p>\n\n\n\n<p>Tako se dan koji je paru trebao biti najsretniji u \u017eivotu, pretvorio u tragediju. Tim vi\u0161e \u0161to imaju osmomjese\u010dnog sin\u010di\u0107a Bowieja koji je u najnje\u017enijoj dobi ostao bez mame.<\/p>\n\n\n\n<p>Uzrok smrti jo\u0161 nije poznat, a koliko je poznato PR stru\u010dnjakinja i nekada\u0161nja plesa\u010dica koja je nastupala na koncertima svjetskih zvijezda poput benda Spice Girls i Harryja Stylesa, nije bolovala od nikakve bolesti. Pjeva\u010d koji se proslavio kao \u010dlan benda &#8221;Stereo Kicks&#8221; objavio je kako mu je srce slomljeno i ne mo\u017ee vjerovati \u0161to mu se dogodilo, ali da mora sna\u0107i snage zbog njihovog sin\u010di\u0107a kojem \u0107e sada biti i tata i mama.<\/p>\n\n\n\n<p>Par se pro\u0161li mjesec s prijateljima odmarao na Sardiniji i to su njihove posljednje zajedni\u010dke fotografije.<\/p>\n\n\n\n<p>Tom je u svojoj objavi na Instagramu me\u0111u ostalim napisao: &#8216;Ne mogu vjerovati da pi\u0161em ove rije\u010di, ali moja draga Dani &#8211; moj najbolji prijatelj, moje sve, ljubav mog \u017eivota &#8211; preminula je u ranim jutarnjim satima u subotu, 18. lipnja. Ono \u0161to je trebao biti na\u0161 najsretniji dan zavr\u0161io je mojim slomljenim srcem. Osje\u0107am se kao da sam isplakao cijeli ocean. Nismo stigli izgovoriti svoje zavjete, ni otplesati na\u0161 prvi ples, ali znam da zna\u0161 da si bila cijeli moj svijet i najbolja stvar koja mi se ikada dogodila. Nosit \u0107u ovaj prsten koji sam uvijek trebao nositi kao znak svoje bezuvjetne ljubavi prema tebi. Potpuno sam slomljen poku\u0161avaju\u0107i procesuirati u glavi \u0161to se dogodilo i iskreno ne znam kako dalje. Ali znam da moram sakupiti svu snagu zbog na\u0161eg malog dje\u010daka.&#8217;<\/p>\n\n\n\n<p>Izvor:pogled.ba<\/p>\n","protected":false},"excerpt":{"rendered":"<p>Glazbenik Tom Mann (28), zvijezda britanskog talent showa &#8221;Faktor X&#8221;, \u0161okirao je javnost objavom da je njegova zaru\u010dnica Danielle Hampson (34) iznenada preminula u subotu ujutro, samo nekoliko sati prije njihovog vjen\u010danja, pi\u0161e Gloria. Tako se dan koji je paru trebao biti najsretniji u \u017eivotu, pretvorio u tragediju. Tim vi\u0161e \u0161to imaju osmomjese\u010dnog sin\u010di\u0107a Bowieja [&hellip;]<\/p>\n","protected":false},"author":2,"featured_media":152073,"comment_status":"closed","ping_status":"closed","sticky":false,"template":"","format":"standard","meta":{"h5ap_radio_sources":[],"footnotes":""},"categories":[1],"tags":[],"class_list":["post-152072","post","type-post","status-publish","format-standard","has-post-thumbnail","hentry","category-bihiregija"],"yoast_head":"<!-- This site is optimized with the Yoast SEO plugin v27.4 - https:\/\/yoast.com\/product\/yoast-seo-wordpress\/ -->\n<title>Mladom pjeva\u010du zaru\u010dnica iznenada preminula, nekoliko sati prije vjen\u010danja - RADIO LJUBU\u0160KI<\/title>\n<meta name=\"robots\" content=\"index, follow, max-snippet:-1, max-image-preview:large, max-video-preview:-1\" \/>\n<link rel=\"canonical\" href=\"https:\/\/radioljubuski.ba\/index.php\/2022\/06\/22\/mladom-pjevacu-zarucnica-iznenada-preminula-nekoliko-sati-prije-vjencanja\/\" \/>\n<meta property=\"og:locale\" content=\"hr_HR\" \/>\n<meta property=\"og:type\" content=\"article\" \/>\n<meta property=\"og:title\" content=\"Mladom pjeva\u010du zaru\u010dnica iznenada preminula, nekoliko sati prije vjen\u010danja - RADIO LJUBU\u0160KI\" \/>\n<meta property=\"og:description\" content=\"Glazbenik Tom Mann (28), zvijezda britanskog talent showa &#8221;Faktor X&#8221;, \u0161okirao je javnost objavom da je njegova zaru\u010dnica Danielle Hampson (34) iznenada preminula u subotu ujutro, samo nekoliko sati prije njihovog vjen\u010danja, pi\u0161e Gloria. Tako se dan koji je paru trebao biti najsretniji u \u017eivotu, pretvorio u tragediju. Tim vi\u0161e \u0161to imaju osmomjese\u010dnog sin\u010di\u0107a Bowieja [&hellip;]\" \/>\n<meta property=\"og:url\" content=\"https:\/\/radioljubuski.ba\/index.php\/2022\/06\/22\/mladom-pjevacu-zarucnica-iznenada-preminula-nekoliko-sati-prije-vjencanja\/\" \/>\n<meta property=\"og:site_name\" content=\"RADIO LJUBU\u0160KI\" \/>\n<meta property=\"article:publisher\" content=\"https:\/\/www.facebook.com\/Radiio-Ljubuski-1490835324566332\" \/>\n<meta property=\"article:published_time\" content=\"2022-06-22T12:27:13+00:00\" \/>\n<meta property=\"article:modified_time\" content=\"2022-06-22T12:27:14+00:00\" \/>\n<meta property=\"og:image\" content=\"https:\/\/radioljubuski.ba\/wp-content\/uploads\/2022\/06\/8-2022-06-21-11-42-39-thumb.png\" \/>\n\t<meta property=\"og:image:width\" content=\"1000\" \/>\n\t<meta property=\"og:image:height\" content=\"625\" \/>\n\t<meta property=\"og:image:type\" content=\"image\/png\" \/>\n<meta name=\"author\" content=\"Radio Ljubu\u0161ki\" \/>\n<meta name=\"twitter:card\" content=\"summary_large_image\" \/>\n<meta name=\"twitter:creator\" content=\"@radioljubuski\" \/>\n<meta name=\"twitter:site\" content=\"@radioljubuski\" \/>\n<meta name=\"twitter:label1\" content=\"Napisao\/la\" \/>\n\t<meta name=\"twitter:data1\" content=\"Radio Ljubu\u0161ki\" \/>\n\t<meta name=\"twitter:label2\" content=\"Procijenjeno vrijeme \u010ditanja\" \/>\n\t<meta name=\"twitter:data2\" content=\"2 minute\" \/>\n<script type=\"application\/ld+json\" class=\"yoast-schema-graph\">{\"@context\":\"https:\\\/\\\/schema.org\",\"@graph\":[{\"@type\":\"Article\",\"@id\":\"https:\\\/\\\/radioljubuski.ba\\\/index.php\\\/2022\\\/06\\\/22\\\/mladom-pjevacu-zarucnica-iznenada-preminula-nekoliko-sati-prije-vjencanja\\\/#article\",\"isPartOf\":{\"@id\":\"https:\\\/\\\/radioljubuski.ba\\\/index.php\\\/2022\\\/06\\\/22\\\/mladom-pjevacu-zarucnica-iznenada-preminula-nekoliko-sati-prije-vjencanja\\\/\"},\"author\":{\"name\":\"Radio Ljubu\u0161ki\",\"@id\":\"https:\\\/\\\/radioljubuski.ba\\\/#\\\/schema\\\/person\\\/19fc700381a780f69665d7956c469e3b\"},\"headline\":\"Mladom pjeva\u010du zaru\u010dnica iznenada preminula, nekoliko sati prije vjen\u010danja\",\"datePublished\":\"2022-06-22T12:27:13+00:00\",\"dateModified\":\"2022-06-22T12:27:14+00:00\",\"mainEntityOfPage\":{\"@id\":\"https:\\\/\\\/radioljubuski.ba\\\/index.php\\\/2022\\\/06\\\/22\\\/mladom-pjevacu-zarucnica-iznenada-preminula-nekoliko-sati-prije-vjencanja\\\/\"},\"wordCount\":323,\"publisher\":{\"@id\":\"https:\\\/\\\/radioljubuski.ba\\\/#organization\"},\"image\":{\"@id\":\"https:\\\/\\\/radioljubuski.ba\\\/index.php\\\/2022\\\/06\\\/22\\\/mladom-pjevacu-zarucnica-iznenada-preminula-nekoliko-sati-prije-vjencanja\\\/#primaryimage\"},\"thumbnailUrl\":\"https:\\\/\\\/radioljubuski.ba\\\/wp-content\\\/uploads\\\/2022\\\/06\\\/8-2022-06-21-11-42-39-thumb.png\",\"articleSection\":[\"BIH i regija\"],\"inLanguage\":\"hr\"},{\"@type\":\"WebPage\",\"@id\":\"https:\\\/\\\/radioljubuski.ba\\\/index.php\\\/2022\\\/06\\\/22\\\/mladom-pjevacu-zarucnica-iznenada-preminula-nekoliko-sati-prije-vjencanja\\\/\",\"url\":\"https:\\\/\\\/radioljubuski.ba\\\/index.php\\\/2022\\\/06\\\/22\\\/mladom-pjevacu-zarucnica-iznenada-preminula-nekoliko-sati-prije-vjencanja\\\/\",\"name\":\"Mladom pjeva\u010du zaru\u010dnica iznenada preminula, nekoliko sati prije vjen\u010danja - RADIO LJUBU\u0160KI\",\"isPartOf\":{\"@id\":\"https:\\\/\\\/radioljubuski.ba\\\/#website\"},\"primaryImageOfPage\":{\"@id\":\"https:\\\/\\\/radioljubuski.ba\\\/index.php\\\/2022\\\/06\\\/22\\\/mladom-pjevacu-zarucnica-iznenada-preminula-nekoliko-sati-prije-vjencanja\\\/#primaryimage\"},\"image\":{\"@id\":\"https:\\\/\\\/radioljubuski.ba\\\/index.php\\\/2022\\\/06\\\/22\\\/mladom-pjevacu-zarucnica-iznenada-preminula-nekoliko-sati-prije-vjencanja\\\/#primaryimage\"},\"thumbnailUrl\":\"https:\\\/\\\/radioljubuski.ba\\\/wp-content\\\/uploads\\\/2022\\\/06\\\/8-2022-06-21-11-42-39-thumb.png\",\"datePublished\":\"2022-06-22T12:27:13+00:00\",\"dateModified\":\"2022-06-22T12:27:14+00:00\",\"breadcrumb\":{\"@id\":\"https:\\\/\\\/radioljubuski.ba\\\/index.php\\\/2022\\\/06\\\/22\\\/mladom-pjevacu-zarucnica-iznenada-preminula-nekoliko-sati-prije-vjencanja\\\/#breadcrumb\"},\"inLanguage\":\"hr\",\"potentialAction\":[{\"@type\":\"ReadAction\",\"target\":[\"https:\\\/\\\/radioljubuski.ba\\\/index.php\\\/2022\\\/06\\\/22\\\/mladom-pjevacu-zarucnica-iznenada-preminula-nekoliko-sati-prije-vjencanja\\\/\"]}]},{\"@type\":\"ImageObject\",\"inLanguage\":\"hr\",\"@id\":\"https:\\\/\\\/radioljubuski.ba\\\/index.php\\\/2022\\\/06\\\/22\\\/mladom-pjevacu-zarucnica-iznenada-preminula-nekoliko-sati-prije-vjencanja\\\/#primaryimage\",\"url\":\"https:\\\/\\\/radioljubuski.ba\\\/wp-content\\\/uploads\\\/2022\\\/06\\\/8-2022-06-21-11-42-39-thumb.png\",\"contentUrl\":\"https:\\\/\\\/radioljubuski.ba\\\/wp-content\\\/uploads\\\/2022\\\/06\\\/8-2022-06-21-11-42-39-thumb.png\",\"width\":1000,\"height\":625},{\"@type\":\"BreadcrumbList\",\"@id\":\"https:\\\/\\\/radioljubuski.ba\\\/index.php\\\/2022\\\/06\\\/22\\\/mladom-pjevacu-zarucnica-iznenada-preminula-nekoliko-sati-prije-vjencanja\\\/#breadcrumb\",\"itemListElement\":[{\"@type\":\"ListItem\",\"position\":1,\"name\":\"Po\u010detna stranica\",\"item\":\"https:\\\/\\\/radioljubuski.ba\\\/\"},{\"@type\":\"ListItem\",\"position\":2,\"name\":\"Mladom pjeva\u010du zaru\u010dnica iznenada preminula, nekoliko sati prije vjen\u010danja\"}]},{\"@type\":\"WebSite\",\"@id\":\"https:\\\/\\\/radioljubuski.ba\\\/#website\",\"url\":\"https:\\\/\\\/radioljubuski.ba\\\/\",\"name\":\"Radio Ljubu\u0161ki\",\"description\":\"Sun\u010dana frekvencija Hercegovine\",\"publisher\":{\"@id\":\"https:\\\/\\\/radioljubuski.ba\\\/#organization\"},\"potentialAction\":[{\"@type\":\"SearchAction\",\"target\":{\"@type\":\"EntryPoint\",\"urlTemplate\":\"https:\\\/\\\/radioljubuski.ba\\\/?s={search_term_string}\"},\"query-input\":{\"@type\":\"PropertyValueSpecification\",\"valueRequired\":true,\"valueName\":\"search_term_string\"}}],\"inLanguage\":\"hr\"},{\"@type\":\"Organization\",\"@id\":\"https:\\\/\\\/radioljubuski.ba\\\/#organization\",\"name\":\"Radio Ljubu\u0161ki\",\"url\":\"https:\\\/\\\/radioljubuski.ba\\\/\",\"logo\":{\"@type\":\"ImageObject\",\"inLanguage\":\"hr\",\"@id\":\"https:\\\/\\\/radioljubuski.ba\\\/#\\\/schema\\\/logo\\\/image\\\/\",\"url\":\"https:\\\/\\\/radioljubuski.ba\\\/wp-content\\\/uploads\\\/2021\\\/02\\\/cropped-Radio_Ljubuski_logo1.jpg\",\"contentUrl\":\"https:\\\/\\\/radioljubuski.ba\\\/wp-content\\\/uploads\\\/2021\\\/02\\\/cropped-Radio_Ljubuski_logo1.jpg\",\"width\":512,\"height\":512,\"caption\":\"Radio Ljubu\u0161ki\"},\"image\":{\"@id\":\"https:\\\/\\\/radioljubuski.ba\\\/#\\\/schema\\\/logo\\\/image\\\/\"},\"sameAs\":[\"https:\\\/\\\/www.facebook.com\\\/Radiio-Ljubuski-1490835324566332\",\"https:\\\/\\\/x.com\\\/radioljubuski\",\"https:\\\/\\\/hr.linkedin.com\\\/company\\\/radio-ljubuski\",\"https:\\\/\\\/www.youtube.com\\\/channel\\\/UCHYaeO_n0Db3tjNGudGpXyw\"]},{\"@type\":\"Person\",\"@id\":\"https:\\\/\\\/radioljubuski.ba\\\/#\\\/schema\\\/person\\\/19fc700381a780f69665d7956c469e3b\",\"name\":\"Radio Ljubu\u0161ki\"}]}<\/script>\n<!-- \/ Yoast SEO plugin. -->","yoast_head_json":{"title":"Mladom pjeva\u010du zaru\u010dnica iznenada preminula, nekoliko sati prije vjen\u010danja - RADIO LJUBU\u0160KI","robots":{"index":"index","follow":"follow","max-snippet":"max-snippet:-1","max-image-preview":"max-image-preview:large","max-video-preview":"max-video-preview:-1"},"canonical":"https:\/\/radioljubuski.ba\/index.php\/2022\/06\/22\/mladom-pjevacu-zarucnica-iznenada-preminula-nekoliko-sati-prije-vjencanja\/","og_locale":"hr_HR","og_type":"article","og_title":"Mladom pjeva\u010du zaru\u010dnica iznenada preminula, nekoliko sati prije vjen\u010danja - RADIO LJUBU\u0160KI","og_description":"Glazbenik Tom Mann (28), zvijezda britanskog talent showa &#8221;Faktor X&#8221;, \u0161okirao je javnost objavom da je njegova zaru\u010dnica Danielle Hampson (34) iznenada preminula u subotu ujutro, samo nekoliko sati prije njihovog vjen\u010danja, pi\u0161e Gloria. Tako se dan koji je paru trebao biti najsretniji u \u017eivotu, pretvorio u tragediju. Tim vi\u0161e \u0161to imaju osmomjese\u010dnog sin\u010di\u0107a Bowieja [&hellip;]","og_url":"https:\/\/radioljubuski.ba\/index.php\/2022\/06\/22\/mladom-pjevacu-zarucnica-iznenada-preminula-nekoliko-sati-prije-vjencanja\/","og_site_name":"RADIO LJUBU\u0160KI","article_publisher":"https:\/\/www.facebook.com\/Radiio-Ljubuski-1490835324566332","article_published_time":"2022-06-22T12:27:13+00:00","article_modified_time":"2022-06-22T12:27:14+00:00","og_image":[{"width":1000,"height":625,"url":"https:\/\/radioljubuski.ba\/wp-content\/uploads\/2022\/06\/8-2022-06-21-11-42-39-thumb.png","type":"image\/png"}],"author":"Radio Ljubu\u0161ki","twitter_card":"summary_large_image","twitter_creator":"@radioljubuski","twitter_site":"@radioljubuski","twitter_misc":{"Napisao\/la":"Radio Ljubu\u0161ki","Procijenjeno vrijeme \u010ditanja":"2 minute"},"schema":{"@context":"https:\/\/schema.org","@graph":[{"@type":"Article","@id":"https:\/\/radioljubuski.ba\/index.php\/2022\/06\/22\/mladom-pjevacu-zarucnica-iznenada-preminula-nekoliko-sati-prije-vjencanja\/#article","isPartOf":{"@id":"https:\/\/radioljubuski.ba\/index.php\/2022\/06\/22\/mladom-pjevacu-zarucnica-iznenada-preminula-nekoliko-sati-prije-vjencanja\/"},"author":{"name":"Radio Ljubu\u0161ki","@id":"https:\/\/radioljubuski.ba\/#\/schema\/person\/19fc700381a780f69665d7956c469e3b"},"headline":"Mladom pjeva\u010du zaru\u010dnica iznenada preminula, nekoliko sati prije vjen\u010danja","datePublished":"2022-06-22T12:27:13+00:00","dateModified":"2022-06-22T12:27:14+00:00","mainEntityOfPage":{"@id":"https:\/\/radioljubuski.ba\/index.php\/2022\/06\/22\/mladom-pjevacu-zarucnica-iznenada-preminula-nekoliko-sati-prije-vjencanja\/"},"wordCount":323,"publisher":{"@id":"https:\/\/radioljubuski.ba\/#organization"},"image":{"@id":"https:\/\/radioljubuski.ba\/index.php\/2022\/06\/22\/mladom-pjevacu-zarucnica-iznenada-preminula-nekoliko-sati-prije-vjencanja\/#primaryimage"},"thumbnailUrl":"https:\/\/radioljubuski.ba\/wp-content\/uploads\/2022\/06\/8-2022-06-21-11-42-39-thumb.png","articleSection":["BIH i regija"],"inLanguage":"hr"},{"@type":"WebPage","@id":"https:\/\/radioljubuski.ba\/index.php\/2022\/06\/22\/mladom-pjevacu-zarucnica-iznenada-preminula-nekoliko-sati-prije-vjencanja\/","url":"https:\/\/radioljubuski.ba\/index.php\/2022\/06\/22\/mladom-pjevacu-zarucnica-iznenada-preminula-nekoliko-sati-prije-vjencanja\/","name":"Mladom pjeva\u010du zaru\u010dnica iznenada preminula, nekoliko sati prije vjen\u010danja - RADIO LJUBU\u0160KI","isPartOf":{"@id":"https:\/\/radioljubuski.ba\/#website"},"primaryImageOfPage":{"@id":"https:\/\/radioljubuski.ba\/index.php\/2022\/06\/22\/mladom-pjevacu-zarucnica-iznenada-preminula-nekoliko-sati-prije-vjencanja\/#primaryimage"},"image":{"@id":"https:\/\/radioljubuski.ba\/index.php\/2022\/06\/22\/mladom-pjevacu-zarucnica-iznenada-preminula-nekoliko-sati-prije-vjencanja\/#primaryimage"},"thumbnailUrl":"https:\/\/radioljubuski.ba\/wp-content\/uploads\/2022\/06\/8-2022-06-21-11-42-39-thumb.png","datePublished":"2022-06-22T12:27:13+00:00","dateModified":"2022-06-22T12:27:14+00:00","breadcrumb":{"@id":"https:\/\/radioljubuski.ba\/index.php\/2022\/06\/22\/mladom-pjevacu-zarucnica-iznenada-preminula-nekoliko-sati-prije-vjencanja\/#breadcrumb"},"inLanguage":"hr","potentialAction":[{"@type":"ReadAction","target":["https:\/\/radioljubuski.ba\/index.php\/2022\/06\/22\/mladom-pjevacu-zarucnica-iznenada-preminula-nekoliko-sati-prije-vjencanja\/"]}]},{"@type":"ImageObject","inLanguage":"hr","@id":"https:\/\/radioljubuski.ba\/index.php\/2022\/06\/22\/mladom-pjevacu-zarucnica-iznenada-preminula-nekoliko-sati-prije-vjencanja\/#primaryimage","url":"https:\/\/radioljubuski.ba\/wp-content\/uploads\/2022\/06\/8-2022-06-21-11-42-39-thumb.png","contentUrl":"https:\/\/radioljubuski.ba\/wp-content\/uploads\/2022\/06\/8-2022-06-21-11-42-39-thumb.png","width":1000,"height":625},{"@type":"BreadcrumbList","@id":"https:\/\/radioljubuski.ba\/index.php\/2022\/06\/22\/mladom-pjevacu-zarucnica-iznenada-preminula-nekoliko-sati-prije-vjencanja\/#breadcrumb","itemListElement":[{"@type":"ListItem","position":1,"name":"Po\u010detna stranica","item":"https:\/\/radioljubuski.ba\/"},{"@type":"ListItem","position":2,"name":"Mladom pjeva\u010du zaru\u010dnica iznenada preminula, nekoliko sati prije vjen\u010danja"}]},{"@type":"WebSite","@id":"https:\/\/radioljubuski.ba\/#website","url":"https:\/\/radioljubuski.ba\/","name":"Radio Ljubu\u0161ki","description":"Sun\u010dana frekvencija Hercegovine","publisher":{"@id":"https:\/\/radioljubuski.ba\/#organization"},"potentialAction":[{"@type":"SearchAction","target":{"@type":"EntryPoint","urlTemplate":"https:\/\/radioljubuski.ba\/?s={search_term_string}"},"query-input":{"@type":"PropertyValueSpecification","valueRequired":true,"valueName":"search_term_string"}}],"inLanguage":"hr"},{"@type":"Organization","@id":"https:\/\/radioljubuski.ba\/#organization","name":"Radio Ljubu\u0161ki","url":"https:\/\/radioljubuski.ba\/","logo":{"@type":"ImageObject","inLanguage":"hr","@id":"https:\/\/radioljubuski.ba\/#\/schema\/logo\/image\/","url":"https:\/\/radioljubuski.ba\/wp-content\/uploads\/2021\/02\/cropped-Radio_Ljubuski_logo1.jpg","contentUrl":"https:\/\/radioljubuski.ba\/wp-content\/uploads\/2021\/02\/cropped-Radio_Ljubuski_logo1.jpg","width":512,"height":512,"caption":"Radio Ljubu\u0161ki"},"image":{"@id":"https:\/\/radioljubuski.ba\/#\/schema\/logo\/image\/"},"sameAs":["https:\/\/www.facebook.com\/Radiio-Ljubuski-1490835324566332","https:\/\/x.com\/radioljubuski","https:\/\/hr.linkedin.com\/company\/radio-ljubuski","https:\/\/www.youtube.com\/channel\/UCHYaeO_n0Db3tjNGudGpXyw"]},{"@type":"Person","@id":"https:\/\/radioljubuski.ba\/#\/schema\/person\/19fc700381a780f69665d7956c469e3b","name":"Radio Ljubu\u0161ki"}]}},"_links":{"self":[{"href":"https:\/\/radioljubuski.ba\/index.php\/wp-json\/wp\/v2\/posts\/152072","targetHints":{"allow":["GET"]}}],"collection":[{"href":"https:\/\/radioljubuski.ba\/index.php\/wp-json\/wp\/v2\/posts"}],"about":[{"href":"https:\/\/radioljubuski.ba\/index.php\/wp-json\/wp\/v2\/types\/post"}],"author":[{"embeddable":true,"href":"https:\/\/radioljubuski.ba\/index.php\/wp-json\/wp\/v2\/users\/2"}],"replies":[{"embeddable":true,"href":"https:\/\/radioljubuski.ba\/index.php\/wp-json\/wp\/v2\/comments?post=152072"}],"version-history":[{"count":1,"href":"https:\/\/radioljubuski.ba\/index.php\/wp-json\/wp\/v2\/posts\/152072\/revisions"}],"predecessor-version":[{"id":152074,"href":"https:\/\/radioljubuski.ba\/index.php\/wp-json\/wp\/v2\/posts\/152072\/revisions\/152074"}],"wp:featuredmedia":[{"embeddable":true,"href":"https:\/\/radioljubuski.ba\/index.php\/wp-json\/wp\/v2\/media\/152073"}],"wp:attachment":[{"href":"https:\/\/radioljubuski.ba\/index.php\/wp-json\/wp\/v2\/media?parent=152072"}],"wp:term":[{"taxonomy":"category","embeddable":true,"href":"https:\/\/radioljubuski.ba\/index.php\/wp-json\/wp\/v2\/categories?post=152072"},{"taxonomy":"post_tag","embeddable":true,"href":"https:\/\/radioljubuski.ba\/index.php\/wp-json\/wp\/v2\/tags?post=152072"}],"curies":[{"name":"wp","href":"https:\/\/api.w.org\/{rel}","templated":true}]}}