{"id":152075,"date":"2022-06-22T13:28:44","date_gmt":"2022-06-22T12:28:44","guid":{"rendered":"https:\/\/radioljubuski.ba\/?p=152075"},"modified":"2022-06-22T13:28:45","modified_gmt":"2022-06-22T12:28:45","slug":"vozac-iz-bih-u-kabini-proveo-svoj-odmor-na-vise-od-40-stupnjeva-kaznjen-poslodavac-vozac-zadovoljan","status":"publish","type":"post","link":"https:\/\/radioljubuski.ba\/index.php\/2022\/06\/22\/vozac-iz-bih-u-kabini-proveo-svoj-odmor-na-vise-od-40-stupnjeva-kaznjen-poslodavac-vozac-zadovoljan\/","title":{"rendered":"Voza\u010d iz BiH u kabini proveo svoj odmor na vi\u0161e od 40 stupnjeva. Ka\u017enjen poslodavac, voza\u010d zadovoljan"},"content":{"rendered":"\n<p>U Tirin\u0161koj \u0161umi Jug, 19. lipnja 2022. godine na parkirali\u0161tu A71 pregledan je kombi &nbsp;iz Bosne i Hercegovine.<\/p>\n\n\n\n<p>Voza\u010d je u njemu proveo svoj produ\u017eeni tjedni odmor (vi\u0161e od 45 sati odmora), priop\u0107ila je policija.<\/p>\n\n\n\n<p>Uz vanjske temperature od gotovo 40 stupnjeva u maloj spava\u0107oj kabini, to svakako nije bilo ugodno.<\/p>\n\n\n\n<p>Zbog tih nepovoljnih uvjeta, me\u0111utim, izvo\u0111a\u010d prijevoznika kr\u0161i odredbu iz \u010dlanka 8. Uredbe EU 561\/2006, koja ka\u017ee da prijevozni\u010dka tvrtka mora voza\u010du &nbsp;osigurati odgovaraju\u0107i smje\u0161taj za spavanje izvan vozila tijekom produ\u017eenog tjednog odmora.<\/p>\n\n\n\n<p>To &nbsp;je propis &nbsp;za za\u0161titu i brigu o zaposlenicima.<\/p>\n\n\n\n<p>Voza\u010d je nakon kontrole i poja\u0161njenja njemu nepoznatog propisa bio vrlo zadovoljan, navodi policija.<\/p>\n\n\n\n<p>Poduzetnik je, pak, zbog nesavjesnog po\u010dinjenja tog upravnog prekr\u0161aja prije nastavka putovanja morao polo\u017eiti polog od gotovo 800 eura, pi\u0161e <a href=\"https:\/\/fenix-magazin.de\/njemacka-vozac-iz-bih-u-kabini-proveo-svoj-odmor-na-vise-od-40-stupnjeva-kaznjen-poslodavac-vozac-zadovoljan\/?swcfpc=1\">Fenix-magazin<\/a>.<\/p>\n\n\n\n<p>Izvor:fenix-magazin.de<\/p>\n","protected":false},"excerpt":{"rendered":"<p>U Tirin\u0161koj \u0161umi Jug, 19. lipnja 2022. godine na parkirali\u0161tu A71 pregledan je kombi &nbsp;iz Bosne i Hercegovine. Voza\u010d je u njemu proveo svoj produ\u017eeni tjedni odmor (vi\u0161e od 45 sati odmora), priop\u0107ila je policija. Uz vanjske temperature od gotovo 40 stupnjeva u maloj spava\u0107oj kabini, to svakako nije bilo ugodno. Zbog tih nepovoljnih uvjeta, [&hellip;]<\/p>\n","protected":false},"author":2,"featured_media":152076,"comment_status":"closed","ping_status":"closed","sticky":false,"template":"","format":"standard","meta":{"h5ap_radio_sources":[],"footnotes":""},"categories":[1],"tags":[],"class_list":["post-152075","post","type-post","status-publish","format-standard","has-post-thumbnail","hentry","category-bihiregija"],"yoast_head":"<!-- This site is optimized with the Yoast SEO plugin v27.4 - https:\/\/yoast.com\/product\/yoast-seo-wordpress\/ -->\n<title>Voza\u010d iz BiH u kabini proveo svoj odmor na vi\u0161e od 40 stupnjeva. Ka\u017enjen poslodavac, voza\u010d zadovoljan - RADIO LJUBU\u0160KI<\/title>\n<meta name=\"robots\" content=\"index, follow, max-snippet:-1, max-image-preview:large, max-video-preview:-1\" \/>\n<link rel=\"canonical\" href=\"https:\/\/radioljubuski.ba\/index.php\/2022\/06\/22\/vozac-iz-bih-u-kabini-proveo-svoj-odmor-na-vise-od-40-stupnjeva-kaznjen-poslodavac-vozac-zadovoljan\/\" \/>\n<meta property=\"og:locale\" content=\"hr_HR\" \/>\n<meta property=\"og:type\" content=\"article\" \/>\n<meta property=\"og:title\" content=\"Voza\u010d iz BiH u kabini proveo svoj odmor na vi\u0161e od 40 stupnjeva. Ka\u017enjen poslodavac, voza\u010d zadovoljan - RADIO LJUBU\u0160KI\" \/>\n<meta property=\"og:description\" content=\"U Tirin\u0161koj \u0161umi Jug, 19. lipnja 2022. godine na parkirali\u0161tu A71 pregledan je kombi &nbsp;iz Bosne i Hercegovine. Voza\u010d je u njemu proveo svoj produ\u017eeni tjedni odmor (vi\u0161e od 45 sati odmora), priop\u0107ila je policija. Uz vanjske temperature od gotovo 40 stupnjeva u maloj spava\u0107oj kabini, to svakako nije bilo ugodno. Zbog tih nepovoljnih uvjeta, [&hellip;]\" \/>\n<meta property=\"og:url\" content=\"https:\/\/radioljubuski.ba\/index.php\/2022\/06\/22\/vozac-iz-bih-u-kabini-proveo-svoj-odmor-na-vise-od-40-stupnjeva-kaznjen-poslodavac-vozac-zadovoljan\/\" \/>\n<meta property=\"og:site_name\" content=\"RADIO LJUBU\u0160KI\" \/>\n<meta property=\"article:publisher\" content=\"https:\/\/www.facebook.com\/Radiio-Ljubuski-1490835324566332\" \/>\n<meta property=\"article:published_time\" content=\"2022-06-22T12:28:44+00:00\" \/>\n<meta property=\"article:modified_time\" content=\"2022-06-22T12:28:45+00:00\" \/>\n<meta property=\"og:image\" content=\"https:\/\/radioljubuski.ba\/wp-content\/uploads\/2022\/06\/3-2022-06-21-12-26-02-kabina-660x330-1.jpg\" \/>\n\t<meta property=\"og:image:width\" content=\"1000\" \/>\n\t<meta property=\"og:image:height\" content=\"625\" \/>\n\t<meta property=\"og:image:type\" content=\"image\/jpeg\" \/>\n<meta name=\"author\" content=\"Radio Ljubu\u0161ki\" \/>\n<meta name=\"twitter:card\" content=\"summary_large_image\" \/>\n<meta name=\"twitter:creator\" content=\"@radioljubuski\" \/>\n<meta name=\"twitter:site\" content=\"@radioljubuski\" \/>\n<meta name=\"twitter:label1\" content=\"Napisao\/la\" \/>\n\t<meta name=\"twitter:data1\" content=\"Radio Ljubu\u0161ki\" \/>\n\t<meta name=\"twitter:label2\" content=\"Procijenjeno vrijeme \u010ditanja\" \/>\n\t<meta name=\"twitter:data2\" content=\"1 minuta\" \/>\n<script type=\"application\/ld+json\" class=\"yoast-schema-graph\">{\"@context\":\"https:\\\/\\\/schema.org\",\"@graph\":[{\"@type\":\"Article\",\"@id\":\"https:\\\/\\\/radioljubuski.ba\\\/index.php\\\/2022\\\/06\\\/22\\\/vozac-iz-bih-u-kabini-proveo-svoj-odmor-na-vise-od-40-stupnjeva-kaznjen-poslodavac-vozac-zadovoljan\\\/#article\",\"isPartOf\":{\"@id\":\"https:\\\/\\\/radioljubuski.ba\\\/index.php\\\/2022\\\/06\\\/22\\\/vozac-iz-bih-u-kabini-proveo-svoj-odmor-na-vise-od-40-stupnjeva-kaznjen-poslodavac-vozac-zadovoljan\\\/\"},\"author\":{\"name\":\"Radio Ljubu\u0161ki\",\"@id\":\"https:\\\/\\\/radioljubuski.ba\\\/#\\\/schema\\\/person\\\/19fc700381a780f69665d7956c469e3b\"},\"headline\":\"Voza\u010d iz BiH u kabini proveo svoj odmor na vi\u0161e od 40 stupnjeva. Ka\u017enjen poslodavac, voza\u010d zadovoljan\",\"datePublished\":\"2022-06-22T12:28:44+00:00\",\"dateModified\":\"2022-06-22T12:28:45+00:00\",\"mainEntityOfPage\":{\"@id\":\"https:\\\/\\\/radioljubuski.ba\\\/index.php\\\/2022\\\/06\\\/22\\\/vozac-iz-bih-u-kabini-proveo-svoj-odmor-na-vise-od-40-stupnjeva-kaznjen-poslodavac-vozac-zadovoljan\\\/\"},\"wordCount\":167,\"publisher\":{\"@id\":\"https:\\\/\\\/radioljubuski.ba\\\/#organization\"},\"image\":{\"@id\":\"https:\\\/\\\/radioljubuski.ba\\\/index.php\\\/2022\\\/06\\\/22\\\/vozac-iz-bih-u-kabini-proveo-svoj-odmor-na-vise-od-40-stupnjeva-kaznjen-poslodavac-vozac-zadovoljan\\\/#primaryimage\"},\"thumbnailUrl\":\"https:\\\/\\\/radioljubuski.ba\\\/wp-content\\\/uploads\\\/2022\\\/06\\\/3-2022-06-21-12-26-02-kabina-660x330-1.jpg\",\"articleSection\":[\"BIH i regija\"],\"inLanguage\":\"hr\"},{\"@type\":\"WebPage\",\"@id\":\"https:\\\/\\\/radioljubuski.ba\\\/index.php\\\/2022\\\/06\\\/22\\\/vozac-iz-bih-u-kabini-proveo-svoj-odmor-na-vise-od-40-stupnjeva-kaznjen-poslodavac-vozac-zadovoljan\\\/\",\"url\":\"https:\\\/\\\/radioljubuski.ba\\\/index.php\\\/2022\\\/06\\\/22\\\/vozac-iz-bih-u-kabini-proveo-svoj-odmor-na-vise-od-40-stupnjeva-kaznjen-poslodavac-vozac-zadovoljan\\\/\",\"name\":\"Voza\u010d iz BiH u kabini proveo svoj odmor na vi\u0161e od 40 stupnjeva. Ka\u017enjen poslodavac, voza\u010d zadovoljan - RADIO LJUBU\u0160KI\",\"isPartOf\":{\"@id\":\"https:\\\/\\\/radioljubuski.ba\\\/#website\"},\"primaryImageOfPage\":{\"@id\":\"https:\\\/\\\/radioljubuski.ba\\\/index.php\\\/2022\\\/06\\\/22\\\/vozac-iz-bih-u-kabini-proveo-svoj-odmor-na-vise-od-40-stupnjeva-kaznjen-poslodavac-vozac-zadovoljan\\\/#primaryimage\"},\"image\":{\"@id\":\"https:\\\/\\\/radioljubuski.ba\\\/index.php\\\/2022\\\/06\\\/22\\\/vozac-iz-bih-u-kabini-proveo-svoj-odmor-na-vise-od-40-stupnjeva-kaznjen-poslodavac-vozac-zadovoljan\\\/#primaryimage\"},\"thumbnailUrl\":\"https:\\\/\\\/radioljubuski.ba\\\/wp-content\\\/uploads\\\/2022\\\/06\\\/3-2022-06-21-12-26-02-kabina-660x330-1.jpg\",\"datePublished\":\"2022-06-22T12:28:44+00:00\",\"dateModified\":\"2022-06-22T12:28:45+00:00\",\"breadcrumb\":{\"@id\":\"https:\\\/\\\/radioljubuski.ba\\\/index.php\\\/2022\\\/06\\\/22\\\/vozac-iz-bih-u-kabini-proveo-svoj-odmor-na-vise-od-40-stupnjeva-kaznjen-poslodavac-vozac-zadovoljan\\\/#breadcrumb\"},\"inLanguage\":\"hr\",\"potentialAction\":[{\"@type\":\"ReadAction\",\"target\":[\"https:\\\/\\\/radioljubuski.ba\\\/index.php\\\/2022\\\/06\\\/22\\\/vozac-iz-bih-u-kabini-proveo-svoj-odmor-na-vise-od-40-stupnjeva-kaznjen-poslodavac-vozac-zadovoljan\\\/\"]}]},{\"@type\":\"ImageObject\",\"inLanguage\":\"hr\",\"@id\":\"https:\\\/\\\/radioljubuski.ba\\\/index.php\\\/2022\\\/06\\\/22\\\/vozac-iz-bih-u-kabini-proveo-svoj-odmor-na-vise-od-40-stupnjeva-kaznjen-poslodavac-vozac-zadovoljan\\\/#primaryimage\",\"url\":\"https:\\\/\\\/radioljubuski.ba\\\/wp-content\\\/uploads\\\/2022\\\/06\\\/3-2022-06-21-12-26-02-kabina-660x330-1.jpg\",\"contentUrl\":\"https:\\\/\\\/radioljubuski.ba\\\/wp-content\\\/uploads\\\/2022\\\/06\\\/3-2022-06-21-12-26-02-kabina-660x330-1.jpg\",\"width\":1000,\"height\":625},{\"@type\":\"BreadcrumbList\",\"@id\":\"https:\\\/\\\/radioljubuski.ba\\\/index.php\\\/2022\\\/06\\\/22\\\/vozac-iz-bih-u-kabini-proveo-svoj-odmor-na-vise-od-40-stupnjeva-kaznjen-poslodavac-vozac-zadovoljan\\\/#breadcrumb\",\"itemListElement\":[{\"@type\":\"ListItem\",\"position\":1,\"name\":\"Po\u010detna stranica\",\"item\":\"https:\\\/\\\/radioljubuski.ba\\\/\"},{\"@type\":\"ListItem\",\"position\":2,\"name\":\"Voza\u010d iz BiH u kabini proveo svoj odmor na vi\u0161e od 40 stupnjeva. Ka\u017enjen poslodavac, voza\u010d zadovoljan\"}]},{\"@type\":\"WebSite\",\"@id\":\"https:\\\/\\\/radioljubuski.ba\\\/#website\",\"url\":\"https:\\\/\\\/radioljubuski.ba\\\/\",\"name\":\"Radio Ljubu\u0161ki\",\"description\":\"Sun\u010dana frekvencija Hercegovine\",\"publisher\":{\"@id\":\"https:\\\/\\\/radioljubuski.ba\\\/#organization\"},\"potentialAction\":[{\"@type\":\"SearchAction\",\"target\":{\"@type\":\"EntryPoint\",\"urlTemplate\":\"https:\\\/\\\/radioljubuski.ba\\\/?s={search_term_string}\"},\"query-input\":{\"@type\":\"PropertyValueSpecification\",\"valueRequired\":true,\"valueName\":\"search_term_string\"}}],\"inLanguage\":\"hr\"},{\"@type\":\"Organization\",\"@id\":\"https:\\\/\\\/radioljubuski.ba\\\/#organization\",\"name\":\"Radio Ljubu\u0161ki\",\"url\":\"https:\\\/\\\/radioljubuski.ba\\\/\",\"logo\":{\"@type\":\"ImageObject\",\"inLanguage\":\"hr\",\"@id\":\"https:\\\/\\\/radioljubuski.ba\\\/#\\\/schema\\\/logo\\\/image\\\/\",\"url\":\"https:\\\/\\\/radioljubuski.ba\\\/wp-content\\\/uploads\\\/2021\\\/02\\\/cropped-Radio_Ljubuski_logo1.jpg\",\"contentUrl\":\"https:\\\/\\\/radioljubuski.ba\\\/wp-content\\\/uploads\\\/2021\\\/02\\\/cropped-Radio_Ljubuski_logo1.jpg\",\"width\":512,\"height\":512,\"caption\":\"Radio Ljubu\u0161ki\"},\"image\":{\"@id\":\"https:\\\/\\\/radioljubuski.ba\\\/#\\\/schema\\\/logo\\\/image\\\/\"},\"sameAs\":[\"https:\\\/\\\/www.facebook.com\\\/Radiio-Ljubuski-1490835324566332\",\"https:\\\/\\\/x.com\\\/radioljubuski\",\"https:\\\/\\\/hr.linkedin.com\\\/company\\\/radio-ljubuski\",\"https:\\\/\\\/www.youtube.com\\\/channel\\\/UCHYaeO_n0Db3tjNGudGpXyw\"]},{\"@type\":\"Person\",\"@id\":\"https:\\\/\\\/radioljubuski.ba\\\/#\\\/schema\\\/person\\\/19fc700381a780f69665d7956c469e3b\",\"name\":\"Radio Ljubu\u0161ki\"}]}<\/script>\n<!-- \/ Yoast SEO plugin. -->","yoast_head_json":{"title":"Voza\u010d iz BiH u kabini proveo svoj odmor na vi\u0161e od 40 stupnjeva. Ka\u017enjen poslodavac, voza\u010d zadovoljan - RADIO LJUBU\u0160KI","robots":{"index":"index","follow":"follow","max-snippet":"max-snippet:-1","max-image-preview":"max-image-preview:large","max-video-preview":"max-video-preview:-1"},"canonical":"https:\/\/radioljubuski.ba\/index.php\/2022\/06\/22\/vozac-iz-bih-u-kabini-proveo-svoj-odmor-na-vise-od-40-stupnjeva-kaznjen-poslodavac-vozac-zadovoljan\/","og_locale":"hr_HR","og_type":"article","og_title":"Voza\u010d iz BiH u kabini proveo svoj odmor na vi\u0161e od 40 stupnjeva. Ka\u017enjen poslodavac, voza\u010d zadovoljan - RADIO LJUBU\u0160KI","og_description":"U Tirin\u0161koj \u0161umi Jug, 19. lipnja 2022. godine na parkirali\u0161tu A71 pregledan je kombi &nbsp;iz Bosne i Hercegovine. Voza\u010d je u njemu proveo svoj produ\u017eeni tjedni odmor (vi\u0161e od 45 sati odmora), priop\u0107ila je policija. Uz vanjske temperature od gotovo 40 stupnjeva u maloj spava\u0107oj kabini, to svakako nije bilo ugodno. Zbog tih nepovoljnih uvjeta, [&hellip;]","og_url":"https:\/\/radioljubuski.ba\/index.php\/2022\/06\/22\/vozac-iz-bih-u-kabini-proveo-svoj-odmor-na-vise-od-40-stupnjeva-kaznjen-poslodavac-vozac-zadovoljan\/","og_site_name":"RADIO LJUBU\u0160KI","article_publisher":"https:\/\/www.facebook.com\/Radiio-Ljubuski-1490835324566332","article_published_time":"2022-06-22T12:28:44+00:00","article_modified_time":"2022-06-22T12:28:45+00:00","og_image":[{"width":1000,"height":625,"url":"https:\/\/radioljubuski.ba\/wp-content\/uploads\/2022\/06\/3-2022-06-21-12-26-02-kabina-660x330-1.jpg","type":"image\/jpeg"}],"author":"Radio Ljubu\u0161ki","twitter_card":"summary_large_image","twitter_creator":"@radioljubuski","twitter_site":"@radioljubuski","twitter_misc":{"Napisao\/la":"Radio Ljubu\u0161ki","Procijenjeno vrijeme \u010ditanja":"1 minuta"},"schema":{"@context":"https:\/\/schema.org","@graph":[{"@type":"Article","@id":"https:\/\/radioljubuski.ba\/index.php\/2022\/06\/22\/vozac-iz-bih-u-kabini-proveo-svoj-odmor-na-vise-od-40-stupnjeva-kaznjen-poslodavac-vozac-zadovoljan\/#article","isPartOf":{"@id":"https:\/\/radioljubuski.ba\/index.php\/2022\/06\/22\/vozac-iz-bih-u-kabini-proveo-svoj-odmor-na-vise-od-40-stupnjeva-kaznjen-poslodavac-vozac-zadovoljan\/"},"author":{"name":"Radio Ljubu\u0161ki","@id":"https:\/\/radioljubuski.ba\/#\/schema\/person\/19fc700381a780f69665d7956c469e3b"},"headline":"Voza\u010d iz BiH u kabini proveo svoj odmor na vi\u0161e od 40 stupnjeva. Ka\u017enjen poslodavac, voza\u010d zadovoljan","datePublished":"2022-06-22T12:28:44+00:00","dateModified":"2022-06-22T12:28:45+00:00","mainEntityOfPage":{"@id":"https:\/\/radioljubuski.ba\/index.php\/2022\/06\/22\/vozac-iz-bih-u-kabini-proveo-svoj-odmor-na-vise-od-40-stupnjeva-kaznjen-poslodavac-vozac-zadovoljan\/"},"wordCount":167,"publisher":{"@id":"https:\/\/radioljubuski.ba\/#organization"},"image":{"@id":"https:\/\/radioljubuski.ba\/index.php\/2022\/06\/22\/vozac-iz-bih-u-kabini-proveo-svoj-odmor-na-vise-od-40-stupnjeva-kaznjen-poslodavac-vozac-zadovoljan\/#primaryimage"},"thumbnailUrl":"https:\/\/radioljubuski.ba\/wp-content\/uploads\/2022\/06\/3-2022-06-21-12-26-02-kabina-660x330-1.jpg","articleSection":["BIH i regija"],"inLanguage":"hr"},{"@type":"WebPage","@id":"https:\/\/radioljubuski.ba\/index.php\/2022\/06\/22\/vozac-iz-bih-u-kabini-proveo-svoj-odmor-na-vise-od-40-stupnjeva-kaznjen-poslodavac-vozac-zadovoljan\/","url":"https:\/\/radioljubuski.ba\/index.php\/2022\/06\/22\/vozac-iz-bih-u-kabini-proveo-svoj-odmor-na-vise-od-40-stupnjeva-kaznjen-poslodavac-vozac-zadovoljan\/","name":"Voza\u010d iz BiH u kabini proveo svoj odmor na vi\u0161e od 40 stupnjeva. Ka\u017enjen poslodavac, voza\u010d zadovoljan - RADIO LJUBU\u0160KI","isPartOf":{"@id":"https:\/\/radioljubuski.ba\/#website"},"primaryImageOfPage":{"@id":"https:\/\/radioljubuski.ba\/index.php\/2022\/06\/22\/vozac-iz-bih-u-kabini-proveo-svoj-odmor-na-vise-od-40-stupnjeva-kaznjen-poslodavac-vozac-zadovoljan\/#primaryimage"},"image":{"@id":"https:\/\/radioljubuski.ba\/index.php\/2022\/06\/22\/vozac-iz-bih-u-kabini-proveo-svoj-odmor-na-vise-od-40-stupnjeva-kaznjen-poslodavac-vozac-zadovoljan\/#primaryimage"},"thumbnailUrl":"https:\/\/radioljubuski.ba\/wp-content\/uploads\/2022\/06\/3-2022-06-21-12-26-02-kabina-660x330-1.jpg","datePublished":"2022-06-22T12:28:44+00:00","dateModified":"2022-06-22T12:28:45+00:00","breadcrumb":{"@id":"https:\/\/radioljubuski.ba\/index.php\/2022\/06\/22\/vozac-iz-bih-u-kabini-proveo-svoj-odmor-na-vise-od-40-stupnjeva-kaznjen-poslodavac-vozac-zadovoljan\/#breadcrumb"},"inLanguage":"hr","potentialAction":[{"@type":"ReadAction","target":["https:\/\/radioljubuski.ba\/index.php\/2022\/06\/22\/vozac-iz-bih-u-kabini-proveo-svoj-odmor-na-vise-od-40-stupnjeva-kaznjen-poslodavac-vozac-zadovoljan\/"]}]},{"@type":"ImageObject","inLanguage":"hr","@id":"https:\/\/radioljubuski.ba\/index.php\/2022\/06\/22\/vozac-iz-bih-u-kabini-proveo-svoj-odmor-na-vise-od-40-stupnjeva-kaznjen-poslodavac-vozac-zadovoljan\/#primaryimage","url":"https:\/\/radioljubuski.ba\/wp-content\/uploads\/2022\/06\/3-2022-06-21-12-26-02-kabina-660x330-1.jpg","contentUrl":"https:\/\/radioljubuski.ba\/wp-content\/uploads\/2022\/06\/3-2022-06-21-12-26-02-kabina-660x330-1.jpg","width":1000,"height":625},{"@type":"BreadcrumbList","@id":"https:\/\/radioljubuski.ba\/index.php\/2022\/06\/22\/vozac-iz-bih-u-kabini-proveo-svoj-odmor-na-vise-od-40-stupnjeva-kaznjen-poslodavac-vozac-zadovoljan\/#breadcrumb","itemListElement":[{"@type":"ListItem","position":1,"name":"Po\u010detna stranica","item":"https:\/\/radioljubuski.ba\/"},{"@type":"ListItem","position":2,"name":"Voza\u010d iz BiH u kabini proveo svoj odmor na vi\u0161e od 40 stupnjeva. Ka\u017enjen poslodavac, voza\u010d zadovoljan"}]},{"@type":"WebSite","@id":"https:\/\/radioljubuski.ba\/#website","url":"https:\/\/radioljubuski.ba\/","name":"Radio Ljubu\u0161ki","description":"Sun\u010dana frekvencija Hercegovine","publisher":{"@id":"https:\/\/radioljubuski.ba\/#organization"},"potentialAction":[{"@type":"SearchAction","target":{"@type":"EntryPoint","urlTemplate":"https:\/\/radioljubuski.ba\/?s={search_term_string}"},"query-input":{"@type":"PropertyValueSpecification","valueRequired":true,"valueName":"search_term_string"}}],"inLanguage":"hr"},{"@type":"Organization","@id":"https:\/\/radioljubuski.ba\/#organization","name":"Radio Ljubu\u0161ki","url":"https:\/\/radioljubuski.ba\/","logo":{"@type":"ImageObject","inLanguage":"hr","@id":"https:\/\/radioljubuski.ba\/#\/schema\/logo\/image\/","url":"https:\/\/radioljubuski.ba\/wp-content\/uploads\/2021\/02\/cropped-Radio_Ljubuski_logo1.jpg","contentUrl":"https:\/\/radioljubuski.ba\/wp-content\/uploads\/2021\/02\/cropped-Radio_Ljubuski_logo1.jpg","width":512,"height":512,"caption":"Radio Ljubu\u0161ki"},"image":{"@id":"https:\/\/radioljubuski.ba\/#\/schema\/logo\/image\/"},"sameAs":["https:\/\/www.facebook.com\/Radiio-Ljubuski-1490835324566332","https:\/\/x.com\/radioljubuski","https:\/\/hr.linkedin.com\/company\/radio-ljubuski","https:\/\/www.youtube.com\/channel\/UCHYaeO_n0Db3tjNGudGpXyw"]},{"@type":"Person","@id":"https:\/\/radioljubuski.ba\/#\/schema\/person\/19fc700381a780f69665d7956c469e3b","name":"Radio Ljubu\u0161ki"}]}},"_links":{"self":[{"href":"https:\/\/radioljubuski.ba\/index.php\/wp-json\/wp\/v2\/posts\/152075","targetHints":{"allow":["GET"]}}],"collection":[{"href":"https:\/\/radioljubuski.ba\/index.php\/wp-json\/wp\/v2\/posts"}],"about":[{"href":"https:\/\/radioljubuski.ba\/index.php\/wp-json\/wp\/v2\/types\/post"}],"author":[{"embeddable":true,"href":"https:\/\/radioljubuski.ba\/index.php\/wp-json\/wp\/v2\/users\/2"}],"replies":[{"embeddable":true,"href":"https:\/\/radioljubuski.ba\/index.php\/wp-json\/wp\/v2\/comments?post=152075"}],"version-history":[{"count":1,"href":"https:\/\/radioljubuski.ba\/index.php\/wp-json\/wp\/v2\/posts\/152075\/revisions"}],"predecessor-version":[{"id":152077,"href":"https:\/\/radioljubuski.ba\/index.php\/wp-json\/wp\/v2\/posts\/152075\/revisions\/152077"}],"wp:featuredmedia":[{"embeddable":true,"href":"https:\/\/radioljubuski.ba\/index.php\/wp-json\/wp\/v2\/media\/152076"}],"wp:attachment":[{"href":"https:\/\/radioljubuski.ba\/index.php\/wp-json\/wp\/v2\/media?parent=152075"}],"wp:term":[{"taxonomy":"category","embeddable":true,"href":"https:\/\/radioljubuski.ba\/index.php\/wp-json\/wp\/v2\/categories?post=152075"},{"taxonomy":"post_tag","embeddable":true,"href":"https:\/\/radioljubuski.ba\/index.php\/wp-json\/wp\/v2\/tags?post=152075"}],"curies":[{"name":"wp","href":"https:\/\/api.w.org\/{rel}","templated":true}]}}