{"id":152078,"date":"2022-06-22T13:30:29","date_gmt":"2022-06-22T12:30:29","guid":{"rendered":"https:\/\/radioljubuski.ba\/?p=152078"},"modified":"2022-06-22T13:30:30","modified_gmt":"2022-06-22T12:30:30","slug":"koliko-kosta-nocenje-za-cetveroclanu-obitelj-na-jadranu","status":"publish","type":"post","link":"https:\/\/radioljubuski.ba\/index.php\/2022\/06\/22\/koliko-kosta-nocenje-za-cetveroclanu-obitelj-na-jadranu\/","title":{"rendered":"Koliko ko\u0161ta no\u0107enje za \u010detvero\u010dlanu obitelj na Jadranu?"},"content":{"rendered":"\n<p>Kakve su cijene smje\u0161taja trenutno na obali za tjedan dana boravka i koliko bi takav godi\u0161nji odmor ko\u0161tao prosje\u010dnu hrvatsku \u010detvero\u010dlanu obitelj, roditelje s dvoje djece, i postoji li \u0161ansa da si to priu\u0161te, pi\u0161e <a href=\"https:\/\/www.index.hr\/vijesti\/clanak\/koliko-kosta-nocenje-za-cetveroclanu-obitelj-na-jadranu-imamo-cijene\/2373653.aspx\">Index.hr<\/a>.<\/p>\n\n\n\n<p>Na omiljenim otocima te\u0161ko je prona\u0107i smje\u0161taj ispod 150 eura<br>Iznimno popularna Komi\u017ea ve\u0107 prije par mjeseci po\u010dela se jako dobro puniti. \u0160pica sezone odavno je rasprodana \u0161to se ti\u010de odli\u010dno ure\u0111enog i cjenovno prihvatljivog smje\u0161taja.&nbsp;<\/p>\n\n\n\n<p>Za \u010detvero\u010dlanu obitelj od 11. do 17. srpnja na Komi\u017ei nema ni\u0161ta ispod 150 eura po no\u0107enju. Ima vila do 500 eura. A na Airbnb-ju nudi se tek desetak smje\u0161tanih objekata. Sli\u010dno je i na ostatku Visa. U ponudi su apartmani i vile od 100 do 1000 eura. Ima tu svega, od potpunih rupa do perfektno ure\u0111enih vila koje itekako zaslu\u017euju visoke cijene.&nbsp;<\/p>\n\n\n\n<p>7 no\u0107enja u Makarskoj za \u010detvero\u010dlanu obitelj 5250 kuna<br>Prvi tjedan u srpnju na Visu se jo\u0161 mo\u017ee prona\u0107i pone\u0161to kvalitetno. U \u017deni Glavi na\u0161li smo dvije lijepe, tradicionalno restaurirane kamene ku\u0107ice za odmor po sasvim prihvatljivoj cijeni od 55 eura za no\u0107enje, \u0161to s naknadama za usluge Airbnb-ja i \u010di\u0161\u0107enja na kraju ukupno do\u0111e 467 eura. Vi\u0161e nego okej za \u010detvero\u010dlanu obitelj u \u0161pici sezone na Visu.&nbsp;<\/p>\n\n\n\n<p>U Makarskoj su cijene, o\u010dekivano, ne\u0161to ni\u017ee nego na Visu. Kre\u0107u se od 80 do 250 eura po danu, a smje\u0161taja je puno vi\u0161e. Solidan stan izvan centra grada \u010detvero\u010dlanu obitelj bi za sedam no\u0107enja ko\u0161tao, prema onome \u0161to zasad vidimo, oko 700 eura, \u0161to bi bilo oko 5250 kuna. \u017dele li ne\u0161to skuplje, mogu uzeti stan s bazenom za 1269 eura po no\u0107enju.<\/p>\n\n\n\n<p>U Neumu upola jeftinije&nbsp;<br>Provjerili smo i kakva je situacija u Neumu. Dok u Hrvatskoj smje\u0161taj uglavnom ko\u0161ta po 100, 200 eura, na rivijeri BiH cijene su mahom dvoznamenkaste. Dosta se apartmana mo\u017ee prona\u0107i za manje od sto eura, \u0161to je svakako povoljnije. Prona\u0161li smo vrhunski ure\u0111en stan za 370 eura za sedam dana boravka, odnosno pet no\u0107enja, za \u010detvero\u010dlanu obitelj. Ali kad je rije\u010d o vilama s bazenom, cijene su tu, barem prema onome \u0161to zasad vidimo, za tjedan dana u srpnju gotovo iste kao i na hrvatskoj obali.&nbsp;<\/p>\n\n\n\n<p>Dubrovnik nudi raznolikost. Ima stanova od 80 eura, ali ima i vila od 400 eura, pogotovo kad se ide prema Moko\u0161ici. U centru je pak druga\u010dija pri\u010da. Stari grad izgleda mahom rasprodan. Smje\u0161taj koji je ostao slobodan cjenovno se kre\u0107e iznad 150 eura pa bi, uz naknade za usluge, \u010detvero\u010dlana obitelj za boravak ovdje platila i do 757 eura, \u0161to je za pedesetak eura vi\u0161e nego u Makarskoj.<\/p>\n\n\n\n<p>U Hvaru tjedan dana u apartmanu 1751 euro, odnosno 13.132 kuna<br>No Dubrovnik je melem za d\u017eep kad pogledate grad Hvar. Ondje su cijene o\u010dekivano paprene. Izgleda kao da se na izvansezonske cijene samo nadodaju nule. Pa tako apartmani u Hvaru ko\u0161taju od 155 eura (toliko ko\u0161ta najpovoljniji koji smo uspjeli prona\u0107i) do 1256 eura. Ima onih od 500, 300 i 800 eura i uglavnom su sve cijene uo\u010dljivo iznad prosjeka ostatka obale.<\/p>\n\n\n\n<p>Mogli bismo re\u0107i da je standard za no\u0107enje u srpnju u Hvaru u apartmanu za \u010detvero\u010dlanu obitelj oko 280 eura, \u0161to bi zna\u010dilo da \u0107e oni za tjedan dana boravka platiti 1751 euro, odnosno 13.132 kune.&nbsp;<\/p>\n\n\n\n<p>Su\u0107uraj i Jelsa su isto na Hvaru, a cijene su drasti\u010dno ni\u017ee<br>Dobro je znati da otok Hvar ne \u010dine samo razvikane turisti\u010dke zone. On nudi brojna mala sela u svom sredi\u0161tu, pa je preporuka posjetiti Brusje, Velo Grablje, Dol ili Vrbanj, gdje \u0107e uskoro krenuti berba lavande, i ondje prona\u0107i smje\u0161taj u stanu u divnoj kamenoj ku\u0107i za \u0161ezdesetak eura te putovati autom desetak kilometara do prve pla\u017ee ili gdje god po\u017eelite.<\/p>\n\n\n\n<p>Jelsa je tako\u0111er puno jeftinija alternativa Hvaru, a ni Su\u0107uraj, koji nudi bogatu povijest i autohtonu sortu vina, nije skup. Usporedbe radi, \u010detvero\u010dlana obitelj u Jelsi ili Su\u0107urju mogla bi prona\u0107i smje\u0161taj od sedam no\u0107enja za 500 eura, a sve je to isti otok koji se autom pro\u0111e u sat vremena vo\u017enje.&nbsp;<\/p>\n\n\n\n<p>Na Pagu radije odaberite Kolan ili \u0160imune nego Zr\u0107e ili Novalju<br>Hvar je dosta sli\u010dan Pagu po tome \u0161to postoje razvikane zone, poput Zr\u0107a i Novalje, i mirne oaze, poput Kolana i \u0160imuna, gdje mo\u017eete do besvijesti u\u017eivati u vrhunskoj hrani i jeftinijem smje\u0161taju, ako ve\u0107 nije rasprodan. U Novalji je prosjek po no\u0107enju, barem iz prilo\u017eenog s Booking.coma i Airbnb-ja, stotinjak eura. Za \u010detvero\u010dlanu obitelj to je ukupno 763 eura s naknadama za 7 no\u0107enja.<\/p>\n\n\n\n<p>U Metajni se ve\u0107 mo\u017ee na\u0107i smje\u0161taj za sedamdesetak eura, ali i najbolje pla\u017ee. U centru grada Paga jo\u0161 sad ima smje\u0161taja za 60 eura, \u0161to bi za tjedan dana bilo 467 eura s naknadama. Uop\u0107e nije lo\u0161e. Me\u0111u povoljnijima vidjeli smo i apartman smje\u0161ten ba\u0161 na trgu u strogom centru grada.&nbsp;<\/p>\n\n\n\n<p>U Crikvenici bi \u010detvero\u010dlana obitelj platila 4275 kuna<br>Cijene u Crikvenici ne\u0161to su vi\u0161e nego u gradu Pagu, ali opet su zna\u010dajno ni\u017ee nego u Hvaru, Makarskoj ili Komi\u017ei. Apartman u Crikvenici ko\u0161ta oko 80 eura za no\u0107, a ima ih od 60 do 97 eura. \u010cetvero\u010dlana obitelj platila bi oko 570 eura s naknadama za sedam no\u0107enja ovdje, \u0161to je oko 4275 kuna. Gotovo identi\u010dno je u Novom Vinodolskom. U Rijeci je za desetak eura skuplje, ali je smje\u0161taj koji se nudi puno bolji.&nbsp;<\/p>\n\n\n\n<p>Istra je uvijek dobra ideja. U srcu poluotoka prona\u0161li smo renoviranu kamenu ku\u0107u s bazenom za 84 eura po no\u0107enju. Iznajmljuje se cijeli prostor, ima klimu, parkirali\u0161te, sve \u0161to je potrebno. \u010cetvero\u010dlana obitelj za ovo bi trebala platiti oko 600 eura.<\/p>\n\n\n\n<p>Sredi\u0161nja Istra nudi ku\u0107e s bazenom<br>Sredi\u0161nja Istra nudi vrhunske opcije za malo novca. Iznajmljiva\u010di su se potrudili nabaviti hidromasa\u017ene kade ili bazene, a kod mnogih su cijene ostale kao i prije nego \u0161to su ih nabavili. Ipak, smje\u0161taj na obali, u Puli, Rovinju, Umagu i sli\u010dnim poznatim lokacijama, zadr\u017eava cijenu kao i na ostatku hrvatske obale. Tako bi tamo \u010detvero\u010dlana obitelj, \u017eeli li pristojan apartman s klimom i parkingom, trebala izdvojiti 600 do 700 eura za sedam no\u0107enja.&nbsp;<\/p>\n\n\n\n<p>U Trstu nije ostalo ni\u0161ta dobro, ali u Crnoj Gori za 60 eura ima vrhunskih apartmana&nbsp;<br>Usporedbe radi, navratili smo do Trsta. Cijene su mal\u010dice vi\u0161e u Italiji, a smje\u0161taja je puno, puno manje.<\/p>\n\n\n\n<p>I to \u0161to je ostalo ne izgleda dobro. Tek tamo \u0161ira okolica Venecije nudi razlog da se potro\u0161i gorivo i otputuje na godi\u0161nji negdje gdje je dobar i povoljan smje\u0161taj, ali opet, \u010dini se da trenutno puno bolje apartmane, i izgledom i cjenovno, imamo u Hrvatskoj.<\/p>\n\n\n\n<p>Dodajmo i da na drugom izlazu iz dr\u017eave, u Crnoj Gori, Herceg Novi nudi luksuzno ure\u0111ene apartmane u prvim redovima do mora ve\u0107 za \u0161ezdesetak eura, \u0161to bi \u010detvero\u010dlanu obitelj ko\u0161talo 486 eura za sedam no\u0107enja. Potro\u0161ili bi dosta goriva, ali vjerojatno bi u\u0161tedjeli na razlici u cijeni, pogotovo ako ura\u010dunamo i odlaske u restorane te tro\u0161enje na turisti\u010dke aktivnosti.&nbsp;<\/p>\n\n\n\n<p>Hrvatska obitelj s prosje\u010dnim primanjima te\u0161ko si mo\u017ee priu\u0161titi ljetovanje u Hrvatskoj&nbsp;<br>Prosje\u010dna mjese\u010dna ispla\u0107ena neto pla\u0107a u hrvatskim tvrtkama za o\u017eujak je iznosila 7607 kuna. Medijalna neto pla\u0107a za isti mjesec iznosila je 6352 kune, \u0161to zna\u010di da je polovica zaposlenih imala manju, a polovica ve\u0107u pla\u0107u od tog iznosa.<\/p>\n\n\n\n<p>Ako pretpostavimo da su u \u010detvero\u010dlanoj obitelji oba roditelja zaposlena, to bi zna\u010dilo da bi morali potro\u0161iti obje pla\u0107e samo da plate apartman u kojem \u0107e boraviti sedam dana na Hvaru i sigurno najmanje jednu pla\u0107u za prijevoz do tamo, hranu i druge potrep\u0161tine.&nbsp;<\/p>\n\n\n\n<p>Ako bi ta obitelj ljetovala na nekoj jeftinijoj lokaciji, recimo u Crikvenici, pa bi za smje\u0161taj izdvojila 4500 kuna, onda bi to ve\u0107 bilo donekle izvedivo, pod uvjetom da je obitelj jako \u0161tedljiva tijekom cijele naporne, inflacijske godine. Trebalo bi opet ura\u010dunati prijevoz, hranu i sli\u010dne tro\u0161kove, pa recimo da bi potro\u0161ili dvije pla\u0107e. Hrvatskim dr\u017eavljanima definitivno je izazovno ljetovati u vlastitoj dr\u017eavi. &nbsp;&nbsp;<\/p>\n\n\n\n<p>Izvor:index.hr<\/p>\n","protected":false},"excerpt":{"rendered":"<p>Kakve su cijene smje\u0161taja trenutno na obali za tjedan dana boravka i koliko bi takav godi\u0161nji odmor ko\u0161tao prosje\u010dnu hrvatsku \u010detvero\u010dlanu obitelj, roditelje s dvoje djece, i postoji li \u0161ansa da si to priu\u0161te, pi\u0161e Index.hr. Na omiljenim otocima te\u0161ko je prona\u0107i smje\u0161taj ispod 150 euraIznimno popularna Komi\u017ea ve\u0107 prije par mjeseci po\u010dela se jako [&hellip;]<\/p>\n","protected":false},"author":2,"featured_media":7534,"comment_status":"closed","ping_status":"closed","sticky":false,"template":"","format":"standard","meta":{"h5ap_radio_sources":[],"footnotes":""},"categories":[1],"tags":[],"class_list":["post-152078","post","type-post","status-publish","format-standard","has-post-thumbnail","hentry","category-bihiregija"],"yoast_head":"<!-- This site is optimized with the Yoast SEO plugin v27.4 - https:\/\/yoast.com\/product\/yoast-seo-wordpress\/ -->\n<title>Koliko ko\u0161ta no\u0107enje za \u010detvero\u010dlanu obitelj na Jadranu? - RADIO LJUBU\u0160KI<\/title>\n<meta name=\"robots\" content=\"index, follow, max-snippet:-1, max-image-preview:large, max-video-preview:-1\" \/>\n<link rel=\"canonical\" href=\"https:\/\/radioljubuski.ba\/index.php\/2022\/06\/22\/koliko-kosta-nocenje-za-cetveroclanu-obitelj-na-jadranu\/\" \/>\n<meta property=\"og:locale\" content=\"hr_HR\" \/>\n<meta property=\"og:type\" content=\"article\" \/>\n<meta property=\"og:title\" content=\"Koliko ko\u0161ta no\u0107enje za \u010detvero\u010dlanu obitelj na Jadranu? - RADIO LJUBU\u0160KI\" \/>\n<meta property=\"og:description\" content=\"Kakve su cijene smje\u0161taja trenutno na obali za tjedan dana boravka i koliko bi takav godi\u0161nji odmor ko\u0161tao prosje\u010dnu hrvatsku \u010detvero\u010dlanu obitelj, roditelje s dvoje djece, i postoji li \u0161ansa da si to priu\u0161te, pi\u0161e Index.hr. Na omiljenim otocima te\u0161ko je prona\u0107i smje\u0161taj ispod 150 euraIznimno popularna Komi\u017ea ve\u0107 prije par mjeseci po\u010dela se jako [&hellip;]\" \/>\n<meta property=\"og:url\" content=\"https:\/\/radioljubuski.ba\/index.php\/2022\/06\/22\/koliko-kosta-nocenje-za-cetveroclanu-obitelj-na-jadranu\/\" \/>\n<meta property=\"og:site_name\" content=\"RADIO LJUBU\u0160KI\" \/>\n<meta property=\"article:publisher\" content=\"https:\/\/www.facebook.com\/Radiio-Ljubuski-1490835324566332\" \/>\n<meta property=\"article:published_time\" content=\"2022-06-22T12:30:29+00:00\" \/>\n<meta property=\"article:modified_time\" content=\"2022-06-22T12:30:30+00:00\" \/>\n<meta property=\"og:image\" content=\"https:\/\/radioljubuski.ba\/wp-content\/uploads\/2021\/03\/UMI6O8N3_more_turizanm.jpg\" \/>\n\t<meta property=\"og:image:width\" content=\"1000\" \/>\n\t<meta property=\"og:image:height\" content=\"625\" \/>\n\t<meta property=\"og:image:type\" content=\"image\/jpeg\" \/>\n<meta name=\"author\" content=\"Radio Ljubu\u0161ki\" \/>\n<meta name=\"twitter:card\" content=\"summary_large_image\" \/>\n<meta name=\"twitter:creator\" content=\"@radioljubuski\" \/>\n<meta name=\"twitter:site\" content=\"@radioljubuski\" \/>\n<meta name=\"twitter:label1\" content=\"Napisao\/la\" \/>\n\t<meta name=\"twitter:data1\" content=\"Radio Ljubu\u0161ki\" \/>\n\t<meta name=\"twitter:label2\" content=\"Procijenjeno vrijeme \u010ditanja\" \/>\n\t<meta name=\"twitter:data2\" content=\"6 minuta\" \/>\n<script type=\"application\/ld+json\" class=\"yoast-schema-graph\">{\"@context\":\"https:\\\/\\\/schema.org\",\"@graph\":[{\"@type\":\"Article\",\"@id\":\"https:\\\/\\\/radioljubuski.ba\\\/index.php\\\/2022\\\/06\\\/22\\\/koliko-kosta-nocenje-za-cetveroclanu-obitelj-na-jadranu\\\/#article\",\"isPartOf\":{\"@id\":\"https:\\\/\\\/radioljubuski.ba\\\/index.php\\\/2022\\\/06\\\/22\\\/koliko-kosta-nocenje-za-cetveroclanu-obitelj-na-jadranu\\\/\"},\"author\":{\"name\":\"Radio Ljubu\u0161ki\",\"@id\":\"https:\\\/\\\/radioljubuski.ba\\\/#\\\/schema\\\/person\\\/19fc700381a780f69665d7956c469e3b\"},\"headline\":\"Koliko ko\u0161ta no\u0107enje za \u010detvero\u010dlanu obitelj na Jadranu?\",\"datePublished\":\"2022-06-22T12:30:29+00:00\",\"dateModified\":\"2022-06-22T12:30:30+00:00\",\"mainEntityOfPage\":{\"@id\":\"https:\\\/\\\/radioljubuski.ba\\\/index.php\\\/2022\\\/06\\\/22\\\/koliko-kosta-nocenje-za-cetveroclanu-obitelj-na-jadranu\\\/\"},\"wordCount\":1442,\"publisher\":{\"@id\":\"https:\\\/\\\/radioljubuski.ba\\\/#organization\"},\"image\":{\"@id\":\"https:\\\/\\\/radioljubuski.ba\\\/index.php\\\/2022\\\/06\\\/22\\\/koliko-kosta-nocenje-za-cetveroclanu-obitelj-na-jadranu\\\/#primaryimage\"},\"thumbnailUrl\":\"https:\\\/\\\/radioljubuski.ba\\\/wp-content\\\/uploads\\\/2021\\\/03\\\/UMI6O8N3_more_turizanm.jpg\",\"articleSection\":[\"BIH i regija\"],\"inLanguage\":\"hr\"},{\"@type\":\"WebPage\",\"@id\":\"https:\\\/\\\/radioljubuski.ba\\\/index.php\\\/2022\\\/06\\\/22\\\/koliko-kosta-nocenje-za-cetveroclanu-obitelj-na-jadranu\\\/\",\"url\":\"https:\\\/\\\/radioljubuski.ba\\\/index.php\\\/2022\\\/06\\\/22\\\/koliko-kosta-nocenje-za-cetveroclanu-obitelj-na-jadranu\\\/\",\"name\":\"Koliko ko\u0161ta no\u0107enje za \u010detvero\u010dlanu obitelj na Jadranu? - RADIO LJUBU\u0160KI\",\"isPartOf\":{\"@id\":\"https:\\\/\\\/radioljubuski.ba\\\/#website\"},\"primaryImageOfPage\":{\"@id\":\"https:\\\/\\\/radioljubuski.ba\\\/index.php\\\/2022\\\/06\\\/22\\\/koliko-kosta-nocenje-za-cetveroclanu-obitelj-na-jadranu\\\/#primaryimage\"},\"image\":{\"@id\":\"https:\\\/\\\/radioljubuski.ba\\\/index.php\\\/2022\\\/06\\\/22\\\/koliko-kosta-nocenje-za-cetveroclanu-obitelj-na-jadranu\\\/#primaryimage\"},\"thumbnailUrl\":\"https:\\\/\\\/radioljubuski.ba\\\/wp-content\\\/uploads\\\/2021\\\/03\\\/UMI6O8N3_more_turizanm.jpg\",\"datePublished\":\"2022-06-22T12:30:29+00:00\",\"dateModified\":\"2022-06-22T12:30:30+00:00\",\"breadcrumb\":{\"@id\":\"https:\\\/\\\/radioljubuski.ba\\\/index.php\\\/2022\\\/06\\\/22\\\/koliko-kosta-nocenje-za-cetveroclanu-obitelj-na-jadranu\\\/#breadcrumb\"},\"inLanguage\":\"hr\",\"potentialAction\":[{\"@type\":\"ReadAction\",\"target\":[\"https:\\\/\\\/radioljubuski.ba\\\/index.php\\\/2022\\\/06\\\/22\\\/koliko-kosta-nocenje-za-cetveroclanu-obitelj-na-jadranu\\\/\"]}]},{\"@type\":\"ImageObject\",\"inLanguage\":\"hr\",\"@id\":\"https:\\\/\\\/radioljubuski.ba\\\/index.php\\\/2022\\\/06\\\/22\\\/koliko-kosta-nocenje-za-cetveroclanu-obitelj-na-jadranu\\\/#primaryimage\",\"url\":\"https:\\\/\\\/radioljubuski.ba\\\/wp-content\\\/uploads\\\/2021\\\/03\\\/UMI6O8N3_more_turizanm.jpg\",\"contentUrl\":\"https:\\\/\\\/radioljubuski.ba\\\/wp-content\\\/uploads\\\/2021\\\/03\\\/UMI6O8N3_more_turizanm.jpg\",\"width\":1000,\"height\":625},{\"@type\":\"BreadcrumbList\",\"@id\":\"https:\\\/\\\/radioljubuski.ba\\\/index.php\\\/2022\\\/06\\\/22\\\/koliko-kosta-nocenje-za-cetveroclanu-obitelj-na-jadranu\\\/#breadcrumb\",\"itemListElement\":[{\"@type\":\"ListItem\",\"position\":1,\"name\":\"Po\u010detna stranica\",\"item\":\"https:\\\/\\\/radioljubuski.ba\\\/\"},{\"@type\":\"ListItem\",\"position\":2,\"name\":\"Koliko ko\u0161ta no\u0107enje za \u010detvero\u010dlanu obitelj na Jadranu?\"}]},{\"@type\":\"WebSite\",\"@id\":\"https:\\\/\\\/radioljubuski.ba\\\/#website\",\"url\":\"https:\\\/\\\/radioljubuski.ba\\\/\",\"name\":\"Radio Ljubu\u0161ki\",\"description\":\"Sun\u010dana frekvencija Hercegovine\",\"publisher\":{\"@id\":\"https:\\\/\\\/radioljubuski.ba\\\/#organization\"},\"potentialAction\":[{\"@type\":\"SearchAction\",\"target\":{\"@type\":\"EntryPoint\",\"urlTemplate\":\"https:\\\/\\\/radioljubuski.ba\\\/?s={search_term_string}\"},\"query-input\":{\"@type\":\"PropertyValueSpecification\",\"valueRequired\":true,\"valueName\":\"search_term_string\"}}],\"inLanguage\":\"hr\"},{\"@type\":\"Organization\",\"@id\":\"https:\\\/\\\/radioljubuski.ba\\\/#organization\",\"name\":\"Radio Ljubu\u0161ki\",\"url\":\"https:\\\/\\\/radioljubuski.ba\\\/\",\"logo\":{\"@type\":\"ImageObject\",\"inLanguage\":\"hr\",\"@id\":\"https:\\\/\\\/radioljubuski.ba\\\/#\\\/schema\\\/logo\\\/image\\\/\",\"url\":\"https:\\\/\\\/radioljubuski.ba\\\/wp-content\\\/uploads\\\/2021\\\/02\\\/cropped-Radio_Ljubuski_logo1.jpg\",\"contentUrl\":\"https:\\\/\\\/radioljubuski.ba\\\/wp-content\\\/uploads\\\/2021\\\/02\\\/cropped-Radio_Ljubuski_logo1.jpg\",\"width\":512,\"height\":512,\"caption\":\"Radio Ljubu\u0161ki\"},\"image\":{\"@id\":\"https:\\\/\\\/radioljubuski.ba\\\/#\\\/schema\\\/logo\\\/image\\\/\"},\"sameAs\":[\"https:\\\/\\\/www.facebook.com\\\/Radiio-Ljubuski-1490835324566332\",\"https:\\\/\\\/x.com\\\/radioljubuski\",\"https:\\\/\\\/hr.linkedin.com\\\/company\\\/radio-ljubuski\",\"https:\\\/\\\/www.youtube.com\\\/channel\\\/UCHYaeO_n0Db3tjNGudGpXyw\"]},{\"@type\":\"Person\",\"@id\":\"https:\\\/\\\/radioljubuski.ba\\\/#\\\/schema\\\/person\\\/19fc700381a780f69665d7956c469e3b\",\"name\":\"Radio Ljubu\u0161ki\"}]}<\/script>\n<!-- \/ Yoast SEO plugin. -->","yoast_head_json":{"title":"Koliko ko\u0161ta no\u0107enje za \u010detvero\u010dlanu obitelj na Jadranu? - RADIO LJUBU\u0160KI","robots":{"index":"index","follow":"follow","max-snippet":"max-snippet:-1","max-image-preview":"max-image-preview:large","max-video-preview":"max-video-preview:-1"},"canonical":"https:\/\/radioljubuski.ba\/index.php\/2022\/06\/22\/koliko-kosta-nocenje-za-cetveroclanu-obitelj-na-jadranu\/","og_locale":"hr_HR","og_type":"article","og_title":"Koliko ko\u0161ta no\u0107enje za \u010detvero\u010dlanu obitelj na Jadranu? - RADIO LJUBU\u0160KI","og_description":"Kakve su cijene smje\u0161taja trenutno na obali za tjedan dana boravka i koliko bi takav godi\u0161nji odmor ko\u0161tao prosje\u010dnu hrvatsku \u010detvero\u010dlanu obitelj, roditelje s dvoje djece, i postoji li \u0161ansa da si to priu\u0161te, pi\u0161e Index.hr. Na omiljenim otocima te\u0161ko je prona\u0107i smje\u0161taj ispod 150 euraIznimno popularna Komi\u017ea ve\u0107 prije par mjeseci po\u010dela se jako [&hellip;]","og_url":"https:\/\/radioljubuski.ba\/index.php\/2022\/06\/22\/koliko-kosta-nocenje-za-cetveroclanu-obitelj-na-jadranu\/","og_site_name":"RADIO LJUBU\u0160KI","article_publisher":"https:\/\/www.facebook.com\/Radiio-Ljubuski-1490835324566332","article_published_time":"2022-06-22T12:30:29+00:00","article_modified_time":"2022-06-22T12:30:30+00:00","og_image":[{"width":1000,"height":625,"url":"https:\/\/radioljubuski.ba\/wp-content\/uploads\/2021\/03\/UMI6O8N3_more_turizanm.jpg","type":"image\/jpeg"}],"author":"Radio Ljubu\u0161ki","twitter_card":"summary_large_image","twitter_creator":"@radioljubuski","twitter_site":"@radioljubuski","twitter_misc":{"Napisao\/la":"Radio Ljubu\u0161ki","Procijenjeno vrijeme \u010ditanja":"6 minuta"},"schema":{"@context":"https:\/\/schema.org","@graph":[{"@type":"Article","@id":"https:\/\/radioljubuski.ba\/index.php\/2022\/06\/22\/koliko-kosta-nocenje-za-cetveroclanu-obitelj-na-jadranu\/#article","isPartOf":{"@id":"https:\/\/radioljubuski.ba\/index.php\/2022\/06\/22\/koliko-kosta-nocenje-za-cetveroclanu-obitelj-na-jadranu\/"},"author":{"name":"Radio Ljubu\u0161ki","@id":"https:\/\/radioljubuski.ba\/#\/schema\/person\/19fc700381a780f69665d7956c469e3b"},"headline":"Koliko ko\u0161ta no\u0107enje za \u010detvero\u010dlanu obitelj na Jadranu?","datePublished":"2022-06-22T12:30:29+00:00","dateModified":"2022-06-22T12:30:30+00:00","mainEntityOfPage":{"@id":"https:\/\/radioljubuski.ba\/index.php\/2022\/06\/22\/koliko-kosta-nocenje-za-cetveroclanu-obitelj-na-jadranu\/"},"wordCount":1442,"publisher":{"@id":"https:\/\/radioljubuski.ba\/#organization"},"image":{"@id":"https:\/\/radioljubuski.ba\/index.php\/2022\/06\/22\/koliko-kosta-nocenje-za-cetveroclanu-obitelj-na-jadranu\/#primaryimage"},"thumbnailUrl":"https:\/\/radioljubuski.ba\/wp-content\/uploads\/2021\/03\/UMI6O8N3_more_turizanm.jpg","articleSection":["BIH i regija"],"inLanguage":"hr"},{"@type":"WebPage","@id":"https:\/\/radioljubuski.ba\/index.php\/2022\/06\/22\/koliko-kosta-nocenje-za-cetveroclanu-obitelj-na-jadranu\/","url":"https:\/\/radioljubuski.ba\/index.php\/2022\/06\/22\/koliko-kosta-nocenje-za-cetveroclanu-obitelj-na-jadranu\/","name":"Koliko ko\u0161ta no\u0107enje za \u010detvero\u010dlanu obitelj na Jadranu? - RADIO LJUBU\u0160KI","isPartOf":{"@id":"https:\/\/radioljubuski.ba\/#website"},"primaryImageOfPage":{"@id":"https:\/\/radioljubuski.ba\/index.php\/2022\/06\/22\/koliko-kosta-nocenje-za-cetveroclanu-obitelj-na-jadranu\/#primaryimage"},"image":{"@id":"https:\/\/radioljubuski.ba\/index.php\/2022\/06\/22\/koliko-kosta-nocenje-za-cetveroclanu-obitelj-na-jadranu\/#primaryimage"},"thumbnailUrl":"https:\/\/radioljubuski.ba\/wp-content\/uploads\/2021\/03\/UMI6O8N3_more_turizanm.jpg","datePublished":"2022-06-22T12:30:29+00:00","dateModified":"2022-06-22T12:30:30+00:00","breadcrumb":{"@id":"https:\/\/radioljubuski.ba\/index.php\/2022\/06\/22\/koliko-kosta-nocenje-za-cetveroclanu-obitelj-na-jadranu\/#breadcrumb"},"inLanguage":"hr","potentialAction":[{"@type":"ReadAction","target":["https:\/\/radioljubuski.ba\/index.php\/2022\/06\/22\/koliko-kosta-nocenje-za-cetveroclanu-obitelj-na-jadranu\/"]}]},{"@type":"ImageObject","inLanguage":"hr","@id":"https:\/\/radioljubuski.ba\/index.php\/2022\/06\/22\/koliko-kosta-nocenje-za-cetveroclanu-obitelj-na-jadranu\/#primaryimage","url":"https:\/\/radioljubuski.ba\/wp-content\/uploads\/2021\/03\/UMI6O8N3_more_turizanm.jpg","contentUrl":"https:\/\/radioljubuski.ba\/wp-content\/uploads\/2021\/03\/UMI6O8N3_more_turizanm.jpg","width":1000,"height":625},{"@type":"BreadcrumbList","@id":"https:\/\/radioljubuski.ba\/index.php\/2022\/06\/22\/koliko-kosta-nocenje-za-cetveroclanu-obitelj-na-jadranu\/#breadcrumb","itemListElement":[{"@type":"ListItem","position":1,"name":"Po\u010detna stranica","item":"https:\/\/radioljubuski.ba\/"},{"@type":"ListItem","position":2,"name":"Koliko ko\u0161ta no\u0107enje za \u010detvero\u010dlanu obitelj na Jadranu?"}]},{"@type":"WebSite","@id":"https:\/\/radioljubuski.ba\/#website","url":"https:\/\/radioljubuski.ba\/","name":"Radio Ljubu\u0161ki","description":"Sun\u010dana frekvencija Hercegovine","publisher":{"@id":"https:\/\/radioljubuski.ba\/#organization"},"potentialAction":[{"@type":"SearchAction","target":{"@type":"EntryPoint","urlTemplate":"https:\/\/radioljubuski.ba\/?s={search_term_string}"},"query-input":{"@type":"PropertyValueSpecification","valueRequired":true,"valueName":"search_term_string"}}],"inLanguage":"hr"},{"@type":"Organization","@id":"https:\/\/radioljubuski.ba\/#organization","name":"Radio Ljubu\u0161ki","url":"https:\/\/radioljubuski.ba\/","logo":{"@type":"ImageObject","inLanguage":"hr","@id":"https:\/\/radioljubuski.ba\/#\/schema\/logo\/image\/","url":"https:\/\/radioljubuski.ba\/wp-content\/uploads\/2021\/02\/cropped-Radio_Ljubuski_logo1.jpg","contentUrl":"https:\/\/radioljubuski.ba\/wp-content\/uploads\/2021\/02\/cropped-Radio_Ljubuski_logo1.jpg","width":512,"height":512,"caption":"Radio Ljubu\u0161ki"},"image":{"@id":"https:\/\/radioljubuski.ba\/#\/schema\/logo\/image\/"},"sameAs":["https:\/\/www.facebook.com\/Radiio-Ljubuski-1490835324566332","https:\/\/x.com\/radioljubuski","https:\/\/hr.linkedin.com\/company\/radio-ljubuski","https:\/\/www.youtube.com\/channel\/UCHYaeO_n0Db3tjNGudGpXyw"]},{"@type":"Person","@id":"https:\/\/radioljubuski.ba\/#\/schema\/person\/19fc700381a780f69665d7956c469e3b","name":"Radio Ljubu\u0161ki"}]}},"_links":{"self":[{"href":"https:\/\/radioljubuski.ba\/index.php\/wp-json\/wp\/v2\/posts\/152078","targetHints":{"allow":["GET"]}}],"collection":[{"href":"https:\/\/radioljubuski.ba\/index.php\/wp-json\/wp\/v2\/posts"}],"about":[{"href":"https:\/\/radioljubuski.ba\/index.php\/wp-json\/wp\/v2\/types\/post"}],"author":[{"embeddable":true,"href":"https:\/\/radioljubuski.ba\/index.php\/wp-json\/wp\/v2\/users\/2"}],"replies":[{"embeddable":true,"href":"https:\/\/radioljubuski.ba\/index.php\/wp-json\/wp\/v2\/comments?post=152078"}],"version-history":[{"count":1,"href":"https:\/\/radioljubuski.ba\/index.php\/wp-json\/wp\/v2\/posts\/152078\/revisions"}],"predecessor-version":[{"id":152080,"href":"https:\/\/radioljubuski.ba\/index.php\/wp-json\/wp\/v2\/posts\/152078\/revisions\/152080"}],"wp:featuredmedia":[{"embeddable":true,"href":"https:\/\/radioljubuski.ba\/index.php\/wp-json\/wp\/v2\/media\/7534"}],"wp:attachment":[{"href":"https:\/\/radioljubuski.ba\/index.php\/wp-json\/wp\/v2\/media?parent=152078"}],"wp:term":[{"taxonomy":"category","embeddable":true,"href":"https:\/\/radioljubuski.ba\/index.php\/wp-json\/wp\/v2\/categories?post=152078"},{"taxonomy":"post_tag","embeddable":true,"href":"https:\/\/radioljubuski.ba\/index.php\/wp-json\/wp\/v2\/tags?post=152078"}],"curies":[{"name":"wp","href":"https:\/\/api.w.org\/{rel}","templated":true}]}}