{"id":152082,"date":"2022-06-22T13:32:59","date_gmt":"2022-06-22T12:32:59","guid":{"rendered":"https:\/\/radioljubuski.ba\/?p=152082"},"modified":"2022-06-22T13:33:23","modified_gmt":"2022-06-22T12:33:23","slug":"reakcija-iz-neuma-izadite-sutra-na-molove-i-galamite-zvizdite-idite-svojim-ribarskim-barkama-do-broda-i-gadajte-ga-jajima-napravite-skandal-jer-na-to-imate-pravo","status":"publish","type":"post","link":"https:\/\/radioljubuski.ba\/index.php\/2022\/06\/22\/reakcija-iz-neuma-izadite-sutra-na-molove-i-galamite-zvizdite-idite-svojim-ribarskim-barkama-do-broda-i-gadajte-ga-jajima-napravite-skandal-jer-na-to-imate-pravo\/","title":{"rendered":"Reakcija iz Neuma: \u201eIza\u0111ite sutra na molove i galamite, zvi\u017edite, idite svojim ribarskim barkama do broda i ga\u0111ajte ga jajima, napravite skandal jer na to imate pravo&#8230;\u201c"},"content":{"rendered":"\n<p>U neumski zaljev u \u010detvrtak bi trebao uploviti kruzer dug 283, a visok 44 metra. Vesele se neki, taman \u0107e se mo\u0107i provu\u0107i ispod mosta Pelje\u0161ac, malo sagnut glavu i \u2018ajmo.<\/p>\n\n\n\n<p>Me\u0111utim, razloga za veselje u Neumu nema. Dapa\u010de, Neumljani oslonjeni na turizam i uzgoj ribe i \u0161koljaka, trebali bi se istinski zabrinuti oko pitanja, \u0161to \u0107e ovakva grdosija u zatvorenom&nbsp; zaljevu li\u0161enom sna\u017enih morskih struja ostaviti? Novce svakako ne\u0107e.<\/p>\n\n\n\n<p>Kako doznajemo iz \u0161turih medijskih priop\u0107enja, najava za ulazak kruzera Bolette u vlasni\u0161tvu norve\u0161ke kompanije sa sjedi\u0161tem u UK, \u201eFred Olsen Cruise Lines\u201c, pod zapovjedni\u0161tvom dubrova\u010dkog kapetana Joza Glavi\u0107a i zastavom Bahama, stigla je prekasno da bi se itko pripremio. To zapravo djeluje prili\u010dno nevjerojatno s obzirom da se radi o ozbiljnoj me\u0111unarodnoj kompaniji koja sigurno ne posluje na divlje kako smo to navikli u BiH.&nbsp;<\/p>\n\n\n\n<p>U \u010dijem je interesu da u zaljev koji po svojim kapacitetima ne mo\u017ee primiti ni ove\u0107u jahtu, uplovi kru\u017eni brod od skoro 300 metara? \u0160to od toga ima Neum, a \u0161to BiH?&nbsp;<\/p>\n\n\n\n<p>Odgovori postaju ne\u0161to jasniji kada se vratimo osam godina unazad, to\u010dnije u 2014.-u kada je Predsjedni\u0161tvo BiH na svojoj redovnoj, 51. sjednici (23.srpnja 2014.) usvojilo zaklju\u010dak kako je ono jedino nadle\u017eno za davanje suglasnosti za uplovljavanje stranih brodova u neumski zaljev!<\/p>\n\n\n\n<p>Na istoj je sjednici Predsjedni\u0161tvo nalo\u017eilo Vije\u0107u ministara da u roku 90 dana Predsjedni\u0161tvu dostavi sveobuhvatnu analizu efekata uplovljavanja&nbsp; brodova u neumski akvatorij, koja bi sadr\u017eavala ocjenu ekolo\u0161kih, ekonomskih, vanjskopoliti\u010dkih, sigurnosnih i obrambenih aspekata uplovljavanja, sa\u010dinjena od strane neovisnih stru\u010dnjaka i resornih institucija BiH.<\/p>\n\n\n\n<p>Nije poznato je li analiza ikad dostavljena, i ako jest, \u0161to je sadr\u017eavala, no Neumljani su pompozne najave Predsjedni\u0161tva koje se buni protiv uplovljavanja ratnih i drugih brodova, shvatili ozbiljno pa su se u skladu s tim i opustili.<\/p>\n\n\n\n<p>Nedugo nakon, sje\u0107aju se, u nekolika je navrata u zaljev uplovio manji kruzer jedne ameri\u010dke kompanije na kojemu bi se nalazilo svega pedesetak putnika. Bosanskohercegova\u010dke vlasti su tada o\u0161tro reagirale tra\u017ee\u0107i isplovljavanje i zabranu daljnjeg uplovljavanja. Neumljani su se opet umirili i nastavili \u017eivjeti u uvjerenju, kako je odr\u017eiv turisti\u010dki razvoj jedini smjer u kojem se ova sredina mo\u017ee razvijati.<\/p>\n\n\n\n<p><strong>Devet godina nakon, \u0161ok. Bijela jedra nose neki drugi vjetrovi.<\/strong><\/p>\n\n\n\n<p>Umjesto malog rije\u010dnog kruzera sa 50 Amerikanaca u bijelim \u010darapama i ka\u010dketima sa slovom N, u Neum sutra uplovljava kruzer sa 1000 du\u0161a koje naravno vi\u0161e puta obavljaju svoje fiziolo\u0161ke potrebe za vrijeme putovanja. Tu su naravno i balastne vode koje brodovi uzimaju radi stabilnosti plovidbe. Ono \u0161to je problemati\u010dno u vezi balastnih voda je njihovo izbacivanje u luci ili pristanu miljama daleko od onog gdje je voda uzeta. Na taj na\u010din se prenose sve tvari i organizmi, te kona\u010dno ispu\u0161taju u morima gdje ne pripadaju i gdje mogu biti agresivni po floru i faunu.<\/p>\n\n\n\n<p><strong>Opasnost za floru i faunu, ali i ljudsko zdravlje<\/strong><\/p>\n\n\n\n<p>Stru\u010dnjaci ka\u017eu kako samo jedan metar kubi\u010dni mo\u017ee sadr\u017eavati od 3000 do 10 000 organizama (alge, li\u010dinke, \u0161koljka\u0161i, ribe, pu\u017eevi, rakovi, bakterije, virusi\u2026) koji uneseni na ovaj na\u010din mogu biti invazivni za ekosustav u koji ulaze, naru\u0161iti njegovu prirodnu bioraznolikost, te postati izravna prijetnja ljudskom zdravlju! Kako nije poznato da u dr\u017eavi BiH postoji zakon ili odredba koja bi regulirala, odnosno zabranjivala ispu\u0161tanje balastnih voda u na\u0161 morski pojas, ne bi bilo \u010dudno da vlasnik iskoristi ovu sivu zonu. Da se slikovito izrazimo, popuni rupu duboku svega 29 metara na svojoj najdubljoj to\u010dki.<\/p>\n\n\n\n<p>Zbog samo ova dva razloga, nikome nikada ne bi trebalo pasti na pamet dopustiti uplovljavanje bilo kakvog, kamoli prekooceanskog broda u zatvoreni neumski zaljev od mizernih, ali \u017eivotom bogatih desetak \u010detvornih kilometara. Zaljev u kojem nema velikih i jakih struja koje bi ga o\u010distile, zaljev u kojemu se mrijeste nekolike vrste, zaljev u kojemu se upravo u ovom trenutku kupaju bosanskohercegova\u010dki i inozemni gra\u0111ani. Ne samo UZP-ovci.<\/p>\n\n\n\n<p>Pa ipak, davno je re\u010deno, politika je ku\u2026 , a vi\u0161e je nego o\u010dito kako je jedini razlog zbog kojeg je ovakva ludorija dopu\u0161tena i amenovana, jeftino i o\u010dito monstruozno politikantstvo kojeg nije briga ni za koga osim za \u0161to dublje usidravanje na svojoj politi\u010dkoj poziciji.<\/p>\n\n\n\n<p>Ako je nekome te\u0161ko zbrojiti dva i dva, pa shvatiti kome bi od politi\u010dke bolumente i politikanske ideologije odgovaralo pretvaranje Neuma u prljavu luku za kompanije koje bi na taj na\u010din u\u0161parale koju paru, neka uzme digitron ili zavijek \u0161uti.<\/p>\n\n\n\n<p><strong>Ho\u0107e li biti prosvjeda ili samo prosvjednih nota?<\/strong><\/p>\n\n\n\n<p>Dan prije uplovljavanja, Neum je u medijskoj \u017ei\u017ei, postoje i neke indicije o mogu\u0107im protestima gra\u0111ana za koje se ne zna tko bi ih trebao voditi i ho\u0107e li se dogoditi. U najmanju ruku, Neumljani bi makar toliko trebali vratiti moru koje ih hrani, i ne samo Neumljani nego i svi koji imaju dvije \u010diste u glavi.<\/p>\n\n\n\n<p>Sjetimo se tako\u0111er, mo\u017eda \u010duju i bra\u0107a Hrvati s druge strane granice, da je Neum geografski gledano, sastavni dio za\u0161ti\u0107enog Malostonskog zaljeva kojim se Hrvatska di\u010di i ponosi. Sjetimo se masnih kamenica i slanih mu\u0161ula, slasnih lubina i oborite orade. Sjetimo se nas koji svakodnevno obolijevamo, i zapitajmo se bismo li \u017eeljeli biti jo\u0161 bolesniji.<\/p>\n\n\n\n<p>Po cijenu \u010dega? Ni\u010dega.&nbsp;<\/p>\n\n\n\n<p>Zato apel, ako ga jo\u0161 uvijek itko mo\u017ee \u010duti, iza\u0111ite sutra na molove i galamite, zvi\u017edite, idite svojim ribarskim barkama do broda i ga\u0111ajte ga jajima, napravite skandal jer na to imate pravo.&nbsp;<\/p>\n\n\n\n<p>I u svemu tome, evo ispita za lokalno neumsko vodstvo, povedite svoj narod, ne budite priop\u0107enja maheri. Djelujte. Ovo je za na\u0161u i va\u0161u djecu.<\/p>\n\n\n\n<p><strong>Pi\u0161e: Nikolina Lovri\u0107 \/ Dnevnik.ba<\/strong><\/p>\n\n\n\n<p>Ima li u svemu dublje politi\u010dke poruke (odgovor se sam name\u0107e), ili se samo radi o bijednom uzimanju novaca od kompanije koja \u0107e usidravanjem u ne-EU zemlji izbje\u0107i pla\u0107anje visokog poreza i to je vjerojatno jedini njezin interes \u0161to se BH teritorijalnih voda ti\u010de.<\/p>\n\n\n\n<p><strong>Predsjedni\u0161tvo nadle\u017eno za uplovljavanje brodova u zaljev<\/strong><\/p>\n","protected":false},"excerpt":{"rendered":"<p>U neumski zaljev u \u010detvrtak bi trebao uploviti kruzer dug 283, a visok 44 metra. Vesele se neki, taman \u0107e se mo\u0107i provu\u0107i ispod mosta Pelje\u0161ac, malo sagnut glavu i \u2018ajmo. Me\u0111utim, razloga za veselje u Neumu nema. Dapa\u010de, Neumljani oslonjeni na turizam i uzgoj ribe i \u0161koljaka, trebali bi se istinski zabrinuti oko pitanja, [&hellip;]<\/p>\n","protected":false},"author":2,"featured_media":152031,"comment_status":"closed","ping_status":"closed","sticky":false,"template":"","format":"standard","meta":{"h5ap_radio_sources":[],"footnotes":""},"categories":[1],"tags":[],"class_list":["post-152082","post","type-post","status-publish","format-standard","has-post-thumbnail","hentry","category-bihiregija"],"yoast_head":"<!-- This site is optimized with the Yoast SEO plugin v27.4 - https:\/\/yoast.com\/product\/yoast-seo-wordpress\/ -->\n<title>Reakcija iz Neuma: \u201eIza\u0111ite sutra na molove i galamite, zvi\u017edite, idite svojim ribarskim barkama do broda i ga\u0111ajte ga jajima, napravite skandal jer na to imate pravo...\u201c - RADIO LJUBU\u0160KI<\/title>\n<meta name=\"robots\" content=\"index, follow, max-snippet:-1, max-image-preview:large, max-video-preview:-1\" \/>\n<link rel=\"canonical\" href=\"https:\/\/radioljubuski.ba\/index.php\/2022\/06\/22\/reakcija-iz-neuma-izadite-sutra-na-molove-i-galamite-zvizdite-idite-svojim-ribarskim-barkama-do-broda-i-gadajte-ga-jajima-napravite-skandal-jer-na-to-imate-pravo\/\" \/>\n<meta property=\"og:locale\" content=\"hr_HR\" \/>\n<meta property=\"og:type\" content=\"article\" \/>\n<meta property=\"og:title\" content=\"Reakcija iz Neuma: \u201eIza\u0111ite sutra na molove i galamite, zvi\u017edite, idite svojim ribarskim barkama do broda i ga\u0111ajte ga jajima, napravite skandal jer na to imate pravo...\u201c - RADIO LJUBU\u0160KI\" \/>\n<meta property=\"og:description\" content=\"U neumski zaljev u \u010detvrtak bi trebao uploviti kruzer dug 283, a visok 44 metra. Vesele se neki, taman \u0107e se mo\u0107i provu\u0107i ispod mosta Pelje\u0161ac, malo sagnut glavu i \u2018ajmo. Me\u0111utim, razloga za veselje u Neumu nema. Dapa\u010de, Neumljani oslonjeni na turizam i uzgoj ribe i \u0161koljaka, trebali bi se istinski zabrinuti oko pitanja, [&hellip;]\" \/>\n<meta property=\"og:url\" content=\"https:\/\/radioljubuski.ba\/index.php\/2022\/06\/22\/reakcija-iz-neuma-izadite-sutra-na-molove-i-galamite-zvizdite-idite-svojim-ribarskim-barkama-do-broda-i-gadajte-ga-jajima-napravite-skandal-jer-na-to-imate-pravo\/\" \/>\n<meta property=\"og:site_name\" content=\"RADIO LJUBU\u0160KI\" \/>\n<meta property=\"article:publisher\" content=\"https:\/\/www.facebook.com\/Radiio-Ljubuski-1490835324566332\" \/>\n<meta property=\"article:published_time\" content=\"2022-06-22T12:32:59+00:00\" \/>\n<meta property=\"article:modified_time\" content=\"2022-06-22T12:33:23+00:00\" \/>\n<meta property=\"og:image\" content=\"https:\/\/radioljubuski.ba\/wp-content\/uploads\/2022\/06\/neum-more.jpg\" \/>\n\t<meta property=\"og:image:width\" content=\"800\" \/>\n\t<meta property=\"og:image:height\" content=\"550\" \/>\n\t<meta property=\"og:image:type\" content=\"image\/jpeg\" \/>\n<meta name=\"author\" content=\"Radio Ljubu\u0161ki\" \/>\n<meta name=\"twitter:card\" content=\"summary_large_image\" \/>\n<meta name=\"twitter:creator\" content=\"@radioljubuski\" \/>\n<meta name=\"twitter:site\" content=\"@radioljubuski\" \/>\n<meta name=\"twitter:label1\" content=\"Napisao\/la\" \/>\n\t<meta name=\"twitter:data1\" content=\"Radio Ljubu\u0161ki\" \/>\n\t<meta name=\"twitter:label2\" content=\"Procijenjeno vrijeme \u010ditanja\" \/>\n\t<meta name=\"twitter:data2\" content=\"5 minuta\" \/>\n<script type=\"application\/ld+json\" class=\"yoast-schema-graph\">{\"@context\":\"https:\\\/\\\/schema.org\",\"@graph\":[{\"@type\":\"Article\",\"@id\":\"https:\\\/\\\/radioljubuski.ba\\\/index.php\\\/2022\\\/06\\\/22\\\/reakcija-iz-neuma-izadite-sutra-na-molove-i-galamite-zvizdite-idite-svojim-ribarskim-barkama-do-broda-i-gadajte-ga-jajima-napravite-skandal-jer-na-to-imate-pravo\\\/#article\",\"isPartOf\":{\"@id\":\"https:\\\/\\\/radioljubuski.ba\\\/index.php\\\/2022\\\/06\\\/22\\\/reakcija-iz-neuma-izadite-sutra-na-molove-i-galamite-zvizdite-idite-svojim-ribarskim-barkama-do-broda-i-gadajte-ga-jajima-napravite-skandal-jer-na-to-imate-pravo\\\/\"},\"author\":{\"name\":\"Radio Ljubu\u0161ki\",\"@id\":\"https:\\\/\\\/radioljubuski.ba\\\/#\\\/schema\\\/person\\\/19fc700381a780f69665d7956c469e3b\"},\"headline\":\"Reakcija iz Neuma: \u201eIza\u0111ite sutra na molove i galamite, zvi\u017edite, idite svojim ribarskim barkama do broda i ga\u0111ajte ga jajima, napravite skandal jer na to imate pravo&#8230;\u201c\",\"datePublished\":\"2022-06-22T12:32:59+00:00\",\"dateModified\":\"2022-06-22T12:33:23+00:00\",\"mainEntityOfPage\":{\"@id\":\"https:\\\/\\\/radioljubuski.ba\\\/index.php\\\/2022\\\/06\\\/22\\\/reakcija-iz-neuma-izadite-sutra-na-molove-i-galamite-zvizdite-idite-svojim-ribarskim-barkama-do-broda-i-gadajte-ga-jajima-napravite-skandal-jer-na-to-imate-pravo\\\/\"},\"wordCount\":1081,\"publisher\":{\"@id\":\"https:\\\/\\\/radioljubuski.ba\\\/#organization\"},\"image\":{\"@id\":\"https:\\\/\\\/radioljubuski.ba\\\/index.php\\\/2022\\\/06\\\/22\\\/reakcija-iz-neuma-izadite-sutra-na-molove-i-galamite-zvizdite-idite-svojim-ribarskim-barkama-do-broda-i-gadajte-ga-jajima-napravite-skandal-jer-na-to-imate-pravo\\\/#primaryimage\"},\"thumbnailUrl\":\"https:\\\/\\\/radioljubuski.ba\\\/wp-content\\\/uploads\\\/2022\\\/06\\\/neum-more.jpg\",\"articleSection\":[\"BIH i regija\"],\"inLanguage\":\"hr\"},{\"@type\":\"WebPage\",\"@id\":\"https:\\\/\\\/radioljubuski.ba\\\/index.php\\\/2022\\\/06\\\/22\\\/reakcija-iz-neuma-izadite-sutra-na-molove-i-galamite-zvizdite-idite-svojim-ribarskim-barkama-do-broda-i-gadajte-ga-jajima-napravite-skandal-jer-na-to-imate-pravo\\\/\",\"url\":\"https:\\\/\\\/radioljubuski.ba\\\/index.php\\\/2022\\\/06\\\/22\\\/reakcija-iz-neuma-izadite-sutra-na-molove-i-galamite-zvizdite-idite-svojim-ribarskim-barkama-do-broda-i-gadajte-ga-jajima-napravite-skandal-jer-na-to-imate-pravo\\\/\",\"name\":\"Reakcija iz Neuma: \u201eIza\u0111ite sutra na molove i galamite, zvi\u017edite, idite svojim ribarskim barkama do broda i ga\u0111ajte ga jajima, napravite skandal jer na to imate pravo...\u201c - RADIO LJUBU\u0160KI\",\"isPartOf\":{\"@id\":\"https:\\\/\\\/radioljubuski.ba\\\/#website\"},\"primaryImageOfPage\":{\"@id\":\"https:\\\/\\\/radioljubuski.ba\\\/index.php\\\/2022\\\/06\\\/22\\\/reakcija-iz-neuma-izadite-sutra-na-molove-i-galamite-zvizdite-idite-svojim-ribarskim-barkama-do-broda-i-gadajte-ga-jajima-napravite-skandal-jer-na-to-imate-pravo\\\/#primaryimage\"},\"image\":{\"@id\":\"https:\\\/\\\/radioljubuski.ba\\\/index.php\\\/2022\\\/06\\\/22\\\/reakcija-iz-neuma-izadite-sutra-na-molove-i-galamite-zvizdite-idite-svojim-ribarskim-barkama-do-broda-i-gadajte-ga-jajima-napravite-skandal-jer-na-to-imate-pravo\\\/#primaryimage\"},\"thumbnailUrl\":\"https:\\\/\\\/radioljubuski.ba\\\/wp-content\\\/uploads\\\/2022\\\/06\\\/neum-more.jpg\",\"datePublished\":\"2022-06-22T12:32:59+00:00\",\"dateModified\":\"2022-06-22T12:33:23+00:00\",\"breadcrumb\":{\"@id\":\"https:\\\/\\\/radioljubuski.ba\\\/index.php\\\/2022\\\/06\\\/22\\\/reakcija-iz-neuma-izadite-sutra-na-molove-i-galamite-zvizdite-idite-svojim-ribarskim-barkama-do-broda-i-gadajte-ga-jajima-napravite-skandal-jer-na-to-imate-pravo\\\/#breadcrumb\"},\"inLanguage\":\"hr\",\"potentialAction\":[{\"@type\":\"ReadAction\",\"target\":[\"https:\\\/\\\/radioljubuski.ba\\\/index.php\\\/2022\\\/06\\\/22\\\/reakcija-iz-neuma-izadite-sutra-na-molove-i-galamite-zvizdite-idite-svojim-ribarskim-barkama-do-broda-i-gadajte-ga-jajima-napravite-skandal-jer-na-to-imate-pravo\\\/\"]}]},{\"@type\":\"ImageObject\",\"inLanguage\":\"hr\",\"@id\":\"https:\\\/\\\/radioljubuski.ba\\\/index.php\\\/2022\\\/06\\\/22\\\/reakcija-iz-neuma-izadite-sutra-na-molove-i-galamite-zvizdite-idite-svojim-ribarskim-barkama-do-broda-i-gadajte-ga-jajima-napravite-skandal-jer-na-to-imate-pravo\\\/#primaryimage\",\"url\":\"https:\\\/\\\/radioljubuski.ba\\\/wp-content\\\/uploads\\\/2022\\\/06\\\/neum-more.jpg\",\"contentUrl\":\"https:\\\/\\\/radioljubuski.ba\\\/wp-content\\\/uploads\\\/2022\\\/06\\\/neum-more.jpg\",\"width\":800,\"height\":550},{\"@type\":\"BreadcrumbList\",\"@id\":\"https:\\\/\\\/radioljubuski.ba\\\/index.php\\\/2022\\\/06\\\/22\\\/reakcija-iz-neuma-izadite-sutra-na-molove-i-galamite-zvizdite-idite-svojim-ribarskim-barkama-do-broda-i-gadajte-ga-jajima-napravite-skandal-jer-na-to-imate-pravo\\\/#breadcrumb\",\"itemListElement\":[{\"@type\":\"ListItem\",\"position\":1,\"name\":\"Po\u010detna stranica\",\"item\":\"https:\\\/\\\/radioljubuski.ba\\\/\"},{\"@type\":\"ListItem\",\"position\":2,\"name\":\"Reakcija iz Neuma: \u201eIza\u0111ite sutra na molove i galamite, zvi\u017edite, idite svojim ribarskim barkama do broda i ga\u0111ajte ga jajima, napravite skandal jer na to imate pravo&#8230;\u201c\"}]},{\"@type\":\"WebSite\",\"@id\":\"https:\\\/\\\/radioljubuski.ba\\\/#website\",\"url\":\"https:\\\/\\\/radioljubuski.ba\\\/\",\"name\":\"Radio Ljubu\u0161ki\",\"description\":\"Sun\u010dana frekvencija Hercegovine\",\"publisher\":{\"@id\":\"https:\\\/\\\/radioljubuski.ba\\\/#organization\"},\"potentialAction\":[{\"@type\":\"SearchAction\",\"target\":{\"@type\":\"EntryPoint\",\"urlTemplate\":\"https:\\\/\\\/radioljubuski.ba\\\/?s={search_term_string}\"},\"query-input\":{\"@type\":\"PropertyValueSpecification\",\"valueRequired\":true,\"valueName\":\"search_term_string\"}}],\"inLanguage\":\"hr\"},{\"@type\":\"Organization\",\"@id\":\"https:\\\/\\\/radioljubuski.ba\\\/#organization\",\"name\":\"Radio Ljubu\u0161ki\",\"url\":\"https:\\\/\\\/radioljubuski.ba\\\/\",\"logo\":{\"@type\":\"ImageObject\",\"inLanguage\":\"hr\",\"@id\":\"https:\\\/\\\/radioljubuski.ba\\\/#\\\/schema\\\/logo\\\/image\\\/\",\"url\":\"https:\\\/\\\/radioljubuski.ba\\\/wp-content\\\/uploads\\\/2021\\\/02\\\/cropped-Radio_Ljubuski_logo1.jpg\",\"contentUrl\":\"https:\\\/\\\/radioljubuski.ba\\\/wp-content\\\/uploads\\\/2021\\\/02\\\/cropped-Radio_Ljubuski_logo1.jpg\",\"width\":512,\"height\":512,\"caption\":\"Radio Ljubu\u0161ki\"},\"image\":{\"@id\":\"https:\\\/\\\/radioljubuski.ba\\\/#\\\/schema\\\/logo\\\/image\\\/\"},\"sameAs\":[\"https:\\\/\\\/www.facebook.com\\\/Radiio-Ljubuski-1490835324566332\",\"https:\\\/\\\/x.com\\\/radioljubuski\",\"https:\\\/\\\/hr.linkedin.com\\\/company\\\/radio-ljubuski\",\"https:\\\/\\\/www.youtube.com\\\/channel\\\/UCHYaeO_n0Db3tjNGudGpXyw\"]},{\"@type\":\"Person\",\"@id\":\"https:\\\/\\\/radioljubuski.ba\\\/#\\\/schema\\\/person\\\/19fc700381a780f69665d7956c469e3b\",\"name\":\"Radio Ljubu\u0161ki\"}]}<\/script>\n<!-- \/ Yoast SEO plugin. -->","yoast_head_json":{"title":"Reakcija iz Neuma: \u201eIza\u0111ite sutra na molove i galamite, zvi\u017edite, idite svojim ribarskim barkama do broda i ga\u0111ajte ga jajima, napravite skandal jer na to imate pravo...\u201c - RADIO LJUBU\u0160KI","robots":{"index":"index","follow":"follow","max-snippet":"max-snippet:-1","max-image-preview":"max-image-preview:large","max-video-preview":"max-video-preview:-1"},"canonical":"https:\/\/radioljubuski.ba\/index.php\/2022\/06\/22\/reakcija-iz-neuma-izadite-sutra-na-molove-i-galamite-zvizdite-idite-svojim-ribarskim-barkama-do-broda-i-gadajte-ga-jajima-napravite-skandal-jer-na-to-imate-pravo\/","og_locale":"hr_HR","og_type":"article","og_title":"Reakcija iz Neuma: \u201eIza\u0111ite sutra na molove i galamite, zvi\u017edite, idite svojim ribarskim barkama do broda i ga\u0111ajte ga jajima, napravite skandal jer na to imate pravo...\u201c - RADIO LJUBU\u0160KI","og_description":"U neumski zaljev u \u010detvrtak bi trebao uploviti kruzer dug 283, a visok 44 metra. Vesele se neki, taman \u0107e se mo\u0107i provu\u0107i ispod mosta Pelje\u0161ac, malo sagnut glavu i \u2018ajmo. Me\u0111utim, razloga za veselje u Neumu nema. Dapa\u010de, Neumljani oslonjeni na turizam i uzgoj ribe i \u0161koljaka, trebali bi se istinski zabrinuti oko pitanja, [&hellip;]","og_url":"https:\/\/radioljubuski.ba\/index.php\/2022\/06\/22\/reakcija-iz-neuma-izadite-sutra-na-molove-i-galamite-zvizdite-idite-svojim-ribarskim-barkama-do-broda-i-gadajte-ga-jajima-napravite-skandal-jer-na-to-imate-pravo\/","og_site_name":"RADIO LJUBU\u0160KI","article_publisher":"https:\/\/www.facebook.com\/Radiio-Ljubuski-1490835324566332","article_published_time":"2022-06-22T12:32:59+00:00","article_modified_time":"2022-06-22T12:33:23+00:00","og_image":[{"width":800,"height":550,"url":"https:\/\/radioljubuski.ba\/wp-content\/uploads\/2022\/06\/neum-more.jpg","type":"image\/jpeg"}],"author":"Radio Ljubu\u0161ki","twitter_card":"summary_large_image","twitter_creator":"@radioljubuski","twitter_site":"@radioljubuski","twitter_misc":{"Napisao\/la":"Radio Ljubu\u0161ki","Procijenjeno vrijeme \u010ditanja":"5 minuta"},"schema":{"@context":"https:\/\/schema.org","@graph":[{"@type":"Article","@id":"https:\/\/radioljubuski.ba\/index.php\/2022\/06\/22\/reakcija-iz-neuma-izadite-sutra-na-molove-i-galamite-zvizdite-idite-svojim-ribarskim-barkama-do-broda-i-gadajte-ga-jajima-napravite-skandal-jer-na-to-imate-pravo\/#article","isPartOf":{"@id":"https:\/\/radioljubuski.ba\/index.php\/2022\/06\/22\/reakcija-iz-neuma-izadite-sutra-na-molove-i-galamite-zvizdite-idite-svojim-ribarskim-barkama-do-broda-i-gadajte-ga-jajima-napravite-skandal-jer-na-to-imate-pravo\/"},"author":{"name":"Radio Ljubu\u0161ki","@id":"https:\/\/radioljubuski.ba\/#\/schema\/person\/19fc700381a780f69665d7956c469e3b"},"headline":"Reakcija iz Neuma: \u201eIza\u0111ite sutra na molove i galamite, zvi\u017edite, idite svojim ribarskim barkama do broda i ga\u0111ajte ga jajima, napravite skandal jer na to imate pravo&#8230;\u201c","datePublished":"2022-06-22T12:32:59+00:00","dateModified":"2022-06-22T12:33:23+00:00","mainEntityOfPage":{"@id":"https:\/\/radioljubuski.ba\/index.php\/2022\/06\/22\/reakcija-iz-neuma-izadite-sutra-na-molove-i-galamite-zvizdite-idite-svojim-ribarskim-barkama-do-broda-i-gadajte-ga-jajima-napravite-skandal-jer-na-to-imate-pravo\/"},"wordCount":1081,"publisher":{"@id":"https:\/\/radioljubuski.ba\/#organization"},"image":{"@id":"https:\/\/radioljubuski.ba\/index.php\/2022\/06\/22\/reakcija-iz-neuma-izadite-sutra-na-molove-i-galamite-zvizdite-idite-svojim-ribarskim-barkama-do-broda-i-gadajte-ga-jajima-napravite-skandal-jer-na-to-imate-pravo\/#primaryimage"},"thumbnailUrl":"https:\/\/radioljubuski.ba\/wp-content\/uploads\/2022\/06\/neum-more.jpg","articleSection":["BIH i regija"],"inLanguage":"hr"},{"@type":"WebPage","@id":"https:\/\/radioljubuski.ba\/index.php\/2022\/06\/22\/reakcija-iz-neuma-izadite-sutra-na-molove-i-galamite-zvizdite-idite-svojim-ribarskim-barkama-do-broda-i-gadajte-ga-jajima-napravite-skandal-jer-na-to-imate-pravo\/","url":"https:\/\/radioljubuski.ba\/index.php\/2022\/06\/22\/reakcija-iz-neuma-izadite-sutra-na-molove-i-galamite-zvizdite-idite-svojim-ribarskim-barkama-do-broda-i-gadajte-ga-jajima-napravite-skandal-jer-na-to-imate-pravo\/","name":"Reakcija iz Neuma: \u201eIza\u0111ite sutra na molove i galamite, zvi\u017edite, idite svojim ribarskim barkama do broda i ga\u0111ajte ga jajima, napravite skandal jer na to imate pravo...\u201c - RADIO LJUBU\u0160KI","isPartOf":{"@id":"https:\/\/radioljubuski.ba\/#website"},"primaryImageOfPage":{"@id":"https:\/\/radioljubuski.ba\/index.php\/2022\/06\/22\/reakcija-iz-neuma-izadite-sutra-na-molove-i-galamite-zvizdite-idite-svojim-ribarskim-barkama-do-broda-i-gadajte-ga-jajima-napravite-skandal-jer-na-to-imate-pravo\/#primaryimage"},"image":{"@id":"https:\/\/radioljubuski.ba\/index.php\/2022\/06\/22\/reakcija-iz-neuma-izadite-sutra-na-molove-i-galamite-zvizdite-idite-svojim-ribarskim-barkama-do-broda-i-gadajte-ga-jajima-napravite-skandal-jer-na-to-imate-pravo\/#primaryimage"},"thumbnailUrl":"https:\/\/radioljubuski.ba\/wp-content\/uploads\/2022\/06\/neum-more.jpg","datePublished":"2022-06-22T12:32:59+00:00","dateModified":"2022-06-22T12:33:23+00:00","breadcrumb":{"@id":"https:\/\/radioljubuski.ba\/index.php\/2022\/06\/22\/reakcija-iz-neuma-izadite-sutra-na-molove-i-galamite-zvizdite-idite-svojim-ribarskim-barkama-do-broda-i-gadajte-ga-jajima-napravite-skandal-jer-na-to-imate-pravo\/#breadcrumb"},"inLanguage":"hr","potentialAction":[{"@type":"ReadAction","target":["https:\/\/radioljubuski.ba\/index.php\/2022\/06\/22\/reakcija-iz-neuma-izadite-sutra-na-molove-i-galamite-zvizdite-idite-svojim-ribarskim-barkama-do-broda-i-gadajte-ga-jajima-napravite-skandal-jer-na-to-imate-pravo\/"]}]},{"@type":"ImageObject","inLanguage":"hr","@id":"https:\/\/radioljubuski.ba\/index.php\/2022\/06\/22\/reakcija-iz-neuma-izadite-sutra-na-molove-i-galamite-zvizdite-idite-svojim-ribarskim-barkama-do-broda-i-gadajte-ga-jajima-napravite-skandal-jer-na-to-imate-pravo\/#primaryimage","url":"https:\/\/radioljubuski.ba\/wp-content\/uploads\/2022\/06\/neum-more.jpg","contentUrl":"https:\/\/radioljubuski.ba\/wp-content\/uploads\/2022\/06\/neum-more.jpg","width":800,"height":550},{"@type":"BreadcrumbList","@id":"https:\/\/radioljubuski.ba\/index.php\/2022\/06\/22\/reakcija-iz-neuma-izadite-sutra-na-molove-i-galamite-zvizdite-idite-svojim-ribarskim-barkama-do-broda-i-gadajte-ga-jajima-napravite-skandal-jer-na-to-imate-pravo\/#breadcrumb","itemListElement":[{"@type":"ListItem","position":1,"name":"Po\u010detna stranica","item":"https:\/\/radioljubuski.ba\/"},{"@type":"ListItem","position":2,"name":"Reakcija iz Neuma: \u201eIza\u0111ite sutra na molove i galamite, zvi\u017edite, idite svojim ribarskim barkama do broda i ga\u0111ajte ga jajima, napravite skandal jer na to imate pravo&#8230;\u201c"}]},{"@type":"WebSite","@id":"https:\/\/radioljubuski.ba\/#website","url":"https:\/\/radioljubuski.ba\/","name":"Radio Ljubu\u0161ki","description":"Sun\u010dana frekvencija Hercegovine","publisher":{"@id":"https:\/\/radioljubuski.ba\/#organization"},"potentialAction":[{"@type":"SearchAction","target":{"@type":"EntryPoint","urlTemplate":"https:\/\/radioljubuski.ba\/?s={search_term_string}"},"query-input":{"@type":"PropertyValueSpecification","valueRequired":true,"valueName":"search_term_string"}}],"inLanguage":"hr"},{"@type":"Organization","@id":"https:\/\/radioljubuski.ba\/#organization","name":"Radio Ljubu\u0161ki","url":"https:\/\/radioljubuski.ba\/","logo":{"@type":"ImageObject","inLanguage":"hr","@id":"https:\/\/radioljubuski.ba\/#\/schema\/logo\/image\/","url":"https:\/\/radioljubuski.ba\/wp-content\/uploads\/2021\/02\/cropped-Radio_Ljubuski_logo1.jpg","contentUrl":"https:\/\/radioljubuski.ba\/wp-content\/uploads\/2021\/02\/cropped-Radio_Ljubuski_logo1.jpg","width":512,"height":512,"caption":"Radio Ljubu\u0161ki"},"image":{"@id":"https:\/\/radioljubuski.ba\/#\/schema\/logo\/image\/"},"sameAs":["https:\/\/www.facebook.com\/Radiio-Ljubuski-1490835324566332","https:\/\/x.com\/radioljubuski","https:\/\/hr.linkedin.com\/company\/radio-ljubuski","https:\/\/www.youtube.com\/channel\/UCHYaeO_n0Db3tjNGudGpXyw"]},{"@type":"Person","@id":"https:\/\/radioljubuski.ba\/#\/schema\/person\/19fc700381a780f69665d7956c469e3b","name":"Radio Ljubu\u0161ki"}]}},"_links":{"self":[{"href":"https:\/\/radioljubuski.ba\/index.php\/wp-json\/wp\/v2\/posts\/152082","targetHints":{"allow":["GET"]}}],"collection":[{"href":"https:\/\/radioljubuski.ba\/index.php\/wp-json\/wp\/v2\/posts"}],"about":[{"href":"https:\/\/radioljubuski.ba\/index.php\/wp-json\/wp\/v2\/types\/post"}],"author":[{"embeddable":true,"href":"https:\/\/radioljubuski.ba\/index.php\/wp-json\/wp\/v2\/users\/2"}],"replies":[{"embeddable":true,"href":"https:\/\/radioljubuski.ba\/index.php\/wp-json\/wp\/v2\/comments?post=152082"}],"version-history":[{"count":2,"href":"https:\/\/radioljubuski.ba\/index.php\/wp-json\/wp\/v2\/posts\/152082\/revisions"}],"predecessor-version":[{"id":152087,"href":"https:\/\/radioljubuski.ba\/index.php\/wp-json\/wp\/v2\/posts\/152082\/revisions\/152087"}],"wp:featuredmedia":[{"embeddable":true,"href":"https:\/\/radioljubuski.ba\/index.php\/wp-json\/wp\/v2\/media\/152031"}],"wp:attachment":[{"href":"https:\/\/radioljubuski.ba\/index.php\/wp-json\/wp\/v2\/media?parent=152082"}],"wp:term":[{"taxonomy":"category","embeddable":true,"href":"https:\/\/radioljubuski.ba\/index.php\/wp-json\/wp\/v2\/categories?post=152082"},{"taxonomy":"post_tag","embeddable":true,"href":"https:\/\/radioljubuski.ba\/index.php\/wp-json\/wp\/v2\/tags?post=152082"}],"curies":[{"name":"wp","href":"https:\/\/api.w.org\/{rel}","templated":true}]}}