{"id":152090,"date":"2022-06-22T13:35:18","date_gmt":"2022-06-22T12:35:18","guid":{"rendered":"https:\/\/radioljubuski.ba\/?p=152090"},"modified":"2022-06-22T13:35:20","modified_gmt":"2022-06-22T12:35:20","slug":"guterres-nuklearno-oruzje-mora-biti-eliminirano-prije-nego-sto-ono-eliminira-nas","status":"publish","type":"post","link":"https:\/\/radioljubuski.ba\/index.php\/2022\/06\/22\/guterres-nuklearno-oruzje-mora-biti-eliminirano-prije-nego-sto-ono-eliminira-nas\/","title":{"rendered":"Guterres: Nuklearno oru\u017eje mora biti eliminirano &#8220;prije nego \u0161to ono eliminira nas&#8221;"},"content":{"rendered":"\n<p>Glavni tajnik UN-a Antonio Guterres pozvao je na nuklearno razoru\u017eanje na po\u010detku trodnevne konferencije u Be\u010du na kojoj sudjeluje oko 80 zemalja koje su potpisale me\u0111unarodni sporazum o zabrani nuklearnog oru\u017eja.<\/p>\n\n\n\n<p>&#8220;Eliminirajmo to oru\u017eje prije nego \u0161to ono eliminira nas&#8221;, rekao je Guterres u poruci konferenciji putem video veze.<\/p>\n\n\n\n<p>Trenutni globalni nuklearni arsenal koji broji oko 13.000 bojevih nuklearnih glava recept je za mogu\u0107e uni\u0161tenje planeta, s obzirom na svijet sukoba i nepovjerenja, rekao je u utorak \u010delnik UN-a.<\/p>\n\n\n\n<p>Predsjednik Me\u0111unarodnog odbora Crvenog kri\u017ea Peter Maurer opisao je Sporazum o zabrani nuklearnog oru\u017eja (TPNW) kao &#8220;prekretnicu&#8221;.<\/p>\n\n\n\n<p>Sporazum koji je stupio na snagu u sije\u010dnju 2021. obvezuje zemlje da se ne upu\u0161taju u bilo kakve aktivnosti povezane s nuklearnim oru\u017ejem i poziva da se uzmu u obzir humanitarne posljedice.<\/p>\n\n\n\n<p>Austrijski ministar vanjskih poslova Alexander Schallenberg naglasio je hitnost potpunog nuklearnog razoru\u017eanja. Austrija je bila jedan od inicijatora sporazuma.<\/p>\n\n\n\n<p>TPNW je dosad potpisalo 86 zemalja, a ratificiralo 65. Cilj mu je pro\u0161iriti Ugovor o ne\u0161irenju nuklearnog oru\u017eja (NPT) koji je stupio na snagu 1970. godine.<\/p>\n\n\n\n<p>Postoji devet zemalja koje posjeduju nuklearno oru\u017eje. Ove zemlje, zajedno s NATO-m, nisu sudionice TPNW-a.<\/p>\n\n\n\n<p>To su Kina, Francuska, Indija, Izrael, Sjeverna Koreja, Pakistan, Rusija, SAD i Velika Britanija.<\/p>\n\n\n\n<p>Izvor:pogled.ba<\/p>\n","protected":false},"excerpt":{"rendered":"<p>Glavni tajnik UN-a Antonio Guterres pozvao je na nuklearno razoru\u017eanje na po\u010detku trodnevne konferencije u Be\u010du na kojoj sudjeluje oko 80 zemalja koje su potpisale me\u0111unarodni sporazum o zabrani nuklearnog oru\u017eja. &#8220;Eliminirajmo to oru\u017eje prije nego \u0161to ono eliminira nas&#8221;, rekao je Guterres u poruci konferenciji putem video veze. Trenutni globalni nuklearni arsenal koji broji [&hellip;]<\/p>\n","protected":false},"author":2,"featured_media":152091,"comment_status":"closed","ping_status":"closed","sticky":false,"template":"","format":"standard","meta":{"h5ap_radio_sources":[],"footnotes":""},"categories":[1],"tags":[],"class_list":["post-152090","post","type-post","status-publish","format-standard","has-post-thumbnail","hentry","category-bihiregija"],"yoast_head":"<!-- This site is optimized with the Yoast SEO plugin v27.4 - https:\/\/yoast.com\/product\/yoast-seo-wordpress\/ -->\n<title>Guterres: Nuklearno oru\u017eje mora biti eliminirano &quot;prije nego \u0161to ono eliminira nas&quot; - RADIO LJUBU\u0160KI<\/title>\n<meta name=\"robots\" content=\"index, follow, max-snippet:-1, max-image-preview:large, max-video-preview:-1\" \/>\n<link rel=\"canonical\" href=\"https:\/\/radioljubuski.ba\/index.php\/2022\/06\/22\/guterres-nuklearno-oruzje-mora-biti-eliminirano-prije-nego-sto-ono-eliminira-nas\/\" \/>\n<meta property=\"og:locale\" content=\"hr_HR\" \/>\n<meta property=\"og:type\" content=\"article\" \/>\n<meta property=\"og:title\" content=\"Guterres: Nuklearno oru\u017eje mora biti eliminirano &quot;prije nego \u0161to ono eliminira nas&quot; - RADIO LJUBU\u0160KI\" \/>\n<meta property=\"og:description\" content=\"Glavni tajnik UN-a Antonio Guterres pozvao je na nuklearno razoru\u017eanje na po\u010detku trodnevne konferencije u Be\u010du na kojoj sudjeluje oko 80 zemalja koje su potpisale me\u0111unarodni sporazum o zabrani nuklearnog oru\u017eja. &#8220;Eliminirajmo to oru\u017eje prije nego \u0161to ono eliminira nas&#8221;, rekao je Guterres u poruci konferenciji putem video veze. Trenutni globalni nuklearni arsenal koji broji [&hellip;]\" \/>\n<meta property=\"og:url\" content=\"https:\/\/radioljubuski.ba\/index.php\/2022\/06\/22\/guterres-nuklearno-oruzje-mora-biti-eliminirano-prije-nego-sto-ono-eliminira-nas\/\" \/>\n<meta property=\"og:site_name\" content=\"RADIO LJUBU\u0160KI\" \/>\n<meta property=\"article:publisher\" content=\"https:\/\/www.facebook.com\/Radiio-Ljubuski-1490835324566332\" \/>\n<meta property=\"article:published_time\" content=\"2022-06-22T12:35:18+00:00\" \/>\n<meta property=\"article:modified_time\" content=\"2022-06-22T12:35:20+00:00\" \/>\n<meta property=\"og:image\" content=\"https:\/\/radioljubuski.ba\/wp-content\/uploads\/2022\/06\/7-2022-02-18-21-06-31-nuklearn.jpg\" \/>\n\t<meta property=\"og:image:width\" content=\"1000\" \/>\n\t<meta property=\"og:image:height\" content=\"625\" \/>\n\t<meta property=\"og:image:type\" content=\"image\/jpeg\" \/>\n<meta name=\"author\" content=\"Radio Ljubu\u0161ki\" \/>\n<meta name=\"twitter:card\" content=\"summary_large_image\" \/>\n<meta name=\"twitter:creator\" content=\"@radioljubuski\" \/>\n<meta name=\"twitter:site\" content=\"@radioljubuski\" \/>\n<meta name=\"twitter:label1\" content=\"Napisao\/la\" \/>\n\t<meta name=\"twitter:data1\" content=\"Radio Ljubu\u0161ki\" \/>\n\t<meta name=\"twitter:label2\" content=\"Procijenjeno vrijeme \u010ditanja\" \/>\n\t<meta name=\"twitter:data2\" content=\"1 minuta\" \/>\n<script type=\"application\/ld+json\" class=\"yoast-schema-graph\">{\"@context\":\"https:\\\/\\\/schema.org\",\"@graph\":[{\"@type\":\"Article\",\"@id\":\"https:\\\/\\\/radioljubuski.ba\\\/index.php\\\/2022\\\/06\\\/22\\\/guterres-nuklearno-oruzje-mora-biti-eliminirano-prije-nego-sto-ono-eliminira-nas\\\/#article\",\"isPartOf\":{\"@id\":\"https:\\\/\\\/radioljubuski.ba\\\/index.php\\\/2022\\\/06\\\/22\\\/guterres-nuklearno-oruzje-mora-biti-eliminirano-prije-nego-sto-ono-eliminira-nas\\\/\"},\"author\":{\"name\":\"Radio Ljubu\u0161ki\",\"@id\":\"https:\\\/\\\/radioljubuski.ba\\\/#\\\/schema\\\/person\\\/19fc700381a780f69665d7956c469e3b\"},\"headline\":\"Guterres: Nuklearno oru\u017eje mora biti eliminirano &#8220;prije nego \u0161to ono eliminira nas&#8221;\",\"datePublished\":\"2022-06-22T12:35:18+00:00\",\"dateModified\":\"2022-06-22T12:35:20+00:00\",\"mainEntityOfPage\":{\"@id\":\"https:\\\/\\\/radioljubuski.ba\\\/index.php\\\/2022\\\/06\\\/22\\\/guterres-nuklearno-oruzje-mora-biti-eliminirano-prije-nego-sto-ono-eliminira-nas\\\/\"},\"wordCount\":231,\"publisher\":{\"@id\":\"https:\\\/\\\/radioljubuski.ba\\\/#organization\"},\"image\":{\"@id\":\"https:\\\/\\\/radioljubuski.ba\\\/index.php\\\/2022\\\/06\\\/22\\\/guterres-nuklearno-oruzje-mora-biti-eliminirano-prije-nego-sto-ono-eliminira-nas\\\/#primaryimage\"},\"thumbnailUrl\":\"https:\\\/\\\/radioljubuski.ba\\\/wp-content\\\/uploads\\\/2022\\\/06\\\/7-2022-02-18-21-06-31-nuklearn.jpg\",\"articleSection\":[\"BIH i regija\"],\"inLanguage\":\"hr\"},{\"@type\":\"WebPage\",\"@id\":\"https:\\\/\\\/radioljubuski.ba\\\/index.php\\\/2022\\\/06\\\/22\\\/guterres-nuklearno-oruzje-mora-biti-eliminirano-prije-nego-sto-ono-eliminira-nas\\\/\",\"url\":\"https:\\\/\\\/radioljubuski.ba\\\/index.php\\\/2022\\\/06\\\/22\\\/guterres-nuklearno-oruzje-mora-biti-eliminirano-prije-nego-sto-ono-eliminira-nas\\\/\",\"name\":\"Guterres: Nuklearno oru\u017eje mora biti eliminirano \\\"prije nego \u0161to ono eliminira nas\\\" - RADIO LJUBU\u0160KI\",\"isPartOf\":{\"@id\":\"https:\\\/\\\/radioljubuski.ba\\\/#website\"},\"primaryImageOfPage\":{\"@id\":\"https:\\\/\\\/radioljubuski.ba\\\/index.php\\\/2022\\\/06\\\/22\\\/guterres-nuklearno-oruzje-mora-biti-eliminirano-prije-nego-sto-ono-eliminira-nas\\\/#primaryimage\"},\"image\":{\"@id\":\"https:\\\/\\\/radioljubuski.ba\\\/index.php\\\/2022\\\/06\\\/22\\\/guterres-nuklearno-oruzje-mora-biti-eliminirano-prije-nego-sto-ono-eliminira-nas\\\/#primaryimage\"},\"thumbnailUrl\":\"https:\\\/\\\/radioljubuski.ba\\\/wp-content\\\/uploads\\\/2022\\\/06\\\/7-2022-02-18-21-06-31-nuklearn.jpg\",\"datePublished\":\"2022-06-22T12:35:18+00:00\",\"dateModified\":\"2022-06-22T12:35:20+00:00\",\"breadcrumb\":{\"@id\":\"https:\\\/\\\/radioljubuski.ba\\\/index.php\\\/2022\\\/06\\\/22\\\/guterres-nuklearno-oruzje-mora-biti-eliminirano-prije-nego-sto-ono-eliminira-nas\\\/#breadcrumb\"},\"inLanguage\":\"hr\",\"potentialAction\":[{\"@type\":\"ReadAction\",\"target\":[\"https:\\\/\\\/radioljubuski.ba\\\/index.php\\\/2022\\\/06\\\/22\\\/guterres-nuklearno-oruzje-mora-biti-eliminirano-prije-nego-sto-ono-eliminira-nas\\\/\"]}]},{\"@type\":\"ImageObject\",\"inLanguage\":\"hr\",\"@id\":\"https:\\\/\\\/radioljubuski.ba\\\/index.php\\\/2022\\\/06\\\/22\\\/guterres-nuklearno-oruzje-mora-biti-eliminirano-prije-nego-sto-ono-eliminira-nas\\\/#primaryimage\",\"url\":\"https:\\\/\\\/radioljubuski.ba\\\/wp-content\\\/uploads\\\/2022\\\/06\\\/7-2022-02-18-21-06-31-nuklearn.jpg\",\"contentUrl\":\"https:\\\/\\\/radioljubuski.ba\\\/wp-content\\\/uploads\\\/2022\\\/06\\\/7-2022-02-18-21-06-31-nuklearn.jpg\",\"width\":1000,\"height\":625},{\"@type\":\"BreadcrumbList\",\"@id\":\"https:\\\/\\\/radioljubuski.ba\\\/index.php\\\/2022\\\/06\\\/22\\\/guterres-nuklearno-oruzje-mora-biti-eliminirano-prije-nego-sto-ono-eliminira-nas\\\/#breadcrumb\",\"itemListElement\":[{\"@type\":\"ListItem\",\"position\":1,\"name\":\"Po\u010detna stranica\",\"item\":\"https:\\\/\\\/radioljubuski.ba\\\/\"},{\"@type\":\"ListItem\",\"position\":2,\"name\":\"Guterres: Nuklearno oru\u017eje mora biti eliminirano &#8220;prije nego \u0161to ono eliminira nas&#8221;\"}]},{\"@type\":\"WebSite\",\"@id\":\"https:\\\/\\\/radioljubuski.ba\\\/#website\",\"url\":\"https:\\\/\\\/radioljubuski.ba\\\/\",\"name\":\"Radio Ljubu\u0161ki\",\"description\":\"Sun\u010dana frekvencija Hercegovine\",\"publisher\":{\"@id\":\"https:\\\/\\\/radioljubuski.ba\\\/#organization\"},\"potentialAction\":[{\"@type\":\"SearchAction\",\"target\":{\"@type\":\"EntryPoint\",\"urlTemplate\":\"https:\\\/\\\/radioljubuski.ba\\\/?s={search_term_string}\"},\"query-input\":{\"@type\":\"PropertyValueSpecification\",\"valueRequired\":true,\"valueName\":\"search_term_string\"}}],\"inLanguage\":\"hr\"},{\"@type\":\"Organization\",\"@id\":\"https:\\\/\\\/radioljubuski.ba\\\/#organization\",\"name\":\"Radio Ljubu\u0161ki\",\"url\":\"https:\\\/\\\/radioljubuski.ba\\\/\",\"logo\":{\"@type\":\"ImageObject\",\"inLanguage\":\"hr\",\"@id\":\"https:\\\/\\\/radioljubuski.ba\\\/#\\\/schema\\\/logo\\\/image\\\/\",\"url\":\"https:\\\/\\\/radioljubuski.ba\\\/wp-content\\\/uploads\\\/2021\\\/02\\\/cropped-Radio_Ljubuski_logo1.jpg\",\"contentUrl\":\"https:\\\/\\\/radioljubuski.ba\\\/wp-content\\\/uploads\\\/2021\\\/02\\\/cropped-Radio_Ljubuski_logo1.jpg\",\"width\":512,\"height\":512,\"caption\":\"Radio Ljubu\u0161ki\"},\"image\":{\"@id\":\"https:\\\/\\\/radioljubuski.ba\\\/#\\\/schema\\\/logo\\\/image\\\/\"},\"sameAs\":[\"https:\\\/\\\/www.facebook.com\\\/Radiio-Ljubuski-1490835324566332\",\"https:\\\/\\\/x.com\\\/radioljubuski\",\"https:\\\/\\\/hr.linkedin.com\\\/company\\\/radio-ljubuski\",\"https:\\\/\\\/www.youtube.com\\\/channel\\\/UCHYaeO_n0Db3tjNGudGpXyw\"]},{\"@type\":\"Person\",\"@id\":\"https:\\\/\\\/radioljubuski.ba\\\/#\\\/schema\\\/person\\\/19fc700381a780f69665d7956c469e3b\",\"name\":\"Radio Ljubu\u0161ki\"}]}<\/script>\n<!-- \/ Yoast SEO plugin. -->","yoast_head_json":{"title":"Guterres: Nuklearno oru\u017eje mora biti eliminirano \"prije nego \u0161to ono eliminira nas\" - RADIO LJUBU\u0160KI","robots":{"index":"index","follow":"follow","max-snippet":"max-snippet:-1","max-image-preview":"max-image-preview:large","max-video-preview":"max-video-preview:-1"},"canonical":"https:\/\/radioljubuski.ba\/index.php\/2022\/06\/22\/guterres-nuklearno-oruzje-mora-biti-eliminirano-prije-nego-sto-ono-eliminira-nas\/","og_locale":"hr_HR","og_type":"article","og_title":"Guterres: Nuklearno oru\u017eje mora biti eliminirano \"prije nego \u0161to ono eliminira nas\" - RADIO LJUBU\u0160KI","og_description":"Glavni tajnik UN-a Antonio Guterres pozvao je na nuklearno razoru\u017eanje na po\u010detku trodnevne konferencije u Be\u010du na kojoj sudjeluje oko 80 zemalja koje su potpisale me\u0111unarodni sporazum o zabrani nuklearnog oru\u017eja. &#8220;Eliminirajmo to oru\u017eje prije nego \u0161to ono eliminira nas&#8221;, rekao je Guterres u poruci konferenciji putem video veze. Trenutni globalni nuklearni arsenal koji broji [&hellip;]","og_url":"https:\/\/radioljubuski.ba\/index.php\/2022\/06\/22\/guterres-nuklearno-oruzje-mora-biti-eliminirano-prije-nego-sto-ono-eliminira-nas\/","og_site_name":"RADIO LJUBU\u0160KI","article_publisher":"https:\/\/www.facebook.com\/Radiio-Ljubuski-1490835324566332","article_published_time":"2022-06-22T12:35:18+00:00","article_modified_time":"2022-06-22T12:35:20+00:00","og_image":[{"width":1000,"height":625,"url":"https:\/\/radioljubuski.ba\/wp-content\/uploads\/2022\/06\/7-2022-02-18-21-06-31-nuklearn.jpg","type":"image\/jpeg"}],"author":"Radio Ljubu\u0161ki","twitter_card":"summary_large_image","twitter_creator":"@radioljubuski","twitter_site":"@radioljubuski","twitter_misc":{"Napisao\/la":"Radio Ljubu\u0161ki","Procijenjeno vrijeme \u010ditanja":"1 minuta"},"schema":{"@context":"https:\/\/schema.org","@graph":[{"@type":"Article","@id":"https:\/\/radioljubuski.ba\/index.php\/2022\/06\/22\/guterres-nuklearno-oruzje-mora-biti-eliminirano-prije-nego-sto-ono-eliminira-nas\/#article","isPartOf":{"@id":"https:\/\/radioljubuski.ba\/index.php\/2022\/06\/22\/guterres-nuklearno-oruzje-mora-biti-eliminirano-prije-nego-sto-ono-eliminira-nas\/"},"author":{"name":"Radio Ljubu\u0161ki","@id":"https:\/\/radioljubuski.ba\/#\/schema\/person\/19fc700381a780f69665d7956c469e3b"},"headline":"Guterres: Nuklearno oru\u017eje mora biti eliminirano &#8220;prije nego \u0161to ono eliminira nas&#8221;","datePublished":"2022-06-22T12:35:18+00:00","dateModified":"2022-06-22T12:35:20+00:00","mainEntityOfPage":{"@id":"https:\/\/radioljubuski.ba\/index.php\/2022\/06\/22\/guterres-nuklearno-oruzje-mora-biti-eliminirano-prije-nego-sto-ono-eliminira-nas\/"},"wordCount":231,"publisher":{"@id":"https:\/\/radioljubuski.ba\/#organization"},"image":{"@id":"https:\/\/radioljubuski.ba\/index.php\/2022\/06\/22\/guterres-nuklearno-oruzje-mora-biti-eliminirano-prije-nego-sto-ono-eliminira-nas\/#primaryimage"},"thumbnailUrl":"https:\/\/radioljubuski.ba\/wp-content\/uploads\/2022\/06\/7-2022-02-18-21-06-31-nuklearn.jpg","articleSection":["BIH i regija"],"inLanguage":"hr"},{"@type":"WebPage","@id":"https:\/\/radioljubuski.ba\/index.php\/2022\/06\/22\/guterres-nuklearno-oruzje-mora-biti-eliminirano-prije-nego-sto-ono-eliminira-nas\/","url":"https:\/\/radioljubuski.ba\/index.php\/2022\/06\/22\/guterres-nuklearno-oruzje-mora-biti-eliminirano-prije-nego-sto-ono-eliminira-nas\/","name":"Guterres: Nuklearno oru\u017eje mora biti eliminirano \"prije nego \u0161to ono eliminira nas\" - RADIO LJUBU\u0160KI","isPartOf":{"@id":"https:\/\/radioljubuski.ba\/#website"},"primaryImageOfPage":{"@id":"https:\/\/radioljubuski.ba\/index.php\/2022\/06\/22\/guterres-nuklearno-oruzje-mora-biti-eliminirano-prije-nego-sto-ono-eliminira-nas\/#primaryimage"},"image":{"@id":"https:\/\/radioljubuski.ba\/index.php\/2022\/06\/22\/guterres-nuklearno-oruzje-mora-biti-eliminirano-prije-nego-sto-ono-eliminira-nas\/#primaryimage"},"thumbnailUrl":"https:\/\/radioljubuski.ba\/wp-content\/uploads\/2022\/06\/7-2022-02-18-21-06-31-nuklearn.jpg","datePublished":"2022-06-22T12:35:18+00:00","dateModified":"2022-06-22T12:35:20+00:00","breadcrumb":{"@id":"https:\/\/radioljubuski.ba\/index.php\/2022\/06\/22\/guterres-nuklearno-oruzje-mora-biti-eliminirano-prije-nego-sto-ono-eliminira-nas\/#breadcrumb"},"inLanguage":"hr","potentialAction":[{"@type":"ReadAction","target":["https:\/\/radioljubuski.ba\/index.php\/2022\/06\/22\/guterres-nuklearno-oruzje-mora-biti-eliminirano-prije-nego-sto-ono-eliminira-nas\/"]}]},{"@type":"ImageObject","inLanguage":"hr","@id":"https:\/\/radioljubuski.ba\/index.php\/2022\/06\/22\/guterres-nuklearno-oruzje-mora-biti-eliminirano-prije-nego-sto-ono-eliminira-nas\/#primaryimage","url":"https:\/\/radioljubuski.ba\/wp-content\/uploads\/2022\/06\/7-2022-02-18-21-06-31-nuklearn.jpg","contentUrl":"https:\/\/radioljubuski.ba\/wp-content\/uploads\/2022\/06\/7-2022-02-18-21-06-31-nuklearn.jpg","width":1000,"height":625},{"@type":"BreadcrumbList","@id":"https:\/\/radioljubuski.ba\/index.php\/2022\/06\/22\/guterres-nuklearno-oruzje-mora-biti-eliminirano-prije-nego-sto-ono-eliminira-nas\/#breadcrumb","itemListElement":[{"@type":"ListItem","position":1,"name":"Po\u010detna stranica","item":"https:\/\/radioljubuski.ba\/"},{"@type":"ListItem","position":2,"name":"Guterres: Nuklearno oru\u017eje mora biti eliminirano &#8220;prije nego \u0161to ono eliminira nas&#8221;"}]},{"@type":"WebSite","@id":"https:\/\/radioljubuski.ba\/#website","url":"https:\/\/radioljubuski.ba\/","name":"Radio Ljubu\u0161ki","description":"Sun\u010dana frekvencija Hercegovine","publisher":{"@id":"https:\/\/radioljubuski.ba\/#organization"},"potentialAction":[{"@type":"SearchAction","target":{"@type":"EntryPoint","urlTemplate":"https:\/\/radioljubuski.ba\/?s={search_term_string}"},"query-input":{"@type":"PropertyValueSpecification","valueRequired":true,"valueName":"search_term_string"}}],"inLanguage":"hr"},{"@type":"Organization","@id":"https:\/\/radioljubuski.ba\/#organization","name":"Radio Ljubu\u0161ki","url":"https:\/\/radioljubuski.ba\/","logo":{"@type":"ImageObject","inLanguage":"hr","@id":"https:\/\/radioljubuski.ba\/#\/schema\/logo\/image\/","url":"https:\/\/radioljubuski.ba\/wp-content\/uploads\/2021\/02\/cropped-Radio_Ljubuski_logo1.jpg","contentUrl":"https:\/\/radioljubuski.ba\/wp-content\/uploads\/2021\/02\/cropped-Radio_Ljubuski_logo1.jpg","width":512,"height":512,"caption":"Radio Ljubu\u0161ki"},"image":{"@id":"https:\/\/radioljubuski.ba\/#\/schema\/logo\/image\/"},"sameAs":["https:\/\/www.facebook.com\/Radiio-Ljubuski-1490835324566332","https:\/\/x.com\/radioljubuski","https:\/\/hr.linkedin.com\/company\/radio-ljubuski","https:\/\/www.youtube.com\/channel\/UCHYaeO_n0Db3tjNGudGpXyw"]},{"@type":"Person","@id":"https:\/\/radioljubuski.ba\/#\/schema\/person\/19fc700381a780f69665d7956c469e3b","name":"Radio Ljubu\u0161ki"}]}},"_links":{"self":[{"href":"https:\/\/radioljubuski.ba\/index.php\/wp-json\/wp\/v2\/posts\/152090","targetHints":{"allow":["GET"]}}],"collection":[{"href":"https:\/\/radioljubuski.ba\/index.php\/wp-json\/wp\/v2\/posts"}],"about":[{"href":"https:\/\/radioljubuski.ba\/index.php\/wp-json\/wp\/v2\/types\/post"}],"author":[{"embeddable":true,"href":"https:\/\/radioljubuski.ba\/index.php\/wp-json\/wp\/v2\/users\/2"}],"replies":[{"embeddable":true,"href":"https:\/\/radioljubuski.ba\/index.php\/wp-json\/wp\/v2\/comments?post=152090"}],"version-history":[{"count":1,"href":"https:\/\/radioljubuski.ba\/index.php\/wp-json\/wp\/v2\/posts\/152090\/revisions"}],"predecessor-version":[{"id":152092,"href":"https:\/\/radioljubuski.ba\/index.php\/wp-json\/wp\/v2\/posts\/152090\/revisions\/152092"}],"wp:featuredmedia":[{"embeddable":true,"href":"https:\/\/radioljubuski.ba\/index.php\/wp-json\/wp\/v2\/media\/152091"}],"wp:attachment":[{"href":"https:\/\/radioljubuski.ba\/index.php\/wp-json\/wp\/v2\/media?parent=152090"}],"wp:term":[{"taxonomy":"category","embeddable":true,"href":"https:\/\/radioljubuski.ba\/index.php\/wp-json\/wp\/v2\/categories?post=152090"},{"taxonomy":"post_tag","embeddable":true,"href":"https:\/\/radioljubuski.ba\/index.php\/wp-json\/wp\/v2\/tags?post=152090"}],"curies":[{"name":"wp","href":"https:\/\/api.w.org\/{rel}","templated":true}]}}