{"id":152102,"date":"2022-06-22T13:41:37","date_gmt":"2022-06-22T12:41:37","guid":{"rendered":"https:\/\/radioljubuski.ba\/?p=152102"},"modified":"2022-06-22T13:41:38","modified_gmt":"2022-06-22T12:41:38","slug":"nikola-dobroslavic-zracna-luka-kod-trebinja-je-ekoloska-i-geostrateska-ugroza","status":"publish","type":"post","link":"https:\/\/radioljubuski.ba\/index.php\/2022\/06\/22\/nikola-dobroslavic-zracna-luka-kod-trebinja-je-ekoloska-i-geostrateska-ugroza\/","title":{"rendered":"Nikola Dobroslavi\u0107: Zra\u010dna luka kod Trebinja je ekolo\u0161ka i geostrate\u0161ka ugroza"},"content":{"rendered":"\n<p>Dubrova\u010dko-neretvanski \u017eupan Nikola Dobroslavi\u0107 izjavio je u utorak kako je izgradnja zra\u010dne luke na predjelu Tale\u017ee kod Trebinja u Republici Srpskoj ekolo\u0161ka i geostrate\u0161ka ugroza, budu\u0107i da je planirana lokacija udaljena 5,5 kilometara od izvori\u0161ta rijeke Omble.<\/p>\n\n\n\n<p>Dobroslavi\u0107 je na konferenciji za medije u Dubrovniku istaknuo da je izvori\u0161te Omble glavni vodoopskrbni izvor za podru\u010dje od Stona do Prevlake, a izgradnja bi utjecala i na bioraznolikost.<\/p>\n\n\n\n<p>&nbsp;Naglasio je kako je projekt i geostrate\u0161ki neprihvatljiv jer se kao investitor spominje Republika Srbija.<br>\u201eSrbija je sa U\u017ei\u010dkim korpusom sudjelovala u agresiji na dubrova\u010dkom podru\u010dju i iza sebe ostavila spaljene Konavle, \u017dupu dubrova\u010dku i Dubrova\u010dko primorje te razoren Dubrovnik. Ovaj projekt podsje\u0107a na ta vremena. Uz to, Srbija i danas kroz puzaju\u0107i projekt &#8216;srpskog sveta&#8217; svojata dubrova\u010dku knji\u017eevnost i kulturu, \u0161to je povijesna krivotvorina\u201d,rekao je Dobroslavi\u0107.<br>&nbsp;Kao alternativu on vidi predio Zupci, na lokaciji koju je Republika Srpska prvotno odabrala, a potom odbacila.<br>\u201eNemamo ni\u0161ta protiv da susjedi grade \u0161to god smatraju povoljnim za njihove gra\u0111ane, ali ne smiju ugroziti prekograni\u010dno podru\u010dje. Na\u0161i stru\u010dnjaci su zaklju\u010dili da izgradnja na Zupcima ne bi utjecala na izvori\u0161te Omble i druga izvori\u0161ta\u201d, rekao je Dobroslavi\u0107.<br>Vi\u0161a \u017eupanijska savjetnica za za\u0161titu okoli\u0161a i komunalne poslove Dijana Toma\u0161evi\u0107 Raki\u0107 upozorila je kako za elaborate strate\u0161ke procjene utjecaja na okoli\u0161 nisu kori\u0161teni svi dostupni podaci, ve\u0107 se udovoljilo investitoru.<\/p>\n\n\n\n<p>\u201ePrihva\u0107ena je zona aerodroma bez tra\u017eenja najbolje lokacije, nego na prijedlog investitora, tvrtke Aerodromi Srbija. Nisu procijenili utjecaj na okoli\u0161, ve\u0107 uspje\u0161nost eksploatacije objekta\u201d, rekla je Toma\u0161evi\u0107 Raki\u0107.<br>Ravnateljica \u017eupanijske ustanove za upravljanje za\u0161ti\u0107enim dijelovima prirode Marijana Miljas \u0110ura\u010di\u0107 istaknula je kako je izvori\u0161te rijeke Omble iznimno va\u017eno za bioraznolikost na europskoj razini, a \u0161ire je podru\u010dje uvr\u0161teno u ekolo\u0161ku mre\u017eu \u201eNATURA 2000.\u201d.<\/p>\n\n\n\n<p><br>\u201eNa tom podru\u010dju se nalazi vi\u0161e od 200 za\u0161ti\u0107enih vrsta. To je jedinstven eko sustav na podru\u010dju dvije dr\u017eave, a sva bioraznolikost ovisi o vodi\u201d, izjavila je Miljas \u0110ura\u010di\u0107.<br>&nbsp;Stru\u010dnjakinja za prostorno planiranje i za\u0161titu okoli\u0161a Branka Martinovi\u0107 Vukovi\u0107 napomenula je kako je podru\u010dje najkra\u0107e europske rijeke jako zavisno od svega \u0161to se doga\u0111a uzvodno, a bitne promjene u slivu su se dogodile jo\u0161 u \u0161ezdesetim godinama pro\u0161log stolje\u0107a.<br>\u201eTada je, zbog projekata Gornji i Donji horizonti, koli\u010dina vode s 36 litara u sekundi smanjena na 24 litre u sekundi. Jo\u0161 uvijek nemamo pravilnik o prekograni\u010dnoj procjeni utjecaja u kr\u0161kim sustavima\u201d, rekla je Martinovi\u0107 Vukovi\u0107.<\/p>\n\n\n\n<p><br>Podr\u0161ku Dubrova\u010dko-neretvanskoj \u017eupaniji dalo je Ministarstvo gospodarstva i odr\u017eivog razvoja koje \u0107e od BiH tra\u017eiti zaustavljanje projekta, a o svemu \u0107e izvijestiti i Europsku komisiju.<\/p>\n\n\n\n<p>Izvor:pogled.ba<\/p>\n","protected":false},"excerpt":{"rendered":"<p>Dubrova\u010dko-neretvanski \u017eupan Nikola Dobroslavi\u0107 izjavio je u utorak kako je izgradnja zra\u010dne luke na predjelu Tale\u017ee kod Trebinja u Republici Srpskoj ekolo\u0161ka i geostrate\u0161ka ugroza, budu\u0107i da je planirana lokacija udaljena 5,5 kilometara od izvori\u0161ta rijeke Omble. Dobroslavi\u0107 je na konferenciji za medije u Dubrovniku istaknuo da je izvori\u0161te Omble glavni vodoopskrbni izvor za podru\u010dje [&hellip;]<\/p>\n","protected":false},"author":2,"featured_media":37790,"comment_status":"closed","ping_status":"closed","sticky":false,"template":"","format":"standard","meta":{"h5ap_radio_sources":[],"footnotes":""},"categories":[1],"tags":[],"class_list":["post-152102","post","type-post","status-publish","format-standard","has-post-thumbnail","hentry","category-bihiregija"],"yoast_head":"<!-- This site is optimized with the Yoast SEO plugin v27.4 - https:\/\/yoast.com\/product\/yoast-seo-wordpress\/ -->\n<title>Nikola Dobroslavi\u0107: Zra\u010dna luka kod Trebinja je ekolo\u0161ka i geostrate\u0161ka ugroza - RADIO LJUBU\u0160KI<\/title>\n<meta name=\"robots\" content=\"index, follow, max-snippet:-1, max-image-preview:large, max-video-preview:-1\" \/>\n<link rel=\"canonical\" href=\"https:\/\/radioljubuski.ba\/index.php\/2022\/06\/22\/nikola-dobroslavic-zracna-luka-kod-trebinja-je-ekoloska-i-geostrateska-ugroza\/\" \/>\n<meta property=\"og:locale\" content=\"hr_HR\" \/>\n<meta property=\"og:type\" content=\"article\" \/>\n<meta property=\"og:title\" content=\"Nikola Dobroslavi\u0107: Zra\u010dna luka kod Trebinja je ekolo\u0161ka i geostrate\u0161ka ugroza - RADIO LJUBU\u0160KI\" \/>\n<meta property=\"og:description\" content=\"Dubrova\u010dko-neretvanski \u017eupan Nikola Dobroslavi\u0107 izjavio je u utorak kako je izgradnja zra\u010dne luke na predjelu Tale\u017ee kod Trebinja u Republici Srpskoj ekolo\u0161ka i geostrate\u0161ka ugroza, budu\u0107i da je planirana lokacija udaljena 5,5 kilometara od izvori\u0161ta rijeke Omble. Dobroslavi\u0107 je na konferenciji za medije u Dubrovniku istaknuo da je izvori\u0161te Omble glavni vodoopskrbni izvor za podru\u010dje [&hellip;]\" \/>\n<meta property=\"og:url\" content=\"https:\/\/radioljubuski.ba\/index.php\/2022\/06\/22\/nikola-dobroslavic-zracna-luka-kod-trebinja-je-ekoloska-i-geostrateska-ugroza\/\" \/>\n<meta property=\"og:site_name\" content=\"RADIO LJUBU\u0160KI\" \/>\n<meta property=\"article:publisher\" content=\"https:\/\/www.facebook.com\/Radiio-Ljubuski-1490835324566332\" \/>\n<meta property=\"article:published_time\" content=\"2022-06-22T12:41:37+00:00\" \/>\n<meta property=\"article:modified_time\" content=\"2022-06-22T12:41:38+00:00\" \/>\n<meta property=\"og:image\" content=\"https:\/\/radioljubuski.ba\/wp-content\/uploads\/2021\/07\/175gw0aM_avion.jpg\" \/>\n\t<meta property=\"og:image:width\" content=\"1000\" \/>\n\t<meta property=\"og:image:height\" content=\"625\" \/>\n\t<meta property=\"og:image:type\" content=\"image\/jpeg\" \/>\n<meta name=\"author\" content=\"Radio Ljubu\u0161ki\" \/>\n<meta name=\"twitter:card\" content=\"summary_large_image\" \/>\n<meta name=\"twitter:creator\" content=\"@radioljubuski\" \/>\n<meta name=\"twitter:site\" content=\"@radioljubuski\" \/>\n<meta name=\"twitter:label1\" content=\"Napisao\/la\" \/>\n\t<meta name=\"twitter:data1\" content=\"Radio Ljubu\u0161ki\" \/>\n\t<meta name=\"twitter:label2\" content=\"Procijenjeno vrijeme \u010ditanja\" \/>\n\t<meta name=\"twitter:data2\" content=\"2 minute\" \/>\n<script type=\"application\/ld+json\" class=\"yoast-schema-graph\">{\"@context\":\"https:\\\/\\\/schema.org\",\"@graph\":[{\"@type\":\"Article\",\"@id\":\"https:\\\/\\\/radioljubuski.ba\\\/index.php\\\/2022\\\/06\\\/22\\\/nikola-dobroslavic-zracna-luka-kod-trebinja-je-ekoloska-i-geostrateska-ugroza\\\/#article\",\"isPartOf\":{\"@id\":\"https:\\\/\\\/radioljubuski.ba\\\/index.php\\\/2022\\\/06\\\/22\\\/nikola-dobroslavic-zracna-luka-kod-trebinja-je-ekoloska-i-geostrateska-ugroza\\\/\"},\"author\":{\"name\":\"Radio Ljubu\u0161ki\",\"@id\":\"https:\\\/\\\/radioljubuski.ba\\\/#\\\/schema\\\/person\\\/19fc700381a780f69665d7956c469e3b\"},\"headline\":\"Nikola Dobroslavi\u0107: Zra\u010dna luka kod Trebinja je ekolo\u0161ka i geostrate\u0161ka ugroza\",\"datePublished\":\"2022-06-22T12:41:37+00:00\",\"dateModified\":\"2022-06-22T12:41:38+00:00\",\"mainEntityOfPage\":{\"@id\":\"https:\\\/\\\/radioljubuski.ba\\\/index.php\\\/2022\\\/06\\\/22\\\/nikola-dobroslavic-zracna-luka-kod-trebinja-je-ekoloska-i-geostrateska-ugroza\\\/\"},\"wordCount\":499,\"publisher\":{\"@id\":\"https:\\\/\\\/radioljubuski.ba\\\/#organization\"},\"image\":{\"@id\":\"https:\\\/\\\/radioljubuski.ba\\\/index.php\\\/2022\\\/06\\\/22\\\/nikola-dobroslavic-zracna-luka-kod-trebinja-je-ekoloska-i-geostrateska-ugroza\\\/#primaryimage\"},\"thumbnailUrl\":\"https:\\\/\\\/radioljubuski.ba\\\/wp-content\\\/uploads\\\/2021\\\/07\\\/175gw0aM_avion.jpg\",\"articleSection\":[\"BIH i regija\"],\"inLanguage\":\"hr\"},{\"@type\":\"WebPage\",\"@id\":\"https:\\\/\\\/radioljubuski.ba\\\/index.php\\\/2022\\\/06\\\/22\\\/nikola-dobroslavic-zracna-luka-kod-trebinja-je-ekoloska-i-geostrateska-ugroza\\\/\",\"url\":\"https:\\\/\\\/radioljubuski.ba\\\/index.php\\\/2022\\\/06\\\/22\\\/nikola-dobroslavic-zracna-luka-kod-trebinja-je-ekoloska-i-geostrateska-ugroza\\\/\",\"name\":\"Nikola Dobroslavi\u0107: Zra\u010dna luka kod Trebinja je ekolo\u0161ka i geostrate\u0161ka ugroza - RADIO LJUBU\u0160KI\",\"isPartOf\":{\"@id\":\"https:\\\/\\\/radioljubuski.ba\\\/#website\"},\"primaryImageOfPage\":{\"@id\":\"https:\\\/\\\/radioljubuski.ba\\\/index.php\\\/2022\\\/06\\\/22\\\/nikola-dobroslavic-zracna-luka-kod-trebinja-je-ekoloska-i-geostrateska-ugroza\\\/#primaryimage\"},\"image\":{\"@id\":\"https:\\\/\\\/radioljubuski.ba\\\/index.php\\\/2022\\\/06\\\/22\\\/nikola-dobroslavic-zracna-luka-kod-trebinja-je-ekoloska-i-geostrateska-ugroza\\\/#primaryimage\"},\"thumbnailUrl\":\"https:\\\/\\\/radioljubuski.ba\\\/wp-content\\\/uploads\\\/2021\\\/07\\\/175gw0aM_avion.jpg\",\"datePublished\":\"2022-06-22T12:41:37+00:00\",\"dateModified\":\"2022-06-22T12:41:38+00:00\",\"breadcrumb\":{\"@id\":\"https:\\\/\\\/radioljubuski.ba\\\/index.php\\\/2022\\\/06\\\/22\\\/nikola-dobroslavic-zracna-luka-kod-trebinja-je-ekoloska-i-geostrateska-ugroza\\\/#breadcrumb\"},\"inLanguage\":\"hr\",\"potentialAction\":[{\"@type\":\"ReadAction\",\"target\":[\"https:\\\/\\\/radioljubuski.ba\\\/index.php\\\/2022\\\/06\\\/22\\\/nikola-dobroslavic-zracna-luka-kod-trebinja-je-ekoloska-i-geostrateska-ugroza\\\/\"]}]},{\"@type\":\"ImageObject\",\"inLanguage\":\"hr\",\"@id\":\"https:\\\/\\\/radioljubuski.ba\\\/index.php\\\/2022\\\/06\\\/22\\\/nikola-dobroslavic-zracna-luka-kod-trebinja-je-ekoloska-i-geostrateska-ugroza\\\/#primaryimage\",\"url\":\"https:\\\/\\\/radioljubuski.ba\\\/wp-content\\\/uploads\\\/2021\\\/07\\\/175gw0aM_avion.jpg\",\"contentUrl\":\"https:\\\/\\\/radioljubuski.ba\\\/wp-content\\\/uploads\\\/2021\\\/07\\\/175gw0aM_avion.jpg\",\"width\":1000,\"height\":625},{\"@type\":\"BreadcrumbList\",\"@id\":\"https:\\\/\\\/radioljubuski.ba\\\/index.php\\\/2022\\\/06\\\/22\\\/nikola-dobroslavic-zracna-luka-kod-trebinja-je-ekoloska-i-geostrateska-ugroza\\\/#breadcrumb\",\"itemListElement\":[{\"@type\":\"ListItem\",\"position\":1,\"name\":\"Po\u010detna stranica\",\"item\":\"https:\\\/\\\/radioljubuski.ba\\\/\"},{\"@type\":\"ListItem\",\"position\":2,\"name\":\"Nikola Dobroslavi\u0107: Zra\u010dna luka kod Trebinja je ekolo\u0161ka i geostrate\u0161ka ugroza\"}]},{\"@type\":\"WebSite\",\"@id\":\"https:\\\/\\\/radioljubuski.ba\\\/#website\",\"url\":\"https:\\\/\\\/radioljubuski.ba\\\/\",\"name\":\"Radio Ljubu\u0161ki\",\"description\":\"Sun\u010dana frekvencija Hercegovine\",\"publisher\":{\"@id\":\"https:\\\/\\\/radioljubuski.ba\\\/#organization\"},\"potentialAction\":[{\"@type\":\"SearchAction\",\"target\":{\"@type\":\"EntryPoint\",\"urlTemplate\":\"https:\\\/\\\/radioljubuski.ba\\\/?s={search_term_string}\"},\"query-input\":{\"@type\":\"PropertyValueSpecification\",\"valueRequired\":true,\"valueName\":\"search_term_string\"}}],\"inLanguage\":\"hr\"},{\"@type\":\"Organization\",\"@id\":\"https:\\\/\\\/radioljubuski.ba\\\/#organization\",\"name\":\"Radio Ljubu\u0161ki\",\"url\":\"https:\\\/\\\/radioljubuski.ba\\\/\",\"logo\":{\"@type\":\"ImageObject\",\"inLanguage\":\"hr\",\"@id\":\"https:\\\/\\\/radioljubuski.ba\\\/#\\\/schema\\\/logo\\\/image\\\/\",\"url\":\"https:\\\/\\\/radioljubuski.ba\\\/wp-content\\\/uploads\\\/2021\\\/02\\\/cropped-Radio_Ljubuski_logo1.jpg\",\"contentUrl\":\"https:\\\/\\\/radioljubuski.ba\\\/wp-content\\\/uploads\\\/2021\\\/02\\\/cropped-Radio_Ljubuski_logo1.jpg\",\"width\":512,\"height\":512,\"caption\":\"Radio Ljubu\u0161ki\"},\"image\":{\"@id\":\"https:\\\/\\\/radioljubuski.ba\\\/#\\\/schema\\\/logo\\\/image\\\/\"},\"sameAs\":[\"https:\\\/\\\/www.facebook.com\\\/Radiio-Ljubuski-1490835324566332\",\"https:\\\/\\\/x.com\\\/radioljubuski\",\"https:\\\/\\\/hr.linkedin.com\\\/company\\\/radio-ljubuski\",\"https:\\\/\\\/www.youtube.com\\\/channel\\\/UCHYaeO_n0Db3tjNGudGpXyw\"]},{\"@type\":\"Person\",\"@id\":\"https:\\\/\\\/radioljubuski.ba\\\/#\\\/schema\\\/person\\\/19fc700381a780f69665d7956c469e3b\",\"name\":\"Radio Ljubu\u0161ki\"}]}<\/script>\n<!-- \/ Yoast SEO plugin. -->","yoast_head_json":{"title":"Nikola Dobroslavi\u0107: Zra\u010dna luka kod Trebinja je ekolo\u0161ka i geostrate\u0161ka ugroza - RADIO LJUBU\u0160KI","robots":{"index":"index","follow":"follow","max-snippet":"max-snippet:-1","max-image-preview":"max-image-preview:large","max-video-preview":"max-video-preview:-1"},"canonical":"https:\/\/radioljubuski.ba\/index.php\/2022\/06\/22\/nikola-dobroslavic-zracna-luka-kod-trebinja-je-ekoloska-i-geostrateska-ugroza\/","og_locale":"hr_HR","og_type":"article","og_title":"Nikola Dobroslavi\u0107: Zra\u010dna luka kod Trebinja je ekolo\u0161ka i geostrate\u0161ka ugroza - RADIO LJUBU\u0160KI","og_description":"Dubrova\u010dko-neretvanski \u017eupan Nikola Dobroslavi\u0107 izjavio je u utorak kako je izgradnja zra\u010dne luke na predjelu Tale\u017ee kod Trebinja u Republici Srpskoj ekolo\u0161ka i geostrate\u0161ka ugroza, budu\u0107i da je planirana lokacija udaljena 5,5 kilometara od izvori\u0161ta rijeke Omble. Dobroslavi\u0107 je na konferenciji za medije u Dubrovniku istaknuo da je izvori\u0161te Omble glavni vodoopskrbni izvor za podru\u010dje [&hellip;]","og_url":"https:\/\/radioljubuski.ba\/index.php\/2022\/06\/22\/nikola-dobroslavic-zracna-luka-kod-trebinja-je-ekoloska-i-geostrateska-ugroza\/","og_site_name":"RADIO LJUBU\u0160KI","article_publisher":"https:\/\/www.facebook.com\/Radiio-Ljubuski-1490835324566332","article_published_time":"2022-06-22T12:41:37+00:00","article_modified_time":"2022-06-22T12:41:38+00:00","og_image":[{"width":1000,"height":625,"url":"https:\/\/radioljubuski.ba\/wp-content\/uploads\/2021\/07\/175gw0aM_avion.jpg","type":"image\/jpeg"}],"author":"Radio Ljubu\u0161ki","twitter_card":"summary_large_image","twitter_creator":"@radioljubuski","twitter_site":"@radioljubuski","twitter_misc":{"Napisao\/la":"Radio Ljubu\u0161ki","Procijenjeno vrijeme \u010ditanja":"2 minute"},"schema":{"@context":"https:\/\/schema.org","@graph":[{"@type":"Article","@id":"https:\/\/radioljubuski.ba\/index.php\/2022\/06\/22\/nikola-dobroslavic-zracna-luka-kod-trebinja-je-ekoloska-i-geostrateska-ugroza\/#article","isPartOf":{"@id":"https:\/\/radioljubuski.ba\/index.php\/2022\/06\/22\/nikola-dobroslavic-zracna-luka-kod-trebinja-je-ekoloska-i-geostrateska-ugroza\/"},"author":{"name":"Radio Ljubu\u0161ki","@id":"https:\/\/radioljubuski.ba\/#\/schema\/person\/19fc700381a780f69665d7956c469e3b"},"headline":"Nikola Dobroslavi\u0107: Zra\u010dna luka kod Trebinja je ekolo\u0161ka i geostrate\u0161ka ugroza","datePublished":"2022-06-22T12:41:37+00:00","dateModified":"2022-06-22T12:41:38+00:00","mainEntityOfPage":{"@id":"https:\/\/radioljubuski.ba\/index.php\/2022\/06\/22\/nikola-dobroslavic-zracna-luka-kod-trebinja-je-ekoloska-i-geostrateska-ugroza\/"},"wordCount":499,"publisher":{"@id":"https:\/\/radioljubuski.ba\/#organization"},"image":{"@id":"https:\/\/radioljubuski.ba\/index.php\/2022\/06\/22\/nikola-dobroslavic-zracna-luka-kod-trebinja-je-ekoloska-i-geostrateska-ugroza\/#primaryimage"},"thumbnailUrl":"https:\/\/radioljubuski.ba\/wp-content\/uploads\/2021\/07\/175gw0aM_avion.jpg","articleSection":["BIH i regija"],"inLanguage":"hr"},{"@type":"WebPage","@id":"https:\/\/radioljubuski.ba\/index.php\/2022\/06\/22\/nikola-dobroslavic-zracna-luka-kod-trebinja-je-ekoloska-i-geostrateska-ugroza\/","url":"https:\/\/radioljubuski.ba\/index.php\/2022\/06\/22\/nikola-dobroslavic-zracna-luka-kod-trebinja-je-ekoloska-i-geostrateska-ugroza\/","name":"Nikola Dobroslavi\u0107: Zra\u010dna luka kod Trebinja je ekolo\u0161ka i geostrate\u0161ka ugroza - RADIO LJUBU\u0160KI","isPartOf":{"@id":"https:\/\/radioljubuski.ba\/#website"},"primaryImageOfPage":{"@id":"https:\/\/radioljubuski.ba\/index.php\/2022\/06\/22\/nikola-dobroslavic-zracna-luka-kod-trebinja-je-ekoloska-i-geostrateska-ugroza\/#primaryimage"},"image":{"@id":"https:\/\/radioljubuski.ba\/index.php\/2022\/06\/22\/nikola-dobroslavic-zracna-luka-kod-trebinja-je-ekoloska-i-geostrateska-ugroza\/#primaryimage"},"thumbnailUrl":"https:\/\/radioljubuski.ba\/wp-content\/uploads\/2021\/07\/175gw0aM_avion.jpg","datePublished":"2022-06-22T12:41:37+00:00","dateModified":"2022-06-22T12:41:38+00:00","breadcrumb":{"@id":"https:\/\/radioljubuski.ba\/index.php\/2022\/06\/22\/nikola-dobroslavic-zracna-luka-kod-trebinja-je-ekoloska-i-geostrateska-ugroza\/#breadcrumb"},"inLanguage":"hr","potentialAction":[{"@type":"ReadAction","target":["https:\/\/radioljubuski.ba\/index.php\/2022\/06\/22\/nikola-dobroslavic-zracna-luka-kod-trebinja-je-ekoloska-i-geostrateska-ugroza\/"]}]},{"@type":"ImageObject","inLanguage":"hr","@id":"https:\/\/radioljubuski.ba\/index.php\/2022\/06\/22\/nikola-dobroslavic-zracna-luka-kod-trebinja-je-ekoloska-i-geostrateska-ugroza\/#primaryimage","url":"https:\/\/radioljubuski.ba\/wp-content\/uploads\/2021\/07\/175gw0aM_avion.jpg","contentUrl":"https:\/\/radioljubuski.ba\/wp-content\/uploads\/2021\/07\/175gw0aM_avion.jpg","width":1000,"height":625},{"@type":"BreadcrumbList","@id":"https:\/\/radioljubuski.ba\/index.php\/2022\/06\/22\/nikola-dobroslavic-zracna-luka-kod-trebinja-je-ekoloska-i-geostrateska-ugroza\/#breadcrumb","itemListElement":[{"@type":"ListItem","position":1,"name":"Po\u010detna stranica","item":"https:\/\/radioljubuski.ba\/"},{"@type":"ListItem","position":2,"name":"Nikola Dobroslavi\u0107: Zra\u010dna luka kod Trebinja je ekolo\u0161ka i geostrate\u0161ka ugroza"}]},{"@type":"WebSite","@id":"https:\/\/radioljubuski.ba\/#website","url":"https:\/\/radioljubuski.ba\/","name":"Radio Ljubu\u0161ki","description":"Sun\u010dana frekvencija Hercegovine","publisher":{"@id":"https:\/\/radioljubuski.ba\/#organization"},"potentialAction":[{"@type":"SearchAction","target":{"@type":"EntryPoint","urlTemplate":"https:\/\/radioljubuski.ba\/?s={search_term_string}"},"query-input":{"@type":"PropertyValueSpecification","valueRequired":true,"valueName":"search_term_string"}}],"inLanguage":"hr"},{"@type":"Organization","@id":"https:\/\/radioljubuski.ba\/#organization","name":"Radio Ljubu\u0161ki","url":"https:\/\/radioljubuski.ba\/","logo":{"@type":"ImageObject","inLanguage":"hr","@id":"https:\/\/radioljubuski.ba\/#\/schema\/logo\/image\/","url":"https:\/\/radioljubuski.ba\/wp-content\/uploads\/2021\/02\/cropped-Radio_Ljubuski_logo1.jpg","contentUrl":"https:\/\/radioljubuski.ba\/wp-content\/uploads\/2021\/02\/cropped-Radio_Ljubuski_logo1.jpg","width":512,"height":512,"caption":"Radio Ljubu\u0161ki"},"image":{"@id":"https:\/\/radioljubuski.ba\/#\/schema\/logo\/image\/"},"sameAs":["https:\/\/www.facebook.com\/Radiio-Ljubuski-1490835324566332","https:\/\/x.com\/radioljubuski","https:\/\/hr.linkedin.com\/company\/radio-ljubuski","https:\/\/www.youtube.com\/channel\/UCHYaeO_n0Db3tjNGudGpXyw"]},{"@type":"Person","@id":"https:\/\/radioljubuski.ba\/#\/schema\/person\/19fc700381a780f69665d7956c469e3b","name":"Radio Ljubu\u0161ki"}]}},"_links":{"self":[{"href":"https:\/\/radioljubuski.ba\/index.php\/wp-json\/wp\/v2\/posts\/152102","targetHints":{"allow":["GET"]}}],"collection":[{"href":"https:\/\/radioljubuski.ba\/index.php\/wp-json\/wp\/v2\/posts"}],"about":[{"href":"https:\/\/radioljubuski.ba\/index.php\/wp-json\/wp\/v2\/types\/post"}],"author":[{"embeddable":true,"href":"https:\/\/radioljubuski.ba\/index.php\/wp-json\/wp\/v2\/users\/2"}],"replies":[{"embeddable":true,"href":"https:\/\/radioljubuski.ba\/index.php\/wp-json\/wp\/v2\/comments?post=152102"}],"version-history":[{"count":1,"href":"https:\/\/radioljubuski.ba\/index.php\/wp-json\/wp\/v2\/posts\/152102\/revisions"}],"predecessor-version":[{"id":152103,"href":"https:\/\/radioljubuski.ba\/index.php\/wp-json\/wp\/v2\/posts\/152102\/revisions\/152103"}],"wp:featuredmedia":[{"embeddable":true,"href":"https:\/\/radioljubuski.ba\/index.php\/wp-json\/wp\/v2\/media\/37790"}],"wp:attachment":[{"href":"https:\/\/radioljubuski.ba\/index.php\/wp-json\/wp\/v2\/media?parent=152102"}],"wp:term":[{"taxonomy":"category","embeddable":true,"href":"https:\/\/radioljubuski.ba\/index.php\/wp-json\/wp\/v2\/categories?post=152102"},{"taxonomy":"post_tag","embeddable":true,"href":"https:\/\/radioljubuski.ba\/index.php\/wp-json\/wp\/v2\/tags?post=152102"}],"curies":[{"name":"wp","href":"https:\/\/api.w.org\/{rel}","templated":true}]}}