{"id":152104,"date":"2022-06-22T13:42:37","date_gmt":"2022-06-22T12:42:37","guid":{"rendered":"https:\/\/radioljubuski.ba\/?p=152104"},"modified":"2022-06-22T13:42:38","modified_gmt":"2022-06-22T12:42:38","slug":"americka-mornarica-ispalila-raketu-upozorenja-prema-iranskom-vojnom-gliseru","status":"publish","type":"post","link":"https:\/\/radioljubuski.ba\/index.php\/2022\/06\/22\/americka-mornarica-ispalila-raketu-upozorenja-prema-iranskom-vojnom-gliseru\/","title":{"rendered":"Ameri\u010dka mornarica ispalila raketu upozorenja prema iranskom vojnom gliseru"},"content":{"rendered":"\n<p>Brod ameri\u010dke mornarice ispalio je raketu upozorenja prema iranskom vojnom gliseru koji mu se pribli\u017eio u Hormu\u0161kom moreuzu, priop\u0107ila je Peta flota SAD.<\/p>\n\n\n\n<p>Incident u ponedjeljak u koji je umije\u0161an patrolni brod USS Sirocco dolazi usred tenzija dok zapadne sile i Islamska Republika nastoje spasiti svoj nuklearni sporazum iz 2015. godine.<\/p>\n\n\n\n<p>&#8211; Tri broda Mornarice iranskog Korpusa garde islamske revolucije reagirali su na nesiguran i neprofesionalan na\u010din dok su brodovi ameri\u010dke mornarice prolazili kroz Hormu\u0161ki moreuz &#8211; navodi se u priop\u0107enju ameri\u010dke mornarice.<\/p>\n\n\n\n<p>&#8211; Jedan od brodova se pribli\u017eio Siroccu opasno velikom brzinom i promijenio kurs tek nakon \u0161to je ameri\u010dki patrolni obalni brod izdao zvu\u010dne signale upozorenja kako bi izbjegao sudar. Iransko plovilo se tako\u0111er pribli\u017eilo 50 jardi (45 metara) od broda ameri\u010dke mornarice tijekom interakcije, a Sirocco je odgovorio ispaljivanjem rakete upozorenja &#8211; navodi ameri\u010dka mornarica.<\/p>\n\n\n\n<p>Washington je vi\u0161e puta optu\u017eivao iransku Islamsku revolucionarnu gardu za reme\u0107enje pomorskog prometa u strate\u0161kom Hormu\u0161kom moreuzu, to\u010dki kroz koju prolazi petina svjetske proizvodnje nafte, podsje\u0107a AFP.<\/p>\n\n\n\n<p>Najnoviji incident dolazi nakon \u0161to se iranska garda 27. svibnja ukrcala i zaplijenila dva naftna tankera pod gr\u010dkom zastavom u Zaljevu. Iranski vrhovni vo\u0111a Ali Khamenei nazvao je to odmazdom nakon \u0161to je Gr\u010dka zaplijenila iransku naftu.<\/p>\n\n\n\n<p>Ameri\u010dka mornarica je saop\u0107ila da je incident od ponedjeljka &#8220;trajao jedan sat i zavr\u0161io kada je letjelica IRGCN-a napustila to podru\u010dje&#8221;.<\/p>\n\n\n\n<p>Izvor:pogled.ba<\/p>\n","protected":false},"excerpt":{"rendered":"<p>Brod ameri\u010dke mornarice ispalio je raketu upozorenja prema iranskom vojnom gliseru koji mu se pribli\u017eio u Hormu\u0161kom moreuzu, priop\u0107ila je Peta flota SAD. Incident u ponedjeljak u koji je umije\u0161an patrolni brod USS Sirocco dolazi usred tenzija dok zapadne sile i Islamska Republika nastoje spasiti svoj nuklearni sporazum iz 2015. godine. &#8211; Tri broda Mornarice [&hellip;]<\/p>\n","protected":false},"author":2,"featured_media":152105,"comment_status":"closed","ping_status":"closed","sticky":false,"template":"","format":"standard","meta":{"h5ap_radio_sources":[],"footnotes":""},"categories":[1],"tags":[],"class_list":["post-152104","post","type-post","status-publish","format-standard","has-post-thumbnail","hentry","category-bihiregija"],"yoast_head":"<!-- This site is optimized with the Yoast SEO plugin v27.4 - https:\/\/yoast.com\/product\/yoast-seo-wordpress\/ -->\n<title>Ameri\u010dka mornarica ispalila raketu upozorenja prema iranskom vojnom gliseru - RADIO LJUBU\u0160KI<\/title>\n<meta name=\"robots\" content=\"index, follow, max-snippet:-1, max-image-preview:large, max-video-preview:-1\" \/>\n<link rel=\"canonical\" href=\"https:\/\/radioljubuski.ba\/index.php\/2022\/06\/22\/americka-mornarica-ispalila-raketu-upozorenja-prema-iranskom-vojnom-gliseru\/\" \/>\n<meta property=\"og:locale\" content=\"hr_HR\" \/>\n<meta property=\"og:type\" content=\"article\" \/>\n<meta property=\"og:title\" content=\"Ameri\u010dka mornarica ispalila raketu upozorenja prema iranskom vojnom gliseru - RADIO LJUBU\u0160KI\" \/>\n<meta property=\"og:description\" content=\"Brod ameri\u010dke mornarice ispalio je raketu upozorenja prema iranskom vojnom gliseru koji mu se pribli\u017eio u Hormu\u0161kom moreuzu, priop\u0107ila je Peta flota SAD. Incident u ponedjeljak u koji je umije\u0161an patrolni brod USS Sirocco dolazi usred tenzija dok zapadne sile i Islamska Republika nastoje spasiti svoj nuklearni sporazum iz 2015. godine. &#8211; Tri broda Mornarice [&hellip;]\" \/>\n<meta property=\"og:url\" content=\"https:\/\/radioljubuski.ba\/index.php\/2022\/06\/22\/americka-mornarica-ispalila-raketu-upozorenja-prema-iranskom-vojnom-gliseru\/\" \/>\n<meta property=\"og:site_name\" content=\"RADIO LJUBU\u0160KI\" \/>\n<meta property=\"article:publisher\" content=\"https:\/\/www.facebook.com\/Radiio-Ljubuski-1490835324566332\" \/>\n<meta property=\"article:published_time\" content=\"2022-06-22T12:42:37+00:00\" \/>\n<meta property=\"article:modified_time\" content=\"2022-06-22T12:42:38+00:00\" \/>\n<meta property=\"og:image\" content=\"https:\/\/radioljubuski.ba\/wp-content\/uploads\/2022\/06\/3-2022-06-21-16-27-52-l_a80874dc44c070e1d6e521cdcf846a31.jpg\" \/>\n\t<meta property=\"og:image:width\" content=\"1000\" \/>\n\t<meta property=\"og:image:height\" content=\"625\" \/>\n\t<meta property=\"og:image:type\" content=\"image\/jpeg\" \/>\n<meta name=\"author\" content=\"Radio Ljubu\u0161ki\" \/>\n<meta name=\"twitter:card\" content=\"summary_large_image\" \/>\n<meta name=\"twitter:creator\" content=\"@radioljubuski\" \/>\n<meta name=\"twitter:site\" content=\"@radioljubuski\" \/>\n<meta name=\"twitter:label1\" content=\"Napisao\/la\" \/>\n\t<meta name=\"twitter:data1\" content=\"Radio Ljubu\u0161ki\" \/>\n\t<meta name=\"twitter:label2\" content=\"Procijenjeno vrijeme \u010ditanja\" \/>\n\t<meta name=\"twitter:data2\" content=\"1 minuta\" \/>\n<script type=\"application\/ld+json\" class=\"yoast-schema-graph\">{\"@context\":\"https:\\\/\\\/schema.org\",\"@graph\":[{\"@type\":\"Article\",\"@id\":\"https:\\\/\\\/radioljubuski.ba\\\/index.php\\\/2022\\\/06\\\/22\\\/americka-mornarica-ispalila-raketu-upozorenja-prema-iranskom-vojnom-gliseru\\\/#article\",\"isPartOf\":{\"@id\":\"https:\\\/\\\/radioljubuski.ba\\\/index.php\\\/2022\\\/06\\\/22\\\/americka-mornarica-ispalila-raketu-upozorenja-prema-iranskom-vojnom-gliseru\\\/\"},\"author\":{\"name\":\"Radio Ljubu\u0161ki\",\"@id\":\"https:\\\/\\\/radioljubuski.ba\\\/#\\\/schema\\\/person\\\/19fc700381a780f69665d7956c469e3b\"},\"headline\":\"Ameri\u010dka mornarica ispalila raketu upozorenja prema iranskom vojnom gliseru\",\"datePublished\":\"2022-06-22T12:42:37+00:00\",\"dateModified\":\"2022-06-22T12:42:38+00:00\",\"mainEntityOfPage\":{\"@id\":\"https:\\\/\\\/radioljubuski.ba\\\/index.php\\\/2022\\\/06\\\/22\\\/americka-mornarica-ispalila-raketu-upozorenja-prema-iranskom-vojnom-gliseru\\\/\"},\"wordCount\":263,\"publisher\":{\"@id\":\"https:\\\/\\\/radioljubuski.ba\\\/#organization\"},\"image\":{\"@id\":\"https:\\\/\\\/radioljubuski.ba\\\/index.php\\\/2022\\\/06\\\/22\\\/americka-mornarica-ispalila-raketu-upozorenja-prema-iranskom-vojnom-gliseru\\\/#primaryimage\"},\"thumbnailUrl\":\"https:\\\/\\\/radioljubuski.ba\\\/wp-content\\\/uploads\\\/2022\\\/06\\\/3-2022-06-21-16-27-52-l_a80874dc44c070e1d6e521cdcf846a31.jpg\",\"articleSection\":[\"BIH i regija\"],\"inLanguage\":\"hr\"},{\"@type\":\"WebPage\",\"@id\":\"https:\\\/\\\/radioljubuski.ba\\\/index.php\\\/2022\\\/06\\\/22\\\/americka-mornarica-ispalila-raketu-upozorenja-prema-iranskom-vojnom-gliseru\\\/\",\"url\":\"https:\\\/\\\/radioljubuski.ba\\\/index.php\\\/2022\\\/06\\\/22\\\/americka-mornarica-ispalila-raketu-upozorenja-prema-iranskom-vojnom-gliseru\\\/\",\"name\":\"Ameri\u010dka mornarica ispalila raketu upozorenja prema iranskom vojnom gliseru - RADIO LJUBU\u0160KI\",\"isPartOf\":{\"@id\":\"https:\\\/\\\/radioljubuski.ba\\\/#website\"},\"primaryImageOfPage\":{\"@id\":\"https:\\\/\\\/radioljubuski.ba\\\/index.php\\\/2022\\\/06\\\/22\\\/americka-mornarica-ispalila-raketu-upozorenja-prema-iranskom-vojnom-gliseru\\\/#primaryimage\"},\"image\":{\"@id\":\"https:\\\/\\\/radioljubuski.ba\\\/index.php\\\/2022\\\/06\\\/22\\\/americka-mornarica-ispalila-raketu-upozorenja-prema-iranskom-vojnom-gliseru\\\/#primaryimage\"},\"thumbnailUrl\":\"https:\\\/\\\/radioljubuski.ba\\\/wp-content\\\/uploads\\\/2022\\\/06\\\/3-2022-06-21-16-27-52-l_a80874dc44c070e1d6e521cdcf846a31.jpg\",\"datePublished\":\"2022-06-22T12:42:37+00:00\",\"dateModified\":\"2022-06-22T12:42:38+00:00\",\"breadcrumb\":{\"@id\":\"https:\\\/\\\/radioljubuski.ba\\\/index.php\\\/2022\\\/06\\\/22\\\/americka-mornarica-ispalila-raketu-upozorenja-prema-iranskom-vojnom-gliseru\\\/#breadcrumb\"},\"inLanguage\":\"hr\",\"potentialAction\":[{\"@type\":\"ReadAction\",\"target\":[\"https:\\\/\\\/radioljubuski.ba\\\/index.php\\\/2022\\\/06\\\/22\\\/americka-mornarica-ispalila-raketu-upozorenja-prema-iranskom-vojnom-gliseru\\\/\"]}]},{\"@type\":\"ImageObject\",\"inLanguage\":\"hr\",\"@id\":\"https:\\\/\\\/radioljubuski.ba\\\/index.php\\\/2022\\\/06\\\/22\\\/americka-mornarica-ispalila-raketu-upozorenja-prema-iranskom-vojnom-gliseru\\\/#primaryimage\",\"url\":\"https:\\\/\\\/radioljubuski.ba\\\/wp-content\\\/uploads\\\/2022\\\/06\\\/3-2022-06-21-16-27-52-l_a80874dc44c070e1d6e521cdcf846a31.jpg\",\"contentUrl\":\"https:\\\/\\\/radioljubuski.ba\\\/wp-content\\\/uploads\\\/2022\\\/06\\\/3-2022-06-21-16-27-52-l_a80874dc44c070e1d6e521cdcf846a31.jpg\",\"width\":1000,\"height\":625},{\"@type\":\"BreadcrumbList\",\"@id\":\"https:\\\/\\\/radioljubuski.ba\\\/index.php\\\/2022\\\/06\\\/22\\\/americka-mornarica-ispalila-raketu-upozorenja-prema-iranskom-vojnom-gliseru\\\/#breadcrumb\",\"itemListElement\":[{\"@type\":\"ListItem\",\"position\":1,\"name\":\"Po\u010detna stranica\",\"item\":\"https:\\\/\\\/radioljubuski.ba\\\/\"},{\"@type\":\"ListItem\",\"position\":2,\"name\":\"Ameri\u010dka mornarica ispalila raketu upozorenja prema iranskom vojnom gliseru\"}]},{\"@type\":\"WebSite\",\"@id\":\"https:\\\/\\\/radioljubuski.ba\\\/#website\",\"url\":\"https:\\\/\\\/radioljubuski.ba\\\/\",\"name\":\"Radio Ljubu\u0161ki\",\"description\":\"Sun\u010dana frekvencija Hercegovine\",\"publisher\":{\"@id\":\"https:\\\/\\\/radioljubuski.ba\\\/#organization\"},\"potentialAction\":[{\"@type\":\"SearchAction\",\"target\":{\"@type\":\"EntryPoint\",\"urlTemplate\":\"https:\\\/\\\/radioljubuski.ba\\\/?s={search_term_string}\"},\"query-input\":{\"@type\":\"PropertyValueSpecification\",\"valueRequired\":true,\"valueName\":\"search_term_string\"}}],\"inLanguage\":\"hr\"},{\"@type\":\"Organization\",\"@id\":\"https:\\\/\\\/radioljubuski.ba\\\/#organization\",\"name\":\"Radio Ljubu\u0161ki\",\"url\":\"https:\\\/\\\/radioljubuski.ba\\\/\",\"logo\":{\"@type\":\"ImageObject\",\"inLanguage\":\"hr\",\"@id\":\"https:\\\/\\\/radioljubuski.ba\\\/#\\\/schema\\\/logo\\\/image\\\/\",\"url\":\"https:\\\/\\\/radioljubuski.ba\\\/wp-content\\\/uploads\\\/2021\\\/02\\\/cropped-Radio_Ljubuski_logo1.jpg\",\"contentUrl\":\"https:\\\/\\\/radioljubuski.ba\\\/wp-content\\\/uploads\\\/2021\\\/02\\\/cropped-Radio_Ljubuski_logo1.jpg\",\"width\":512,\"height\":512,\"caption\":\"Radio Ljubu\u0161ki\"},\"image\":{\"@id\":\"https:\\\/\\\/radioljubuski.ba\\\/#\\\/schema\\\/logo\\\/image\\\/\"},\"sameAs\":[\"https:\\\/\\\/www.facebook.com\\\/Radiio-Ljubuski-1490835324566332\",\"https:\\\/\\\/x.com\\\/radioljubuski\",\"https:\\\/\\\/hr.linkedin.com\\\/company\\\/radio-ljubuski\",\"https:\\\/\\\/www.youtube.com\\\/channel\\\/UCHYaeO_n0Db3tjNGudGpXyw\"]},{\"@type\":\"Person\",\"@id\":\"https:\\\/\\\/radioljubuski.ba\\\/#\\\/schema\\\/person\\\/19fc700381a780f69665d7956c469e3b\",\"name\":\"Radio Ljubu\u0161ki\"}]}<\/script>\n<!-- \/ Yoast SEO plugin. -->","yoast_head_json":{"title":"Ameri\u010dka mornarica ispalila raketu upozorenja prema iranskom vojnom gliseru - RADIO LJUBU\u0160KI","robots":{"index":"index","follow":"follow","max-snippet":"max-snippet:-1","max-image-preview":"max-image-preview:large","max-video-preview":"max-video-preview:-1"},"canonical":"https:\/\/radioljubuski.ba\/index.php\/2022\/06\/22\/americka-mornarica-ispalila-raketu-upozorenja-prema-iranskom-vojnom-gliseru\/","og_locale":"hr_HR","og_type":"article","og_title":"Ameri\u010dka mornarica ispalila raketu upozorenja prema iranskom vojnom gliseru - RADIO LJUBU\u0160KI","og_description":"Brod ameri\u010dke mornarice ispalio je raketu upozorenja prema iranskom vojnom gliseru koji mu se pribli\u017eio u Hormu\u0161kom moreuzu, priop\u0107ila je Peta flota SAD. Incident u ponedjeljak u koji je umije\u0161an patrolni brod USS Sirocco dolazi usred tenzija dok zapadne sile i Islamska Republika nastoje spasiti svoj nuklearni sporazum iz 2015. godine. &#8211; Tri broda Mornarice [&hellip;]","og_url":"https:\/\/radioljubuski.ba\/index.php\/2022\/06\/22\/americka-mornarica-ispalila-raketu-upozorenja-prema-iranskom-vojnom-gliseru\/","og_site_name":"RADIO LJUBU\u0160KI","article_publisher":"https:\/\/www.facebook.com\/Radiio-Ljubuski-1490835324566332","article_published_time":"2022-06-22T12:42:37+00:00","article_modified_time":"2022-06-22T12:42:38+00:00","og_image":[{"width":1000,"height":625,"url":"https:\/\/radioljubuski.ba\/wp-content\/uploads\/2022\/06\/3-2022-06-21-16-27-52-l_a80874dc44c070e1d6e521cdcf846a31.jpg","type":"image\/jpeg"}],"author":"Radio Ljubu\u0161ki","twitter_card":"summary_large_image","twitter_creator":"@radioljubuski","twitter_site":"@radioljubuski","twitter_misc":{"Napisao\/la":"Radio Ljubu\u0161ki","Procijenjeno vrijeme \u010ditanja":"1 minuta"},"schema":{"@context":"https:\/\/schema.org","@graph":[{"@type":"Article","@id":"https:\/\/radioljubuski.ba\/index.php\/2022\/06\/22\/americka-mornarica-ispalila-raketu-upozorenja-prema-iranskom-vojnom-gliseru\/#article","isPartOf":{"@id":"https:\/\/radioljubuski.ba\/index.php\/2022\/06\/22\/americka-mornarica-ispalila-raketu-upozorenja-prema-iranskom-vojnom-gliseru\/"},"author":{"name":"Radio Ljubu\u0161ki","@id":"https:\/\/radioljubuski.ba\/#\/schema\/person\/19fc700381a780f69665d7956c469e3b"},"headline":"Ameri\u010dka mornarica ispalila raketu upozorenja prema iranskom vojnom gliseru","datePublished":"2022-06-22T12:42:37+00:00","dateModified":"2022-06-22T12:42:38+00:00","mainEntityOfPage":{"@id":"https:\/\/radioljubuski.ba\/index.php\/2022\/06\/22\/americka-mornarica-ispalila-raketu-upozorenja-prema-iranskom-vojnom-gliseru\/"},"wordCount":263,"publisher":{"@id":"https:\/\/radioljubuski.ba\/#organization"},"image":{"@id":"https:\/\/radioljubuski.ba\/index.php\/2022\/06\/22\/americka-mornarica-ispalila-raketu-upozorenja-prema-iranskom-vojnom-gliseru\/#primaryimage"},"thumbnailUrl":"https:\/\/radioljubuski.ba\/wp-content\/uploads\/2022\/06\/3-2022-06-21-16-27-52-l_a80874dc44c070e1d6e521cdcf846a31.jpg","articleSection":["BIH i regija"],"inLanguage":"hr"},{"@type":"WebPage","@id":"https:\/\/radioljubuski.ba\/index.php\/2022\/06\/22\/americka-mornarica-ispalila-raketu-upozorenja-prema-iranskom-vojnom-gliseru\/","url":"https:\/\/radioljubuski.ba\/index.php\/2022\/06\/22\/americka-mornarica-ispalila-raketu-upozorenja-prema-iranskom-vojnom-gliseru\/","name":"Ameri\u010dka mornarica ispalila raketu upozorenja prema iranskom vojnom gliseru - RADIO LJUBU\u0160KI","isPartOf":{"@id":"https:\/\/radioljubuski.ba\/#website"},"primaryImageOfPage":{"@id":"https:\/\/radioljubuski.ba\/index.php\/2022\/06\/22\/americka-mornarica-ispalila-raketu-upozorenja-prema-iranskom-vojnom-gliseru\/#primaryimage"},"image":{"@id":"https:\/\/radioljubuski.ba\/index.php\/2022\/06\/22\/americka-mornarica-ispalila-raketu-upozorenja-prema-iranskom-vojnom-gliseru\/#primaryimage"},"thumbnailUrl":"https:\/\/radioljubuski.ba\/wp-content\/uploads\/2022\/06\/3-2022-06-21-16-27-52-l_a80874dc44c070e1d6e521cdcf846a31.jpg","datePublished":"2022-06-22T12:42:37+00:00","dateModified":"2022-06-22T12:42:38+00:00","breadcrumb":{"@id":"https:\/\/radioljubuski.ba\/index.php\/2022\/06\/22\/americka-mornarica-ispalila-raketu-upozorenja-prema-iranskom-vojnom-gliseru\/#breadcrumb"},"inLanguage":"hr","potentialAction":[{"@type":"ReadAction","target":["https:\/\/radioljubuski.ba\/index.php\/2022\/06\/22\/americka-mornarica-ispalila-raketu-upozorenja-prema-iranskom-vojnom-gliseru\/"]}]},{"@type":"ImageObject","inLanguage":"hr","@id":"https:\/\/radioljubuski.ba\/index.php\/2022\/06\/22\/americka-mornarica-ispalila-raketu-upozorenja-prema-iranskom-vojnom-gliseru\/#primaryimage","url":"https:\/\/radioljubuski.ba\/wp-content\/uploads\/2022\/06\/3-2022-06-21-16-27-52-l_a80874dc44c070e1d6e521cdcf846a31.jpg","contentUrl":"https:\/\/radioljubuski.ba\/wp-content\/uploads\/2022\/06\/3-2022-06-21-16-27-52-l_a80874dc44c070e1d6e521cdcf846a31.jpg","width":1000,"height":625},{"@type":"BreadcrumbList","@id":"https:\/\/radioljubuski.ba\/index.php\/2022\/06\/22\/americka-mornarica-ispalila-raketu-upozorenja-prema-iranskom-vojnom-gliseru\/#breadcrumb","itemListElement":[{"@type":"ListItem","position":1,"name":"Po\u010detna stranica","item":"https:\/\/radioljubuski.ba\/"},{"@type":"ListItem","position":2,"name":"Ameri\u010dka mornarica ispalila raketu upozorenja prema iranskom vojnom gliseru"}]},{"@type":"WebSite","@id":"https:\/\/radioljubuski.ba\/#website","url":"https:\/\/radioljubuski.ba\/","name":"Radio Ljubu\u0161ki","description":"Sun\u010dana frekvencija Hercegovine","publisher":{"@id":"https:\/\/radioljubuski.ba\/#organization"},"potentialAction":[{"@type":"SearchAction","target":{"@type":"EntryPoint","urlTemplate":"https:\/\/radioljubuski.ba\/?s={search_term_string}"},"query-input":{"@type":"PropertyValueSpecification","valueRequired":true,"valueName":"search_term_string"}}],"inLanguage":"hr"},{"@type":"Organization","@id":"https:\/\/radioljubuski.ba\/#organization","name":"Radio Ljubu\u0161ki","url":"https:\/\/radioljubuski.ba\/","logo":{"@type":"ImageObject","inLanguage":"hr","@id":"https:\/\/radioljubuski.ba\/#\/schema\/logo\/image\/","url":"https:\/\/radioljubuski.ba\/wp-content\/uploads\/2021\/02\/cropped-Radio_Ljubuski_logo1.jpg","contentUrl":"https:\/\/radioljubuski.ba\/wp-content\/uploads\/2021\/02\/cropped-Radio_Ljubuski_logo1.jpg","width":512,"height":512,"caption":"Radio Ljubu\u0161ki"},"image":{"@id":"https:\/\/radioljubuski.ba\/#\/schema\/logo\/image\/"},"sameAs":["https:\/\/www.facebook.com\/Radiio-Ljubuski-1490835324566332","https:\/\/x.com\/radioljubuski","https:\/\/hr.linkedin.com\/company\/radio-ljubuski","https:\/\/www.youtube.com\/channel\/UCHYaeO_n0Db3tjNGudGpXyw"]},{"@type":"Person","@id":"https:\/\/radioljubuski.ba\/#\/schema\/person\/19fc700381a780f69665d7956c469e3b","name":"Radio Ljubu\u0161ki"}]}},"_links":{"self":[{"href":"https:\/\/radioljubuski.ba\/index.php\/wp-json\/wp\/v2\/posts\/152104","targetHints":{"allow":["GET"]}}],"collection":[{"href":"https:\/\/radioljubuski.ba\/index.php\/wp-json\/wp\/v2\/posts"}],"about":[{"href":"https:\/\/radioljubuski.ba\/index.php\/wp-json\/wp\/v2\/types\/post"}],"author":[{"embeddable":true,"href":"https:\/\/radioljubuski.ba\/index.php\/wp-json\/wp\/v2\/users\/2"}],"replies":[{"embeddable":true,"href":"https:\/\/radioljubuski.ba\/index.php\/wp-json\/wp\/v2\/comments?post=152104"}],"version-history":[{"count":1,"href":"https:\/\/radioljubuski.ba\/index.php\/wp-json\/wp\/v2\/posts\/152104\/revisions"}],"predecessor-version":[{"id":152106,"href":"https:\/\/radioljubuski.ba\/index.php\/wp-json\/wp\/v2\/posts\/152104\/revisions\/152106"}],"wp:featuredmedia":[{"embeddable":true,"href":"https:\/\/radioljubuski.ba\/index.php\/wp-json\/wp\/v2\/media\/152105"}],"wp:attachment":[{"href":"https:\/\/radioljubuski.ba\/index.php\/wp-json\/wp\/v2\/media?parent=152104"}],"wp:term":[{"taxonomy":"category","embeddable":true,"href":"https:\/\/radioljubuski.ba\/index.php\/wp-json\/wp\/v2\/categories?post=152104"},{"taxonomy":"post_tag","embeddable":true,"href":"https:\/\/radioljubuski.ba\/index.php\/wp-json\/wp\/v2\/tags?post=152104"}],"curies":[{"name":"wp","href":"https:\/\/api.w.org\/{rel}","templated":true}]}}