{"id":152107,"date":"2022-06-22T13:43:54","date_gmt":"2022-06-22T12:43:54","guid":{"rendered":"https:\/\/radioljubuski.ba\/?p=152107"},"modified":"2022-06-22T13:43:56","modified_gmt":"2022-06-22T12:43:56","slug":"cjenik-u-splitskom-restoranu-sokirao-zenu-kad-sam-vidjela-koliko-kosta-omlet-prosla-me-glad","status":"publish","type":"post","link":"https:\/\/radioljubuski.ba\/index.php\/2022\/06\/22\/cjenik-u-splitskom-restoranu-sokirao-zenu-kad-sam-vidjela-koliko-kosta-omlet-prosla-me-glad\/","title":{"rendered":"Cjenik u splitskom restoranu \u0161okirao \u017eenu: \u2018Kad sam vidjela koliko ko\u0161ta omlet, pro\u0161la me glad\u2018"},"content":{"rendered":"\n<p>Spli\u0107ani su osjetiljivi na cijene u ugostiteljskim objektima tijekom turisti\u010dke sezone. Kako i ne bi bili, kad su razlike ljeti i u ostatku godine poprili\u010dno razli\u010dite.&nbsp;<\/p>\n\n\n\n<p>Svako ljeto ista pri\u010da, \u0161okiraju se na\u0161i \u010ditatelji cijenama i fotografiraju ra\u010dune. Tako smo prije nekoliko dana pisali o visokim cijenama kave na Ba\u010dvicama i \u017dnjanu. Na \u017dnjanu je jedan na\u0161 \u010ditatelj \u0161alicu omiljenog crnog napitka platio 22 kuna, a drugi na Ba\u010dvicama \u010dak 25 kuna.&nbsp;<\/p>\n\n\n\n<p>Ovog puta stigla nam je \u010ditateljska opaska vezano za hranu.<\/p>\n\n\n\n<p>&#8211; Na Vidilici sam popila kavu, a kako sam malo ogladnila odlu\u010dila sam provjeriti \u0161to se u meniju nudi. Kad sam vidjela da omlet ko\u0161ta 80 kuna, vrlo brzo me pro\u0161la glad &#8211; govori nam \u010ditateljica koja nas je obavijestila o cijeni doru\u010dka.&nbsp;<\/p>\n\n\n\n<p>Sla\u017ee se kako je rije\u010d o jednom od mjesta s najljep\u0161im pogledom na gradu, ali isti\u010de \u0161to je previ\u0161e, previ\u0161e je.&nbsp;<\/p>\n\n\n\n<p>Omlet sa \u0161unkom i sirom te cherry raj\u010dicama, uistinu ko\u0161ta 80 kuna, ali u cijenu je uklju\u010dena kava, sok i kruh \u0161to bitno mijenja situaciju.<\/p>\n\n\n\n<p>Na plo\u010di ispred Restorana Vidilica nazna\u010deno je da su u sve cijene doru\u010dka uklju\u010deni kava, sok i kruh \u0161to onda cijenu \u010dini razumnom. Ipak nije tako stra\u0161no kao \u0161to se na prvi pogled u\u010dinilo, javlja <a href=\"https:\/\/slobodnadalmacija.hr\/split\/prosla-me-glad-kad-sam-vidila-koliko-kosta-omlet-citateljica-se-prenerazila-kad-je-ugledala-cjenik-u-restoranu-s-najljepsim-pogledom-na-svijetu-i-sami-smo-bacili-oko-na-zlatni-meni-1202477\">Slobodna dalmacija<\/a>.<\/p>\n\n\n\n<p>Izvor:slobodnadalmacija.hr<\/p>\n","protected":false},"excerpt":{"rendered":"<p>Spli\u0107ani su osjetiljivi na cijene u ugostiteljskim objektima tijekom turisti\u010dke sezone. Kako i ne bi bili, kad su razlike ljeti i u ostatku godine poprili\u010dno razli\u010dite.&nbsp; Svako ljeto ista pri\u010da, \u0161okiraju se na\u0161i \u010ditatelji cijenama i fotografiraju ra\u010dune. Tako smo prije nekoliko dana pisali o visokim cijenama kave na Ba\u010dvicama i \u017dnjanu. Na \u017dnjanu je [&hellip;]<\/p>\n","protected":false},"author":2,"featured_media":152108,"comment_status":"closed","ping_status":"closed","sticky":false,"template":"","format":"standard","meta":{"h5ap_radio_sources":[],"footnotes":""},"categories":[1],"tags":[],"class_list":["post-152107","post","type-post","status-publish","format-standard","has-post-thumbnail","hentry","category-bihiregija"],"yoast_head":"<!-- This site is optimized with the Yoast SEO plugin v27.4 - https:\/\/yoast.com\/product\/yoast-seo-wordpress\/ -->\n<title>Cjenik u splitskom restoranu \u0161okirao \u017eenu: \u2018Kad sam vidjela koliko ko\u0161ta omlet, pro\u0161la me glad\u2018 - RADIO LJUBU\u0160KI<\/title>\n<meta name=\"robots\" content=\"index, follow, max-snippet:-1, max-image-preview:large, max-video-preview:-1\" \/>\n<link rel=\"canonical\" href=\"https:\/\/radioljubuski.ba\/index.php\/2022\/06\/22\/cjenik-u-splitskom-restoranu-sokirao-zenu-kad-sam-vidjela-koliko-kosta-omlet-prosla-me-glad\/\" \/>\n<meta property=\"og:locale\" content=\"hr_HR\" \/>\n<meta property=\"og:type\" content=\"article\" \/>\n<meta property=\"og:title\" content=\"Cjenik u splitskom restoranu \u0161okirao \u017eenu: \u2018Kad sam vidjela koliko ko\u0161ta omlet, pro\u0161la me glad\u2018 - RADIO LJUBU\u0160KI\" \/>\n<meta property=\"og:description\" content=\"Spli\u0107ani su osjetiljivi na cijene u ugostiteljskim objektima tijekom turisti\u010dke sezone. Kako i ne bi bili, kad su razlike ljeti i u ostatku godine poprili\u010dno razli\u010dite.&nbsp; Svako ljeto ista pri\u010da, \u0161okiraju se na\u0161i \u010ditatelji cijenama i fotografiraju ra\u010dune. Tako smo prije nekoliko dana pisali o visokim cijenama kave na Ba\u010dvicama i \u017dnjanu. Na \u017dnjanu je [&hellip;]\" \/>\n<meta property=\"og:url\" content=\"https:\/\/radioljubuski.ba\/index.php\/2022\/06\/22\/cjenik-u-splitskom-restoranu-sokirao-zenu-kad-sam-vidjela-koliko-kosta-omlet-prosla-me-glad\/\" \/>\n<meta property=\"og:site_name\" content=\"RADIO LJUBU\u0160KI\" \/>\n<meta property=\"article:publisher\" content=\"https:\/\/www.facebook.com\/Radiio-Ljubuski-1490835324566332\" \/>\n<meta property=\"article:published_time\" content=\"2022-06-22T12:43:54+00:00\" \/>\n<meta property=\"article:modified_time\" content=\"2022-06-22T12:43:56+00:00\" \/>\n<meta property=\"og:image\" content=\"https:\/\/radioljubuski.ba\/wp-content\/uploads\/2022\/06\/byALJ7lG_omlet.jpg\" \/>\n\t<meta property=\"og:image:width\" content=\"1000\" \/>\n\t<meta property=\"og:image:height\" content=\"625\" \/>\n\t<meta property=\"og:image:type\" content=\"image\/jpeg\" \/>\n<meta name=\"author\" content=\"Radio Ljubu\u0161ki\" \/>\n<meta name=\"twitter:card\" content=\"summary_large_image\" \/>\n<meta name=\"twitter:creator\" content=\"@radioljubuski\" \/>\n<meta name=\"twitter:site\" content=\"@radioljubuski\" \/>\n<meta name=\"twitter:label1\" content=\"Napisao\/la\" \/>\n\t<meta name=\"twitter:data1\" content=\"Radio Ljubu\u0161ki\" \/>\n\t<meta name=\"twitter:label2\" content=\"Procijenjeno vrijeme \u010ditanja\" \/>\n\t<meta name=\"twitter:data2\" content=\"1 minuta\" \/>\n<script type=\"application\/ld+json\" class=\"yoast-schema-graph\">{\"@context\":\"https:\\\/\\\/schema.org\",\"@graph\":[{\"@type\":\"Article\",\"@id\":\"https:\\\/\\\/radioljubuski.ba\\\/index.php\\\/2022\\\/06\\\/22\\\/cjenik-u-splitskom-restoranu-sokirao-zenu-kad-sam-vidjela-koliko-kosta-omlet-prosla-me-glad\\\/#article\",\"isPartOf\":{\"@id\":\"https:\\\/\\\/radioljubuski.ba\\\/index.php\\\/2022\\\/06\\\/22\\\/cjenik-u-splitskom-restoranu-sokirao-zenu-kad-sam-vidjela-koliko-kosta-omlet-prosla-me-glad\\\/\"},\"author\":{\"name\":\"Radio Ljubu\u0161ki\",\"@id\":\"https:\\\/\\\/radioljubuski.ba\\\/#\\\/schema\\\/person\\\/19fc700381a780f69665d7956c469e3b\"},\"headline\":\"Cjenik u splitskom restoranu \u0161okirao \u017eenu: \u2018Kad sam vidjela koliko ko\u0161ta omlet, pro\u0161la me glad\u2018\",\"datePublished\":\"2022-06-22T12:43:54+00:00\",\"dateModified\":\"2022-06-22T12:43:56+00:00\",\"mainEntityOfPage\":{\"@id\":\"https:\\\/\\\/radioljubuski.ba\\\/index.php\\\/2022\\\/06\\\/22\\\/cjenik-u-splitskom-restoranu-sokirao-zenu-kad-sam-vidjela-koliko-kosta-omlet-prosla-me-glad\\\/\"},\"wordCount\":255,\"publisher\":{\"@id\":\"https:\\\/\\\/radioljubuski.ba\\\/#organization\"},\"image\":{\"@id\":\"https:\\\/\\\/radioljubuski.ba\\\/index.php\\\/2022\\\/06\\\/22\\\/cjenik-u-splitskom-restoranu-sokirao-zenu-kad-sam-vidjela-koliko-kosta-omlet-prosla-me-glad\\\/#primaryimage\"},\"thumbnailUrl\":\"https:\\\/\\\/radioljubuski.ba\\\/wp-content\\\/uploads\\\/2022\\\/06\\\/byALJ7lG_omlet.jpg\",\"articleSection\":[\"BIH i regija\"],\"inLanguage\":\"hr\"},{\"@type\":\"WebPage\",\"@id\":\"https:\\\/\\\/radioljubuski.ba\\\/index.php\\\/2022\\\/06\\\/22\\\/cjenik-u-splitskom-restoranu-sokirao-zenu-kad-sam-vidjela-koliko-kosta-omlet-prosla-me-glad\\\/\",\"url\":\"https:\\\/\\\/radioljubuski.ba\\\/index.php\\\/2022\\\/06\\\/22\\\/cjenik-u-splitskom-restoranu-sokirao-zenu-kad-sam-vidjela-koliko-kosta-omlet-prosla-me-glad\\\/\",\"name\":\"Cjenik u splitskom restoranu \u0161okirao \u017eenu: \u2018Kad sam vidjela koliko ko\u0161ta omlet, pro\u0161la me glad\u2018 - RADIO LJUBU\u0160KI\",\"isPartOf\":{\"@id\":\"https:\\\/\\\/radioljubuski.ba\\\/#website\"},\"primaryImageOfPage\":{\"@id\":\"https:\\\/\\\/radioljubuski.ba\\\/index.php\\\/2022\\\/06\\\/22\\\/cjenik-u-splitskom-restoranu-sokirao-zenu-kad-sam-vidjela-koliko-kosta-omlet-prosla-me-glad\\\/#primaryimage\"},\"image\":{\"@id\":\"https:\\\/\\\/radioljubuski.ba\\\/index.php\\\/2022\\\/06\\\/22\\\/cjenik-u-splitskom-restoranu-sokirao-zenu-kad-sam-vidjela-koliko-kosta-omlet-prosla-me-glad\\\/#primaryimage\"},\"thumbnailUrl\":\"https:\\\/\\\/radioljubuski.ba\\\/wp-content\\\/uploads\\\/2022\\\/06\\\/byALJ7lG_omlet.jpg\",\"datePublished\":\"2022-06-22T12:43:54+00:00\",\"dateModified\":\"2022-06-22T12:43:56+00:00\",\"breadcrumb\":{\"@id\":\"https:\\\/\\\/radioljubuski.ba\\\/index.php\\\/2022\\\/06\\\/22\\\/cjenik-u-splitskom-restoranu-sokirao-zenu-kad-sam-vidjela-koliko-kosta-omlet-prosla-me-glad\\\/#breadcrumb\"},\"inLanguage\":\"hr\",\"potentialAction\":[{\"@type\":\"ReadAction\",\"target\":[\"https:\\\/\\\/radioljubuski.ba\\\/index.php\\\/2022\\\/06\\\/22\\\/cjenik-u-splitskom-restoranu-sokirao-zenu-kad-sam-vidjela-koliko-kosta-omlet-prosla-me-glad\\\/\"]}]},{\"@type\":\"ImageObject\",\"inLanguage\":\"hr\",\"@id\":\"https:\\\/\\\/radioljubuski.ba\\\/index.php\\\/2022\\\/06\\\/22\\\/cjenik-u-splitskom-restoranu-sokirao-zenu-kad-sam-vidjela-koliko-kosta-omlet-prosla-me-glad\\\/#primaryimage\",\"url\":\"https:\\\/\\\/radioljubuski.ba\\\/wp-content\\\/uploads\\\/2022\\\/06\\\/byALJ7lG_omlet.jpg\",\"contentUrl\":\"https:\\\/\\\/radioljubuski.ba\\\/wp-content\\\/uploads\\\/2022\\\/06\\\/byALJ7lG_omlet.jpg\",\"width\":1000,\"height\":625},{\"@type\":\"BreadcrumbList\",\"@id\":\"https:\\\/\\\/radioljubuski.ba\\\/index.php\\\/2022\\\/06\\\/22\\\/cjenik-u-splitskom-restoranu-sokirao-zenu-kad-sam-vidjela-koliko-kosta-omlet-prosla-me-glad\\\/#breadcrumb\",\"itemListElement\":[{\"@type\":\"ListItem\",\"position\":1,\"name\":\"Po\u010detna stranica\",\"item\":\"https:\\\/\\\/radioljubuski.ba\\\/\"},{\"@type\":\"ListItem\",\"position\":2,\"name\":\"Cjenik u splitskom restoranu \u0161okirao \u017eenu: \u2018Kad sam vidjela koliko ko\u0161ta omlet, pro\u0161la me glad\u2018\"}]},{\"@type\":\"WebSite\",\"@id\":\"https:\\\/\\\/radioljubuski.ba\\\/#website\",\"url\":\"https:\\\/\\\/radioljubuski.ba\\\/\",\"name\":\"Radio Ljubu\u0161ki\",\"description\":\"Sun\u010dana frekvencija Hercegovine\",\"publisher\":{\"@id\":\"https:\\\/\\\/radioljubuski.ba\\\/#organization\"},\"potentialAction\":[{\"@type\":\"SearchAction\",\"target\":{\"@type\":\"EntryPoint\",\"urlTemplate\":\"https:\\\/\\\/radioljubuski.ba\\\/?s={search_term_string}\"},\"query-input\":{\"@type\":\"PropertyValueSpecification\",\"valueRequired\":true,\"valueName\":\"search_term_string\"}}],\"inLanguage\":\"hr\"},{\"@type\":\"Organization\",\"@id\":\"https:\\\/\\\/radioljubuski.ba\\\/#organization\",\"name\":\"Radio Ljubu\u0161ki\",\"url\":\"https:\\\/\\\/radioljubuski.ba\\\/\",\"logo\":{\"@type\":\"ImageObject\",\"inLanguage\":\"hr\",\"@id\":\"https:\\\/\\\/radioljubuski.ba\\\/#\\\/schema\\\/logo\\\/image\\\/\",\"url\":\"https:\\\/\\\/radioljubuski.ba\\\/wp-content\\\/uploads\\\/2021\\\/02\\\/cropped-Radio_Ljubuski_logo1.jpg\",\"contentUrl\":\"https:\\\/\\\/radioljubuski.ba\\\/wp-content\\\/uploads\\\/2021\\\/02\\\/cropped-Radio_Ljubuski_logo1.jpg\",\"width\":512,\"height\":512,\"caption\":\"Radio Ljubu\u0161ki\"},\"image\":{\"@id\":\"https:\\\/\\\/radioljubuski.ba\\\/#\\\/schema\\\/logo\\\/image\\\/\"},\"sameAs\":[\"https:\\\/\\\/www.facebook.com\\\/Radiio-Ljubuski-1490835324566332\",\"https:\\\/\\\/x.com\\\/radioljubuski\",\"https:\\\/\\\/hr.linkedin.com\\\/company\\\/radio-ljubuski\",\"https:\\\/\\\/www.youtube.com\\\/channel\\\/UCHYaeO_n0Db3tjNGudGpXyw\"]},{\"@type\":\"Person\",\"@id\":\"https:\\\/\\\/radioljubuski.ba\\\/#\\\/schema\\\/person\\\/19fc700381a780f69665d7956c469e3b\",\"name\":\"Radio Ljubu\u0161ki\"}]}<\/script>\n<!-- \/ Yoast SEO plugin. -->","yoast_head_json":{"title":"Cjenik u splitskom restoranu \u0161okirao \u017eenu: \u2018Kad sam vidjela koliko ko\u0161ta omlet, pro\u0161la me glad\u2018 - RADIO LJUBU\u0160KI","robots":{"index":"index","follow":"follow","max-snippet":"max-snippet:-1","max-image-preview":"max-image-preview:large","max-video-preview":"max-video-preview:-1"},"canonical":"https:\/\/radioljubuski.ba\/index.php\/2022\/06\/22\/cjenik-u-splitskom-restoranu-sokirao-zenu-kad-sam-vidjela-koliko-kosta-omlet-prosla-me-glad\/","og_locale":"hr_HR","og_type":"article","og_title":"Cjenik u splitskom restoranu \u0161okirao \u017eenu: \u2018Kad sam vidjela koliko ko\u0161ta omlet, pro\u0161la me glad\u2018 - RADIO LJUBU\u0160KI","og_description":"Spli\u0107ani su osjetiljivi na cijene u ugostiteljskim objektima tijekom turisti\u010dke sezone. Kako i ne bi bili, kad su razlike ljeti i u ostatku godine poprili\u010dno razli\u010dite.&nbsp; Svako ljeto ista pri\u010da, \u0161okiraju se na\u0161i \u010ditatelji cijenama i fotografiraju ra\u010dune. Tako smo prije nekoliko dana pisali o visokim cijenama kave na Ba\u010dvicama i \u017dnjanu. Na \u017dnjanu je [&hellip;]","og_url":"https:\/\/radioljubuski.ba\/index.php\/2022\/06\/22\/cjenik-u-splitskom-restoranu-sokirao-zenu-kad-sam-vidjela-koliko-kosta-omlet-prosla-me-glad\/","og_site_name":"RADIO LJUBU\u0160KI","article_publisher":"https:\/\/www.facebook.com\/Radiio-Ljubuski-1490835324566332","article_published_time":"2022-06-22T12:43:54+00:00","article_modified_time":"2022-06-22T12:43:56+00:00","og_image":[{"width":1000,"height":625,"url":"https:\/\/radioljubuski.ba\/wp-content\/uploads\/2022\/06\/byALJ7lG_omlet.jpg","type":"image\/jpeg"}],"author":"Radio Ljubu\u0161ki","twitter_card":"summary_large_image","twitter_creator":"@radioljubuski","twitter_site":"@radioljubuski","twitter_misc":{"Napisao\/la":"Radio Ljubu\u0161ki","Procijenjeno vrijeme \u010ditanja":"1 minuta"},"schema":{"@context":"https:\/\/schema.org","@graph":[{"@type":"Article","@id":"https:\/\/radioljubuski.ba\/index.php\/2022\/06\/22\/cjenik-u-splitskom-restoranu-sokirao-zenu-kad-sam-vidjela-koliko-kosta-omlet-prosla-me-glad\/#article","isPartOf":{"@id":"https:\/\/radioljubuski.ba\/index.php\/2022\/06\/22\/cjenik-u-splitskom-restoranu-sokirao-zenu-kad-sam-vidjela-koliko-kosta-omlet-prosla-me-glad\/"},"author":{"name":"Radio Ljubu\u0161ki","@id":"https:\/\/radioljubuski.ba\/#\/schema\/person\/19fc700381a780f69665d7956c469e3b"},"headline":"Cjenik u splitskom restoranu \u0161okirao \u017eenu: \u2018Kad sam vidjela koliko ko\u0161ta omlet, pro\u0161la me glad\u2018","datePublished":"2022-06-22T12:43:54+00:00","dateModified":"2022-06-22T12:43:56+00:00","mainEntityOfPage":{"@id":"https:\/\/radioljubuski.ba\/index.php\/2022\/06\/22\/cjenik-u-splitskom-restoranu-sokirao-zenu-kad-sam-vidjela-koliko-kosta-omlet-prosla-me-glad\/"},"wordCount":255,"publisher":{"@id":"https:\/\/radioljubuski.ba\/#organization"},"image":{"@id":"https:\/\/radioljubuski.ba\/index.php\/2022\/06\/22\/cjenik-u-splitskom-restoranu-sokirao-zenu-kad-sam-vidjela-koliko-kosta-omlet-prosla-me-glad\/#primaryimage"},"thumbnailUrl":"https:\/\/radioljubuski.ba\/wp-content\/uploads\/2022\/06\/byALJ7lG_omlet.jpg","articleSection":["BIH i regija"],"inLanguage":"hr"},{"@type":"WebPage","@id":"https:\/\/radioljubuski.ba\/index.php\/2022\/06\/22\/cjenik-u-splitskom-restoranu-sokirao-zenu-kad-sam-vidjela-koliko-kosta-omlet-prosla-me-glad\/","url":"https:\/\/radioljubuski.ba\/index.php\/2022\/06\/22\/cjenik-u-splitskom-restoranu-sokirao-zenu-kad-sam-vidjela-koliko-kosta-omlet-prosla-me-glad\/","name":"Cjenik u splitskom restoranu \u0161okirao \u017eenu: \u2018Kad sam vidjela koliko ko\u0161ta omlet, pro\u0161la me glad\u2018 - RADIO LJUBU\u0160KI","isPartOf":{"@id":"https:\/\/radioljubuski.ba\/#website"},"primaryImageOfPage":{"@id":"https:\/\/radioljubuski.ba\/index.php\/2022\/06\/22\/cjenik-u-splitskom-restoranu-sokirao-zenu-kad-sam-vidjela-koliko-kosta-omlet-prosla-me-glad\/#primaryimage"},"image":{"@id":"https:\/\/radioljubuski.ba\/index.php\/2022\/06\/22\/cjenik-u-splitskom-restoranu-sokirao-zenu-kad-sam-vidjela-koliko-kosta-omlet-prosla-me-glad\/#primaryimage"},"thumbnailUrl":"https:\/\/radioljubuski.ba\/wp-content\/uploads\/2022\/06\/byALJ7lG_omlet.jpg","datePublished":"2022-06-22T12:43:54+00:00","dateModified":"2022-06-22T12:43:56+00:00","breadcrumb":{"@id":"https:\/\/radioljubuski.ba\/index.php\/2022\/06\/22\/cjenik-u-splitskom-restoranu-sokirao-zenu-kad-sam-vidjela-koliko-kosta-omlet-prosla-me-glad\/#breadcrumb"},"inLanguage":"hr","potentialAction":[{"@type":"ReadAction","target":["https:\/\/radioljubuski.ba\/index.php\/2022\/06\/22\/cjenik-u-splitskom-restoranu-sokirao-zenu-kad-sam-vidjela-koliko-kosta-omlet-prosla-me-glad\/"]}]},{"@type":"ImageObject","inLanguage":"hr","@id":"https:\/\/radioljubuski.ba\/index.php\/2022\/06\/22\/cjenik-u-splitskom-restoranu-sokirao-zenu-kad-sam-vidjela-koliko-kosta-omlet-prosla-me-glad\/#primaryimage","url":"https:\/\/radioljubuski.ba\/wp-content\/uploads\/2022\/06\/byALJ7lG_omlet.jpg","contentUrl":"https:\/\/radioljubuski.ba\/wp-content\/uploads\/2022\/06\/byALJ7lG_omlet.jpg","width":1000,"height":625},{"@type":"BreadcrumbList","@id":"https:\/\/radioljubuski.ba\/index.php\/2022\/06\/22\/cjenik-u-splitskom-restoranu-sokirao-zenu-kad-sam-vidjela-koliko-kosta-omlet-prosla-me-glad\/#breadcrumb","itemListElement":[{"@type":"ListItem","position":1,"name":"Po\u010detna stranica","item":"https:\/\/radioljubuski.ba\/"},{"@type":"ListItem","position":2,"name":"Cjenik u splitskom restoranu \u0161okirao \u017eenu: \u2018Kad sam vidjela koliko ko\u0161ta omlet, pro\u0161la me glad\u2018"}]},{"@type":"WebSite","@id":"https:\/\/radioljubuski.ba\/#website","url":"https:\/\/radioljubuski.ba\/","name":"Radio Ljubu\u0161ki","description":"Sun\u010dana frekvencija Hercegovine","publisher":{"@id":"https:\/\/radioljubuski.ba\/#organization"},"potentialAction":[{"@type":"SearchAction","target":{"@type":"EntryPoint","urlTemplate":"https:\/\/radioljubuski.ba\/?s={search_term_string}"},"query-input":{"@type":"PropertyValueSpecification","valueRequired":true,"valueName":"search_term_string"}}],"inLanguage":"hr"},{"@type":"Organization","@id":"https:\/\/radioljubuski.ba\/#organization","name":"Radio Ljubu\u0161ki","url":"https:\/\/radioljubuski.ba\/","logo":{"@type":"ImageObject","inLanguage":"hr","@id":"https:\/\/radioljubuski.ba\/#\/schema\/logo\/image\/","url":"https:\/\/radioljubuski.ba\/wp-content\/uploads\/2021\/02\/cropped-Radio_Ljubuski_logo1.jpg","contentUrl":"https:\/\/radioljubuski.ba\/wp-content\/uploads\/2021\/02\/cropped-Radio_Ljubuski_logo1.jpg","width":512,"height":512,"caption":"Radio Ljubu\u0161ki"},"image":{"@id":"https:\/\/radioljubuski.ba\/#\/schema\/logo\/image\/"},"sameAs":["https:\/\/www.facebook.com\/Radiio-Ljubuski-1490835324566332","https:\/\/x.com\/radioljubuski","https:\/\/hr.linkedin.com\/company\/radio-ljubuski","https:\/\/www.youtube.com\/channel\/UCHYaeO_n0Db3tjNGudGpXyw"]},{"@type":"Person","@id":"https:\/\/radioljubuski.ba\/#\/schema\/person\/19fc700381a780f69665d7956c469e3b","name":"Radio Ljubu\u0161ki"}]}},"_links":{"self":[{"href":"https:\/\/radioljubuski.ba\/index.php\/wp-json\/wp\/v2\/posts\/152107","targetHints":{"allow":["GET"]}}],"collection":[{"href":"https:\/\/radioljubuski.ba\/index.php\/wp-json\/wp\/v2\/posts"}],"about":[{"href":"https:\/\/radioljubuski.ba\/index.php\/wp-json\/wp\/v2\/types\/post"}],"author":[{"embeddable":true,"href":"https:\/\/radioljubuski.ba\/index.php\/wp-json\/wp\/v2\/users\/2"}],"replies":[{"embeddable":true,"href":"https:\/\/radioljubuski.ba\/index.php\/wp-json\/wp\/v2\/comments?post=152107"}],"version-history":[{"count":1,"href":"https:\/\/radioljubuski.ba\/index.php\/wp-json\/wp\/v2\/posts\/152107\/revisions"}],"predecessor-version":[{"id":152109,"href":"https:\/\/radioljubuski.ba\/index.php\/wp-json\/wp\/v2\/posts\/152107\/revisions\/152109"}],"wp:featuredmedia":[{"embeddable":true,"href":"https:\/\/radioljubuski.ba\/index.php\/wp-json\/wp\/v2\/media\/152108"}],"wp:attachment":[{"href":"https:\/\/radioljubuski.ba\/index.php\/wp-json\/wp\/v2\/media?parent=152107"}],"wp:term":[{"taxonomy":"category","embeddable":true,"href":"https:\/\/radioljubuski.ba\/index.php\/wp-json\/wp\/v2\/categories?post=152107"},{"taxonomy":"post_tag","embeddable":true,"href":"https:\/\/radioljubuski.ba\/index.php\/wp-json\/wp\/v2\/tags?post=152107"}],"curies":[{"name":"wp","href":"https:\/\/api.w.org\/{rel}","templated":true}]}}