{"id":152120,"date":"2022-06-22T13:51:51","date_gmt":"2022-06-22T12:51:51","guid":{"rendered":"https:\/\/radioljubuski.ba\/?p=152120"},"modified":"2022-06-22T13:51:52","modified_gmt":"2022-06-22T12:51:52","slug":"profesor-i-lijecnik-iz-sad-a-u-posjetu-skb-u-mostar-dizemo-zdravstveni-sustav-na-visu-razinu-video","status":"publish","type":"post","link":"https:\/\/radioljubuski.ba\/index.php\/2022\/06\/22\/profesor-i-lijecnik-iz-sad-a-u-posjetu-skb-u-mostar-dizemo-zdravstveni-sustav-na-visu-razinu-video\/","title":{"rendered":"Profesor i lije\u010dnik iz SAD-a u posjetu SKB-u Mostar: Di\u017eemo zdravstveni sustav na vi\u0161u razinu &#8211; video"},"content":{"rendered":"\n<p>Ognjen Gaji\u0107, sveu\u010dili\u0161ni profesor, pulmolog i specijalist intenzivne njege Odjela za plu\u0107nu medicinu na klinici Mayo u Rochesteru, Minnesota u SAD-u, a ina\u010de rodom iz Sarajeva, boravio je u utorak u Sveu\u010dili\u0161noj klini\u010dkoj bolnici Mostar izraziv\u0161i ponos zbog suradnje ovih dvaju bolnica.<\/p>\n\n\n\n<p>On je kazao kako je Svjetska zdravstvena organizacija pokrovitelj CERTAIN programa koji provodi edukaciju i popravak kvaliteta intenzivnog lije\u010denja, a da su u tom programu sudjelovali SKB Mostar, UKC Banja Luka, UKC Sarajevo, Op\u0107a bolnica Sarajevo i UKC Tuzla.<\/p>\n\n\n\n<p>-To je jedna mlada disciplina koja se razvija, a s Covidom smo tek vidjeli koliko je velik broj bolesnika bio na respiratorima u kriti\u010dnom stanju. Ponosan sam na suradnju, a naro\u010dito na na\u010din kako su kolege iz SKB-a Mostar tomu pristupili ozbiljno u okolnostima u kojima je svima bilo te\u0161ko posti\u0107i zavidne rezultate i krenuti s daljim razvojem tog multidisciplinarnog pristupa lije\u010denju za \u0161to bolji ishod lije\u010denja onih najte\u017eih bolesnika \u2013 dodao je Gaji\u0107.<\/p>\n\n\n\n<p>Isti\u010de kako je rije\u010d o dvosmjernoj suradnji koja je svima od velikoga zna\u010daja.<\/p>\n\n\n\n<p>-Kroz ne\u0161to \u0161to smo nau\u010dili rade\u0107i s kolegama iz Mostara, ali i drugima iz BiH, to smo primijenili i u Ukrajini poma\u017eu\u0107i velikom broju anesteziologa, koji su preplavljeni povrije\u0111enim pacijentima, da im omogu\u0107e najbolju skrb \u2013 otkrio je on.<\/p>\n\n\n\n<p>U ovom CERTAIN programu sudjelovalo je 20 lije\u010dnika iz SKB-a Mostar, kazala je Kristina Gali\u0107, zamjenica ravnatelja i pro\u010delnica Odjela za plu\u0107ne bolesti i TBC u SKB-u Mostar.<\/p>\n\n\n\n<p>-U taj su program bili uklju\u010deni specijalisti anestezije, ali i drugih internisti\u010dkih specijalizacija, infektologije, pulmologije, neurologije. To \u0107e doprinijeti razvoju jednog druga\u010dijeg pristupa intenzivnom lije\u010denju, odnosno unaprije\u0111enju skrbi bolesnika \u2013 smatra Gali\u0107.<\/p>\n\n\n\n<p>Navodi kako je zbrinjavanje akutnog bolesnika, \u017eivotno ugro\u017eenog bolesnika i danas najve\u0107i izazov u klini\u010dkoj medicini.<\/p>\n\n\n\n<p>-Upravo ovaj multidisciplinarni pristup stavlja pred nas nove izazove u samoj organizaciji jedinica intenzivnog lije\u010denja, ali isto tako imamo odre\u0111ene imperative u nastavku jedne kontinuirane profesionalne edukacije medicinskog kadra u svrhu pobolj\u0161anja skrbi bolesnika \u2013 rekla je ona.<\/p>\n\n\n\n<p>Izrazila je nadu u dalji napredak u zbrinjavanju akutnih bolesnika te u razvoju novih modaliteta pristupa, dijagnosti\u010dkih i terapijskih u intenzivnoj skrbi.<\/p>\n\n\n\n<p>Gali\u0107 je poru\u010dila kako je Sveu\u010dili\u0161na klini\u010dka bolnica Mostar s ovim programom jako profitirala.<\/p>\n\n\n\n<iframe loading=\"lazy\" title=\"Profesor i lije\u010dnik iz klinike Mayo iz SAD-a u posjeti SKB-u\" width=\"640\" height=\"360\" src=\"https:\/\/www.youtube.com\/embed\/3KyOCj2i9OU?feature=oembed\" frameborder=\"0\" allow=\"accelerometer; autoplay; clipboard-write; encrypted-media; gyroscope; picture-in-picture; web-share\" referrerpolicy=\"strict-origin-when-cross-origin\" allowfullscreen><\/iframe>\n\n\n\n<p>-I ja sam tako\u0111er aktivni sudionik tog programa i mogu izraziti veliko zadovoljstvo zbog znanja koje sam stekla i novim inicijativama koje se ra\u0111aju nakon ovoga \u2013 podvukla je ona.<\/p>\n\n\n\n<p>Manja Spahali\u0107, specijalistica anestezije i reanimacije poru\u010dila je kako je Respiracijski centar &#8211; covid, kroz koji je u protekle dvije godine pro\u0161lo tisu\u0107u bolesnika, reorganiziran u Jedinicu intenzivnog lije\u010denja 2 kojemu je ona ujedno voditeljica.<\/p>\n\n\n\n<p>-To je jedinica intenzivne skrbi koja je predodre\u0111ena za bolesnike koji zahtijevaju akutno i hitno zbrinjavanje te mehani\u010dku ventilaciju, a oni su internisti\u010dkih grana, zna\u010di infektolo\u0161ki, neurolo\u0161ki, pulmolo\u0161ki i drugi bolesnici. Na\u0161a jedinica se sada, nakon edukacije s Mayo klinikom podigla na novu razinu. Prostor smo pro\u0161irili za 13 kreveta za vitalno ugro\u017eene bolesnike \u2013 objasnila je Spahali\u0107.<\/p>\n\n\n\n<p>Jo\u0161 je naglasila kako je profesor Gaji\u0107 od prvoga dana bio dostupan lije\u010dnicima za sve vrste konzultacija te kako su ga \u010desto kontaktirali kada je u pitanju bilo lije\u010denje te\u017eih bolesnika.<\/p>\n\n\n\n<p>-Svi na\u0161i bolesnici su zasebne jedinke, svi oni zahtijevaju individualni pristup. Medicina je ne\u0161to \u0161to se lako \u010dita i nau\u010di, ali interpretacija i prilagodba svakom bolesniku su ne\u0161to vi\u0161e zahtjevni. Zbog toga smo prisvojili pristup profesora Gaji\u0107a &#8216;less is more&#8217;. \u0160to manje stvari uradimo i \u0161to manje kompliciramo, maksimalno provodimo. Tako smo uspjeli reducirati suvi\u0161nu terapiju i suvi\u0161ne dijagnosti\u010dke procedure \u2013 kazala je Spahali\u0107.<\/p>\n\n\n\n<p>Profesor Gaji\u0107 na kraju je dodao da \u0107e znanje i iskustvo koje su kolege stekle biti korisno za sva iskustva lije\u010denja raka, krvarenja, ciroze jetre i lije\u010denju virusa.<\/p>\n\n\n\n<p>-Gra\u0111ani Mostara moraju biti sretni jer imaju lije\u010dnike kao \u0161to je doktorica Spahali\u0107 i njezin tim lije\u010dnika i sestara koji su dali sve od sebe tijekom dvije godine pandemije za \u0161to bolji ishod najte\u017eih pacijenata, trude\u0107i se da cijelo vrijeme budu samo bolji \u2013 zaklju\u010dio je Gaji\u0107.<\/p>\n\n\n\n<p>Izvor.pogled.ba<\/p>\n","protected":false},"excerpt":{"rendered":"<p>Ognjen Gaji\u0107, sveu\u010dili\u0161ni profesor, pulmolog i specijalist intenzivne njege Odjela za plu\u0107nu medicinu na klinici Mayo u Rochesteru, Minnesota u SAD-u, a ina\u010de rodom iz Sarajeva, boravio je u utorak u Sveu\u010dili\u0161noj klini\u010dkoj bolnici Mostar izraziv\u0161i ponos zbog suradnje ovih dvaju bolnica. On je kazao kako je Svjetska zdravstvena organizacija pokrovitelj CERTAIN programa koji provodi [&hellip;]<\/p>\n","protected":false},"author":2,"featured_media":152121,"comment_status":"closed","ping_status":"closed","sticky":false,"template":"","format":"standard","meta":{"h5ap_radio_sources":[],"footnotes":""},"categories":[1],"tags":[],"class_list":["post-152120","post","type-post","status-publish","format-standard","has-post-thumbnail","hentry","category-bihiregija"],"yoast_head":"<!-- This site is optimized with the Yoast SEO plugin v27.4 - https:\/\/yoast.com\/product\/yoast-seo-wordpress\/ -->\n<title>Profesor i lije\u010dnik iz SAD-a u posjetu SKB-u Mostar: Di\u017eemo zdravstveni sustav na vi\u0161u razinu - video - RADIO LJUBU\u0160KI<\/title>\n<meta name=\"robots\" content=\"index, follow, max-snippet:-1, max-image-preview:large, max-video-preview:-1\" \/>\n<link rel=\"canonical\" href=\"https:\/\/radioljubuski.ba\/index.php\/2022\/06\/22\/profesor-i-lijecnik-iz-sad-a-u-posjetu-skb-u-mostar-dizemo-zdravstveni-sustav-na-visu-razinu-video\/\" \/>\n<meta property=\"og:locale\" content=\"hr_HR\" \/>\n<meta property=\"og:type\" content=\"article\" \/>\n<meta property=\"og:title\" content=\"Profesor i lije\u010dnik iz SAD-a u posjetu SKB-u Mostar: Di\u017eemo zdravstveni sustav na vi\u0161u razinu - video - RADIO LJUBU\u0160KI\" \/>\n<meta property=\"og:description\" content=\"Ognjen Gaji\u0107, sveu\u010dili\u0161ni profesor, pulmolog i specijalist intenzivne njege Odjela za plu\u0107nu medicinu na klinici Mayo u Rochesteru, Minnesota u SAD-u, a ina\u010de rodom iz Sarajeva, boravio je u utorak u Sveu\u010dili\u0161noj klini\u010dkoj bolnici Mostar izraziv\u0161i ponos zbog suradnje ovih dvaju bolnica. On je kazao kako je Svjetska zdravstvena organizacija pokrovitelj CERTAIN programa koji provodi [&hellip;]\" \/>\n<meta property=\"og:url\" content=\"https:\/\/radioljubuski.ba\/index.php\/2022\/06\/22\/profesor-i-lijecnik-iz-sad-a-u-posjetu-skb-u-mostar-dizemo-zdravstveni-sustav-na-visu-razinu-video\/\" \/>\n<meta property=\"og:site_name\" content=\"RADIO LJUBU\u0160KI\" \/>\n<meta property=\"article:publisher\" content=\"https:\/\/www.facebook.com\/Radiio-Ljubuski-1490835324566332\" \/>\n<meta property=\"article:published_time\" content=\"2022-06-22T12:51:51+00:00\" \/>\n<meta property=\"article:modified_time\" content=\"2022-06-22T12:51:52+00:00\" \/>\n<meta property=\"og:image\" content=\"https:\/\/radioljubuski.ba\/wp-content\/uploads\/2022\/06\/2-2022-06-21-17-35-16-galic.jpg\" \/>\n\t<meta property=\"og:image:width\" content=\"1000\" \/>\n\t<meta property=\"og:image:height\" content=\"625\" \/>\n\t<meta property=\"og:image:type\" content=\"image\/jpeg\" \/>\n<meta name=\"author\" content=\"Radio Ljubu\u0161ki\" \/>\n<meta name=\"twitter:card\" content=\"summary_large_image\" \/>\n<meta name=\"twitter:creator\" content=\"@radioljubuski\" \/>\n<meta name=\"twitter:site\" content=\"@radioljubuski\" \/>\n<meta name=\"twitter:label1\" content=\"Napisao\/la\" \/>\n\t<meta name=\"twitter:data1\" content=\"Radio Ljubu\u0161ki\" \/>\n\t<meta name=\"twitter:label2\" content=\"Procijenjeno vrijeme \u010ditanja\" \/>\n\t<meta name=\"twitter:data2\" content=\"3 minute\" \/>\n<script type=\"application\/ld+json\" class=\"yoast-schema-graph\">{\"@context\":\"https:\\\/\\\/schema.org\",\"@graph\":[{\"@type\":\"Article\",\"@id\":\"https:\\\/\\\/radioljubuski.ba\\\/index.php\\\/2022\\\/06\\\/22\\\/profesor-i-lijecnik-iz-sad-a-u-posjetu-skb-u-mostar-dizemo-zdravstveni-sustav-na-visu-razinu-video\\\/#article\",\"isPartOf\":{\"@id\":\"https:\\\/\\\/radioljubuski.ba\\\/index.php\\\/2022\\\/06\\\/22\\\/profesor-i-lijecnik-iz-sad-a-u-posjetu-skb-u-mostar-dizemo-zdravstveni-sustav-na-visu-razinu-video\\\/\"},\"author\":{\"name\":\"Radio Ljubu\u0161ki\",\"@id\":\"https:\\\/\\\/radioljubuski.ba\\\/#\\\/schema\\\/person\\\/19fc700381a780f69665d7956c469e3b\"},\"headline\":\"Profesor i lije\u010dnik iz SAD-a u posjetu SKB-u Mostar: Di\u017eemo zdravstveni sustav na vi\u0161u razinu &#8211; video\",\"datePublished\":\"2022-06-22T12:51:51+00:00\",\"dateModified\":\"2022-06-22T12:51:52+00:00\",\"mainEntityOfPage\":{\"@id\":\"https:\\\/\\\/radioljubuski.ba\\\/index.php\\\/2022\\\/06\\\/22\\\/profesor-i-lijecnik-iz-sad-a-u-posjetu-skb-u-mostar-dizemo-zdravstveni-sustav-na-visu-razinu-video\\\/\"},\"wordCount\":753,\"publisher\":{\"@id\":\"https:\\\/\\\/radioljubuski.ba\\\/#organization\"},\"image\":{\"@id\":\"https:\\\/\\\/radioljubuski.ba\\\/index.php\\\/2022\\\/06\\\/22\\\/profesor-i-lijecnik-iz-sad-a-u-posjetu-skb-u-mostar-dizemo-zdravstveni-sustav-na-visu-razinu-video\\\/#primaryimage\"},\"thumbnailUrl\":\"https:\\\/\\\/radioljubuski.ba\\\/wp-content\\\/uploads\\\/2022\\\/06\\\/2-2022-06-21-17-35-16-galic.jpg\",\"articleSection\":[\"BIH i regija\"],\"inLanguage\":\"hr\"},{\"@type\":\"WebPage\",\"@id\":\"https:\\\/\\\/radioljubuski.ba\\\/index.php\\\/2022\\\/06\\\/22\\\/profesor-i-lijecnik-iz-sad-a-u-posjetu-skb-u-mostar-dizemo-zdravstveni-sustav-na-visu-razinu-video\\\/\",\"url\":\"https:\\\/\\\/radioljubuski.ba\\\/index.php\\\/2022\\\/06\\\/22\\\/profesor-i-lijecnik-iz-sad-a-u-posjetu-skb-u-mostar-dizemo-zdravstveni-sustav-na-visu-razinu-video\\\/\",\"name\":\"Profesor i lije\u010dnik iz SAD-a u posjetu SKB-u Mostar: Di\u017eemo zdravstveni sustav na vi\u0161u razinu - video - RADIO LJUBU\u0160KI\",\"isPartOf\":{\"@id\":\"https:\\\/\\\/radioljubuski.ba\\\/#website\"},\"primaryImageOfPage\":{\"@id\":\"https:\\\/\\\/radioljubuski.ba\\\/index.php\\\/2022\\\/06\\\/22\\\/profesor-i-lijecnik-iz-sad-a-u-posjetu-skb-u-mostar-dizemo-zdravstveni-sustav-na-visu-razinu-video\\\/#primaryimage\"},\"image\":{\"@id\":\"https:\\\/\\\/radioljubuski.ba\\\/index.php\\\/2022\\\/06\\\/22\\\/profesor-i-lijecnik-iz-sad-a-u-posjetu-skb-u-mostar-dizemo-zdravstveni-sustav-na-visu-razinu-video\\\/#primaryimage\"},\"thumbnailUrl\":\"https:\\\/\\\/radioljubuski.ba\\\/wp-content\\\/uploads\\\/2022\\\/06\\\/2-2022-06-21-17-35-16-galic.jpg\",\"datePublished\":\"2022-06-22T12:51:51+00:00\",\"dateModified\":\"2022-06-22T12:51:52+00:00\",\"breadcrumb\":{\"@id\":\"https:\\\/\\\/radioljubuski.ba\\\/index.php\\\/2022\\\/06\\\/22\\\/profesor-i-lijecnik-iz-sad-a-u-posjetu-skb-u-mostar-dizemo-zdravstveni-sustav-na-visu-razinu-video\\\/#breadcrumb\"},\"inLanguage\":\"hr\",\"potentialAction\":[{\"@type\":\"ReadAction\",\"target\":[\"https:\\\/\\\/radioljubuski.ba\\\/index.php\\\/2022\\\/06\\\/22\\\/profesor-i-lijecnik-iz-sad-a-u-posjetu-skb-u-mostar-dizemo-zdravstveni-sustav-na-visu-razinu-video\\\/\"]}]},{\"@type\":\"ImageObject\",\"inLanguage\":\"hr\",\"@id\":\"https:\\\/\\\/radioljubuski.ba\\\/index.php\\\/2022\\\/06\\\/22\\\/profesor-i-lijecnik-iz-sad-a-u-posjetu-skb-u-mostar-dizemo-zdravstveni-sustav-na-visu-razinu-video\\\/#primaryimage\",\"url\":\"https:\\\/\\\/radioljubuski.ba\\\/wp-content\\\/uploads\\\/2022\\\/06\\\/2-2022-06-21-17-35-16-galic.jpg\",\"contentUrl\":\"https:\\\/\\\/radioljubuski.ba\\\/wp-content\\\/uploads\\\/2022\\\/06\\\/2-2022-06-21-17-35-16-galic.jpg\",\"width\":1000,\"height\":625},{\"@type\":\"BreadcrumbList\",\"@id\":\"https:\\\/\\\/radioljubuski.ba\\\/index.php\\\/2022\\\/06\\\/22\\\/profesor-i-lijecnik-iz-sad-a-u-posjetu-skb-u-mostar-dizemo-zdravstveni-sustav-na-visu-razinu-video\\\/#breadcrumb\",\"itemListElement\":[{\"@type\":\"ListItem\",\"position\":1,\"name\":\"Po\u010detna stranica\",\"item\":\"https:\\\/\\\/radioljubuski.ba\\\/\"},{\"@type\":\"ListItem\",\"position\":2,\"name\":\"Profesor i lije\u010dnik iz SAD-a u posjetu SKB-u Mostar: Di\u017eemo zdravstveni sustav na vi\u0161u razinu &#8211; video\"}]},{\"@type\":\"WebSite\",\"@id\":\"https:\\\/\\\/radioljubuski.ba\\\/#website\",\"url\":\"https:\\\/\\\/radioljubuski.ba\\\/\",\"name\":\"Radio Ljubu\u0161ki\",\"description\":\"Sun\u010dana frekvencija Hercegovine\",\"publisher\":{\"@id\":\"https:\\\/\\\/radioljubuski.ba\\\/#organization\"},\"potentialAction\":[{\"@type\":\"SearchAction\",\"target\":{\"@type\":\"EntryPoint\",\"urlTemplate\":\"https:\\\/\\\/radioljubuski.ba\\\/?s={search_term_string}\"},\"query-input\":{\"@type\":\"PropertyValueSpecification\",\"valueRequired\":true,\"valueName\":\"search_term_string\"}}],\"inLanguage\":\"hr\"},{\"@type\":\"Organization\",\"@id\":\"https:\\\/\\\/radioljubuski.ba\\\/#organization\",\"name\":\"Radio Ljubu\u0161ki\",\"url\":\"https:\\\/\\\/radioljubuski.ba\\\/\",\"logo\":{\"@type\":\"ImageObject\",\"inLanguage\":\"hr\",\"@id\":\"https:\\\/\\\/radioljubuski.ba\\\/#\\\/schema\\\/logo\\\/image\\\/\",\"url\":\"https:\\\/\\\/radioljubuski.ba\\\/wp-content\\\/uploads\\\/2021\\\/02\\\/cropped-Radio_Ljubuski_logo1.jpg\",\"contentUrl\":\"https:\\\/\\\/radioljubuski.ba\\\/wp-content\\\/uploads\\\/2021\\\/02\\\/cropped-Radio_Ljubuski_logo1.jpg\",\"width\":512,\"height\":512,\"caption\":\"Radio Ljubu\u0161ki\"},\"image\":{\"@id\":\"https:\\\/\\\/radioljubuski.ba\\\/#\\\/schema\\\/logo\\\/image\\\/\"},\"sameAs\":[\"https:\\\/\\\/www.facebook.com\\\/Radiio-Ljubuski-1490835324566332\",\"https:\\\/\\\/x.com\\\/radioljubuski\",\"https:\\\/\\\/hr.linkedin.com\\\/company\\\/radio-ljubuski\",\"https:\\\/\\\/www.youtube.com\\\/channel\\\/UCHYaeO_n0Db3tjNGudGpXyw\"]},{\"@type\":\"Person\",\"@id\":\"https:\\\/\\\/radioljubuski.ba\\\/#\\\/schema\\\/person\\\/19fc700381a780f69665d7956c469e3b\",\"name\":\"Radio Ljubu\u0161ki\"}]}<\/script>\n<!-- \/ Yoast SEO plugin. -->","yoast_head_json":{"title":"Profesor i lije\u010dnik iz SAD-a u posjetu SKB-u Mostar: Di\u017eemo zdravstveni sustav na vi\u0161u razinu - video - RADIO LJUBU\u0160KI","robots":{"index":"index","follow":"follow","max-snippet":"max-snippet:-1","max-image-preview":"max-image-preview:large","max-video-preview":"max-video-preview:-1"},"canonical":"https:\/\/radioljubuski.ba\/index.php\/2022\/06\/22\/profesor-i-lijecnik-iz-sad-a-u-posjetu-skb-u-mostar-dizemo-zdravstveni-sustav-na-visu-razinu-video\/","og_locale":"hr_HR","og_type":"article","og_title":"Profesor i lije\u010dnik iz SAD-a u posjetu SKB-u Mostar: Di\u017eemo zdravstveni sustav na vi\u0161u razinu - video - RADIO LJUBU\u0160KI","og_description":"Ognjen Gaji\u0107, sveu\u010dili\u0161ni profesor, pulmolog i specijalist intenzivne njege Odjela za plu\u0107nu medicinu na klinici Mayo u Rochesteru, Minnesota u SAD-u, a ina\u010de rodom iz Sarajeva, boravio je u utorak u Sveu\u010dili\u0161noj klini\u010dkoj bolnici Mostar izraziv\u0161i ponos zbog suradnje ovih dvaju bolnica. On je kazao kako je Svjetska zdravstvena organizacija pokrovitelj CERTAIN programa koji provodi [&hellip;]","og_url":"https:\/\/radioljubuski.ba\/index.php\/2022\/06\/22\/profesor-i-lijecnik-iz-sad-a-u-posjetu-skb-u-mostar-dizemo-zdravstveni-sustav-na-visu-razinu-video\/","og_site_name":"RADIO LJUBU\u0160KI","article_publisher":"https:\/\/www.facebook.com\/Radiio-Ljubuski-1490835324566332","article_published_time":"2022-06-22T12:51:51+00:00","article_modified_time":"2022-06-22T12:51:52+00:00","og_image":[{"width":1000,"height":625,"url":"https:\/\/radioljubuski.ba\/wp-content\/uploads\/2022\/06\/2-2022-06-21-17-35-16-galic.jpg","type":"image\/jpeg"}],"author":"Radio Ljubu\u0161ki","twitter_card":"summary_large_image","twitter_creator":"@radioljubuski","twitter_site":"@radioljubuski","twitter_misc":{"Napisao\/la":"Radio Ljubu\u0161ki","Procijenjeno vrijeme \u010ditanja":"3 minute"},"schema":{"@context":"https:\/\/schema.org","@graph":[{"@type":"Article","@id":"https:\/\/radioljubuski.ba\/index.php\/2022\/06\/22\/profesor-i-lijecnik-iz-sad-a-u-posjetu-skb-u-mostar-dizemo-zdravstveni-sustav-na-visu-razinu-video\/#article","isPartOf":{"@id":"https:\/\/radioljubuski.ba\/index.php\/2022\/06\/22\/profesor-i-lijecnik-iz-sad-a-u-posjetu-skb-u-mostar-dizemo-zdravstveni-sustav-na-visu-razinu-video\/"},"author":{"name":"Radio Ljubu\u0161ki","@id":"https:\/\/radioljubuski.ba\/#\/schema\/person\/19fc700381a780f69665d7956c469e3b"},"headline":"Profesor i lije\u010dnik iz SAD-a u posjetu SKB-u Mostar: Di\u017eemo zdravstveni sustav na vi\u0161u razinu &#8211; video","datePublished":"2022-06-22T12:51:51+00:00","dateModified":"2022-06-22T12:51:52+00:00","mainEntityOfPage":{"@id":"https:\/\/radioljubuski.ba\/index.php\/2022\/06\/22\/profesor-i-lijecnik-iz-sad-a-u-posjetu-skb-u-mostar-dizemo-zdravstveni-sustav-na-visu-razinu-video\/"},"wordCount":753,"publisher":{"@id":"https:\/\/radioljubuski.ba\/#organization"},"image":{"@id":"https:\/\/radioljubuski.ba\/index.php\/2022\/06\/22\/profesor-i-lijecnik-iz-sad-a-u-posjetu-skb-u-mostar-dizemo-zdravstveni-sustav-na-visu-razinu-video\/#primaryimage"},"thumbnailUrl":"https:\/\/radioljubuski.ba\/wp-content\/uploads\/2022\/06\/2-2022-06-21-17-35-16-galic.jpg","articleSection":["BIH i regija"],"inLanguage":"hr"},{"@type":"WebPage","@id":"https:\/\/radioljubuski.ba\/index.php\/2022\/06\/22\/profesor-i-lijecnik-iz-sad-a-u-posjetu-skb-u-mostar-dizemo-zdravstveni-sustav-na-visu-razinu-video\/","url":"https:\/\/radioljubuski.ba\/index.php\/2022\/06\/22\/profesor-i-lijecnik-iz-sad-a-u-posjetu-skb-u-mostar-dizemo-zdravstveni-sustav-na-visu-razinu-video\/","name":"Profesor i lije\u010dnik iz SAD-a u posjetu SKB-u Mostar: Di\u017eemo zdravstveni sustav na vi\u0161u razinu - video - RADIO LJUBU\u0160KI","isPartOf":{"@id":"https:\/\/radioljubuski.ba\/#website"},"primaryImageOfPage":{"@id":"https:\/\/radioljubuski.ba\/index.php\/2022\/06\/22\/profesor-i-lijecnik-iz-sad-a-u-posjetu-skb-u-mostar-dizemo-zdravstveni-sustav-na-visu-razinu-video\/#primaryimage"},"image":{"@id":"https:\/\/radioljubuski.ba\/index.php\/2022\/06\/22\/profesor-i-lijecnik-iz-sad-a-u-posjetu-skb-u-mostar-dizemo-zdravstveni-sustav-na-visu-razinu-video\/#primaryimage"},"thumbnailUrl":"https:\/\/radioljubuski.ba\/wp-content\/uploads\/2022\/06\/2-2022-06-21-17-35-16-galic.jpg","datePublished":"2022-06-22T12:51:51+00:00","dateModified":"2022-06-22T12:51:52+00:00","breadcrumb":{"@id":"https:\/\/radioljubuski.ba\/index.php\/2022\/06\/22\/profesor-i-lijecnik-iz-sad-a-u-posjetu-skb-u-mostar-dizemo-zdravstveni-sustav-na-visu-razinu-video\/#breadcrumb"},"inLanguage":"hr","potentialAction":[{"@type":"ReadAction","target":["https:\/\/radioljubuski.ba\/index.php\/2022\/06\/22\/profesor-i-lijecnik-iz-sad-a-u-posjetu-skb-u-mostar-dizemo-zdravstveni-sustav-na-visu-razinu-video\/"]}]},{"@type":"ImageObject","inLanguage":"hr","@id":"https:\/\/radioljubuski.ba\/index.php\/2022\/06\/22\/profesor-i-lijecnik-iz-sad-a-u-posjetu-skb-u-mostar-dizemo-zdravstveni-sustav-na-visu-razinu-video\/#primaryimage","url":"https:\/\/radioljubuski.ba\/wp-content\/uploads\/2022\/06\/2-2022-06-21-17-35-16-galic.jpg","contentUrl":"https:\/\/radioljubuski.ba\/wp-content\/uploads\/2022\/06\/2-2022-06-21-17-35-16-galic.jpg","width":1000,"height":625},{"@type":"BreadcrumbList","@id":"https:\/\/radioljubuski.ba\/index.php\/2022\/06\/22\/profesor-i-lijecnik-iz-sad-a-u-posjetu-skb-u-mostar-dizemo-zdravstveni-sustav-na-visu-razinu-video\/#breadcrumb","itemListElement":[{"@type":"ListItem","position":1,"name":"Po\u010detna stranica","item":"https:\/\/radioljubuski.ba\/"},{"@type":"ListItem","position":2,"name":"Profesor i lije\u010dnik iz SAD-a u posjetu SKB-u Mostar: Di\u017eemo zdravstveni sustav na vi\u0161u razinu &#8211; video"}]},{"@type":"WebSite","@id":"https:\/\/radioljubuski.ba\/#website","url":"https:\/\/radioljubuski.ba\/","name":"Radio Ljubu\u0161ki","description":"Sun\u010dana frekvencija Hercegovine","publisher":{"@id":"https:\/\/radioljubuski.ba\/#organization"},"potentialAction":[{"@type":"SearchAction","target":{"@type":"EntryPoint","urlTemplate":"https:\/\/radioljubuski.ba\/?s={search_term_string}"},"query-input":{"@type":"PropertyValueSpecification","valueRequired":true,"valueName":"search_term_string"}}],"inLanguage":"hr"},{"@type":"Organization","@id":"https:\/\/radioljubuski.ba\/#organization","name":"Radio Ljubu\u0161ki","url":"https:\/\/radioljubuski.ba\/","logo":{"@type":"ImageObject","inLanguage":"hr","@id":"https:\/\/radioljubuski.ba\/#\/schema\/logo\/image\/","url":"https:\/\/radioljubuski.ba\/wp-content\/uploads\/2021\/02\/cropped-Radio_Ljubuski_logo1.jpg","contentUrl":"https:\/\/radioljubuski.ba\/wp-content\/uploads\/2021\/02\/cropped-Radio_Ljubuski_logo1.jpg","width":512,"height":512,"caption":"Radio Ljubu\u0161ki"},"image":{"@id":"https:\/\/radioljubuski.ba\/#\/schema\/logo\/image\/"},"sameAs":["https:\/\/www.facebook.com\/Radiio-Ljubuski-1490835324566332","https:\/\/x.com\/radioljubuski","https:\/\/hr.linkedin.com\/company\/radio-ljubuski","https:\/\/www.youtube.com\/channel\/UCHYaeO_n0Db3tjNGudGpXyw"]},{"@type":"Person","@id":"https:\/\/radioljubuski.ba\/#\/schema\/person\/19fc700381a780f69665d7956c469e3b","name":"Radio Ljubu\u0161ki"}]}},"_links":{"self":[{"href":"https:\/\/radioljubuski.ba\/index.php\/wp-json\/wp\/v2\/posts\/152120","targetHints":{"allow":["GET"]}}],"collection":[{"href":"https:\/\/radioljubuski.ba\/index.php\/wp-json\/wp\/v2\/posts"}],"about":[{"href":"https:\/\/radioljubuski.ba\/index.php\/wp-json\/wp\/v2\/types\/post"}],"author":[{"embeddable":true,"href":"https:\/\/radioljubuski.ba\/index.php\/wp-json\/wp\/v2\/users\/2"}],"replies":[{"embeddable":true,"href":"https:\/\/radioljubuski.ba\/index.php\/wp-json\/wp\/v2\/comments?post=152120"}],"version-history":[{"count":1,"href":"https:\/\/radioljubuski.ba\/index.php\/wp-json\/wp\/v2\/posts\/152120\/revisions"}],"predecessor-version":[{"id":152123,"href":"https:\/\/radioljubuski.ba\/index.php\/wp-json\/wp\/v2\/posts\/152120\/revisions\/152123"}],"wp:featuredmedia":[{"embeddable":true,"href":"https:\/\/radioljubuski.ba\/index.php\/wp-json\/wp\/v2\/media\/152121"}],"wp:attachment":[{"href":"https:\/\/radioljubuski.ba\/index.php\/wp-json\/wp\/v2\/media?parent=152120"}],"wp:term":[{"taxonomy":"category","embeddable":true,"href":"https:\/\/radioljubuski.ba\/index.php\/wp-json\/wp\/v2\/categories?post=152120"},{"taxonomy":"post_tag","embeddable":true,"href":"https:\/\/radioljubuski.ba\/index.php\/wp-json\/wp\/v2\/tags?post=152120"}],"curies":[{"name":"wp","href":"https:\/\/api.w.org\/{rel}","templated":true}]}}