{"id":152124,"date":"2022-06-22T13:55:11","date_gmt":"2022-06-22T12:55:11","guid":{"rendered":"https:\/\/radioljubuski.ba\/?p=152124"},"modified":"2022-06-22T13:55:13","modified_gmt":"2022-06-22T12:55:13","slug":"mekticev-savjetnik-uvezao-u-bih-50-kilograma-kokaina","status":"publish","type":"post","link":"https:\/\/radioljubuski.ba\/index.php\/2022\/06\/22\/mekticev-savjetnik-uvezao-u-bih-50-kilograma-kokaina\/","title":{"rendered":"Mekti\u0107ev savjetnik uvezao u BiH 50 kilograma kokaina?"},"content":{"rendered":"\n<p>Tu\u017eiteljstvo BiH privelo je kraju istragu u predmetu \u201eTransporter\u201c, u kojem je prvoosumnji\u010deni Bojan Cvijeti\u0107, savjetnik biv\u0161eg ministra sigurnosti BiH Dragana Mekti\u0107a, koji je osumnji\u010den za promet narkotika, saznaje \u201e<a href=\"https:\/\/avaz.ba\/vijesti\/bih\/752304\/tuzilastvo-bih-podize-optuznicu-cvijeticeva-narkogrupa-iz-nizozemske-prosvercala-50-kilograma-kokaina-koliko-su-zaradili-miliona\">Avaz<\/a>\u201c.<\/p>\n\n\n\n<p>Kako pi\u0161e Avaz, vrlo brzo \u0107e biti podignuta optu\u017enica protiv najmanje 11 osoba koje su povezane sa \u0161vercom kokaina iz zemalja Europske unije u BiH.<\/p>\n\n\n\n<p>Rije\u010d je o Cvijeti\u0107evoj narkogrupi koja je raskrinkana de\u0161ifriranjem aplikacije Sky, a rje\u0161enjem Suda BiH privremeno im je blokirana i imovina ve\u0107a od 10 milijuna KM.<\/p>\n\n\n\n<p>Osim Cvijeti\u0107a, na optu\u017eeni\u010dkoj klupi na\u0107i \u0107e se i Petar Duki\u0107, Aleksandar Nikoli\u0107, ali i osobe iz policijskih struktura koje su im pomagale. Ve\u0107ina ih se brani sa slobode, iz ku\u0107nog pritvora. Tada su uhi\u0107eni i Sa\u0161a Ra\u0111evi\u0107, Mladen Milovanovi\u0107, Ivan Juri\u0107 i Dragan Kresojevi\u0107.<\/p>\n\n\n\n<p>Avaz ekskluzivno saznaje da je Tu\u017eiteljstvo prikupilo dokaze da je ova grupa za dvije godine, to\u010dnije od 2019. do 2021., iz Nizozemske, preko Roterdama, u BiH uspjela pro\u0161vercati 50 kilograma kokaina, \u010dija je tr\u017ei\u0161na vrijednost dva milijuna eura (\u010detiri milijuna maraka).<\/p>\n\n\n\n<p>Novcem od droge su kupovali nekretnine.<\/p>\n\n\n\n<p>U me\u0111uvremenu je otkriveno da je Mekti\u0107 od svoga savjetnika povoljno kupio stan. I to je sada predmet istrage.\u00a0<\/p>\n\n\n\n<figure class=\"wp-block-embed is-type-wp-embed is-provider-radio-ljubuski wp-block-embed-radio-ljubuski\"><div class=\"wp-block-embed__wrapper\">\n<blockquote class=\"wp-embedded-content\" data-secret=\"GSvfLtRfJa\"><a href=\"https:\/\/radioljubuski.ba\/index.php\/2022\/06\/22\/tuziteljstvu-bih-sumnjiva-mekticeva-kupovina-stana-u-banjoj-luci\/\">Tu\u017eiteljstvu BiH sumnjiva Mekti\u0107eva kupovina stana u Banjoj Luci<\/a><\/blockquote><iframe loading=\"lazy\" class=\"wp-embedded-content\" sandbox=\"allow-scripts\" security=\"restricted\" style=\"position: absolute; clip: rect(1px, 1px, 1px, 1px);\" title=\"&#8220;Tu\u017eiteljstvu BiH sumnjiva Mekti\u0107eva kupovina stana u Banjoj Luci&#8221; &#8212;   RADIO LJUBU\u0160KI\" src=\"https:\/\/radioljubuski.ba\/index.php\/2022\/06\/22\/tuziteljstvu-bih-sumnjiva-mekticeva-kupovina-stana-u-banjoj-luci\/embed\/#?secret=tpkxVb3xqY#?secret=GSvfLtRfJa\" data-secret=\"GSvfLtRfJa\" width=\"600\" height=\"338\" frameborder=\"0\" marginwidth=\"0\" marginheight=\"0\" scrolling=\"no\"><\/iframe>\n<\/div><\/figure>\n\n\n\n<p>Izvor:avaz.ba<\/p>\n","protected":false},"excerpt":{"rendered":"<p>Tu\u017eiteljstvo BiH privelo je kraju istragu u predmetu \u201eTransporter\u201c, u kojem je prvoosumnji\u010deni Bojan Cvijeti\u0107, savjetnik biv\u0161eg ministra sigurnosti BiH Dragana Mekti\u0107a, koji je osumnji\u010den za promet narkotika, saznaje \u201eAvaz\u201c. Kako pi\u0161e Avaz, vrlo brzo \u0107e biti podignuta optu\u017enica protiv najmanje 11 osoba koje su povezane sa \u0161vercom kokaina iz zemalja Europske unije u BiH. [&hellip;]<\/p>\n","protected":false},"author":2,"featured_media":152125,"comment_status":"closed","ping_status":"closed","sticky":false,"template":"","format":"standard","meta":{"h5ap_radio_sources":[],"footnotes":""},"categories":[1],"tags":[],"class_list":["post-152124","post","type-post","status-publish","format-standard","has-post-thumbnail","hentry","category-bihiregija"],"yoast_head":"<!-- This site is optimized with the Yoast SEO plugin v27.4 - https:\/\/yoast.com\/product\/yoast-seo-wordpress\/ -->\n<title>Mekti\u0107ev savjetnik uvezao u BiH 50 kilograma kokaina? - RADIO LJUBU\u0160KI<\/title>\n<meta name=\"robots\" content=\"index, follow, max-snippet:-1, max-image-preview:large, max-video-preview:-1\" \/>\n<link rel=\"canonical\" href=\"https:\/\/radioljubuski.ba\/index.php\/2022\/06\/22\/mekticev-savjetnik-uvezao-u-bih-50-kilograma-kokaina\/\" \/>\n<meta property=\"og:locale\" content=\"hr_HR\" \/>\n<meta property=\"og:type\" content=\"article\" \/>\n<meta property=\"og:title\" content=\"Mekti\u0107ev savjetnik uvezao u BiH 50 kilograma kokaina? - RADIO LJUBU\u0160KI\" \/>\n<meta property=\"og:description\" content=\"Tu\u017eiteljstvo BiH privelo je kraju istragu u predmetu \u201eTransporter\u201c, u kojem je prvoosumnji\u010deni Bojan Cvijeti\u0107, savjetnik biv\u0161eg ministra sigurnosti BiH Dragana Mekti\u0107a, koji je osumnji\u010den za promet narkotika, saznaje \u201eAvaz\u201c. Kako pi\u0161e Avaz, vrlo brzo \u0107e biti podignuta optu\u017enica protiv najmanje 11 osoba koje su povezane sa \u0161vercom kokaina iz zemalja Europske unije u BiH. [&hellip;]\" \/>\n<meta property=\"og:url\" content=\"https:\/\/radioljubuski.ba\/index.php\/2022\/06\/22\/mekticev-savjetnik-uvezao-u-bih-50-kilograma-kokaina\/\" \/>\n<meta property=\"og:site_name\" content=\"RADIO LJUBU\u0160KI\" \/>\n<meta property=\"article:publisher\" content=\"https:\/\/www.facebook.com\/Radiio-Ljubuski-1490835324566332\" \/>\n<meta property=\"article:published_time\" content=\"2022-06-22T12:55:11+00:00\" \/>\n<meta property=\"article:modified_time\" content=\"2022-06-22T12:55:13+00:00\" \/>\n<meta property=\"og:image\" content=\"https:\/\/radioljubuski.ba\/wp-content\/uploads\/2022\/06\/1005x635.jpg\" \/>\n\t<meta property=\"og:image:width\" content=\"870\" \/>\n\t<meta property=\"og:image:height\" content=\"540\" \/>\n\t<meta property=\"og:image:type\" content=\"image\/jpeg\" \/>\n<meta name=\"author\" content=\"Radio Ljubu\u0161ki\" \/>\n<meta name=\"twitter:card\" content=\"summary_large_image\" \/>\n<meta name=\"twitter:creator\" content=\"@radioljubuski\" \/>\n<meta name=\"twitter:site\" content=\"@radioljubuski\" \/>\n<meta name=\"twitter:label1\" content=\"Napisao\/la\" \/>\n\t<meta name=\"twitter:data1\" content=\"Radio Ljubu\u0161ki\" \/>\n\t<meta name=\"twitter:label2\" content=\"Procijenjeno vrijeme \u010ditanja\" \/>\n\t<meta name=\"twitter:data2\" content=\"1 minuta\" \/>\n<script type=\"application\/ld+json\" class=\"yoast-schema-graph\">{\"@context\":\"https:\\\/\\\/schema.org\",\"@graph\":[{\"@type\":\"Article\",\"@id\":\"https:\\\/\\\/radioljubuski.ba\\\/index.php\\\/2022\\\/06\\\/22\\\/mekticev-savjetnik-uvezao-u-bih-50-kilograma-kokaina\\\/#article\",\"isPartOf\":{\"@id\":\"https:\\\/\\\/radioljubuski.ba\\\/index.php\\\/2022\\\/06\\\/22\\\/mekticev-savjetnik-uvezao-u-bih-50-kilograma-kokaina\\\/\"},\"author\":{\"name\":\"Radio Ljubu\u0161ki\",\"@id\":\"https:\\\/\\\/radioljubuski.ba\\\/#\\\/schema\\\/person\\\/19fc700381a780f69665d7956c469e3b\"},\"headline\":\"Mekti\u0107ev savjetnik uvezao u BiH 50 kilograma kokaina?\",\"datePublished\":\"2022-06-22T12:55:11+00:00\",\"dateModified\":\"2022-06-22T12:55:13+00:00\",\"mainEntityOfPage\":{\"@id\":\"https:\\\/\\\/radioljubuski.ba\\\/index.php\\\/2022\\\/06\\\/22\\\/mekticev-savjetnik-uvezao-u-bih-50-kilograma-kokaina\\\/\"},\"wordCount\":230,\"publisher\":{\"@id\":\"https:\\\/\\\/radioljubuski.ba\\\/#organization\"},\"image\":{\"@id\":\"https:\\\/\\\/radioljubuski.ba\\\/index.php\\\/2022\\\/06\\\/22\\\/mekticev-savjetnik-uvezao-u-bih-50-kilograma-kokaina\\\/#primaryimage\"},\"thumbnailUrl\":\"https:\\\/\\\/radioljubuski.ba\\\/wp-content\\\/uploads\\\/2022\\\/06\\\/1005x635.jpg\",\"articleSection\":[\"BIH i regija\"],\"inLanguage\":\"hr\"},{\"@type\":\"WebPage\",\"@id\":\"https:\\\/\\\/radioljubuski.ba\\\/index.php\\\/2022\\\/06\\\/22\\\/mekticev-savjetnik-uvezao-u-bih-50-kilograma-kokaina\\\/\",\"url\":\"https:\\\/\\\/radioljubuski.ba\\\/index.php\\\/2022\\\/06\\\/22\\\/mekticev-savjetnik-uvezao-u-bih-50-kilograma-kokaina\\\/\",\"name\":\"Mekti\u0107ev savjetnik uvezao u BiH 50 kilograma kokaina? - RADIO LJUBU\u0160KI\",\"isPartOf\":{\"@id\":\"https:\\\/\\\/radioljubuski.ba\\\/#website\"},\"primaryImageOfPage\":{\"@id\":\"https:\\\/\\\/radioljubuski.ba\\\/index.php\\\/2022\\\/06\\\/22\\\/mekticev-savjetnik-uvezao-u-bih-50-kilograma-kokaina\\\/#primaryimage\"},\"image\":{\"@id\":\"https:\\\/\\\/radioljubuski.ba\\\/index.php\\\/2022\\\/06\\\/22\\\/mekticev-savjetnik-uvezao-u-bih-50-kilograma-kokaina\\\/#primaryimage\"},\"thumbnailUrl\":\"https:\\\/\\\/radioljubuski.ba\\\/wp-content\\\/uploads\\\/2022\\\/06\\\/1005x635.jpg\",\"datePublished\":\"2022-06-22T12:55:11+00:00\",\"dateModified\":\"2022-06-22T12:55:13+00:00\",\"breadcrumb\":{\"@id\":\"https:\\\/\\\/radioljubuski.ba\\\/index.php\\\/2022\\\/06\\\/22\\\/mekticev-savjetnik-uvezao-u-bih-50-kilograma-kokaina\\\/#breadcrumb\"},\"inLanguage\":\"hr\",\"potentialAction\":[{\"@type\":\"ReadAction\",\"target\":[\"https:\\\/\\\/radioljubuski.ba\\\/index.php\\\/2022\\\/06\\\/22\\\/mekticev-savjetnik-uvezao-u-bih-50-kilograma-kokaina\\\/\"]}]},{\"@type\":\"ImageObject\",\"inLanguage\":\"hr\",\"@id\":\"https:\\\/\\\/radioljubuski.ba\\\/index.php\\\/2022\\\/06\\\/22\\\/mekticev-savjetnik-uvezao-u-bih-50-kilograma-kokaina\\\/#primaryimage\",\"url\":\"https:\\\/\\\/radioljubuski.ba\\\/wp-content\\\/uploads\\\/2022\\\/06\\\/1005x635.jpg\",\"contentUrl\":\"https:\\\/\\\/radioljubuski.ba\\\/wp-content\\\/uploads\\\/2022\\\/06\\\/1005x635.jpg\",\"width\":870,\"height\":540},{\"@type\":\"BreadcrumbList\",\"@id\":\"https:\\\/\\\/radioljubuski.ba\\\/index.php\\\/2022\\\/06\\\/22\\\/mekticev-savjetnik-uvezao-u-bih-50-kilograma-kokaina\\\/#breadcrumb\",\"itemListElement\":[{\"@type\":\"ListItem\",\"position\":1,\"name\":\"Po\u010detna stranica\",\"item\":\"https:\\\/\\\/radioljubuski.ba\\\/\"},{\"@type\":\"ListItem\",\"position\":2,\"name\":\"Mekti\u0107ev savjetnik uvezao u BiH 50 kilograma kokaina?\"}]},{\"@type\":\"WebSite\",\"@id\":\"https:\\\/\\\/radioljubuski.ba\\\/#website\",\"url\":\"https:\\\/\\\/radioljubuski.ba\\\/\",\"name\":\"Radio Ljubu\u0161ki\",\"description\":\"Sun\u010dana frekvencija Hercegovine\",\"publisher\":{\"@id\":\"https:\\\/\\\/radioljubuski.ba\\\/#organization\"},\"potentialAction\":[{\"@type\":\"SearchAction\",\"target\":{\"@type\":\"EntryPoint\",\"urlTemplate\":\"https:\\\/\\\/radioljubuski.ba\\\/?s={search_term_string}\"},\"query-input\":{\"@type\":\"PropertyValueSpecification\",\"valueRequired\":true,\"valueName\":\"search_term_string\"}}],\"inLanguage\":\"hr\"},{\"@type\":\"Organization\",\"@id\":\"https:\\\/\\\/radioljubuski.ba\\\/#organization\",\"name\":\"Radio Ljubu\u0161ki\",\"url\":\"https:\\\/\\\/radioljubuski.ba\\\/\",\"logo\":{\"@type\":\"ImageObject\",\"inLanguage\":\"hr\",\"@id\":\"https:\\\/\\\/radioljubuski.ba\\\/#\\\/schema\\\/logo\\\/image\\\/\",\"url\":\"https:\\\/\\\/radioljubuski.ba\\\/wp-content\\\/uploads\\\/2021\\\/02\\\/cropped-Radio_Ljubuski_logo1.jpg\",\"contentUrl\":\"https:\\\/\\\/radioljubuski.ba\\\/wp-content\\\/uploads\\\/2021\\\/02\\\/cropped-Radio_Ljubuski_logo1.jpg\",\"width\":512,\"height\":512,\"caption\":\"Radio Ljubu\u0161ki\"},\"image\":{\"@id\":\"https:\\\/\\\/radioljubuski.ba\\\/#\\\/schema\\\/logo\\\/image\\\/\"},\"sameAs\":[\"https:\\\/\\\/www.facebook.com\\\/Radiio-Ljubuski-1490835324566332\",\"https:\\\/\\\/x.com\\\/radioljubuski\",\"https:\\\/\\\/hr.linkedin.com\\\/company\\\/radio-ljubuski\",\"https:\\\/\\\/www.youtube.com\\\/channel\\\/UCHYaeO_n0Db3tjNGudGpXyw\"]},{\"@type\":\"Person\",\"@id\":\"https:\\\/\\\/radioljubuski.ba\\\/#\\\/schema\\\/person\\\/19fc700381a780f69665d7956c469e3b\",\"name\":\"Radio Ljubu\u0161ki\"}]}<\/script>\n<!-- \/ Yoast SEO plugin. -->","yoast_head_json":{"title":"Mekti\u0107ev savjetnik uvezao u BiH 50 kilograma kokaina? - RADIO LJUBU\u0160KI","robots":{"index":"index","follow":"follow","max-snippet":"max-snippet:-1","max-image-preview":"max-image-preview:large","max-video-preview":"max-video-preview:-1"},"canonical":"https:\/\/radioljubuski.ba\/index.php\/2022\/06\/22\/mekticev-savjetnik-uvezao-u-bih-50-kilograma-kokaina\/","og_locale":"hr_HR","og_type":"article","og_title":"Mekti\u0107ev savjetnik uvezao u BiH 50 kilograma kokaina? - RADIO LJUBU\u0160KI","og_description":"Tu\u017eiteljstvo BiH privelo je kraju istragu u predmetu \u201eTransporter\u201c, u kojem je prvoosumnji\u010deni Bojan Cvijeti\u0107, savjetnik biv\u0161eg ministra sigurnosti BiH Dragana Mekti\u0107a, koji je osumnji\u010den za promet narkotika, saznaje \u201eAvaz\u201c. Kako pi\u0161e Avaz, vrlo brzo \u0107e biti podignuta optu\u017enica protiv najmanje 11 osoba koje su povezane sa \u0161vercom kokaina iz zemalja Europske unije u BiH. [&hellip;]","og_url":"https:\/\/radioljubuski.ba\/index.php\/2022\/06\/22\/mekticev-savjetnik-uvezao-u-bih-50-kilograma-kokaina\/","og_site_name":"RADIO LJUBU\u0160KI","article_publisher":"https:\/\/www.facebook.com\/Radiio-Ljubuski-1490835324566332","article_published_time":"2022-06-22T12:55:11+00:00","article_modified_time":"2022-06-22T12:55:13+00:00","og_image":[{"width":870,"height":540,"url":"https:\/\/radioljubuski.ba\/wp-content\/uploads\/2022\/06\/1005x635.jpg","type":"image\/jpeg"}],"author":"Radio Ljubu\u0161ki","twitter_card":"summary_large_image","twitter_creator":"@radioljubuski","twitter_site":"@radioljubuski","twitter_misc":{"Napisao\/la":"Radio Ljubu\u0161ki","Procijenjeno vrijeme \u010ditanja":"1 minuta"},"schema":{"@context":"https:\/\/schema.org","@graph":[{"@type":"Article","@id":"https:\/\/radioljubuski.ba\/index.php\/2022\/06\/22\/mekticev-savjetnik-uvezao-u-bih-50-kilograma-kokaina\/#article","isPartOf":{"@id":"https:\/\/radioljubuski.ba\/index.php\/2022\/06\/22\/mekticev-savjetnik-uvezao-u-bih-50-kilograma-kokaina\/"},"author":{"name":"Radio Ljubu\u0161ki","@id":"https:\/\/radioljubuski.ba\/#\/schema\/person\/19fc700381a780f69665d7956c469e3b"},"headline":"Mekti\u0107ev savjetnik uvezao u BiH 50 kilograma kokaina?","datePublished":"2022-06-22T12:55:11+00:00","dateModified":"2022-06-22T12:55:13+00:00","mainEntityOfPage":{"@id":"https:\/\/radioljubuski.ba\/index.php\/2022\/06\/22\/mekticev-savjetnik-uvezao-u-bih-50-kilograma-kokaina\/"},"wordCount":230,"publisher":{"@id":"https:\/\/radioljubuski.ba\/#organization"},"image":{"@id":"https:\/\/radioljubuski.ba\/index.php\/2022\/06\/22\/mekticev-savjetnik-uvezao-u-bih-50-kilograma-kokaina\/#primaryimage"},"thumbnailUrl":"https:\/\/radioljubuski.ba\/wp-content\/uploads\/2022\/06\/1005x635.jpg","articleSection":["BIH i regija"],"inLanguage":"hr"},{"@type":"WebPage","@id":"https:\/\/radioljubuski.ba\/index.php\/2022\/06\/22\/mekticev-savjetnik-uvezao-u-bih-50-kilograma-kokaina\/","url":"https:\/\/radioljubuski.ba\/index.php\/2022\/06\/22\/mekticev-savjetnik-uvezao-u-bih-50-kilograma-kokaina\/","name":"Mekti\u0107ev savjetnik uvezao u BiH 50 kilograma kokaina? - RADIO LJUBU\u0160KI","isPartOf":{"@id":"https:\/\/radioljubuski.ba\/#website"},"primaryImageOfPage":{"@id":"https:\/\/radioljubuski.ba\/index.php\/2022\/06\/22\/mekticev-savjetnik-uvezao-u-bih-50-kilograma-kokaina\/#primaryimage"},"image":{"@id":"https:\/\/radioljubuski.ba\/index.php\/2022\/06\/22\/mekticev-savjetnik-uvezao-u-bih-50-kilograma-kokaina\/#primaryimage"},"thumbnailUrl":"https:\/\/radioljubuski.ba\/wp-content\/uploads\/2022\/06\/1005x635.jpg","datePublished":"2022-06-22T12:55:11+00:00","dateModified":"2022-06-22T12:55:13+00:00","breadcrumb":{"@id":"https:\/\/radioljubuski.ba\/index.php\/2022\/06\/22\/mekticev-savjetnik-uvezao-u-bih-50-kilograma-kokaina\/#breadcrumb"},"inLanguage":"hr","potentialAction":[{"@type":"ReadAction","target":["https:\/\/radioljubuski.ba\/index.php\/2022\/06\/22\/mekticev-savjetnik-uvezao-u-bih-50-kilograma-kokaina\/"]}]},{"@type":"ImageObject","inLanguage":"hr","@id":"https:\/\/radioljubuski.ba\/index.php\/2022\/06\/22\/mekticev-savjetnik-uvezao-u-bih-50-kilograma-kokaina\/#primaryimage","url":"https:\/\/radioljubuski.ba\/wp-content\/uploads\/2022\/06\/1005x635.jpg","contentUrl":"https:\/\/radioljubuski.ba\/wp-content\/uploads\/2022\/06\/1005x635.jpg","width":870,"height":540},{"@type":"BreadcrumbList","@id":"https:\/\/radioljubuski.ba\/index.php\/2022\/06\/22\/mekticev-savjetnik-uvezao-u-bih-50-kilograma-kokaina\/#breadcrumb","itemListElement":[{"@type":"ListItem","position":1,"name":"Po\u010detna stranica","item":"https:\/\/radioljubuski.ba\/"},{"@type":"ListItem","position":2,"name":"Mekti\u0107ev savjetnik uvezao u BiH 50 kilograma kokaina?"}]},{"@type":"WebSite","@id":"https:\/\/radioljubuski.ba\/#website","url":"https:\/\/radioljubuski.ba\/","name":"Radio Ljubu\u0161ki","description":"Sun\u010dana frekvencija Hercegovine","publisher":{"@id":"https:\/\/radioljubuski.ba\/#organization"},"potentialAction":[{"@type":"SearchAction","target":{"@type":"EntryPoint","urlTemplate":"https:\/\/radioljubuski.ba\/?s={search_term_string}"},"query-input":{"@type":"PropertyValueSpecification","valueRequired":true,"valueName":"search_term_string"}}],"inLanguage":"hr"},{"@type":"Organization","@id":"https:\/\/radioljubuski.ba\/#organization","name":"Radio Ljubu\u0161ki","url":"https:\/\/radioljubuski.ba\/","logo":{"@type":"ImageObject","inLanguage":"hr","@id":"https:\/\/radioljubuski.ba\/#\/schema\/logo\/image\/","url":"https:\/\/radioljubuski.ba\/wp-content\/uploads\/2021\/02\/cropped-Radio_Ljubuski_logo1.jpg","contentUrl":"https:\/\/radioljubuski.ba\/wp-content\/uploads\/2021\/02\/cropped-Radio_Ljubuski_logo1.jpg","width":512,"height":512,"caption":"Radio Ljubu\u0161ki"},"image":{"@id":"https:\/\/radioljubuski.ba\/#\/schema\/logo\/image\/"},"sameAs":["https:\/\/www.facebook.com\/Radiio-Ljubuski-1490835324566332","https:\/\/x.com\/radioljubuski","https:\/\/hr.linkedin.com\/company\/radio-ljubuski","https:\/\/www.youtube.com\/channel\/UCHYaeO_n0Db3tjNGudGpXyw"]},{"@type":"Person","@id":"https:\/\/radioljubuski.ba\/#\/schema\/person\/19fc700381a780f69665d7956c469e3b","name":"Radio Ljubu\u0161ki"}]}},"_links":{"self":[{"href":"https:\/\/radioljubuski.ba\/index.php\/wp-json\/wp\/v2\/posts\/152124","targetHints":{"allow":["GET"]}}],"collection":[{"href":"https:\/\/radioljubuski.ba\/index.php\/wp-json\/wp\/v2\/posts"}],"about":[{"href":"https:\/\/radioljubuski.ba\/index.php\/wp-json\/wp\/v2\/types\/post"}],"author":[{"embeddable":true,"href":"https:\/\/radioljubuski.ba\/index.php\/wp-json\/wp\/v2\/users\/2"}],"replies":[{"embeddable":true,"href":"https:\/\/radioljubuski.ba\/index.php\/wp-json\/wp\/v2\/comments?post=152124"}],"version-history":[{"count":1,"href":"https:\/\/radioljubuski.ba\/index.php\/wp-json\/wp\/v2\/posts\/152124\/revisions"}],"predecessor-version":[{"id":152126,"href":"https:\/\/radioljubuski.ba\/index.php\/wp-json\/wp\/v2\/posts\/152124\/revisions\/152126"}],"wp:featuredmedia":[{"embeddable":true,"href":"https:\/\/radioljubuski.ba\/index.php\/wp-json\/wp\/v2\/media\/152125"}],"wp:attachment":[{"href":"https:\/\/radioljubuski.ba\/index.php\/wp-json\/wp\/v2\/media?parent=152124"}],"wp:term":[{"taxonomy":"category","embeddable":true,"href":"https:\/\/radioljubuski.ba\/index.php\/wp-json\/wp\/v2\/categories?post=152124"},{"taxonomy":"post_tag","embeddable":true,"href":"https:\/\/radioljubuski.ba\/index.php\/wp-json\/wp\/v2\/tags?post=152124"}],"curies":[{"name":"wp","href":"https:\/\/api.w.org\/{rel}","templated":true}]}}