{"id":152130,"date":"2022-06-22T13:57:49","date_gmt":"2022-06-22T12:57:49","guid":{"rendered":"https:\/\/radioljubuski.ba\/?p=152130"},"modified":"2022-06-22T13:57:51","modified_gmt":"2022-06-22T12:57:51","slug":"ermin-2016-otisao-u-njemacku-do-sada-je-nasao-posao-za-310-ljudi-iz-bih-jos-60-se-sprema-otici-u-njemacku","status":"publish","type":"post","link":"https:\/\/radioljubuski.ba\/index.php\/2022\/06\/22\/ermin-2016-otisao-u-njemacku-do-sada-je-nasao-posao-za-310-ljudi-iz-bih-jos-60-se-sprema-otici-u-njemacku\/","title":{"rendered":"Ermin 2016. oti\u0161ao u Njema\u010dku, do sada je na\u0161ao posao za 310 ljudi iz BIH, jo\u0161 60 se sprema oti\u0107i u Njema\u010dku"},"content":{"rendered":"\n<p>Ermin Omanovi\u0107 iz Bugojna je u Njema\u010dku oti\u0161ao 2016. godine u po\u010detku s ciljem obrazovanja, a onda i zaposlenja. Svoje ciljeve je ostvario, a sada poma\u017ee drugim gra\u0111anima BiH koji imaju cilj da nastave njegovim putem da ga ostvare. Do sada je omogu\u0107io da 310 gra\u0111ana BiH sre\u0107u prona\u0111u u Njema\u010dkoj.<\/p>\n\n\n\n<p>Posljednjih mjeseci nudi i besplatne usluge u\u010denja njema\u010dkog jezika.&nbsp;<\/p>\n\n\n\n<p>-Prvo sam po\u010deo u Njema\u010dkoj sa \u0161kolom, \u0161kolovao sam se za medicinskog tehni\u010dara. Sve sam to zavr\u0161io i onda sam po\u010deo dovoditi ljude, a to je po\u010delo 2019. godine.&nbsp;<\/p>\n\n\n\n<p>Radio sam za dr\u017eavne tvrtke kao \u0161to je Caritas, igrom slu\u010daja je moj kolega radio u tvrtki Agila 24. Oni su tra\u017eili od mene da dovodim radnike, koji su naravno imali bolje uvjete. Nisam gledao samo na sebe. Doveo sam 310 ljudi, 60 ljudi se sprema da do\u0111u ovdje &#8211; rekao je Omanovi\u0107 za portal &#8220;Avaza&#8221;.<\/p>\n\n\n\n<p>Ka\u017ee da nikome nije centa uzeo za svoju uslugu, nego radi samo za svoju pla\u0107u.<\/p>\n\n\n\n<p>-Nije to tvrtka koja prodaje radnike po Njema\u010dkoj. Ja ne prodajem ljude, mi nismo nikakva agencija. U BiH nisam mogao prona\u0107i posao, politika je takva kakva jeste. \u0160kolovao sam se u BiH, nisam mogao da uspijem, do\u0161ao sam u Njema\u010dku i hvala Bogu ostvario sam se. Ni\u0161ta ovo ne bi bilo mogu\u0107e bez direktorice Serpil Yorukoglu &#8211; rekao je Omanovi\u0107.<\/p>\n\n\n\n<p>Izvor:avaz.ba<\/p>\n","protected":false},"excerpt":{"rendered":"<p>Ermin Omanovi\u0107 iz Bugojna je u Njema\u010dku oti\u0161ao 2016. godine u po\u010detku s ciljem obrazovanja, a onda i zaposlenja. Svoje ciljeve je ostvario, a sada poma\u017ee drugim gra\u0111anima BiH koji imaju cilj da nastave njegovim putem da ga ostvare. Do sada je omogu\u0107io da 310 gra\u0111ana BiH sre\u0107u prona\u0111u u Njema\u010dkoj. Posljednjih mjeseci nudi i [&hellip;]<\/p>\n","protected":false},"author":2,"featured_media":152131,"comment_status":"closed","ping_status":"closed","sticky":false,"template":"","format":"standard","meta":{"h5ap_radio_sources":[],"footnotes":""},"categories":[1],"tags":[],"class_list":["post-152130","post","type-post","status-publish","format-standard","has-post-thumbnail","hentry","category-bihiregija"],"yoast_head":"<!-- This site is optimized with the Yoast SEO plugin v27.4 - https:\/\/yoast.com\/product\/yoast-seo-wordpress\/ -->\n<title>Ermin 2016. oti\u0161ao u Njema\u010dku, do sada je na\u0161ao posao za 310 ljudi iz BIH, jo\u0161 60 se sprema oti\u0107i u Njema\u010dku - RADIO LJUBU\u0160KI<\/title>\n<meta name=\"robots\" content=\"index, follow, max-snippet:-1, max-image-preview:large, max-video-preview:-1\" \/>\n<link rel=\"canonical\" href=\"https:\/\/radioljubuski.ba\/index.php\/2022\/06\/22\/ermin-2016-otisao-u-njemacku-do-sada-je-nasao-posao-za-310-ljudi-iz-bih-jos-60-se-sprema-otici-u-njemacku\/\" \/>\n<meta property=\"og:locale\" content=\"hr_HR\" \/>\n<meta property=\"og:type\" content=\"article\" \/>\n<meta property=\"og:title\" content=\"Ermin 2016. oti\u0161ao u Njema\u010dku, do sada je na\u0161ao posao za 310 ljudi iz BIH, jo\u0161 60 se sprema oti\u0107i u Njema\u010dku - RADIO LJUBU\u0160KI\" \/>\n<meta property=\"og:description\" content=\"Ermin Omanovi\u0107 iz Bugojna je u Njema\u010dku oti\u0161ao 2016. godine u po\u010detku s ciljem obrazovanja, a onda i zaposlenja. Svoje ciljeve je ostvario, a sada poma\u017ee drugim gra\u0111anima BiH koji imaju cilj da nastave njegovim putem da ga ostvare. Do sada je omogu\u0107io da 310 gra\u0111ana BiH sre\u0107u prona\u0111u u Njema\u010dkoj. Posljednjih mjeseci nudi i [&hellip;]\" \/>\n<meta property=\"og:url\" content=\"https:\/\/radioljubuski.ba\/index.php\/2022\/06\/22\/ermin-2016-otisao-u-njemacku-do-sada-je-nasao-posao-za-310-ljudi-iz-bih-jos-60-se-sprema-otici-u-njemacku\/\" \/>\n<meta property=\"og:site_name\" content=\"RADIO LJUBU\u0160KI\" \/>\n<meta property=\"article:publisher\" content=\"https:\/\/www.facebook.com\/Radiio-Ljubuski-1490835324566332\" \/>\n<meta property=\"article:published_time\" content=\"2022-06-22T12:57:49+00:00\" \/>\n<meta property=\"article:modified_time\" content=\"2022-06-22T12:57:51+00:00\" \/>\n<meta property=\"og:image\" content=\"https:\/\/radioljubuski.ba\/wp-content\/uploads\/2022\/06\/2-2022-06-21-18-04-32-ermin.jpg\" \/>\n\t<meta property=\"og:image:width\" content=\"1000\" \/>\n\t<meta property=\"og:image:height\" content=\"625\" \/>\n\t<meta property=\"og:image:type\" content=\"image\/jpeg\" \/>\n<meta name=\"author\" content=\"Radio Ljubu\u0161ki\" \/>\n<meta name=\"twitter:card\" content=\"summary_large_image\" \/>\n<meta name=\"twitter:creator\" content=\"@radioljubuski\" \/>\n<meta name=\"twitter:site\" content=\"@radioljubuski\" \/>\n<meta name=\"twitter:label1\" content=\"Napisao\/la\" \/>\n\t<meta name=\"twitter:data1\" content=\"Radio Ljubu\u0161ki\" \/>\n\t<meta name=\"twitter:label2\" content=\"Procijenjeno vrijeme \u010ditanja\" \/>\n\t<meta name=\"twitter:data2\" content=\"1 minuta\" \/>\n<script type=\"application\/ld+json\" class=\"yoast-schema-graph\">{\"@context\":\"https:\\\/\\\/schema.org\",\"@graph\":[{\"@type\":\"Article\",\"@id\":\"https:\\\/\\\/radioljubuski.ba\\\/index.php\\\/2022\\\/06\\\/22\\\/ermin-2016-otisao-u-njemacku-do-sada-je-nasao-posao-za-310-ljudi-iz-bih-jos-60-se-sprema-otici-u-njemacku\\\/#article\",\"isPartOf\":{\"@id\":\"https:\\\/\\\/radioljubuski.ba\\\/index.php\\\/2022\\\/06\\\/22\\\/ermin-2016-otisao-u-njemacku-do-sada-je-nasao-posao-za-310-ljudi-iz-bih-jos-60-se-sprema-otici-u-njemacku\\\/\"},\"author\":{\"name\":\"Radio Ljubu\u0161ki\",\"@id\":\"https:\\\/\\\/radioljubuski.ba\\\/#\\\/schema\\\/person\\\/19fc700381a780f69665d7956c469e3b\"},\"headline\":\"Ermin 2016. oti\u0161ao u Njema\u010dku, do sada je na\u0161ao posao za 310 ljudi iz BIH, jo\u0161 60 se sprema oti\u0107i u Njema\u010dku\",\"datePublished\":\"2022-06-22T12:57:49+00:00\",\"dateModified\":\"2022-06-22T12:57:51+00:00\",\"mainEntityOfPage\":{\"@id\":\"https:\\\/\\\/radioljubuski.ba\\\/index.php\\\/2022\\\/06\\\/22\\\/ermin-2016-otisao-u-njemacku-do-sada-je-nasao-posao-za-310-ljudi-iz-bih-jos-60-se-sprema-otici-u-njemacku\\\/\"},\"wordCount\":273,\"publisher\":{\"@id\":\"https:\\\/\\\/radioljubuski.ba\\\/#organization\"},\"image\":{\"@id\":\"https:\\\/\\\/radioljubuski.ba\\\/index.php\\\/2022\\\/06\\\/22\\\/ermin-2016-otisao-u-njemacku-do-sada-je-nasao-posao-za-310-ljudi-iz-bih-jos-60-se-sprema-otici-u-njemacku\\\/#primaryimage\"},\"thumbnailUrl\":\"https:\\\/\\\/radioljubuski.ba\\\/wp-content\\\/uploads\\\/2022\\\/06\\\/2-2022-06-21-18-04-32-ermin.jpg\",\"articleSection\":[\"BIH i regija\"],\"inLanguage\":\"hr\"},{\"@type\":\"WebPage\",\"@id\":\"https:\\\/\\\/radioljubuski.ba\\\/index.php\\\/2022\\\/06\\\/22\\\/ermin-2016-otisao-u-njemacku-do-sada-je-nasao-posao-za-310-ljudi-iz-bih-jos-60-se-sprema-otici-u-njemacku\\\/\",\"url\":\"https:\\\/\\\/radioljubuski.ba\\\/index.php\\\/2022\\\/06\\\/22\\\/ermin-2016-otisao-u-njemacku-do-sada-je-nasao-posao-za-310-ljudi-iz-bih-jos-60-se-sprema-otici-u-njemacku\\\/\",\"name\":\"Ermin 2016. oti\u0161ao u Njema\u010dku, do sada je na\u0161ao posao za 310 ljudi iz BIH, jo\u0161 60 se sprema oti\u0107i u Njema\u010dku - RADIO LJUBU\u0160KI\",\"isPartOf\":{\"@id\":\"https:\\\/\\\/radioljubuski.ba\\\/#website\"},\"primaryImageOfPage\":{\"@id\":\"https:\\\/\\\/radioljubuski.ba\\\/index.php\\\/2022\\\/06\\\/22\\\/ermin-2016-otisao-u-njemacku-do-sada-je-nasao-posao-za-310-ljudi-iz-bih-jos-60-se-sprema-otici-u-njemacku\\\/#primaryimage\"},\"image\":{\"@id\":\"https:\\\/\\\/radioljubuski.ba\\\/index.php\\\/2022\\\/06\\\/22\\\/ermin-2016-otisao-u-njemacku-do-sada-je-nasao-posao-za-310-ljudi-iz-bih-jos-60-se-sprema-otici-u-njemacku\\\/#primaryimage\"},\"thumbnailUrl\":\"https:\\\/\\\/radioljubuski.ba\\\/wp-content\\\/uploads\\\/2022\\\/06\\\/2-2022-06-21-18-04-32-ermin.jpg\",\"datePublished\":\"2022-06-22T12:57:49+00:00\",\"dateModified\":\"2022-06-22T12:57:51+00:00\",\"breadcrumb\":{\"@id\":\"https:\\\/\\\/radioljubuski.ba\\\/index.php\\\/2022\\\/06\\\/22\\\/ermin-2016-otisao-u-njemacku-do-sada-je-nasao-posao-za-310-ljudi-iz-bih-jos-60-se-sprema-otici-u-njemacku\\\/#breadcrumb\"},\"inLanguage\":\"hr\",\"potentialAction\":[{\"@type\":\"ReadAction\",\"target\":[\"https:\\\/\\\/radioljubuski.ba\\\/index.php\\\/2022\\\/06\\\/22\\\/ermin-2016-otisao-u-njemacku-do-sada-je-nasao-posao-za-310-ljudi-iz-bih-jos-60-se-sprema-otici-u-njemacku\\\/\"]}]},{\"@type\":\"ImageObject\",\"inLanguage\":\"hr\",\"@id\":\"https:\\\/\\\/radioljubuski.ba\\\/index.php\\\/2022\\\/06\\\/22\\\/ermin-2016-otisao-u-njemacku-do-sada-je-nasao-posao-za-310-ljudi-iz-bih-jos-60-se-sprema-otici-u-njemacku\\\/#primaryimage\",\"url\":\"https:\\\/\\\/radioljubuski.ba\\\/wp-content\\\/uploads\\\/2022\\\/06\\\/2-2022-06-21-18-04-32-ermin.jpg\",\"contentUrl\":\"https:\\\/\\\/radioljubuski.ba\\\/wp-content\\\/uploads\\\/2022\\\/06\\\/2-2022-06-21-18-04-32-ermin.jpg\",\"width\":1000,\"height\":625},{\"@type\":\"BreadcrumbList\",\"@id\":\"https:\\\/\\\/radioljubuski.ba\\\/index.php\\\/2022\\\/06\\\/22\\\/ermin-2016-otisao-u-njemacku-do-sada-je-nasao-posao-za-310-ljudi-iz-bih-jos-60-se-sprema-otici-u-njemacku\\\/#breadcrumb\",\"itemListElement\":[{\"@type\":\"ListItem\",\"position\":1,\"name\":\"Po\u010detna stranica\",\"item\":\"https:\\\/\\\/radioljubuski.ba\\\/\"},{\"@type\":\"ListItem\",\"position\":2,\"name\":\"Ermin 2016. oti\u0161ao u Njema\u010dku, do sada je na\u0161ao posao za 310 ljudi iz BIH, jo\u0161 60 se sprema oti\u0107i u Njema\u010dku\"}]},{\"@type\":\"WebSite\",\"@id\":\"https:\\\/\\\/radioljubuski.ba\\\/#website\",\"url\":\"https:\\\/\\\/radioljubuski.ba\\\/\",\"name\":\"Radio Ljubu\u0161ki\",\"description\":\"Sun\u010dana frekvencija Hercegovine\",\"publisher\":{\"@id\":\"https:\\\/\\\/radioljubuski.ba\\\/#organization\"},\"potentialAction\":[{\"@type\":\"SearchAction\",\"target\":{\"@type\":\"EntryPoint\",\"urlTemplate\":\"https:\\\/\\\/radioljubuski.ba\\\/?s={search_term_string}\"},\"query-input\":{\"@type\":\"PropertyValueSpecification\",\"valueRequired\":true,\"valueName\":\"search_term_string\"}}],\"inLanguage\":\"hr\"},{\"@type\":\"Organization\",\"@id\":\"https:\\\/\\\/radioljubuski.ba\\\/#organization\",\"name\":\"Radio Ljubu\u0161ki\",\"url\":\"https:\\\/\\\/radioljubuski.ba\\\/\",\"logo\":{\"@type\":\"ImageObject\",\"inLanguage\":\"hr\",\"@id\":\"https:\\\/\\\/radioljubuski.ba\\\/#\\\/schema\\\/logo\\\/image\\\/\",\"url\":\"https:\\\/\\\/radioljubuski.ba\\\/wp-content\\\/uploads\\\/2021\\\/02\\\/cropped-Radio_Ljubuski_logo1.jpg\",\"contentUrl\":\"https:\\\/\\\/radioljubuski.ba\\\/wp-content\\\/uploads\\\/2021\\\/02\\\/cropped-Radio_Ljubuski_logo1.jpg\",\"width\":512,\"height\":512,\"caption\":\"Radio Ljubu\u0161ki\"},\"image\":{\"@id\":\"https:\\\/\\\/radioljubuski.ba\\\/#\\\/schema\\\/logo\\\/image\\\/\"},\"sameAs\":[\"https:\\\/\\\/www.facebook.com\\\/Radiio-Ljubuski-1490835324566332\",\"https:\\\/\\\/x.com\\\/radioljubuski\",\"https:\\\/\\\/hr.linkedin.com\\\/company\\\/radio-ljubuski\",\"https:\\\/\\\/www.youtube.com\\\/channel\\\/UCHYaeO_n0Db3tjNGudGpXyw\"]},{\"@type\":\"Person\",\"@id\":\"https:\\\/\\\/radioljubuski.ba\\\/#\\\/schema\\\/person\\\/19fc700381a780f69665d7956c469e3b\",\"name\":\"Radio Ljubu\u0161ki\"}]}<\/script>\n<!-- \/ Yoast SEO plugin. -->","yoast_head_json":{"title":"Ermin 2016. oti\u0161ao u Njema\u010dku, do sada je na\u0161ao posao za 310 ljudi iz BIH, jo\u0161 60 se sprema oti\u0107i u Njema\u010dku - RADIO LJUBU\u0160KI","robots":{"index":"index","follow":"follow","max-snippet":"max-snippet:-1","max-image-preview":"max-image-preview:large","max-video-preview":"max-video-preview:-1"},"canonical":"https:\/\/radioljubuski.ba\/index.php\/2022\/06\/22\/ermin-2016-otisao-u-njemacku-do-sada-je-nasao-posao-za-310-ljudi-iz-bih-jos-60-se-sprema-otici-u-njemacku\/","og_locale":"hr_HR","og_type":"article","og_title":"Ermin 2016. oti\u0161ao u Njema\u010dku, do sada je na\u0161ao posao za 310 ljudi iz BIH, jo\u0161 60 se sprema oti\u0107i u Njema\u010dku - RADIO LJUBU\u0160KI","og_description":"Ermin Omanovi\u0107 iz Bugojna je u Njema\u010dku oti\u0161ao 2016. godine u po\u010detku s ciljem obrazovanja, a onda i zaposlenja. Svoje ciljeve je ostvario, a sada poma\u017ee drugim gra\u0111anima BiH koji imaju cilj da nastave njegovim putem da ga ostvare. Do sada je omogu\u0107io da 310 gra\u0111ana BiH sre\u0107u prona\u0111u u Njema\u010dkoj. Posljednjih mjeseci nudi i [&hellip;]","og_url":"https:\/\/radioljubuski.ba\/index.php\/2022\/06\/22\/ermin-2016-otisao-u-njemacku-do-sada-je-nasao-posao-za-310-ljudi-iz-bih-jos-60-se-sprema-otici-u-njemacku\/","og_site_name":"RADIO LJUBU\u0160KI","article_publisher":"https:\/\/www.facebook.com\/Radiio-Ljubuski-1490835324566332","article_published_time":"2022-06-22T12:57:49+00:00","article_modified_time":"2022-06-22T12:57:51+00:00","og_image":[{"width":1000,"height":625,"url":"https:\/\/radioljubuski.ba\/wp-content\/uploads\/2022\/06\/2-2022-06-21-18-04-32-ermin.jpg","type":"image\/jpeg"}],"author":"Radio Ljubu\u0161ki","twitter_card":"summary_large_image","twitter_creator":"@radioljubuski","twitter_site":"@radioljubuski","twitter_misc":{"Napisao\/la":"Radio Ljubu\u0161ki","Procijenjeno vrijeme \u010ditanja":"1 minuta"},"schema":{"@context":"https:\/\/schema.org","@graph":[{"@type":"Article","@id":"https:\/\/radioljubuski.ba\/index.php\/2022\/06\/22\/ermin-2016-otisao-u-njemacku-do-sada-je-nasao-posao-za-310-ljudi-iz-bih-jos-60-se-sprema-otici-u-njemacku\/#article","isPartOf":{"@id":"https:\/\/radioljubuski.ba\/index.php\/2022\/06\/22\/ermin-2016-otisao-u-njemacku-do-sada-je-nasao-posao-za-310-ljudi-iz-bih-jos-60-se-sprema-otici-u-njemacku\/"},"author":{"name":"Radio Ljubu\u0161ki","@id":"https:\/\/radioljubuski.ba\/#\/schema\/person\/19fc700381a780f69665d7956c469e3b"},"headline":"Ermin 2016. oti\u0161ao u Njema\u010dku, do sada je na\u0161ao posao za 310 ljudi iz BIH, jo\u0161 60 se sprema oti\u0107i u Njema\u010dku","datePublished":"2022-06-22T12:57:49+00:00","dateModified":"2022-06-22T12:57:51+00:00","mainEntityOfPage":{"@id":"https:\/\/radioljubuski.ba\/index.php\/2022\/06\/22\/ermin-2016-otisao-u-njemacku-do-sada-je-nasao-posao-za-310-ljudi-iz-bih-jos-60-se-sprema-otici-u-njemacku\/"},"wordCount":273,"publisher":{"@id":"https:\/\/radioljubuski.ba\/#organization"},"image":{"@id":"https:\/\/radioljubuski.ba\/index.php\/2022\/06\/22\/ermin-2016-otisao-u-njemacku-do-sada-je-nasao-posao-za-310-ljudi-iz-bih-jos-60-se-sprema-otici-u-njemacku\/#primaryimage"},"thumbnailUrl":"https:\/\/radioljubuski.ba\/wp-content\/uploads\/2022\/06\/2-2022-06-21-18-04-32-ermin.jpg","articleSection":["BIH i regija"],"inLanguage":"hr"},{"@type":"WebPage","@id":"https:\/\/radioljubuski.ba\/index.php\/2022\/06\/22\/ermin-2016-otisao-u-njemacku-do-sada-je-nasao-posao-za-310-ljudi-iz-bih-jos-60-se-sprema-otici-u-njemacku\/","url":"https:\/\/radioljubuski.ba\/index.php\/2022\/06\/22\/ermin-2016-otisao-u-njemacku-do-sada-je-nasao-posao-za-310-ljudi-iz-bih-jos-60-se-sprema-otici-u-njemacku\/","name":"Ermin 2016. oti\u0161ao u Njema\u010dku, do sada je na\u0161ao posao za 310 ljudi iz BIH, jo\u0161 60 se sprema oti\u0107i u Njema\u010dku - RADIO LJUBU\u0160KI","isPartOf":{"@id":"https:\/\/radioljubuski.ba\/#website"},"primaryImageOfPage":{"@id":"https:\/\/radioljubuski.ba\/index.php\/2022\/06\/22\/ermin-2016-otisao-u-njemacku-do-sada-je-nasao-posao-za-310-ljudi-iz-bih-jos-60-se-sprema-otici-u-njemacku\/#primaryimage"},"image":{"@id":"https:\/\/radioljubuski.ba\/index.php\/2022\/06\/22\/ermin-2016-otisao-u-njemacku-do-sada-je-nasao-posao-za-310-ljudi-iz-bih-jos-60-se-sprema-otici-u-njemacku\/#primaryimage"},"thumbnailUrl":"https:\/\/radioljubuski.ba\/wp-content\/uploads\/2022\/06\/2-2022-06-21-18-04-32-ermin.jpg","datePublished":"2022-06-22T12:57:49+00:00","dateModified":"2022-06-22T12:57:51+00:00","breadcrumb":{"@id":"https:\/\/radioljubuski.ba\/index.php\/2022\/06\/22\/ermin-2016-otisao-u-njemacku-do-sada-je-nasao-posao-za-310-ljudi-iz-bih-jos-60-se-sprema-otici-u-njemacku\/#breadcrumb"},"inLanguage":"hr","potentialAction":[{"@type":"ReadAction","target":["https:\/\/radioljubuski.ba\/index.php\/2022\/06\/22\/ermin-2016-otisao-u-njemacku-do-sada-je-nasao-posao-za-310-ljudi-iz-bih-jos-60-se-sprema-otici-u-njemacku\/"]}]},{"@type":"ImageObject","inLanguage":"hr","@id":"https:\/\/radioljubuski.ba\/index.php\/2022\/06\/22\/ermin-2016-otisao-u-njemacku-do-sada-je-nasao-posao-za-310-ljudi-iz-bih-jos-60-se-sprema-otici-u-njemacku\/#primaryimage","url":"https:\/\/radioljubuski.ba\/wp-content\/uploads\/2022\/06\/2-2022-06-21-18-04-32-ermin.jpg","contentUrl":"https:\/\/radioljubuski.ba\/wp-content\/uploads\/2022\/06\/2-2022-06-21-18-04-32-ermin.jpg","width":1000,"height":625},{"@type":"BreadcrumbList","@id":"https:\/\/radioljubuski.ba\/index.php\/2022\/06\/22\/ermin-2016-otisao-u-njemacku-do-sada-je-nasao-posao-za-310-ljudi-iz-bih-jos-60-se-sprema-otici-u-njemacku\/#breadcrumb","itemListElement":[{"@type":"ListItem","position":1,"name":"Po\u010detna stranica","item":"https:\/\/radioljubuski.ba\/"},{"@type":"ListItem","position":2,"name":"Ermin 2016. oti\u0161ao u Njema\u010dku, do sada je na\u0161ao posao za 310 ljudi iz BIH, jo\u0161 60 se sprema oti\u0107i u Njema\u010dku"}]},{"@type":"WebSite","@id":"https:\/\/radioljubuski.ba\/#website","url":"https:\/\/radioljubuski.ba\/","name":"Radio Ljubu\u0161ki","description":"Sun\u010dana frekvencija Hercegovine","publisher":{"@id":"https:\/\/radioljubuski.ba\/#organization"},"potentialAction":[{"@type":"SearchAction","target":{"@type":"EntryPoint","urlTemplate":"https:\/\/radioljubuski.ba\/?s={search_term_string}"},"query-input":{"@type":"PropertyValueSpecification","valueRequired":true,"valueName":"search_term_string"}}],"inLanguage":"hr"},{"@type":"Organization","@id":"https:\/\/radioljubuski.ba\/#organization","name":"Radio Ljubu\u0161ki","url":"https:\/\/radioljubuski.ba\/","logo":{"@type":"ImageObject","inLanguage":"hr","@id":"https:\/\/radioljubuski.ba\/#\/schema\/logo\/image\/","url":"https:\/\/radioljubuski.ba\/wp-content\/uploads\/2021\/02\/cropped-Radio_Ljubuski_logo1.jpg","contentUrl":"https:\/\/radioljubuski.ba\/wp-content\/uploads\/2021\/02\/cropped-Radio_Ljubuski_logo1.jpg","width":512,"height":512,"caption":"Radio Ljubu\u0161ki"},"image":{"@id":"https:\/\/radioljubuski.ba\/#\/schema\/logo\/image\/"},"sameAs":["https:\/\/www.facebook.com\/Radiio-Ljubuski-1490835324566332","https:\/\/x.com\/radioljubuski","https:\/\/hr.linkedin.com\/company\/radio-ljubuski","https:\/\/www.youtube.com\/channel\/UCHYaeO_n0Db3tjNGudGpXyw"]},{"@type":"Person","@id":"https:\/\/radioljubuski.ba\/#\/schema\/person\/19fc700381a780f69665d7956c469e3b","name":"Radio Ljubu\u0161ki"}]}},"_links":{"self":[{"href":"https:\/\/radioljubuski.ba\/index.php\/wp-json\/wp\/v2\/posts\/152130","targetHints":{"allow":["GET"]}}],"collection":[{"href":"https:\/\/radioljubuski.ba\/index.php\/wp-json\/wp\/v2\/posts"}],"about":[{"href":"https:\/\/radioljubuski.ba\/index.php\/wp-json\/wp\/v2\/types\/post"}],"author":[{"embeddable":true,"href":"https:\/\/radioljubuski.ba\/index.php\/wp-json\/wp\/v2\/users\/2"}],"replies":[{"embeddable":true,"href":"https:\/\/radioljubuski.ba\/index.php\/wp-json\/wp\/v2\/comments?post=152130"}],"version-history":[{"count":1,"href":"https:\/\/radioljubuski.ba\/index.php\/wp-json\/wp\/v2\/posts\/152130\/revisions"}],"predecessor-version":[{"id":152132,"href":"https:\/\/radioljubuski.ba\/index.php\/wp-json\/wp\/v2\/posts\/152130\/revisions\/152132"}],"wp:featuredmedia":[{"embeddable":true,"href":"https:\/\/radioljubuski.ba\/index.php\/wp-json\/wp\/v2\/media\/152131"}],"wp:attachment":[{"href":"https:\/\/radioljubuski.ba\/index.php\/wp-json\/wp\/v2\/media?parent=152130"}],"wp:term":[{"taxonomy":"category","embeddable":true,"href":"https:\/\/radioljubuski.ba\/index.php\/wp-json\/wp\/v2\/categories?post=152130"},{"taxonomy":"post_tag","embeddable":true,"href":"https:\/\/radioljubuski.ba\/index.php\/wp-json\/wp\/v2\/tags?post=152130"}],"curies":[{"name":"wp","href":"https:\/\/api.w.org\/{rel}","templated":true}]}}