{"id":152133,"date":"2022-06-22T13:59:32","date_gmt":"2022-06-22T12:59:32","guid":{"rendered":"https:\/\/radioljubuski.ba\/?p=152133"},"modified":"2022-06-22T13:59:33","modified_gmt":"2022-06-22T12:59:33","slug":"hoce-li-tisuce-tona-voca-i-povrca-iz-bih-ostati-na-granici-sa-hrvatskom","status":"publish","type":"post","link":"https:\/\/radioljubuski.ba\/index.php\/2022\/06\/22\/hoce-li-tisuce-tona-voca-i-povrca-iz-bih-ostati-na-granici-sa-hrvatskom\/","title":{"rendered":"Ho\u0107e li tisu\u0107e tona vo\u0107a i povr\u0107a iz BiH ostati na granici sa Hrvatskom?"},"content":{"rendered":"\n<p>Ministar vanjske trgovine i ekonomskih odnosa Bosne i Hercegovine Sta\u0161a Ko\u0161arac uputio je inicijativu prema nadle\u017enim tijelima Republike Hrvatske za otvaranje &#8216;zelenih koridora&#8217; za neometan protok roba i produ\u017eenje radnog vremena fitosanitarnih inspektora na grani\u010dnim prijelazima za me\u0111unarodni cestovni promet putnika i roba koje podlije\u017eu inspekcijskim kontrolama.<\/p>\n\n\n\n<p>On je podsjetio da je o tim pitanjima razgovarano i na sastanku izaslanstva Vije\u0107a ministara BiH i Vlade Hrvatske, koji je odr\u017ean u prosincu pro\u0161le godine.<\/p>\n\n\n\n<p>-Otvaranje &#8221;zelenih koridora&#8221;, te produ\u017eenje radnog vremena fitosanitarne inspekcije u ljetnom razdoblju, kada je izvoz najintenzivniji, kao i mogu\u0107e uvo\u0111enje rada subotom, zna\u010dilo bi smanjenje gu\u017evi na grani\u010dnim prijelazima i olak\u0161avanje transporta doma\u0107im gospodarstvenicima, istaknuo je Ko\u0161arac u dopisu upu\u0107enom Dr\u017eavnom inspektoratu Hrvatske, te veleposlanstvima BiH u Hrvatskoj i Hrvatske u BiH.<\/p>\n\n\n\n<p>Prema rije\u010dima ministra Ko\u0161arca, procjenjuje se da \u0107e u vremenu pred nama biti izvezene zna\u010dajne koli\u010dine vo\u0107a i povr\u0107a iz BiH, prvenstveno svje\u017ee \u0161ljive i to 8.000 tona, svje\u017eeg krastavca korni\u0161ona 5.000 tona, te odre\u0111ena koli\u010dina paprike.<\/p>\n\n\n\n<p>-Na\u0161a namjera je da doma\u0107im izvozno orijentiranim poljoprivrednicima olak\u0161amo posao, skratimo vrijeme \u010dekanja na grani\u010dnim prijelazima, a time i dodatne tro\u0161kove, kojima su izlo\u017eeni ukoliko ne ispo\u0161tuju ugovorene rokove za isporuku roba. Zbog toga intenzivno tra\u017eimo na\u010din da sprije\u010dimo zastoje na granicama, kako bismo izbjegli scenario da se zbog du\u017eine vremena \u010dekanja pogor\u0161ava kvalitet vo\u0107a i povr\u0107a namijenjenih za izvoz&#8221;, poru\u010dio je Ko\u0161arac.<\/p>\n\n\n\n<p>S tim u vezi, zatra\u017eio je odr\u017eavanje sastanka s nadle\u017enim tijelima u Hrvatskoj u najkra\u0107em roku, kako bi se pravovremeno otklonile pote\u0161ko\u0107e prilikom izvoza proizvoda iz BiH, koji podlije\u017eu inspekcijskim kontrolama, na tr\u017ei\u0161te EU, saop\u0107eno je iz MVTEO BiH.<\/p>\n\n\n\n<p>-Pro\u0161le godine smo, zahvaljuju\u0107i zajedni\u010dkim aktivnostima i kontinuiranoj komunikaciji s hrvatskom stranom, uspje\u0161no rije\u0161ili ovaj problem na korist doma\u0107ih gospodarstvenika koji su izvozno orijentirani. Jedan od najboljih na\u010dina da za\u0161titimo doma\u0107u proizvodnju, uz po\u0161tivanje me\u0111unarodnih ugovora, jeste da na\u0161im gospodarstvenicima omogu\u0107imo nesmetan plasman robe na tr\u017ei\u0161te dr\u017eava EU. Tako \u0107e svje\u017ea roba do krajnjeg kupca sti\u0107i u \u0161to kra\u0107em vremenskom roku, bez slabljenja kvaliteta, zaklju\u010dio je ministar Ko\u0161arac.<\/p>\n\n\n\n<p>Izvor:pogled.ba<\/p>\n","protected":false},"excerpt":{"rendered":"<p>Ministar vanjske trgovine i ekonomskih odnosa Bosne i Hercegovine Sta\u0161a Ko\u0161arac uputio je inicijativu prema nadle\u017enim tijelima Republike Hrvatske za otvaranje &#8216;zelenih koridora&#8217; za neometan protok roba i produ\u017eenje radnog vremena fitosanitarnih inspektora na grani\u010dnim prijelazima za me\u0111unarodni cestovni promet putnika i roba koje podlije\u017eu inspekcijskim kontrolama. On je podsjetio da je o tim pitanjima [&hellip;]<\/p>\n","protected":false},"author":2,"featured_media":152134,"comment_status":"closed","ping_status":"closed","sticky":false,"template":"","format":"standard","meta":{"h5ap_radio_sources":[],"footnotes":""},"categories":[1],"tags":[],"class_list":["post-152133","post","type-post","status-publish","format-standard","has-post-thumbnail","hentry","category-bihiregija"],"yoast_head":"<!-- This site is optimized with the Yoast SEO plugin v27.4 - https:\/\/yoast.com\/product\/yoast-seo-wordpress\/ -->\n<title>Ho\u0107e li tisu\u0107e tona vo\u0107a i povr\u0107a iz BiH ostati na granici sa Hrvatskom? - RADIO LJUBU\u0160KI<\/title>\n<meta name=\"robots\" content=\"index, follow, max-snippet:-1, max-image-preview:large, max-video-preview:-1\" \/>\n<link rel=\"canonical\" href=\"https:\/\/radioljubuski.ba\/index.php\/2022\/06\/22\/hoce-li-tisuce-tona-voca-i-povrca-iz-bih-ostati-na-granici-sa-hrvatskom\/\" \/>\n<meta property=\"og:locale\" content=\"hr_HR\" \/>\n<meta property=\"og:type\" content=\"article\" \/>\n<meta property=\"og:title\" content=\"Ho\u0107e li tisu\u0107e tona vo\u0107a i povr\u0107a iz BiH ostati na granici sa Hrvatskom? - RADIO LJUBU\u0160KI\" \/>\n<meta property=\"og:description\" content=\"Ministar vanjske trgovine i ekonomskih odnosa Bosne i Hercegovine Sta\u0161a Ko\u0161arac uputio je inicijativu prema nadle\u017enim tijelima Republike Hrvatske za otvaranje &#8216;zelenih koridora&#8217; za neometan protok roba i produ\u017eenje radnog vremena fitosanitarnih inspektora na grani\u010dnim prijelazima za me\u0111unarodni cestovni promet putnika i roba koje podlije\u017eu inspekcijskim kontrolama. On je podsjetio da je o tim pitanjima [&hellip;]\" \/>\n<meta property=\"og:url\" content=\"https:\/\/radioljubuski.ba\/index.php\/2022\/06\/22\/hoce-li-tisuce-tona-voca-i-povrca-iz-bih-ostati-na-granici-sa-hrvatskom\/\" \/>\n<meta property=\"og:site_name\" content=\"RADIO LJUBU\u0160KI\" \/>\n<meta property=\"article:publisher\" content=\"https:\/\/www.facebook.com\/Radiio-Ljubuski-1490835324566332\" \/>\n<meta property=\"article:published_time\" content=\"2022-06-22T12:59:32+00:00\" \/>\n<meta property=\"article:modified_time\" content=\"2022-06-22T12:59:33+00:00\" \/>\n<meta property=\"og:image\" content=\"https:\/\/radioljubuski.ba\/wp-content\/uploads\/2022\/06\/2CEfUvQX_kamioni.jpg\" \/>\n\t<meta property=\"og:image:width\" content=\"1000\" \/>\n\t<meta property=\"og:image:height\" content=\"625\" \/>\n\t<meta property=\"og:image:type\" content=\"image\/jpeg\" \/>\n<meta name=\"author\" content=\"Radio Ljubu\u0161ki\" \/>\n<meta name=\"twitter:card\" content=\"summary_large_image\" \/>\n<meta name=\"twitter:creator\" content=\"@radioljubuski\" \/>\n<meta name=\"twitter:site\" content=\"@radioljubuski\" \/>\n<meta name=\"twitter:label1\" content=\"Napisao\/la\" \/>\n\t<meta name=\"twitter:data1\" content=\"Radio Ljubu\u0161ki\" \/>\n\t<meta name=\"twitter:label2\" content=\"Procijenjeno vrijeme \u010ditanja\" \/>\n\t<meta name=\"twitter:data2\" content=\"2 minute\" \/>\n<script type=\"application\/ld+json\" class=\"yoast-schema-graph\">{\"@context\":\"https:\\\/\\\/schema.org\",\"@graph\":[{\"@type\":\"Article\",\"@id\":\"https:\\\/\\\/radioljubuski.ba\\\/index.php\\\/2022\\\/06\\\/22\\\/hoce-li-tisuce-tona-voca-i-povrca-iz-bih-ostati-na-granici-sa-hrvatskom\\\/#article\",\"isPartOf\":{\"@id\":\"https:\\\/\\\/radioljubuski.ba\\\/index.php\\\/2022\\\/06\\\/22\\\/hoce-li-tisuce-tona-voca-i-povrca-iz-bih-ostati-na-granici-sa-hrvatskom\\\/\"},\"author\":{\"name\":\"Radio Ljubu\u0161ki\",\"@id\":\"https:\\\/\\\/radioljubuski.ba\\\/#\\\/schema\\\/person\\\/19fc700381a780f69665d7956c469e3b\"},\"headline\":\"Ho\u0107e li tisu\u0107e tona vo\u0107a i povr\u0107a iz BiH ostati na granici sa Hrvatskom?\",\"datePublished\":\"2022-06-22T12:59:32+00:00\",\"dateModified\":\"2022-06-22T12:59:33+00:00\",\"mainEntityOfPage\":{\"@id\":\"https:\\\/\\\/radioljubuski.ba\\\/index.php\\\/2022\\\/06\\\/22\\\/hoce-li-tisuce-tona-voca-i-povrca-iz-bih-ostati-na-granici-sa-hrvatskom\\\/\"},\"wordCount\":430,\"publisher\":{\"@id\":\"https:\\\/\\\/radioljubuski.ba\\\/#organization\"},\"image\":{\"@id\":\"https:\\\/\\\/radioljubuski.ba\\\/index.php\\\/2022\\\/06\\\/22\\\/hoce-li-tisuce-tona-voca-i-povrca-iz-bih-ostati-na-granici-sa-hrvatskom\\\/#primaryimage\"},\"thumbnailUrl\":\"https:\\\/\\\/radioljubuski.ba\\\/wp-content\\\/uploads\\\/2022\\\/06\\\/2CEfUvQX_kamioni.jpg\",\"articleSection\":[\"BIH i regija\"],\"inLanguage\":\"hr\"},{\"@type\":\"WebPage\",\"@id\":\"https:\\\/\\\/radioljubuski.ba\\\/index.php\\\/2022\\\/06\\\/22\\\/hoce-li-tisuce-tona-voca-i-povrca-iz-bih-ostati-na-granici-sa-hrvatskom\\\/\",\"url\":\"https:\\\/\\\/radioljubuski.ba\\\/index.php\\\/2022\\\/06\\\/22\\\/hoce-li-tisuce-tona-voca-i-povrca-iz-bih-ostati-na-granici-sa-hrvatskom\\\/\",\"name\":\"Ho\u0107e li tisu\u0107e tona vo\u0107a i povr\u0107a iz BiH ostati na granici sa Hrvatskom? - RADIO LJUBU\u0160KI\",\"isPartOf\":{\"@id\":\"https:\\\/\\\/radioljubuski.ba\\\/#website\"},\"primaryImageOfPage\":{\"@id\":\"https:\\\/\\\/radioljubuski.ba\\\/index.php\\\/2022\\\/06\\\/22\\\/hoce-li-tisuce-tona-voca-i-povrca-iz-bih-ostati-na-granici-sa-hrvatskom\\\/#primaryimage\"},\"image\":{\"@id\":\"https:\\\/\\\/radioljubuski.ba\\\/index.php\\\/2022\\\/06\\\/22\\\/hoce-li-tisuce-tona-voca-i-povrca-iz-bih-ostati-na-granici-sa-hrvatskom\\\/#primaryimage\"},\"thumbnailUrl\":\"https:\\\/\\\/radioljubuski.ba\\\/wp-content\\\/uploads\\\/2022\\\/06\\\/2CEfUvQX_kamioni.jpg\",\"datePublished\":\"2022-06-22T12:59:32+00:00\",\"dateModified\":\"2022-06-22T12:59:33+00:00\",\"breadcrumb\":{\"@id\":\"https:\\\/\\\/radioljubuski.ba\\\/index.php\\\/2022\\\/06\\\/22\\\/hoce-li-tisuce-tona-voca-i-povrca-iz-bih-ostati-na-granici-sa-hrvatskom\\\/#breadcrumb\"},\"inLanguage\":\"hr\",\"potentialAction\":[{\"@type\":\"ReadAction\",\"target\":[\"https:\\\/\\\/radioljubuski.ba\\\/index.php\\\/2022\\\/06\\\/22\\\/hoce-li-tisuce-tona-voca-i-povrca-iz-bih-ostati-na-granici-sa-hrvatskom\\\/\"]}]},{\"@type\":\"ImageObject\",\"inLanguage\":\"hr\",\"@id\":\"https:\\\/\\\/radioljubuski.ba\\\/index.php\\\/2022\\\/06\\\/22\\\/hoce-li-tisuce-tona-voca-i-povrca-iz-bih-ostati-na-granici-sa-hrvatskom\\\/#primaryimage\",\"url\":\"https:\\\/\\\/radioljubuski.ba\\\/wp-content\\\/uploads\\\/2022\\\/06\\\/2CEfUvQX_kamioni.jpg\",\"contentUrl\":\"https:\\\/\\\/radioljubuski.ba\\\/wp-content\\\/uploads\\\/2022\\\/06\\\/2CEfUvQX_kamioni.jpg\",\"width\":1000,\"height\":625},{\"@type\":\"BreadcrumbList\",\"@id\":\"https:\\\/\\\/radioljubuski.ba\\\/index.php\\\/2022\\\/06\\\/22\\\/hoce-li-tisuce-tona-voca-i-povrca-iz-bih-ostati-na-granici-sa-hrvatskom\\\/#breadcrumb\",\"itemListElement\":[{\"@type\":\"ListItem\",\"position\":1,\"name\":\"Po\u010detna stranica\",\"item\":\"https:\\\/\\\/radioljubuski.ba\\\/\"},{\"@type\":\"ListItem\",\"position\":2,\"name\":\"Ho\u0107e li tisu\u0107e tona vo\u0107a i povr\u0107a iz BiH ostati na granici sa Hrvatskom?\"}]},{\"@type\":\"WebSite\",\"@id\":\"https:\\\/\\\/radioljubuski.ba\\\/#website\",\"url\":\"https:\\\/\\\/radioljubuski.ba\\\/\",\"name\":\"Radio Ljubu\u0161ki\",\"description\":\"Sun\u010dana frekvencija Hercegovine\",\"publisher\":{\"@id\":\"https:\\\/\\\/radioljubuski.ba\\\/#organization\"},\"potentialAction\":[{\"@type\":\"SearchAction\",\"target\":{\"@type\":\"EntryPoint\",\"urlTemplate\":\"https:\\\/\\\/radioljubuski.ba\\\/?s={search_term_string}\"},\"query-input\":{\"@type\":\"PropertyValueSpecification\",\"valueRequired\":true,\"valueName\":\"search_term_string\"}}],\"inLanguage\":\"hr\"},{\"@type\":\"Organization\",\"@id\":\"https:\\\/\\\/radioljubuski.ba\\\/#organization\",\"name\":\"Radio Ljubu\u0161ki\",\"url\":\"https:\\\/\\\/radioljubuski.ba\\\/\",\"logo\":{\"@type\":\"ImageObject\",\"inLanguage\":\"hr\",\"@id\":\"https:\\\/\\\/radioljubuski.ba\\\/#\\\/schema\\\/logo\\\/image\\\/\",\"url\":\"https:\\\/\\\/radioljubuski.ba\\\/wp-content\\\/uploads\\\/2021\\\/02\\\/cropped-Radio_Ljubuski_logo1.jpg\",\"contentUrl\":\"https:\\\/\\\/radioljubuski.ba\\\/wp-content\\\/uploads\\\/2021\\\/02\\\/cropped-Radio_Ljubuski_logo1.jpg\",\"width\":512,\"height\":512,\"caption\":\"Radio Ljubu\u0161ki\"},\"image\":{\"@id\":\"https:\\\/\\\/radioljubuski.ba\\\/#\\\/schema\\\/logo\\\/image\\\/\"},\"sameAs\":[\"https:\\\/\\\/www.facebook.com\\\/Radiio-Ljubuski-1490835324566332\",\"https:\\\/\\\/x.com\\\/radioljubuski\",\"https:\\\/\\\/hr.linkedin.com\\\/company\\\/radio-ljubuski\",\"https:\\\/\\\/www.youtube.com\\\/channel\\\/UCHYaeO_n0Db3tjNGudGpXyw\"]},{\"@type\":\"Person\",\"@id\":\"https:\\\/\\\/radioljubuski.ba\\\/#\\\/schema\\\/person\\\/19fc700381a780f69665d7956c469e3b\",\"name\":\"Radio Ljubu\u0161ki\"}]}<\/script>\n<!-- \/ Yoast SEO plugin. -->","yoast_head_json":{"title":"Ho\u0107e li tisu\u0107e tona vo\u0107a i povr\u0107a iz BiH ostati na granici sa Hrvatskom? - RADIO LJUBU\u0160KI","robots":{"index":"index","follow":"follow","max-snippet":"max-snippet:-1","max-image-preview":"max-image-preview:large","max-video-preview":"max-video-preview:-1"},"canonical":"https:\/\/radioljubuski.ba\/index.php\/2022\/06\/22\/hoce-li-tisuce-tona-voca-i-povrca-iz-bih-ostati-na-granici-sa-hrvatskom\/","og_locale":"hr_HR","og_type":"article","og_title":"Ho\u0107e li tisu\u0107e tona vo\u0107a i povr\u0107a iz BiH ostati na granici sa Hrvatskom? - RADIO LJUBU\u0160KI","og_description":"Ministar vanjske trgovine i ekonomskih odnosa Bosne i Hercegovine Sta\u0161a Ko\u0161arac uputio je inicijativu prema nadle\u017enim tijelima Republike Hrvatske za otvaranje &#8216;zelenih koridora&#8217; za neometan protok roba i produ\u017eenje radnog vremena fitosanitarnih inspektora na grani\u010dnim prijelazima za me\u0111unarodni cestovni promet putnika i roba koje podlije\u017eu inspekcijskim kontrolama. On je podsjetio da je o tim pitanjima [&hellip;]","og_url":"https:\/\/radioljubuski.ba\/index.php\/2022\/06\/22\/hoce-li-tisuce-tona-voca-i-povrca-iz-bih-ostati-na-granici-sa-hrvatskom\/","og_site_name":"RADIO LJUBU\u0160KI","article_publisher":"https:\/\/www.facebook.com\/Radiio-Ljubuski-1490835324566332","article_published_time":"2022-06-22T12:59:32+00:00","article_modified_time":"2022-06-22T12:59:33+00:00","og_image":[{"width":1000,"height":625,"url":"https:\/\/radioljubuski.ba\/wp-content\/uploads\/2022\/06\/2CEfUvQX_kamioni.jpg","type":"image\/jpeg"}],"author":"Radio Ljubu\u0161ki","twitter_card":"summary_large_image","twitter_creator":"@radioljubuski","twitter_site":"@radioljubuski","twitter_misc":{"Napisao\/la":"Radio Ljubu\u0161ki","Procijenjeno vrijeme \u010ditanja":"2 minute"},"schema":{"@context":"https:\/\/schema.org","@graph":[{"@type":"Article","@id":"https:\/\/radioljubuski.ba\/index.php\/2022\/06\/22\/hoce-li-tisuce-tona-voca-i-povrca-iz-bih-ostati-na-granici-sa-hrvatskom\/#article","isPartOf":{"@id":"https:\/\/radioljubuski.ba\/index.php\/2022\/06\/22\/hoce-li-tisuce-tona-voca-i-povrca-iz-bih-ostati-na-granici-sa-hrvatskom\/"},"author":{"name":"Radio Ljubu\u0161ki","@id":"https:\/\/radioljubuski.ba\/#\/schema\/person\/19fc700381a780f69665d7956c469e3b"},"headline":"Ho\u0107e li tisu\u0107e tona vo\u0107a i povr\u0107a iz BiH ostati na granici sa Hrvatskom?","datePublished":"2022-06-22T12:59:32+00:00","dateModified":"2022-06-22T12:59:33+00:00","mainEntityOfPage":{"@id":"https:\/\/radioljubuski.ba\/index.php\/2022\/06\/22\/hoce-li-tisuce-tona-voca-i-povrca-iz-bih-ostati-na-granici-sa-hrvatskom\/"},"wordCount":430,"publisher":{"@id":"https:\/\/radioljubuski.ba\/#organization"},"image":{"@id":"https:\/\/radioljubuski.ba\/index.php\/2022\/06\/22\/hoce-li-tisuce-tona-voca-i-povrca-iz-bih-ostati-na-granici-sa-hrvatskom\/#primaryimage"},"thumbnailUrl":"https:\/\/radioljubuski.ba\/wp-content\/uploads\/2022\/06\/2CEfUvQX_kamioni.jpg","articleSection":["BIH i regija"],"inLanguage":"hr"},{"@type":"WebPage","@id":"https:\/\/radioljubuski.ba\/index.php\/2022\/06\/22\/hoce-li-tisuce-tona-voca-i-povrca-iz-bih-ostati-na-granici-sa-hrvatskom\/","url":"https:\/\/radioljubuski.ba\/index.php\/2022\/06\/22\/hoce-li-tisuce-tona-voca-i-povrca-iz-bih-ostati-na-granici-sa-hrvatskom\/","name":"Ho\u0107e li tisu\u0107e tona vo\u0107a i povr\u0107a iz BiH ostati na granici sa Hrvatskom? - RADIO LJUBU\u0160KI","isPartOf":{"@id":"https:\/\/radioljubuski.ba\/#website"},"primaryImageOfPage":{"@id":"https:\/\/radioljubuski.ba\/index.php\/2022\/06\/22\/hoce-li-tisuce-tona-voca-i-povrca-iz-bih-ostati-na-granici-sa-hrvatskom\/#primaryimage"},"image":{"@id":"https:\/\/radioljubuski.ba\/index.php\/2022\/06\/22\/hoce-li-tisuce-tona-voca-i-povrca-iz-bih-ostati-na-granici-sa-hrvatskom\/#primaryimage"},"thumbnailUrl":"https:\/\/radioljubuski.ba\/wp-content\/uploads\/2022\/06\/2CEfUvQX_kamioni.jpg","datePublished":"2022-06-22T12:59:32+00:00","dateModified":"2022-06-22T12:59:33+00:00","breadcrumb":{"@id":"https:\/\/radioljubuski.ba\/index.php\/2022\/06\/22\/hoce-li-tisuce-tona-voca-i-povrca-iz-bih-ostati-na-granici-sa-hrvatskom\/#breadcrumb"},"inLanguage":"hr","potentialAction":[{"@type":"ReadAction","target":["https:\/\/radioljubuski.ba\/index.php\/2022\/06\/22\/hoce-li-tisuce-tona-voca-i-povrca-iz-bih-ostati-na-granici-sa-hrvatskom\/"]}]},{"@type":"ImageObject","inLanguage":"hr","@id":"https:\/\/radioljubuski.ba\/index.php\/2022\/06\/22\/hoce-li-tisuce-tona-voca-i-povrca-iz-bih-ostati-na-granici-sa-hrvatskom\/#primaryimage","url":"https:\/\/radioljubuski.ba\/wp-content\/uploads\/2022\/06\/2CEfUvQX_kamioni.jpg","contentUrl":"https:\/\/radioljubuski.ba\/wp-content\/uploads\/2022\/06\/2CEfUvQX_kamioni.jpg","width":1000,"height":625},{"@type":"BreadcrumbList","@id":"https:\/\/radioljubuski.ba\/index.php\/2022\/06\/22\/hoce-li-tisuce-tona-voca-i-povrca-iz-bih-ostati-na-granici-sa-hrvatskom\/#breadcrumb","itemListElement":[{"@type":"ListItem","position":1,"name":"Po\u010detna stranica","item":"https:\/\/radioljubuski.ba\/"},{"@type":"ListItem","position":2,"name":"Ho\u0107e li tisu\u0107e tona vo\u0107a i povr\u0107a iz BiH ostati na granici sa Hrvatskom?"}]},{"@type":"WebSite","@id":"https:\/\/radioljubuski.ba\/#website","url":"https:\/\/radioljubuski.ba\/","name":"Radio Ljubu\u0161ki","description":"Sun\u010dana frekvencija Hercegovine","publisher":{"@id":"https:\/\/radioljubuski.ba\/#organization"},"potentialAction":[{"@type":"SearchAction","target":{"@type":"EntryPoint","urlTemplate":"https:\/\/radioljubuski.ba\/?s={search_term_string}"},"query-input":{"@type":"PropertyValueSpecification","valueRequired":true,"valueName":"search_term_string"}}],"inLanguage":"hr"},{"@type":"Organization","@id":"https:\/\/radioljubuski.ba\/#organization","name":"Radio Ljubu\u0161ki","url":"https:\/\/radioljubuski.ba\/","logo":{"@type":"ImageObject","inLanguage":"hr","@id":"https:\/\/radioljubuski.ba\/#\/schema\/logo\/image\/","url":"https:\/\/radioljubuski.ba\/wp-content\/uploads\/2021\/02\/cropped-Radio_Ljubuski_logo1.jpg","contentUrl":"https:\/\/radioljubuski.ba\/wp-content\/uploads\/2021\/02\/cropped-Radio_Ljubuski_logo1.jpg","width":512,"height":512,"caption":"Radio Ljubu\u0161ki"},"image":{"@id":"https:\/\/radioljubuski.ba\/#\/schema\/logo\/image\/"},"sameAs":["https:\/\/www.facebook.com\/Radiio-Ljubuski-1490835324566332","https:\/\/x.com\/radioljubuski","https:\/\/hr.linkedin.com\/company\/radio-ljubuski","https:\/\/www.youtube.com\/channel\/UCHYaeO_n0Db3tjNGudGpXyw"]},{"@type":"Person","@id":"https:\/\/radioljubuski.ba\/#\/schema\/person\/19fc700381a780f69665d7956c469e3b","name":"Radio Ljubu\u0161ki"}]}},"_links":{"self":[{"href":"https:\/\/radioljubuski.ba\/index.php\/wp-json\/wp\/v2\/posts\/152133","targetHints":{"allow":["GET"]}}],"collection":[{"href":"https:\/\/radioljubuski.ba\/index.php\/wp-json\/wp\/v2\/posts"}],"about":[{"href":"https:\/\/radioljubuski.ba\/index.php\/wp-json\/wp\/v2\/types\/post"}],"author":[{"embeddable":true,"href":"https:\/\/radioljubuski.ba\/index.php\/wp-json\/wp\/v2\/users\/2"}],"replies":[{"embeddable":true,"href":"https:\/\/radioljubuski.ba\/index.php\/wp-json\/wp\/v2\/comments?post=152133"}],"version-history":[{"count":1,"href":"https:\/\/radioljubuski.ba\/index.php\/wp-json\/wp\/v2\/posts\/152133\/revisions"}],"predecessor-version":[{"id":152135,"href":"https:\/\/radioljubuski.ba\/index.php\/wp-json\/wp\/v2\/posts\/152133\/revisions\/152135"}],"wp:featuredmedia":[{"embeddable":true,"href":"https:\/\/radioljubuski.ba\/index.php\/wp-json\/wp\/v2\/media\/152134"}],"wp:attachment":[{"href":"https:\/\/radioljubuski.ba\/index.php\/wp-json\/wp\/v2\/media?parent=152133"}],"wp:term":[{"taxonomy":"category","embeddable":true,"href":"https:\/\/radioljubuski.ba\/index.php\/wp-json\/wp\/v2\/categories?post=152133"},{"taxonomy":"post_tag","embeddable":true,"href":"https:\/\/radioljubuski.ba\/index.php\/wp-json\/wp\/v2\/tags?post=152133"}],"curies":[{"name":"wp","href":"https:\/\/api.w.org\/{rel}","templated":true}]}}