{"id":152145,"date":"2022-06-22T14:04:15","date_gmt":"2022-06-22T13:04:15","guid":{"rendered":"https:\/\/radioljubuski.ba\/?p=152145"},"modified":"2022-06-22T14:04:16","modified_gmt":"2022-06-22T13:04:16","slug":"rusko-ministarstvo-obrane-dogovara-s-turskom-koridor-za-zito","status":"publish","type":"post","link":"https:\/\/radioljubuski.ba\/index.php\/2022\/06\/22\/rusko-ministarstvo-obrane-dogovara-s-turskom-koridor-za-zito\/","title":{"rendered":"Rusko ministarstvo obrane dogovara s Turskom koridor za \u017eito"},"content":{"rendered":"\n<p>Rusko ministarstvo obrane razgovarat \u0107e se Turskom o uspostavi crnomorskog koridora za izvoz ukrajinskih \u017eitarica, javlja novinska agencija TASS u utorak citiraju\u0107i glasnogovornika Kremlja Dmitrija Peskova.<\/p>\n\n\n\n<p>&#8211; Predsjednik Vladimir Putin ne planira sudjelovati u tim razgovorima, rekao je Peskov.<\/p>\n\n\n\n<p>Tursko vojno izaslanstvo putovat \u0107e u Rusiju ovaj tjedan kako bi razgovaralo o pojedinostima u svrhu uspostave mogu\u0107eg \u017eitnog koridora, javila je ranije u utorak turska televizija pozivaju\u0107i se na informacije iz turskog predsjedni\u0161tva.<\/p>\n\n\n\n<p>Rusija i Ukrajina do\u0161le su do mrtve to\u010dke u pregovorima glede izvoza \u017eita iz ukrajinskih luka. Rusija je zauzela velike dijelove ukrajinske obale, blokiraju\u0107i tako izvoz i podi\u017eu\u0107i cijenu \u017eita. S druge strane Rusija za prehrambenu krizu okrivljuje sankcije koje ograni\u010davaju njezin izvoz \u017eitarica.<\/p>\n\n\n\n<p>Ruska invazija blokirala je izvoz ukrajinskih \u017eitarica preko Crnog mora, klju\u010dne izvozne rute za Ukrajinu, \u010detvrtog proizvo\u0111a\u010da \u017eitarica u svijetu.<\/p>\n\n\n\n<p>Silosi na teritoriju pod kontrolom ukrajinskih snaga otprilike su do pola puni uo\u010di \u017eetve, \u0161to zna\u010di da bi urod mogao ostati neobran ako Rusija ne prekine blokadu luka na Crnom moru, upozorio je \u010delnik udruge ukrajinskih ratara po\u010detkom lipnja.<\/p>\n\n\n\n<p>Zbog rata bi moglo do\u0107i do ozbiljnih nesta\u0161ica hrane na globalnoj razini jer na Rusiju i Ukrajinu otpada oko 29 posto svjetskog izvoza p\u0161enice.<\/p>\n\n\n\n<p>\u010cak 345 milijuna ljudi suo\u010dava se s nesigurno\u0161\u0107u opskrbe hranom u 82 dr\u017eave, \u0161to je vi\u0161e nego dvostruko ve\u0107i broj od onoga prije pandemije koronavirusa i rata u Ukrajini, izvijestio je u ponedjeljak Svjetski program za hranu (WFP).<\/p>\n\n\n\n<p>Izvor:pogled.ba<\/p>\n","protected":false},"excerpt":{"rendered":"<p>Rusko ministarstvo obrane razgovarat \u0107e se Turskom o uspostavi crnomorskog koridora za izvoz ukrajinskih \u017eitarica, javlja novinska agencija TASS u utorak citiraju\u0107i glasnogovornika Kremlja Dmitrija Peskova. &#8211; Predsjednik Vladimir Putin ne planira sudjelovati u tim razgovorima, rekao je Peskov. Tursko vojno izaslanstvo putovat \u0107e u Rusiju ovaj tjedan kako bi razgovaralo o pojedinostima u svrhu [&hellip;]<\/p>\n","protected":false},"author":2,"featured_media":152146,"comment_status":"closed","ping_status":"closed","sticky":false,"template":"","format":"standard","meta":{"h5ap_radio_sources":[],"footnotes":""},"categories":[1],"tags":[],"class_list":["post-152145","post","type-post","status-publish","format-standard","has-post-thumbnail","hentry","category-bihiregija"],"yoast_head":"<!-- This site is optimized with the Yoast SEO plugin v27.4 - https:\/\/yoast.com\/product\/yoast-seo-wordpress\/ -->\n<title>Rusko ministarstvo obrane dogovara s Turskom koridor za \u017eito - RADIO LJUBU\u0160KI<\/title>\n<meta name=\"robots\" content=\"index, follow, max-snippet:-1, max-image-preview:large, max-video-preview:-1\" \/>\n<link rel=\"canonical\" href=\"https:\/\/radioljubuski.ba\/index.php\/2022\/06\/22\/rusko-ministarstvo-obrane-dogovara-s-turskom-koridor-za-zito\/\" \/>\n<meta property=\"og:locale\" content=\"hr_HR\" \/>\n<meta property=\"og:type\" content=\"article\" \/>\n<meta property=\"og:title\" content=\"Rusko ministarstvo obrane dogovara s Turskom koridor za \u017eito - RADIO LJUBU\u0160KI\" \/>\n<meta property=\"og:description\" content=\"Rusko ministarstvo obrane razgovarat \u0107e se Turskom o uspostavi crnomorskog koridora za izvoz ukrajinskih \u017eitarica, javlja novinska agencija TASS u utorak citiraju\u0107i glasnogovornika Kremlja Dmitrija Peskova. &#8211; Predsjednik Vladimir Putin ne planira sudjelovati u tim razgovorima, rekao je Peskov. Tursko vojno izaslanstvo putovat \u0107e u Rusiju ovaj tjedan kako bi razgovaralo o pojedinostima u svrhu [&hellip;]\" \/>\n<meta property=\"og:url\" content=\"https:\/\/radioljubuski.ba\/index.php\/2022\/06\/22\/rusko-ministarstvo-obrane-dogovara-s-turskom-koridor-za-zito\/\" \/>\n<meta property=\"og:site_name\" content=\"RADIO LJUBU\u0160KI\" \/>\n<meta property=\"article:publisher\" content=\"https:\/\/www.facebook.com\/Radiio-Ljubuski-1490835324566332\" \/>\n<meta property=\"article:published_time\" content=\"2022-06-22T13:04:15+00:00\" \/>\n<meta property=\"article:modified_time\" content=\"2022-06-22T13:04:16+00:00\" \/>\n<meta property=\"og:image\" content=\"https:\/\/radioljubuski.ba\/wp-content\/uploads\/2022\/06\/10-2022-05-02-20-17-37-24346587.jpg\" \/>\n\t<meta property=\"og:image:width\" content=\"1000\" \/>\n\t<meta property=\"og:image:height\" content=\"625\" \/>\n\t<meta property=\"og:image:type\" content=\"image\/jpeg\" \/>\n<meta name=\"author\" content=\"Radio Ljubu\u0161ki\" \/>\n<meta name=\"twitter:card\" content=\"summary_large_image\" \/>\n<meta name=\"twitter:creator\" content=\"@radioljubuski\" \/>\n<meta name=\"twitter:site\" content=\"@radioljubuski\" \/>\n<meta name=\"twitter:label1\" content=\"Napisao\/la\" \/>\n\t<meta name=\"twitter:data1\" content=\"Radio Ljubu\u0161ki\" \/>\n\t<meta name=\"twitter:label2\" content=\"Procijenjeno vrijeme \u010ditanja\" \/>\n\t<meta name=\"twitter:data2\" content=\"2 minute\" \/>\n<script type=\"application\/ld+json\" class=\"yoast-schema-graph\">{\"@context\":\"https:\\\/\\\/schema.org\",\"@graph\":[{\"@type\":\"Article\",\"@id\":\"https:\\\/\\\/radioljubuski.ba\\\/index.php\\\/2022\\\/06\\\/22\\\/rusko-ministarstvo-obrane-dogovara-s-turskom-koridor-za-zito\\\/#article\",\"isPartOf\":{\"@id\":\"https:\\\/\\\/radioljubuski.ba\\\/index.php\\\/2022\\\/06\\\/22\\\/rusko-ministarstvo-obrane-dogovara-s-turskom-koridor-za-zito\\\/\"},\"author\":{\"name\":\"Radio Ljubu\u0161ki\",\"@id\":\"https:\\\/\\\/radioljubuski.ba\\\/#\\\/schema\\\/person\\\/19fc700381a780f69665d7956c469e3b\"},\"headline\":\"Rusko ministarstvo obrane dogovara s Turskom koridor za \u017eito\",\"datePublished\":\"2022-06-22T13:04:15+00:00\",\"dateModified\":\"2022-06-22T13:04:16+00:00\",\"mainEntityOfPage\":{\"@id\":\"https:\\\/\\\/radioljubuski.ba\\\/index.php\\\/2022\\\/06\\\/22\\\/rusko-ministarstvo-obrane-dogovara-s-turskom-koridor-za-zito\\\/\"},\"wordCount\":271,\"publisher\":{\"@id\":\"https:\\\/\\\/radioljubuski.ba\\\/#organization\"},\"image\":{\"@id\":\"https:\\\/\\\/radioljubuski.ba\\\/index.php\\\/2022\\\/06\\\/22\\\/rusko-ministarstvo-obrane-dogovara-s-turskom-koridor-za-zito\\\/#primaryimage\"},\"thumbnailUrl\":\"https:\\\/\\\/radioljubuski.ba\\\/wp-content\\\/uploads\\\/2022\\\/06\\\/10-2022-05-02-20-17-37-24346587.jpg\",\"articleSection\":[\"BIH i regija\"],\"inLanguage\":\"hr\"},{\"@type\":\"WebPage\",\"@id\":\"https:\\\/\\\/radioljubuski.ba\\\/index.php\\\/2022\\\/06\\\/22\\\/rusko-ministarstvo-obrane-dogovara-s-turskom-koridor-za-zito\\\/\",\"url\":\"https:\\\/\\\/radioljubuski.ba\\\/index.php\\\/2022\\\/06\\\/22\\\/rusko-ministarstvo-obrane-dogovara-s-turskom-koridor-za-zito\\\/\",\"name\":\"Rusko ministarstvo obrane dogovara s Turskom koridor za \u017eito - RADIO LJUBU\u0160KI\",\"isPartOf\":{\"@id\":\"https:\\\/\\\/radioljubuski.ba\\\/#website\"},\"primaryImageOfPage\":{\"@id\":\"https:\\\/\\\/radioljubuski.ba\\\/index.php\\\/2022\\\/06\\\/22\\\/rusko-ministarstvo-obrane-dogovara-s-turskom-koridor-za-zito\\\/#primaryimage\"},\"image\":{\"@id\":\"https:\\\/\\\/radioljubuski.ba\\\/index.php\\\/2022\\\/06\\\/22\\\/rusko-ministarstvo-obrane-dogovara-s-turskom-koridor-za-zito\\\/#primaryimage\"},\"thumbnailUrl\":\"https:\\\/\\\/radioljubuski.ba\\\/wp-content\\\/uploads\\\/2022\\\/06\\\/10-2022-05-02-20-17-37-24346587.jpg\",\"datePublished\":\"2022-06-22T13:04:15+00:00\",\"dateModified\":\"2022-06-22T13:04:16+00:00\",\"breadcrumb\":{\"@id\":\"https:\\\/\\\/radioljubuski.ba\\\/index.php\\\/2022\\\/06\\\/22\\\/rusko-ministarstvo-obrane-dogovara-s-turskom-koridor-za-zito\\\/#breadcrumb\"},\"inLanguage\":\"hr\",\"potentialAction\":[{\"@type\":\"ReadAction\",\"target\":[\"https:\\\/\\\/radioljubuski.ba\\\/index.php\\\/2022\\\/06\\\/22\\\/rusko-ministarstvo-obrane-dogovara-s-turskom-koridor-za-zito\\\/\"]}]},{\"@type\":\"ImageObject\",\"inLanguage\":\"hr\",\"@id\":\"https:\\\/\\\/radioljubuski.ba\\\/index.php\\\/2022\\\/06\\\/22\\\/rusko-ministarstvo-obrane-dogovara-s-turskom-koridor-za-zito\\\/#primaryimage\",\"url\":\"https:\\\/\\\/radioljubuski.ba\\\/wp-content\\\/uploads\\\/2022\\\/06\\\/10-2022-05-02-20-17-37-24346587.jpg\",\"contentUrl\":\"https:\\\/\\\/radioljubuski.ba\\\/wp-content\\\/uploads\\\/2022\\\/06\\\/10-2022-05-02-20-17-37-24346587.jpg\",\"width\":1000,\"height\":625},{\"@type\":\"BreadcrumbList\",\"@id\":\"https:\\\/\\\/radioljubuski.ba\\\/index.php\\\/2022\\\/06\\\/22\\\/rusko-ministarstvo-obrane-dogovara-s-turskom-koridor-za-zito\\\/#breadcrumb\",\"itemListElement\":[{\"@type\":\"ListItem\",\"position\":1,\"name\":\"Po\u010detna stranica\",\"item\":\"https:\\\/\\\/radioljubuski.ba\\\/\"},{\"@type\":\"ListItem\",\"position\":2,\"name\":\"Rusko ministarstvo obrane dogovara s Turskom koridor za \u017eito\"}]},{\"@type\":\"WebSite\",\"@id\":\"https:\\\/\\\/radioljubuski.ba\\\/#website\",\"url\":\"https:\\\/\\\/radioljubuski.ba\\\/\",\"name\":\"Radio Ljubu\u0161ki\",\"description\":\"Sun\u010dana frekvencija Hercegovine\",\"publisher\":{\"@id\":\"https:\\\/\\\/radioljubuski.ba\\\/#organization\"},\"potentialAction\":[{\"@type\":\"SearchAction\",\"target\":{\"@type\":\"EntryPoint\",\"urlTemplate\":\"https:\\\/\\\/radioljubuski.ba\\\/?s={search_term_string}\"},\"query-input\":{\"@type\":\"PropertyValueSpecification\",\"valueRequired\":true,\"valueName\":\"search_term_string\"}}],\"inLanguage\":\"hr\"},{\"@type\":\"Organization\",\"@id\":\"https:\\\/\\\/radioljubuski.ba\\\/#organization\",\"name\":\"Radio Ljubu\u0161ki\",\"url\":\"https:\\\/\\\/radioljubuski.ba\\\/\",\"logo\":{\"@type\":\"ImageObject\",\"inLanguage\":\"hr\",\"@id\":\"https:\\\/\\\/radioljubuski.ba\\\/#\\\/schema\\\/logo\\\/image\\\/\",\"url\":\"https:\\\/\\\/radioljubuski.ba\\\/wp-content\\\/uploads\\\/2021\\\/02\\\/cropped-Radio_Ljubuski_logo1.jpg\",\"contentUrl\":\"https:\\\/\\\/radioljubuski.ba\\\/wp-content\\\/uploads\\\/2021\\\/02\\\/cropped-Radio_Ljubuski_logo1.jpg\",\"width\":512,\"height\":512,\"caption\":\"Radio Ljubu\u0161ki\"},\"image\":{\"@id\":\"https:\\\/\\\/radioljubuski.ba\\\/#\\\/schema\\\/logo\\\/image\\\/\"},\"sameAs\":[\"https:\\\/\\\/www.facebook.com\\\/Radiio-Ljubuski-1490835324566332\",\"https:\\\/\\\/x.com\\\/radioljubuski\",\"https:\\\/\\\/hr.linkedin.com\\\/company\\\/radio-ljubuski\",\"https:\\\/\\\/www.youtube.com\\\/channel\\\/UCHYaeO_n0Db3tjNGudGpXyw\"]},{\"@type\":\"Person\",\"@id\":\"https:\\\/\\\/radioljubuski.ba\\\/#\\\/schema\\\/person\\\/19fc700381a780f69665d7956c469e3b\",\"name\":\"Radio Ljubu\u0161ki\"}]}<\/script>\n<!-- \/ Yoast SEO plugin. -->","yoast_head_json":{"title":"Rusko ministarstvo obrane dogovara s Turskom koridor za \u017eito - RADIO LJUBU\u0160KI","robots":{"index":"index","follow":"follow","max-snippet":"max-snippet:-1","max-image-preview":"max-image-preview:large","max-video-preview":"max-video-preview:-1"},"canonical":"https:\/\/radioljubuski.ba\/index.php\/2022\/06\/22\/rusko-ministarstvo-obrane-dogovara-s-turskom-koridor-za-zito\/","og_locale":"hr_HR","og_type":"article","og_title":"Rusko ministarstvo obrane dogovara s Turskom koridor za \u017eito - RADIO LJUBU\u0160KI","og_description":"Rusko ministarstvo obrane razgovarat \u0107e se Turskom o uspostavi crnomorskog koridora za izvoz ukrajinskih \u017eitarica, javlja novinska agencija TASS u utorak citiraju\u0107i glasnogovornika Kremlja Dmitrija Peskova. &#8211; Predsjednik Vladimir Putin ne planira sudjelovati u tim razgovorima, rekao je Peskov. Tursko vojno izaslanstvo putovat \u0107e u Rusiju ovaj tjedan kako bi razgovaralo o pojedinostima u svrhu [&hellip;]","og_url":"https:\/\/radioljubuski.ba\/index.php\/2022\/06\/22\/rusko-ministarstvo-obrane-dogovara-s-turskom-koridor-za-zito\/","og_site_name":"RADIO LJUBU\u0160KI","article_publisher":"https:\/\/www.facebook.com\/Radiio-Ljubuski-1490835324566332","article_published_time":"2022-06-22T13:04:15+00:00","article_modified_time":"2022-06-22T13:04:16+00:00","og_image":[{"width":1000,"height":625,"url":"https:\/\/radioljubuski.ba\/wp-content\/uploads\/2022\/06\/10-2022-05-02-20-17-37-24346587.jpg","type":"image\/jpeg"}],"author":"Radio Ljubu\u0161ki","twitter_card":"summary_large_image","twitter_creator":"@radioljubuski","twitter_site":"@radioljubuski","twitter_misc":{"Napisao\/la":"Radio Ljubu\u0161ki","Procijenjeno vrijeme \u010ditanja":"2 minute"},"schema":{"@context":"https:\/\/schema.org","@graph":[{"@type":"Article","@id":"https:\/\/radioljubuski.ba\/index.php\/2022\/06\/22\/rusko-ministarstvo-obrane-dogovara-s-turskom-koridor-za-zito\/#article","isPartOf":{"@id":"https:\/\/radioljubuski.ba\/index.php\/2022\/06\/22\/rusko-ministarstvo-obrane-dogovara-s-turskom-koridor-za-zito\/"},"author":{"name":"Radio Ljubu\u0161ki","@id":"https:\/\/radioljubuski.ba\/#\/schema\/person\/19fc700381a780f69665d7956c469e3b"},"headline":"Rusko ministarstvo obrane dogovara s Turskom koridor za \u017eito","datePublished":"2022-06-22T13:04:15+00:00","dateModified":"2022-06-22T13:04:16+00:00","mainEntityOfPage":{"@id":"https:\/\/radioljubuski.ba\/index.php\/2022\/06\/22\/rusko-ministarstvo-obrane-dogovara-s-turskom-koridor-za-zito\/"},"wordCount":271,"publisher":{"@id":"https:\/\/radioljubuski.ba\/#organization"},"image":{"@id":"https:\/\/radioljubuski.ba\/index.php\/2022\/06\/22\/rusko-ministarstvo-obrane-dogovara-s-turskom-koridor-za-zito\/#primaryimage"},"thumbnailUrl":"https:\/\/radioljubuski.ba\/wp-content\/uploads\/2022\/06\/10-2022-05-02-20-17-37-24346587.jpg","articleSection":["BIH i regija"],"inLanguage":"hr"},{"@type":"WebPage","@id":"https:\/\/radioljubuski.ba\/index.php\/2022\/06\/22\/rusko-ministarstvo-obrane-dogovara-s-turskom-koridor-za-zito\/","url":"https:\/\/radioljubuski.ba\/index.php\/2022\/06\/22\/rusko-ministarstvo-obrane-dogovara-s-turskom-koridor-za-zito\/","name":"Rusko ministarstvo obrane dogovara s Turskom koridor za \u017eito - RADIO LJUBU\u0160KI","isPartOf":{"@id":"https:\/\/radioljubuski.ba\/#website"},"primaryImageOfPage":{"@id":"https:\/\/radioljubuski.ba\/index.php\/2022\/06\/22\/rusko-ministarstvo-obrane-dogovara-s-turskom-koridor-za-zito\/#primaryimage"},"image":{"@id":"https:\/\/radioljubuski.ba\/index.php\/2022\/06\/22\/rusko-ministarstvo-obrane-dogovara-s-turskom-koridor-za-zito\/#primaryimage"},"thumbnailUrl":"https:\/\/radioljubuski.ba\/wp-content\/uploads\/2022\/06\/10-2022-05-02-20-17-37-24346587.jpg","datePublished":"2022-06-22T13:04:15+00:00","dateModified":"2022-06-22T13:04:16+00:00","breadcrumb":{"@id":"https:\/\/radioljubuski.ba\/index.php\/2022\/06\/22\/rusko-ministarstvo-obrane-dogovara-s-turskom-koridor-za-zito\/#breadcrumb"},"inLanguage":"hr","potentialAction":[{"@type":"ReadAction","target":["https:\/\/radioljubuski.ba\/index.php\/2022\/06\/22\/rusko-ministarstvo-obrane-dogovara-s-turskom-koridor-za-zito\/"]}]},{"@type":"ImageObject","inLanguage":"hr","@id":"https:\/\/radioljubuski.ba\/index.php\/2022\/06\/22\/rusko-ministarstvo-obrane-dogovara-s-turskom-koridor-za-zito\/#primaryimage","url":"https:\/\/radioljubuski.ba\/wp-content\/uploads\/2022\/06\/10-2022-05-02-20-17-37-24346587.jpg","contentUrl":"https:\/\/radioljubuski.ba\/wp-content\/uploads\/2022\/06\/10-2022-05-02-20-17-37-24346587.jpg","width":1000,"height":625},{"@type":"BreadcrumbList","@id":"https:\/\/radioljubuski.ba\/index.php\/2022\/06\/22\/rusko-ministarstvo-obrane-dogovara-s-turskom-koridor-za-zito\/#breadcrumb","itemListElement":[{"@type":"ListItem","position":1,"name":"Po\u010detna stranica","item":"https:\/\/radioljubuski.ba\/"},{"@type":"ListItem","position":2,"name":"Rusko ministarstvo obrane dogovara s Turskom koridor za \u017eito"}]},{"@type":"WebSite","@id":"https:\/\/radioljubuski.ba\/#website","url":"https:\/\/radioljubuski.ba\/","name":"Radio Ljubu\u0161ki","description":"Sun\u010dana frekvencija Hercegovine","publisher":{"@id":"https:\/\/radioljubuski.ba\/#organization"},"potentialAction":[{"@type":"SearchAction","target":{"@type":"EntryPoint","urlTemplate":"https:\/\/radioljubuski.ba\/?s={search_term_string}"},"query-input":{"@type":"PropertyValueSpecification","valueRequired":true,"valueName":"search_term_string"}}],"inLanguage":"hr"},{"@type":"Organization","@id":"https:\/\/radioljubuski.ba\/#organization","name":"Radio Ljubu\u0161ki","url":"https:\/\/radioljubuski.ba\/","logo":{"@type":"ImageObject","inLanguage":"hr","@id":"https:\/\/radioljubuski.ba\/#\/schema\/logo\/image\/","url":"https:\/\/radioljubuski.ba\/wp-content\/uploads\/2021\/02\/cropped-Radio_Ljubuski_logo1.jpg","contentUrl":"https:\/\/radioljubuski.ba\/wp-content\/uploads\/2021\/02\/cropped-Radio_Ljubuski_logo1.jpg","width":512,"height":512,"caption":"Radio Ljubu\u0161ki"},"image":{"@id":"https:\/\/radioljubuski.ba\/#\/schema\/logo\/image\/"},"sameAs":["https:\/\/www.facebook.com\/Radiio-Ljubuski-1490835324566332","https:\/\/x.com\/radioljubuski","https:\/\/hr.linkedin.com\/company\/radio-ljubuski","https:\/\/www.youtube.com\/channel\/UCHYaeO_n0Db3tjNGudGpXyw"]},{"@type":"Person","@id":"https:\/\/radioljubuski.ba\/#\/schema\/person\/19fc700381a780f69665d7956c469e3b","name":"Radio Ljubu\u0161ki"}]}},"_links":{"self":[{"href":"https:\/\/radioljubuski.ba\/index.php\/wp-json\/wp\/v2\/posts\/152145","targetHints":{"allow":["GET"]}}],"collection":[{"href":"https:\/\/radioljubuski.ba\/index.php\/wp-json\/wp\/v2\/posts"}],"about":[{"href":"https:\/\/radioljubuski.ba\/index.php\/wp-json\/wp\/v2\/types\/post"}],"author":[{"embeddable":true,"href":"https:\/\/radioljubuski.ba\/index.php\/wp-json\/wp\/v2\/users\/2"}],"replies":[{"embeddable":true,"href":"https:\/\/radioljubuski.ba\/index.php\/wp-json\/wp\/v2\/comments?post=152145"}],"version-history":[{"count":1,"href":"https:\/\/radioljubuski.ba\/index.php\/wp-json\/wp\/v2\/posts\/152145\/revisions"}],"predecessor-version":[{"id":152147,"href":"https:\/\/radioljubuski.ba\/index.php\/wp-json\/wp\/v2\/posts\/152145\/revisions\/152147"}],"wp:featuredmedia":[{"embeddable":true,"href":"https:\/\/radioljubuski.ba\/index.php\/wp-json\/wp\/v2\/media\/152146"}],"wp:attachment":[{"href":"https:\/\/radioljubuski.ba\/index.php\/wp-json\/wp\/v2\/media?parent=152145"}],"wp:term":[{"taxonomy":"category","embeddable":true,"href":"https:\/\/radioljubuski.ba\/index.php\/wp-json\/wp\/v2\/categories?post=152145"},{"taxonomy":"post_tag","embeddable":true,"href":"https:\/\/radioljubuski.ba\/index.php\/wp-json\/wp\/v2\/tags?post=152145"}],"curies":[{"name":"wp","href":"https:\/\/api.w.org\/{rel}","templated":true}]}}