{"id":152168,"date":"2022-06-22T14:18:05","date_gmt":"2022-06-22T13:18:05","guid":{"rendered":"https:\/\/radioljubuski.ba\/?p=152168"},"modified":"2022-06-22T14:18:06","modified_gmt":"2022-06-22T13:18:06","slug":"svicarski-motociklist-ozlijeden-na-cvrsnici","status":"publish","type":"post","link":"https:\/\/radioljubuski.ba\/index.php\/2022\/06\/22\/svicarski-motociklist-ozlijeden-na-cvrsnici\/","title":{"rendered":"\u0160vicarski motociklist ozlije\u0111en na \u010cvrsnici"},"content":{"rendered":"\n<p>Na poziv hitne pomo\u0107i Posu\u0161je tri gorska spa\u0161avatelja HGSS Posu\u0161je iza\u0161li su na intervenciju na planini \u010cvrsnici gdje je ozlije\u0111en \u0161vicarski dr\u017eavljanin na podru\u010dju do kojeg ne mo\u017ee do\u0107i ekipa hitne pomo\u0107i.<\/p>\n\n\n\n<p>Gorski spa\u0161avatelji unesre\u0107enom su pru\u017eili prvu pomo\u0107 i transportirali ga do Doma zdravlja u Posu\u0161ju, priop\u0107eno je iz GSSuBiH.<\/p>\n\n\n\n<p>Izvor:pogled.ba<\/p>\n","protected":false},"excerpt":{"rendered":"<p>Na poziv hitne pomo\u0107i Posu\u0161je tri gorska spa\u0161avatelja HGSS Posu\u0161je iza\u0161li su na intervenciju na planini \u010cvrsnici gdje je ozlije\u0111en \u0161vicarski dr\u017eavljanin na podru\u010dju do kojeg ne mo\u017ee do\u0107i ekipa hitne pomo\u0107i. Gorski spa\u0161avatelji unesre\u0107enom su pru\u017eili prvu pomo\u0107 i transportirali ga do Doma zdravlja u Posu\u0161ju, priop\u0107eno je iz GSSuBiH. Izvor:pogled.ba<\/p>\n","protected":false},"author":2,"featured_media":152169,"comment_status":"closed","ping_status":"closed","sticky":false,"template":"","format":"standard","meta":{"h5ap_radio_sources":[],"footnotes":""},"categories":[1],"tags":[],"class_list":["post-152168","post","type-post","status-publish","format-standard","has-post-thumbnail","hentry","category-bihiregija"],"yoast_head":"<!-- This site is optimized with the Yoast SEO plugin v27.4 - https:\/\/yoast.com\/product\/yoast-seo-wordpress\/ -->\n<title>\u0160vicarski motociklist ozlije\u0111en na \u010cvrsnici - RADIO LJUBU\u0160KI<\/title>\n<meta name=\"robots\" content=\"index, follow, max-snippet:-1, max-image-preview:large, max-video-preview:-1\" \/>\n<link rel=\"canonical\" href=\"https:\/\/radioljubuski.ba\/index.php\/2022\/06\/22\/svicarski-motociklist-ozlijeden-na-cvrsnici\/\" \/>\n<meta property=\"og:locale\" content=\"hr_HR\" \/>\n<meta property=\"og:type\" content=\"article\" \/>\n<meta property=\"og:title\" content=\"\u0160vicarski motociklist ozlije\u0111en na \u010cvrsnici - RADIO LJUBU\u0160KI\" \/>\n<meta property=\"og:description\" content=\"Na poziv hitne pomo\u0107i Posu\u0161je tri gorska spa\u0161avatelja HGSS Posu\u0161je iza\u0161li su na intervenciju na planini \u010cvrsnici gdje je ozlije\u0111en \u0161vicarski dr\u017eavljanin na podru\u010dju do kojeg ne mo\u017ee do\u0107i ekipa hitne pomo\u0107i. Gorski spa\u0161avatelji unesre\u0107enom su pru\u017eili prvu pomo\u0107 i transportirali ga do Doma zdravlja u Posu\u0161ju, priop\u0107eno je iz GSSuBiH. Izvor:pogled.ba\" \/>\n<meta property=\"og:url\" content=\"https:\/\/radioljubuski.ba\/index.php\/2022\/06\/22\/svicarski-motociklist-ozlijeden-na-cvrsnici\/\" \/>\n<meta property=\"og:site_name\" content=\"RADIO LJUBU\u0160KI\" \/>\n<meta property=\"article:publisher\" content=\"https:\/\/www.facebook.com\/Radiio-Ljubuski-1490835324566332\" \/>\n<meta property=\"article:published_time\" content=\"2022-06-22T13:18:05+00:00\" \/>\n<meta property=\"article:modified_time\" content=\"2022-06-22T13:18:06+00:00\" \/>\n<meta property=\"og:image\" content=\"https:\/\/radioljubuski.ba\/wp-content\/uploads\/2022\/06\/8-2022-06-22-07-06-22-cvrsnica-hgss.jpg\" \/>\n\t<meta property=\"og:image:width\" content=\"1000\" \/>\n\t<meta property=\"og:image:height\" content=\"625\" \/>\n\t<meta property=\"og:image:type\" content=\"image\/jpeg\" \/>\n<meta name=\"author\" content=\"Radio Ljubu\u0161ki\" \/>\n<meta name=\"twitter:card\" content=\"summary_large_image\" \/>\n<meta name=\"twitter:creator\" content=\"@radioljubuski\" \/>\n<meta name=\"twitter:site\" content=\"@radioljubuski\" \/>\n<meta name=\"twitter:label1\" content=\"Napisao\/la\" \/>\n\t<meta name=\"twitter:data1\" content=\"Radio Ljubu\u0161ki\" \/>\n\t<meta name=\"twitter:label2\" content=\"Procijenjeno vrijeme \u010ditanja\" \/>\n\t<meta name=\"twitter:data2\" content=\"1 minuta\" \/>\n<script type=\"application\/ld+json\" class=\"yoast-schema-graph\">{\"@context\":\"https:\\\/\\\/schema.org\",\"@graph\":[{\"@type\":\"Article\",\"@id\":\"https:\\\/\\\/radioljubuski.ba\\\/index.php\\\/2022\\\/06\\\/22\\\/svicarski-motociklist-ozlijeden-na-cvrsnici\\\/#article\",\"isPartOf\":{\"@id\":\"https:\\\/\\\/radioljubuski.ba\\\/index.php\\\/2022\\\/06\\\/22\\\/svicarski-motociklist-ozlijeden-na-cvrsnici\\\/\"},\"author\":{\"name\":\"Radio Ljubu\u0161ki\",\"@id\":\"https:\\\/\\\/radioljubuski.ba\\\/#\\\/schema\\\/person\\\/19fc700381a780f69665d7956c469e3b\"},\"headline\":\"\u0160vicarski motociklist ozlije\u0111en na \u010cvrsnici\",\"datePublished\":\"2022-06-22T13:18:05+00:00\",\"dateModified\":\"2022-06-22T13:18:06+00:00\",\"mainEntityOfPage\":{\"@id\":\"https:\\\/\\\/radioljubuski.ba\\\/index.php\\\/2022\\\/06\\\/22\\\/svicarski-motociklist-ozlijeden-na-cvrsnici\\\/\"},\"wordCount\":76,\"publisher\":{\"@id\":\"https:\\\/\\\/radioljubuski.ba\\\/#organization\"},\"image\":{\"@id\":\"https:\\\/\\\/radioljubuski.ba\\\/index.php\\\/2022\\\/06\\\/22\\\/svicarski-motociklist-ozlijeden-na-cvrsnici\\\/#primaryimage\"},\"thumbnailUrl\":\"https:\\\/\\\/radioljubuski.ba\\\/wp-content\\\/uploads\\\/2022\\\/06\\\/8-2022-06-22-07-06-22-cvrsnica-hgss.jpg\",\"articleSection\":[\"BIH i regija\"],\"inLanguage\":\"hr\"},{\"@type\":\"WebPage\",\"@id\":\"https:\\\/\\\/radioljubuski.ba\\\/index.php\\\/2022\\\/06\\\/22\\\/svicarski-motociklist-ozlijeden-na-cvrsnici\\\/\",\"url\":\"https:\\\/\\\/radioljubuski.ba\\\/index.php\\\/2022\\\/06\\\/22\\\/svicarski-motociklist-ozlijeden-na-cvrsnici\\\/\",\"name\":\"\u0160vicarski motociklist ozlije\u0111en na \u010cvrsnici - RADIO LJUBU\u0160KI\",\"isPartOf\":{\"@id\":\"https:\\\/\\\/radioljubuski.ba\\\/#website\"},\"primaryImageOfPage\":{\"@id\":\"https:\\\/\\\/radioljubuski.ba\\\/index.php\\\/2022\\\/06\\\/22\\\/svicarski-motociklist-ozlijeden-na-cvrsnici\\\/#primaryimage\"},\"image\":{\"@id\":\"https:\\\/\\\/radioljubuski.ba\\\/index.php\\\/2022\\\/06\\\/22\\\/svicarski-motociklist-ozlijeden-na-cvrsnici\\\/#primaryimage\"},\"thumbnailUrl\":\"https:\\\/\\\/radioljubuski.ba\\\/wp-content\\\/uploads\\\/2022\\\/06\\\/8-2022-06-22-07-06-22-cvrsnica-hgss.jpg\",\"datePublished\":\"2022-06-22T13:18:05+00:00\",\"dateModified\":\"2022-06-22T13:18:06+00:00\",\"breadcrumb\":{\"@id\":\"https:\\\/\\\/radioljubuski.ba\\\/index.php\\\/2022\\\/06\\\/22\\\/svicarski-motociklist-ozlijeden-na-cvrsnici\\\/#breadcrumb\"},\"inLanguage\":\"hr\",\"potentialAction\":[{\"@type\":\"ReadAction\",\"target\":[\"https:\\\/\\\/radioljubuski.ba\\\/index.php\\\/2022\\\/06\\\/22\\\/svicarski-motociklist-ozlijeden-na-cvrsnici\\\/\"]}]},{\"@type\":\"ImageObject\",\"inLanguage\":\"hr\",\"@id\":\"https:\\\/\\\/radioljubuski.ba\\\/index.php\\\/2022\\\/06\\\/22\\\/svicarski-motociklist-ozlijeden-na-cvrsnici\\\/#primaryimage\",\"url\":\"https:\\\/\\\/radioljubuski.ba\\\/wp-content\\\/uploads\\\/2022\\\/06\\\/8-2022-06-22-07-06-22-cvrsnica-hgss.jpg\",\"contentUrl\":\"https:\\\/\\\/radioljubuski.ba\\\/wp-content\\\/uploads\\\/2022\\\/06\\\/8-2022-06-22-07-06-22-cvrsnica-hgss.jpg\",\"width\":1000,\"height\":625},{\"@type\":\"BreadcrumbList\",\"@id\":\"https:\\\/\\\/radioljubuski.ba\\\/index.php\\\/2022\\\/06\\\/22\\\/svicarski-motociklist-ozlijeden-na-cvrsnici\\\/#breadcrumb\",\"itemListElement\":[{\"@type\":\"ListItem\",\"position\":1,\"name\":\"Po\u010detna stranica\",\"item\":\"https:\\\/\\\/radioljubuski.ba\\\/\"},{\"@type\":\"ListItem\",\"position\":2,\"name\":\"\u0160vicarski motociklist ozlije\u0111en na \u010cvrsnici\"}]},{\"@type\":\"WebSite\",\"@id\":\"https:\\\/\\\/radioljubuski.ba\\\/#website\",\"url\":\"https:\\\/\\\/radioljubuski.ba\\\/\",\"name\":\"Radio Ljubu\u0161ki\",\"description\":\"Sun\u010dana frekvencija Hercegovine\",\"publisher\":{\"@id\":\"https:\\\/\\\/radioljubuski.ba\\\/#organization\"},\"potentialAction\":[{\"@type\":\"SearchAction\",\"target\":{\"@type\":\"EntryPoint\",\"urlTemplate\":\"https:\\\/\\\/radioljubuski.ba\\\/?s={search_term_string}\"},\"query-input\":{\"@type\":\"PropertyValueSpecification\",\"valueRequired\":true,\"valueName\":\"search_term_string\"}}],\"inLanguage\":\"hr\"},{\"@type\":\"Organization\",\"@id\":\"https:\\\/\\\/radioljubuski.ba\\\/#organization\",\"name\":\"Radio Ljubu\u0161ki\",\"url\":\"https:\\\/\\\/radioljubuski.ba\\\/\",\"logo\":{\"@type\":\"ImageObject\",\"inLanguage\":\"hr\",\"@id\":\"https:\\\/\\\/radioljubuski.ba\\\/#\\\/schema\\\/logo\\\/image\\\/\",\"url\":\"https:\\\/\\\/radioljubuski.ba\\\/wp-content\\\/uploads\\\/2021\\\/02\\\/cropped-Radio_Ljubuski_logo1.jpg\",\"contentUrl\":\"https:\\\/\\\/radioljubuski.ba\\\/wp-content\\\/uploads\\\/2021\\\/02\\\/cropped-Radio_Ljubuski_logo1.jpg\",\"width\":512,\"height\":512,\"caption\":\"Radio Ljubu\u0161ki\"},\"image\":{\"@id\":\"https:\\\/\\\/radioljubuski.ba\\\/#\\\/schema\\\/logo\\\/image\\\/\"},\"sameAs\":[\"https:\\\/\\\/www.facebook.com\\\/Radiio-Ljubuski-1490835324566332\",\"https:\\\/\\\/x.com\\\/radioljubuski\",\"https:\\\/\\\/hr.linkedin.com\\\/company\\\/radio-ljubuski\",\"https:\\\/\\\/www.youtube.com\\\/channel\\\/UCHYaeO_n0Db3tjNGudGpXyw\"]},{\"@type\":\"Person\",\"@id\":\"https:\\\/\\\/radioljubuski.ba\\\/#\\\/schema\\\/person\\\/19fc700381a780f69665d7956c469e3b\",\"name\":\"Radio Ljubu\u0161ki\"}]}<\/script>\n<!-- \/ Yoast SEO plugin. -->","yoast_head_json":{"title":"\u0160vicarski motociklist ozlije\u0111en na \u010cvrsnici - RADIO LJUBU\u0160KI","robots":{"index":"index","follow":"follow","max-snippet":"max-snippet:-1","max-image-preview":"max-image-preview:large","max-video-preview":"max-video-preview:-1"},"canonical":"https:\/\/radioljubuski.ba\/index.php\/2022\/06\/22\/svicarski-motociklist-ozlijeden-na-cvrsnici\/","og_locale":"hr_HR","og_type":"article","og_title":"\u0160vicarski motociklist ozlije\u0111en na \u010cvrsnici - RADIO LJUBU\u0160KI","og_description":"Na poziv hitne pomo\u0107i Posu\u0161je tri gorska spa\u0161avatelja HGSS Posu\u0161je iza\u0161li su na intervenciju na planini \u010cvrsnici gdje je ozlije\u0111en \u0161vicarski dr\u017eavljanin na podru\u010dju do kojeg ne mo\u017ee do\u0107i ekipa hitne pomo\u0107i. Gorski spa\u0161avatelji unesre\u0107enom su pru\u017eili prvu pomo\u0107 i transportirali ga do Doma zdravlja u Posu\u0161ju, priop\u0107eno je iz GSSuBiH. Izvor:pogled.ba","og_url":"https:\/\/radioljubuski.ba\/index.php\/2022\/06\/22\/svicarski-motociklist-ozlijeden-na-cvrsnici\/","og_site_name":"RADIO LJUBU\u0160KI","article_publisher":"https:\/\/www.facebook.com\/Radiio-Ljubuski-1490835324566332","article_published_time":"2022-06-22T13:18:05+00:00","article_modified_time":"2022-06-22T13:18:06+00:00","og_image":[{"width":1000,"height":625,"url":"https:\/\/radioljubuski.ba\/wp-content\/uploads\/2022\/06\/8-2022-06-22-07-06-22-cvrsnica-hgss.jpg","type":"image\/jpeg"}],"author":"Radio Ljubu\u0161ki","twitter_card":"summary_large_image","twitter_creator":"@radioljubuski","twitter_site":"@radioljubuski","twitter_misc":{"Napisao\/la":"Radio Ljubu\u0161ki","Procijenjeno vrijeme \u010ditanja":"1 minuta"},"schema":{"@context":"https:\/\/schema.org","@graph":[{"@type":"Article","@id":"https:\/\/radioljubuski.ba\/index.php\/2022\/06\/22\/svicarski-motociklist-ozlijeden-na-cvrsnici\/#article","isPartOf":{"@id":"https:\/\/radioljubuski.ba\/index.php\/2022\/06\/22\/svicarski-motociklist-ozlijeden-na-cvrsnici\/"},"author":{"name":"Radio Ljubu\u0161ki","@id":"https:\/\/radioljubuski.ba\/#\/schema\/person\/19fc700381a780f69665d7956c469e3b"},"headline":"\u0160vicarski motociklist ozlije\u0111en na \u010cvrsnici","datePublished":"2022-06-22T13:18:05+00:00","dateModified":"2022-06-22T13:18:06+00:00","mainEntityOfPage":{"@id":"https:\/\/radioljubuski.ba\/index.php\/2022\/06\/22\/svicarski-motociklist-ozlijeden-na-cvrsnici\/"},"wordCount":76,"publisher":{"@id":"https:\/\/radioljubuski.ba\/#organization"},"image":{"@id":"https:\/\/radioljubuski.ba\/index.php\/2022\/06\/22\/svicarski-motociklist-ozlijeden-na-cvrsnici\/#primaryimage"},"thumbnailUrl":"https:\/\/radioljubuski.ba\/wp-content\/uploads\/2022\/06\/8-2022-06-22-07-06-22-cvrsnica-hgss.jpg","articleSection":["BIH i regija"],"inLanguage":"hr"},{"@type":"WebPage","@id":"https:\/\/radioljubuski.ba\/index.php\/2022\/06\/22\/svicarski-motociklist-ozlijeden-na-cvrsnici\/","url":"https:\/\/radioljubuski.ba\/index.php\/2022\/06\/22\/svicarski-motociklist-ozlijeden-na-cvrsnici\/","name":"\u0160vicarski motociklist ozlije\u0111en na \u010cvrsnici - RADIO LJUBU\u0160KI","isPartOf":{"@id":"https:\/\/radioljubuski.ba\/#website"},"primaryImageOfPage":{"@id":"https:\/\/radioljubuski.ba\/index.php\/2022\/06\/22\/svicarski-motociklist-ozlijeden-na-cvrsnici\/#primaryimage"},"image":{"@id":"https:\/\/radioljubuski.ba\/index.php\/2022\/06\/22\/svicarski-motociklist-ozlijeden-na-cvrsnici\/#primaryimage"},"thumbnailUrl":"https:\/\/radioljubuski.ba\/wp-content\/uploads\/2022\/06\/8-2022-06-22-07-06-22-cvrsnica-hgss.jpg","datePublished":"2022-06-22T13:18:05+00:00","dateModified":"2022-06-22T13:18:06+00:00","breadcrumb":{"@id":"https:\/\/radioljubuski.ba\/index.php\/2022\/06\/22\/svicarski-motociklist-ozlijeden-na-cvrsnici\/#breadcrumb"},"inLanguage":"hr","potentialAction":[{"@type":"ReadAction","target":["https:\/\/radioljubuski.ba\/index.php\/2022\/06\/22\/svicarski-motociklist-ozlijeden-na-cvrsnici\/"]}]},{"@type":"ImageObject","inLanguage":"hr","@id":"https:\/\/radioljubuski.ba\/index.php\/2022\/06\/22\/svicarski-motociklist-ozlijeden-na-cvrsnici\/#primaryimage","url":"https:\/\/radioljubuski.ba\/wp-content\/uploads\/2022\/06\/8-2022-06-22-07-06-22-cvrsnica-hgss.jpg","contentUrl":"https:\/\/radioljubuski.ba\/wp-content\/uploads\/2022\/06\/8-2022-06-22-07-06-22-cvrsnica-hgss.jpg","width":1000,"height":625},{"@type":"BreadcrumbList","@id":"https:\/\/radioljubuski.ba\/index.php\/2022\/06\/22\/svicarski-motociklist-ozlijeden-na-cvrsnici\/#breadcrumb","itemListElement":[{"@type":"ListItem","position":1,"name":"Po\u010detna stranica","item":"https:\/\/radioljubuski.ba\/"},{"@type":"ListItem","position":2,"name":"\u0160vicarski motociklist ozlije\u0111en na \u010cvrsnici"}]},{"@type":"WebSite","@id":"https:\/\/radioljubuski.ba\/#website","url":"https:\/\/radioljubuski.ba\/","name":"Radio Ljubu\u0161ki","description":"Sun\u010dana frekvencija Hercegovine","publisher":{"@id":"https:\/\/radioljubuski.ba\/#organization"},"potentialAction":[{"@type":"SearchAction","target":{"@type":"EntryPoint","urlTemplate":"https:\/\/radioljubuski.ba\/?s={search_term_string}"},"query-input":{"@type":"PropertyValueSpecification","valueRequired":true,"valueName":"search_term_string"}}],"inLanguage":"hr"},{"@type":"Organization","@id":"https:\/\/radioljubuski.ba\/#organization","name":"Radio Ljubu\u0161ki","url":"https:\/\/radioljubuski.ba\/","logo":{"@type":"ImageObject","inLanguage":"hr","@id":"https:\/\/radioljubuski.ba\/#\/schema\/logo\/image\/","url":"https:\/\/radioljubuski.ba\/wp-content\/uploads\/2021\/02\/cropped-Radio_Ljubuski_logo1.jpg","contentUrl":"https:\/\/radioljubuski.ba\/wp-content\/uploads\/2021\/02\/cropped-Radio_Ljubuski_logo1.jpg","width":512,"height":512,"caption":"Radio Ljubu\u0161ki"},"image":{"@id":"https:\/\/radioljubuski.ba\/#\/schema\/logo\/image\/"},"sameAs":["https:\/\/www.facebook.com\/Radiio-Ljubuski-1490835324566332","https:\/\/x.com\/radioljubuski","https:\/\/hr.linkedin.com\/company\/radio-ljubuski","https:\/\/www.youtube.com\/channel\/UCHYaeO_n0Db3tjNGudGpXyw"]},{"@type":"Person","@id":"https:\/\/radioljubuski.ba\/#\/schema\/person\/19fc700381a780f69665d7956c469e3b","name":"Radio Ljubu\u0161ki"}]}},"_links":{"self":[{"href":"https:\/\/radioljubuski.ba\/index.php\/wp-json\/wp\/v2\/posts\/152168","targetHints":{"allow":["GET"]}}],"collection":[{"href":"https:\/\/radioljubuski.ba\/index.php\/wp-json\/wp\/v2\/posts"}],"about":[{"href":"https:\/\/radioljubuski.ba\/index.php\/wp-json\/wp\/v2\/types\/post"}],"author":[{"embeddable":true,"href":"https:\/\/radioljubuski.ba\/index.php\/wp-json\/wp\/v2\/users\/2"}],"replies":[{"embeddable":true,"href":"https:\/\/radioljubuski.ba\/index.php\/wp-json\/wp\/v2\/comments?post=152168"}],"version-history":[{"count":1,"href":"https:\/\/radioljubuski.ba\/index.php\/wp-json\/wp\/v2\/posts\/152168\/revisions"}],"predecessor-version":[{"id":152170,"href":"https:\/\/radioljubuski.ba\/index.php\/wp-json\/wp\/v2\/posts\/152168\/revisions\/152170"}],"wp:featuredmedia":[{"embeddable":true,"href":"https:\/\/radioljubuski.ba\/index.php\/wp-json\/wp\/v2\/media\/152169"}],"wp:attachment":[{"href":"https:\/\/radioljubuski.ba\/index.php\/wp-json\/wp\/v2\/media?parent=152168"}],"wp:term":[{"taxonomy":"category","embeddable":true,"href":"https:\/\/radioljubuski.ba\/index.php\/wp-json\/wp\/v2\/categories?post=152168"},{"taxonomy":"post_tag","embeddable":true,"href":"https:\/\/radioljubuski.ba\/index.php\/wp-json\/wp\/v2\/tags?post=152168"}],"curies":[{"name":"wp","href":"https:\/\/api.w.org\/{rel}","templated":true}]}}