{"id":152171,"date":"2022-06-22T14:20:56","date_gmt":"2022-06-22T13:20:56","guid":{"rendered":"https:\/\/radioljubuski.ba\/?p=152171"},"modified":"2022-06-22T14:20:57","modified_gmt":"2022-06-22T13:20:57","slug":"policajac-nacrtao-crte-na-covid-testu-da-bi-mogao-otvoriti-bolovanje","status":"publish","type":"post","link":"https:\/\/radioljubuski.ba\/index.php\/2022\/06\/22\/policajac-nacrtao-crte-na-covid-testu-da-bi-mogao-otvoriti-bolovanje\/","title":{"rendered":"Policajac nacrtao crte na covid testu da bi mogao otvoriti bolovanje"},"content":{"rendered":"\n<p>Policijski pripravnik u Lancashireu u Velikoj Brtaniji nacrtao je crte na ku\u0107nom testu za covid u poku\u0161aju da si osigura slobodne dane.<\/p>\n\n\n\n<p><br>Ahmed Anwari rekao je nadre\u0111enom policajcu u policiji Lancashirea da mora ostati kod ku\u0107e u prosincu zbog pozitivnog rezultata testa. Kada su ga pitali za dokaz, postalo je jasno da je test \u201cru\u010dno izmijenjen\u201d, re\u010deno je na njegovom saslu\u0161anju o neprimjerenom pona\u0161anju. Utvr\u0111eno je kako je Anwari, koji je podnio ostavku u policiji ubrzo nakon \u0161to je uhva\u0107en, po\u010dinio te\u0161ku povredu du\u017enosti.<\/p>\n\n\n\n<p>Nakon \u0161to je poslao fotografiju svog la\u017enog pozitivnog testa, Anwari je pozvan da se testira jo\u0161 jednom tijekom internetskog sastanka. Zatim je ponovno la\u017eno tvrdio da je zabilje\u017eio pozitivan rezultat. Nakon toga, Anwari je ipak priznao da je lagao o testovima kako bi mogao ostati kod ku\u0107e prema tada\u0161njim pravilima samoizolacije. Dao je ostavku sljede\u0107eg dana.<\/p>\n\n\n\n<p>Glavni pozornik Chris Rowley utvrdio je da je biv\u0161i pripravnik prekr\u0161io standarde profesionalnog pona\u0161anja i pritom po\u010dinio te\u0161ku povredu du\u017enosti, pi\u0161e BBC.<\/p>\n\n\n\n<p>Izvor:N1<\/p>\n","protected":false},"excerpt":{"rendered":"<p>Policijski pripravnik u Lancashireu u Velikoj Brtaniji nacrtao je crte na ku\u0107nom testu za covid u poku\u0161aju da si osigura slobodne dane. Ahmed Anwari rekao je nadre\u0111enom policajcu u policiji Lancashirea da mora ostati kod ku\u0107e u prosincu zbog pozitivnog rezultata testa. Kada su ga pitali za dokaz, postalo je jasno da je test \u201cru\u010dno [&hellip;]<\/p>\n","protected":false},"author":2,"featured_media":152172,"comment_status":"closed","ping_status":"closed","sticky":false,"template":"","format":"standard","meta":{"h5ap_radio_sources":[],"footnotes":""},"categories":[1],"tags":[],"class_list":["post-152171","post","type-post","status-publish","format-standard","has-post-thumbnail","hentry","category-bihiregija"],"yoast_head":"<!-- This site is optimized with the Yoast SEO plugin v27.4 - https:\/\/yoast.com\/product\/yoast-seo-wordpress\/ -->\n<title>Policajac nacrtao crte na covid testu da bi mogao otvoriti bolovanje - RADIO LJUBU\u0160KI<\/title>\n<meta name=\"robots\" content=\"index, follow, max-snippet:-1, max-image-preview:large, max-video-preview:-1\" \/>\n<link rel=\"canonical\" href=\"https:\/\/radioljubuski.ba\/index.php\/2022\/06\/22\/policajac-nacrtao-crte-na-covid-testu-da-bi-mogao-otvoriti-bolovanje\/\" \/>\n<meta property=\"og:locale\" content=\"hr_HR\" \/>\n<meta property=\"og:type\" content=\"article\" \/>\n<meta property=\"og:title\" content=\"Policajac nacrtao crte na covid testu da bi mogao otvoriti bolovanje - RADIO LJUBU\u0160KI\" \/>\n<meta property=\"og:description\" content=\"Policijski pripravnik u Lancashireu u Velikoj Brtaniji nacrtao je crte na ku\u0107nom testu za covid u poku\u0161aju da si osigura slobodne dane. Ahmed Anwari rekao je nadre\u0111enom policajcu u policiji Lancashirea da mora ostati kod ku\u0107e u prosincu zbog pozitivnog rezultata testa. Kada su ga pitali za dokaz, postalo je jasno da je test \u201cru\u010dno [&hellip;]\" \/>\n<meta property=\"og:url\" content=\"https:\/\/radioljubuski.ba\/index.php\/2022\/06\/22\/policajac-nacrtao-crte-na-covid-testu-da-bi-mogao-otvoriti-bolovanje\/\" \/>\n<meta property=\"og:site_name\" content=\"RADIO LJUBU\u0160KI\" \/>\n<meta property=\"article:publisher\" content=\"https:\/\/www.facebook.com\/Radiio-Ljubuski-1490835324566332\" \/>\n<meta property=\"article:published_time\" content=\"2022-06-22T13:20:56+00:00\" \/>\n<meta property=\"article:modified_time\" content=\"2022-06-22T13:20:57+00:00\" \/>\n<meta property=\"og:image\" content=\"https:\/\/radioljubuski.ba\/wp-content\/uploads\/2022\/06\/8-2022-06-22-07-22-18-COVID-TEST.jpg\" \/>\n\t<meta property=\"og:image:width\" content=\"1000\" \/>\n\t<meta property=\"og:image:height\" content=\"625\" \/>\n\t<meta property=\"og:image:type\" content=\"image\/jpeg\" \/>\n<meta name=\"author\" content=\"Radio Ljubu\u0161ki\" \/>\n<meta name=\"twitter:card\" content=\"summary_large_image\" \/>\n<meta name=\"twitter:creator\" content=\"@radioljubuski\" \/>\n<meta name=\"twitter:site\" content=\"@radioljubuski\" \/>\n<meta name=\"twitter:label1\" content=\"Napisao\/la\" \/>\n\t<meta name=\"twitter:data1\" content=\"Radio Ljubu\u0161ki\" \/>\n\t<meta name=\"twitter:label2\" content=\"Procijenjeno vrijeme \u010ditanja\" \/>\n\t<meta name=\"twitter:data2\" content=\"1 minuta\" \/>\n<script type=\"application\/ld+json\" class=\"yoast-schema-graph\">{\"@context\":\"https:\\\/\\\/schema.org\",\"@graph\":[{\"@type\":\"Article\",\"@id\":\"https:\\\/\\\/radioljubuski.ba\\\/index.php\\\/2022\\\/06\\\/22\\\/policajac-nacrtao-crte-na-covid-testu-da-bi-mogao-otvoriti-bolovanje\\\/#article\",\"isPartOf\":{\"@id\":\"https:\\\/\\\/radioljubuski.ba\\\/index.php\\\/2022\\\/06\\\/22\\\/policajac-nacrtao-crte-na-covid-testu-da-bi-mogao-otvoriti-bolovanje\\\/\"},\"author\":{\"name\":\"Radio Ljubu\u0161ki\",\"@id\":\"https:\\\/\\\/radioljubuski.ba\\\/#\\\/schema\\\/person\\\/19fc700381a780f69665d7956c469e3b\"},\"headline\":\"Policajac nacrtao crte na covid testu da bi mogao otvoriti bolovanje\",\"datePublished\":\"2022-06-22T13:20:56+00:00\",\"dateModified\":\"2022-06-22T13:20:57+00:00\",\"mainEntityOfPage\":{\"@id\":\"https:\\\/\\\/radioljubuski.ba\\\/index.php\\\/2022\\\/06\\\/22\\\/policajac-nacrtao-crte-na-covid-testu-da-bi-mogao-otvoriti-bolovanje\\\/\"},\"wordCount\":201,\"publisher\":{\"@id\":\"https:\\\/\\\/radioljubuski.ba\\\/#organization\"},\"image\":{\"@id\":\"https:\\\/\\\/radioljubuski.ba\\\/index.php\\\/2022\\\/06\\\/22\\\/policajac-nacrtao-crte-na-covid-testu-da-bi-mogao-otvoriti-bolovanje\\\/#primaryimage\"},\"thumbnailUrl\":\"https:\\\/\\\/radioljubuski.ba\\\/wp-content\\\/uploads\\\/2022\\\/06\\\/8-2022-06-22-07-22-18-COVID-TEST.jpg\",\"articleSection\":[\"BIH i regija\"],\"inLanguage\":\"hr\"},{\"@type\":\"WebPage\",\"@id\":\"https:\\\/\\\/radioljubuski.ba\\\/index.php\\\/2022\\\/06\\\/22\\\/policajac-nacrtao-crte-na-covid-testu-da-bi-mogao-otvoriti-bolovanje\\\/\",\"url\":\"https:\\\/\\\/radioljubuski.ba\\\/index.php\\\/2022\\\/06\\\/22\\\/policajac-nacrtao-crte-na-covid-testu-da-bi-mogao-otvoriti-bolovanje\\\/\",\"name\":\"Policajac nacrtao crte na covid testu da bi mogao otvoriti bolovanje - RADIO LJUBU\u0160KI\",\"isPartOf\":{\"@id\":\"https:\\\/\\\/radioljubuski.ba\\\/#website\"},\"primaryImageOfPage\":{\"@id\":\"https:\\\/\\\/radioljubuski.ba\\\/index.php\\\/2022\\\/06\\\/22\\\/policajac-nacrtao-crte-na-covid-testu-da-bi-mogao-otvoriti-bolovanje\\\/#primaryimage\"},\"image\":{\"@id\":\"https:\\\/\\\/radioljubuski.ba\\\/index.php\\\/2022\\\/06\\\/22\\\/policajac-nacrtao-crte-na-covid-testu-da-bi-mogao-otvoriti-bolovanje\\\/#primaryimage\"},\"thumbnailUrl\":\"https:\\\/\\\/radioljubuski.ba\\\/wp-content\\\/uploads\\\/2022\\\/06\\\/8-2022-06-22-07-22-18-COVID-TEST.jpg\",\"datePublished\":\"2022-06-22T13:20:56+00:00\",\"dateModified\":\"2022-06-22T13:20:57+00:00\",\"breadcrumb\":{\"@id\":\"https:\\\/\\\/radioljubuski.ba\\\/index.php\\\/2022\\\/06\\\/22\\\/policajac-nacrtao-crte-na-covid-testu-da-bi-mogao-otvoriti-bolovanje\\\/#breadcrumb\"},\"inLanguage\":\"hr\",\"potentialAction\":[{\"@type\":\"ReadAction\",\"target\":[\"https:\\\/\\\/radioljubuski.ba\\\/index.php\\\/2022\\\/06\\\/22\\\/policajac-nacrtao-crte-na-covid-testu-da-bi-mogao-otvoriti-bolovanje\\\/\"]}]},{\"@type\":\"ImageObject\",\"inLanguage\":\"hr\",\"@id\":\"https:\\\/\\\/radioljubuski.ba\\\/index.php\\\/2022\\\/06\\\/22\\\/policajac-nacrtao-crte-na-covid-testu-da-bi-mogao-otvoriti-bolovanje\\\/#primaryimage\",\"url\":\"https:\\\/\\\/radioljubuski.ba\\\/wp-content\\\/uploads\\\/2022\\\/06\\\/8-2022-06-22-07-22-18-COVID-TEST.jpg\",\"contentUrl\":\"https:\\\/\\\/radioljubuski.ba\\\/wp-content\\\/uploads\\\/2022\\\/06\\\/8-2022-06-22-07-22-18-COVID-TEST.jpg\",\"width\":1000,\"height\":625},{\"@type\":\"BreadcrumbList\",\"@id\":\"https:\\\/\\\/radioljubuski.ba\\\/index.php\\\/2022\\\/06\\\/22\\\/policajac-nacrtao-crte-na-covid-testu-da-bi-mogao-otvoriti-bolovanje\\\/#breadcrumb\",\"itemListElement\":[{\"@type\":\"ListItem\",\"position\":1,\"name\":\"Po\u010detna stranica\",\"item\":\"https:\\\/\\\/radioljubuski.ba\\\/\"},{\"@type\":\"ListItem\",\"position\":2,\"name\":\"Policajac nacrtao crte na covid testu da bi mogao otvoriti bolovanje\"}]},{\"@type\":\"WebSite\",\"@id\":\"https:\\\/\\\/radioljubuski.ba\\\/#website\",\"url\":\"https:\\\/\\\/radioljubuski.ba\\\/\",\"name\":\"Radio Ljubu\u0161ki\",\"description\":\"Sun\u010dana frekvencija Hercegovine\",\"publisher\":{\"@id\":\"https:\\\/\\\/radioljubuski.ba\\\/#organization\"},\"potentialAction\":[{\"@type\":\"SearchAction\",\"target\":{\"@type\":\"EntryPoint\",\"urlTemplate\":\"https:\\\/\\\/radioljubuski.ba\\\/?s={search_term_string}\"},\"query-input\":{\"@type\":\"PropertyValueSpecification\",\"valueRequired\":true,\"valueName\":\"search_term_string\"}}],\"inLanguage\":\"hr\"},{\"@type\":\"Organization\",\"@id\":\"https:\\\/\\\/radioljubuski.ba\\\/#organization\",\"name\":\"Radio Ljubu\u0161ki\",\"url\":\"https:\\\/\\\/radioljubuski.ba\\\/\",\"logo\":{\"@type\":\"ImageObject\",\"inLanguage\":\"hr\",\"@id\":\"https:\\\/\\\/radioljubuski.ba\\\/#\\\/schema\\\/logo\\\/image\\\/\",\"url\":\"https:\\\/\\\/radioljubuski.ba\\\/wp-content\\\/uploads\\\/2021\\\/02\\\/cropped-Radio_Ljubuski_logo1.jpg\",\"contentUrl\":\"https:\\\/\\\/radioljubuski.ba\\\/wp-content\\\/uploads\\\/2021\\\/02\\\/cropped-Radio_Ljubuski_logo1.jpg\",\"width\":512,\"height\":512,\"caption\":\"Radio Ljubu\u0161ki\"},\"image\":{\"@id\":\"https:\\\/\\\/radioljubuski.ba\\\/#\\\/schema\\\/logo\\\/image\\\/\"},\"sameAs\":[\"https:\\\/\\\/www.facebook.com\\\/Radiio-Ljubuski-1490835324566332\",\"https:\\\/\\\/x.com\\\/radioljubuski\",\"https:\\\/\\\/hr.linkedin.com\\\/company\\\/radio-ljubuski\",\"https:\\\/\\\/www.youtube.com\\\/channel\\\/UCHYaeO_n0Db3tjNGudGpXyw\"]},{\"@type\":\"Person\",\"@id\":\"https:\\\/\\\/radioljubuski.ba\\\/#\\\/schema\\\/person\\\/19fc700381a780f69665d7956c469e3b\",\"name\":\"Radio Ljubu\u0161ki\"}]}<\/script>\n<!-- \/ Yoast SEO plugin. -->","yoast_head_json":{"title":"Policajac nacrtao crte na covid testu da bi mogao otvoriti bolovanje - RADIO LJUBU\u0160KI","robots":{"index":"index","follow":"follow","max-snippet":"max-snippet:-1","max-image-preview":"max-image-preview:large","max-video-preview":"max-video-preview:-1"},"canonical":"https:\/\/radioljubuski.ba\/index.php\/2022\/06\/22\/policajac-nacrtao-crte-na-covid-testu-da-bi-mogao-otvoriti-bolovanje\/","og_locale":"hr_HR","og_type":"article","og_title":"Policajac nacrtao crte na covid testu da bi mogao otvoriti bolovanje - RADIO LJUBU\u0160KI","og_description":"Policijski pripravnik u Lancashireu u Velikoj Brtaniji nacrtao je crte na ku\u0107nom testu za covid u poku\u0161aju da si osigura slobodne dane. Ahmed Anwari rekao je nadre\u0111enom policajcu u policiji Lancashirea da mora ostati kod ku\u0107e u prosincu zbog pozitivnog rezultata testa. Kada su ga pitali za dokaz, postalo je jasno da je test \u201cru\u010dno [&hellip;]","og_url":"https:\/\/radioljubuski.ba\/index.php\/2022\/06\/22\/policajac-nacrtao-crte-na-covid-testu-da-bi-mogao-otvoriti-bolovanje\/","og_site_name":"RADIO LJUBU\u0160KI","article_publisher":"https:\/\/www.facebook.com\/Radiio-Ljubuski-1490835324566332","article_published_time":"2022-06-22T13:20:56+00:00","article_modified_time":"2022-06-22T13:20:57+00:00","og_image":[{"width":1000,"height":625,"url":"https:\/\/radioljubuski.ba\/wp-content\/uploads\/2022\/06\/8-2022-06-22-07-22-18-COVID-TEST.jpg","type":"image\/jpeg"}],"author":"Radio Ljubu\u0161ki","twitter_card":"summary_large_image","twitter_creator":"@radioljubuski","twitter_site":"@radioljubuski","twitter_misc":{"Napisao\/la":"Radio Ljubu\u0161ki","Procijenjeno vrijeme \u010ditanja":"1 minuta"},"schema":{"@context":"https:\/\/schema.org","@graph":[{"@type":"Article","@id":"https:\/\/radioljubuski.ba\/index.php\/2022\/06\/22\/policajac-nacrtao-crte-na-covid-testu-da-bi-mogao-otvoriti-bolovanje\/#article","isPartOf":{"@id":"https:\/\/radioljubuski.ba\/index.php\/2022\/06\/22\/policajac-nacrtao-crte-na-covid-testu-da-bi-mogao-otvoriti-bolovanje\/"},"author":{"name":"Radio Ljubu\u0161ki","@id":"https:\/\/radioljubuski.ba\/#\/schema\/person\/19fc700381a780f69665d7956c469e3b"},"headline":"Policajac nacrtao crte na covid testu da bi mogao otvoriti bolovanje","datePublished":"2022-06-22T13:20:56+00:00","dateModified":"2022-06-22T13:20:57+00:00","mainEntityOfPage":{"@id":"https:\/\/radioljubuski.ba\/index.php\/2022\/06\/22\/policajac-nacrtao-crte-na-covid-testu-da-bi-mogao-otvoriti-bolovanje\/"},"wordCount":201,"publisher":{"@id":"https:\/\/radioljubuski.ba\/#organization"},"image":{"@id":"https:\/\/radioljubuski.ba\/index.php\/2022\/06\/22\/policajac-nacrtao-crte-na-covid-testu-da-bi-mogao-otvoriti-bolovanje\/#primaryimage"},"thumbnailUrl":"https:\/\/radioljubuski.ba\/wp-content\/uploads\/2022\/06\/8-2022-06-22-07-22-18-COVID-TEST.jpg","articleSection":["BIH i regija"],"inLanguage":"hr"},{"@type":"WebPage","@id":"https:\/\/radioljubuski.ba\/index.php\/2022\/06\/22\/policajac-nacrtao-crte-na-covid-testu-da-bi-mogao-otvoriti-bolovanje\/","url":"https:\/\/radioljubuski.ba\/index.php\/2022\/06\/22\/policajac-nacrtao-crte-na-covid-testu-da-bi-mogao-otvoriti-bolovanje\/","name":"Policajac nacrtao crte na covid testu da bi mogao otvoriti bolovanje - RADIO LJUBU\u0160KI","isPartOf":{"@id":"https:\/\/radioljubuski.ba\/#website"},"primaryImageOfPage":{"@id":"https:\/\/radioljubuski.ba\/index.php\/2022\/06\/22\/policajac-nacrtao-crte-na-covid-testu-da-bi-mogao-otvoriti-bolovanje\/#primaryimage"},"image":{"@id":"https:\/\/radioljubuski.ba\/index.php\/2022\/06\/22\/policajac-nacrtao-crte-na-covid-testu-da-bi-mogao-otvoriti-bolovanje\/#primaryimage"},"thumbnailUrl":"https:\/\/radioljubuski.ba\/wp-content\/uploads\/2022\/06\/8-2022-06-22-07-22-18-COVID-TEST.jpg","datePublished":"2022-06-22T13:20:56+00:00","dateModified":"2022-06-22T13:20:57+00:00","breadcrumb":{"@id":"https:\/\/radioljubuski.ba\/index.php\/2022\/06\/22\/policajac-nacrtao-crte-na-covid-testu-da-bi-mogao-otvoriti-bolovanje\/#breadcrumb"},"inLanguage":"hr","potentialAction":[{"@type":"ReadAction","target":["https:\/\/radioljubuski.ba\/index.php\/2022\/06\/22\/policajac-nacrtao-crte-na-covid-testu-da-bi-mogao-otvoriti-bolovanje\/"]}]},{"@type":"ImageObject","inLanguage":"hr","@id":"https:\/\/radioljubuski.ba\/index.php\/2022\/06\/22\/policajac-nacrtao-crte-na-covid-testu-da-bi-mogao-otvoriti-bolovanje\/#primaryimage","url":"https:\/\/radioljubuski.ba\/wp-content\/uploads\/2022\/06\/8-2022-06-22-07-22-18-COVID-TEST.jpg","contentUrl":"https:\/\/radioljubuski.ba\/wp-content\/uploads\/2022\/06\/8-2022-06-22-07-22-18-COVID-TEST.jpg","width":1000,"height":625},{"@type":"BreadcrumbList","@id":"https:\/\/radioljubuski.ba\/index.php\/2022\/06\/22\/policajac-nacrtao-crte-na-covid-testu-da-bi-mogao-otvoriti-bolovanje\/#breadcrumb","itemListElement":[{"@type":"ListItem","position":1,"name":"Po\u010detna stranica","item":"https:\/\/radioljubuski.ba\/"},{"@type":"ListItem","position":2,"name":"Policajac nacrtao crte na covid testu da bi mogao otvoriti bolovanje"}]},{"@type":"WebSite","@id":"https:\/\/radioljubuski.ba\/#website","url":"https:\/\/radioljubuski.ba\/","name":"Radio Ljubu\u0161ki","description":"Sun\u010dana frekvencija Hercegovine","publisher":{"@id":"https:\/\/radioljubuski.ba\/#organization"},"potentialAction":[{"@type":"SearchAction","target":{"@type":"EntryPoint","urlTemplate":"https:\/\/radioljubuski.ba\/?s={search_term_string}"},"query-input":{"@type":"PropertyValueSpecification","valueRequired":true,"valueName":"search_term_string"}}],"inLanguage":"hr"},{"@type":"Organization","@id":"https:\/\/radioljubuski.ba\/#organization","name":"Radio Ljubu\u0161ki","url":"https:\/\/radioljubuski.ba\/","logo":{"@type":"ImageObject","inLanguage":"hr","@id":"https:\/\/radioljubuski.ba\/#\/schema\/logo\/image\/","url":"https:\/\/radioljubuski.ba\/wp-content\/uploads\/2021\/02\/cropped-Radio_Ljubuski_logo1.jpg","contentUrl":"https:\/\/radioljubuski.ba\/wp-content\/uploads\/2021\/02\/cropped-Radio_Ljubuski_logo1.jpg","width":512,"height":512,"caption":"Radio Ljubu\u0161ki"},"image":{"@id":"https:\/\/radioljubuski.ba\/#\/schema\/logo\/image\/"},"sameAs":["https:\/\/www.facebook.com\/Radiio-Ljubuski-1490835324566332","https:\/\/x.com\/radioljubuski","https:\/\/hr.linkedin.com\/company\/radio-ljubuski","https:\/\/www.youtube.com\/channel\/UCHYaeO_n0Db3tjNGudGpXyw"]},{"@type":"Person","@id":"https:\/\/radioljubuski.ba\/#\/schema\/person\/19fc700381a780f69665d7956c469e3b","name":"Radio Ljubu\u0161ki"}]}},"_links":{"self":[{"href":"https:\/\/radioljubuski.ba\/index.php\/wp-json\/wp\/v2\/posts\/152171","targetHints":{"allow":["GET"]}}],"collection":[{"href":"https:\/\/radioljubuski.ba\/index.php\/wp-json\/wp\/v2\/posts"}],"about":[{"href":"https:\/\/radioljubuski.ba\/index.php\/wp-json\/wp\/v2\/types\/post"}],"author":[{"embeddable":true,"href":"https:\/\/radioljubuski.ba\/index.php\/wp-json\/wp\/v2\/users\/2"}],"replies":[{"embeddable":true,"href":"https:\/\/radioljubuski.ba\/index.php\/wp-json\/wp\/v2\/comments?post=152171"}],"version-history":[{"count":1,"href":"https:\/\/radioljubuski.ba\/index.php\/wp-json\/wp\/v2\/posts\/152171\/revisions"}],"predecessor-version":[{"id":152173,"href":"https:\/\/radioljubuski.ba\/index.php\/wp-json\/wp\/v2\/posts\/152171\/revisions\/152173"}],"wp:featuredmedia":[{"embeddable":true,"href":"https:\/\/radioljubuski.ba\/index.php\/wp-json\/wp\/v2\/media\/152172"}],"wp:attachment":[{"href":"https:\/\/radioljubuski.ba\/index.php\/wp-json\/wp\/v2\/media?parent=152171"}],"wp:term":[{"taxonomy":"category","embeddable":true,"href":"https:\/\/radioljubuski.ba\/index.php\/wp-json\/wp\/v2\/categories?post=152171"},{"taxonomy":"post_tag","embeddable":true,"href":"https:\/\/radioljubuski.ba\/index.php\/wp-json\/wp\/v2\/tags?post=152171"}],"curies":[{"name":"wp","href":"https:\/\/api.w.org\/{rel}","templated":true}]}}