{"id":152177,"date":"2022-06-22T14:24:00","date_gmt":"2022-06-22T13:24:00","guid":{"rendered":"https:\/\/radioljubuski.ba\/?p=152177"},"modified":"2022-06-22T14:24:02","modified_gmt":"2022-06-22T13:24:02","slug":"gospodarstvenici-bh-grada-ogorceni-zbog-neradne-nedjelje-pada-promet-i-broj-zaposlenih-novac-ide-susjedima","status":"publish","type":"post","link":"https:\/\/radioljubuski.ba\/index.php\/2022\/06\/22\/gospodarstvenici-bh-grada-ogorceni-zbog-neradne-nedjelje-pada-promet-i-broj-zaposlenih-novac-ide-susjedima\/","title":{"rendered":"Gospodarstvenici bh. grada ogor\u010deni zbog neradne nedjelje: Pada promet i broj zaposlenih, novac ide susjedima"},"content":{"rendered":"\n<p>Podru\u010dna gospodarska komora u Bijeljini zatra\u017eila je od vlasti u tom gradu da ukinu ili izmijene Odluku o neradnoj nedjelji, jer podaci do kojih su do\u0161li govore da je promet u maloprodaji pao 10 posto, isto kao i broj radnika u toj djelatnosti.<\/p>\n\n\n\n<p><br>&#8220;Mo\u017eda su mogu\u0107i neki drugi modeli, jer je Bijeljina specifi\u010dna zbog velikog broja turista, etno-sela Stani\u0161i\u0107i, velikog broja tr\u017enih centara itd. Mi ne \u017eelimo da se upu\u0161tamo ili preferiramo rje\u0161enje koje bi grad Bijeljina donio i na\u0161a sugestija je da otvorite debatu o tome, okupite ljude i razgovarate jer mi imamo informacije od gospodarstvenika da su pogo\u0111eni tom odlukom&#8221;, rekao je za &#8220;<a href=\"https:\/\/www.nezavisne.com\/ekonomija\/privreda\/Padaju-promet-i-broj-zaposlenih-u-Bijeljini-novac-ide-komsijama\/723884\" target=\"_blank\" rel=\"noreferrer noopener\">Nezavisne novine<\/a>&#8221; Stevo Savi\u0107, predsjednik Podru\u010dne gospodarske komore Bijeljina.<\/p>\n\n\n\n<p>Jedna od mogu\u0107nosti, kako isti\u010du gospodarstvenci u Bijeljini, mo\u017eda bi bila i skra\u0107ivanje radnog vremena nedjeljom na na\u010din kako je to uradio Zvornik, koji je ograni\u010dio radno vrijeme trgovina nedjeljom do 12 sati, ali i nagla\u0161avaju da mjerodavne institucije treba da u\u0111u u problem, analiziraju i vide koji bi to model bio najbolji.<\/p>\n\n\n\n<p>&#8220;Nismo izri\u010dito da se stavlja van snage ta odluka, ali neki model treba da se na\u0111e. Svi populisti\u010dki razmi\u0161ljaju, ne\u0161to kao \u0161tite radnike itd. ali ima Zakon o radu koji je sve propisao&#8221;, rekao je Savi\u0107.<\/p>\n\n\n\n<p>Prema ranijim iskustvima gospodarstvenika&nbsp; u Bijeljini, Odluka o neradnoj nedjelji i vi\u0161e je nego lo\u0161a, i to prije svega jer su mnoge stvari nedore\u010dene. Primjera radi, benzinske crpke mogu raditi, ali ne mogu prodavati robu \u0161iroke potro\u0161nje, dok male obiteljske trgovine koje ne zapo\u0161ljavaju dodatnu radnu snagu ne mogu da rade i pored toga \u0161to \u010desto nedjeljom imaju najvi\u0161e prometa.<\/p>\n\n\n\n<p>Zbog zabrane rada nedjeljom sve vi\u0161e trgova\u010dkih lanaca registrira se za rad 24 sata, me\u0111utim u tom slu\u010daju najvi\u0161e ispa\u0161taju upravo radnici, kojima se u tom slu\u010daju u rad uvodi i tre\u0107a smjena.<\/p>\n\n\n\n<p>Iako su u nekoliko navrata vlasti u Bijeljini tvrdile da procjene o padu prometa nisu to\u010dne, isti\u010du\u0107i da to pokazuju i podaci o obra\u010dunatom PDV-u, sami gospodarstvenici nagla\u0161avaju da to nije mjerilo jer prihodi od PDV-a rastu svugdje, ne samo u Bijeljini.<\/p>\n\n\n\n<p>&#8220;Prihodi od PDV-a su posljedica visoke inflacije i masovnih poskupljenja svih roba i usluga i to nije pokazatelj&#8221;, naglasio je Savi\u0107, dodaju\u0107i da ve\u0107 postoje informacije o rastu prometa u ve\u0107im op\u0107inama koje grani\u010de s Bijeljinom, posebno nedjeljom.<\/p>\n\n\n\n<p>O neradnoj nedjelji uskoro bi moglo biti govora i u Banja Luci, gdje Dra\u0161ko Stanivukovi\u0107, banjalu\u010dki gradona\u010delnik, tu to\u010dku poku\u0161ava progurati na sjednicu dnevnog reda Skup\u0161tine grada, me\u0111utim skup\u0161tinska ve\u0107ina ne \u017eeli o tome raspravljati.<\/p>\n\n\n\n<p>Iz grada Banja Luka u nekoliko navrata istakli su da je neradnu nedjelju u ovom gradu podr\u017eala ve\u0107ina gospofarskih subjekata kao i ogromna ve\u0107ina radnika koji su anketirani u prethodnom periodu.<\/p>\n\n\n\n<p>Izvor:nezavisne.com<\/p>\n","protected":false},"excerpt":{"rendered":"<p>Podru\u010dna gospodarska komora u Bijeljini zatra\u017eila je od vlasti u tom gradu da ukinu ili izmijene Odluku o neradnoj nedjelji, jer podaci do kojih su do\u0161li govore da je promet u maloprodaji pao 10 posto, isto kao i broj radnika u toj djelatnosti. &#8220;Mo\u017eda su mogu\u0107i neki drugi modeli, jer je Bijeljina specifi\u010dna zbog velikog [&hellip;]<\/p>\n","protected":false},"author":2,"featured_media":61249,"comment_status":"closed","ping_status":"closed","sticky":false,"template":"","format":"standard","meta":{"h5ap_radio_sources":[],"footnotes":""},"categories":[1],"tags":[],"class_list":["post-152177","post","type-post","status-publish","format-standard","has-post-thumbnail","hentry","category-bihiregija"],"yoast_head":"<!-- This site is optimized with the Yoast SEO plugin v27.4 - https:\/\/yoast.com\/product\/yoast-seo-wordpress\/ -->\n<title>Gospodarstvenici bh. grada ogor\u010deni zbog neradne nedjelje: Pada promet i broj zaposlenih, novac ide susjedima - RADIO LJUBU\u0160KI<\/title>\n<meta name=\"robots\" content=\"index, follow, max-snippet:-1, max-image-preview:large, max-video-preview:-1\" \/>\n<link rel=\"canonical\" href=\"https:\/\/radioljubuski.ba\/index.php\/2022\/06\/22\/gospodarstvenici-bh-grada-ogorceni-zbog-neradne-nedjelje-pada-promet-i-broj-zaposlenih-novac-ide-susjedima\/\" \/>\n<meta property=\"og:locale\" content=\"hr_HR\" \/>\n<meta property=\"og:type\" content=\"article\" \/>\n<meta property=\"og:title\" content=\"Gospodarstvenici bh. grada ogor\u010deni zbog neradne nedjelje: Pada promet i broj zaposlenih, novac ide susjedima - RADIO LJUBU\u0160KI\" \/>\n<meta property=\"og:description\" content=\"Podru\u010dna gospodarska komora u Bijeljini zatra\u017eila je od vlasti u tom gradu da ukinu ili izmijene Odluku o neradnoj nedjelji, jer podaci do kojih su do\u0161li govore da je promet u maloprodaji pao 10 posto, isto kao i broj radnika u toj djelatnosti. &#8220;Mo\u017eda su mogu\u0107i neki drugi modeli, jer je Bijeljina specifi\u010dna zbog velikog [&hellip;]\" \/>\n<meta property=\"og:url\" content=\"https:\/\/radioljubuski.ba\/index.php\/2022\/06\/22\/gospodarstvenici-bh-grada-ogorceni-zbog-neradne-nedjelje-pada-promet-i-broj-zaposlenih-novac-ide-susjedima\/\" \/>\n<meta property=\"og:site_name\" content=\"RADIO LJUBU\u0160KI\" \/>\n<meta property=\"article:publisher\" content=\"https:\/\/www.facebook.com\/Radiio-Ljubuski-1490835324566332\" \/>\n<meta property=\"article:published_time\" content=\"2022-06-22T13:24:00+00:00\" \/>\n<meta property=\"article:modified_time\" content=\"2022-06-22T13:24:02+00:00\" \/>\n<meta property=\"og:image\" content=\"https:\/\/radioljubuski.ba\/wp-content\/uploads\/2021\/09\/HkrYniPe_prodavnica.jpg\" \/>\n\t<meta property=\"og:image:width\" content=\"1000\" \/>\n\t<meta property=\"og:image:height\" content=\"625\" \/>\n\t<meta property=\"og:image:type\" content=\"image\/jpeg\" \/>\n<meta name=\"author\" content=\"Radio Ljubu\u0161ki\" \/>\n<meta name=\"twitter:card\" content=\"summary_large_image\" \/>\n<meta name=\"twitter:creator\" content=\"@radioljubuski\" \/>\n<meta name=\"twitter:site\" content=\"@radioljubuski\" \/>\n<meta name=\"twitter:label1\" content=\"Napisao\/la\" \/>\n\t<meta name=\"twitter:data1\" content=\"Radio Ljubu\u0161ki\" \/>\n\t<meta name=\"twitter:label2\" content=\"Procijenjeno vrijeme \u010ditanja\" \/>\n\t<meta name=\"twitter:data2\" content=\"2 minute\" \/>\n<script type=\"application\/ld+json\" class=\"yoast-schema-graph\">{\"@context\":\"https:\\\/\\\/schema.org\",\"@graph\":[{\"@type\":\"Article\",\"@id\":\"https:\\\/\\\/radioljubuski.ba\\\/index.php\\\/2022\\\/06\\\/22\\\/gospodarstvenici-bh-grada-ogorceni-zbog-neradne-nedjelje-pada-promet-i-broj-zaposlenih-novac-ide-susjedima\\\/#article\",\"isPartOf\":{\"@id\":\"https:\\\/\\\/radioljubuski.ba\\\/index.php\\\/2022\\\/06\\\/22\\\/gospodarstvenici-bh-grada-ogorceni-zbog-neradne-nedjelje-pada-promet-i-broj-zaposlenih-novac-ide-susjedima\\\/\"},\"author\":{\"name\":\"Radio Ljubu\u0161ki\",\"@id\":\"https:\\\/\\\/radioljubuski.ba\\\/#\\\/schema\\\/person\\\/19fc700381a780f69665d7956c469e3b\"},\"headline\":\"Gospodarstvenici bh. grada ogor\u010deni zbog neradne nedjelje: Pada promet i broj zaposlenih, novac ide susjedima\",\"datePublished\":\"2022-06-22T13:24:00+00:00\",\"dateModified\":\"2022-06-22T13:24:02+00:00\",\"mainEntityOfPage\":{\"@id\":\"https:\\\/\\\/radioljubuski.ba\\\/index.php\\\/2022\\\/06\\\/22\\\/gospodarstvenici-bh-grada-ogorceni-zbog-neradne-nedjelje-pada-promet-i-broj-zaposlenih-novac-ide-susjedima\\\/\"},\"wordCount\":521,\"publisher\":{\"@id\":\"https:\\\/\\\/radioljubuski.ba\\\/#organization\"},\"image\":{\"@id\":\"https:\\\/\\\/radioljubuski.ba\\\/index.php\\\/2022\\\/06\\\/22\\\/gospodarstvenici-bh-grada-ogorceni-zbog-neradne-nedjelje-pada-promet-i-broj-zaposlenih-novac-ide-susjedima\\\/#primaryimage\"},\"thumbnailUrl\":\"https:\\\/\\\/radioljubuski.ba\\\/wp-content\\\/uploads\\\/2021\\\/09\\\/HkrYniPe_prodavnica.jpg\",\"articleSection\":[\"BIH i regija\"],\"inLanguage\":\"hr\"},{\"@type\":\"WebPage\",\"@id\":\"https:\\\/\\\/radioljubuski.ba\\\/index.php\\\/2022\\\/06\\\/22\\\/gospodarstvenici-bh-grada-ogorceni-zbog-neradne-nedjelje-pada-promet-i-broj-zaposlenih-novac-ide-susjedima\\\/\",\"url\":\"https:\\\/\\\/radioljubuski.ba\\\/index.php\\\/2022\\\/06\\\/22\\\/gospodarstvenici-bh-grada-ogorceni-zbog-neradne-nedjelje-pada-promet-i-broj-zaposlenih-novac-ide-susjedima\\\/\",\"name\":\"Gospodarstvenici bh. grada ogor\u010deni zbog neradne nedjelje: Pada promet i broj zaposlenih, novac ide susjedima - RADIO LJUBU\u0160KI\",\"isPartOf\":{\"@id\":\"https:\\\/\\\/radioljubuski.ba\\\/#website\"},\"primaryImageOfPage\":{\"@id\":\"https:\\\/\\\/radioljubuski.ba\\\/index.php\\\/2022\\\/06\\\/22\\\/gospodarstvenici-bh-grada-ogorceni-zbog-neradne-nedjelje-pada-promet-i-broj-zaposlenih-novac-ide-susjedima\\\/#primaryimage\"},\"image\":{\"@id\":\"https:\\\/\\\/radioljubuski.ba\\\/index.php\\\/2022\\\/06\\\/22\\\/gospodarstvenici-bh-grada-ogorceni-zbog-neradne-nedjelje-pada-promet-i-broj-zaposlenih-novac-ide-susjedima\\\/#primaryimage\"},\"thumbnailUrl\":\"https:\\\/\\\/radioljubuski.ba\\\/wp-content\\\/uploads\\\/2021\\\/09\\\/HkrYniPe_prodavnica.jpg\",\"datePublished\":\"2022-06-22T13:24:00+00:00\",\"dateModified\":\"2022-06-22T13:24:02+00:00\",\"breadcrumb\":{\"@id\":\"https:\\\/\\\/radioljubuski.ba\\\/index.php\\\/2022\\\/06\\\/22\\\/gospodarstvenici-bh-grada-ogorceni-zbog-neradne-nedjelje-pada-promet-i-broj-zaposlenih-novac-ide-susjedima\\\/#breadcrumb\"},\"inLanguage\":\"hr\",\"potentialAction\":[{\"@type\":\"ReadAction\",\"target\":[\"https:\\\/\\\/radioljubuski.ba\\\/index.php\\\/2022\\\/06\\\/22\\\/gospodarstvenici-bh-grada-ogorceni-zbog-neradne-nedjelje-pada-promet-i-broj-zaposlenih-novac-ide-susjedima\\\/\"]}]},{\"@type\":\"ImageObject\",\"inLanguage\":\"hr\",\"@id\":\"https:\\\/\\\/radioljubuski.ba\\\/index.php\\\/2022\\\/06\\\/22\\\/gospodarstvenici-bh-grada-ogorceni-zbog-neradne-nedjelje-pada-promet-i-broj-zaposlenih-novac-ide-susjedima\\\/#primaryimage\",\"url\":\"https:\\\/\\\/radioljubuski.ba\\\/wp-content\\\/uploads\\\/2021\\\/09\\\/HkrYniPe_prodavnica.jpg\",\"contentUrl\":\"https:\\\/\\\/radioljubuski.ba\\\/wp-content\\\/uploads\\\/2021\\\/09\\\/HkrYniPe_prodavnica.jpg\",\"width\":1000,\"height\":625},{\"@type\":\"BreadcrumbList\",\"@id\":\"https:\\\/\\\/radioljubuski.ba\\\/index.php\\\/2022\\\/06\\\/22\\\/gospodarstvenici-bh-grada-ogorceni-zbog-neradne-nedjelje-pada-promet-i-broj-zaposlenih-novac-ide-susjedima\\\/#breadcrumb\",\"itemListElement\":[{\"@type\":\"ListItem\",\"position\":1,\"name\":\"Po\u010detna stranica\",\"item\":\"https:\\\/\\\/radioljubuski.ba\\\/\"},{\"@type\":\"ListItem\",\"position\":2,\"name\":\"Gospodarstvenici bh. grada ogor\u010deni zbog neradne nedjelje: Pada promet i broj zaposlenih, novac ide susjedima\"}]},{\"@type\":\"WebSite\",\"@id\":\"https:\\\/\\\/radioljubuski.ba\\\/#website\",\"url\":\"https:\\\/\\\/radioljubuski.ba\\\/\",\"name\":\"Radio Ljubu\u0161ki\",\"description\":\"Sun\u010dana frekvencija Hercegovine\",\"publisher\":{\"@id\":\"https:\\\/\\\/radioljubuski.ba\\\/#organization\"},\"potentialAction\":[{\"@type\":\"SearchAction\",\"target\":{\"@type\":\"EntryPoint\",\"urlTemplate\":\"https:\\\/\\\/radioljubuski.ba\\\/?s={search_term_string}\"},\"query-input\":{\"@type\":\"PropertyValueSpecification\",\"valueRequired\":true,\"valueName\":\"search_term_string\"}}],\"inLanguage\":\"hr\"},{\"@type\":\"Organization\",\"@id\":\"https:\\\/\\\/radioljubuski.ba\\\/#organization\",\"name\":\"Radio Ljubu\u0161ki\",\"url\":\"https:\\\/\\\/radioljubuski.ba\\\/\",\"logo\":{\"@type\":\"ImageObject\",\"inLanguage\":\"hr\",\"@id\":\"https:\\\/\\\/radioljubuski.ba\\\/#\\\/schema\\\/logo\\\/image\\\/\",\"url\":\"https:\\\/\\\/radioljubuski.ba\\\/wp-content\\\/uploads\\\/2021\\\/02\\\/cropped-Radio_Ljubuski_logo1.jpg\",\"contentUrl\":\"https:\\\/\\\/radioljubuski.ba\\\/wp-content\\\/uploads\\\/2021\\\/02\\\/cropped-Radio_Ljubuski_logo1.jpg\",\"width\":512,\"height\":512,\"caption\":\"Radio Ljubu\u0161ki\"},\"image\":{\"@id\":\"https:\\\/\\\/radioljubuski.ba\\\/#\\\/schema\\\/logo\\\/image\\\/\"},\"sameAs\":[\"https:\\\/\\\/www.facebook.com\\\/Radiio-Ljubuski-1490835324566332\",\"https:\\\/\\\/x.com\\\/radioljubuski\",\"https:\\\/\\\/hr.linkedin.com\\\/company\\\/radio-ljubuski\",\"https:\\\/\\\/www.youtube.com\\\/channel\\\/UCHYaeO_n0Db3tjNGudGpXyw\"]},{\"@type\":\"Person\",\"@id\":\"https:\\\/\\\/radioljubuski.ba\\\/#\\\/schema\\\/person\\\/19fc700381a780f69665d7956c469e3b\",\"name\":\"Radio Ljubu\u0161ki\"}]}<\/script>\n<!-- \/ Yoast SEO plugin. -->","yoast_head_json":{"title":"Gospodarstvenici bh. grada ogor\u010deni zbog neradne nedjelje: Pada promet i broj zaposlenih, novac ide susjedima - RADIO LJUBU\u0160KI","robots":{"index":"index","follow":"follow","max-snippet":"max-snippet:-1","max-image-preview":"max-image-preview:large","max-video-preview":"max-video-preview:-1"},"canonical":"https:\/\/radioljubuski.ba\/index.php\/2022\/06\/22\/gospodarstvenici-bh-grada-ogorceni-zbog-neradne-nedjelje-pada-promet-i-broj-zaposlenih-novac-ide-susjedima\/","og_locale":"hr_HR","og_type":"article","og_title":"Gospodarstvenici bh. grada ogor\u010deni zbog neradne nedjelje: Pada promet i broj zaposlenih, novac ide susjedima - RADIO LJUBU\u0160KI","og_description":"Podru\u010dna gospodarska komora u Bijeljini zatra\u017eila je od vlasti u tom gradu da ukinu ili izmijene Odluku o neradnoj nedjelji, jer podaci do kojih su do\u0161li govore da je promet u maloprodaji pao 10 posto, isto kao i broj radnika u toj djelatnosti. &#8220;Mo\u017eda su mogu\u0107i neki drugi modeli, jer je Bijeljina specifi\u010dna zbog velikog [&hellip;]","og_url":"https:\/\/radioljubuski.ba\/index.php\/2022\/06\/22\/gospodarstvenici-bh-grada-ogorceni-zbog-neradne-nedjelje-pada-promet-i-broj-zaposlenih-novac-ide-susjedima\/","og_site_name":"RADIO LJUBU\u0160KI","article_publisher":"https:\/\/www.facebook.com\/Radiio-Ljubuski-1490835324566332","article_published_time":"2022-06-22T13:24:00+00:00","article_modified_time":"2022-06-22T13:24:02+00:00","og_image":[{"width":1000,"height":625,"url":"https:\/\/radioljubuski.ba\/wp-content\/uploads\/2021\/09\/HkrYniPe_prodavnica.jpg","type":"image\/jpeg"}],"author":"Radio Ljubu\u0161ki","twitter_card":"summary_large_image","twitter_creator":"@radioljubuski","twitter_site":"@radioljubuski","twitter_misc":{"Napisao\/la":"Radio Ljubu\u0161ki","Procijenjeno vrijeme \u010ditanja":"2 minute"},"schema":{"@context":"https:\/\/schema.org","@graph":[{"@type":"Article","@id":"https:\/\/radioljubuski.ba\/index.php\/2022\/06\/22\/gospodarstvenici-bh-grada-ogorceni-zbog-neradne-nedjelje-pada-promet-i-broj-zaposlenih-novac-ide-susjedima\/#article","isPartOf":{"@id":"https:\/\/radioljubuski.ba\/index.php\/2022\/06\/22\/gospodarstvenici-bh-grada-ogorceni-zbog-neradne-nedjelje-pada-promet-i-broj-zaposlenih-novac-ide-susjedima\/"},"author":{"name":"Radio Ljubu\u0161ki","@id":"https:\/\/radioljubuski.ba\/#\/schema\/person\/19fc700381a780f69665d7956c469e3b"},"headline":"Gospodarstvenici bh. grada ogor\u010deni zbog neradne nedjelje: Pada promet i broj zaposlenih, novac ide susjedima","datePublished":"2022-06-22T13:24:00+00:00","dateModified":"2022-06-22T13:24:02+00:00","mainEntityOfPage":{"@id":"https:\/\/radioljubuski.ba\/index.php\/2022\/06\/22\/gospodarstvenici-bh-grada-ogorceni-zbog-neradne-nedjelje-pada-promet-i-broj-zaposlenih-novac-ide-susjedima\/"},"wordCount":521,"publisher":{"@id":"https:\/\/radioljubuski.ba\/#organization"},"image":{"@id":"https:\/\/radioljubuski.ba\/index.php\/2022\/06\/22\/gospodarstvenici-bh-grada-ogorceni-zbog-neradne-nedjelje-pada-promet-i-broj-zaposlenih-novac-ide-susjedima\/#primaryimage"},"thumbnailUrl":"https:\/\/radioljubuski.ba\/wp-content\/uploads\/2021\/09\/HkrYniPe_prodavnica.jpg","articleSection":["BIH i regija"],"inLanguage":"hr"},{"@type":"WebPage","@id":"https:\/\/radioljubuski.ba\/index.php\/2022\/06\/22\/gospodarstvenici-bh-grada-ogorceni-zbog-neradne-nedjelje-pada-promet-i-broj-zaposlenih-novac-ide-susjedima\/","url":"https:\/\/radioljubuski.ba\/index.php\/2022\/06\/22\/gospodarstvenici-bh-grada-ogorceni-zbog-neradne-nedjelje-pada-promet-i-broj-zaposlenih-novac-ide-susjedima\/","name":"Gospodarstvenici bh. grada ogor\u010deni zbog neradne nedjelje: Pada promet i broj zaposlenih, novac ide susjedima - RADIO LJUBU\u0160KI","isPartOf":{"@id":"https:\/\/radioljubuski.ba\/#website"},"primaryImageOfPage":{"@id":"https:\/\/radioljubuski.ba\/index.php\/2022\/06\/22\/gospodarstvenici-bh-grada-ogorceni-zbog-neradne-nedjelje-pada-promet-i-broj-zaposlenih-novac-ide-susjedima\/#primaryimage"},"image":{"@id":"https:\/\/radioljubuski.ba\/index.php\/2022\/06\/22\/gospodarstvenici-bh-grada-ogorceni-zbog-neradne-nedjelje-pada-promet-i-broj-zaposlenih-novac-ide-susjedima\/#primaryimage"},"thumbnailUrl":"https:\/\/radioljubuski.ba\/wp-content\/uploads\/2021\/09\/HkrYniPe_prodavnica.jpg","datePublished":"2022-06-22T13:24:00+00:00","dateModified":"2022-06-22T13:24:02+00:00","breadcrumb":{"@id":"https:\/\/radioljubuski.ba\/index.php\/2022\/06\/22\/gospodarstvenici-bh-grada-ogorceni-zbog-neradne-nedjelje-pada-promet-i-broj-zaposlenih-novac-ide-susjedima\/#breadcrumb"},"inLanguage":"hr","potentialAction":[{"@type":"ReadAction","target":["https:\/\/radioljubuski.ba\/index.php\/2022\/06\/22\/gospodarstvenici-bh-grada-ogorceni-zbog-neradne-nedjelje-pada-promet-i-broj-zaposlenih-novac-ide-susjedima\/"]}]},{"@type":"ImageObject","inLanguage":"hr","@id":"https:\/\/radioljubuski.ba\/index.php\/2022\/06\/22\/gospodarstvenici-bh-grada-ogorceni-zbog-neradne-nedjelje-pada-promet-i-broj-zaposlenih-novac-ide-susjedima\/#primaryimage","url":"https:\/\/radioljubuski.ba\/wp-content\/uploads\/2021\/09\/HkrYniPe_prodavnica.jpg","contentUrl":"https:\/\/radioljubuski.ba\/wp-content\/uploads\/2021\/09\/HkrYniPe_prodavnica.jpg","width":1000,"height":625},{"@type":"BreadcrumbList","@id":"https:\/\/radioljubuski.ba\/index.php\/2022\/06\/22\/gospodarstvenici-bh-grada-ogorceni-zbog-neradne-nedjelje-pada-promet-i-broj-zaposlenih-novac-ide-susjedima\/#breadcrumb","itemListElement":[{"@type":"ListItem","position":1,"name":"Po\u010detna stranica","item":"https:\/\/radioljubuski.ba\/"},{"@type":"ListItem","position":2,"name":"Gospodarstvenici bh. grada ogor\u010deni zbog neradne nedjelje: Pada promet i broj zaposlenih, novac ide susjedima"}]},{"@type":"WebSite","@id":"https:\/\/radioljubuski.ba\/#website","url":"https:\/\/radioljubuski.ba\/","name":"Radio Ljubu\u0161ki","description":"Sun\u010dana frekvencija Hercegovine","publisher":{"@id":"https:\/\/radioljubuski.ba\/#organization"},"potentialAction":[{"@type":"SearchAction","target":{"@type":"EntryPoint","urlTemplate":"https:\/\/radioljubuski.ba\/?s={search_term_string}"},"query-input":{"@type":"PropertyValueSpecification","valueRequired":true,"valueName":"search_term_string"}}],"inLanguage":"hr"},{"@type":"Organization","@id":"https:\/\/radioljubuski.ba\/#organization","name":"Radio Ljubu\u0161ki","url":"https:\/\/radioljubuski.ba\/","logo":{"@type":"ImageObject","inLanguage":"hr","@id":"https:\/\/radioljubuski.ba\/#\/schema\/logo\/image\/","url":"https:\/\/radioljubuski.ba\/wp-content\/uploads\/2021\/02\/cropped-Radio_Ljubuski_logo1.jpg","contentUrl":"https:\/\/radioljubuski.ba\/wp-content\/uploads\/2021\/02\/cropped-Radio_Ljubuski_logo1.jpg","width":512,"height":512,"caption":"Radio Ljubu\u0161ki"},"image":{"@id":"https:\/\/radioljubuski.ba\/#\/schema\/logo\/image\/"},"sameAs":["https:\/\/www.facebook.com\/Radiio-Ljubuski-1490835324566332","https:\/\/x.com\/radioljubuski","https:\/\/hr.linkedin.com\/company\/radio-ljubuski","https:\/\/www.youtube.com\/channel\/UCHYaeO_n0Db3tjNGudGpXyw"]},{"@type":"Person","@id":"https:\/\/radioljubuski.ba\/#\/schema\/person\/19fc700381a780f69665d7956c469e3b","name":"Radio Ljubu\u0161ki"}]}},"_links":{"self":[{"href":"https:\/\/radioljubuski.ba\/index.php\/wp-json\/wp\/v2\/posts\/152177","targetHints":{"allow":["GET"]}}],"collection":[{"href":"https:\/\/radioljubuski.ba\/index.php\/wp-json\/wp\/v2\/posts"}],"about":[{"href":"https:\/\/radioljubuski.ba\/index.php\/wp-json\/wp\/v2\/types\/post"}],"author":[{"embeddable":true,"href":"https:\/\/radioljubuski.ba\/index.php\/wp-json\/wp\/v2\/users\/2"}],"replies":[{"embeddable":true,"href":"https:\/\/radioljubuski.ba\/index.php\/wp-json\/wp\/v2\/comments?post=152177"}],"version-history":[{"count":1,"href":"https:\/\/radioljubuski.ba\/index.php\/wp-json\/wp\/v2\/posts\/152177\/revisions"}],"predecessor-version":[{"id":152178,"href":"https:\/\/radioljubuski.ba\/index.php\/wp-json\/wp\/v2\/posts\/152177\/revisions\/152178"}],"wp:featuredmedia":[{"embeddable":true,"href":"https:\/\/radioljubuski.ba\/index.php\/wp-json\/wp\/v2\/media\/61249"}],"wp:attachment":[{"href":"https:\/\/radioljubuski.ba\/index.php\/wp-json\/wp\/v2\/media?parent=152177"}],"wp:term":[{"taxonomy":"category","embeddable":true,"href":"https:\/\/radioljubuski.ba\/index.php\/wp-json\/wp\/v2\/categories?post=152177"},{"taxonomy":"post_tag","embeddable":true,"href":"https:\/\/radioljubuski.ba\/index.php\/wp-json\/wp\/v2\/tags?post=152177"}],"curies":[{"name":"wp","href":"https:\/\/api.w.org\/{rel}","templated":true}]}}