{"id":152190,"date":"2022-06-22T14:36:11","date_gmt":"2022-06-22T13:36:11","guid":{"rendered":"https:\/\/radioljubuski.ba\/?p=152190"},"modified":"2022-06-22T14:36:12","modified_gmt":"2022-06-22T13:36:12","slug":"jedan-oko-15-a-drugi-oko-22-sata-pijani-upali-u-policijske-prostorije-i-prijetili-i-vrijedali-policajce","status":"publish","type":"post","link":"https:\/\/radioljubuski.ba\/index.php\/2022\/06\/22\/jedan-oko-15-a-drugi-oko-22-sata-pijani-upali-u-policijske-prostorije-i-prijetili-i-vrijedali-policajce\/","title":{"rendered":"Jedan oko 15, a drugi oko 22 sata: Pijani upali u policijske prostorije i prijetili i vrije\u0111ali policajce"},"content":{"rendered":"\n<p>Banjalu\u010dani A.T. i Z.L. uhi\u0107eni su ju\u010der nakon \u0161to su, u odvojenim slu\u010dajevima, pijani upali u slu\u017ebene prostorije Policijske uprave Banja Luka, odnosno nadle\u017ene policijske stanice, i policijskim slu\u017ebenicma upu\u0107ivali prijetnje i pogrdne rije\u010d.<\/p>\n\n\n\n<p>Prvo je Z.L. oko 15,40 sati nepozvan u\u0161ao u prostorije nadle\u017ene policijske stanice u vidno alkoholiziranom stanju. On je policijskom slu\u017ebeniku upu\u0107ivao pogrdne rije\u010di i izraze te je nakon toga uhi\u0107en.<\/p>\n\n\n\n<p>\u201ePolicijski slu\u017ebenici Policijske uprave Banja Luka, 21.06.2022. godine, li\u0161ili su slobode lice Z.L. iz Banja Luke, zbog po\u010dinjenog prekr\u0161aja ometanje dr\u017eavnih organa, gospodarskih dru\u0161tava i drugih pravnih lica u vr\u0161enju javnih funkcija\u201c, kazali su u PU Banja Luka.<\/p>\n\n\n\n<p>Navedni je odbio da se podvrgne ispitivanju na prisustvo alkohola u organizmu. O doga\u0111aju je obavije\u0161ten de\u017eurni sudac Osnovnog suda Banja Luka, Odjeljenje za prekr\u0161aje.<\/p>\n\n\n\n<p>Kasnije tokom ju\u010dera\u0161njeg dana, to\u010dnije oko 22,45, Banjalu\u010danin A.T. je upao u slu\u017ebene prostorije Policijske uprave Banja Luka i policijskim slu\u017ebenicma upu\u0107ivao prijetnje i pogrdne rije\u010di, te se oglu\u0161io o zakonito izdato nare\u0111enje da prestane sa naru\u0161avanjem javnog reda i mira. Policija ga je potom uhitila.<\/p>\n\n\n\n<p>Navedeni je podvrgnut ispitivanju na prisustvo alkohola i tom prilikom je utvr\u0111eno 2,20 g\/kg alkohola u organizmu.<\/p>\n\n\n\n<p>\u201ePrilikom li\u0161enja slobode lice A.T. je pru\u017ealo aktivni otpor i policijskom slu\u017ebeniku nanijelo tjelesne povrede i o\u0161tetilo slu\u017ebenu uniformu. Povrije\u0111enom policijskom slu\u017ebeniku je ukazana lije\u010dni\u010dka pomo\u0107 u Slu\u017ebi hitne medicinske pomo\u0107i Banja Luka\u201c, priop\u0107eno je iz Policijske uprave Banja Luka.<\/p>\n\n\n\n<p>A.T. je osumnji\u010den da je po\u010dinio krivi\u010dno djelo sprije\u010davanje slu\u017ebenog lica u vr\u0161enju slu\u017ebene radnje.<\/p>\n\n\n\n<p>O navedenom je obavije\u0161ten de\u017eurni tu\u017eitelj Okru\u017enog javnog tu\u017eiteljstva Banja Luka, koji se izjasnio da se radi o gore navedenom krivi\u010dnom djelu.<\/p>\n\n\n\n<p>Izvor:pogled.ba<\/p>\n","protected":false},"excerpt":{"rendered":"<p>Banjalu\u010dani A.T. i Z.L. uhi\u0107eni su ju\u010der nakon \u0161to su, u odvojenim slu\u010dajevima, pijani upali u slu\u017ebene prostorije Policijske uprave Banja Luka, odnosno nadle\u017ene policijske stanice, i policijskim slu\u017ebenicma upu\u0107ivali prijetnje i pogrdne rije\u010d. Prvo je Z.L. oko 15,40 sati nepozvan u\u0161ao u prostorije nadle\u017ene policijske stanice u vidno alkoholiziranom stanju. On je policijskom slu\u017ebeniku [&hellip;]<\/p>\n","protected":false},"author":2,"featured_media":96445,"comment_status":"closed","ping_status":"closed","sticky":false,"template":"","format":"standard","meta":{"h5ap_radio_sources":[],"footnotes":""},"categories":[1],"tags":[],"class_list":["post-152190","post","type-post","status-publish","format-standard","has-post-thumbnail","hentry","category-bihiregija"],"yoast_head":"<!-- This site is optimized with the Yoast SEO plugin v27.4 - https:\/\/yoast.com\/product\/yoast-seo-wordpress\/ -->\n<title>Jedan oko 15, a drugi oko 22 sata: Pijani upali u policijske prostorije i prijetili i vrije\u0111ali policajce - RADIO LJUBU\u0160KI<\/title>\n<meta name=\"robots\" content=\"index, follow, max-snippet:-1, max-image-preview:large, max-video-preview:-1\" \/>\n<link rel=\"canonical\" href=\"https:\/\/radioljubuski.ba\/index.php\/2022\/06\/22\/jedan-oko-15-a-drugi-oko-22-sata-pijani-upali-u-policijske-prostorije-i-prijetili-i-vrijedali-policajce\/\" \/>\n<meta property=\"og:locale\" content=\"hr_HR\" \/>\n<meta property=\"og:type\" content=\"article\" \/>\n<meta property=\"og:title\" content=\"Jedan oko 15, a drugi oko 22 sata: Pijani upali u policijske prostorije i prijetili i vrije\u0111ali policajce - RADIO LJUBU\u0160KI\" \/>\n<meta property=\"og:description\" content=\"Banjalu\u010dani A.T. i Z.L. uhi\u0107eni su ju\u010der nakon \u0161to su, u odvojenim slu\u010dajevima, pijani upali u slu\u017ebene prostorije Policijske uprave Banja Luka, odnosno nadle\u017ene policijske stanice, i policijskim slu\u017ebenicma upu\u0107ivali prijetnje i pogrdne rije\u010d. Prvo je Z.L. oko 15,40 sati nepozvan u\u0161ao u prostorije nadle\u017ene policijske stanice u vidno alkoholiziranom stanju. On je policijskom slu\u017ebeniku [&hellip;]\" \/>\n<meta property=\"og:url\" content=\"https:\/\/radioljubuski.ba\/index.php\/2022\/06\/22\/jedan-oko-15-a-drugi-oko-22-sata-pijani-upali-u-policijske-prostorije-i-prijetili-i-vrijedali-policajce\/\" \/>\n<meta property=\"og:site_name\" content=\"RADIO LJUBU\u0160KI\" \/>\n<meta property=\"article:publisher\" content=\"https:\/\/www.facebook.com\/Radiio-Ljubuski-1490835324566332\" \/>\n<meta property=\"article:published_time\" content=\"2022-06-22T13:36:11+00:00\" \/>\n<meta property=\"article:modified_time\" content=\"2022-06-22T13:36:12+00:00\" \/>\n<meta property=\"og:image\" content=\"https:\/\/radioljubuski.ba\/wp-content\/uploads\/2021\/12\/2-2021-11-05-08-59-02-policija.jpg\" \/>\n\t<meta property=\"og:image:width\" content=\"1000\" \/>\n\t<meta property=\"og:image:height\" content=\"625\" \/>\n\t<meta property=\"og:image:type\" content=\"image\/jpeg\" \/>\n<meta name=\"author\" content=\"Radio Ljubu\u0161ki\" \/>\n<meta name=\"twitter:card\" content=\"summary_large_image\" \/>\n<meta name=\"twitter:creator\" content=\"@radioljubuski\" \/>\n<meta name=\"twitter:site\" content=\"@radioljubuski\" \/>\n<meta name=\"twitter:label1\" content=\"Napisao\/la\" \/>\n\t<meta name=\"twitter:data1\" content=\"Radio Ljubu\u0161ki\" \/>\n\t<meta name=\"twitter:label2\" content=\"Procijenjeno vrijeme \u010ditanja\" \/>\n\t<meta name=\"twitter:data2\" content=\"2 minute\" \/>\n<script type=\"application\/ld+json\" class=\"yoast-schema-graph\">{\"@context\":\"https:\\\/\\\/schema.org\",\"@graph\":[{\"@type\":\"Article\",\"@id\":\"https:\\\/\\\/radioljubuski.ba\\\/index.php\\\/2022\\\/06\\\/22\\\/jedan-oko-15-a-drugi-oko-22-sata-pijani-upali-u-policijske-prostorije-i-prijetili-i-vrijedali-policajce\\\/#article\",\"isPartOf\":{\"@id\":\"https:\\\/\\\/radioljubuski.ba\\\/index.php\\\/2022\\\/06\\\/22\\\/jedan-oko-15-a-drugi-oko-22-sata-pijani-upali-u-policijske-prostorije-i-prijetili-i-vrijedali-policajce\\\/\"},\"author\":{\"name\":\"Radio Ljubu\u0161ki\",\"@id\":\"https:\\\/\\\/radioljubuski.ba\\\/#\\\/schema\\\/person\\\/19fc700381a780f69665d7956c469e3b\"},\"headline\":\"Jedan oko 15, a drugi oko 22 sata: Pijani upali u policijske prostorije i prijetili i vrije\u0111ali policajce\",\"datePublished\":\"2022-06-22T13:36:11+00:00\",\"dateModified\":\"2022-06-22T13:36:12+00:00\",\"mainEntityOfPage\":{\"@id\":\"https:\\\/\\\/radioljubuski.ba\\\/index.php\\\/2022\\\/06\\\/22\\\/jedan-oko-15-a-drugi-oko-22-sata-pijani-upali-u-policijske-prostorije-i-prijetili-i-vrijedali-policajce\\\/\"},\"wordCount\":354,\"publisher\":{\"@id\":\"https:\\\/\\\/radioljubuski.ba\\\/#organization\"},\"image\":{\"@id\":\"https:\\\/\\\/radioljubuski.ba\\\/index.php\\\/2022\\\/06\\\/22\\\/jedan-oko-15-a-drugi-oko-22-sata-pijani-upali-u-policijske-prostorije-i-prijetili-i-vrijedali-policajce\\\/#primaryimage\"},\"thumbnailUrl\":\"https:\\\/\\\/radioljubuski.ba\\\/wp-content\\\/uploads\\\/2021\\\/12\\\/2-2021-11-05-08-59-02-policija.jpg\",\"articleSection\":[\"BIH i regija\"],\"inLanguage\":\"hr\"},{\"@type\":\"WebPage\",\"@id\":\"https:\\\/\\\/radioljubuski.ba\\\/index.php\\\/2022\\\/06\\\/22\\\/jedan-oko-15-a-drugi-oko-22-sata-pijani-upali-u-policijske-prostorije-i-prijetili-i-vrijedali-policajce\\\/\",\"url\":\"https:\\\/\\\/radioljubuski.ba\\\/index.php\\\/2022\\\/06\\\/22\\\/jedan-oko-15-a-drugi-oko-22-sata-pijani-upali-u-policijske-prostorije-i-prijetili-i-vrijedali-policajce\\\/\",\"name\":\"Jedan oko 15, a drugi oko 22 sata: Pijani upali u policijske prostorije i prijetili i vrije\u0111ali policajce - RADIO LJUBU\u0160KI\",\"isPartOf\":{\"@id\":\"https:\\\/\\\/radioljubuski.ba\\\/#website\"},\"primaryImageOfPage\":{\"@id\":\"https:\\\/\\\/radioljubuski.ba\\\/index.php\\\/2022\\\/06\\\/22\\\/jedan-oko-15-a-drugi-oko-22-sata-pijani-upali-u-policijske-prostorije-i-prijetili-i-vrijedali-policajce\\\/#primaryimage\"},\"image\":{\"@id\":\"https:\\\/\\\/radioljubuski.ba\\\/index.php\\\/2022\\\/06\\\/22\\\/jedan-oko-15-a-drugi-oko-22-sata-pijani-upali-u-policijske-prostorije-i-prijetili-i-vrijedali-policajce\\\/#primaryimage\"},\"thumbnailUrl\":\"https:\\\/\\\/radioljubuski.ba\\\/wp-content\\\/uploads\\\/2021\\\/12\\\/2-2021-11-05-08-59-02-policija.jpg\",\"datePublished\":\"2022-06-22T13:36:11+00:00\",\"dateModified\":\"2022-06-22T13:36:12+00:00\",\"breadcrumb\":{\"@id\":\"https:\\\/\\\/radioljubuski.ba\\\/index.php\\\/2022\\\/06\\\/22\\\/jedan-oko-15-a-drugi-oko-22-sata-pijani-upali-u-policijske-prostorije-i-prijetili-i-vrijedali-policajce\\\/#breadcrumb\"},\"inLanguage\":\"hr\",\"potentialAction\":[{\"@type\":\"ReadAction\",\"target\":[\"https:\\\/\\\/radioljubuski.ba\\\/index.php\\\/2022\\\/06\\\/22\\\/jedan-oko-15-a-drugi-oko-22-sata-pijani-upali-u-policijske-prostorije-i-prijetili-i-vrijedali-policajce\\\/\"]}]},{\"@type\":\"ImageObject\",\"inLanguage\":\"hr\",\"@id\":\"https:\\\/\\\/radioljubuski.ba\\\/index.php\\\/2022\\\/06\\\/22\\\/jedan-oko-15-a-drugi-oko-22-sata-pijani-upali-u-policijske-prostorije-i-prijetili-i-vrijedali-policajce\\\/#primaryimage\",\"url\":\"https:\\\/\\\/radioljubuski.ba\\\/wp-content\\\/uploads\\\/2021\\\/12\\\/2-2021-11-05-08-59-02-policija.jpg\",\"contentUrl\":\"https:\\\/\\\/radioljubuski.ba\\\/wp-content\\\/uploads\\\/2021\\\/12\\\/2-2021-11-05-08-59-02-policija.jpg\",\"width\":1000,\"height\":625},{\"@type\":\"BreadcrumbList\",\"@id\":\"https:\\\/\\\/radioljubuski.ba\\\/index.php\\\/2022\\\/06\\\/22\\\/jedan-oko-15-a-drugi-oko-22-sata-pijani-upali-u-policijske-prostorije-i-prijetili-i-vrijedali-policajce\\\/#breadcrumb\",\"itemListElement\":[{\"@type\":\"ListItem\",\"position\":1,\"name\":\"Po\u010detna stranica\",\"item\":\"https:\\\/\\\/radioljubuski.ba\\\/\"},{\"@type\":\"ListItem\",\"position\":2,\"name\":\"Jedan oko 15, a drugi oko 22 sata: Pijani upali u policijske prostorije i prijetili i vrije\u0111ali policajce\"}]},{\"@type\":\"WebSite\",\"@id\":\"https:\\\/\\\/radioljubuski.ba\\\/#website\",\"url\":\"https:\\\/\\\/radioljubuski.ba\\\/\",\"name\":\"Radio Ljubu\u0161ki\",\"description\":\"Sun\u010dana frekvencija Hercegovine\",\"publisher\":{\"@id\":\"https:\\\/\\\/radioljubuski.ba\\\/#organization\"},\"potentialAction\":[{\"@type\":\"SearchAction\",\"target\":{\"@type\":\"EntryPoint\",\"urlTemplate\":\"https:\\\/\\\/radioljubuski.ba\\\/?s={search_term_string}\"},\"query-input\":{\"@type\":\"PropertyValueSpecification\",\"valueRequired\":true,\"valueName\":\"search_term_string\"}}],\"inLanguage\":\"hr\"},{\"@type\":\"Organization\",\"@id\":\"https:\\\/\\\/radioljubuski.ba\\\/#organization\",\"name\":\"Radio Ljubu\u0161ki\",\"url\":\"https:\\\/\\\/radioljubuski.ba\\\/\",\"logo\":{\"@type\":\"ImageObject\",\"inLanguage\":\"hr\",\"@id\":\"https:\\\/\\\/radioljubuski.ba\\\/#\\\/schema\\\/logo\\\/image\\\/\",\"url\":\"https:\\\/\\\/radioljubuski.ba\\\/wp-content\\\/uploads\\\/2021\\\/02\\\/cropped-Radio_Ljubuski_logo1.jpg\",\"contentUrl\":\"https:\\\/\\\/radioljubuski.ba\\\/wp-content\\\/uploads\\\/2021\\\/02\\\/cropped-Radio_Ljubuski_logo1.jpg\",\"width\":512,\"height\":512,\"caption\":\"Radio Ljubu\u0161ki\"},\"image\":{\"@id\":\"https:\\\/\\\/radioljubuski.ba\\\/#\\\/schema\\\/logo\\\/image\\\/\"},\"sameAs\":[\"https:\\\/\\\/www.facebook.com\\\/Radiio-Ljubuski-1490835324566332\",\"https:\\\/\\\/x.com\\\/radioljubuski\",\"https:\\\/\\\/hr.linkedin.com\\\/company\\\/radio-ljubuski\",\"https:\\\/\\\/www.youtube.com\\\/channel\\\/UCHYaeO_n0Db3tjNGudGpXyw\"]},{\"@type\":\"Person\",\"@id\":\"https:\\\/\\\/radioljubuski.ba\\\/#\\\/schema\\\/person\\\/19fc700381a780f69665d7956c469e3b\",\"name\":\"Radio Ljubu\u0161ki\"}]}<\/script>\n<!-- \/ Yoast SEO plugin. -->","yoast_head_json":{"title":"Jedan oko 15, a drugi oko 22 sata: Pijani upali u policijske prostorije i prijetili i vrije\u0111ali policajce - RADIO LJUBU\u0160KI","robots":{"index":"index","follow":"follow","max-snippet":"max-snippet:-1","max-image-preview":"max-image-preview:large","max-video-preview":"max-video-preview:-1"},"canonical":"https:\/\/radioljubuski.ba\/index.php\/2022\/06\/22\/jedan-oko-15-a-drugi-oko-22-sata-pijani-upali-u-policijske-prostorije-i-prijetili-i-vrijedali-policajce\/","og_locale":"hr_HR","og_type":"article","og_title":"Jedan oko 15, a drugi oko 22 sata: Pijani upali u policijske prostorije i prijetili i vrije\u0111ali policajce - RADIO LJUBU\u0160KI","og_description":"Banjalu\u010dani A.T. i Z.L. uhi\u0107eni su ju\u010der nakon \u0161to su, u odvojenim slu\u010dajevima, pijani upali u slu\u017ebene prostorije Policijske uprave Banja Luka, odnosno nadle\u017ene policijske stanice, i policijskim slu\u017ebenicma upu\u0107ivali prijetnje i pogrdne rije\u010d. Prvo je Z.L. oko 15,40 sati nepozvan u\u0161ao u prostorije nadle\u017ene policijske stanice u vidno alkoholiziranom stanju. On je policijskom slu\u017ebeniku [&hellip;]","og_url":"https:\/\/radioljubuski.ba\/index.php\/2022\/06\/22\/jedan-oko-15-a-drugi-oko-22-sata-pijani-upali-u-policijske-prostorije-i-prijetili-i-vrijedali-policajce\/","og_site_name":"RADIO LJUBU\u0160KI","article_publisher":"https:\/\/www.facebook.com\/Radiio-Ljubuski-1490835324566332","article_published_time":"2022-06-22T13:36:11+00:00","article_modified_time":"2022-06-22T13:36:12+00:00","og_image":[{"width":1000,"height":625,"url":"https:\/\/radioljubuski.ba\/wp-content\/uploads\/2021\/12\/2-2021-11-05-08-59-02-policija.jpg","type":"image\/jpeg"}],"author":"Radio Ljubu\u0161ki","twitter_card":"summary_large_image","twitter_creator":"@radioljubuski","twitter_site":"@radioljubuski","twitter_misc":{"Napisao\/la":"Radio Ljubu\u0161ki","Procijenjeno vrijeme \u010ditanja":"2 minute"},"schema":{"@context":"https:\/\/schema.org","@graph":[{"@type":"Article","@id":"https:\/\/radioljubuski.ba\/index.php\/2022\/06\/22\/jedan-oko-15-a-drugi-oko-22-sata-pijani-upali-u-policijske-prostorije-i-prijetili-i-vrijedali-policajce\/#article","isPartOf":{"@id":"https:\/\/radioljubuski.ba\/index.php\/2022\/06\/22\/jedan-oko-15-a-drugi-oko-22-sata-pijani-upali-u-policijske-prostorije-i-prijetili-i-vrijedali-policajce\/"},"author":{"name":"Radio Ljubu\u0161ki","@id":"https:\/\/radioljubuski.ba\/#\/schema\/person\/19fc700381a780f69665d7956c469e3b"},"headline":"Jedan oko 15, a drugi oko 22 sata: Pijani upali u policijske prostorije i prijetili i vrije\u0111ali policajce","datePublished":"2022-06-22T13:36:11+00:00","dateModified":"2022-06-22T13:36:12+00:00","mainEntityOfPage":{"@id":"https:\/\/radioljubuski.ba\/index.php\/2022\/06\/22\/jedan-oko-15-a-drugi-oko-22-sata-pijani-upali-u-policijske-prostorije-i-prijetili-i-vrijedali-policajce\/"},"wordCount":354,"publisher":{"@id":"https:\/\/radioljubuski.ba\/#organization"},"image":{"@id":"https:\/\/radioljubuski.ba\/index.php\/2022\/06\/22\/jedan-oko-15-a-drugi-oko-22-sata-pijani-upali-u-policijske-prostorije-i-prijetili-i-vrijedali-policajce\/#primaryimage"},"thumbnailUrl":"https:\/\/radioljubuski.ba\/wp-content\/uploads\/2021\/12\/2-2021-11-05-08-59-02-policija.jpg","articleSection":["BIH i regija"],"inLanguage":"hr"},{"@type":"WebPage","@id":"https:\/\/radioljubuski.ba\/index.php\/2022\/06\/22\/jedan-oko-15-a-drugi-oko-22-sata-pijani-upali-u-policijske-prostorije-i-prijetili-i-vrijedali-policajce\/","url":"https:\/\/radioljubuski.ba\/index.php\/2022\/06\/22\/jedan-oko-15-a-drugi-oko-22-sata-pijani-upali-u-policijske-prostorije-i-prijetili-i-vrijedali-policajce\/","name":"Jedan oko 15, a drugi oko 22 sata: Pijani upali u policijske prostorije i prijetili i vrije\u0111ali policajce - RADIO LJUBU\u0160KI","isPartOf":{"@id":"https:\/\/radioljubuski.ba\/#website"},"primaryImageOfPage":{"@id":"https:\/\/radioljubuski.ba\/index.php\/2022\/06\/22\/jedan-oko-15-a-drugi-oko-22-sata-pijani-upali-u-policijske-prostorije-i-prijetili-i-vrijedali-policajce\/#primaryimage"},"image":{"@id":"https:\/\/radioljubuski.ba\/index.php\/2022\/06\/22\/jedan-oko-15-a-drugi-oko-22-sata-pijani-upali-u-policijske-prostorije-i-prijetili-i-vrijedali-policajce\/#primaryimage"},"thumbnailUrl":"https:\/\/radioljubuski.ba\/wp-content\/uploads\/2021\/12\/2-2021-11-05-08-59-02-policija.jpg","datePublished":"2022-06-22T13:36:11+00:00","dateModified":"2022-06-22T13:36:12+00:00","breadcrumb":{"@id":"https:\/\/radioljubuski.ba\/index.php\/2022\/06\/22\/jedan-oko-15-a-drugi-oko-22-sata-pijani-upali-u-policijske-prostorije-i-prijetili-i-vrijedali-policajce\/#breadcrumb"},"inLanguage":"hr","potentialAction":[{"@type":"ReadAction","target":["https:\/\/radioljubuski.ba\/index.php\/2022\/06\/22\/jedan-oko-15-a-drugi-oko-22-sata-pijani-upali-u-policijske-prostorije-i-prijetili-i-vrijedali-policajce\/"]}]},{"@type":"ImageObject","inLanguage":"hr","@id":"https:\/\/radioljubuski.ba\/index.php\/2022\/06\/22\/jedan-oko-15-a-drugi-oko-22-sata-pijani-upali-u-policijske-prostorije-i-prijetili-i-vrijedali-policajce\/#primaryimage","url":"https:\/\/radioljubuski.ba\/wp-content\/uploads\/2021\/12\/2-2021-11-05-08-59-02-policija.jpg","contentUrl":"https:\/\/radioljubuski.ba\/wp-content\/uploads\/2021\/12\/2-2021-11-05-08-59-02-policija.jpg","width":1000,"height":625},{"@type":"BreadcrumbList","@id":"https:\/\/radioljubuski.ba\/index.php\/2022\/06\/22\/jedan-oko-15-a-drugi-oko-22-sata-pijani-upali-u-policijske-prostorije-i-prijetili-i-vrijedali-policajce\/#breadcrumb","itemListElement":[{"@type":"ListItem","position":1,"name":"Po\u010detna stranica","item":"https:\/\/radioljubuski.ba\/"},{"@type":"ListItem","position":2,"name":"Jedan oko 15, a drugi oko 22 sata: Pijani upali u policijske prostorije i prijetili i vrije\u0111ali policajce"}]},{"@type":"WebSite","@id":"https:\/\/radioljubuski.ba\/#website","url":"https:\/\/radioljubuski.ba\/","name":"Radio Ljubu\u0161ki","description":"Sun\u010dana frekvencija Hercegovine","publisher":{"@id":"https:\/\/radioljubuski.ba\/#organization"},"potentialAction":[{"@type":"SearchAction","target":{"@type":"EntryPoint","urlTemplate":"https:\/\/radioljubuski.ba\/?s={search_term_string}"},"query-input":{"@type":"PropertyValueSpecification","valueRequired":true,"valueName":"search_term_string"}}],"inLanguage":"hr"},{"@type":"Organization","@id":"https:\/\/radioljubuski.ba\/#organization","name":"Radio Ljubu\u0161ki","url":"https:\/\/radioljubuski.ba\/","logo":{"@type":"ImageObject","inLanguage":"hr","@id":"https:\/\/radioljubuski.ba\/#\/schema\/logo\/image\/","url":"https:\/\/radioljubuski.ba\/wp-content\/uploads\/2021\/02\/cropped-Radio_Ljubuski_logo1.jpg","contentUrl":"https:\/\/radioljubuski.ba\/wp-content\/uploads\/2021\/02\/cropped-Radio_Ljubuski_logo1.jpg","width":512,"height":512,"caption":"Radio Ljubu\u0161ki"},"image":{"@id":"https:\/\/radioljubuski.ba\/#\/schema\/logo\/image\/"},"sameAs":["https:\/\/www.facebook.com\/Radiio-Ljubuski-1490835324566332","https:\/\/x.com\/radioljubuski","https:\/\/hr.linkedin.com\/company\/radio-ljubuski","https:\/\/www.youtube.com\/channel\/UCHYaeO_n0Db3tjNGudGpXyw"]},{"@type":"Person","@id":"https:\/\/radioljubuski.ba\/#\/schema\/person\/19fc700381a780f69665d7956c469e3b","name":"Radio Ljubu\u0161ki"}]}},"_links":{"self":[{"href":"https:\/\/radioljubuski.ba\/index.php\/wp-json\/wp\/v2\/posts\/152190","targetHints":{"allow":["GET"]}}],"collection":[{"href":"https:\/\/radioljubuski.ba\/index.php\/wp-json\/wp\/v2\/posts"}],"about":[{"href":"https:\/\/radioljubuski.ba\/index.php\/wp-json\/wp\/v2\/types\/post"}],"author":[{"embeddable":true,"href":"https:\/\/radioljubuski.ba\/index.php\/wp-json\/wp\/v2\/users\/2"}],"replies":[{"embeddable":true,"href":"https:\/\/radioljubuski.ba\/index.php\/wp-json\/wp\/v2\/comments?post=152190"}],"version-history":[{"count":1,"href":"https:\/\/radioljubuski.ba\/index.php\/wp-json\/wp\/v2\/posts\/152190\/revisions"}],"predecessor-version":[{"id":152191,"href":"https:\/\/radioljubuski.ba\/index.php\/wp-json\/wp\/v2\/posts\/152190\/revisions\/152191"}],"wp:featuredmedia":[{"embeddable":true,"href":"https:\/\/radioljubuski.ba\/index.php\/wp-json\/wp\/v2\/media\/96445"}],"wp:attachment":[{"href":"https:\/\/radioljubuski.ba\/index.php\/wp-json\/wp\/v2\/media?parent=152190"}],"wp:term":[{"taxonomy":"category","embeddable":true,"href":"https:\/\/radioljubuski.ba\/index.php\/wp-json\/wp\/v2\/categories?post=152190"},{"taxonomy":"post_tag","embeddable":true,"href":"https:\/\/radioljubuski.ba\/index.php\/wp-json\/wp\/v2\/tags?post=152190"}],"curies":[{"name":"wp","href":"https:\/\/api.w.org\/{rel}","templated":true}]}}