{"id":152196,"date":"2022-06-22T14:40:00","date_gmt":"2022-06-22T13:40:00","guid":{"rendered":"https:\/\/radioljubuski.ba\/?p=152196"},"modified":"2022-06-22T14:40:02","modified_gmt":"2022-06-22T13:40:02","slug":"kukuruz-pojeftinio-ali-meso-nece","status":"publish","type":"post","link":"https:\/\/radioljubuski.ba\/index.php\/2022\/06\/22\/kukuruz-pojeftinio-ali-meso-nece\/","title":{"rendered":"Kukuruz pojeftinio, ali meso ne\u0107e"},"content":{"rendered":"\n<p>Unato\u010d tome \u0161to je cijena kukuruza kao jedne od najva\u017enijih \u017eitarica u proizvodnji sto\u010dne hrane pala, doma\u0107i sto\u010dari poru\u010duju da ne treba o\u010dekivati pojeftinjenje mesa.<\/p>\n\n\n\n<p>Predsjednik Udru\u017eenja uzgajiva\u010da svinja u Republici Srpskoj, Mi\u0161o Malj\u010di\u0107 ka\u017ee da je ohrabruju\u0107e \u0161to je cijena kukuruza ve\u0107 nekoliko tjedana u padu, te da tona sada ko\u0161ta oko 600 KM, dok je prije mjesec i po iznosila vi\u0161e od 800 maraka.<\/p>\n\n\n\n<p>&#8220;Istina je da je kukuruz najzastupljeniji po kilogramima u sto\u010dnoj hrani i da od njega realno ovisi sama kalkulacija u prora\u010dunu proizvodnje, ali njegovo pojeftinjenje ne\u0107e uticati na pad cijena stoke i mesa. Mi ve\u0107 tre\u0107u godinu nismo marke zaradili i ovo bi sada mogla biti prilika da bar malo poslujemo rentabilno. Nadamo se da bi kona\u010dno mogla poskupjeti i svinjetina iz uvoza koja nam stalno obara cijenu. To bi bila na\u0161a prilika za zaradu&#8221;, rekao je Malj\u010di\u0107 za \u201cGlas\u201d.<\/p>\n\n\n\n<p>On je dodao da se cijena prasi\u0107a po kilogramu \u017eive vage sada kre\u0107e oko pet maraka, dok se tovljenici prodaju za \u010detiri KM po kilogramu.<\/p>\n\n\n\n<p>&#8220;I to ni izbliza nisu visoke cijene naspram onih sto\u010dne hrane. Svinjetina u mesnicama ko\u0161ta izme\u0111u deset KM i 12 KM i znam da je to narodu puno, ali realno govore\u0107i to je ni\u0161ta kako mo\u017ee biti. Svi parametri u proizvodnji su izrazito visoki i za sada nema naznaka da \u0107e padati, izuzev kukuruza za koji o\u010dekujem da dodatno pojeftini s obzirom da \u0107e ubrzo \u017eetva&#8221;, &nbsp;ispri\u010dao je Malj\u010di\u0107 i pojasnio da je do pada cijene kukuruza do\u0161lo usljed manje potra\u017enje budu\u0107i da su farmeri smanjili sto\u010darski fond, a jedan od razlog je i \u0161to su pristigle druge \u017eitarice poput je\u010dma i zobi.<\/p>\n\n\n\n<p>Da do pojeftinjenja mesa ne\u0107e do\u0107i tvrde i tovlja\u010di pili\u0107a i junadi.<\/p>\n\n\n\n<p>Direktor te\u0161anjske tvrtke \u201cMadi\u201d Maid Jaband\u017ei\u0107 ka\u017ee za \u201cGlas Srpske\u201d da se unato\u010d jeftinijem kukuruzu ne mo\u017ee o\u010dekivati ni pojeftinjenje piletine jer druge ulazne komponente u proizvodnji ne prate pad cijene osnovne \u017eitarice.<\/p>\n\n\n\n<p>&#8220;Cijena sojine sa\u010dme nije promijenjena, a je\u010dam je \u010dak i ne\u0161to skuplji tako da blagi pad kukuruza ne mijenja ni\u0161ta posebno, bar ne u ovom trenutku. Proces tova, odnosno ciklus traje 60 dana i ako, na primjer, prvi mjesec &nbsp;imamo skuplji tov, a idu\u0107ih 30 dana po ni\u017eim cijenama repromaterijala, to ne mo\u017ee uticati na pad cijene mesa. Potrebno je da bar jedan kompletan ciklus imamo ni\u017ee cijene&#8221;, pojasnio je Jaband\u017ei\u0107.<\/p>\n\n\n\n<p>Izvor:glas srpske<\/p>\n","protected":false},"excerpt":{"rendered":"<p>Unato\u010d tome \u0161to je cijena kukuruza kao jedne od najva\u017enijih \u017eitarica u proizvodnji sto\u010dne hrane pala, doma\u0107i sto\u010dari poru\u010duju da ne treba o\u010dekivati pojeftinjenje mesa. Predsjednik Udru\u017eenja uzgajiva\u010da svinja u Republici Srpskoj, Mi\u0161o Malj\u010di\u0107 ka\u017ee da je ohrabruju\u0107e \u0161to je cijena kukuruza ve\u0107 nekoliko tjedana u padu, te da tona sada ko\u0161ta oko 600 KM, [&hellip;]<\/p>\n","protected":false},"author":2,"featured_media":152197,"comment_status":"closed","ping_status":"closed","sticky":false,"template":"","format":"standard","meta":{"h5ap_radio_sources":[],"footnotes":""},"categories":[1],"tags":[],"class_list":["post-152196","post","type-post","status-publish","format-standard","has-post-thumbnail","hentry","category-bihiregija"],"yoast_head":"<!-- This site is optimized with the Yoast SEO plugin v27.4 - https:\/\/yoast.com\/product\/yoast-seo-wordpress\/ -->\n<title>Kukuruz pojeftinio, ali meso ne\u0107e - RADIO LJUBU\u0160KI<\/title>\n<meta name=\"robots\" content=\"index, follow, max-snippet:-1, max-image-preview:large, max-video-preview:-1\" \/>\n<link rel=\"canonical\" href=\"https:\/\/radioljubuski.ba\/index.php\/2022\/06\/22\/kukuruz-pojeftinio-ali-meso-nece\/\" \/>\n<meta property=\"og:locale\" content=\"hr_HR\" \/>\n<meta property=\"og:type\" content=\"article\" \/>\n<meta property=\"og:title\" content=\"Kukuruz pojeftinio, ali meso ne\u0107e - RADIO LJUBU\u0160KI\" \/>\n<meta property=\"og:description\" content=\"Unato\u010d tome \u0161to je cijena kukuruza kao jedne od najva\u017enijih \u017eitarica u proizvodnji sto\u010dne hrane pala, doma\u0107i sto\u010dari poru\u010duju da ne treba o\u010dekivati pojeftinjenje mesa. Predsjednik Udru\u017eenja uzgajiva\u010da svinja u Republici Srpskoj, Mi\u0161o Malj\u010di\u0107 ka\u017ee da je ohrabruju\u0107e \u0161to je cijena kukuruza ve\u0107 nekoliko tjedana u padu, te da tona sada ko\u0161ta oko 600 KM, [&hellip;]\" \/>\n<meta property=\"og:url\" content=\"https:\/\/radioljubuski.ba\/index.php\/2022\/06\/22\/kukuruz-pojeftinio-ali-meso-nece\/\" \/>\n<meta property=\"og:site_name\" content=\"RADIO LJUBU\u0160KI\" \/>\n<meta property=\"article:publisher\" content=\"https:\/\/www.facebook.com\/Radiio-Ljubuski-1490835324566332\" \/>\n<meta property=\"article:published_time\" content=\"2022-06-22T13:40:00+00:00\" \/>\n<meta property=\"article:modified_time\" content=\"2022-06-22T13:40:02+00:00\" \/>\n<meta property=\"og:image\" content=\"https:\/\/radioljubuski.ba\/wp-content\/uploads\/2022\/06\/prasici-meso.jpg\" \/>\n\t<meta property=\"og:image:width\" content=\"725\" \/>\n\t<meta property=\"og:image:height\" content=\"480\" \/>\n\t<meta property=\"og:image:type\" content=\"image\/jpeg\" \/>\n<meta name=\"author\" content=\"Radio Ljubu\u0161ki\" \/>\n<meta name=\"twitter:card\" content=\"summary_large_image\" \/>\n<meta name=\"twitter:creator\" content=\"@radioljubuski\" \/>\n<meta name=\"twitter:site\" content=\"@radioljubuski\" \/>\n<meta name=\"twitter:label1\" content=\"Napisao\/la\" \/>\n\t<meta name=\"twitter:data1\" content=\"Radio Ljubu\u0161ki\" \/>\n\t<meta name=\"twitter:label2\" content=\"Procijenjeno vrijeme \u010ditanja\" \/>\n\t<meta name=\"twitter:data2\" content=\"2 minute\" \/>\n<script type=\"application\/ld+json\" class=\"yoast-schema-graph\">{\"@context\":\"https:\\\/\\\/schema.org\",\"@graph\":[{\"@type\":\"Article\",\"@id\":\"https:\\\/\\\/radioljubuski.ba\\\/index.php\\\/2022\\\/06\\\/22\\\/kukuruz-pojeftinio-ali-meso-nece\\\/#article\",\"isPartOf\":{\"@id\":\"https:\\\/\\\/radioljubuski.ba\\\/index.php\\\/2022\\\/06\\\/22\\\/kukuruz-pojeftinio-ali-meso-nece\\\/\"},\"author\":{\"name\":\"Radio Ljubu\u0161ki\",\"@id\":\"https:\\\/\\\/radioljubuski.ba\\\/#\\\/schema\\\/person\\\/19fc700381a780f69665d7956c469e3b\"},\"headline\":\"Kukuruz pojeftinio, ali meso ne\u0107e\",\"datePublished\":\"2022-06-22T13:40:00+00:00\",\"dateModified\":\"2022-06-22T13:40:02+00:00\",\"mainEntityOfPage\":{\"@id\":\"https:\\\/\\\/radioljubuski.ba\\\/index.php\\\/2022\\\/06\\\/22\\\/kukuruz-pojeftinio-ali-meso-nece\\\/\"},\"wordCount\":451,\"publisher\":{\"@id\":\"https:\\\/\\\/radioljubuski.ba\\\/#organization\"},\"image\":{\"@id\":\"https:\\\/\\\/radioljubuski.ba\\\/index.php\\\/2022\\\/06\\\/22\\\/kukuruz-pojeftinio-ali-meso-nece\\\/#primaryimage\"},\"thumbnailUrl\":\"https:\\\/\\\/radioljubuski.ba\\\/wp-content\\\/uploads\\\/2022\\\/06\\\/prasici-meso.jpg\",\"articleSection\":[\"BIH i regija\"],\"inLanguage\":\"hr\"},{\"@type\":\"WebPage\",\"@id\":\"https:\\\/\\\/radioljubuski.ba\\\/index.php\\\/2022\\\/06\\\/22\\\/kukuruz-pojeftinio-ali-meso-nece\\\/\",\"url\":\"https:\\\/\\\/radioljubuski.ba\\\/index.php\\\/2022\\\/06\\\/22\\\/kukuruz-pojeftinio-ali-meso-nece\\\/\",\"name\":\"Kukuruz pojeftinio, ali meso ne\u0107e - RADIO LJUBU\u0160KI\",\"isPartOf\":{\"@id\":\"https:\\\/\\\/radioljubuski.ba\\\/#website\"},\"primaryImageOfPage\":{\"@id\":\"https:\\\/\\\/radioljubuski.ba\\\/index.php\\\/2022\\\/06\\\/22\\\/kukuruz-pojeftinio-ali-meso-nece\\\/#primaryimage\"},\"image\":{\"@id\":\"https:\\\/\\\/radioljubuski.ba\\\/index.php\\\/2022\\\/06\\\/22\\\/kukuruz-pojeftinio-ali-meso-nece\\\/#primaryimage\"},\"thumbnailUrl\":\"https:\\\/\\\/radioljubuski.ba\\\/wp-content\\\/uploads\\\/2022\\\/06\\\/prasici-meso.jpg\",\"datePublished\":\"2022-06-22T13:40:00+00:00\",\"dateModified\":\"2022-06-22T13:40:02+00:00\",\"breadcrumb\":{\"@id\":\"https:\\\/\\\/radioljubuski.ba\\\/index.php\\\/2022\\\/06\\\/22\\\/kukuruz-pojeftinio-ali-meso-nece\\\/#breadcrumb\"},\"inLanguage\":\"hr\",\"potentialAction\":[{\"@type\":\"ReadAction\",\"target\":[\"https:\\\/\\\/radioljubuski.ba\\\/index.php\\\/2022\\\/06\\\/22\\\/kukuruz-pojeftinio-ali-meso-nece\\\/\"]}]},{\"@type\":\"ImageObject\",\"inLanguage\":\"hr\",\"@id\":\"https:\\\/\\\/radioljubuski.ba\\\/index.php\\\/2022\\\/06\\\/22\\\/kukuruz-pojeftinio-ali-meso-nece\\\/#primaryimage\",\"url\":\"https:\\\/\\\/radioljubuski.ba\\\/wp-content\\\/uploads\\\/2022\\\/06\\\/prasici-meso.jpg\",\"contentUrl\":\"https:\\\/\\\/radioljubuski.ba\\\/wp-content\\\/uploads\\\/2022\\\/06\\\/prasici-meso.jpg\",\"width\":725,\"height\":480},{\"@type\":\"BreadcrumbList\",\"@id\":\"https:\\\/\\\/radioljubuski.ba\\\/index.php\\\/2022\\\/06\\\/22\\\/kukuruz-pojeftinio-ali-meso-nece\\\/#breadcrumb\",\"itemListElement\":[{\"@type\":\"ListItem\",\"position\":1,\"name\":\"Po\u010detna stranica\",\"item\":\"https:\\\/\\\/radioljubuski.ba\\\/\"},{\"@type\":\"ListItem\",\"position\":2,\"name\":\"Kukuruz pojeftinio, ali meso ne\u0107e\"}]},{\"@type\":\"WebSite\",\"@id\":\"https:\\\/\\\/radioljubuski.ba\\\/#website\",\"url\":\"https:\\\/\\\/radioljubuski.ba\\\/\",\"name\":\"Radio Ljubu\u0161ki\",\"description\":\"Sun\u010dana frekvencija Hercegovine\",\"publisher\":{\"@id\":\"https:\\\/\\\/radioljubuski.ba\\\/#organization\"},\"potentialAction\":[{\"@type\":\"SearchAction\",\"target\":{\"@type\":\"EntryPoint\",\"urlTemplate\":\"https:\\\/\\\/radioljubuski.ba\\\/?s={search_term_string}\"},\"query-input\":{\"@type\":\"PropertyValueSpecification\",\"valueRequired\":true,\"valueName\":\"search_term_string\"}}],\"inLanguage\":\"hr\"},{\"@type\":\"Organization\",\"@id\":\"https:\\\/\\\/radioljubuski.ba\\\/#organization\",\"name\":\"Radio Ljubu\u0161ki\",\"url\":\"https:\\\/\\\/radioljubuski.ba\\\/\",\"logo\":{\"@type\":\"ImageObject\",\"inLanguage\":\"hr\",\"@id\":\"https:\\\/\\\/radioljubuski.ba\\\/#\\\/schema\\\/logo\\\/image\\\/\",\"url\":\"https:\\\/\\\/radioljubuski.ba\\\/wp-content\\\/uploads\\\/2021\\\/02\\\/cropped-Radio_Ljubuski_logo1.jpg\",\"contentUrl\":\"https:\\\/\\\/radioljubuski.ba\\\/wp-content\\\/uploads\\\/2021\\\/02\\\/cropped-Radio_Ljubuski_logo1.jpg\",\"width\":512,\"height\":512,\"caption\":\"Radio Ljubu\u0161ki\"},\"image\":{\"@id\":\"https:\\\/\\\/radioljubuski.ba\\\/#\\\/schema\\\/logo\\\/image\\\/\"},\"sameAs\":[\"https:\\\/\\\/www.facebook.com\\\/Radiio-Ljubuski-1490835324566332\",\"https:\\\/\\\/x.com\\\/radioljubuski\",\"https:\\\/\\\/hr.linkedin.com\\\/company\\\/radio-ljubuski\",\"https:\\\/\\\/www.youtube.com\\\/channel\\\/UCHYaeO_n0Db3tjNGudGpXyw\"]},{\"@type\":\"Person\",\"@id\":\"https:\\\/\\\/radioljubuski.ba\\\/#\\\/schema\\\/person\\\/19fc700381a780f69665d7956c469e3b\",\"name\":\"Radio Ljubu\u0161ki\"}]}<\/script>\n<!-- \/ Yoast SEO plugin. -->","yoast_head_json":{"title":"Kukuruz pojeftinio, ali meso ne\u0107e - RADIO LJUBU\u0160KI","robots":{"index":"index","follow":"follow","max-snippet":"max-snippet:-1","max-image-preview":"max-image-preview:large","max-video-preview":"max-video-preview:-1"},"canonical":"https:\/\/radioljubuski.ba\/index.php\/2022\/06\/22\/kukuruz-pojeftinio-ali-meso-nece\/","og_locale":"hr_HR","og_type":"article","og_title":"Kukuruz pojeftinio, ali meso ne\u0107e - RADIO LJUBU\u0160KI","og_description":"Unato\u010d tome \u0161to je cijena kukuruza kao jedne od najva\u017enijih \u017eitarica u proizvodnji sto\u010dne hrane pala, doma\u0107i sto\u010dari poru\u010duju da ne treba o\u010dekivati pojeftinjenje mesa. Predsjednik Udru\u017eenja uzgajiva\u010da svinja u Republici Srpskoj, Mi\u0161o Malj\u010di\u0107 ka\u017ee da je ohrabruju\u0107e \u0161to je cijena kukuruza ve\u0107 nekoliko tjedana u padu, te da tona sada ko\u0161ta oko 600 KM, [&hellip;]","og_url":"https:\/\/radioljubuski.ba\/index.php\/2022\/06\/22\/kukuruz-pojeftinio-ali-meso-nece\/","og_site_name":"RADIO LJUBU\u0160KI","article_publisher":"https:\/\/www.facebook.com\/Radiio-Ljubuski-1490835324566332","article_published_time":"2022-06-22T13:40:00+00:00","article_modified_time":"2022-06-22T13:40:02+00:00","og_image":[{"width":725,"height":480,"url":"https:\/\/radioljubuski.ba\/wp-content\/uploads\/2022\/06\/prasici-meso.jpg","type":"image\/jpeg"}],"author":"Radio Ljubu\u0161ki","twitter_card":"summary_large_image","twitter_creator":"@radioljubuski","twitter_site":"@radioljubuski","twitter_misc":{"Napisao\/la":"Radio Ljubu\u0161ki","Procijenjeno vrijeme \u010ditanja":"2 minute"},"schema":{"@context":"https:\/\/schema.org","@graph":[{"@type":"Article","@id":"https:\/\/radioljubuski.ba\/index.php\/2022\/06\/22\/kukuruz-pojeftinio-ali-meso-nece\/#article","isPartOf":{"@id":"https:\/\/radioljubuski.ba\/index.php\/2022\/06\/22\/kukuruz-pojeftinio-ali-meso-nece\/"},"author":{"name":"Radio Ljubu\u0161ki","@id":"https:\/\/radioljubuski.ba\/#\/schema\/person\/19fc700381a780f69665d7956c469e3b"},"headline":"Kukuruz pojeftinio, ali meso ne\u0107e","datePublished":"2022-06-22T13:40:00+00:00","dateModified":"2022-06-22T13:40:02+00:00","mainEntityOfPage":{"@id":"https:\/\/radioljubuski.ba\/index.php\/2022\/06\/22\/kukuruz-pojeftinio-ali-meso-nece\/"},"wordCount":451,"publisher":{"@id":"https:\/\/radioljubuski.ba\/#organization"},"image":{"@id":"https:\/\/radioljubuski.ba\/index.php\/2022\/06\/22\/kukuruz-pojeftinio-ali-meso-nece\/#primaryimage"},"thumbnailUrl":"https:\/\/radioljubuski.ba\/wp-content\/uploads\/2022\/06\/prasici-meso.jpg","articleSection":["BIH i regija"],"inLanguage":"hr"},{"@type":"WebPage","@id":"https:\/\/radioljubuski.ba\/index.php\/2022\/06\/22\/kukuruz-pojeftinio-ali-meso-nece\/","url":"https:\/\/radioljubuski.ba\/index.php\/2022\/06\/22\/kukuruz-pojeftinio-ali-meso-nece\/","name":"Kukuruz pojeftinio, ali meso ne\u0107e - RADIO LJUBU\u0160KI","isPartOf":{"@id":"https:\/\/radioljubuski.ba\/#website"},"primaryImageOfPage":{"@id":"https:\/\/radioljubuski.ba\/index.php\/2022\/06\/22\/kukuruz-pojeftinio-ali-meso-nece\/#primaryimage"},"image":{"@id":"https:\/\/radioljubuski.ba\/index.php\/2022\/06\/22\/kukuruz-pojeftinio-ali-meso-nece\/#primaryimage"},"thumbnailUrl":"https:\/\/radioljubuski.ba\/wp-content\/uploads\/2022\/06\/prasici-meso.jpg","datePublished":"2022-06-22T13:40:00+00:00","dateModified":"2022-06-22T13:40:02+00:00","breadcrumb":{"@id":"https:\/\/radioljubuski.ba\/index.php\/2022\/06\/22\/kukuruz-pojeftinio-ali-meso-nece\/#breadcrumb"},"inLanguage":"hr","potentialAction":[{"@type":"ReadAction","target":["https:\/\/radioljubuski.ba\/index.php\/2022\/06\/22\/kukuruz-pojeftinio-ali-meso-nece\/"]}]},{"@type":"ImageObject","inLanguage":"hr","@id":"https:\/\/radioljubuski.ba\/index.php\/2022\/06\/22\/kukuruz-pojeftinio-ali-meso-nece\/#primaryimage","url":"https:\/\/radioljubuski.ba\/wp-content\/uploads\/2022\/06\/prasici-meso.jpg","contentUrl":"https:\/\/radioljubuski.ba\/wp-content\/uploads\/2022\/06\/prasici-meso.jpg","width":725,"height":480},{"@type":"BreadcrumbList","@id":"https:\/\/radioljubuski.ba\/index.php\/2022\/06\/22\/kukuruz-pojeftinio-ali-meso-nece\/#breadcrumb","itemListElement":[{"@type":"ListItem","position":1,"name":"Po\u010detna stranica","item":"https:\/\/radioljubuski.ba\/"},{"@type":"ListItem","position":2,"name":"Kukuruz pojeftinio, ali meso ne\u0107e"}]},{"@type":"WebSite","@id":"https:\/\/radioljubuski.ba\/#website","url":"https:\/\/radioljubuski.ba\/","name":"Radio Ljubu\u0161ki","description":"Sun\u010dana frekvencija Hercegovine","publisher":{"@id":"https:\/\/radioljubuski.ba\/#organization"},"potentialAction":[{"@type":"SearchAction","target":{"@type":"EntryPoint","urlTemplate":"https:\/\/radioljubuski.ba\/?s={search_term_string}"},"query-input":{"@type":"PropertyValueSpecification","valueRequired":true,"valueName":"search_term_string"}}],"inLanguage":"hr"},{"@type":"Organization","@id":"https:\/\/radioljubuski.ba\/#organization","name":"Radio Ljubu\u0161ki","url":"https:\/\/radioljubuski.ba\/","logo":{"@type":"ImageObject","inLanguage":"hr","@id":"https:\/\/radioljubuski.ba\/#\/schema\/logo\/image\/","url":"https:\/\/radioljubuski.ba\/wp-content\/uploads\/2021\/02\/cropped-Radio_Ljubuski_logo1.jpg","contentUrl":"https:\/\/radioljubuski.ba\/wp-content\/uploads\/2021\/02\/cropped-Radio_Ljubuski_logo1.jpg","width":512,"height":512,"caption":"Radio Ljubu\u0161ki"},"image":{"@id":"https:\/\/radioljubuski.ba\/#\/schema\/logo\/image\/"},"sameAs":["https:\/\/www.facebook.com\/Radiio-Ljubuski-1490835324566332","https:\/\/x.com\/radioljubuski","https:\/\/hr.linkedin.com\/company\/radio-ljubuski","https:\/\/www.youtube.com\/channel\/UCHYaeO_n0Db3tjNGudGpXyw"]},{"@type":"Person","@id":"https:\/\/radioljubuski.ba\/#\/schema\/person\/19fc700381a780f69665d7956c469e3b","name":"Radio Ljubu\u0161ki"}]}},"_links":{"self":[{"href":"https:\/\/radioljubuski.ba\/index.php\/wp-json\/wp\/v2\/posts\/152196","targetHints":{"allow":["GET"]}}],"collection":[{"href":"https:\/\/radioljubuski.ba\/index.php\/wp-json\/wp\/v2\/posts"}],"about":[{"href":"https:\/\/radioljubuski.ba\/index.php\/wp-json\/wp\/v2\/types\/post"}],"author":[{"embeddable":true,"href":"https:\/\/radioljubuski.ba\/index.php\/wp-json\/wp\/v2\/users\/2"}],"replies":[{"embeddable":true,"href":"https:\/\/radioljubuski.ba\/index.php\/wp-json\/wp\/v2\/comments?post=152196"}],"version-history":[{"count":1,"href":"https:\/\/radioljubuski.ba\/index.php\/wp-json\/wp\/v2\/posts\/152196\/revisions"}],"predecessor-version":[{"id":152198,"href":"https:\/\/radioljubuski.ba\/index.php\/wp-json\/wp\/v2\/posts\/152196\/revisions\/152198"}],"wp:featuredmedia":[{"embeddable":true,"href":"https:\/\/radioljubuski.ba\/index.php\/wp-json\/wp\/v2\/media\/152197"}],"wp:attachment":[{"href":"https:\/\/radioljubuski.ba\/index.php\/wp-json\/wp\/v2\/media?parent=152196"}],"wp:term":[{"taxonomy":"category","embeddable":true,"href":"https:\/\/radioljubuski.ba\/index.php\/wp-json\/wp\/v2\/categories?post=152196"},{"taxonomy":"post_tag","embeddable":true,"href":"https:\/\/radioljubuski.ba\/index.php\/wp-json\/wp\/v2\/tags?post=152196"}],"curies":[{"name":"wp","href":"https:\/\/api.w.org\/{rel}","templated":true}]}}