{"id":152219,"date":"2022-06-22T16:27:18","date_gmt":"2022-06-22T15:27:18","guid":{"rendered":"https:\/\/radioljubuski.ba\/?p=152219"},"modified":"2022-06-22T16:27:19","modified_gmt":"2022-06-22T15:27:19","slug":"pukovnik-koji-je-nosio-nuklearnu-aktovku-ruskog-predsjednika-vladimira-putina-dobio-metak-u-glavu","status":"publish","type":"post","link":"https:\/\/radioljubuski.ba\/index.php\/2022\/06\/22\/pukovnik-koji-je-nosio-nuklearnu-aktovku-ruskog-predsjednika-vladimira-putina-dobio-metak-u-glavu\/","title":{"rendered":"Pukovnik koji je nosio nuklearnu aktovku ruskog predsjednika Vladimira Putina dobio metak u glavu"},"content":{"rendered":"\n<p>Tajnoviti pukovnik koji je jednom nosio nuklearnu aktovku ruskog predsjednika Vladimira Putina prona\u0111en je upucan u svojoj ku\u0107i u blizini Moskve, pi\u0161e Mirror.<\/p>\n\n\n\n<p>Vadim Zimin (53) prona\u0111en je s prostrjelnim ranama u kuhinji svog stana u Krasnogorsku u moskovskoj regiji. U te\u0161kom je stanju i nalazi se na intenzivnoj njezi, ka\u017eu izvje\u0161\u0107a. U Javnosti se zna samo za jednu fotografiju tajnovitog ruskog pukovnika.<\/p>\n\n\n\n<p>Umirovljeni pukovnik Federalne sigurnosne slu\u017ebe bio je zadu\u017een za aktovku s ruskom nuklearnom kontrolom koja je uvijek u blizini vo\u0111e Kremlja. Poznato je da je tu ulogu obavljao kao pomo\u0107nik biv\u0161eg predsjednika Borisa Jeljcina. Karijeru je nastavio u sigurnosnoj slu\u017ebi, probiv\u0161i se do uloge pukovnika pod Vladimirom Putinom, no njegova to\u010dna uloga u Putinovoj administraciji nije potpuno jasna.<\/p>\n\n\n\n<p>U vrijeme napada njegova supruga, medicinska radnica, bila daleko od ku\u0107e i lije\u010dila ranjenike koji su stradali u Putinovom ratu u Ukrajini.<\/p>\n\n\n\n<p>Zimin je, ina\u010de, upravo uslijed istrage u kojoj je osumnji\u010den radi navodnog primanja mita i to nakon \u0161to se pridru\u017eio carinskoj slu\u017ebi, izvijestio je Moskovski Komsomolets. Zbog kaznenog postupka tijekom napada bio je u ku\u0107nom pritvoru, a unesre\u0107enog Zimina otkrio je njegov brat &#8211; koji je navodno bio u kupaonici u trenutku pucnjave.<\/p>\n\n\n\n<p>Kada ga je brat prona\u0161ao, Vadim Zimin je le\u017eao u lokvi krvi s prostrjelnom ranom na glavi, a u blizini mjesta zlo\u010dina prona\u0111en je i pi\u0161tolj modela Izh 79-9TM, kojim je navodno po\u010dinjen napad.<\/p>\n\n\n\n<p>Postoji samo jedna slika tajnovitog pukovnika. Ina\u010de, poznato je da Putin ismijava Zapad inzistiraju\u0107i da je \u010dasnik koji nosi nuklearne \u0161ifre vidljiv pored njega. Primjerice, u\u010dinio je to u travnju kada je prisustvovao sprovodu ultranacionalisti\u010dkog politi\u010dara Vladimira \u017dirinovskog u Moskvi.<\/p>\n\n\n\n<p>Izvor:pogled.ba<\/p>\n","protected":false},"excerpt":{"rendered":"<p>Tajnoviti pukovnik koji je jednom nosio nuklearnu aktovku ruskog predsjednika Vladimira Putina prona\u0111en je upucan u svojoj ku\u0107i u blizini Moskve, pi\u0161e Mirror. Vadim Zimin (53) prona\u0111en je s prostrjelnim ranama u kuhinji svog stana u Krasnogorsku u moskovskoj regiji. U te\u0161kom je stanju i nalazi se na intenzivnoj njezi, ka\u017eu izvje\u0161\u0107a. U Javnosti se [&hellip;]<\/p>\n","protected":false},"author":2,"featured_media":152220,"comment_status":"closed","ping_status":"closed","sticky":false,"template":"","format":"standard","meta":{"h5ap_radio_sources":[],"footnotes":""},"categories":[1],"tags":[],"class_list":["post-152219","post","type-post","status-publish","format-standard","has-post-thumbnail","hentry","category-bihiregija"],"yoast_head":"<!-- This site is optimized with the Yoast SEO plugin v27.4 - https:\/\/yoast.com\/product\/yoast-seo-wordpress\/ -->\n<title>Pukovnik koji je nosio nuklearnu aktovku ruskog predsjednika Vladimira Putina dobio metak u glavu - RADIO LJUBU\u0160KI<\/title>\n<meta name=\"robots\" content=\"index, follow, max-snippet:-1, max-image-preview:large, max-video-preview:-1\" \/>\n<link rel=\"canonical\" href=\"https:\/\/radioljubuski.ba\/index.php\/2022\/06\/22\/pukovnik-koji-je-nosio-nuklearnu-aktovku-ruskog-predsjednika-vladimira-putina-dobio-metak-u-glavu\/\" \/>\n<meta property=\"og:locale\" content=\"hr_HR\" \/>\n<meta property=\"og:type\" content=\"article\" \/>\n<meta property=\"og:title\" content=\"Pukovnik koji je nosio nuklearnu aktovku ruskog predsjednika Vladimira Putina dobio metak u glavu - RADIO LJUBU\u0160KI\" \/>\n<meta property=\"og:description\" content=\"Tajnoviti pukovnik koji je jednom nosio nuklearnu aktovku ruskog predsjednika Vladimira Putina prona\u0111en je upucan u svojoj ku\u0107i u blizini Moskve, pi\u0161e Mirror. Vadim Zimin (53) prona\u0111en je s prostrjelnim ranama u kuhinji svog stana u Krasnogorsku u moskovskoj regiji. U te\u0161kom je stanju i nalazi se na intenzivnoj njezi, ka\u017eu izvje\u0161\u0107a. U Javnosti se [&hellip;]\" \/>\n<meta property=\"og:url\" content=\"https:\/\/radioljubuski.ba\/index.php\/2022\/06\/22\/pukovnik-koji-je-nosio-nuklearnu-aktovku-ruskog-predsjednika-vladimira-putina-dobio-metak-u-glavu\/\" \/>\n<meta property=\"og:site_name\" content=\"RADIO LJUBU\u0160KI\" \/>\n<meta property=\"article:publisher\" content=\"https:\/\/www.facebook.com\/Radiio-Ljubuski-1490835324566332\" \/>\n<meta property=\"article:published_time\" content=\"2022-06-22T15:27:18+00:00\" \/>\n<meta property=\"article:modified_time\" content=\"2022-06-22T15:27:19+00:00\" \/>\n<meta property=\"og:image\" content=\"https:\/\/radioljubuski.ba\/wp-content\/uploads\/2022\/06\/2-2022-06-22-12-58-10-kofer.jpg\" \/>\n\t<meta property=\"og:image:width\" content=\"1000\" \/>\n\t<meta property=\"og:image:height\" content=\"625\" \/>\n\t<meta property=\"og:image:type\" content=\"image\/jpeg\" \/>\n<meta name=\"author\" content=\"Radio Ljubu\u0161ki\" \/>\n<meta name=\"twitter:card\" content=\"summary_large_image\" \/>\n<meta name=\"twitter:creator\" content=\"@radioljubuski\" \/>\n<meta name=\"twitter:site\" content=\"@radioljubuski\" \/>\n<meta name=\"twitter:label1\" content=\"Napisao\/la\" \/>\n\t<meta name=\"twitter:data1\" content=\"Radio Ljubu\u0161ki\" \/>\n\t<meta name=\"twitter:label2\" content=\"Procijenjeno vrijeme \u010ditanja\" \/>\n\t<meta name=\"twitter:data2\" content=\"2 minute\" \/>\n<script type=\"application\/ld+json\" class=\"yoast-schema-graph\">{\"@context\":\"https:\\\/\\\/schema.org\",\"@graph\":[{\"@type\":\"Article\",\"@id\":\"https:\\\/\\\/radioljubuski.ba\\\/index.php\\\/2022\\\/06\\\/22\\\/pukovnik-koji-je-nosio-nuklearnu-aktovku-ruskog-predsjednika-vladimira-putina-dobio-metak-u-glavu\\\/#article\",\"isPartOf\":{\"@id\":\"https:\\\/\\\/radioljubuski.ba\\\/index.php\\\/2022\\\/06\\\/22\\\/pukovnik-koji-je-nosio-nuklearnu-aktovku-ruskog-predsjednika-vladimira-putina-dobio-metak-u-glavu\\\/\"},\"author\":{\"name\":\"Radio Ljubu\u0161ki\",\"@id\":\"https:\\\/\\\/radioljubuski.ba\\\/#\\\/schema\\\/person\\\/19fc700381a780f69665d7956c469e3b\"},\"headline\":\"Pukovnik koji je nosio nuklearnu aktovku ruskog predsjednika Vladimira Putina dobio metak u glavu\",\"datePublished\":\"2022-06-22T15:27:18+00:00\",\"dateModified\":\"2022-06-22T15:27:19+00:00\",\"mainEntityOfPage\":{\"@id\":\"https:\\\/\\\/radioljubuski.ba\\\/index.php\\\/2022\\\/06\\\/22\\\/pukovnik-koji-je-nosio-nuklearnu-aktovku-ruskog-predsjednika-vladimira-putina-dobio-metak-u-glavu\\\/\"},\"wordCount\":321,\"publisher\":{\"@id\":\"https:\\\/\\\/radioljubuski.ba\\\/#organization\"},\"image\":{\"@id\":\"https:\\\/\\\/radioljubuski.ba\\\/index.php\\\/2022\\\/06\\\/22\\\/pukovnik-koji-je-nosio-nuklearnu-aktovku-ruskog-predsjednika-vladimira-putina-dobio-metak-u-glavu\\\/#primaryimage\"},\"thumbnailUrl\":\"https:\\\/\\\/radioljubuski.ba\\\/wp-content\\\/uploads\\\/2022\\\/06\\\/2-2022-06-22-12-58-10-kofer.jpg\",\"articleSection\":[\"BIH i regija\"],\"inLanguage\":\"hr\"},{\"@type\":\"WebPage\",\"@id\":\"https:\\\/\\\/radioljubuski.ba\\\/index.php\\\/2022\\\/06\\\/22\\\/pukovnik-koji-je-nosio-nuklearnu-aktovku-ruskog-predsjednika-vladimira-putina-dobio-metak-u-glavu\\\/\",\"url\":\"https:\\\/\\\/radioljubuski.ba\\\/index.php\\\/2022\\\/06\\\/22\\\/pukovnik-koji-je-nosio-nuklearnu-aktovku-ruskog-predsjednika-vladimira-putina-dobio-metak-u-glavu\\\/\",\"name\":\"Pukovnik koji je nosio nuklearnu aktovku ruskog predsjednika Vladimira Putina dobio metak u glavu - RADIO LJUBU\u0160KI\",\"isPartOf\":{\"@id\":\"https:\\\/\\\/radioljubuski.ba\\\/#website\"},\"primaryImageOfPage\":{\"@id\":\"https:\\\/\\\/radioljubuski.ba\\\/index.php\\\/2022\\\/06\\\/22\\\/pukovnik-koji-je-nosio-nuklearnu-aktovku-ruskog-predsjednika-vladimira-putina-dobio-metak-u-glavu\\\/#primaryimage\"},\"image\":{\"@id\":\"https:\\\/\\\/radioljubuski.ba\\\/index.php\\\/2022\\\/06\\\/22\\\/pukovnik-koji-je-nosio-nuklearnu-aktovku-ruskog-predsjednika-vladimira-putina-dobio-metak-u-glavu\\\/#primaryimage\"},\"thumbnailUrl\":\"https:\\\/\\\/radioljubuski.ba\\\/wp-content\\\/uploads\\\/2022\\\/06\\\/2-2022-06-22-12-58-10-kofer.jpg\",\"datePublished\":\"2022-06-22T15:27:18+00:00\",\"dateModified\":\"2022-06-22T15:27:19+00:00\",\"breadcrumb\":{\"@id\":\"https:\\\/\\\/radioljubuski.ba\\\/index.php\\\/2022\\\/06\\\/22\\\/pukovnik-koji-je-nosio-nuklearnu-aktovku-ruskog-predsjednika-vladimira-putina-dobio-metak-u-glavu\\\/#breadcrumb\"},\"inLanguage\":\"hr\",\"potentialAction\":[{\"@type\":\"ReadAction\",\"target\":[\"https:\\\/\\\/radioljubuski.ba\\\/index.php\\\/2022\\\/06\\\/22\\\/pukovnik-koji-je-nosio-nuklearnu-aktovku-ruskog-predsjednika-vladimira-putina-dobio-metak-u-glavu\\\/\"]}]},{\"@type\":\"ImageObject\",\"inLanguage\":\"hr\",\"@id\":\"https:\\\/\\\/radioljubuski.ba\\\/index.php\\\/2022\\\/06\\\/22\\\/pukovnik-koji-je-nosio-nuklearnu-aktovku-ruskog-predsjednika-vladimira-putina-dobio-metak-u-glavu\\\/#primaryimage\",\"url\":\"https:\\\/\\\/radioljubuski.ba\\\/wp-content\\\/uploads\\\/2022\\\/06\\\/2-2022-06-22-12-58-10-kofer.jpg\",\"contentUrl\":\"https:\\\/\\\/radioljubuski.ba\\\/wp-content\\\/uploads\\\/2022\\\/06\\\/2-2022-06-22-12-58-10-kofer.jpg\",\"width\":1000,\"height\":625},{\"@type\":\"BreadcrumbList\",\"@id\":\"https:\\\/\\\/radioljubuski.ba\\\/index.php\\\/2022\\\/06\\\/22\\\/pukovnik-koji-je-nosio-nuklearnu-aktovku-ruskog-predsjednika-vladimira-putina-dobio-metak-u-glavu\\\/#breadcrumb\",\"itemListElement\":[{\"@type\":\"ListItem\",\"position\":1,\"name\":\"Po\u010detna stranica\",\"item\":\"https:\\\/\\\/radioljubuski.ba\\\/\"},{\"@type\":\"ListItem\",\"position\":2,\"name\":\"Pukovnik koji je nosio nuklearnu aktovku ruskog predsjednika Vladimira Putina dobio metak u glavu\"}]},{\"@type\":\"WebSite\",\"@id\":\"https:\\\/\\\/radioljubuski.ba\\\/#website\",\"url\":\"https:\\\/\\\/radioljubuski.ba\\\/\",\"name\":\"Radio Ljubu\u0161ki\",\"description\":\"Sun\u010dana frekvencija Hercegovine\",\"publisher\":{\"@id\":\"https:\\\/\\\/radioljubuski.ba\\\/#organization\"},\"potentialAction\":[{\"@type\":\"SearchAction\",\"target\":{\"@type\":\"EntryPoint\",\"urlTemplate\":\"https:\\\/\\\/radioljubuski.ba\\\/?s={search_term_string}\"},\"query-input\":{\"@type\":\"PropertyValueSpecification\",\"valueRequired\":true,\"valueName\":\"search_term_string\"}}],\"inLanguage\":\"hr\"},{\"@type\":\"Organization\",\"@id\":\"https:\\\/\\\/radioljubuski.ba\\\/#organization\",\"name\":\"Radio Ljubu\u0161ki\",\"url\":\"https:\\\/\\\/radioljubuski.ba\\\/\",\"logo\":{\"@type\":\"ImageObject\",\"inLanguage\":\"hr\",\"@id\":\"https:\\\/\\\/radioljubuski.ba\\\/#\\\/schema\\\/logo\\\/image\\\/\",\"url\":\"https:\\\/\\\/radioljubuski.ba\\\/wp-content\\\/uploads\\\/2021\\\/02\\\/cropped-Radio_Ljubuski_logo1.jpg\",\"contentUrl\":\"https:\\\/\\\/radioljubuski.ba\\\/wp-content\\\/uploads\\\/2021\\\/02\\\/cropped-Radio_Ljubuski_logo1.jpg\",\"width\":512,\"height\":512,\"caption\":\"Radio Ljubu\u0161ki\"},\"image\":{\"@id\":\"https:\\\/\\\/radioljubuski.ba\\\/#\\\/schema\\\/logo\\\/image\\\/\"},\"sameAs\":[\"https:\\\/\\\/www.facebook.com\\\/Radiio-Ljubuski-1490835324566332\",\"https:\\\/\\\/x.com\\\/radioljubuski\",\"https:\\\/\\\/hr.linkedin.com\\\/company\\\/radio-ljubuski\",\"https:\\\/\\\/www.youtube.com\\\/channel\\\/UCHYaeO_n0Db3tjNGudGpXyw\"]},{\"@type\":\"Person\",\"@id\":\"https:\\\/\\\/radioljubuski.ba\\\/#\\\/schema\\\/person\\\/19fc700381a780f69665d7956c469e3b\",\"name\":\"Radio Ljubu\u0161ki\"}]}<\/script>\n<!-- \/ Yoast SEO plugin. -->","yoast_head_json":{"title":"Pukovnik koji je nosio nuklearnu aktovku ruskog predsjednika Vladimira Putina dobio metak u glavu - RADIO LJUBU\u0160KI","robots":{"index":"index","follow":"follow","max-snippet":"max-snippet:-1","max-image-preview":"max-image-preview:large","max-video-preview":"max-video-preview:-1"},"canonical":"https:\/\/radioljubuski.ba\/index.php\/2022\/06\/22\/pukovnik-koji-je-nosio-nuklearnu-aktovku-ruskog-predsjednika-vladimira-putina-dobio-metak-u-glavu\/","og_locale":"hr_HR","og_type":"article","og_title":"Pukovnik koji je nosio nuklearnu aktovku ruskog predsjednika Vladimira Putina dobio metak u glavu - RADIO LJUBU\u0160KI","og_description":"Tajnoviti pukovnik koji je jednom nosio nuklearnu aktovku ruskog predsjednika Vladimira Putina prona\u0111en je upucan u svojoj ku\u0107i u blizini Moskve, pi\u0161e Mirror. Vadim Zimin (53) prona\u0111en je s prostrjelnim ranama u kuhinji svog stana u Krasnogorsku u moskovskoj regiji. U te\u0161kom je stanju i nalazi se na intenzivnoj njezi, ka\u017eu izvje\u0161\u0107a. U Javnosti se [&hellip;]","og_url":"https:\/\/radioljubuski.ba\/index.php\/2022\/06\/22\/pukovnik-koji-je-nosio-nuklearnu-aktovku-ruskog-predsjednika-vladimira-putina-dobio-metak-u-glavu\/","og_site_name":"RADIO LJUBU\u0160KI","article_publisher":"https:\/\/www.facebook.com\/Radiio-Ljubuski-1490835324566332","article_published_time":"2022-06-22T15:27:18+00:00","article_modified_time":"2022-06-22T15:27:19+00:00","og_image":[{"width":1000,"height":625,"url":"https:\/\/radioljubuski.ba\/wp-content\/uploads\/2022\/06\/2-2022-06-22-12-58-10-kofer.jpg","type":"image\/jpeg"}],"author":"Radio Ljubu\u0161ki","twitter_card":"summary_large_image","twitter_creator":"@radioljubuski","twitter_site":"@radioljubuski","twitter_misc":{"Napisao\/la":"Radio Ljubu\u0161ki","Procijenjeno vrijeme \u010ditanja":"2 minute"},"schema":{"@context":"https:\/\/schema.org","@graph":[{"@type":"Article","@id":"https:\/\/radioljubuski.ba\/index.php\/2022\/06\/22\/pukovnik-koji-je-nosio-nuklearnu-aktovku-ruskog-predsjednika-vladimira-putina-dobio-metak-u-glavu\/#article","isPartOf":{"@id":"https:\/\/radioljubuski.ba\/index.php\/2022\/06\/22\/pukovnik-koji-je-nosio-nuklearnu-aktovku-ruskog-predsjednika-vladimira-putina-dobio-metak-u-glavu\/"},"author":{"name":"Radio Ljubu\u0161ki","@id":"https:\/\/radioljubuski.ba\/#\/schema\/person\/19fc700381a780f69665d7956c469e3b"},"headline":"Pukovnik koji je nosio nuklearnu aktovku ruskog predsjednika Vladimira Putina dobio metak u glavu","datePublished":"2022-06-22T15:27:18+00:00","dateModified":"2022-06-22T15:27:19+00:00","mainEntityOfPage":{"@id":"https:\/\/radioljubuski.ba\/index.php\/2022\/06\/22\/pukovnik-koji-je-nosio-nuklearnu-aktovku-ruskog-predsjednika-vladimira-putina-dobio-metak-u-glavu\/"},"wordCount":321,"publisher":{"@id":"https:\/\/radioljubuski.ba\/#organization"},"image":{"@id":"https:\/\/radioljubuski.ba\/index.php\/2022\/06\/22\/pukovnik-koji-je-nosio-nuklearnu-aktovku-ruskog-predsjednika-vladimira-putina-dobio-metak-u-glavu\/#primaryimage"},"thumbnailUrl":"https:\/\/radioljubuski.ba\/wp-content\/uploads\/2022\/06\/2-2022-06-22-12-58-10-kofer.jpg","articleSection":["BIH i regija"],"inLanguage":"hr"},{"@type":"WebPage","@id":"https:\/\/radioljubuski.ba\/index.php\/2022\/06\/22\/pukovnik-koji-je-nosio-nuklearnu-aktovku-ruskog-predsjednika-vladimira-putina-dobio-metak-u-glavu\/","url":"https:\/\/radioljubuski.ba\/index.php\/2022\/06\/22\/pukovnik-koji-je-nosio-nuklearnu-aktovku-ruskog-predsjednika-vladimira-putina-dobio-metak-u-glavu\/","name":"Pukovnik koji je nosio nuklearnu aktovku ruskog predsjednika Vladimira Putina dobio metak u glavu - RADIO LJUBU\u0160KI","isPartOf":{"@id":"https:\/\/radioljubuski.ba\/#website"},"primaryImageOfPage":{"@id":"https:\/\/radioljubuski.ba\/index.php\/2022\/06\/22\/pukovnik-koji-je-nosio-nuklearnu-aktovku-ruskog-predsjednika-vladimira-putina-dobio-metak-u-glavu\/#primaryimage"},"image":{"@id":"https:\/\/radioljubuski.ba\/index.php\/2022\/06\/22\/pukovnik-koji-je-nosio-nuklearnu-aktovku-ruskog-predsjednika-vladimira-putina-dobio-metak-u-glavu\/#primaryimage"},"thumbnailUrl":"https:\/\/radioljubuski.ba\/wp-content\/uploads\/2022\/06\/2-2022-06-22-12-58-10-kofer.jpg","datePublished":"2022-06-22T15:27:18+00:00","dateModified":"2022-06-22T15:27:19+00:00","breadcrumb":{"@id":"https:\/\/radioljubuski.ba\/index.php\/2022\/06\/22\/pukovnik-koji-je-nosio-nuklearnu-aktovku-ruskog-predsjednika-vladimira-putina-dobio-metak-u-glavu\/#breadcrumb"},"inLanguage":"hr","potentialAction":[{"@type":"ReadAction","target":["https:\/\/radioljubuski.ba\/index.php\/2022\/06\/22\/pukovnik-koji-je-nosio-nuklearnu-aktovku-ruskog-predsjednika-vladimira-putina-dobio-metak-u-glavu\/"]}]},{"@type":"ImageObject","inLanguage":"hr","@id":"https:\/\/radioljubuski.ba\/index.php\/2022\/06\/22\/pukovnik-koji-je-nosio-nuklearnu-aktovku-ruskog-predsjednika-vladimira-putina-dobio-metak-u-glavu\/#primaryimage","url":"https:\/\/radioljubuski.ba\/wp-content\/uploads\/2022\/06\/2-2022-06-22-12-58-10-kofer.jpg","contentUrl":"https:\/\/radioljubuski.ba\/wp-content\/uploads\/2022\/06\/2-2022-06-22-12-58-10-kofer.jpg","width":1000,"height":625},{"@type":"BreadcrumbList","@id":"https:\/\/radioljubuski.ba\/index.php\/2022\/06\/22\/pukovnik-koji-je-nosio-nuklearnu-aktovku-ruskog-predsjednika-vladimira-putina-dobio-metak-u-glavu\/#breadcrumb","itemListElement":[{"@type":"ListItem","position":1,"name":"Po\u010detna stranica","item":"https:\/\/radioljubuski.ba\/"},{"@type":"ListItem","position":2,"name":"Pukovnik koji je nosio nuklearnu aktovku ruskog predsjednika Vladimira Putina dobio metak u glavu"}]},{"@type":"WebSite","@id":"https:\/\/radioljubuski.ba\/#website","url":"https:\/\/radioljubuski.ba\/","name":"Radio Ljubu\u0161ki","description":"Sun\u010dana frekvencija Hercegovine","publisher":{"@id":"https:\/\/radioljubuski.ba\/#organization"},"potentialAction":[{"@type":"SearchAction","target":{"@type":"EntryPoint","urlTemplate":"https:\/\/radioljubuski.ba\/?s={search_term_string}"},"query-input":{"@type":"PropertyValueSpecification","valueRequired":true,"valueName":"search_term_string"}}],"inLanguage":"hr"},{"@type":"Organization","@id":"https:\/\/radioljubuski.ba\/#organization","name":"Radio Ljubu\u0161ki","url":"https:\/\/radioljubuski.ba\/","logo":{"@type":"ImageObject","inLanguage":"hr","@id":"https:\/\/radioljubuski.ba\/#\/schema\/logo\/image\/","url":"https:\/\/radioljubuski.ba\/wp-content\/uploads\/2021\/02\/cropped-Radio_Ljubuski_logo1.jpg","contentUrl":"https:\/\/radioljubuski.ba\/wp-content\/uploads\/2021\/02\/cropped-Radio_Ljubuski_logo1.jpg","width":512,"height":512,"caption":"Radio Ljubu\u0161ki"},"image":{"@id":"https:\/\/radioljubuski.ba\/#\/schema\/logo\/image\/"},"sameAs":["https:\/\/www.facebook.com\/Radiio-Ljubuski-1490835324566332","https:\/\/x.com\/radioljubuski","https:\/\/hr.linkedin.com\/company\/radio-ljubuski","https:\/\/www.youtube.com\/channel\/UCHYaeO_n0Db3tjNGudGpXyw"]},{"@type":"Person","@id":"https:\/\/radioljubuski.ba\/#\/schema\/person\/19fc700381a780f69665d7956c469e3b","name":"Radio Ljubu\u0161ki"}]}},"_links":{"self":[{"href":"https:\/\/radioljubuski.ba\/index.php\/wp-json\/wp\/v2\/posts\/152219","targetHints":{"allow":["GET"]}}],"collection":[{"href":"https:\/\/radioljubuski.ba\/index.php\/wp-json\/wp\/v2\/posts"}],"about":[{"href":"https:\/\/radioljubuski.ba\/index.php\/wp-json\/wp\/v2\/types\/post"}],"author":[{"embeddable":true,"href":"https:\/\/radioljubuski.ba\/index.php\/wp-json\/wp\/v2\/users\/2"}],"replies":[{"embeddable":true,"href":"https:\/\/radioljubuski.ba\/index.php\/wp-json\/wp\/v2\/comments?post=152219"}],"version-history":[{"count":1,"href":"https:\/\/radioljubuski.ba\/index.php\/wp-json\/wp\/v2\/posts\/152219\/revisions"}],"predecessor-version":[{"id":152221,"href":"https:\/\/radioljubuski.ba\/index.php\/wp-json\/wp\/v2\/posts\/152219\/revisions\/152221"}],"wp:featuredmedia":[{"embeddable":true,"href":"https:\/\/radioljubuski.ba\/index.php\/wp-json\/wp\/v2\/media\/152220"}],"wp:attachment":[{"href":"https:\/\/radioljubuski.ba\/index.php\/wp-json\/wp\/v2\/media?parent=152219"}],"wp:term":[{"taxonomy":"category","embeddable":true,"href":"https:\/\/radioljubuski.ba\/index.php\/wp-json\/wp\/v2\/categories?post=152219"},{"taxonomy":"post_tag","embeddable":true,"href":"https:\/\/radioljubuski.ba\/index.php\/wp-json\/wp\/v2\/tags?post=152219"}],"curies":[{"name":"wp","href":"https:\/\/api.w.org\/{rel}","templated":true}]}}