{"id":152224,"date":"2022-06-22T16:29:38","date_gmt":"2022-06-22T15:29:38","guid":{"rendered":"https:\/\/radioljubuski.ba\/?p=152224"},"modified":"2022-06-22T16:29:39","modified_gmt":"2022-06-22T15:29:39","slug":"kaos-u-beogradu-stigli-rusi-i-ukrajinci-cijene-stanova-odletjele-u-nebo-vlasnici-tjeraju-podstanare","status":"publish","type":"post","link":"https:\/\/radioljubuski.ba\/index.php\/2022\/06\/22\/kaos-u-beogradu-stigli-rusi-i-ukrajinci-cijene-stanova-odletjele-u-nebo-vlasnici-tjeraju-podstanare\/","title":{"rendered":"Kaos u Beogradu: Stigli Rusi i Ukrajinci, cijene stanova odletjele u nebo, vlasnici tjeraju podstanare"},"content":{"rendered":"\n<p>Rusi i Ukrajinci napravili su kaos na tr\u017ei\u0161tu nekretnina u glavnom gradu Srbije. Stanodavci tjeraju dugogodi\u0161nje podstanare iz stanova kako bi ih iznajmili ili prodali po cijenama koje su sko\u010dile i do 30 posto.<\/p>\n\n\n\n<p>Jedna od podstanarki koja je i sama pro\u0161la pakao za Politiku je ispri\u010dala kako je od vlasnika stana dobila rok od pet dana da se iseli.<\/p>\n\n\n\n<p>&#8220;Moj najve\u0107i \u0161ok bio je to \u0161to nisam ni znala da se stan u kojem \u017eivim prodaje. Kupili su ga Rusi i dobila sam svega pet dana da se iselim. I nisam jedina, jer se ista situacija dogodila kod jo\u0161 \u010detiri osobe iz moje okoline&#8221;, kazala je.<\/p>\n\n\n\n<p>&#8220;Prijatelju iz Zemuna stanarina je za sedam dana sko\u010dila duplo. Cijene su nenormalno porasle, stan od oko 30 m2 u \u0161irem centru grada koji sam na kraju iznajmila za 350 eura, djevojka koja je u njemu \u017eivjela prije mene pla\u0107ala je 270. Zapanjila sam se i kad sam vidjela da se u &#8216;Halo oglasima&#8217; iznajmljivanje stanova ogla\u0161ava na ruskom&#8221;, dodala je.<\/p>\n\n\n\n<p>Navodi kako su oglasi za stanove nestajali gotovo odmah jer je potra\u017enja ogromna. Poznanici koji i sami iznajmljuju stanove tje\u0161ili su je rije\u010dima: &#8220;Ne\u0107emo tebe &#8216;oderati&#8217;, bolje je da iskoristimo trenutak i izdamo za vi\u0161e&#8221;.<\/p>\n\n\n\n<p>Agentica za nekretnine Ka\u0107a Lazarevi\u0107 navodi da je u posljednjih mjesec dana stiglo ne\u0161to manje Rusa i Ukrajinaca, ali cijene nisu pale.<\/p>\n\n\n\n<p>&#8220;Vidjet \u0107emo \u0161to \u0107e biti ubudu\u0107e, u rujnu dolaze studenti, a oni ne\u0107e mo\u0107i toliko platiti. Vlasnici \u0107e morati korigirati cijene kako bi stanove i dalje izdavali&#8221;, dodala je.<\/p>\n\n\n\n<p>Ka\u017ee kako je najve\u0107a potra\u017enja bila za malim stanovima koje su Rusi iznajmljivali na razdoblje od \u0161est mjeseci, a cijene su dosezale i do 500 eura.<\/p>\n\n\n\n<p>Doga\u0111alo se da iznajme i skuplje stanove \u010diji je mjese\u010dni najam bio dvostruko ve\u0107i iznos. &#8220;To su bile ve\u0107inom cijele obitelji koji su uzimali stanove na godinu dana&#8221;, objasnila je.<\/p>\n\n\n\n<p>Cijene su najvi\u0161e porasle u novogradnjama. Agent za nekretnine Nikola \u0110ogatovi\u0107 obja\u0161njava kako je potra\u017enja porasla i kod doma\u0107ih klijenata.<\/p>\n\n\n\n<p>&#8220;Stranci nisu stabilni najmoprimci. Oni su spremni platiti ve\u0107e cijene, ali u stanu provedu dva-tri mjeseca i odu&#8221;, rekao je.<\/p>\n\n\n\n<p>&#8220;Dolazi do toga da je i u stanovima s dugogodi\u0161njim najmoprimcima podignuta cijena stanarine za 10 do 20 posto, tako da ono \u0161to je ranije bilo 400, 500 ili 600 eura sad je 500, 600 i 700 eura&#8221;, objasnio je \u0110ogatovi\u0107.<\/p>\n\n\n\n<p>Poru\u010dio je vlasnicima stanova koji se bave iznajmljivanjem da je bitnija financijska stabilnost dugoro\u010dnog najmoprimca od kratkoro\u010dne brze zarade.<\/p>\n\n\n\n<p>Izvor:pogled.ba<\/p>\n","protected":false},"excerpt":{"rendered":"<p>Rusi i Ukrajinci napravili su kaos na tr\u017ei\u0161tu nekretnina u glavnom gradu Srbije. Stanodavci tjeraju dugogodi\u0161nje podstanare iz stanova kako bi ih iznajmili ili prodali po cijenama koje su sko\u010dile i do 30 posto. Jedna od podstanarki koja je i sama pro\u0161la pakao za Politiku je ispri\u010dala kako je od vlasnika stana dobila rok od [&hellip;]<\/p>\n","protected":false},"author":2,"featured_media":152225,"comment_status":"closed","ping_status":"closed","sticky":false,"template":"","format":"standard","meta":{"h5ap_radio_sources":[],"footnotes":""},"categories":[1],"tags":[],"class_list":["post-152224","post","type-post","status-publish","format-standard","has-post-thumbnail","hentry","category-bihiregija"],"yoast_head":"<!-- This site is optimized with the Yoast SEO plugin v27.4 - https:\/\/yoast.com\/product\/yoast-seo-wordpress\/ -->\n<title>Kaos u Beogradu: Stigli Rusi i Ukrajinci, cijene stanova odletjele u nebo, vlasnici tjeraju podstanare - RADIO LJUBU\u0160KI<\/title>\n<meta name=\"robots\" content=\"index, follow, max-snippet:-1, max-image-preview:large, max-video-preview:-1\" \/>\n<link rel=\"canonical\" href=\"https:\/\/radioljubuski.ba\/index.php\/2022\/06\/22\/kaos-u-beogradu-stigli-rusi-i-ukrajinci-cijene-stanova-odletjele-u-nebo-vlasnici-tjeraju-podstanare\/\" \/>\n<meta property=\"og:locale\" content=\"hr_HR\" \/>\n<meta property=\"og:type\" content=\"article\" \/>\n<meta property=\"og:title\" content=\"Kaos u Beogradu: Stigli Rusi i Ukrajinci, cijene stanova odletjele u nebo, vlasnici tjeraju podstanare - RADIO LJUBU\u0160KI\" \/>\n<meta property=\"og:description\" content=\"Rusi i Ukrajinci napravili su kaos na tr\u017ei\u0161tu nekretnina u glavnom gradu Srbije. Stanodavci tjeraju dugogodi\u0161nje podstanare iz stanova kako bi ih iznajmili ili prodali po cijenama koje su sko\u010dile i do 30 posto. Jedna od podstanarki koja je i sama pro\u0161la pakao za Politiku je ispri\u010dala kako je od vlasnika stana dobila rok od [&hellip;]\" \/>\n<meta property=\"og:url\" content=\"https:\/\/radioljubuski.ba\/index.php\/2022\/06\/22\/kaos-u-beogradu-stigli-rusi-i-ukrajinci-cijene-stanova-odletjele-u-nebo-vlasnici-tjeraju-podstanare\/\" \/>\n<meta property=\"og:site_name\" content=\"RADIO LJUBU\u0160KI\" \/>\n<meta property=\"article:publisher\" content=\"https:\/\/www.facebook.com\/Radiio-Ljubuski-1490835324566332\" \/>\n<meta property=\"article:published_time\" content=\"2022-06-22T15:29:38+00:00\" \/>\n<meta property=\"article:modified_time\" content=\"2022-06-22T15:29:39+00:00\" \/>\n<meta property=\"og:image\" content=\"https:\/\/radioljubuski.ba\/wp-content\/uploads\/2022\/06\/2-2022-06-22-14-18-11-beograd.jpg\" \/>\n\t<meta property=\"og:image:width\" content=\"1000\" \/>\n\t<meta property=\"og:image:height\" content=\"625\" \/>\n\t<meta property=\"og:image:type\" content=\"image\/jpeg\" \/>\n<meta name=\"author\" content=\"Radio Ljubu\u0161ki\" \/>\n<meta name=\"twitter:card\" content=\"summary_large_image\" \/>\n<meta name=\"twitter:creator\" content=\"@radioljubuski\" \/>\n<meta name=\"twitter:site\" content=\"@radioljubuski\" \/>\n<meta name=\"twitter:label1\" content=\"Napisao\/la\" \/>\n\t<meta name=\"twitter:data1\" content=\"Radio Ljubu\u0161ki\" \/>\n\t<meta name=\"twitter:label2\" content=\"Procijenjeno vrijeme \u010ditanja\" \/>\n\t<meta name=\"twitter:data2\" content=\"2 minute\" \/>\n<script type=\"application\/ld+json\" class=\"yoast-schema-graph\">{\"@context\":\"https:\\\/\\\/schema.org\",\"@graph\":[{\"@type\":\"Article\",\"@id\":\"https:\\\/\\\/radioljubuski.ba\\\/index.php\\\/2022\\\/06\\\/22\\\/kaos-u-beogradu-stigli-rusi-i-ukrajinci-cijene-stanova-odletjele-u-nebo-vlasnici-tjeraju-podstanare\\\/#article\",\"isPartOf\":{\"@id\":\"https:\\\/\\\/radioljubuski.ba\\\/index.php\\\/2022\\\/06\\\/22\\\/kaos-u-beogradu-stigli-rusi-i-ukrajinci-cijene-stanova-odletjele-u-nebo-vlasnici-tjeraju-podstanare\\\/\"},\"author\":{\"name\":\"Radio Ljubu\u0161ki\",\"@id\":\"https:\\\/\\\/radioljubuski.ba\\\/#\\\/schema\\\/person\\\/19fc700381a780f69665d7956c469e3b\"},\"headline\":\"Kaos u Beogradu: Stigli Rusi i Ukrajinci, cijene stanova odletjele u nebo, vlasnici tjeraju podstanare\",\"datePublished\":\"2022-06-22T15:29:38+00:00\",\"dateModified\":\"2022-06-22T15:29:39+00:00\",\"mainEntityOfPage\":{\"@id\":\"https:\\\/\\\/radioljubuski.ba\\\/index.php\\\/2022\\\/06\\\/22\\\/kaos-u-beogradu-stigli-rusi-i-ukrajinci-cijene-stanova-odletjele-u-nebo-vlasnici-tjeraju-podstanare\\\/\"},\"wordCount\":451,\"publisher\":{\"@id\":\"https:\\\/\\\/radioljubuski.ba\\\/#organization\"},\"image\":{\"@id\":\"https:\\\/\\\/radioljubuski.ba\\\/index.php\\\/2022\\\/06\\\/22\\\/kaos-u-beogradu-stigli-rusi-i-ukrajinci-cijene-stanova-odletjele-u-nebo-vlasnici-tjeraju-podstanare\\\/#primaryimage\"},\"thumbnailUrl\":\"https:\\\/\\\/radioljubuski.ba\\\/wp-content\\\/uploads\\\/2022\\\/06\\\/2-2022-06-22-14-18-11-beograd.jpg\",\"articleSection\":[\"BIH i regija\"],\"inLanguage\":\"hr\"},{\"@type\":\"WebPage\",\"@id\":\"https:\\\/\\\/radioljubuski.ba\\\/index.php\\\/2022\\\/06\\\/22\\\/kaos-u-beogradu-stigli-rusi-i-ukrajinci-cijene-stanova-odletjele-u-nebo-vlasnici-tjeraju-podstanare\\\/\",\"url\":\"https:\\\/\\\/radioljubuski.ba\\\/index.php\\\/2022\\\/06\\\/22\\\/kaos-u-beogradu-stigli-rusi-i-ukrajinci-cijene-stanova-odletjele-u-nebo-vlasnici-tjeraju-podstanare\\\/\",\"name\":\"Kaos u Beogradu: Stigli Rusi i Ukrajinci, cijene stanova odletjele u nebo, vlasnici tjeraju podstanare - RADIO LJUBU\u0160KI\",\"isPartOf\":{\"@id\":\"https:\\\/\\\/radioljubuski.ba\\\/#website\"},\"primaryImageOfPage\":{\"@id\":\"https:\\\/\\\/radioljubuski.ba\\\/index.php\\\/2022\\\/06\\\/22\\\/kaos-u-beogradu-stigli-rusi-i-ukrajinci-cijene-stanova-odletjele-u-nebo-vlasnici-tjeraju-podstanare\\\/#primaryimage\"},\"image\":{\"@id\":\"https:\\\/\\\/radioljubuski.ba\\\/index.php\\\/2022\\\/06\\\/22\\\/kaos-u-beogradu-stigli-rusi-i-ukrajinci-cijene-stanova-odletjele-u-nebo-vlasnici-tjeraju-podstanare\\\/#primaryimage\"},\"thumbnailUrl\":\"https:\\\/\\\/radioljubuski.ba\\\/wp-content\\\/uploads\\\/2022\\\/06\\\/2-2022-06-22-14-18-11-beograd.jpg\",\"datePublished\":\"2022-06-22T15:29:38+00:00\",\"dateModified\":\"2022-06-22T15:29:39+00:00\",\"breadcrumb\":{\"@id\":\"https:\\\/\\\/radioljubuski.ba\\\/index.php\\\/2022\\\/06\\\/22\\\/kaos-u-beogradu-stigli-rusi-i-ukrajinci-cijene-stanova-odletjele-u-nebo-vlasnici-tjeraju-podstanare\\\/#breadcrumb\"},\"inLanguage\":\"hr\",\"potentialAction\":[{\"@type\":\"ReadAction\",\"target\":[\"https:\\\/\\\/radioljubuski.ba\\\/index.php\\\/2022\\\/06\\\/22\\\/kaos-u-beogradu-stigli-rusi-i-ukrajinci-cijene-stanova-odletjele-u-nebo-vlasnici-tjeraju-podstanare\\\/\"]}]},{\"@type\":\"ImageObject\",\"inLanguage\":\"hr\",\"@id\":\"https:\\\/\\\/radioljubuski.ba\\\/index.php\\\/2022\\\/06\\\/22\\\/kaos-u-beogradu-stigli-rusi-i-ukrajinci-cijene-stanova-odletjele-u-nebo-vlasnici-tjeraju-podstanare\\\/#primaryimage\",\"url\":\"https:\\\/\\\/radioljubuski.ba\\\/wp-content\\\/uploads\\\/2022\\\/06\\\/2-2022-06-22-14-18-11-beograd.jpg\",\"contentUrl\":\"https:\\\/\\\/radioljubuski.ba\\\/wp-content\\\/uploads\\\/2022\\\/06\\\/2-2022-06-22-14-18-11-beograd.jpg\",\"width\":1000,\"height\":625},{\"@type\":\"BreadcrumbList\",\"@id\":\"https:\\\/\\\/radioljubuski.ba\\\/index.php\\\/2022\\\/06\\\/22\\\/kaos-u-beogradu-stigli-rusi-i-ukrajinci-cijene-stanova-odletjele-u-nebo-vlasnici-tjeraju-podstanare\\\/#breadcrumb\",\"itemListElement\":[{\"@type\":\"ListItem\",\"position\":1,\"name\":\"Po\u010detna stranica\",\"item\":\"https:\\\/\\\/radioljubuski.ba\\\/\"},{\"@type\":\"ListItem\",\"position\":2,\"name\":\"Kaos u Beogradu: Stigli Rusi i Ukrajinci, cijene stanova odletjele u nebo, vlasnici tjeraju podstanare\"}]},{\"@type\":\"WebSite\",\"@id\":\"https:\\\/\\\/radioljubuski.ba\\\/#website\",\"url\":\"https:\\\/\\\/radioljubuski.ba\\\/\",\"name\":\"Radio Ljubu\u0161ki\",\"description\":\"Sun\u010dana frekvencija Hercegovine\",\"publisher\":{\"@id\":\"https:\\\/\\\/radioljubuski.ba\\\/#organization\"},\"potentialAction\":[{\"@type\":\"SearchAction\",\"target\":{\"@type\":\"EntryPoint\",\"urlTemplate\":\"https:\\\/\\\/radioljubuski.ba\\\/?s={search_term_string}\"},\"query-input\":{\"@type\":\"PropertyValueSpecification\",\"valueRequired\":true,\"valueName\":\"search_term_string\"}}],\"inLanguage\":\"hr\"},{\"@type\":\"Organization\",\"@id\":\"https:\\\/\\\/radioljubuski.ba\\\/#organization\",\"name\":\"Radio Ljubu\u0161ki\",\"url\":\"https:\\\/\\\/radioljubuski.ba\\\/\",\"logo\":{\"@type\":\"ImageObject\",\"inLanguage\":\"hr\",\"@id\":\"https:\\\/\\\/radioljubuski.ba\\\/#\\\/schema\\\/logo\\\/image\\\/\",\"url\":\"https:\\\/\\\/radioljubuski.ba\\\/wp-content\\\/uploads\\\/2021\\\/02\\\/cropped-Radio_Ljubuski_logo1.jpg\",\"contentUrl\":\"https:\\\/\\\/radioljubuski.ba\\\/wp-content\\\/uploads\\\/2021\\\/02\\\/cropped-Radio_Ljubuski_logo1.jpg\",\"width\":512,\"height\":512,\"caption\":\"Radio Ljubu\u0161ki\"},\"image\":{\"@id\":\"https:\\\/\\\/radioljubuski.ba\\\/#\\\/schema\\\/logo\\\/image\\\/\"},\"sameAs\":[\"https:\\\/\\\/www.facebook.com\\\/Radiio-Ljubuski-1490835324566332\",\"https:\\\/\\\/x.com\\\/radioljubuski\",\"https:\\\/\\\/hr.linkedin.com\\\/company\\\/radio-ljubuski\",\"https:\\\/\\\/www.youtube.com\\\/channel\\\/UCHYaeO_n0Db3tjNGudGpXyw\"]},{\"@type\":\"Person\",\"@id\":\"https:\\\/\\\/radioljubuski.ba\\\/#\\\/schema\\\/person\\\/19fc700381a780f69665d7956c469e3b\",\"name\":\"Radio Ljubu\u0161ki\"}]}<\/script>\n<!-- \/ Yoast SEO plugin. -->","yoast_head_json":{"title":"Kaos u Beogradu: Stigli Rusi i Ukrajinci, cijene stanova odletjele u nebo, vlasnici tjeraju podstanare - RADIO LJUBU\u0160KI","robots":{"index":"index","follow":"follow","max-snippet":"max-snippet:-1","max-image-preview":"max-image-preview:large","max-video-preview":"max-video-preview:-1"},"canonical":"https:\/\/radioljubuski.ba\/index.php\/2022\/06\/22\/kaos-u-beogradu-stigli-rusi-i-ukrajinci-cijene-stanova-odletjele-u-nebo-vlasnici-tjeraju-podstanare\/","og_locale":"hr_HR","og_type":"article","og_title":"Kaos u Beogradu: Stigli Rusi i Ukrajinci, cijene stanova odletjele u nebo, vlasnici tjeraju podstanare - RADIO LJUBU\u0160KI","og_description":"Rusi i Ukrajinci napravili su kaos na tr\u017ei\u0161tu nekretnina u glavnom gradu Srbije. Stanodavci tjeraju dugogodi\u0161nje podstanare iz stanova kako bi ih iznajmili ili prodali po cijenama koje su sko\u010dile i do 30 posto. Jedna od podstanarki koja je i sama pro\u0161la pakao za Politiku je ispri\u010dala kako je od vlasnika stana dobila rok od [&hellip;]","og_url":"https:\/\/radioljubuski.ba\/index.php\/2022\/06\/22\/kaos-u-beogradu-stigli-rusi-i-ukrajinci-cijene-stanova-odletjele-u-nebo-vlasnici-tjeraju-podstanare\/","og_site_name":"RADIO LJUBU\u0160KI","article_publisher":"https:\/\/www.facebook.com\/Radiio-Ljubuski-1490835324566332","article_published_time":"2022-06-22T15:29:38+00:00","article_modified_time":"2022-06-22T15:29:39+00:00","og_image":[{"width":1000,"height":625,"url":"https:\/\/radioljubuski.ba\/wp-content\/uploads\/2022\/06\/2-2022-06-22-14-18-11-beograd.jpg","type":"image\/jpeg"}],"author":"Radio Ljubu\u0161ki","twitter_card":"summary_large_image","twitter_creator":"@radioljubuski","twitter_site":"@radioljubuski","twitter_misc":{"Napisao\/la":"Radio Ljubu\u0161ki","Procijenjeno vrijeme \u010ditanja":"2 minute"},"schema":{"@context":"https:\/\/schema.org","@graph":[{"@type":"Article","@id":"https:\/\/radioljubuski.ba\/index.php\/2022\/06\/22\/kaos-u-beogradu-stigli-rusi-i-ukrajinci-cijene-stanova-odletjele-u-nebo-vlasnici-tjeraju-podstanare\/#article","isPartOf":{"@id":"https:\/\/radioljubuski.ba\/index.php\/2022\/06\/22\/kaos-u-beogradu-stigli-rusi-i-ukrajinci-cijene-stanova-odletjele-u-nebo-vlasnici-tjeraju-podstanare\/"},"author":{"name":"Radio Ljubu\u0161ki","@id":"https:\/\/radioljubuski.ba\/#\/schema\/person\/19fc700381a780f69665d7956c469e3b"},"headline":"Kaos u Beogradu: Stigli Rusi i Ukrajinci, cijene stanova odletjele u nebo, vlasnici tjeraju podstanare","datePublished":"2022-06-22T15:29:38+00:00","dateModified":"2022-06-22T15:29:39+00:00","mainEntityOfPage":{"@id":"https:\/\/radioljubuski.ba\/index.php\/2022\/06\/22\/kaos-u-beogradu-stigli-rusi-i-ukrajinci-cijene-stanova-odletjele-u-nebo-vlasnici-tjeraju-podstanare\/"},"wordCount":451,"publisher":{"@id":"https:\/\/radioljubuski.ba\/#organization"},"image":{"@id":"https:\/\/radioljubuski.ba\/index.php\/2022\/06\/22\/kaos-u-beogradu-stigli-rusi-i-ukrajinci-cijene-stanova-odletjele-u-nebo-vlasnici-tjeraju-podstanare\/#primaryimage"},"thumbnailUrl":"https:\/\/radioljubuski.ba\/wp-content\/uploads\/2022\/06\/2-2022-06-22-14-18-11-beograd.jpg","articleSection":["BIH i regija"],"inLanguage":"hr"},{"@type":"WebPage","@id":"https:\/\/radioljubuski.ba\/index.php\/2022\/06\/22\/kaos-u-beogradu-stigli-rusi-i-ukrajinci-cijene-stanova-odletjele-u-nebo-vlasnici-tjeraju-podstanare\/","url":"https:\/\/radioljubuski.ba\/index.php\/2022\/06\/22\/kaos-u-beogradu-stigli-rusi-i-ukrajinci-cijene-stanova-odletjele-u-nebo-vlasnici-tjeraju-podstanare\/","name":"Kaos u Beogradu: Stigli Rusi i Ukrajinci, cijene stanova odletjele u nebo, vlasnici tjeraju podstanare - RADIO LJUBU\u0160KI","isPartOf":{"@id":"https:\/\/radioljubuski.ba\/#website"},"primaryImageOfPage":{"@id":"https:\/\/radioljubuski.ba\/index.php\/2022\/06\/22\/kaos-u-beogradu-stigli-rusi-i-ukrajinci-cijene-stanova-odletjele-u-nebo-vlasnici-tjeraju-podstanare\/#primaryimage"},"image":{"@id":"https:\/\/radioljubuski.ba\/index.php\/2022\/06\/22\/kaos-u-beogradu-stigli-rusi-i-ukrajinci-cijene-stanova-odletjele-u-nebo-vlasnici-tjeraju-podstanare\/#primaryimage"},"thumbnailUrl":"https:\/\/radioljubuski.ba\/wp-content\/uploads\/2022\/06\/2-2022-06-22-14-18-11-beograd.jpg","datePublished":"2022-06-22T15:29:38+00:00","dateModified":"2022-06-22T15:29:39+00:00","breadcrumb":{"@id":"https:\/\/radioljubuski.ba\/index.php\/2022\/06\/22\/kaos-u-beogradu-stigli-rusi-i-ukrajinci-cijene-stanova-odletjele-u-nebo-vlasnici-tjeraju-podstanare\/#breadcrumb"},"inLanguage":"hr","potentialAction":[{"@type":"ReadAction","target":["https:\/\/radioljubuski.ba\/index.php\/2022\/06\/22\/kaos-u-beogradu-stigli-rusi-i-ukrajinci-cijene-stanova-odletjele-u-nebo-vlasnici-tjeraju-podstanare\/"]}]},{"@type":"ImageObject","inLanguage":"hr","@id":"https:\/\/radioljubuski.ba\/index.php\/2022\/06\/22\/kaos-u-beogradu-stigli-rusi-i-ukrajinci-cijene-stanova-odletjele-u-nebo-vlasnici-tjeraju-podstanare\/#primaryimage","url":"https:\/\/radioljubuski.ba\/wp-content\/uploads\/2022\/06\/2-2022-06-22-14-18-11-beograd.jpg","contentUrl":"https:\/\/radioljubuski.ba\/wp-content\/uploads\/2022\/06\/2-2022-06-22-14-18-11-beograd.jpg","width":1000,"height":625},{"@type":"BreadcrumbList","@id":"https:\/\/radioljubuski.ba\/index.php\/2022\/06\/22\/kaos-u-beogradu-stigli-rusi-i-ukrajinci-cijene-stanova-odletjele-u-nebo-vlasnici-tjeraju-podstanare\/#breadcrumb","itemListElement":[{"@type":"ListItem","position":1,"name":"Po\u010detna stranica","item":"https:\/\/radioljubuski.ba\/"},{"@type":"ListItem","position":2,"name":"Kaos u Beogradu: Stigli Rusi i Ukrajinci, cijene stanova odletjele u nebo, vlasnici tjeraju podstanare"}]},{"@type":"WebSite","@id":"https:\/\/radioljubuski.ba\/#website","url":"https:\/\/radioljubuski.ba\/","name":"Radio Ljubu\u0161ki","description":"Sun\u010dana frekvencija Hercegovine","publisher":{"@id":"https:\/\/radioljubuski.ba\/#organization"},"potentialAction":[{"@type":"SearchAction","target":{"@type":"EntryPoint","urlTemplate":"https:\/\/radioljubuski.ba\/?s={search_term_string}"},"query-input":{"@type":"PropertyValueSpecification","valueRequired":true,"valueName":"search_term_string"}}],"inLanguage":"hr"},{"@type":"Organization","@id":"https:\/\/radioljubuski.ba\/#organization","name":"Radio Ljubu\u0161ki","url":"https:\/\/radioljubuski.ba\/","logo":{"@type":"ImageObject","inLanguage":"hr","@id":"https:\/\/radioljubuski.ba\/#\/schema\/logo\/image\/","url":"https:\/\/radioljubuski.ba\/wp-content\/uploads\/2021\/02\/cropped-Radio_Ljubuski_logo1.jpg","contentUrl":"https:\/\/radioljubuski.ba\/wp-content\/uploads\/2021\/02\/cropped-Radio_Ljubuski_logo1.jpg","width":512,"height":512,"caption":"Radio Ljubu\u0161ki"},"image":{"@id":"https:\/\/radioljubuski.ba\/#\/schema\/logo\/image\/"},"sameAs":["https:\/\/www.facebook.com\/Radiio-Ljubuski-1490835324566332","https:\/\/x.com\/radioljubuski","https:\/\/hr.linkedin.com\/company\/radio-ljubuski","https:\/\/www.youtube.com\/channel\/UCHYaeO_n0Db3tjNGudGpXyw"]},{"@type":"Person","@id":"https:\/\/radioljubuski.ba\/#\/schema\/person\/19fc700381a780f69665d7956c469e3b","name":"Radio Ljubu\u0161ki"}]}},"_links":{"self":[{"href":"https:\/\/radioljubuski.ba\/index.php\/wp-json\/wp\/v2\/posts\/152224","targetHints":{"allow":["GET"]}}],"collection":[{"href":"https:\/\/radioljubuski.ba\/index.php\/wp-json\/wp\/v2\/posts"}],"about":[{"href":"https:\/\/radioljubuski.ba\/index.php\/wp-json\/wp\/v2\/types\/post"}],"author":[{"embeddable":true,"href":"https:\/\/radioljubuski.ba\/index.php\/wp-json\/wp\/v2\/users\/2"}],"replies":[{"embeddable":true,"href":"https:\/\/radioljubuski.ba\/index.php\/wp-json\/wp\/v2\/comments?post=152224"}],"version-history":[{"count":1,"href":"https:\/\/radioljubuski.ba\/index.php\/wp-json\/wp\/v2\/posts\/152224\/revisions"}],"predecessor-version":[{"id":152226,"href":"https:\/\/radioljubuski.ba\/index.php\/wp-json\/wp\/v2\/posts\/152224\/revisions\/152226"}],"wp:featuredmedia":[{"embeddable":true,"href":"https:\/\/radioljubuski.ba\/index.php\/wp-json\/wp\/v2\/media\/152225"}],"wp:attachment":[{"href":"https:\/\/radioljubuski.ba\/index.php\/wp-json\/wp\/v2\/media?parent=152224"}],"wp:term":[{"taxonomy":"category","embeddable":true,"href":"https:\/\/radioljubuski.ba\/index.php\/wp-json\/wp\/v2\/categories?post=152224"},{"taxonomy":"post_tag","embeddable":true,"href":"https:\/\/radioljubuski.ba\/index.php\/wp-json\/wp\/v2\/tags?post=152224"}],"curies":[{"name":"wp","href":"https:\/\/api.w.org\/{rel}","templated":true}]}}