{"id":152227,"date":"2022-06-22T16:30:49","date_gmt":"2022-06-22T15:30:49","guid":{"rendered":"https:\/\/radioljubuski.ba\/?p=152227"},"modified":"2022-06-22T16:30:50","modified_gmt":"2022-06-22T15:30:50","slug":"parada-u-helsinkiju-spremni-smo-ratovati-s-rusijom-pripremamo-se-vec-desetljecima-za-to","status":"publish","type":"post","link":"https:\/\/radioljubuski.ba\/index.php\/2022\/06\/22\/parada-u-helsinkiju-spremni-smo-ratovati-s-rusijom-pripremamo-se-vec-desetljecima-za-to\/","title":{"rendered":"Parada u Helsinkiju: Spremni smo ratovati s Rusijom. Pripremamo se ve\u0107 desetlje\u0107ima za to"},"content":{"rendered":"\n<p>Finska se desetlje\u0107ima priprema na ruski napad i pru\u017eila bi sna\u017ean otpor ako do toga do\u0111e, rekao je \u010delnik vojnih snaga u srijedu.<\/p>\n\n\n\n<p>Skandinavska zemlja izgradila je velik arsenal. No osim vojne opreme, general Timo Kivinen ka\u017ee da je klju\u010dan faktor to \u0161to bi u slu\u010daju napada Finci bili motivirani da se bore.<\/p>\n\n\n\n<p>&#8220;Najva\u017enija linija obrane je ona izme\u0111u u\u0161iju, kao \u0161to to rat u Ukrajini upravo dokazuje&#8221;, rekao je Kivinen u intervjuu.<\/p>\n\n\n\n<p>Finska je 40-ih godina ratovala dvaput protiv svoga isto\u010dnog susjeda s kojim dijeli 1300 kilometara dugu granicu.<\/p>\n\n\n\n<p>Zbog zabrinutosti da bi Rusija mogla izvr\u0161iti invaziju kao na Ukrajinu 24. velja\u010de, neutralna Finska podnijela je zahtjev za u\u010dlanjenje u vojni savez NATO.<\/p>\n\n\n\n<p>Od Drugog svjetskog rata, Helsinki je na visokoj razini vojne spreme.<\/p>\n\n\n\n<p>&#8220;Sustavno smo razvijali svoju vojnu obranu za ovakvu vrstu rata koji se doga\u0111a u Ukrajini, uz masovnu upotrebu vatrene mo\u0107i, oru\u017eanih i zra\u010dnih snaga&#8221;, rekao je Kivinen.<\/p>\n\n\n\n<p>&#8220;Ukrajina je te\u017eak zalogaj (za Rusiju), a bila bi i Finska.&#8221;<\/p>\n\n\n\n<p>Oko 100.000 Finaca ubijeno je tijekom dva rata koje je Finska vodila protiv Sovjetskog saveza i izgubila je desetinu teritorija.<\/p>\n\n\n\n<p>Nacija od 5.5 milijuna ima ratnu vojnu snagu od oko 280.000 vojnika s 870.000 uvje\u017ebanih rezervista. Nije ukinut vojni rok za mu\u0161karce kao u mnogim drugim zapadnim nacijama nakon kraja hladnog rata.<\/p>\n\n\n\n<p>Zemlja ima tako\u0111er jedno od najboljih topni\u0161tva u Europi te krstare\u0107e projektile s dometom do 370 kilometara. Tro\u0161i 2 posto svoga BDP-a na obranu, \u0161to je razina vi\u0161a od mnogih zemalja \u010dlanica NATO-a.<\/p>\n\n\n\n<p>Finska naru\u010duje \u010detiri nova ratna broda, kao i 64 F-35 borbenih zrakoplova od ameri\u010dkog obrambenog diva Lockheed Martina.<\/p>\n\n\n\n<p>Tako\u0111er, Finska planira naru\u010diti do 2000 dronova, protuzra\u010dnu opremu i gradi ograde na granici s Rusijom.<\/p>\n\n\n\n<p>Oko 82 posto ispitanika koje je 18. svibnja odgovaralo u anketi za ministarstvo obrane, reklo je da bi bili voljni sudjelovati u nacionalnoj obrani ako Finska bude napadnuta.<\/p>\n\n\n\n<p>Finskom, te tako\u0111er \u0161vedskom zahtjevu za pristup NATO-u protivi se Turska, \u010dlanica Saveza i vode se pregovori o tom pitanju. Ankara optu\u017euje Helsinki i i Stockholm da podr\u017eavaju kurdske militante i embargo oru\u017eja Turskoj.<\/p>\n\n\n\n<p>\u010clanstvo u NATO-u dopustilo bi Finskoj da osna\u017ei svoje kapacitete ranog upozorenja tako \u0161to \u0107e postati dio zajedni\u010dke zra\u010dne kontrole saveza, rekao je Kivinen.<\/p>\n\n\n\n<p>Finska bi tako\u0111er imala koristi od odvra\u0107anja time \u0161to je \u010dlan saveza u kojem je napad na jednu \u010dlanicu napad na sve, rekao je i zaklju\u010dio &#8220;Svejedno, glavnu odgovornost za obranu Finske i dalje \u0107e snositi Finska&#8221;.<\/p>\n\n\n\n<p>Izvor:pogled.ba<\/p>\n","protected":false},"excerpt":{"rendered":"<p>Finska se desetlje\u0107ima priprema na ruski napad i pru\u017eila bi sna\u017ean otpor ako do toga do\u0111e, rekao je \u010delnik vojnih snaga u srijedu. Skandinavska zemlja izgradila je velik arsenal. No osim vojne opreme, general Timo Kivinen ka\u017ee da je klju\u010dan faktor to \u0161to bi u slu\u010daju napada Finci bili motivirani da se bore. &#8220;Najva\u017enija linija [&hellip;]<\/p>\n","protected":false},"author":2,"featured_media":152228,"comment_status":"closed","ping_status":"closed","sticky":false,"template":"","format":"standard","meta":{"h5ap_radio_sources":[],"footnotes":""},"categories":[1],"tags":[],"class_list":["post-152227","post","type-post","status-publish","format-standard","has-post-thumbnail","hentry","category-bihiregija"],"yoast_head":"<!-- This site is optimized with the Yoast SEO plugin v27.4 - https:\/\/yoast.com\/product\/yoast-seo-wordpress\/ -->\n<title>Parada u Helsinkiju: Spremni smo ratovati s Rusijom. Pripremamo se ve\u0107 desetlje\u0107ima za to - RADIO LJUBU\u0160KI<\/title>\n<meta name=\"robots\" content=\"index, follow, max-snippet:-1, max-image-preview:large, max-video-preview:-1\" \/>\n<link rel=\"canonical\" href=\"https:\/\/radioljubuski.ba\/index.php\/2022\/06\/22\/parada-u-helsinkiju-spremni-smo-ratovati-s-rusijom-pripremamo-se-vec-desetljecima-za-to\/\" \/>\n<meta property=\"og:locale\" content=\"hr_HR\" \/>\n<meta property=\"og:type\" content=\"article\" \/>\n<meta property=\"og:title\" content=\"Parada u Helsinkiju: Spremni smo ratovati s Rusijom. Pripremamo se ve\u0107 desetlje\u0107ima za to - RADIO LJUBU\u0160KI\" \/>\n<meta property=\"og:description\" content=\"Finska se desetlje\u0107ima priprema na ruski napad i pru\u017eila bi sna\u017ean otpor ako do toga do\u0111e, rekao je \u010delnik vojnih snaga u srijedu. Skandinavska zemlja izgradila je velik arsenal. No osim vojne opreme, general Timo Kivinen ka\u017ee da je klju\u010dan faktor to \u0161to bi u slu\u010daju napada Finci bili motivirani da se bore. &#8220;Najva\u017enija linija [&hellip;]\" \/>\n<meta property=\"og:url\" content=\"https:\/\/radioljubuski.ba\/index.php\/2022\/06\/22\/parada-u-helsinkiju-spremni-smo-ratovati-s-rusijom-pripremamo-se-vec-desetljecima-za-to\/\" \/>\n<meta property=\"og:site_name\" content=\"RADIO LJUBU\u0160KI\" \/>\n<meta property=\"article:publisher\" content=\"https:\/\/www.facebook.com\/Radiio-Ljubuski-1490835324566332\" \/>\n<meta property=\"article:published_time\" content=\"2022-06-22T15:30:49+00:00\" \/>\n<meta property=\"article:modified_time\" content=\"2022-06-22T15:30:50+00:00\" \/>\n<meta property=\"og:image\" content=\"https:\/\/radioljubuski.ba\/wp-content\/uploads\/2022\/06\/2-2022-06-22-14-28-26-finska.jpg\" \/>\n\t<meta property=\"og:image:width\" content=\"1000\" \/>\n\t<meta property=\"og:image:height\" content=\"625\" \/>\n\t<meta property=\"og:image:type\" content=\"image\/jpeg\" \/>\n<meta name=\"author\" content=\"Radio Ljubu\u0161ki\" \/>\n<meta name=\"twitter:card\" content=\"summary_large_image\" \/>\n<meta name=\"twitter:creator\" content=\"@radioljubuski\" \/>\n<meta name=\"twitter:site\" content=\"@radioljubuski\" \/>\n<meta name=\"twitter:label1\" content=\"Napisao\/la\" \/>\n\t<meta name=\"twitter:data1\" content=\"Radio Ljubu\u0161ki\" \/>\n\t<meta name=\"twitter:label2\" content=\"Procijenjeno vrijeme \u010ditanja\" \/>\n\t<meta name=\"twitter:data2\" content=\"2 minute\" \/>\n<script type=\"application\/ld+json\" class=\"yoast-schema-graph\">{\"@context\":\"https:\\\/\\\/schema.org\",\"@graph\":[{\"@type\":\"Article\",\"@id\":\"https:\\\/\\\/radioljubuski.ba\\\/index.php\\\/2022\\\/06\\\/22\\\/parada-u-helsinkiju-spremni-smo-ratovati-s-rusijom-pripremamo-se-vec-desetljecima-za-to\\\/#article\",\"isPartOf\":{\"@id\":\"https:\\\/\\\/radioljubuski.ba\\\/index.php\\\/2022\\\/06\\\/22\\\/parada-u-helsinkiju-spremni-smo-ratovati-s-rusijom-pripremamo-se-vec-desetljecima-za-to\\\/\"},\"author\":{\"name\":\"Radio Ljubu\u0161ki\",\"@id\":\"https:\\\/\\\/radioljubuski.ba\\\/#\\\/schema\\\/person\\\/19fc700381a780f69665d7956c469e3b\"},\"headline\":\"Parada u Helsinkiju: Spremni smo ratovati s Rusijom. Pripremamo se ve\u0107 desetlje\u0107ima za to\",\"datePublished\":\"2022-06-22T15:30:49+00:00\",\"dateModified\":\"2022-06-22T15:30:50+00:00\",\"mainEntityOfPage\":{\"@id\":\"https:\\\/\\\/radioljubuski.ba\\\/index.php\\\/2022\\\/06\\\/22\\\/parada-u-helsinkiju-spremni-smo-ratovati-s-rusijom-pripremamo-se-vec-desetljecima-za-to\\\/\"},\"wordCount\":452,\"publisher\":{\"@id\":\"https:\\\/\\\/radioljubuski.ba\\\/#organization\"},\"image\":{\"@id\":\"https:\\\/\\\/radioljubuski.ba\\\/index.php\\\/2022\\\/06\\\/22\\\/parada-u-helsinkiju-spremni-smo-ratovati-s-rusijom-pripremamo-se-vec-desetljecima-za-to\\\/#primaryimage\"},\"thumbnailUrl\":\"https:\\\/\\\/radioljubuski.ba\\\/wp-content\\\/uploads\\\/2022\\\/06\\\/2-2022-06-22-14-28-26-finska.jpg\",\"articleSection\":[\"BIH i regija\"],\"inLanguage\":\"hr\"},{\"@type\":\"WebPage\",\"@id\":\"https:\\\/\\\/radioljubuski.ba\\\/index.php\\\/2022\\\/06\\\/22\\\/parada-u-helsinkiju-spremni-smo-ratovati-s-rusijom-pripremamo-se-vec-desetljecima-za-to\\\/\",\"url\":\"https:\\\/\\\/radioljubuski.ba\\\/index.php\\\/2022\\\/06\\\/22\\\/parada-u-helsinkiju-spremni-smo-ratovati-s-rusijom-pripremamo-se-vec-desetljecima-za-to\\\/\",\"name\":\"Parada u Helsinkiju: Spremni smo ratovati s Rusijom. Pripremamo se ve\u0107 desetlje\u0107ima za to - RADIO LJUBU\u0160KI\",\"isPartOf\":{\"@id\":\"https:\\\/\\\/radioljubuski.ba\\\/#website\"},\"primaryImageOfPage\":{\"@id\":\"https:\\\/\\\/radioljubuski.ba\\\/index.php\\\/2022\\\/06\\\/22\\\/parada-u-helsinkiju-spremni-smo-ratovati-s-rusijom-pripremamo-se-vec-desetljecima-za-to\\\/#primaryimage\"},\"image\":{\"@id\":\"https:\\\/\\\/radioljubuski.ba\\\/index.php\\\/2022\\\/06\\\/22\\\/parada-u-helsinkiju-spremni-smo-ratovati-s-rusijom-pripremamo-se-vec-desetljecima-za-to\\\/#primaryimage\"},\"thumbnailUrl\":\"https:\\\/\\\/radioljubuski.ba\\\/wp-content\\\/uploads\\\/2022\\\/06\\\/2-2022-06-22-14-28-26-finska.jpg\",\"datePublished\":\"2022-06-22T15:30:49+00:00\",\"dateModified\":\"2022-06-22T15:30:50+00:00\",\"breadcrumb\":{\"@id\":\"https:\\\/\\\/radioljubuski.ba\\\/index.php\\\/2022\\\/06\\\/22\\\/parada-u-helsinkiju-spremni-smo-ratovati-s-rusijom-pripremamo-se-vec-desetljecima-za-to\\\/#breadcrumb\"},\"inLanguage\":\"hr\",\"potentialAction\":[{\"@type\":\"ReadAction\",\"target\":[\"https:\\\/\\\/radioljubuski.ba\\\/index.php\\\/2022\\\/06\\\/22\\\/parada-u-helsinkiju-spremni-smo-ratovati-s-rusijom-pripremamo-se-vec-desetljecima-za-to\\\/\"]}]},{\"@type\":\"ImageObject\",\"inLanguage\":\"hr\",\"@id\":\"https:\\\/\\\/radioljubuski.ba\\\/index.php\\\/2022\\\/06\\\/22\\\/parada-u-helsinkiju-spremni-smo-ratovati-s-rusijom-pripremamo-se-vec-desetljecima-za-to\\\/#primaryimage\",\"url\":\"https:\\\/\\\/radioljubuski.ba\\\/wp-content\\\/uploads\\\/2022\\\/06\\\/2-2022-06-22-14-28-26-finska.jpg\",\"contentUrl\":\"https:\\\/\\\/radioljubuski.ba\\\/wp-content\\\/uploads\\\/2022\\\/06\\\/2-2022-06-22-14-28-26-finska.jpg\",\"width\":1000,\"height\":625},{\"@type\":\"BreadcrumbList\",\"@id\":\"https:\\\/\\\/radioljubuski.ba\\\/index.php\\\/2022\\\/06\\\/22\\\/parada-u-helsinkiju-spremni-smo-ratovati-s-rusijom-pripremamo-se-vec-desetljecima-za-to\\\/#breadcrumb\",\"itemListElement\":[{\"@type\":\"ListItem\",\"position\":1,\"name\":\"Po\u010detna stranica\",\"item\":\"https:\\\/\\\/radioljubuski.ba\\\/\"},{\"@type\":\"ListItem\",\"position\":2,\"name\":\"Parada u Helsinkiju: Spremni smo ratovati s Rusijom. Pripremamo se ve\u0107 desetlje\u0107ima za to\"}]},{\"@type\":\"WebSite\",\"@id\":\"https:\\\/\\\/radioljubuski.ba\\\/#website\",\"url\":\"https:\\\/\\\/radioljubuski.ba\\\/\",\"name\":\"Radio Ljubu\u0161ki\",\"description\":\"Sun\u010dana frekvencija Hercegovine\",\"publisher\":{\"@id\":\"https:\\\/\\\/radioljubuski.ba\\\/#organization\"},\"potentialAction\":[{\"@type\":\"SearchAction\",\"target\":{\"@type\":\"EntryPoint\",\"urlTemplate\":\"https:\\\/\\\/radioljubuski.ba\\\/?s={search_term_string}\"},\"query-input\":{\"@type\":\"PropertyValueSpecification\",\"valueRequired\":true,\"valueName\":\"search_term_string\"}}],\"inLanguage\":\"hr\"},{\"@type\":\"Organization\",\"@id\":\"https:\\\/\\\/radioljubuski.ba\\\/#organization\",\"name\":\"Radio Ljubu\u0161ki\",\"url\":\"https:\\\/\\\/radioljubuski.ba\\\/\",\"logo\":{\"@type\":\"ImageObject\",\"inLanguage\":\"hr\",\"@id\":\"https:\\\/\\\/radioljubuski.ba\\\/#\\\/schema\\\/logo\\\/image\\\/\",\"url\":\"https:\\\/\\\/radioljubuski.ba\\\/wp-content\\\/uploads\\\/2021\\\/02\\\/cropped-Radio_Ljubuski_logo1.jpg\",\"contentUrl\":\"https:\\\/\\\/radioljubuski.ba\\\/wp-content\\\/uploads\\\/2021\\\/02\\\/cropped-Radio_Ljubuski_logo1.jpg\",\"width\":512,\"height\":512,\"caption\":\"Radio Ljubu\u0161ki\"},\"image\":{\"@id\":\"https:\\\/\\\/radioljubuski.ba\\\/#\\\/schema\\\/logo\\\/image\\\/\"},\"sameAs\":[\"https:\\\/\\\/www.facebook.com\\\/Radiio-Ljubuski-1490835324566332\",\"https:\\\/\\\/x.com\\\/radioljubuski\",\"https:\\\/\\\/hr.linkedin.com\\\/company\\\/radio-ljubuski\",\"https:\\\/\\\/www.youtube.com\\\/channel\\\/UCHYaeO_n0Db3tjNGudGpXyw\"]},{\"@type\":\"Person\",\"@id\":\"https:\\\/\\\/radioljubuski.ba\\\/#\\\/schema\\\/person\\\/19fc700381a780f69665d7956c469e3b\",\"name\":\"Radio Ljubu\u0161ki\"}]}<\/script>\n<!-- \/ Yoast SEO plugin. -->","yoast_head_json":{"title":"Parada u Helsinkiju: Spremni smo ratovati s Rusijom. Pripremamo se ve\u0107 desetlje\u0107ima za to - RADIO LJUBU\u0160KI","robots":{"index":"index","follow":"follow","max-snippet":"max-snippet:-1","max-image-preview":"max-image-preview:large","max-video-preview":"max-video-preview:-1"},"canonical":"https:\/\/radioljubuski.ba\/index.php\/2022\/06\/22\/parada-u-helsinkiju-spremni-smo-ratovati-s-rusijom-pripremamo-se-vec-desetljecima-za-to\/","og_locale":"hr_HR","og_type":"article","og_title":"Parada u Helsinkiju: Spremni smo ratovati s Rusijom. Pripremamo se ve\u0107 desetlje\u0107ima za to - RADIO LJUBU\u0160KI","og_description":"Finska se desetlje\u0107ima priprema na ruski napad i pru\u017eila bi sna\u017ean otpor ako do toga do\u0111e, rekao je \u010delnik vojnih snaga u srijedu. Skandinavska zemlja izgradila je velik arsenal. No osim vojne opreme, general Timo Kivinen ka\u017ee da je klju\u010dan faktor to \u0161to bi u slu\u010daju napada Finci bili motivirani da se bore. &#8220;Najva\u017enija linija [&hellip;]","og_url":"https:\/\/radioljubuski.ba\/index.php\/2022\/06\/22\/parada-u-helsinkiju-spremni-smo-ratovati-s-rusijom-pripremamo-se-vec-desetljecima-za-to\/","og_site_name":"RADIO LJUBU\u0160KI","article_publisher":"https:\/\/www.facebook.com\/Radiio-Ljubuski-1490835324566332","article_published_time":"2022-06-22T15:30:49+00:00","article_modified_time":"2022-06-22T15:30:50+00:00","og_image":[{"width":1000,"height":625,"url":"https:\/\/radioljubuski.ba\/wp-content\/uploads\/2022\/06\/2-2022-06-22-14-28-26-finska.jpg","type":"image\/jpeg"}],"author":"Radio Ljubu\u0161ki","twitter_card":"summary_large_image","twitter_creator":"@radioljubuski","twitter_site":"@radioljubuski","twitter_misc":{"Napisao\/la":"Radio Ljubu\u0161ki","Procijenjeno vrijeme \u010ditanja":"2 minute"},"schema":{"@context":"https:\/\/schema.org","@graph":[{"@type":"Article","@id":"https:\/\/radioljubuski.ba\/index.php\/2022\/06\/22\/parada-u-helsinkiju-spremni-smo-ratovati-s-rusijom-pripremamo-se-vec-desetljecima-za-to\/#article","isPartOf":{"@id":"https:\/\/radioljubuski.ba\/index.php\/2022\/06\/22\/parada-u-helsinkiju-spremni-smo-ratovati-s-rusijom-pripremamo-se-vec-desetljecima-za-to\/"},"author":{"name":"Radio Ljubu\u0161ki","@id":"https:\/\/radioljubuski.ba\/#\/schema\/person\/19fc700381a780f69665d7956c469e3b"},"headline":"Parada u Helsinkiju: Spremni smo ratovati s Rusijom. Pripremamo se ve\u0107 desetlje\u0107ima za to","datePublished":"2022-06-22T15:30:49+00:00","dateModified":"2022-06-22T15:30:50+00:00","mainEntityOfPage":{"@id":"https:\/\/radioljubuski.ba\/index.php\/2022\/06\/22\/parada-u-helsinkiju-spremni-smo-ratovati-s-rusijom-pripremamo-se-vec-desetljecima-za-to\/"},"wordCount":452,"publisher":{"@id":"https:\/\/radioljubuski.ba\/#organization"},"image":{"@id":"https:\/\/radioljubuski.ba\/index.php\/2022\/06\/22\/parada-u-helsinkiju-spremni-smo-ratovati-s-rusijom-pripremamo-se-vec-desetljecima-za-to\/#primaryimage"},"thumbnailUrl":"https:\/\/radioljubuski.ba\/wp-content\/uploads\/2022\/06\/2-2022-06-22-14-28-26-finska.jpg","articleSection":["BIH i regija"],"inLanguage":"hr"},{"@type":"WebPage","@id":"https:\/\/radioljubuski.ba\/index.php\/2022\/06\/22\/parada-u-helsinkiju-spremni-smo-ratovati-s-rusijom-pripremamo-se-vec-desetljecima-za-to\/","url":"https:\/\/radioljubuski.ba\/index.php\/2022\/06\/22\/parada-u-helsinkiju-spremni-smo-ratovati-s-rusijom-pripremamo-se-vec-desetljecima-za-to\/","name":"Parada u Helsinkiju: Spremni smo ratovati s Rusijom. Pripremamo se ve\u0107 desetlje\u0107ima za to - RADIO LJUBU\u0160KI","isPartOf":{"@id":"https:\/\/radioljubuski.ba\/#website"},"primaryImageOfPage":{"@id":"https:\/\/radioljubuski.ba\/index.php\/2022\/06\/22\/parada-u-helsinkiju-spremni-smo-ratovati-s-rusijom-pripremamo-se-vec-desetljecima-za-to\/#primaryimage"},"image":{"@id":"https:\/\/radioljubuski.ba\/index.php\/2022\/06\/22\/parada-u-helsinkiju-spremni-smo-ratovati-s-rusijom-pripremamo-se-vec-desetljecima-za-to\/#primaryimage"},"thumbnailUrl":"https:\/\/radioljubuski.ba\/wp-content\/uploads\/2022\/06\/2-2022-06-22-14-28-26-finska.jpg","datePublished":"2022-06-22T15:30:49+00:00","dateModified":"2022-06-22T15:30:50+00:00","breadcrumb":{"@id":"https:\/\/radioljubuski.ba\/index.php\/2022\/06\/22\/parada-u-helsinkiju-spremni-smo-ratovati-s-rusijom-pripremamo-se-vec-desetljecima-za-to\/#breadcrumb"},"inLanguage":"hr","potentialAction":[{"@type":"ReadAction","target":["https:\/\/radioljubuski.ba\/index.php\/2022\/06\/22\/parada-u-helsinkiju-spremni-smo-ratovati-s-rusijom-pripremamo-se-vec-desetljecima-za-to\/"]}]},{"@type":"ImageObject","inLanguage":"hr","@id":"https:\/\/radioljubuski.ba\/index.php\/2022\/06\/22\/parada-u-helsinkiju-spremni-smo-ratovati-s-rusijom-pripremamo-se-vec-desetljecima-za-to\/#primaryimage","url":"https:\/\/radioljubuski.ba\/wp-content\/uploads\/2022\/06\/2-2022-06-22-14-28-26-finska.jpg","contentUrl":"https:\/\/radioljubuski.ba\/wp-content\/uploads\/2022\/06\/2-2022-06-22-14-28-26-finska.jpg","width":1000,"height":625},{"@type":"BreadcrumbList","@id":"https:\/\/radioljubuski.ba\/index.php\/2022\/06\/22\/parada-u-helsinkiju-spremni-smo-ratovati-s-rusijom-pripremamo-se-vec-desetljecima-za-to\/#breadcrumb","itemListElement":[{"@type":"ListItem","position":1,"name":"Po\u010detna stranica","item":"https:\/\/radioljubuski.ba\/"},{"@type":"ListItem","position":2,"name":"Parada u Helsinkiju: Spremni smo ratovati s Rusijom. Pripremamo se ve\u0107 desetlje\u0107ima za to"}]},{"@type":"WebSite","@id":"https:\/\/radioljubuski.ba\/#website","url":"https:\/\/radioljubuski.ba\/","name":"Radio Ljubu\u0161ki","description":"Sun\u010dana frekvencija Hercegovine","publisher":{"@id":"https:\/\/radioljubuski.ba\/#organization"},"potentialAction":[{"@type":"SearchAction","target":{"@type":"EntryPoint","urlTemplate":"https:\/\/radioljubuski.ba\/?s={search_term_string}"},"query-input":{"@type":"PropertyValueSpecification","valueRequired":true,"valueName":"search_term_string"}}],"inLanguage":"hr"},{"@type":"Organization","@id":"https:\/\/radioljubuski.ba\/#organization","name":"Radio Ljubu\u0161ki","url":"https:\/\/radioljubuski.ba\/","logo":{"@type":"ImageObject","inLanguage":"hr","@id":"https:\/\/radioljubuski.ba\/#\/schema\/logo\/image\/","url":"https:\/\/radioljubuski.ba\/wp-content\/uploads\/2021\/02\/cropped-Radio_Ljubuski_logo1.jpg","contentUrl":"https:\/\/radioljubuski.ba\/wp-content\/uploads\/2021\/02\/cropped-Radio_Ljubuski_logo1.jpg","width":512,"height":512,"caption":"Radio Ljubu\u0161ki"},"image":{"@id":"https:\/\/radioljubuski.ba\/#\/schema\/logo\/image\/"},"sameAs":["https:\/\/www.facebook.com\/Radiio-Ljubuski-1490835324566332","https:\/\/x.com\/radioljubuski","https:\/\/hr.linkedin.com\/company\/radio-ljubuski","https:\/\/www.youtube.com\/channel\/UCHYaeO_n0Db3tjNGudGpXyw"]},{"@type":"Person","@id":"https:\/\/radioljubuski.ba\/#\/schema\/person\/19fc700381a780f69665d7956c469e3b","name":"Radio Ljubu\u0161ki"}]}},"_links":{"self":[{"href":"https:\/\/radioljubuski.ba\/index.php\/wp-json\/wp\/v2\/posts\/152227","targetHints":{"allow":["GET"]}}],"collection":[{"href":"https:\/\/radioljubuski.ba\/index.php\/wp-json\/wp\/v2\/posts"}],"about":[{"href":"https:\/\/radioljubuski.ba\/index.php\/wp-json\/wp\/v2\/types\/post"}],"author":[{"embeddable":true,"href":"https:\/\/radioljubuski.ba\/index.php\/wp-json\/wp\/v2\/users\/2"}],"replies":[{"embeddable":true,"href":"https:\/\/radioljubuski.ba\/index.php\/wp-json\/wp\/v2\/comments?post=152227"}],"version-history":[{"count":1,"href":"https:\/\/radioljubuski.ba\/index.php\/wp-json\/wp\/v2\/posts\/152227\/revisions"}],"predecessor-version":[{"id":152229,"href":"https:\/\/radioljubuski.ba\/index.php\/wp-json\/wp\/v2\/posts\/152227\/revisions\/152229"}],"wp:featuredmedia":[{"embeddable":true,"href":"https:\/\/radioljubuski.ba\/index.php\/wp-json\/wp\/v2\/media\/152228"}],"wp:attachment":[{"href":"https:\/\/radioljubuski.ba\/index.php\/wp-json\/wp\/v2\/media?parent=152227"}],"wp:term":[{"taxonomy":"category","embeddable":true,"href":"https:\/\/radioljubuski.ba\/index.php\/wp-json\/wp\/v2\/categories?post=152227"},{"taxonomy":"post_tag","embeddable":true,"href":"https:\/\/radioljubuski.ba\/index.php\/wp-json\/wp\/v2\/tags?post=152227"}],"curies":[{"name":"wp","href":"https:\/\/api.w.org\/{rel}","templated":true}]}}