{"id":152233,"date":"2022-06-22T16:34:51","date_gmt":"2022-06-22T15:34:51","guid":{"rendered":"https:\/\/radioljubuski.ba\/?p=152233"},"modified":"2022-06-22T16:34:52","modified_gmt":"2022-06-22T15:34:52","slug":"borenovic-ukidanje-trosarina-na-gorivo-i-smanjenje-cijena-zaustavio-je-iskljucivo-snsd","status":"publish","type":"post","link":"https:\/\/radioljubuski.ba\/index.php\/2022\/06\/22\/borenovic-ukidanje-trosarina-na-gorivo-i-smanjenje-cijena-zaustavio-je-iskljucivo-snsd\/","title":{"rendered":"Borenovi\u0107: Ukidanje tro\u0161arina na gorivo i smanjenje cijena zaustavio je isklju\u010divo SNSD"},"content":{"rendered":"\n<p>&#8211; Izjava predsjednika Vlade RS, Radovana Vi\u0161kovi\u0107a, da \u0107e akcize na gorivo biti ukinute do 1. travnja, sarkasti\u010dno je ozna\u0107ena kao prvotravnjska \u0161ala. Me\u0111utim, najnovija izjava da bi akcize na gorivo bile ukinute da se oni pitaju i samostalno donose odluke, uop\u0107e nije smije\u0161na, nego je za ozbiljno razmatranje tko nam godinama vodi izvr\u0161nu vlast, jer je dobro poznato da je isklju\u010divo i jedino odlukom Vi\u0161kovi\u0107evog SNSD-a zaustavljeno ukidanje akciza i smanjenje cijena goriva za skoro pola marke ve\u0107 \u010detvrti mjesec \u2013 rekao je predsjednik PDP-a Branislav Borenovi\u0107.<\/p>\n\n\n\n<p>Borenovi\u0107 je podsjetio Vi\u0161kovi\u0107a da je Zastupni\u010dki dom Parlamentarne skup\u0161tine BiH usvojio zakone o ukidanju akciza na gorivo i diferenciranoj stopi PDV-a, ali da su ti zakoni stopirani u Domu naroda njihovim bezobraznim zakonodavnim vratolomijama.<\/p>\n\n\n\n<p>-Smanjenje cijena goriva i pojeftinjenje \u017eivotnih namirnica nije pro\u0161lo zbog i samo zbog \u010detiri glasa protiv izaslanika SNSD-a, Nikole \u0160piri\u0107a, Sredoje Novi\u0107a, Du\u0161anke Majki\u0107 i Lazara Prodanovi\u0107a i sada Vi\u0161kovi\u0107 izjavi ovako ne\u0161to, \u0161to je za nepovjerovati. Ho\u0107e li jo\u0161 poku\u0161ati da nas uvjeri da akcize ne bi bile ni uvedene da su se oni pitali, kao da smo zaboravili Wigemarkovu &#8220;akciznu koaliciju&#8221; koju je \u010dinio i SNSD koji je i uveo akcize?&nbsp;<\/p>\n\n\n\n<p>Ho\u0107e li poku\u0161ati da nas uvjere da se prihodi od akciza koriste namjenski, za izgradnju autoputeva kako je bilo predvi\u0111eno, a ne da se svaki centimetar od ovo malo izgra\u0111enog napravilo tako \u0161to su nas zadu\u017eili? Navikli smo od SNSD-a da, kako se pribli\u017eavaju izbori, slu\u0161amo svakakve izjave koje su za rubriku vjerovali ili ne, ali ova Vi\u0161kovi\u0107eva definitivno mo\u017ee u\u0107i u vrh nebuloza i obmana koje su izrekli \u2013 rekao je Borenovi\u0107.<\/p>\n\n\n\n<p>Izvor:pogled.ba<\/p>\n","protected":false},"excerpt":{"rendered":"<p>&#8211; Izjava predsjednika Vlade RS, Radovana Vi\u0161kovi\u0107a, da \u0107e akcize na gorivo biti ukinute do 1. travnja, sarkasti\u010dno je ozna\u0107ena kao prvotravnjska \u0161ala. Me\u0111utim, najnovija izjava da bi akcize na gorivo bile ukinute da se oni pitaju i samostalno donose odluke, uop\u0107e nije smije\u0161na, nego je za ozbiljno razmatranje tko nam godinama vodi izvr\u0161nu vlast, [&hellip;]<\/p>\n","protected":false},"author":2,"featured_media":152234,"comment_status":"closed","ping_status":"closed","sticky":false,"template":"","format":"standard","meta":{"h5ap_radio_sources":[],"footnotes":""},"categories":[1],"tags":[],"class_list":["post-152233","post","type-post","status-publish","format-standard","has-post-thumbnail","hentry","category-bihiregija"],"yoast_head":"<!-- This site is optimized with the Yoast SEO plugin v27.4 - https:\/\/yoast.com\/product\/yoast-seo-wordpress\/ -->\n<title>Borenovi\u0107: Ukidanje tro\u0161arina na gorivo i smanjenje cijena zaustavio je isklju\u010divo SNSD - RADIO LJUBU\u0160KI<\/title>\n<meta name=\"robots\" content=\"index, follow, max-snippet:-1, max-image-preview:large, max-video-preview:-1\" \/>\n<link rel=\"canonical\" href=\"https:\/\/radioljubuski.ba\/index.php\/2022\/06\/22\/borenovic-ukidanje-trosarina-na-gorivo-i-smanjenje-cijena-zaustavio-je-iskljucivo-snsd\/\" \/>\n<meta property=\"og:locale\" content=\"hr_HR\" \/>\n<meta property=\"og:type\" content=\"article\" \/>\n<meta property=\"og:title\" content=\"Borenovi\u0107: Ukidanje tro\u0161arina na gorivo i smanjenje cijena zaustavio je isklju\u010divo SNSD - RADIO LJUBU\u0160KI\" \/>\n<meta property=\"og:description\" content=\"&#8211; Izjava predsjednika Vlade RS, Radovana Vi\u0161kovi\u0107a, da \u0107e akcize na gorivo biti ukinute do 1. travnja, sarkasti\u010dno je ozna\u0107ena kao prvotravnjska \u0161ala. Me\u0111utim, najnovija izjava da bi akcize na gorivo bile ukinute da se oni pitaju i samostalno donose odluke, uop\u0107e nije smije\u0161na, nego je za ozbiljno razmatranje tko nam godinama vodi izvr\u0161nu vlast, [&hellip;]\" \/>\n<meta property=\"og:url\" content=\"https:\/\/radioljubuski.ba\/index.php\/2022\/06\/22\/borenovic-ukidanje-trosarina-na-gorivo-i-smanjenje-cijena-zaustavio-je-iskljucivo-snsd\/\" \/>\n<meta property=\"og:site_name\" content=\"RADIO LJUBU\u0160KI\" \/>\n<meta property=\"article:publisher\" content=\"https:\/\/www.facebook.com\/Radiio-Ljubuski-1490835324566332\" \/>\n<meta property=\"article:published_time\" content=\"2022-06-22T15:34:51+00:00\" \/>\n<meta property=\"article:modified_time\" content=\"2022-06-22T15:34:52+00:00\" \/>\n<meta property=\"og:image\" content=\"https:\/\/radioljubuski.ba\/wp-content\/uploads\/2022\/06\/6D4afHdr_dodik_borenovi.jpg\" \/>\n\t<meta property=\"og:image:width\" content=\"1000\" \/>\n\t<meta property=\"og:image:height\" content=\"625\" \/>\n\t<meta property=\"og:image:type\" content=\"image\/jpeg\" \/>\n<meta name=\"author\" content=\"Radio Ljubu\u0161ki\" \/>\n<meta name=\"twitter:card\" content=\"summary_large_image\" \/>\n<meta name=\"twitter:creator\" content=\"@radioljubuski\" \/>\n<meta name=\"twitter:site\" content=\"@radioljubuski\" \/>\n<meta name=\"twitter:label1\" content=\"Napisao\/la\" \/>\n\t<meta name=\"twitter:data1\" content=\"Radio Ljubu\u0161ki\" \/>\n\t<meta name=\"twitter:label2\" content=\"Procijenjeno vrijeme \u010ditanja\" \/>\n\t<meta name=\"twitter:data2\" content=\"2 minute\" \/>\n<script type=\"application\/ld+json\" class=\"yoast-schema-graph\">{\"@context\":\"https:\\\/\\\/schema.org\",\"@graph\":[{\"@type\":\"Article\",\"@id\":\"https:\\\/\\\/radioljubuski.ba\\\/index.php\\\/2022\\\/06\\\/22\\\/borenovic-ukidanje-trosarina-na-gorivo-i-smanjenje-cijena-zaustavio-je-iskljucivo-snsd\\\/#article\",\"isPartOf\":{\"@id\":\"https:\\\/\\\/radioljubuski.ba\\\/index.php\\\/2022\\\/06\\\/22\\\/borenovic-ukidanje-trosarina-na-gorivo-i-smanjenje-cijena-zaustavio-je-iskljucivo-snsd\\\/\"},\"author\":{\"name\":\"Radio Ljubu\u0161ki\",\"@id\":\"https:\\\/\\\/radioljubuski.ba\\\/#\\\/schema\\\/person\\\/19fc700381a780f69665d7956c469e3b\"},\"headline\":\"Borenovi\u0107: Ukidanje tro\u0161arina na gorivo i smanjenje cijena zaustavio je isklju\u010divo SNSD\",\"datePublished\":\"2022-06-22T15:34:51+00:00\",\"dateModified\":\"2022-06-22T15:34:52+00:00\",\"mainEntityOfPage\":{\"@id\":\"https:\\\/\\\/radioljubuski.ba\\\/index.php\\\/2022\\\/06\\\/22\\\/borenovic-ukidanje-trosarina-na-gorivo-i-smanjenje-cijena-zaustavio-je-iskljucivo-snsd\\\/\"},\"wordCount\":319,\"publisher\":{\"@id\":\"https:\\\/\\\/radioljubuski.ba\\\/#organization\"},\"image\":{\"@id\":\"https:\\\/\\\/radioljubuski.ba\\\/index.php\\\/2022\\\/06\\\/22\\\/borenovic-ukidanje-trosarina-na-gorivo-i-smanjenje-cijena-zaustavio-je-iskljucivo-snsd\\\/#primaryimage\"},\"thumbnailUrl\":\"https:\\\/\\\/radioljubuski.ba\\\/wp-content\\\/uploads\\\/2022\\\/06\\\/6D4afHdr_dodik_borenovi.jpg\",\"articleSection\":[\"BIH i regija\"],\"inLanguage\":\"hr\"},{\"@type\":\"WebPage\",\"@id\":\"https:\\\/\\\/radioljubuski.ba\\\/index.php\\\/2022\\\/06\\\/22\\\/borenovic-ukidanje-trosarina-na-gorivo-i-smanjenje-cijena-zaustavio-je-iskljucivo-snsd\\\/\",\"url\":\"https:\\\/\\\/radioljubuski.ba\\\/index.php\\\/2022\\\/06\\\/22\\\/borenovic-ukidanje-trosarina-na-gorivo-i-smanjenje-cijena-zaustavio-je-iskljucivo-snsd\\\/\",\"name\":\"Borenovi\u0107: Ukidanje tro\u0161arina na gorivo i smanjenje cijena zaustavio je isklju\u010divo SNSD - RADIO LJUBU\u0160KI\",\"isPartOf\":{\"@id\":\"https:\\\/\\\/radioljubuski.ba\\\/#website\"},\"primaryImageOfPage\":{\"@id\":\"https:\\\/\\\/radioljubuski.ba\\\/index.php\\\/2022\\\/06\\\/22\\\/borenovic-ukidanje-trosarina-na-gorivo-i-smanjenje-cijena-zaustavio-je-iskljucivo-snsd\\\/#primaryimage\"},\"image\":{\"@id\":\"https:\\\/\\\/radioljubuski.ba\\\/index.php\\\/2022\\\/06\\\/22\\\/borenovic-ukidanje-trosarina-na-gorivo-i-smanjenje-cijena-zaustavio-je-iskljucivo-snsd\\\/#primaryimage\"},\"thumbnailUrl\":\"https:\\\/\\\/radioljubuski.ba\\\/wp-content\\\/uploads\\\/2022\\\/06\\\/6D4afHdr_dodik_borenovi.jpg\",\"datePublished\":\"2022-06-22T15:34:51+00:00\",\"dateModified\":\"2022-06-22T15:34:52+00:00\",\"breadcrumb\":{\"@id\":\"https:\\\/\\\/radioljubuski.ba\\\/index.php\\\/2022\\\/06\\\/22\\\/borenovic-ukidanje-trosarina-na-gorivo-i-smanjenje-cijena-zaustavio-je-iskljucivo-snsd\\\/#breadcrumb\"},\"inLanguage\":\"hr\",\"potentialAction\":[{\"@type\":\"ReadAction\",\"target\":[\"https:\\\/\\\/radioljubuski.ba\\\/index.php\\\/2022\\\/06\\\/22\\\/borenovic-ukidanje-trosarina-na-gorivo-i-smanjenje-cijena-zaustavio-je-iskljucivo-snsd\\\/\"]}]},{\"@type\":\"ImageObject\",\"inLanguage\":\"hr\",\"@id\":\"https:\\\/\\\/radioljubuski.ba\\\/index.php\\\/2022\\\/06\\\/22\\\/borenovic-ukidanje-trosarina-na-gorivo-i-smanjenje-cijena-zaustavio-je-iskljucivo-snsd\\\/#primaryimage\",\"url\":\"https:\\\/\\\/radioljubuski.ba\\\/wp-content\\\/uploads\\\/2022\\\/06\\\/6D4afHdr_dodik_borenovi.jpg\",\"contentUrl\":\"https:\\\/\\\/radioljubuski.ba\\\/wp-content\\\/uploads\\\/2022\\\/06\\\/6D4afHdr_dodik_borenovi.jpg\",\"width\":1000,\"height\":625},{\"@type\":\"BreadcrumbList\",\"@id\":\"https:\\\/\\\/radioljubuski.ba\\\/index.php\\\/2022\\\/06\\\/22\\\/borenovic-ukidanje-trosarina-na-gorivo-i-smanjenje-cijena-zaustavio-je-iskljucivo-snsd\\\/#breadcrumb\",\"itemListElement\":[{\"@type\":\"ListItem\",\"position\":1,\"name\":\"Po\u010detna stranica\",\"item\":\"https:\\\/\\\/radioljubuski.ba\\\/\"},{\"@type\":\"ListItem\",\"position\":2,\"name\":\"Borenovi\u0107: Ukidanje tro\u0161arina na gorivo i smanjenje cijena zaustavio je isklju\u010divo SNSD\"}]},{\"@type\":\"WebSite\",\"@id\":\"https:\\\/\\\/radioljubuski.ba\\\/#website\",\"url\":\"https:\\\/\\\/radioljubuski.ba\\\/\",\"name\":\"Radio Ljubu\u0161ki\",\"description\":\"Sun\u010dana frekvencija Hercegovine\",\"publisher\":{\"@id\":\"https:\\\/\\\/radioljubuski.ba\\\/#organization\"},\"potentialAction\":[{\"@type\":\"SearchAction\",\"target\":{\"@type\":\"EntryPoint\",\"urlTemplate\":\"https:\\\/\\\/radioljubuski.ba\\\/?s={search_term_string}\"},\"query-input\":{\"@type\":\"PropertyValueSpecification\",\"valueRequired\":true,\"valueName\":\"search_term_string\"}}],\"inLanguage\":\"hr\"},{\"@type\":\"Organization\",\"@id\":\"https:\\\/\\\/radioljubuski.ba\\\/#organization\",\"name\":\"Radio Ljubu\u0161ki\",\"url\":\"https:\\\/\\\/radioljubuski.ba\\\/\",\"logo\":{\"@type\":\"ImageObject\",\"inLanguage\":\"hr\",\"@id\":\"https:\\\/\\\/radioljubuski.ba\\\/#\\\/schema\\\/logo\\\/image\\\/\",\"url\":\"https:\\\/\\\/radioljubuski.ba\\\/wp-content\\\/uploads\\\/2021\\\/02\\\/cropped-Radio_Ljubuski_logo1.jpg\",\"contentUrl\":\"https:\\\/\\\/radioljubuski.ba\\\/wp-content\\\/uploads\\\/2021\\\/02\\\/cropped-Radio_Ljubuski_logo1.jpg\",\"width\":512,\"height\":512,\"caption\":\"Radio Ljubu\u0161ki\"},\"image\":{\"@id\":\"https:\\\/\\\/radioljubuski.ba\\\/#\\\/schema\\\/logo\\\/image\\\/\"},\"sameAs\":[\"https:\\\/\\\/www.facebook.com\\\/Radiio-Ljubuski-1490835324566332\",\"https:\\\/\\\/x.com\\\/radioljubuski\",\"https:\\\/\\\/hr.linkedin.com\\\/company\\\/radio-ljubuski\",\"https:\\\/\\\/www.youtube.com\\\/channel\\\/UCHYaeO_n0Db3tjNGudGpXyw\"]},{\"@type\":\"Person\",\"@id\":\"https:\\\/\\\/radioljubuski.ba\\\/#\\\/schema\\\/person\\\/19fc700381a780f69665d7956c469e3b\",\"name\":\"Radio Ljubu\u0161ki\"}]}<\/script>\n<!-- \/ Yoast SEO plugin. -->","yoast_head_json":{"title":"Borenovi\u0107: Ukidanje tro\u0161arina na gorivo i smanjenje cijena zaustavio je isklju\u010divo SNSD - RADIO LJUBU\u0160KI","robots":{"index":"index","follow":"follow","max-snippet":"max-snippet:-1","max-image-preview":"max-image-preview:large","max-video-preview":"max-video-preview:-1"},"canonical":"https:\/\/radioljubuski.ba\/index.php\/2022\/06\/22\/borenovic-ukidanje-trosarina-na-gorivo-i-smanjenje-cijena-zaustavio-je-iskljucivo-snsd\/","og_locale":"hr_HR","og_type":"article","og_title":"Borenovi\u0107: Ukidanje tro\u0161arina na gorivo i smanjenje cijena zaustavio je isklju\u010divo SNSD - RADIO LJUBU\u0160KI","og_description":"&#8211; Izjava predsjednika Vlade RS, Radovana Vi\u0161kovi\u0107a, da \u0107e akcize na gorivo biti ukinute do 1. travnja, sarkasti\u010dno je ozna\u0107ena kao prvotravnjska \u0161ala. Me\u0111utim, najnovija izjava da bi akcize na gorivo bile ukinute da se oni pitaju i samostalno donose odluke, uop\u0107e nije smije\u0161na, nego je za ozbiljno razmatranje tko nam godinama vodi izvr\u0161nu vlast, [&hellip;]","og_url":"https:\/\/radioljubuski.ba\/index.php\/2022\/06\/22\/borenovic-ukidanje-trosarina-na-gorivo-i-smanjenje-cijena-zaustavio-je-iskljucivo-snsd\/","og_site_name":"RADIO LJUBU\u0160KI","article_publisher":"https:\/\/www.facebook.com\/Radiio-Ljubuski-1490835324566332","article_published_time":"2022-06-22T15:34:51+00:00","article_modified_time":"2022-06-22T15:34:52+00:00","og_image":[{"width":1000,"height":625,"url":"https:\/\/radioljubuski.ba\/wp-content\/uploads\/2022\/06\/6D4afHdr_dodik_borenovi.jpg","type":"image\/jpeg"}],"author":"Radio Ljubu\u0161ki","twitter_card":"summary_large_image","twitter_creator":"@radioljubuski","twitter_site":"@radioljubuski","twitter_misc":{"Napisao\/la":"Radio Ljubu\u0161ki","Procijenjeno vrijeme \u010ditanja":"2 minute"},"schema":{"@context":"https:\/\/schema.org","@graph":[{"@type":"Article","@id":"https:\/\/radioljubuski.ba\/index.php\/2022\/06\/22\/borenovic-ukidanje-trosarina-na-gorivo-i-smanjenje-cijena-zaustavio-je-iskljucivo-snsd\/#article","isPartOf":{"@id":"https:\/\/radioljubuski.ba\/index.php\/2022\/06\/22\/borenovic-ukidanje-trosarina-na-gorivo-i-smanjenje-cijena-zaustavio-je-iskljucivo-snsd\/"},"author":{"name":"Radio Ljubu\u0161ki","@id":"https:\/\/radioljubuski.ba\/#\/schema\/person\/19fc700381a780f69665d7956c469e3b"},"headline":"Borenovi\u0107: Ukidanje tro\u0161arina na gorivo i smanjenje cijena zaustavio je isklju\u010divo SNSD","datePublished":"2022-06-22T15:34:51+00:00","dateModified":"2022-06-22T15:34:52+00:00","mainEntityOfPage":{"@id":"https:\/\/radioljubuski.ba\/index.php\/2022\/06\/22\/borenovic-ukidanje-trosarina-na-gorivo-i-smanjenje-cijena-zaustavio-je-iskljucivo-snsd\/"},"wordCount":319,"publisher":{"@id":"https:\/\/radioljubuski.ba\/#organization"},"image":{"@id":"https:\/\/radioljubuski.ba\/index.php\/2022\/06\/22\/borenovic-ukidanje-trosarina-na-gorivo-i-smanjenje-cijena-zaustavio-je-iskljucivo-snsd\/#primaryimage"},"thumbnailUrl":"https:\/\/radioljubuski.ba\/wp-content\/uploads\/2022\/06\/6D4afHdr_dodik_borenovi.jpg","articleSection":["BIH i regija"],"inLanguage":"hr"},{"@type":"WebPage","@id":"https:\/\/radioljubuski.ba\/index.php\/2022\/06\/22\/borenovic-ukidanje-trosarina-na-gorivo-i-smanjenje-cijena-zaustavio-je-iskljucivo-snsd\/","url":"https:\/\/radioljubuski.ba\/index.php\/2022\/06\/22\/borenovic-ukidanje-trosarina-na-gorivo-i-smanjenje-cijena-zaustavio-je-iskljucivo-snsd\/","name":"Borenovi\u0107: Ukidanje tro\u0161arina na gorivo i smanjenje cijena zaustavio je isklju\u010divo SNSD - RADIO LJUBU\u0160KI","isPartOf":{"@id":"https:\/\/radioljubuski.ba\/#website"},"primaryImageOfPage":{"@id":"https:\/\/radioljubuski.ba\/index.php\/2022\/06\/22\/borenovic-ukidanje-trosarina-na-gorivo-i-smanjenje-cijena-zaustavio-je-iskljucivo-snsd\/#primaryimage"},"image":{"@id":"https:\/\/radioljubuski.ba\/index.php\/2022\/06\/22\/borenovic-ukidanje-trosarina-na-gorivo-i-smanjenje-cijena-zaustavio-je-iskljucivo-snsd\/#primaryimage"},"thumbnailUrl":"https:\/\/radioljubuski.ba\/wp-content\/uploads\/2022\/06\/6D4afHdr_dodik_borenovi.jpg","datePublished":"2022-06-22T15:34:51+00:00","dateModified":"2022-06-22T15:34:52+00:00","breadcrumb":{"@id":"https:\/\/radioljubuski.ba\/index.php\/2022\/06\/22\/borenovic-ukidanje-trosarina-na-gorivo-i-smanjenje-cijena-zaustavio-je-iskljucivo-snsd\/#breadcrumb"},"inLanguage":"hr","potentialAction":[{"@type":"ReadAction","target":["https:\/\/radioljubuski.ba\/index.php\/2022\/06\/22\/borenovic-ukidanje-trosarina-na-gorivo-i-smanjenje-cijena-zaustavio-je-iskljucivo-snsd\/"]}]},{"@type":"ImageObject","inLanguage":"hr","@id":"https:\/\/radioljubuski.ba\/index.php\/2022\/06\/22\/borenovic-ukidanje-trosarina-na-gorivo-i-smanjenje-cijena-zaustavio-je-iskljucivo-snsd\/#primaryimage","url":"https:\/\/radioljubuski.ba\/wp-content\/uploads\/2022\/06\/6D4afHdr_dodik_borenovi.jpg","contentUrl":"https:\/\/radioljubuski.ba\/wp-content\/uploads\/2022\/06\/6D4afHdr_dodik_borenovi.jpg","width":1000,"height":625},{"@type":"BreadcrumbList","@id":"https:\/\/radioljubuski.ba\/index.php\/2022\/06\/22\/borenovic-ukidanje-trosarina-na-gorivo-i-smanjenje-cijena-zaustavio-je-iskljucivo-snsd\/#breadcrumb","itemListElement":[{"@type":"ListItem","position":1,"name":"Po\u010detna stranica","item":"https:\/\/radioljubuski.ba\/"},{"@type":"ListItem","position":2,"name":"Borenovi\u0107: Ukidanje tro\u0161arina na gorivo i smanjenje cijena zaustavio je isklju\u010divo SNSD"}]},{"@type":"WebSite","@id":"https:\/\/radioljubuski.ba\/#website","url":"https:\/\/radioljubuski.ba\/","name":"Radio Ljubu\u0161ki","description":"Sun\u010dana frekvencija Hercegovine","publisher":{"@id":"https:\/\/radioljubuski.ba\/#organization"},"potentialAction":[{"@type":"SearchAction","target":{"@type":"EntryPoint","urlTemplate":"https:\/\/radioljubuski.ba\/?s={search_term_string}"},"query-input":{"@type":"PropertyValueSpecification","valueRequired":true,"valueName":"search_term_string"}}],"inLanguage":"hr"},{"@type":"Organization","@id":"https:\/\/radioljubuski.ba\/#organization","name":"Radio Ljubu\u0161ki","url":"https:\/\/radioljubuski.ba\/","logo":{"@type":"ImageObject","inLanguage":"hr","@id":"https:\/\/radioljubuski.ba\/#\/schema\/logo\/image\/","url":"https:\/\/radioljubuski.ba\/wp-content\/uploads\/2021\/02\/cropped-Radio_Ljubuski_logo1.jpg","contentUrl":"https:\/\/radioljubuski.ba\/wp-content\/uploads\/2021\/02\/cropped-Radio_Ljubuski_logo1.jpg","width":512,"height":512,"caption":"Radio Ljubu\u0161ki"},"image":{"@id":"https:\/\/radioljubuski.ba\/#\/schema\/logo\/image\/"},"sameAs":["https:\/\/www.facebook.com\/Radiio-Ljubuski-1490835324566332","https:\/\/x.com\/radioljubuski","https:\/\/hr.linkedin.com\/company\/radio-ljubuski","https:\/\/www.youtube.com\/channel\/UCHYaeO_n0Db3tjNGudGpXyw"]},{"@type":"Person","@id":"https:\/\/radioljubuski.ba\/#\/schema\/person\/19fc700381a780f69665d7956c469e3b","name":"Radio Ljubu\u0161ki"}]}},"_links":{"self":[{"href":"https:\/\/radioljubuski.ba\/index.php\/wp-json\/wp\/v2\/posts\/152233","targetHints":{"allow":["GET"]}}],"collection":[{"href":"https:\/\/radioljubuski.ba\/index.php\/wp-json\/wp\/v2\/posts"}],"about":[{"href":"https:\/\/radioljubuski.ba\/index.php\/wp-json\/wp\/v2\/types\/post"}],"author":[{"embeddable":true,"href":"https:\/\/radioljubuski.ba\/index.php\/wp-json\/wp\/v2\/users\/2"}],"replies":[{"embeddable":true,"href":"https:\/\/radioljubuski.ba\/index.php\/wp-json\/wp\/v2\/comments?post=152233"}],"version-history":[{"count":1,"href":"https:\/\/radioljubuski.ba\/index.php\/wp-json\/wp\/v2\/posts\/152233\/revisions"}],"predecessor-version":[{"id":152235,"href":"https:\/\/radioljubuski.ba\/index.php\/wp-json\/wp\/v2\/posts\/152233\/revisions\/152235"}],"wp:featuredmedia":[{"embeddable":true,"href":"https:\/\/radioljubuski.ba\/index.php\/wp-json\/wp\/v2\/media\/152234"}],"wp:attachment":[{"href":"https:\/\/radioljubuski.ba\/index.php\/wp-json\/wp\/v2\/media?parent=152233"}],"wp:term":[{"taxonomy":"category","embeddable":true,"href":"https:\/\/radioljubuski.ba\/index.php\/wp-json\/wp\/v2\/categories?post=152233"},{"taxonomy":"post_tag","embeddable":true,"href":"https:\/\/radioljubuski.ba\/index.php\/wp-json\/wp\/v2\/tags?post=152233"}],"curies":[{"name":"wp","href":"https:\/\/api.w.org\/{rel}","templated":true}]}}