{"id":152253,"date":"2022-06-22T16:43:40","date_gmt":"2022-06-22T15:43:40","guid":{"rendered":"https:\/\/radioljubuski.ba\/?p=152253"},"modified":"2022-06-22T16:43:41","modified_gmt":"2022-06-22T15:43:41","slug":"otvoreni-dani-tresnje-bih-i-crna-gora-imaju-potencijal-biti-lideri-poljoprivredne-proizvodnje-video","status":"publish","type":"post","link":"https:\/\/radioljubuski.ba\/index.php\/2022\/06\/22\/otvoreni-dani-tresnje-bih-i-crna-gora-imaju-potencijal-biti-lideri-poljoprivredne-proizvodnje-video\/","title":{"rendered":"Otvoreni &#8216;Dani tre\u0161nje&#8217;: BiH i Crna Gora imaju potencijal biti lideri poljoprivredne proizvodnje &#8211; video"},"content":{"rendered":"\n<p>Jubilarno 20. izdanje Sajma gospodarstva, poljoprivrede i turizma &#8220;Dani tre\u0161nje&#8221;, na kojemu svoje proizvode prezentira oko 300 izlaga\u010da iz Bosne i Hercegovine i regije, otvoreno je u srijedu u Mostaru.<\/p>\n\n\n\n<p>Direktor Sajma Salem Bubalo istaknuo je kako se preko ovakvih manifestacija ponovno uspostavljaju pokidane veze koje su za lokalne proizvo\u0111a\u010de zna\u010dile \u017eivot.<\/p>\n\n\n\n<p>-Te veze na ovim prostorima uspostavljale su se u oblasti gospodarstva, poljoprivrede, turisti\u010dkih proizvoda. Me\u0111u ostalim, danas ovdje imamo i partnere iz Vlade Crne Gore koji \u0107e preko velikog broja svojih izlaga\u010da svoju zemlju predstaviti ovdje u Mostaru na &#8220;Danima tre\u0161nje&#8221; &#8211; kazao je Bubalo.<\/p>\n\n\n\n<p>Istaknuo je kako Sajam kroz sva tri dana nudi bogat i raznovrstan sadr\u017eaj.<\/p>\n\n\n\n<p>-Sajam je prepun i kroz sljede\u0107a tri dana svi \u0107e imati priliku na\u0107i ne\u0161to za sebe. Bit \u0107e raznih prezentacija iz podru\u010dja gospodarstva, poljoprivrede, prehrambenih i turisti\u010dkih proizvoda, a posebnu va\u017enost dajemo potpisivanju dva sporazuma o suradnji i prijateljstvu, i to izme\u0111u Obrtni\u010dke komora BiH i Obrtni\u010dke komore Republike Sjeverne Makedonije, te izme\u0111u dje\u010djih vrti\u0107a iz Mostara i Skoplja &#8211; navodi Bubalo.<\/p>\n\n\n\n<p>Pomo\u0107nik ministra poljoprivrede u Vladi Crne Gore Miroslav Cimbaljevi\u0107 kazao je kako su poljoprivredni proizvo\u0111a\u010di iz te zemlje prvi put u prilici sudjelovati na &#8220;Danima tre\u0161nje&#8221;.<\/p>\n\n\n\n<iframe loading=\"lazy\" title=\"Otvoreni &#039;Dani tre\u0161nje&#039;: BiH i Crna Gora imaju potencijal biti lideri poljoprivredne proizvodnje\" width=\"640\" height=\"360\" src=\"https:\/\/www.youtube.com\/embed\/E8H6zhy9iJM?feature=oembed\" frameborder=\"0\" allow=\"accelerometer; autoplay; clipboard-write; encrypted-media; gyroscope; picture-in-picture; web-share\" referrerpolicy=\"strict-origin-when-cross-origin\" allowfullscreen><\/iframe>\n\n\n\n<p>-Veliko mi je zadovoljstvo \u0161to Crna Gora na ovako ozbiljnom sajmu mo\u017ee pokazati svoju ponudu, razviti partnerski i prijateljski odnos s proizvo\u0111a\u010dima iz regije, ali i u\u010dvrstiti te neke veze koje su pokidane u prethodnom periodu. Razmjenom iskustava dobre poljoprivredne prakse mo\u017eemo razvijati sinergijsko djelovanje s ciljem da na\u0161a poljoprivredna proizvodnja bude uzdignuta na vi\u0161u razinu i da stremimo toj proizvodnji kakva je i u zemljama Europske unije &#8211; naglasio je Cimbaljevi\u0107.<\/p>\n\n\n\n<p>Istaknuo je kako i Bosna i Hercegovina i Crna Gora imaju ogroman potencijal kada je u pitanju poljoprivredna proizvodnja.<\/p>\n\n\n\n<p>-Jedan pozitivan efekt krize koja nas je pratila u proteklom periodu je to \u0161to se i svijest poljoprivrednih proizvo\u0111a\u010da podigla na vi\u0161u razinu. Oni su shvatili da proizvodnja hrane mora biti primarna djelatnost, a ako na\u0161a svijest ne bude na toj razini, vrlo brzo \u0107emo biti u velikom problemu. Jako bitno je da radimo na edukaciji poljoprivrednih proizvo\u0111a\u010da kako bi oni sami bili uspje\u0161ni, ali i da produktivnost njihove proizvodnje bude na vrlo visokoj razini. BiH i Crna Gora mogu biti lideri kada je cjelokupna poljoprivredna proizvodnja u pitanju &#8211; kazao je Cimbaljevi\u0107.<\/p>\n\n\n\n<p>Drugog dana Sajma planirana su znanstvena predavanja, kao i dodjela nagrada i priznanja kako ustanovama tako i pojedincima &#8211; Zlatna tre\u0161nja s medaljom, a sve \u0107e biti popra\u0107eno kulturno zabavnim programom.<\/p>\n\n\n\n<p>Sve\u010danoj ceremoniji otvaranja nazo\u010dio je veliki broj du\u017enosnika zakonodavne i izvr\u0161ne vlasti, kao i predstavnika kulturnog i sportskog \u017eivota, a moto ovogodi\u0161njeg Sajma gospodarstva, poljoprivrede i turizma &#8220;Dani tre\u0161nje 2022&#8221; je promocija suvenira i rukotvorina, kao i za\u0161tita starih zanata.<\/p>\n\n\n\n<p>Izvor:pogled.ba<\/p>\n","protected":false},"excerpt":{"rendered":"<p>Jubilarno 20. izdanje Sajma gospodarstva, poljoprivrede i turizma &#8220;Dani tre\u0161nje&#8221;, na kojemu svoje proizvode prezentira oko 300 izlaga\u010da iz Bosne i Hercegovine i regije, otvoreno je u srijedu u Mostaru. Direktor Sajma Salem Bubalo istaknuo je kako se preko ovakvih manifestacija ponovno uspostavljaju pokidane veze koje su za lokalne proizvo\u0111a\u010de zna\u010dile \u017eivot. -Te veze na [&hellip;]<\/p>\n","protected":false},"author":2,"featured_media":152254,"comment_status":"closed","ping_status":"closed","sticky":false,"template":"","format":"standard","meta":{"h5ap_radio_sources":[],"footnotes":""},"categories":[1],"tags":[],"class_list":["post-152253","post","type-post","status-publish","format-standard","has-post-thumbnail","hentry","category-bihiregija"],"yoast_head":"<!-- This site is optimized with the Yoast SEO plugin v27.4 - https:\/\/yoast.com\/product\/yoast-seo-wordpress\/ -->\n<title>Otvoreni &#039;Dani tre\u0161nje&#039;: BiH i Crna Gora imaju potencijal biti lideri poljoprivredne proizvodnje - video - RADIO LJUBU\u0160KI<\/title>\n<meta name=\"robots\" content=\"index, follow, max-snippet:-1, max-image-preview:large, max-video-preview:-1\" \/>\n<link rel=\"canonical\" href=\"https:\/\/radioljubuski.ba\/index.php\/2022\/06\/22\/otvoreni-dani-tresnje-bih-i-crna-gora-imaju-potencijal-biti-lideri-poljoprivredne-proizvodnje-video\/\" \/>\n<meta property=\"og:locale\" content=\"hr_HR\" \/>\n<meta property=\"og:type\" content=\"article\" \/>\n<meta property=\"og:title\" content=\"Otvoreni &#039;Dani tre\u0161nje&#039;: BiH i Crna Gora imaju potencijal biti lideri poljoprivredne proizvodnje - video - RADIO LJUBU\u0160KI\" \/>\n<meta property=\"og:description\" content=\"Jubilarno 20. izdanje Sajma gospodarstva, poljoprivrede i turizma &#8220;Dani tre\u0161nje&#8221;, na kojemu svoje proizvode prezentira oko 300 izlaga\u010da iz Bosne i Hercegovine i regije, otvoreno je u srijedu u Mostaru. Direktor Sajma Salem Bubalo istaknuo je kako se preko ovakvih manifestacija ponovno uspostavljaju pokidane veze koje su za lokalne proizvo\u0111a\u010de zna\u010dile \u017eivot. -Te veze na [&hellip;]\" \/>\n<meta property=\"og:url\" content=\"https:\/\/radioljubuski.ba\/index.php\/2022\/06\/22\/otvoreni-dani-tresnje-bih-i-crna-gora-imaju-potencijal-biti-lideri-poljoprivredne-proizvodnje-video\/\" \/>\n<meta property=\"og:site_name\" content=\"RADIO LJUBU\u0160KI\" \/>\n<meta property=\"article:publisher\" content=\"https:\/\/www.facebook.com\/Radiio-Ljubuski-1490835324566332\" \/>\n<meta property=\"article:published_time\" content=\"2022-06-22T15:43:40+00:00\" \/>\n<meta property=\"article:modified_time\" content=\"2022-06-22T15:43:41+00:00\" \/>\n<meta property=\"og:image\" content=\"https:\/\/radioljubuski.ba\/wp-content\/uploads\/2022\/06\/2-2022-06-22-13-56-59-sajam.jpg\" \/>\n\t<meta property=\"og:image:width\" content=\"1000\" \/>\n\t<meta property=\"og:image:height\" content=\"625\" \/>\n\t<meta property=\"og:image:type\" content=\"image\/jpeg\" \/>\n<meta name=\"author\" content=\"Radio Ljubu\u0161ki\" \/>\n<meta name=\"twitter:card\" content=\"summary_large_image\" \/>\n<meta name=\"twitter:creator\" content=\"@radioljubuski\" \/>\n<meta name=\"twitter:site\" content=\"@radioljubuski\" \/>\n<meta name=\"twitter:label1\" content=\"Napisao\/la\" \/>\n\t<meta name=\"twitter:data1\" content=\"Radio Ljubu\u0161ki\" \/>\n\t<meta name=\"twitter:label2\" content=\"Procijenjeno vrijeme \u010ditanja\" \/>\n\t<meta name=\"twitter:data2\" content=\"2 minute\" \/>\n<script type=\"application\/ld+json\" class=\"yoast-schema-graph\">{\"@context\":\"https:\\\/\\\/schema.org\",\"@graph\":[{\"@type\":\"Article\",\"@id\":\"https:\\\/\\\/radioljubuski.ba\\\/index.php\\\/2022\\\/06\\\/22\\\/otvoreni-dani-tresnje-bih-i-crna-gora-imaju-potencijal-biti-lideri-poljoprivredne-proizvodnje-video\\\/#article\",\"isPartOf\":{\"@id\":\"https:\\\/\\\/radioljubuski.ba\\\/index.php\\\/2022\\\/06\\\/22\\\/otvoreni-dani-tresnje-bih-i-crna-gora-imaju-potencijal-biti-lideri-poljoprivredne-proizvodnje-video\\\/\"},\"author\":{\"name\":\"Radio Ljubu\u0161ki\",\"@id\":\"https:\\\/\\\/radioljubuski.ba\\\/#\\\/schema\\\/person\\\/19fc700381a780f69665d7956c469e3b\"},\"headline\":\"Otvoreni &#8216;Dani tre\u0161nje&#8217;: BiH i Crna Gora imaju potencijal biti lideri poljoprivredne proizvodnje &#8211; video\",\"datePublished\":\"2022-06-22T15:43:40+00:00\",\"dateModified\":\"2022-06-22T15:43:41+00:00\",\"mainEntityOfPage\":{\"@id\":\"https:\\\/\\\/radioljubuski.ba\\\/index.php\\\/2022\\\/06\\\/22\\\/otvoreni-dani-tresnje-bih-i-crna-gora-imaju-potencijal-biti-lideri-poljoprivredne-proizvodnje-video\\\/\"},\"wordCount\":528,\"publisher\":{\"@id\":\"https:\\\/\\\/radioljubuski.ba\\\/#organization\"},\"image\":{\"@id\":\"https:\\\/\\\/radioljubuski.ba\\\/index.php\\\/2022\\\/06\\\/22\\\/otvoreni-dani-tresnje-bih-i-crna-gora-imaju-potencijal-biti-lideri-poljoprivredne-proizvodnje-video\\\/#primaryimage\"},\"thumbnailUrl\":\"https:\\\/\\\/radioljubuski.ba\\\/wp-content\\\/uploads\\\/2022\\\/06\\\/2-2022-06-22-13-56-59-sajam.jpg\",\"articleSection\":[\"BIH i regija\"],\"inLanguage\":\"hr\"},{\"@type\":\"WebPage\",\"@id\":\"https:\\\/\\\/radioljubuski.ba\\\/index.php\\\/2022\\\/06\\\/22\\\/otvoreni-dani-tresnje-bih-i-crna-gora-imaju-potencijal-biti-lideri-poljoprivredne-proizvodnje-video\\\/\",\"url\":\"https:\\\/\\\/radioljubuski.ba\\\/index.php\\\/2022\\\/06\\\/22\\\/otvoreni-dani-tresnje-bih-i-crna-gora-imaju-potencijal-biti-lideri-poljoprivredne-proizvodnje-video\\\/\",\"name\":\"Otvoreni 'Dani tre\u0161nje': BiH i Crna Gora imaju potencijal biti lideri poljoprivredne proizvodnje - video - RADIO LJUBU\u0160KI\",\"isPartOf\":{\"@id\":\"https:\\\/\\\/radioljubuski.ba\\\/#website\"},\"primaryImageOfPage\":{\"@id\":\"https:\\\/\\\/radioljubuski.ba\\\/index.php\\\/2022\\\/06\\\/22\\\/otvoreni-dani-tresnje-bih-i-crna-gora-imaju-potencijal-biti-lideri-poljoprivredne-proizvodnje-video\\\/#primaryimage\"},\"image\":{\"@id\":\"https:\\\/\\\/radioljubuski.ba\\\/index.php\\\/2022\\\/06\\\/22\\\/otvoreni-dani-tresnje-bih-i-crna-gora-imaju-potencijal-biti-lideri-poljoprivredne-proizvodnje-video\\\/#primaryimage\"},\"thumbnailUrl\":\"https:\\\/\\\/radioljubuski.ba\\\/wp-content\\\/uploads\\\/2022\\\/06\\\/2-2022-06-22-13-56-59-sajam.jpg\",\"datePublished\":\"2022-06-22T15:43:40+00:00\",\"dateModified\":\"2022-06-22T15:43:41+00:00\",\"breadcrumb\":{\"@id\":\"https:\\\/\\\/radioljubuski.ba\\\/index.php\\\/2022\\\/06\\\/22\\\/otvoreni-dani-tresnje-bih-i-crna-gora-imaju-potencijal-biti-lideri-poljoprivredne-proizvodnje-video\\\/#breadcrumb\"},\"inLanguage\":\"hr\",\"potentialAction\":[{\"@type\":\"ReadAction\",\"target\":[\"https:\\\/\\\/radioljubuski.ba\\\/index.php\\\/2022\\\/06\\\/22\\\/otvoreni-dani-tresnje-bih-i-crna-gora-imaju-potencijal-biti-lideri-poljoprivredne-proizvodnje-video\\\/\"]}]},{\"@type\":\"ImageObject\",\"inLanguage\":\"hr\",\"@id\":\"https:\\\/\\\/radioljubuski.ba\\\/index.php\\\/2022\\\/06\\\/22\\\/otvoreni-dani-tresnje-bih-i-crna-gora-imaju-potencijal-biti-lideri-poljoprivredne-proizvodnje-video\\\/#primaryimage\",\"url\":\"https:\\\/\\\/radioljubuski.ba\\\/wp-content\\\/uploads\\\/2022\\\/06\\\/2-2022-06-22-13-56-59-sajam.jpg\",\"contentUrl\":\"https:\\\/\\\/radioljubuski.ba\\\/wp-content\\\/uploads\\\/2022\\\/06\\\/2-2022-06-22-13-56-59-sajam.jpg\",\"width\":1000,\"height\":625},{\"@type\":\"BreadcrumbList\",\"@id\":\"https:\\\/\\\/radioljubuski.ba\\\/index.php\\\/2022\\\/06\\\/22\\\/otvoreni-dani-tresnje-bih-i-crna-gora-imaju-potencijal-biti-lideri-poljoprivredne-proizvodnje-video\\\/#breadcrumb\",\"itemListElement\":[{\"@type\":\"ListItem\",\"position\":1,\"name\":\"Po\u010detna stranica\",\"item\":\"https:\\\/\\\/radioljubuski.ba\\\/\"},{\"@type\":\"ListItem\",\"position\":2,\"name\":\"Otvoreni &#8216;Dani tre\u0161nje&#8217;: BiH i Crna Gora imaju potencijal biti lideri poljoprivredne proizvodnje &#8211; video\"}]},{\"@type\":\"WebSite\",\"@id\":\"https:\\\/\\\/radioljubuski.ba\\\/#website\",\"url\":\"https:\\\/\\\/radioljubuski.ba\\\/\",\"name\":\"Radio Ljubu\u0161ki\",\"description\":\"Sun\u010dana frekvencija Hercegovine\",\"publisher\":{\"@id\":\"https:\\\/\\\/radioljubuski.ba\\\/#organization\"},\"potentialAction\":[{\"@type\":\"SearchAction\",\"target\":{\"@type\":\"EntryPoint\",\"urlTemplate\":\"https:\\\/\\\/radioljubuski.ba\\\/?s={search_term_string}\"},\"query-input\":{\"@type\":\"PropertyValueSpecification\",\"valueRequired\":true,\"valueName\":\"search_term_string\"}}],\"inLanguage\":\"hr\"},{\"@type\":\"Organization\",\"@id\":\"https:\\\/\\\/radioljubuski.ba\\\/#organization\",\"name\":\"Radio Ljubu\u0161ki\",\"url\":\"https:\\\/\\\/radioljubuski.ba\\\/\",\"logo\":{\"@type\":\"ImageObject\",\"inLanguage\":\"hr\",\"@id\":\"https:\\\/\\\/radioljubuski.ba\\\/#\\\/schema\\\/logo\\\/image\\\/\",\"url\":\"https:\\\/\\\/radioljubuski.ba\\\/wp-content\\\/uploads\\\/2021\\\/02\\\/cropped-Radio_Ljubuski_logo1.jpg\",\"contentUrl\":\"https:\\\/\\\/radioljubuski.ba\\\/wp-content\\\/uploads\\\/2021\\\/02\\\/cropped-Radio_Ljubuski_logo1.jpg\",\"width\":512,\"height\":512,\"caption\":\"Radio Ljubu\u0161ki\"},\"image\":{\"@id\":\"https:\\\/\\\/radioljubuski.ba\\\/#\\\/schema\\\/logo\\\/image\\\/\"},\"sameAs\":[\"https:\\\/\\\/www.facebook.com\\\/Radiio-Ljubuski-1490835324566332\",\"https:\\\/\\\/x.com\\\/radioljubuski\",\"https:\\\/\\\/hr.linkedin.com\\\/company\\\/radio-ljubuski\",\"https:\\\/\\\/www.youtube.com\\\/channel\\\/UCHYaeO_n0Db3tjNGudGpXyw\"]},{\"@type\":\"Person\",\"@id\":\"https:\\\/\\\/radioljubuski.ba\\\/#\\\/schema\\\/person\\\/19fc700381a780f69665d7956c469e3b\",\"name\":\"Radio Ljubu\u0161ki\"}]}<\/script>\n<!-- \/ Yoast SEO plugin. -->","yoast_head_json":{"title":"Otvoreni 'Dani tre\u0161nje': BiH i Crna Gora imaju potencijal biti lideri poljoprivredne proizvodnje - video - RADIO LJUBU\u0160KI","robots":{"index":"index","follow":"follow","max-snippet":"max-snippet:-1","max-image-preview":"max-image-preview:large","max-video-preview":"max-video-preview:-1"},"canonical":"https:\/\/radioljubuski.ba\/index.php\/2022\/06\/22\/otvoreni-dani-tresnje-bih-i-crna-gora-imaju-potencijal-biti-lideri-poljoprivredne-proizvodnje-video\/","og_locale":"hr_HR","og_type":"article","og_title":"Otvoreni 'Dani tre\u0161nje': BiH i Crna Gora imaju potencijal biti lideri poljoprivredne proizvodnje - video - RADIO LJUBU\u0160KI","og_description":"Jubilarno 20. izdanje Sajma gospodarstva, poljoprivrede i turizma &#8220;Dani tre\u0161nje&#8221;, na kojemu svoje proizvode prezentira oko 300 izlaga\u010da iz Bosne i Hercegovine i regije, otvoreno je u srijedu u Mostaru. Direktor Sajma Salem Bubalo istaknuo je kako se preko ovakvih manifestacija ponovno uspostavljaju pokidane veze koje su za lokalne proizvo\u0111a\u010de zna\u010dile \u017eivot. -Te veze na [&hellip;]","og_url":"https:\/\/radioljubuski.ba\/index.php\/2022\/06\/22\/otvoreni-dani-tresnje-bih-i-crna-gora-imaju-potencijal-biti-lideri-poljoprivredne-proizvodnje-video\/","og_site_name":"RADIO LJUBU\u0160KI","article_publisher":"https:\/\/www.facebook.com\/Radiio-Ljubuski-1490835324566332","article_published_time":"2022-06-22T15:43:40+00:00","article_modified_time":"2022-06-22T15:43:41+00:00","og_image":[{"width":1000,"height":625,"url":"https:\/\/radioljubuski.ba\/wp-content\/uploads\/2022\/06\/2-2022-06-22-13-56-59-sajam.jpg","type":"image\/jpeg"}],"author":"Radio Ljubu\u0161ki","twitter_card":"summary_large_image","twitter_creator":"@radioljubuski","twitter_site":"@radioljubuski","twitter_misc":{"Napisao\/la":"Radio Ljubu\u0161ki","Procijenjeno vrijeme \u010ditanja":"2 minute"},"schema":{"@context":"https:\/\/schema.org","@graph":[{"@type":"Article","@id":"https:\/\/radioljubuski.ba\/index.php\/2022\/06\/22\/otvoreni-dani-tresnje-bih-i-crna-gora-imaju-potencijal-biti-lideri-poljoprivredne-proizvodnje-video\/#article","isPartOf":{"@id":"https:\/\/radioljubuski.ba\/index.php\/2022\/06\/22\/otvoreni-dani-tresnje-bih-i-crna-gora-imaju-potencijal-biti-lideri-poljoprivredne-proizvodnje-video\/"},"author":{"name":"Radio Ljubu\u0161ki","@id":"https:\/\/radioljubuski.ba\/#\/schema\/person\/19fc700381a780f69665d7956c469e3b"},"headline":"Otvoreni &#8216;Dani tre\u0161nje&#8217;: BiH i Crna Gora imaju potencijal biti lideri poljoprivredne proizvodnje &#8211; video","datePublished":"2022-06-22T15:43:40+00:00","dateModified":"2022-06-22T15:43:41+00:00","mainEntityOfPage":{"@id":"https:\/\/radioljubuski.ba\/index.php\/2022\/06\/22\/otvoreni-dani-tresnje-bih-i-crna-gora-imaju-potencijal-biti-lideri-poljoprivredne-proizvodnje-video\/"},"wordCount":528,"publisher":{"@id":"https:\/\/radioljubuski.ba\/#organization"},"image":{"@id":"https:\/\/radioljubuski.ba\/index.php\/2022\/06\/22\/otvoreni-dani-tresnje-bih-i-crna-gora-imaju-potencijal-biti-lideri-poljoprivredne-proizvodnje-video\/#primaryimage"},"thumbnailUrl":"https:\/\/radioljubuski.ba\/wp-content\/uploads\/2022\/06\/2-2022-06-22-13-56-59-sajam.jpg","articleSection":["BIH i regija"],"inLanguage":"hr"},{"@type":"WebPage","@id":"https:\/\/radioljubuski.ba\/index.php\/2022\/06\/22\/otvoreni-dani-tresnje-bih-i-crna-gora-imaju-potencijal-biti-lideri-poljoprivredne-proizvodnje-video\/","url":"https:\/\/radioljubuski.ba\/index.php\/2022\/06\/22\/otvoreni-dani-tresnje-bih-i-crna-gora-imaju-potencijal-biti-lideri-poljoprivredne-proizvodnje-video\/","name":"Otvoreni 'Dani tre\u0161nje': BiH i Crna Gora imaju potencijal biti lideri poljoprivredne proizvodnje - video - RADIO LJUBU\u0160KI","isPartOf":{"@id":"https:\/\/radioljubuski.ba\/#website"},"primaryImageOfPage":{"@id":"https:\/\/radioljubuski.ba\/index.php\/2022\/06\/22\/otvoreni-dani-tresnje-bih-i-crna-gora-imaju-potencijal-biti-lideri-poljoprivredne-proizvodnje-video\/#primaryimage"},"image":{"@id":"https:\/\/radioljubuski.ba\/index.php\/2022\/06\/22\/otvoreni-dani-tresnje-bih-i-crna-gora-imaju-potencijal-biti-lideri-poljoprivredne-proizvodnje-video\/#primaryimage"},"thumbnailUrl":"https:\/\/radioljubuski.ba\/wp-content\/uploads\/2022\/06\/2-2022-06-22-13-56-59-sajam.jpg","datePublished":"2022-06-22T15:43:40+00:00","dateModified":"2022-06-22T15:43:41+00:00","breadcrumb":{"@id":"https:\/\/radioljubuski.ba\/index.php\/2022\/06\/22\/otvoreni-dani-tresnje-bih-i-crna-gora-imaju-potencijal-biti-lideri-poljoprivredne-proizvodnje-video\/#breadcrumb"},"inLanguage":"hr","potentialAction":[{"@type":"ReadAction","target":["https:\/\/radioljubuski.ba\/index.php\/2022\/06\/22\/otvoreni-dani-tresnje-bih-i-crna-gora-imaju-potencijal-biti-lideri-poljoprivredne-proizvodnje-video\/"]}]},{"@type":"ImageObject","inLanguage":"hr","@id":"https:\/\/radioljubuski.ba\/index.php\/2022\/06\/22\/otvoreni-dani-tresnje-bih-i-crna-gora-imaju-potencijal-biti-lideri-poljoprivredne-proizvodnje-video\/#primaryimage","url":"https:\/\/radioljubuski.ba\/wp-content\/uploads\/2022\/06\/2-2022-06-22-13-56-59-sajam.jpg","contentUrl":"https:\/\/radioljubuski.ba\/wp-content\/uploads\/2022\/06\/2-2022-06-22-13-56-59-sajam.jpg","width":1000,"height":625},{"@type":"BreadcrumbList","@id":"https:\/\/radioljubuski.ba\/index.php\/2022\/06\/22\/otvoreni-dani-tresnje-bih-i-crna-gora-imaju-potencijal-biti-lideri-poljoprivredne-proizvodnje-video\/#breadcrumb","itemListElement":[{"@type":"ListItem","position":1,"name":"Po\u010detna stranica","item":"https:\/\/radioljubuski.ba\/"},{"@type":"ListItem","position":2,"name":"Otvoreni &#8216;Dani tre\u0161nje&#8217;: BiH i Crna Gora imaju potencijal biti lideri poljoprivredne proizvodnje &#8211; video"}]},{"@type":"WebSite","@id":"https:\/\/radioljubuski.ba\/#website","url":"https:\/\/radioljubuski.ba\/","name":"Radio Ljubu\u0161ki","description":"Sun\u010dana frekvencija Hercegovine","publisher":{"@id":"https:\/\/radioljubuski.ba\/#organization"},"potentialAction":[{"@type":"SearchAction","target":{"@type":"EntryPoint","urlTemplate":"https:\/\/radioljubuski.ba\/?s={search_term_string}"},"query-input":{"@type":"PropertyValueSpecification","valueRequired":true,"valueName":"search_term_string"}}],"inLanguage":"hr"},{"@type":"Organization","@id":"https:\/\/radioljubuski.ba\/#organization","name":"Radio Ljubu\u0161ki","url":"https:\/\/radioljubuski.ba\/","logo":{"@type":"ImageObject","inLanguage":"hr","@id":"https:\/\/radioljubuski.ba\/#\/schema\/logo\/image\/","url":"https:\/\/radioljubuski.ba\/wp-content\/uploads\/2021\/02\/cropped-Radio_Ljubuski_logo1.jpg","contentUrl":"https:\/\/radioljubuski.ba\/wp-content\/uploads\/2021\/02\/cropped-Radio_Ljubuski_logo1.jpg","width":512,"height":512,"caption":"Radio Ljubu\u0161ki"},"image":{"@id":"https:\/\/radioljubuski.ba\/#\/schema\/logo\/image\/"},"sameAs":["https:\/\/www.facebook.com\/Radiio-Ljubuski-1490835324566332","https:\/\/x.com\/radioljubuski","https:\/\/hr.linkedin.com\/company\/radio-ljubuski","https:\/\/www.youtube.com\/channel\/UCHYaeO_n0Db3tjNGudGpXyw"]},{"@type":"Person","@id":"https:\/\/radioljubuski.ba\/#\/schema\/person\/19fc700381a780f69665d7956c469e3b","name":"Radio Ljubu\u0161ki"}]}},"_links":{"self":[{"href":"https:\/\/radioljubuski.ba\/index.php\/wp-json\/wp\/v2\/posts\/152253","targetHints":{"allow":["GET"]}}],"collection":[{"href":"https:\/\/radioljubuski.ba\/index.php\/wp-json\/wp\/v2\/posts"}],"about":[{"href":"https:\/\/radioljubuski.ba\/index.php\/wp-json\/wp\/v2\/types\/post"}],"author":[{"embeddable":true,"href":"https:\/\/radioljubuski.ba\/index.php\/wp-json\/wp\/v2\/users\/2"}],"replies":[{"embeddable":true,"href":"https:\/\/radioljubuski.ba\/index.php\/wp-json\/wp\/v2\/comments?post=152253"}],"version-history":[{"count":1,"href":"https:\/\/radioljubuski.ba\/index.php\/wp-json\/wp\/v2\/posts\/152253\/revisions"}],"predecessor-version":[{"id":152255,"href":"https:\/\/radioljubuski.ba\/index.php\/wp-json\/wp\/v2\/posts\/152253\/revisions\/152255"}],"wp:featuredmedia":[{"embeddable":true,"href":"https:\/\/radioljubuski.ba\/index.php\/wp-json\/wp\/v2\/media\/152254"}],"wp:attachment":[{"href":"https:\/\/radioljubuski.ba\/index.php\/wp-json\/wp\/v2\/media?parent=152253"}],"wp:term":[{"taxonomy":"category","embeddable":true,"href":"https:\/\/radioljubuski.ba\/index.php\/wp-json\/wp\/v2\/categories?post=152253"},{"taxonomy":"post_tag","embeddable":true,"href":"https:\/\/radioljubuski.ba\/index.php\/wp-json\/wp\/v2\/tags?post=152253"}],"curies":[{"name":"wp","href":"https:\/\/api.w.org\/{rel}","templated":true}]}}