{"id":152265,"date":"2022-06-22T16:51:41","date_gmt":"2022-06-22T15:51:41","guid":{"rendered":"https:\/\/radioljubuski.ba\/?p=152265"},"modified":"2022-06-22T16:51:43","modified_gmt":"2022-06-22T15:51:43","slug":"marginalni-probosnjacki-lobisti-lazno-se-predstavljaju-kao-predstavnici-za-balkan","status":"publish","type":"post","link":"https:\/\/radioljubuski.ba\/index.php\/2022\/06\/22\/marginalni-probosnjacki-lobisti-lazno-se-predstavljaju-kao-predstavnici-za-balkan\/","title":{"rendered":"Marginalni probo\u0161nja\u010dki lobisti la\u017eno se predstavljaju kao predstavnici za Balkan"},"content":{"rendered":"\n<p>Ovoga tjedna u posjetu BiH boravi grupacija Zelenih sastavljena od zastupnika iz Europskog parlamenta i Bundestaga promoviraju\u0107i uglavnom probo\u0161nja\u010dke politike, stranke i pojedince, pi\u0161e\u00a0<a href=\"https:\/\/www.vecernji.ba\/vijesti\/marginalni-probosnjacki-lobisti-lazno-se-predstavljaju-kao-predstavnici-za-balkan-1596539\">Ve\u010dernji list BiH<\/a>. Neovisno o tome \u0161to je rije\u010d o zastupnicima s marginalnim utjecajem, u dijelu javnosti u BiH taj je posjet dobio zna\u010daj posjeta izaslanstva najmanje ameri\u010dkog Kongresa. No, to nije jedina obmana koju se obi\u010dno plasira uz ovakve skupine.<\/p>\n\n\n\n<figure class=\"wp-block-embed is-type-wp-embed is-provider-radio-ljubuski wp-block-embed-radio-ljubuski\"><div class=\"wp-block-embed__wrapper\">\n<blockquote class=\"wp-embedded-content\" data-secret=\"kFsuV18HyV\"><a href=\"https:\/\/radioljubuski.ba\/index.php\/2022\/06\/22\/bosnjacki-lobisti-posjetili-sredisnje-izborno-povjerenstvo\/\">Bo\u0161nja\u010dki lobisti posjetili Sredi\u0161nje izborno povjerenstvo<\/a><\/blockquote><iframe loading=\"lazy\" class=\"wp-embedded-content\" sandbox=\"allow-scripts\" security=\"restricted\" style=\"position: absolute; clip: rect(1px, 1px, 1px, 1px);\" title=\"&#8220;Bo\u0161nja\u010dki lobisti posjetili Sredi\u0161nje izborno povjerenstvo&#8221; &#8212;   RADIO LJUBU\u0160KI\" src=\"https:\/\/radioljubuski.ba\/index.php\/2022\/06\/22\/bosnjacki-lobisti-posjetili-sredisnje-izborno-povjerenstvo\/embed\/#?secret=X0arAV8D4i#?secret=kFsuV18HyV\" data-secret=\"kFsuV18HyV\" width=\"600\" height=\"338\" frameborder=\"0\" marginwidth=\"0\" marginheight=\"0\" scrolling=\"no\"><\/iframe>\n<\/div><\/figure>\n\n\n\n<p>Ponajprije se ti du\u017enosnici predstavljaju na posve pogre\u0161an na\u010din, \u010dime se nastoji ostaviti dojam kako predstavljaju stav institucija u kojima su trenuta\u010dno anga\u017eirani, a \u0161to nema nikakve veze s istinom. Tako je na \u010delu ove skupine Zelenih eurozastupnica iz Njema\u010dke Viola von Cramon-Taubadel predstavljena kao izvjestiteljica za zapadni Balkan, \u0161to prakti\u010dki ne postoji kao du\u017enost u Europskom parlamentu. Osim, mogu\u0107e, unutar neformalnih strana\u010dkih grupacija koje postoje u toj instituciji, no koje prakti\u010dno nemaju nikakvo zna\u010denje. Rije\u010d je o eurozastupnici koja doslovno ponavlja identi\u010dne re\u010denice kao i bo\u0161nja\u010dki aktivisti koji se nastoje obra\u010dunati s Hrvatima u Bosni i Hercegovini, kao i s njihovim politi\u010darima predstavljaju\u0107i ih kao prijetnju dr\u017eavi BiH. Tijekom posljednjih rasprava pred Vanjskopoliti\u010dkim odborom Europskog parlamenta Von Cramon-Taubadel posebno je agresivno poku\u0161avala nametnuti narativ kojim se ru\u0161i Daytonski mirovni sporazum o potrebi dokidanja uloge konstitutivnih naroda, \u010dime se izravno ugro\u017eava mir u ovoj zemlji. Jednako tako, posebno je Von Cramon-Taubadel s dru\u0161tvom iz identi\u010dne probo\u0161nja\u010dke grupacije iznijela iznimno negativne komentare vezane uz legitimno politi\u010dko predstavljanje. A \u0161to zapravo predstavlja poziv na negiranje odluka Ustavnoga suda BiH i pravne dr\u017eave. \u010cak i unato\u010d \u010dinjenici \u0161to je u Ustavnom sudu BiH iza takve odluke kojom se podupire legitimno zastupanje i sutkinja koja dolazi iz njezine zemlje. A tamo je svojevrsna predstavnica Europskog suda za ljudska prava. Kao vrhunac svoje, o\u010dito probo\u0161nja\u010dki orijentirane propagande, u svojim je nastupima sna\u017eno kritizirala i \u010delnika HNS-a BiH Dragana \u010covi\u0107a. Unato\u010d tome \u0161to ga je predlo\u017eila kao amandman, propao je poku\u0161aj u Vanjskopoliti\u010dkom odboru Europskog parlamenta da se prihvati konstrukcija po kojoj bi upravo \u010covi\u0107 bio okarakteriziran kao negativac za stanje u BiH s \u010delnikom bh. Srba Miloradom Dodikom. \u0160to je, o\u010dito, dio strategije koja je povezana i s predstoje\u0107im izborima u BiH, a koju podme\u0107u sarajevska politika, njezini sateliti i lobisti. A kakvog je ranga bio posjet ovoga izaslanstva BiH, najbolje govori susret \u010dlana Bundestaga Borisa Mijatovi\u0107a s prezimenjakom Vojinom iz SDP-a BiH u Banjoj Luci u jednom kafi\u0107u s upe\u010datljivim pletenim stolicama. Ni Mijatovi\u0107 nije propustio ponoviti mantru koju su autori iz unitaristi\u010dke kuhinje u Sarajevu o\u017eivotvorili i u europskim sredi\u0161tima o tome da su \u010delnici SNSD-a i HDZ-a BiH secesionisti koji &#8220;predstavljaju prijetnju za dr\u017eavu&#8221;. A upravo je u takvom naumu uspio jedan drugi bo\u0161nja\u010dki politi\u010dki radikal &#8211; Adis Ahmetovi\u0107.<\/p>\n\n\n\n<p>Naime, taj zastupnik u Bundestagu je uspio progurati rezoluciju o BiH u kojoj je kao glavne krivce za stanje u zemlji ozna\u010dio upravo \u010delnike hrvatske i srpske politike, doslovno u praksi provode\u0107i prili\u010dno pojednostavljenu politiku iz Sarajeva o neprijateljima Bosne svih onih du\u017enosnika koji se zapravo protive dominaciji Bo\u0161njaka i pretvaranju FBiH u bo\u0161nja\u010dku dr\u017eavicu. Takvu vrstu jednostrane podvale nije uspio sprije\u010diti \u010dak ni vi\u0161egodi\u0161nji zastupnik Bundestaga Josip Juratovi\u0107 koji je u posljednji trenutak shvatio kako je ovaj dom zloupotrebljen za vo\u0111enje nacionalisti\u010dkih politika i ostvarenje bo\u0161nja\u010dkih ciljeva. Jednako kao i Von Cramon-Taubadel, Ahmetovi\u0107 dugi niz mjeseci u\u017eiva u la\u017enom tituliranju te nikada zapravo nije demantirao da je on posebni izvjestitelj Bundestaga za zapadni Balkan.<\/p>\n\n\n\n<p>Izvor:vecernji.ba<\/p>\n","protected":false},"excerpt":{"rendered":"<p>Ovoga tjedna u posjetu BiH boravi grupacija Zelenih sastavljena od zastupnika iz Europskog parlamenta i Bundestaga promoviraju\u0107i uglavnom probo\u0161nja\u010dke politike, stranke i pojedince, pi\u0161e\u00a0Ve\u010dernji list BiH. Neovisno o tome \u0161to je rije\u010d o zastupnicima s marginalnim utjecajem, u dijelu javnosti u BiH taj je posjet dobio zna\u010daj posjeta izaslanstva najmanje ameri\u010dkog Kongresa. No, to nije [&hellip;]<\/p>\n","protected":false},"author":2,"featured_media":152266,"comment_status":"closed","ping_status":"closed","sticky":false,"template":"","format":"standard","meta":{"h5ap_radio_sources":[],"footnotes":""},"categories":[1],"tags":[],"class_list":["post-152265","post","type-post","status-publish","format-standard","has-post-thumbnail","hentry","category-bihiregija"],"yoast_head":"<!-- This site is optimized with the Yoast SEO plugin v27.4 - https:\/\/yoast.com\/product\/yoast-seo-wordpress\/ -->\n<title>Marginalni probo\u0161nja\u010dki lobisti la\u017eno se predstavljaju kao predstavnici za Balkan - RADIO LJUBU\u0160KI<\/title>\n<meta name=\"robots\" content=\"index, follow, max-snippet:-1, max-image-preview:large, max-video-preview:-1\" \/>\n<link rel=\"canonical\" href=\"https:\/\/radioljubuski.ba\/index.php\/2022\/06\/22\/marginalni-probosnjacki-lobisti-lazno-se-predstavljaju-kao-predstavnici-za-balkan\/\" \/>\n<meta property=\"og:locale\" content=\"hr_HR\" \/>\n<meta property=\"og:type\" content=\"article\" \/>\n<meta property=\"og:title\" content=\"Marginalni probo\u0161nja\u010dki lobisti la\u017eno se predstavljaju kao predstavnici za Balkan - RADIO LJUBU\u0160KI\" \/>\n<meta property=\"og:description\" content=\"Ovoga tjedna u posjetu BiH boravi grupacija Zelenih sastavljena od zastupnika iz Europskog parlamenta i Bundestaga promoviraju\u0107i uglavnom probo\u0161nja\u010dke politike, stranke i pojedince, pi\u0161e\u00a0Ve\u010dernji list BiH. Neovisno o tome \u0161to je rije\u010d o zastupnicima s marginalnim utjecajem, u dijelu javnosti u BiH taj je posjet dobio zna\u010daj posjeta izaslanstva najmanje ameri\u010dkog Kongresa. No, to nije [&hellip;]\" \/>\n<meta property=\"og:url\" content=\"https:\/\/radioljubuski.ba\/index.php\/2022\/06\/22\/marginalni-probosnjacki-lobisti-lazno-se-predstavljaju-kao-predstavnici-za-balkan\/\" \/>\n<meta property=\"og:site_name\" content=\"RADIO LJUBU\u0160KI\" \/>\n<meta property=\"article:publisher\" content=\"https:\/\/www.facebook.com\/Radiio-Ljubuski-1490835324566332\" \/>\n<meta property=\"article:published_time\" content=\"2022-06-22T15:51:41+00:00\" \/>\n<meta property=\"article:modified_time\" content=\"2022-06-22T15:51:43+00:00\" \/>\n<meta property=\"og:image\" content=\"https:\/\/radioljubuski.ba\/wp-content\/uploads\/2022\/06\/2-2022-06-22-14-41-17-lobisti.jpg\" \/>\n\t<meta property=\"og:image:width\" content=\"1000\" \/>\n\t<meta property=\"og:image:height\" content=\"625\" \/>\n\t<meta property=\"og:image:type\" content=\"image\/jpeg\" \/>\n<meta name=\"author\" content=\"Radio Ljubu\u0161ki\" \/>\n<meta name=\"twitter:card\" content=\"summary_large_image\" \/>\n<meta name=\"twitter:creator\" content=\"@radioljubuski\" \/>\n<meta name=\"twitter:site\" content=\"@radioljubuski\" \/>\n<meta name=\"twitter:label1\" content=\"Napisao\/la\" \/>\n\t<meta name=\"twitter:data1\" content=\"Radio Ljubu\u0161ki\" \/>\n\t<meta name=\"twitter:label2\" content=\"Procijenjeno vrijeme \u010ditanja\" \/>\n\t<meta name=\"twitter:data2\" content=\"3 minute\" \/>\n<script type=\"application\/ld+json\" class=\"yoast-schema-graph\">{\"@context\":\"https:\\\/\\\/schema.org\",\"@graph\":[{\"@type\":\"Article\",\"@id\":\"https:\\\/\\\/radioljubuski.ba\\\/index.php\\\/2022\\\/06\\\/22\\\/marginalni-probosnjacki-lobisti-lazno-se-predstavljaju-kao-predstavnici-za-balkan\\\/#article\",\"isPartOf\":{\"@id\":\"https:\\\/\\\/radioljubuski.ba\\\/index.php\\\/2022\\\/06\\\/22\\\/marginalni-probosnjacki-lobisti-lazno-se-predstavljaju-kao-predstavnici-za-balkan\\\/\"},\"author\":{\"name\":\"Radio Ljubu\u0161ki\",\"@id\":\"https:\\\/\\\/radioljubuski.ba\\\/#\\\/schema\\\/person\\\/19fc700381a780f69665d7956c469e3b\"},\"headline\":\"Marginalni probo\u0161nja\u010dki lobisti la\u017eno se predstavljaju kao predstavnici za Balkan\",\"datePublished\":\"2022-06-22T15:51:41+00:00\",\"dateModified\":\"2022-06-22T15:51:43+00:00\",\"mainEntityOfPage\":{\"@id\":\"https:\\\/\\\/radioljubuski.ba\\\/index.php\\\/2022\\\/06\\\/22\\\/marginalni-probosnjacki-lobisti-lazno-se-predstavljaju-kao-predstavnici-za-balkan\\\/\"},\"wordCount\":655,\"publisher\":{\"@id\":\"https:\\\/\\\/radioljubuski.ba\\\/#organization\"},\"image\":{\"@id\":\"https:\\\/\\\/radioljubuski.ba\\\/index.php\\\/2022\\\/06\\\/22\\\/marginalni-probosnjacki-lobisti-lazno-se-predstavljaju-kao-predstavnici-za-balkan\\\/#primaryimage\"},\"thumbnailUrl\":\"https:\\\/\\\/radioljubuski.ba\\\/wp-content\\\/uploads\\\/2022\\\/06\\\/2-2022-06-22-14-41-17-lobisti.jpg\",\"articleSection\":[\"BIH i regija\"],\"inLanguage\":\"hr\"},{\"@type\":\"WebPage\",\"@id\":\"https:\\\/\\\/radioljubuski.ba\\\/index.php\\\/2022\\\/06\\\/22\\\/marginalni-probosnjacki-lobisti-lazno-se-predstavljaju-kao-predstavnici-za-balkan\\\/\",\"url\":\"https:\\\/\\\/radioljubuski.ba\\\/index.php\\\/2022\\\/06\\\/22\\\/marginalni-probosnjacki-lobisti-lazno-se-predstavljaju-kao-predstavnici-za-balkan\\\/\",\"name\":\"Marginalni probo\u0161nja\u010dki lobisti la\u017eno se predstavljaju kao predstavnici za Balkan - RADIO LJUBU\u0160KI\",\"isPartOf\":{\"@id\":\"https:\\\/\\\/radioljubuski.ba\\\/#website\"},\"primaryImageOfPage\":{\"@id\":\"https:\\\/\\\/radioljubuski.ba\\\/index.php\\\/2022\\\/06\\\/22\\\/marginalni-probosnjacki-lobisti-lazno-se-predstavljaju-kao-predstavnici-za-balkan\\\/#primaryimage\"},\"image\":{\"@id\":\"https:\\\/\\\/radioljubuski.ba\\\/index.php\\\/2022\\\/06\\\/22\\\/marginalni-probosnjacki-lobisti-lazno-se-predstavljaju-kao-predstavnici-za-balkan\\\/#primaryimage\"},\"thumbnailUrl\":\"https:\\\/\\\/radioljubuski.ba\\\/wp-content\\\/uploads\\\/2022\\\/06\\\/2-2022-06-22-14-41-17-lobisti.jpg\",\"datePublished\":\"2022-06-22T15:51:41+00:00\",\"dateModified\":\"2022-06-22T15:51:43+00:00\",\"breadcrumb\":{\"@id\":\"https:\\\/\\\/radioljubuski.ba\\\/index.php\\\/2022\\\/06\\\/22\\\/marginalni-probosnjacki-lobisti-lazno-se-predstavljaju-kao-predstavnici-za-balkan\\\/#breadcrumb\"},\"inLanguage\":\"hr\",\"potentialAction\":[{\"@type\":\"ReadAction\",\"target\":[\"https:\\\/\\\/radioljubuski.ba\\\/index.php\\\/2022\\\/06\\\/22\\\/marginalni-probosnjacki-lobisti-lazno-se-predstavljaju-kao-predstavnici-za-balkan\\\/\"]}]},{\"@type\":\"ImageObject\",\"inLanguage\":\"hr\",\"@id\":\"https:\\\/\\\/radioljubuski.ba\\\/index.php\\\/2022\\\/06\\\/22\\\/marginalni-probosnjacki-lobisti-lazno-se-predstavljaju-kao-predstavnici-za-balkan\\\/#primaryimage\",\"url\":\"https:\\\/\\\/radioljubuski.ba\\\/wp-content\\\/uploads\\\/2022\\\/06\\\/2-2022-06-22-14-41-17-lobisti.jpg\",\"contentUrl\":\"https:\\\/\\\/radioljubuski.ba\\\/wp-content\\\/uploads\\\/2022\\\/06\\\/2-2022-06-22-14-41-17-lobisti.jpg\",\"width\":1000,\"height\":625},{\"@type\":\"BreadcrumbList\",\"@id\":\"https:\\\/\\\/radioljubuski.ba\\\/index.php\\\/2022\\\/06\\\/22\\\/marginalni-probosnjacki-lobisti-lazno-se-predstavljaju-kao-predstavnici-za-balkan\\\/#breadcrumb\",\"itemListElement\":[{\"@type\":\"ListItem\",\"position\":1,\"name\":\"Po\u010detna stranica\",\"item\":\"https:\\\/\\\/radioljubuski.ba\\\/\"},{\"@type\":\"ListItem\",\"position\":2,\"name\":\"Marginalni probo\u0161nja\u010dki lobisti la\u017eno se predstavljaju kao predstavnici za Balkan\"}]},{\"@type\":\"WebSite\",\"@id\":\"https:\\\/\\\/radioljubuski.ba\\\/#website\",\"url\":\"https:\\\/\\\/radioljubuski.ba\\\/\",\"name\":\"Radio Ljubu\u0161ki\",\"description\":\"Sun\u010dana frekvencija Hercegovine\",\"publisher\":{\"@id\":\"https:\\\/\\\/radioljubuski.ba\\\/#organization\"},\"potentialAction\":[{\"@type\":\"SearchAction\",\"target\":{\"@type\":\"EntryPoint\",\"urlTemplate\":\"https:\\\/\\\/radioljubuski.ba\\\/?s={search_term_string}\"},\"query-input\":{\"@type\":\"PropertyValueSpecification\",\"valueRequired\":true,\"valueName\":\"search_term_string\"}}],\"inLanguage\":\"hr\"},{\"@type\":\"Organization\",\"@id\":\"https:\\\/\\\/radioljubuski.ba\\\/#organization\",\"name\":\"Radio Ljubu\u0161ki\",\"url\":\"https:\\\/\\\/radioljubuski.ba\\\/\",\"logo\":{\"@type\":\"ImageObject\",\"inLanguage\":\"hr\",\"@id\":\"https:\\\/\\\/radioljubuski.ba\\\/#\\\/schema\\\/logo\\\/image\\\/\",\"url\":\"https:\\\/\\\/radioljubuski.ba\\\/wp-content\\\/uploads\\\/2021\\\/02\\\/cropped-Radio_Ljubuski_logo1.jpg\",\"contentUrl\":\"https:\\\/\\\/radioljubuski.ba\\\/wp-content\\\/uploads\\\/2021\\\/02\\\/cropped-Radio_Ljubuski_logo1.jpg\",\"width\":512,\"height\":512,\"caption\":\"Radio Ljubu\u0161ki\"},\"image\":{\"@id\":\"https:\\\/\\\/radioljubuski.ba\\\/#\\\/schema\\\/logo\\\/image\\\/\"},\"sameAs\":[\"https:\\\/\\\/www.facebook.com\\\/Radiio-Ljubuski-1490835324566332\",\"https:\\\/\\\/x.com\\\/radioljubuski\",\"https:\\\/\\\/hr.linkedin.com\\\/company\\\/radio-ljubuski\",\"https:\\\/\\\/www.youtube.com\\\/channel\\\/UCHYaeO_n0Db3tjNGudGpXyw\"]},{\"@type\":\"Person\",\"@id\":\"https:\\\/\\\/radioljubuski.ba\\\/#\\\/schema\\\/person\\\/19fc700381a780f69665d7956c469e3b\",\"name\":\"Radio Ljubu\u0161ki\"}]}<\/script>\n<!-- \/ Yoast SEO plugin. -->","yoast_head_json":{"title":"Marginalni probo\u0161nja\u010dki lobisti la\u017eno se predstavljaju kao predstavnici za Balkan - RADIO LJUBU\u0160KI","robots":{"index":"index","follow":"follow","max-snippet":"max-snippet:-1","max-image-preview":"max-image-preview:large","max-video-preview":"max-video-preview:-1"},"canonical":"https:\/\/radioljubuski.ba\/index.php\/2022\/06\/22\/marginalni-probosnjacki-lobisti-lazno-se-predstavljaju-kao-predstavnici-za-balkan\/","og_locale":"hr_HR","og_type":"article","og_title":"Marginalni probo\u0161nja\u010dki lobisti la\u017eno se predstavljaju kao predstavnici za Balkan - RADIO LJUBU\u0160KI","og_description":"Ovoga tjedna u posjetu BiH boravi grupacija Zelenih sastavljena od zastupnika iz Europskog parlamenta i Bundestaga promoviraju\u0107i uglavnom probo\u0161nja\u010dke politike, stranke i pojedince, pi\u0161e\u00a0Ve\u010dernji list BiH. Neovisno o tome \u0161to je rije\u010d o zastupnicima s marginalnim utjecajem, u dijelu javnosti u BiH taj je posjet dobio zna\u010daj posjeta izaslanstva najmanje ameri\u010dkog Kongresa. No, to nije [&hellip;]","og_url":"https:\/\/radioljubuski.ba\/index.php\/2022\/06\/22\/marginalni-probosnjacki-lobisti-lazno-se-predstavljaju-kao-predstavnici-za-balkan\/","og_site_name":"RADIO LJUBU\u0160KI","article_publisher":"https:\/\/www.facebook.com\/Radiio-Ljubuski-1490835324566332","article_published_time":"2022-06-22T15:51:41+00:00","article_modified_time":"2022-06-22T15:51:43+00:00","og_image":[{"width":1000,"height":625,"url":"https:\/\/radioljubuski.ba\/wp-content\/uploads\/2022\/06\/2-2022-06-22-14-41-17-lobisti.jpg","type":"image\/jpeg"}],"author":"Radio Ljubu\u0161ki","twitter_card":"summary_large_image","twitter_creator":"@radioljubuski","twitter_site":"@radioljubuski","twitter_misc":{"Napisao\/la":"Radio Ljubu\u0161ki","Procijenjeno vrijeme \u010ditanja":"3 minute"},"schema":{"@context":"https:\/\/schema.org","@graph":[{"@type":"Article","@id":"https:\/\/radioljubuski.ba\/index.php\/2022\/06\/22\/marginalni-probosnjacki-lobisti-lazno-se-predstavljaju-kao-predstavnici-za-balkan\/#article","isPartOf":{"@id":"https:\/\/radioljubuski.ba\/index.php\/2022\/06\/22\/marginalni-probosnjacki-lobisti-lazno-se-predstavljaju-kao-predstavnici-za-balkan\/"},"author":{"name":"Radio Ljubu\u0161ki","@id":"https:\/\/radioljubuski.ba\/#\/schema\/person\/19fc700381a780f69665d7956c469e3b"},"headline":"Marginalni probo\u0161nja\u010dki lobisti la\u017eno se predstavljaju kao predstavnici za Balkan","datePublished":"2022-06-22T15:51:41+00:00","dateModified":"2022-06-22T15:51:43+00:00","mainEntityOfPage":{"@id":"https:\/\/radioljubuski.ba\/index.php\/2022\/06\/22\/marginalni-probosnjacki-lobisti-lazno-se-predstavljaju-kao-predstavnici-za-balkan\/"},"wordCount":655,"publisher":{"@id":"https:\/\/radioljubuski.ba\/#organization"},"image":{"@id":"https:\/\/radioljubuski.ba\/index.php\/2022\/06\/22\/marginalni-probosnjacki-lobisti-lazno-se-predstavljaju-kao-predstavnici-za-balkan\/#primaryimage"},"thumbnailUrl":"https:\/\/radioljubuski.ba\/wp-content\/uploads\/2022\/06\/2-2022-06-22-14-41-17-lobisti.jpg","articleSection":["BIH i regija"],"inLanguage":"hr"},{"@type":"WebPage","@id":"https:\/\/radioljubuski.ba\/index.php\/2022\/06\/22\/marginalni-probosnjacki-lobisti-lazno-se-predstavljaju-kao-predstavnici-za-balkan\/","url":"https:\/\/radioljubuski.ba\/index.php\/2022\/06\/22\/marginalni-probosnjacki-lobisti-lazno-se-predstavljaju-kao-predstavnici-za-balkan\/","name":"Marginalni probo\u0161nja\u010dki lobisti la\u017eno se predstavljaju kao predstavnici za Balkan - RADIO LJUBU\u0160KI","isPartOf":{"@id":"https:\/\/radioljubuski.ba\/#website"},"primaryImageOfPage":{"@id":"https:\/\/radioljubuski.ba\/index.php\/2022\/06\/22\/marginalni-probosnjacki-lobisti-lazno-se-predstavljaju-kao-predstavnici-za-balkan\/#primaryimage"},"image":{"@id":"https:\/\/radioljubuski.ba\/index.php\/2022\/06\/22\/marginalni-probosnjacki-lobisti-lazno-se-predstavljaju-kao-predstavnici-za-balkan\/#primaryimage"},"thumbnailUrl":"https:\/\/radioljubuski.ba\/wp-content\/uploads\/2022\/06\/2-2022-06-22-14-41-17-lobisti.jpg","datePublished":"2022-06-22T15:51:41+00:00","dateModified":"2022-06-22T15:51:43+00:00","breadcrumb":{"@id":"https:\/\/radioljubuski.ba\/index.php\/2022\/06\/22\/marginalni-probosnjacki-lobisti-lazno-se-predstavljaju-kao-predstavnici-za-balkan\/#breadcrumb"},"inLanguage":"hr","potentialAction":[{"@type":"ReadAction","target":["https:\/\/radioljubuski.ba\/index.php\/2022\/06\/22\/marginalni-probosnjacki-lobisti-lazno-se-predstavljaju-kao-predstavnici-za-balkan\/"]}]},{"@type":"ImageObject","inLanguage":"hr","@id":"https:\/\/radioljubuski.ba\/index.php\/2022\/06\/22\/marginalni-probosnjacki-lobisti-lazno-se-predstavljaju-kao-predstavnici-za-balkan\/#primaryimage","url":"https:\/\/radioljubuski.ba\/wp-content\/uploads\/2022\/06\/2-2022-06-22-14-41-17-lobisti.jpg","contentUrl":"https:\/\/radioljubuski.ba\/wp-content\/uploads\/2022\/06\/2-2022-06-22-14-41-17-lobisti.jpg","width":1000,"height":625},{"@type":"BreadcrumbList","@id":"https:\/\/radioljubuski.ba\/index.php\/2022\/06\/22\/marginalni-probosnjacki-lobisti-lazno-se-predstavljaju-kao-predstavnici-za-balkan\/#breadcrumb","itemListElement":[{"@type":"ListItem","position":1,"name":"Po\u010detna stranica","item":"https:\/\/radioljubuski.ba\/"},{"@type":"ListItem","position":2,"name":"Marginalni probo\u0161nja\u010dki lobisti la\u017eno se predstavljaju kao predstavnici za Balkan"}]},{"@type":"WebSite","@id":"https:\/\/radioljubuski.ba\/#website","url":"https:\/\/radioljubuski.ba\/","name":"Radio Ljubu\u0161ki","description":"Sun\u010dana frekvencija Hercegovine","publisher":{"@id":"https:\/\/radioljubuski.ba\/#organization"},"potentialAction":[{"@type":"SearchAction","target":{"@type":"EntryPoint","urlTemplate":"https:\/\/radioljubuski.ba\/?s={search_term_string}"},"query-input":{"@type":"PropertyValueSpecification","valueRequired":true,"valueName":"search_term_string"}}],"inLanguage":"hr"},{"@type":"Organization","@id":"https:\/\/radioljubuski.ba\/#organization","name":"Radio Ljubu\u0161ki","url":"https:\/\/radioljubuski.ba\/","logo":{"@type":"ImageObject","inLanguage":"hr","@id":"https:\/\/radioljubuski.ba\/#\/schema\/logo\/image\/","url":"https:\/\/radioljubuski.ba\/wp-content\/uploads\/2021\/02\/cropped-Radio_Ljubuski_logo1.jpg","contentUrl":"https:\/\/radioljubuski.ba\/wp-content\/uploads\/2021\/02\/cropped-Radio_Ljubuski_logo1.jpg","width":512,"height":512,"caption":"Radio Ljubu\u0161ki"},"image":{"@id":"https:\/\/radioljubuski.ba\/#\/schema\/logo\/image\/"},"sameAs":["https:\/\/www.facebook.com\/Radiio-Ljubuski-1490835324566332","https:\/\/x.com\/radioljubuski","https:\/\/hr.linkedin.com\/company\/radio-ljubuski","https:\/\/www.youtube.com\/channel\/UCHYaeO_n0Db3tjNGudGpXyw"]},{"@type":"Person","@id":"https:\/\/radioljubuski.ba\/#\/schema\/person\/19fc700381a780f69665d7956c469e3b","name":"Radio Ljubu\u0161ki"}]}},"_links":{"self":[{"href":"https:\/\/radioljubuski.ba\/index.php\/wp-json\/wp\/v2\/posts\/152265","targetHints":{"allow":["GET"]}}],"collection":[{"href":"https:\/\/radioljubuski.ba\/index.php\/wp-json\/wp\/v2\/posts"}],"about":[{"href":"https:\/\/radioljubuski.ba\/index.php\/wp-json\/wp\/v2\/types\/post"}],"author":[{"embeddable":true,"href":"https:\/\/radioljubuski.ba\/index.php\/wp-json\/wp\/v2\/users\/2"}],"replies":[{"embeddable":true,"href":"https:\/\/radioljubuski.ba\/index.php\/wp-json\/wp\/v2\/comments?post=152265"}],"version-history":[{"count":1,"href":"https:\/\/radioljubuski.ba\/index.php\/wp-json\/wp\/v2\/posts\/152265\/revisions"}],"predecessor-version":[{"id":152267,"href":"https:\/\/radioljubuski.ba\/index.php\/wp-json\/wp\/v2\/posts\/152265\/revisions\/152267"}],"wp:featuredmedia":[{"embeddable":true,"href":"https:\/\/radioljubuski.ba\/index.php\/wp-json\/wp\/v2\/media\/152266"}],"wp:attachment":[{"href":"https:\/\/radioljubuski.ba\/index.php\/wp-json\/wp\/v2\/media?parent=152265"}],"wp:term":[{"taxonomy":"category","embeddable":true,"href":"https:\/\/radioljubuski.ba\/index.php\/wp-json\/wp\/v2\/categories?post=152265"},{"taxonomy":"post_tag","embeddable":true,"href":"https:\/\/radioljubuski.ba\/index.php\/wp-json\/wp\/v2\/tags?post=152265"}],"curies":[{"name":"wp","href":"https:\/\/api.w.org\/{rel}","templated":true}]}}