{"id":152271,"date":"2022-06-22T16:54:05","date_gmt":"2022-06-22T15:54:05","guid":{"rendered":"https:\/\/radioljubuski.ba\/?p=152271"},"modified":"2022-06-22T16:54:06","modified_gmt":"2022-06-22T15:54:06","slug":"znate-li-kako-se-zapravo-zove-martin-sheen-danas-zalim-sto-sam-zbog-karijere-mijenjao-ime","status":"publish","type":"post","link":"https:\/\/radioljubuski.ba\/index.php\/2022\/06\/22\/znate-li-kako-se-zapravo-zove-martin-sheen-danas-zalim-sto-sam-zbog-karijere-mijenjao-ime\/","title":{"rendered":"Znate li kako se zapravo zove Martin Sheen? \u2018Danas \u017ealim \u0161to sam zbog karijere mijenjao ime\u2018"},"content":{"rendered":"\n<p>Iz sada\u0161nje perspektive glumac Martin Sheen vi\u0161e bi volio da publika na \u0161picama njegovih uspje\u0161nica poput kultnih filmova &#8220;Apokalipsa danas&#8221;, &#8220;Wall Street&#8221; i &#8220;The Departed\u200b&#8221; vidi njegovo pravo ime &#8211; Ramon Est\u00e9vez.<\/p>\n\n\n\n<p>U razgovoru za Closer Weekly, 81-godi\u0161nja zvijezda TV serije &#8220;Zapadno krilo&#8221; otkrila je kako svoje dokumente nikad nije promijenio, na njima je ime pod kojim se rodio, a sada silno \u017eali \u0161to je uop\u0107e uzimao umjetni\u010dko ime zbog karijere.<\/p>\n\n\n\n<p>&#8220;To je jedno od mojih \u017ealjenja. Nikada slu\u017ebeno nisam promijenio ime. U mom rodnom listu jo\u0161 uvijek je Ramon Est\u00e9vez&#8221;, kazao je Sheen dodaju\u0107i kako je njegovo pravo ime i na bra\u010dnoj dozvoli, putovnici i voza\u010dkoj dozvoli.<\/p>\n\n\n\n<p>&#8220;Ponekad vas nagovore kada nemate dovoljno uvida ili \u010dak dovoljno hrabrosti da se zauzmete za ono u \u0161to vjerujete, a kasnije to pla\u0107ate. Ali, naravno, govorim samo u svoje ime&#8221;, nastavio je ugledni glumac. To je bez sumnje napomenuo jer njegova dva sina, obojica poznati glumci &#8211; Charlie Sheen i Emilio Est\u00e9vez, nose razli\u010dita prezimena.<\/p>\n\n\n\n<p>Njihov otac sada obja\u0161njava kako tada nije ni bio svjestan da bi njegovi sinovi mogli biti zainteresirani za filmsku industriju jer je bio previ\u0161e zauzet fokusiranjem na vlastitu karijeru kako bi mogao skrbiti za obitelj.<\/p>\n\n\n\n<p>&#8220;Jedini utjecaj koji sam imao na Emilija bio je da zadr\u017ei svoje ime. Kad je po\u010deo graditi karijeru, njegov agent mu je savjetovao da promijeni prezime u Sheen, no on to nije \u017eelio u\u010diniti. I hvala Bogu da nije&#8221;, zaklju\u010dio je Martin Sheen.<\/p>\n\n\n\n<p>Sheen je svoje prve profesionalne korake u\u010dinio 50-ih, dok je jo\u0161 bio tinejd\u017eer.<\/p>\n\n\n\n<p>&#8220;Kada sam do\u0161ao u New York 1959. godine, postojale su velike predrasude prema Hispancima, uglavnom prema portorikanskoj zajednici koju sam obo\u017eavao i osje\u0107ao sam se u velikoj mjeri dijelom latinoameri\u010dke zajednice&#8221;, rekao je Sheen \u010diji je otac bio \u0161panjolski imigrant, a majka podrijetlom iz Irske. Ime Martin uzeo je od CBS-ovog producenta Roberta Dalea Martina, koji mu je na po\u010detku karijere bio velika podr\u0161ka, a Sheen od Fultona J. Sheena, koji je u to vrijeme bio pomo\u0107ni biskup New Yorka.<\/p>\n\n\n\n<p>U 80-ima je i Sheenov sin Charlie promijenio ime prije nego \u0161to je dobio uloge u filmovima kao \u0161to su &#8220;Lucas&#8221;, &#8220;Wall Street&#8221;, &#8220;Major League&#8221;,&#8230;<\/p>\n\n\n\n<p>Izvor:pogled.ba<\/p>\n","protected":false},"excerpt":{"rendered":"<p>Iz sada\u0161nje perspektive glumac Martin Sheen vi\u0161e bi volio da publika na \u0161picama njegovih uspje\u0161nica poput kultnih filmova &#8220;Apokalipsa danas&#8221;, &#8220;Wall Street&#8221; i &#8220;The Departed\u200b&#8221; vidi njegovo pravo ime &#8211; Ramon Est\u00e9vez. U razgovoru za Closer Weekly, 81-godi\u0161nja zvijezda TV serije &#8220;Zapadno krilo&#8221; otkrila je kako svoje dokumente nikad nije promijenio, na njima je ime [&hellip;]<\/p>\n","protected":false},"author":2,"featured_media":152272,"comment_status":"closed","ping_status":"closed","sticky":false,"template":"","format":"standard","meta":{"h5ap_radio_sources":[],"footnotes":""},"categories":[1],"tags":[],"class_list":["post-152271","post","type-post","status-publish","format-standard","has-post-thumbnail","hentry","category-bihiregija"],"yoast_head":"<!-- This site is optimized with the Yoast SEO plugin v27.4 - https:\/\/yoast.com\/product\/yoast-seo-wordpress\/ -->\n<title>Znate li kako se zapravo zove Martin Sheen? \u2018Danas \u017ealim \u0161to sam zbog karijere mijenjao ime\u2018 - RADIO LJUBU\u0160KI<\/title>\n<meta name=\"robots\" content=\"index, follow, max-snippet:-1, max-image-preview:large, max-video-preview:-1\" \/>\n<link rel=\"canonical\" href=\"https:\/\/radioljubuski.ba\/index.php\/2022\/06\/22\/znate-li-kako-se-zapravo-zove-martin-sheen-danas-zalim-sto-sam-zbog-karijere-mijenjao-ime\/\" \/>\n<meta property=\"og:locale\" content=\"hr_HR\" \/>\n<meta property=\"og:type\" content=\"article\" \/>\n<meta property=\"og:title\" content=\"Znate li kako se zapravo zove Martin Sheen? \u2018Danas \u017ealim \u0161to sam zbog karijere mijenjao ime\u2018 - RADIO LJUBU\u0160KI\" \/>\n<meta property=\"og:description\" content=\"Iz sada\u0161nje perspektive glumac Martin Sheen vi\u0161e bi volio da publika na \u0161picama njegovih uspje\u0161nica poput kultnih filmova &#8220;Apokalipsa danas&#8221;, &#8220;Wall Street&#8221; i &#8220;The Departed\u200b&#8221; vidi njegovo pravo ime &#8211; Ramon Est\u00e9vez. U razgovoru za Closer Weekly, 81-godi\u0161nja zvijezda TV serije &#8220;Zapadno krilo&#8221; otkrila je kako svoje dokumente nikad nije promijenio, na njima je ime [&hellip;]\" \/>\n<meta property=\"og:url\" content=\"https:\/\/radioljubuski.ba\/index.php\/2022\/06\/22\/znate-li-kako-se-zapravo-zove-martin-sheen-danas-zalim-sto-sam-zbog-karijere-mijenjao-ime\/\" \/>\n<meta property=\"og:site_name\" content=\"RADIO LJUBU\u0160KI\" \/>\n<meta property=\"article:publisher\" content=\"https:\/\/www.facebook.com\/Radiio-Ljubuski-1490835324566332\" \/>\n<meta property=\"article:published_time\" content=\"2022-06-22T15:54:05+00:00\" \/>\n<meta property=\"article:modified_time\" content=\"2022-06-22T15:54:06+00:00\" \/>\n<meta property=\"og:image\" content=\"https:\/\/radioljubuski.ba\/wp-content\/uploads\/2022\/06\/2-2022-06-22-14-45-48-sheen.jpg\" \/>\n\t<meta property=\"og:image:width\" content=\"1000\" \/>\n\t<meta property=\"og:image:height\" content=\"625\" \/>\n\t<meta property=\"og:image:type\" content=\"image\/jpeg\" \/>\n<meta name=\"author\" content=\"Radio Ljubu\u0161ki\" \/>\n<meta name=\"twitter:card\" content=\"summary_large_image\" \/>\n<meta name=\"twitter:creator\" content=\"@radioljubuski\" \/>\n<meta name=\"twitter:site\" content=\"@radioljubuski\" \/>\n<meta name=\"twitter:label1\" content=\"Napisao\/la\" \/>\n\t<meta name=\"twitter:data1\" content=\"Radio Ljubu\u0161ki\" \/>\n\t<meta name=\"twitter:label2\" content=\"Procijenjeno vrijeme \u010ditanja\" \/>\n\t<meta name=\"twitter:data2\" content=\"2 minute\" \/>\n<script type=\"application\/ld+json\" class=\"yoast-schema-graph\">{\"@context\":\"https:\\\/\\\/schema.org\",\"@graph\":[{\"@type\":\"Article\",\"@id\":\"https:\\\/\\\/radioljubuski.ba\\\/index.php\\\/2022\\\/06\\\/22\\\/znate-li-kako-se-zapravo-zove-martin-sheen-danas-zalim-sto-sam-zbog-karijere-mijenjao-ime\\\/#article\",\"isPartOf\":{\"@id\":\"https:\\\/\\\/radioljubuski.ba\\\/index.php\\\/2022\\\/06\\\/22\\\/znate-li-kako-se-zapravo-zove-martin-sheen-danas-zalim-sto-sam-zbog-karijere-mijenjao-ime\\\/\"},\"author\":{\"name\":\"Radio Ljubu\u0161ki\",\"@id\":\"https:\\\/\\\/radioljubuski.ba\\\/#\\\/schema\\\/person\\\/19fc700381a780f69665d7956c469e3b\"},\"headline\":\"Znate li kako se zapravo zove Martin Sheen? \u2018Danas \u017ealim \u0161to sam zbog karijere mijenjao ime\u2018\",\"datePublished\":\"2022-06-22T15:54:05+00:00\",\"dateModified\":\"2022-06-22T15:54:06+00:00\",\"mainEntityOfPage\":{\"@id\":\"https:\\\/\\\/radioljubuski.ba\\\/index.php\\\/2022\\\/06\\\/22\\\/znate-li-kako-se-zapravo-zove-martin-sheen-danas-zalim-sto-sam-zbog-karijere-mijenjao-ime\\\/\"},\"wordCount\":407,\"publisher\":{\"@id\":\"https:\\\/\\\/radioljubuski.ba\\\/#organization\"},\"image\":{\"@id\":\"https:\\\/\\\/radioljubuski.ba\\\/index.php\\\/2022\\\/06\\\/22\\\/znate-li-kako-se-zapravo-zove-martin-sheen-danas-zalim-sto-sam-zbog-karijere-mijenjao-ime\\\/#primaryimage\"},\"thumbnailUrl\":\"https:\\\/\\\/radioljubuski.ba\\\/wp-content\\\/uploads\\\/2022\\\/06\\\/2-2022-06-22-14-45-48-sheen.jpg\",\"articleSection\":[\"BIH i regija\"],\"inLanguage\":\"hr\"},{\"@type\":\"WebPage\",\"@id\":\"https:\\\/\\\/radioljubuski.ba\\\/index.php\\\/2022\\\/06\\\/22\\\/znate-li-kako-se-zapravo-zove-martin-sheen-danas-zalim-sto-sam-zbog-karijere-mijenjao-ime\\\/\",\"url\":\"https:\\\/\\\/radioljubuski.ba\\\/index.php\\\/2022\\\/06\\\/22\\\/znate-li-kako-se-zapravo-zove-martin-sheen-danas-zalim-sto-sam-zbog-karijere-mijenjao-ime\\\/\",\"name\":\"Znate li kako se zapravo zove Martin Sheen? \u2018Danas \u017ealim \u0161to sam zbog karijere mijenjao ime\u2018 - RADIO LJUBU\u0160KI\",\"isPartOf\":{\"@id\":\"https:\\\/\\\/radioljubuski.ba\\\/#website\"},\"primaryImageOfPage\":{\"@id\":\"https:\\\/\\\/radioljubuski.ba\\\/index.php\\\/2022\\\/06\\\/22\\\/znate-li-kako-se-zapravo-zove-martin-sheen-danas-zalim-sto-sam-zbog-karijere-mijenjao-ime\\\/#primaryimage\"},\"image\":{\"@id\":\"https:\\\/\\\/radioljubuski.ba\\\/index.php\\\/2022\\\/06\\\/22\\\/znate-li-kako-se-zapravo-zove-martin-sheen-danas-zalim-sto-sam-zbog-karijere-mijenjao-ime\\\/#primaryimage\"},\"thumbnailUrl\":\"https:\\\/\\\/radioljubuski.ba\\\/wp-content\\\/uploads\\\/2022\\\/06\\\/2-2022-06-22-14-45-48-sheen.jpg\",\"datePublished\":\"2022-06-22T15:54:05+00:00\",\"dateModified\":\"2022-06-22T15:54:06+00:00\",\"breadcrumb\":{\"@id\":\"https:\\\/\\\/radioljubuski.ba\\\/index.php\\\/2022\\\/06\\\/22\\\/znate-li-kako-se-zapravo-zove-martin-sheen-danas-zalim-sto-sam-zbog-karijere-mijenjao-ime\\\/#breadcrumb\"},\"inLanguage\":\"hr\",\"potentialAction\":[{\"@type\":\"ReadAction\",\"target\":[\"https:\\\/\\\/radioljubuski.ba\\\/index.php\\\/2022\\\/06\\\/22\\\/znate-li-kako-se-zapravo-zove-martin-sheen-danas-zalim-sto-sam-zbog-karijere-mijenjao-ime\\\/\"]}]},{\"@type\":\"ImageObject\",\"inLanguage\":\"hr\",\"@id\":\"https:\\\/\\\/radioljubuski.ba\\\/index.php\\\/2022\\\/06\\\/22\\\/znate-li-kako-se-zapravo-zove-martin-sheen-danas-zalim-sto-sam-zbog-karijere-mijenjao-ime\\\/#primaryimage\",\"url\":\"https:\\\/\\\/radioljubuski.ba\\\/wp-content\\\/uploads\\\/2022\\\/06\\\/2-2022-06-22-14-45-48-sheen.jpg\",\"contentUrl\":\"https:\\\/\\\/radioljubuski.ba\\\/wp-content\\\/uploads\\\/2022\\\/06\\\/2-2022-06-22-14-45-48-sheen.jpg\",\"width\":1000,\"height\":625},{\"@type\":\"BreadcrumbList\",\"@id\":\"https:\\\/\\\/radioljubuski.ba\\\/index.php\\\/2022\\\/06\\\/22\\\/znate-li-kako-se-zapravo-zove-martin-sheen-danas-zalim-sto-sam-zbog-karijere-mijenjao-ime\\\/#breadcrumb\",\"itemListElement\":[{\"@type\":\"ListItem\",\"position\":1,\"name\":\"Po\u010detna stranica\",\"item\":\"https:\\\/\\\/radioljubuski.ba\\\/\"},{\"@type\":\"ListItem\",\"position\":2,\"name\":\"Znate li kako se zapravo zove Martin Sheen? \u2018Danas \u017ealim \u0161to sam zbog karijere mijenjao ime\u2018\"}]},{\"@type\":\"WebSite\",\"@id\":\"https:\\\/\\\/radioljubuski.ba\\\/#website\",\"url\":\"https:\\\/\\\/radioljubuski.ba\\\/\",\"name\":\"Radio Ljubu\u0161ki\",\"description\":\"Sun\u010dana frekvencija Hercegovine\",\"publisher\":{\"@id\":\"https:\\\/\\\/radioljubuski.ba\\\/#organization\"},\"potentialAction\":[{\"@type\":\"SearchAction\",\"target\":{\"@type\":\"EntryPoint\",\"urlTemplate\":\"https:\\\/\\\/radioljubuski.ba\\\/?s={search_term_string}\"},\"query-input\":{\"@type\":\"PropertyValueSpecification\",\"valueRequired\":true,\"valueName\":\"search_term_string\"}}],\"inLanguage\":\"hr\"},{\"@type\":\"Organization\",\"@id\":\"https:\\\/\\\/radioljubuski.ba\\\/#organization\",\"name\":\"Radio Ljubu\u0161ki\",\"url\":\"https:\\\/\\\/radioljubuski.ba\\\/\",\"logo\":{\"@type\":\"ImageObject\",\"inLanguage\":\"hr\",\"@id\":\"https:\\\/\\\/radioljubuski.ba\\\/#\\\/schema\\\/logo\\\/image\\\/\",\"url\":\"https:\\\/\\\/radioljubuski.ba\\\/wp-content\\\/uploads\\\/2021\\\/02\\\/cropped-Radio_Ljubuski_logo1.jpg\",\"contentUrl\":\"https:\\\/\\\/radioljubuski.ba\\\/wp-content\\\/uploads\\\/2021\\\/02\\\/cropped-Radio_Ljubuski_logo1.jpg\",\"width\":512,\"height\":512,\"caption\":\"Radio Ljubu\u0161ki\"},\"image\":{\"@id\":\"https:\\\/\\\/radioljubuski.ba\\\/#\\\/schema\\\/logo\\\/image\\\/\"},\"sameAs\":[\"https:\\\/\\\/www.facebook.com\\\/Radiio-Ljubuski-1490835324566332\",\"https:\\\/\\\/x.com\\\/radioljubuski\",\"https:\\\/\\\/hr.linkedin.com\\\/company\\\/radio-ljubuski\",\"https:\\\/\\\/www.youtube.com\\\/channel\\\/UCHYaeO_n0Db3tjNGudGpXyw\"]},{\"@type\":\"Person\",\"@id\":\"https:\\\/\\\/radioljubuski.ba\\\/#\\\/schema\\\/person\\\/19fc700381a780f69665d7956c469e3b\",\"name\":\"Radio Ljubu\u0161ki\"}]}<\/script>\n<!-- \/ Yoast SEO plugin. -->","yoast_head_json":{"title":"Znate li kako se zapravo zove Martin Sheen? \u2018Danas \u017ealim \u0161to sam zbog karijere mijenjao ime\u2018 - RADIO LJUBU\u0160KI","robots":{"index":"index","follow":"follow","max-snippet":"max-snippet:-1","max-image-preview":"max-image-preview:large","max-video-preview":"max-video-preview:-1"},"canonical":"https:\/\/radioljubuski.ba\/index.php\/2022\/06\/22\/znate-li-kako-se-zapravo-zove-martin-sheen-danas-zalim-sto-sam-zbog-karijere-mijenjao-ime\/","og_locale":"hr_HR","og_type":"article","og_title":"Znate li kako se zapravo zove Martin Sheen? \u2018Danas \u017ealim \u0161to sam zbog karijere mijenjao ime\u2018 - RADIO LJUBU\u0160KI","og_description":"Iz sada\u0161nje perspektive glumac Martin Sheen vi\u0161e bi volio da publika na \u0161picama njegovih uspje\u0161nica poput kultnih filmova &#8220;Apokalipsa danas&#8221;, &#8220;Wall Street&#8221; i &#8220;The Departed\u200b&#8221; vidi njegovo pravo ime &#8211; Ramon Est\u00e9vez. U razgovoru za Closer Weekly, 81-godi\u0161nja zvijezda TV serije &#8220;Zapadno krilo&#8221; otkrila je kako svoje dokumente nikad nije promijenio, na njima je ime [&hellip;]","og_url":"https:\/\/radioljubuski.ba\/index.php\/2022\/06\/22\/znate-li-kako-se-zapravo-zove-martin-sheen-danas-zalim-sto-sam-zbog-karijere-mijenjao-ime\/","og_site_name":"RADIO LJUBU\u0160KI","article_publisher":"https:\/\/www.facebook.com\/Radiio-Ljubuski-1490835324566332","article_published_time":"2022-06-22T15:54:05+00:00","article_modified_time":"2022-06-22T15:54:06+00:00","og_image":[{"width":1000,"height":625,"url":"https:\/\/radioljubuski.ba\/wp-content\/uploads\/2022\/06\/2-2022-06-22-14-45-48-sheen.jpg","type":"image\/jpeg"}],"author":"Radio Ljubu\u0161ki","twitter_card":"summary_large_image","twitter_creator":"@radioljubuski","twitter_site":"@radioljubuski","twitter_misc":{"Napisao\/la":"Radio Ljubu\u0161ki","Procijenjeno vrijeme \u010ditanja":"2 minute"},"schema":{"@context":"https:\/\/schema.org","@graph":[{"@type":"Article","@id":"https:\/\/radioljubuski.ba\/index.php\/2022\/06\/22\/znate-li-kako-se-zapravo-zove-martin-sheen-danas-zalim-sto-sam-zbog-karijere-mijenjao-ime\/#article","isPartOf":{"@id":"https:\/\/radioljubuski.ba\/index.php\/2022\/06\/22\/znate-li-kako-se-zapravo-zove-martin-sheen-danas-zalim-sto-sam-zbog-karijere-mijenjao-ime\/"},"author":{"name":"Radio Ljubu\u0161ki","@id":"https:\/\/radioljubuski.ba\/#\/schema\/person\/19fc700381a780f69665d7956c469e3b"},"headline":"Znate li kako se zapravo zove Martin Sheen? \u2018Danas \u017ealim \u0161to sam zbog karijere mijenjao ime\u2018","datePublished":"2022-06-22T15:54:05+00:00","dateModified":"2022-06-22T15:54:06+00:00","mainEntityOfPage":{"@id":"https:\/\/radioljubuski.ba\/index.php\/2022\/06\/22\/znate-li-kako-se-zapravo-zove-martin-sheen-danas-zalim-sto-sam-zbog-karijere-mijenjao-ime\/"},"wordCount":407,"publisher":{"@id":"https:\/\/radioljubuski.ba\/#organization"},"image":{"@id":"https:\/\/radioljubuski.ba\/index.php\/2022\/06\/22\/znate-li-kako-se-zapravo-zove-martin-sheen-danas-zalim-sto-sam-zbog-karijere-mijenjao-ime\/#primaryimage"},"thumbnailUrl":"https:\/\/radioljubuski.ba\/wp-content\/uploads\/2022\/06\/2-2022-06-22-14-45-48-sheen.jpg","articleSection":["BIH i regija"],"inLanguage":"hr"},{"@type":"WebPage","@id":"https:\/\/radioljubuski.ba\/index.php\/2022\/06\/22\/znate-li-kako-se-zapravo-zove-martin-sheen-danas-zalim-sto-sam-zbog-karijere-mijenjao-ime\/","url":"https:\/\/radioljubuski.ba\/index.php\/2022\/06\/22\/znate-li-kako-se-zapravo-zove-martin-sheen-danas-zalim-sto-sam-zbog-karijere-mijenjao-ime\/","name":"Znate li kako se zapravo zove Martin Sheen? \u2018Danas \u017ealim \u0161to sam zbog karijere mijenjao ime\u2018 - RADIO LJUBU\u0160KI","isPartOf":{"@id":"https:\/\/radioljubuski.ba\/#website"},"primaryImageOfPage":{"@id":"https:\/\/radioljubuski.ba\/index.php\/2022\/06\/22\/znate-li-kako-se-zapravo-zove-martin-sheen-danas-zalim-sto-sam-zbog-karijere-mijenjao-ime\/#primaryimage"},"image":{"@id":"https:\/\/radioljubuski.ba\/index.php\/2022\/06\/22\/znate-li-kako-se-zapravo-zove-martin-sheen-danas-zalim-sto-sam-zbog-karijere-mijenjao-ime\/#primaryimage"},"thumbnailUrl":"https:\/\/radioljubuski.ba\/wp-content\/uploads\/2022\/06\/2-2022-06-22-14-45-48-sheen.jpg","datePublished":"2022-06-22T15:54:05+00:00","dateModified":"2022-06-22T15:54:06+00:00","breadcrumb":{"@id":"https:\/\/radioljubuski.ba\/index.php\/2022\/06\/22\/znate-li-kako-se-zapravo-zove-martin-sheen-danas-zalim-sto-sam-zbog-karijere-mijenjao-ime\/#breadcrumb"},"inLanguage":"hr","potentialAction":[{"@type":"ReadAction","target":["https:\/\/radioljubuski.ba\/index.php\/2022\/06\/22\/znate-li-kako-se-zapravo-zove-martin-sheen-danas-zalim-sto-sam-zbog-karijere-mijenjao-ime\/"]}]},{"@type":"ImageObject","inLanguage":"hr","@id":"https:\/\/radioljubuski.ba\/index.php\/2022\/06\/22\/znate-li-kako-se-zapravo-zove-martin-sheen-danas-zalim-sto-sam-zbog-karijere-mijenjao-ime\/#primaryimage","url":"https:\/\/radioljubuski.ba\/wp-content\/uploads\/2022\/06\/2-2022-06-22-14-45-48-sheen.jpg","contentUrl":"https:\/\/radioljubuski.ba\/wp-content\/uploads\/2022\/06\/2-2022-06-22-14-45-48-sheen.jpg","width":1000,"height":625},{"@type":"BreadcrumbList","@id":"https:\/\/radioljubuski.ba\/index.php\/2022\/06\/22\/znate-li-kako-se-zapravo-zove-martin-sheen-danas-zalim-sto-sam-zbog-karijere-mijenjao-ime\/#breadcrumb","itemListElement":[{"@type":"ListItem","position":1,"name":"Po\u010detna stranica","item":"https:\/\/radioljubuski.ba\/"},{"@type":"ListItem","position":2,"name":"Znate li kako se zapravo zove Martin Sheen? \u2018Danas \u017ealim \u0161to sam zbog karijere mijenjao ime\u2018"}]},{"@type":"WebSite","@id":"https:\/\/radioljubuski.ba\/#website","url":"https:\/\/radioljubuski.ba\/","name":"Radio Ljubu\u0161ki","description":"Sun\u010dana frekvencija Hercegovine","publisher":{"@id":"https:\/\/radioljubuski.ba\/#organization"},"potentialAction":[{"@type":"SearchAction","target":{"@type":"EntryPoint","urlTemplate":"https:\/\/radioljubuski.ba\/?s={search_term_string}"},"query-input":{"@type":"PropertyValueSpecification","valueRequired":true,"valueName":"search_term_string"}}],"inLanguage":"hr"},{"@type":"Organization","@id":"https:\/\/radioljubuski.ba\/#organization","name":"Radio Ljubu\u0161ki","url":"https:\/\/radioljubuski.ba\/","logo":{"@type":"ImageObject","inLanguage":"hr","@id":"https:\/\/radioljubuski.ba\/#\/schema\/logo\/image\/","url":"https:\/\/radioljubuski.ba\/wp-content\/uploads\/2021\/02\/cropped-Radio_Ljubuski_logo1.jpg","contentUrl":"https:\/\/radioljubuski.ba\/wp-content\/uploads\/2021\/02\/cropped-Radio_Ljubuski_logo1.jpg","width":512,"height":512,"caption":"Radio Ljubu\u0161ki"},"image":{"@id":"https:\/\/radioljubuski.ba\/#\/schema\/logo\/image\/"},"sameAs":["https:\/\/www.facebook.com\/Radiio-Ljubuski-1490835324566332","https:\/\/x.com\/radioljubuski","https:\/\/hr.linkedin.com\/company\/radio-ljubuski","https:\/\/www.youtube.com\/channel\/UCHYaeO_n0Db3tjNGudGpXyw"]},{"@type":"Person","@id":"https:\/\/radioljubuski.ba\/#\/schema\/person\/19fc700381a780f69665d7956c469e3b","name":"Radio Ljubu\u0161ki"}]}},"_links":{"self":[{"href":"https:\/\/radioljubuski.ba\/index.php\/wp-json\/wp\/v2\/posts\/152271","targetHints":{"allow":["GET"]}}],"collection":[{"href":"https:\/\/radioljubuski.ba\/index.php\/wp-json\/wp\/v2\/posts"}],"about":[{"href":"https:\/\/radioljubuski.ba\/index.php\/wp-json\/wp\/v2\/types\/post"}],"author":[{"embeddable":true,"href":"https:\/\/radioljubuski.ba\/index.php\/wp-json\/wp\/v2\/users\/2"}],"replies":[{"embeddable":true,"href":"https:\/\/radioljubuski.ba\/index.php\/wp-json\/wp\/v2\/comments?post=152271"}],"version-history":[{"count":1,"href":"https:\/\/radioljubuski.ba\/index.php\/wp-json\/wp\/v2\/posts\/152271\/revisions"}],"predecessor-version":[{"id":152273,"href":"https:\/\/radioljubuski.ba\/index.php\/wp-json\/wp\/v2\/posts\/152271\/revisions\/152273"}],"wp:featuredmedia":[{"embeddable":true,"href":"https:\/\/radioljubuski.ba\/index.php\/wp-json\/wp\/v2\/media\/152272"}],"wp:attachment":[{"href":"https:\/\/radioljubuski.ba\/index.php\/wp-json\/wp\/v2\/media?parent=152271"}],"wp:term":[{"taxonomy":"category","embeddable":true,"href":"https:\/\/radioljubuski.ba\/index.php\/wp-json\/wp\/v2\/categories?post=152271"},{"taxonomy":"post_tag","embeddable":true,"href":"https:\/\/radioljubuski.ba\/index.php\/wp-json\/wp\/v2\/tags?post=152271"}],"curies":[{"name":"wp","href":"https:\/\/api.w.org\/{rel}","templated":true}]}}