{"id":152274,"date":"2022-06-22T16:55:06","date_gmt":"2022-06-22T15:55:06","guid":{"rendered":"https:\/\/radioljubuski.ba\/?p=152274"},"modified":"2022-06-22T16:55:06","modified_gmt":"2022-06-22T15:55:06","slug":"federacija-zupanijama-raspodijelila-400-000-maraka-za-nabavu-udzbenika","status":"publish","type":"post","link":"https:\/\/radioljubuski.ba\/index.php\/2022\/06\/22\/federacija-zupanijama-raspodijelila-400-000-maraka-za-nabavu-udzbenika\/","title":{"rendered":"Federacija \u017eupanijama raspodijelila 400 000 maraka za nabavu ud\u017ebenika"},"content":{"rendered":"\n<p>Federalno ministarstvo obrazovanja i znanosti priop\u0107ilo je da je ove godine osiguralo 400.000 KM za nabavku besplatnih ud\u017ebenika za u\u010denike u stanju socijalne potrebe koji poha\u0111aju osnovno obrazovanje u \u0161kolskoj u 2022\/2023. godini na podru\u010dju cijele Federacije BiH.<\/p>\n\n\n\n<p>Iz Ministarstva isti\u010du da u zajedni\u010dkoj realizaciji ovog projekta sudjeluje svih deset \u017eupanija, a ugovori su ve\u0107 potpisani sa svim \u017eupanijskim ministarstvima obrazovanja, koja su du\u017ena pravovremeno distribuirati besplatne ud\u017ebenike osnovnim \u0161kolama na podru\u010dju svoje \u017eupanije.<\/p>\n\n\n\n<p>Ina\u010de, visina dodijeljenih sredstava je odre\u0111ena u odnosu na broj u\u010denika koji poha\u0111aju osnovne \u0161kole (prema podacima za \u0161kolsku 2021\/2022. godinu), te socijalno-ekonomsko stanje \u017eupanije, kao korektivni \u010dimbenik pove\u0107anja pripadaju\u0107ih sredstava izra\u010dunatih na osnovu ukupnog broja u\u010denika, i to za Bosanskopodrinjsku, Posavsku i Hercegbosansku \u017eupaniju.<\/p>\n\n\n\n<p>U vezi s tim, Federalno ministarstvo obrazovanja i znanosti je sa\u010dinilo Prijedlog raspodjele sredstava za nabavu besplatnih ud\u017ebenika, i to za Unsko-sansku \u017eupaniju 38.600 KM, Posavsku 5.640 KM, Tuzlansku 81.280 KM, Zeni\u010dko-dobojsku 71.640 KM, Bosansko-podrinjsku 6.800 KM, Srednjobosansku 43.440 KM, Hercegova\u010dko-neretvansku 37.440 KM, Zapadnohercegova\u010dku 16.680 KM, te Sarajevsku 86.040 KM i Hercegbosansku \u017eupaniju 12.440 KM.<\/p>\n\n\n\n<p>\u017dupanijska ministarstva su du\u017ena ud\u017ebenike nabaviti od ovla\u0161tenih izdava\u010dkih ku\u0107a s podru\u010dja BiH, a oni, izuzev ud\u017ebenika stranih jezika, trebaju biti tiskani u BiH. Tako\u0111er, ukoliko neko ministarstvo, iz bilo kojih razloga, ne realizira nabavku ud\u017ebenika, obvezno je izvr\u0161iti povrat sredstava.<\/p>\n\n\n\n<p>Izvor:pogled.ba<\/p>\n","protected":false},"excerpt":{"rendered":"<p>Federalno ministarstvo obrazovanja i znanosti priop\u0107ilo je da je ove godine osiguralo 400.000 KM za nabavku besplatnih ud\u017ebenika za u\u010denike u stanju socijalne potrebe koji poha\u0111aju osnovno obrazovanje u \u0161kolskoj u 2022\/2023. godini na podru\u010dju cijele Federacije BiH. Iz Ministarstva isti\u010du da u zajedni\u010dkoj realizaciji ovog projekta sudjeluje svih deset \u017eupanija, a ugovori su ve\u0107 [&hellip;]<\/p>\n","protected":false},"author":2,"featured_media":152275,"comment_status":"closed","ping_status":"closed","sticky":false,"template":"","format":"standard","meta":{"h5ap_radio_sources":[],"footnotes":""},"categories":[1],"tags":[],"class_list":["post-152274","post","type-post","status-publish","format-standard","has-post-thumbnail","hentry","category-bihiregija"],"yoast_head":"<!-- This site is optimized with the Yoast SEO plugin v27.4 - https:\/\/yoast.com\/product\/yoast-seo-wordpress\/ -->\n<title>Federacija \u017eupanijama raspodijelila 400 000 maraka za nabavu ud\u017ebenika - RADIO LJUBU\u0160KI<\/title>\n<meta name=\"robots\" content=\"index, follow, max-snippet:-1, max-image-preview:large, max-video-preview:-1\" \/>\n<link rel=\"canonical\" href=\"https:\/\/radioljubuski.ba\/index.php\/2022\/06\/22\/federacija-zupanijama-raspodijelila-400-000-maraka-za-nabavu-udzbenika\/\" \/>\n<meta property=\"og:locale\" content=\"hr_HR\" \/>\n<meta property=\"og:type\" content=\"article\" \/>\n<meta property=\"og:title\" content=\"Federacija \u017eupanijama raspodijelila 400 000 maraka za nabavu ud\u017ebenika - RADIO LJUBU\u0160KI\" \/>\n<meta property=\"og:description\" content=\"Federalno ministarstvo obrazovanja i znanosti priop\u0107ilo je da je ove godine osiguralo 400.000 KM za nabavku besplatnih ud\u017ebenika za u\u010denike u stanju socijalne potrebe koji poha\u0111aju osnovno obrazovanje u \u0161kolskoj u 2022\/2023. godini na podru\u010dju cijele Federacije BiH. Iz Ministarstva isti\u010du da u zajedni\u010dkoj realizaciji ovog projekta sudjeluje svih deset \u017eupanija, a ugovori su ve\u0107 [&hellip;]\" \/>\n<meta property=\"og:url\" content=\"https:\/\/radioljubuski.ba\/index.php\/2022\/06\/22\/federacija-zupanijama-raspodijelila-400-000-maraka-za-nabavu-udzbenika\/\" \/>\n<meta property=\"og:site_name\" content=\"RADIO LJUBU\u0160KI\" \/>\n<meta property=\"article:publisher\" content=\"https:\/\/www.facebook.com\/Radiio-Ljubuski-1490835324566332\" \/>\n<meta property=\"article:published_time\" content=\"2022-06-22T15:55:06+00:00\" \/>\n<meta property=\"og:image\" content=\"https:\/\/radioljubuski.ba\/wp-content\/uploads\/2022\/06\/S8JEIQKY_dujmovic.jpg\" \/>\n\t<meta property=\"og:image:width\" content=\"1000\" \/>\n\t<meta property=\"og:image:height\" content=\"625\" \/>\n\t<meta property=\"og:image:type\" content=\"image\/jpeg\" \/>\n<meta name=\"author\" content=\"Radio Ljubu\u0161ki\" \/>\n<meta name=\"twitter:card\" content=\"summary_large_image\" \/>\n<meta name=\"twitter:creator\" content=\"@radioljubuski\" \/>\n<meta name=\"twitter:site\" content=\"@radioljubuski\" \/>\n<meta name=\"twitter:label1\" content=\"Napisao\/la\" \/>\n\t<meta name=\"twitter:data1\" content=\"Radio Ljubu\u0161ki\" \/>\n\t<meta name=\"twitter:label2\" content=\"Procijenjeno vrijeme \u010ditanja\" \/>\n\t<meta name=\"twitter:data2\" content=\"1 minuta\" \/>\n<script type=\"application\/ld+json\" class=\"yoast-schema-graph\">{\"@context\":\"https:\\\/\\\/schema.org\",\"@graph\":[{\"@type\":\"Article\",\"@id\":\"https:\\\/\\\/radioljubuski.ba\\\/index.php\\\/2022\\\/06\\\/22\\\/federacija-zupanijama-raspodijelila-400-000-maraka-za-nabavu-udzbenika\\\/#article\",\"isPartOf\":{\"@id\":\"https:\\\/\\\/radioljubuski.ba\\\/index.php\\\/2022\\\/06\\\/22\\\/federacija-zupanijama-raspodijelila-400-000-maraka-za-nabavu-udzbenika\\\/\"},\"author\":{\"name\":\"Radio Ljubu\u0161ki\",\"@id\":\"https:\\\/\\\/radioljubuski.ba\\\/#\\\/schema\\\/person\\\/19fc700381a780f69665d7956c469e3b\"},\"headline\":\"Federacija \u017eupanijama raspodijelila 400 000 maraka za nabavu ud\u017ebenika\",\"datePublished\":\"2022-06-22T15:55:06+00:00\",\"mainEntityOfPage\":{\"@id\":\"https:\\\/\\\/radioljubuski.ba\\\/index.php\\\/2022\\\/06\\\/22\\\/federacija-zupanijama-raspodijelila-400-000-maraka-za-nabavu-udzbenika\\\/\"},\"wordCount\":246,\"publisher\":{\"@id\":\"https:\\\/\\\/radioljubuski.ba\\\/#organization\"},\"image\":{\"@id\":\"https:\\\/\\\/radioljubuski.ba\\\/index.php\\\/2022\\\/06\\\/22\\\/federacija-zupanijama-raspodijelila-400-000-maraka-za-nabavu-udzbenika\\\/#primaryimage\"},\"thumbnailUrl\":\"https:\\\/\\\/radioljubuski.ba\\\/wp-content\\\/uploads\\\/2022\\\/06\\\/S8JEIQKY_dujmovic.jpg\",\"articleSection\":[\"BIH i regija\"],\"inLanguage\":\"hr\"},{\"@type\":\"WebPage\",\"@id\":\"https:\\\/\\\/radioljubuski.ba\\\/index.php\\\/2022\\\/06\\\/22\\\/federacija-zupanijama-raspodijelila-400-000-maraka-za-nabavu-udzbenika\\\/\",\"url\":\"https:\\\/\\\/radioljubuski.ba\\\/index.php\\\/2022\\\/06\\\/22\\\/federacija-zupanijama-raspodijelila-400-000-maraka-za-nabavu-udzbenika\\\/\",\"name\":\"Federacija \u017eupanijama raspodijelila 400 000 maraka za nabavu ud\u017ebenika - RADIO LJUBU\u0160KI\",\"isPartOf\":{\"@id\":\"https:\\\/\\\/radioljubuski.ba\\\/#website\"},\"primaryImageOfPage\":{\"@id\":\"https:\\\/\\\/radioljubuski.ba\\\/index.php\\\/2022\\\/06\\\/22\\\/federacija-zupanijama-raspodijelila-400-000-maraka-za-nabavu-udzbenika\\\/#primaryimage\"},\"image\":{\"@id\":\"https:\\\/\\\/radioljubuski.ba\\\/index.php\\\/2022\\\/06\\\/22\\\/federacija-zupanijama-raspodijelila-400-000-maraka-za-nabavu-udzbenika\\\/#primaryimage\"},\"thumbnailUrl\":\"https:\\\/\\\/radioljubuski.ba\\\/wp-content\\\/uploads\\\/2022\\\/06\\\/S8JEIQKY_dujmovic.jpg\",\"datePublished\":\"2022-06-22T15:55:06+00:00\",\"breadcrumb\":{\"@id\":\"https:\\\/\\\/radioljubuski.ba\\\/index.php\\\/2022\\\/06\\\/22\\\/federacija-zupanijama-raspodijelila-400-000-maraka-za-nabavu-udzbenika\\\/#breadcrumb\"},\"inLanguage\":\"hr\",\"potentialAction\":[{\"@type\":\"ReadAction\",\"target\":[\"https:\\\/\\\/radioljubuski.ba\\\/index.php\\\/2022\\\/06\\\/22\\\/federacija-zupanijama-raspodijelila-400-000-maraka-za-nabavu-udzbenika\\\/\"]}]},{\"@type\":\"ImageObject\",\"inLanguage\":\"hr\",\"@id\":\"https:\\\/\\\/radioljubuski.ba\\\/index.php\\\/2022\\\/06\\\/22\\\/federacija-zupanijama-raspodijelila-400-000-maraka-za-nabavu-udzbenika\\\/#primaryimage\",\"url\":\"https:\\\/\\\/radioljubuski.ba\\\/wp-content\\\/uploads\\\/2022\\\/06\\\/S8JEIQKY_dujmovic.jpg\",\"contentUrl\":\"https:\\\/\\\/radioljubuski.ba\\\/wp-content\\\/uploads\\\/2022\\\/06\\\/S8JEIQKY_dujmovic.jpg\",\"width\":1000,\"height\":625},{\"@type\":\"BreadcrumbList\",\"@id\":\"https:\\\/\\\/radioljubuski.ba\\\/index.php\\\/2022\\\/06\\\/22\\\/federacija-zupanijama-raspodijelila-400-000-maraka-za-nabavu-udzbenika\\\/#breadcrumb\",\"itemListElement\":[{\"@type\":\"ListItem\",\"position\":1,\"name\":\"Po\u010detna stranica\",\"item\":\"https:\\\/\\\/radioljubuski.ba\\\/\"},{\"@type\":\"ListItem\",\"position\":2,\"name\":\"Federacija \u017eupanijama raspodijelila 400 000 maraka za nabavu ud\u017ebenika\"}]},{\"@type\":\"WebSite\",\"@id\":\"https:\\\/\\\/radioljubuski.ba\\\/#website\",\"url\":\"https:\\\/\\\/radioljubuski.ba\\\/\",\"name\":\"Radio Ljubu\u0161ki\",\"description\":\"Sun\u010dana frekvencija Hercegovine\",\"publisher\":{\"@id\":\"https:\\\/\\\/radioljubuski.ba\\\/#organization\"},\"potentialAction\":[{\"@type\":\"SearchAction\",\"target\":{\"@type\":\"EntryPoint\",\"urlTemplate\":\"https:\\\/\\\/radioljubuski.ba\\\/?s={search_term_string}\"},\"query-input\":{\"@type\":\"PropertyValueSpecification\",\"valueRequired\":true,\"valueName\":\"search_term_string\"}}],\"inLanguage\":\"hr\"},{\"@type\":\"Organization\",\"@id\":\"https:\\\/\\\/radioljubuski.ba\\\/#organization\",\"name\":\"Radio Ljubu\u0161ki\",\"url\":\"https:\\\/\\\/radioljubuski.ba\\\/\",\"logo\":{\"@type\":\"ImageObject\",\"inLanguage\":\"hr\",\"@id\":\"https:\\\/\\\/radioljubuski.ba\\\/#\\\/schema\\\/logo\\\/image\\\/\",\"url\":\"https:\\\/\\\/radioljubuski.ba\\\/wp-content\\\/uploads\\\/2021\\\/02\\\/cropped-Radio_Ljubuski_logo1.jpg\",\"contentUrl\":\"https:\\\/\\\/radioljubuski.ba\\\/wp-content\\\/uploads\\\/2021\\\/02\\\/cropped-Radio_Ljubuski_logo1.jpg\",\"width\":512,\"height\":512,\"caption\":\"Radio Ljubu\u0161ki\"},\"image\":{\"@id\":\"https:\\\/\\\/radioljubuski.ba\\\/#\\\/schema\\\/logo\\\/image\\\/\"},\"sameAs\":[\"https:\\\/\\\/www.facebook.com\\\/Radiio-Ljubuski-1490835324566332\",\"https:\\\/\\\/x.com\\\/radioljubuski\",\"https:\\\/\\\/hr.linkedin.com\\\/company\\\/radio-ljubuski\",\"https:\\\/\\\/www.youtube.com\\\/channel\\\/UCHYaeO_n0Db3tjNGudGpXyw\"]},{\"@type\":\"Person\",\"@id\":\"https:\\\/\\\/radioljubuski.ba\\\/#\\\/schema\\\/person\\\/19fc700381a780f69665d7956c469e3b\",\"name\":\"Radio Ljubu\u0161ki\"}]}<\/script>\n<!-- \/ Yoast SEO plugin. -->","yoast_head_json":{"title":"Federacija \u017eupanijama raspodijelila 400 000 maraka za nabavu ud\u017ebenika - RADIO LJUBU\u0160KI","robots":{"index":"index","follow":"follow","max-snippet":"max-snippet:-1","max-image-preview":"max-image-preview:large","max-video-preview":"max-video-preview:-1"},"canonical":"https:\/\/radioljubuski.ba\/index.php\/2022\/06\/22\/federacija-zupanijama-raspodijelila-400-000-maraka-za-nabavu-udzbenika\/","og_locale":"hr_HR","og_type":"article","og_title":"Federacija \u017eupanijama raspodijelila 400 000 maraka za nabavu ud\u017ebenika - RADIO LJUBU\u0160KI","og_description":"Federalno ministarstvo obrazovanja i znanosti priop\u0107ilo je da je ove godine osiguralo 400.000 KM za nabavku besplatnih ud\u017ebenika za u\u010denike u stanju socijalne potrebe koji poha\u0111aju osnovno obrazovanje u \u0161kolskoj u 2022\/2023. godini na podru\u010dju cijele Federacije BiH. Iz Ministarstva isti\u010du da u zajedni\u010dkoj realizaciji ovog projekta sudjeluje svih deset \u017eupanija, a ugovori su ve\u0107 [&hellip;]","og_url":"https:\/\/radioljubuski.ba\/index.php\/2022\/06\/22\/federacija-zupanijama-raspodijelila-400-000-maraka-za-nabavu-udzbenika\/","og_site_name":"RADIO LJUBU\u0160KI","article_publisher":"https:\/\/www.facebook.com\/Radiio-Ljubuski-1490835324566332","article_published_time":"2022-06-22T15:55:06+00:00","og_image":[{"width":1000,"height":625,"url":"https:\/\/radioljubuski.ba\/wp-content\/uploads\/2022\/06\/S8JEIQKY_dujmovic.jpg","type":"image\/jpeg"}],"author":"Radio Ljubu\u0161ki","twitter_card":"summary_large_image","twitter_creator":"@radioljubuski","twitter_site":"@radioljubuski","twitter_misc":{"Napisao\/la":"Radio Ljubu\u0161ki","Procijenjeno vrijeme \u010ditanja":"1 minuta"},"schema":{"@context":"https:\/\/schema.org","@graph":[{"@type":"Article","@id":"https:\/\/radioljubuski.ba\/index.php\/2022\/06\/22\/federacija-zupanijama-raspodijelila-400-000-maraka-za-nabavu-udzbenika\/#article","isPartOf":{"@id":"https:\/\/radioljubuski.ba\/index.php\/2022\/06\/22\/federacija-zupanijama-raspodijelila-400-000-maraka-za-nabavu-udzbenika\/"},"author":{"name":"Radio Ljubu\u0161ki","@id":"https:\/\/radioljubuski.ba\/#\/schema\/person\/19fc700381a780f69665d7956c469e3b"},"headline":"Federacija \u017eupanijama raspodijelila 400 000 maraka za nabavu ud\u017ebenika","datePublished":"2022-06-22T15:55:06+00:00","mainEntityOfPage":{"@id":"https:\/\/radioljubuski.ba\/index.php\/2022\/06\/22\/federacija-zupanijama-raspodijelila-400-000-maraka-za-nabavu-udzbenika\/"},"wordCount":246,"publisher":{"@id":"https:\/\/radioljubuski.ba\/#organization"},"image":{"@id":"https:\/\/radioljubuski.ba\/index.php\/2022\/06\/22\/federacija-zupanijama-raspodijelila-400-000-maraka-za-nabavu-udzbenika\/#primaryimage"},"thumbnailUrl":"https:\/\/radioljubuski.ba\/wp-content\/uploads\/2022\/06\/S8JEIQKY_dujmovic.jpg","articleSection":["BIH i regija"],"inLanguage":"hr"},{"@type":"WebPage","@id":"https:\/\/radioljubuski.ba\/index.php\/2022\/06\/22\/federacija-zupanijama-raspodijelila-400-000-maraka-za-nabavu-udzbenika\/","url":"https:\/\/radioljubuski.ba\/index.php\/2022\/06\/22\/federacija-zupanijama-raspodijelila-400-000-maraka-za-nabavu-udzbenika\/","name":"Federacija \u017eupanijama raspodijelila 400 000 maraka za nabavu ud\u017ebenika - RADIO LJUBU\u0160KI","isPartOf":{"@id":"https:\/\/radioljubuski.ba\/#website"},"primaryImageOfPage":{"@id":"https:\/\/radioljubuski.ba\/index.php\/2022\/06\/22\/federacija-zupanijama-raspodijelila-400-000-maraka-za-nabavu-udzbenika\/#primaryimage"},"image":{"@id":"https:\/\/radioljubuski.ba\/index.php\/2022\/06\/22\/federacija-zupanijama-raspodijelila-400-000-maraka-za-nabavu-udzbenika\/#primaryimage"},"thumbnailUrl":"https:\/\/radioljubuski.ba\/wp-content\/uploads\/2022\/06\/S8JEIQKY_dujmovic.jpg","datePublished":"2022-06-22T15:55:06+00:00","breadcrumb":{"@id":"https:\/\/radioljubuski.ba\/index.php\/2022\/06\/22\/federacija-zupanijama-raspodijelila-400-000-maraka-za-nabavu-udzbenika\/#breadcrumb"},"inLanguage":"hr","potentialAction":[{"@type":"ReadAction","target":["https:\/\/radioljubuski.ba\/index.php\/2022\/06\/22\/federacija-zupanijama-raspodijelila-400-000-maraka-za-nabavu-udzbenika\/"]}]},{"@type":"ImageObject","inLanguage":"hr","@id":"https:\/\/radioljubuski.ba\/index.php\/2022\/06\/22\/federacija-zupanijama-raspodijelila-400-000-maraka-za-nabavu-udzbenika\/#primaryimage","url":"https:\/\/radioljubuski.ba\/wp-content\/uploads\/2022\/06\/S8JEIQKY_dujmovic.jpg","contentUrl":"https:\/\/radioljubuski.ba\/wp-content\/uploads\/2022\/06\/S8JEIQKY_dujmovic.jpg","width":1000,"height":625},{"@type":"BreadcrumbList","@id":"https:\/\/radioljubuski.ba\/index.php\/2022\/06\/22\/federacija-zupanijama-raspodijelila-400-000-maraka-za-nabavu-udzbenika\/#breadcrumb","itemListElement":[{"@type":"ListItem","position":1,"name":"Po\u010detna stranica","item":"https:\/\/radioljubuski.ba\/"},{"@type":"ListItem","position":2,"name":"Federacija \u017eupanijama raspodijelila 400 000 maraka za nabavu ud\u017ebenika"}]},{"@type":"WebSite","@id":"https:\/\/radioljubuski.ba\/#website","url":"https:\/\/radioljubuski.ba\/","name":"Radio Ljubu\u0161ki","description":"Sun\u010dana frekvencija Hercegovine","publisher":{"@id":"https:\/\/radioljubuski.ba\/#organization"},"potentialAction":[{"@type":"SearchAction","target":{"@type":"EntryPoint","urlTemplate":"https:\/\/radioljubuski.ba\/?s={search_term_string}"},"query-input":{"@type":"PropertyValueSpecification","valueRequired":true,"valueName":"search_term_string"}}],"inLanguage":"hr"},{"@type":"Organization","@id":"https:\/\/radioljubuski.ba\/#organization","name":"Radio Ljubu\u0161ki","url":"https:\/\/radioljubuski.ba\/","logo":{"@type":"ImageObject","inLanguage":"hr","@id":"https:\/\/radioljubuski.ba\/#\/schema\/logo\/image\/","url":"https:\/\/radioljubuski.ba\/wp-content\/uploads\/2021\/02\/cropped-Radio_Ljubuski_logo1.jpg","contentUrl":"https:\/\/radioljubuski.ba\/wp-content\/uploads\/2021\/02\/cropped-Radio_Ljubuski_logo1.jpg","width":512,"height":512,"caption":"Radio Ljubu\u0161ki"},"image":{"@id":"https:\/\/radioljubuski.ba\/#\/schema\/logo\/image\/"},"sameAs":["https:\/\/www.facebook.com\/Radiio-Ljubuski-1490835324566332","https:\/\/x.com\/radioljubuski","https:\/\/hr.linkedin.com\/company\/radio-ljubuski","https:\/\/www.youtube.com\/channel\/UCHYaeO_n0Db3tjNGudGpXyw"]},{"@type":"Person","@id":"https:\/\/radioljubuski.ba\/#\/schema\/person\/19fc700381a780f69665d7956c469e3b","name":"Radio Ljubu\u0161ki"}]}},"_links":{"self":[{"href":"https:\/\/radioljubuski.ba\/index.php\/wp-json\/wp\/v2\/posts\/152274","targetHints":{"allow":["GET"]}}],"collection":[{"href":"https:\/\/radioljubuski.ba\/index.php\/wp-json\/wp\/v2\/posts"}],"about":[{"href":"https:\/\/radioljubuski.ba\/index.php\/wp-json\/wp\/v2\/types\/post"}],"author":[{"embeddable":true,"href":"https:\/\/radioljubuski.ba\/index.php\/wp-json\/wp\/v2\/users\/2"}],"replies":[{"embeddable":true,"href":"https:\/\/radioljubuski.ba\/index.php\/wp-json\/wp\/v2\/comments?post=152274"}],"version-history":[{"count":1,"href":"https:\/\/radioljubuski.ba\/index.php\/wp-json\/wp\/v2\/posts\/152274\/revisions"}],"predecessor-version":[{"id":152276,"href":"https:\/\/radioljubuski.ba\/index.php\/wp-json\/wp\/v2\/posts\/152274\/revisions\/152276"}],"wp:featuredmedia":[{"embeddable":true,"href":"https:\/\/radioljubuski.ba\/index.php\/wp-json\/wp\/v2\/media\/152275"}],"wp:attachment":[{"href":"https:\/\/radioljubuski.ba\/index.php\/wp-json\/wp\/v2\/media?parent=152274"}],"wp:term":[{"taxonomy":"category","embeddable":true,"href":"https:\/\/radioljubuski.ba\/index.php\/wp-json\/wp\/v2\/categories?post=152274"},{"taxonomy":"post_tag","embeddable":true,"href":"https:\/\/radioljubuski.ba\/index.php\/wp-json\/wp\/v2\/tags?post=152274"}],"curies":[{"name":"wp","href":"https:\/\/api.w.org\/{rel}","templated":true}]}}