{"id":152299,"date":"2022-06-22T17:06:07","date_gmt":"2022-06-22T16:06:07","guid":{"rendered":"https:\/\/radioljubuski.ba\/?p=152299"},"modified":"2022-06-22T17:06:08","modified_gmt":"2022-06-22T16:06:08","slug":"predao-se-bjegunac-iz-bih-koji-se-sumnjici-za-medunarodno-krijumcarenje-narkotika","status":"publish","type":"post","link":"https:\/\/radioljubuski.ba\/index.php\/2022\/06\/22\/predao-se-bjegunac-iz-bih-koji-se-sumnjici-za-medunarodno-krijumcarenje-narkotika\/","title":{"rendered":"Predao se bjegunac iz BiH koji se sumnji\u010di za me\u0111unarodno krijum\u010darenje narkotika"},"content":{"rendered":"\n<p>Osumnji\u010deni u predmetu kodnog naziva &#8220;Storage&#8221; Jovica Gruji\u0107, koji je bio nedostupan pravosu\u0111u BiH, predao se Tu\u017eiteljstvu BiH. On je, u okviru predmeta &#8220;Uglje\u0161a Ugrenovi\u0107 i dr.&#8221;, osumnji\u010den za me\u0111unarodno krijum\u010darenje narkotika zajedno sa jo\u0161 nekoliko dr\u017eavljana BiH.<\/p>\n\n\n\n<p>Rije\u010d je o predmetu za organizirani kriminal, a osim me\u0111unarodnog krijum\u010darenja opojnih droga, sumnji\u010de se i za pranje novca i druga kaznena djela.<\/p>\n\n\n\n<p>Tu\u017eiteljstvo u suradnji s&nbsp;partnerskim institucijama u BiH, zemljama regije i EU, vodi istragu protiv skupine koja je djelovala na podru\u010dju&nbsp;Bosanske Gradi\u0161ke, Banje Luke, Prijedora&nbsp;i drugih gradova BiH.<\/p>\n\n\n\n<p>Za Banjolu\u010danina Jovicu Gruji\u0107a, ro\u0111enog 1992. godine, bit \u0107e predlo\u017eeno odre\u0111ivanje mjere pritvora. Ina\u010de, Tu\u017eiteljstvo BiH je uz pomo\u0107 aplikacije Sky razotkrilo narko bandu koja se bavila me\u0111unarodnim kriojum\u010darenjem droge, a upravo je Gruji\u0107 osumnji\u010den da je kao \u010dlan te bande sudjelovao u kr\u0161enju zakona, pi\u0161e Klix.<\/p>\n\n\n\n<p>U okviru dvije akcije MUP-a RS-a provedenih pro\u0161le godine uhi\u0107eni su pojedini \u010dlanovi bande, me\u0111utim nisu svi osumnji\u010deni bili dostupni bh. pravosu\u0111u. Osim Gruji\u0107a, policijski organi nisu mogli prona\u0107i ni Predraga Stani\u0161ljevi\u0107a koji se ubrzo predao.<\/p>\n\n\n\n<p>Pored njih dvojice, uhi\u0107eno je i pritvoreno vi\u0161e osumnji\u010denih me\u0111u kojima Veljko Ugrenovi\u0107, Mladen Grbi\u0107, Savo Dragi\u0161i\u0107, Sa\u0161a Vidovi\u0107, Aleksandar Vitez, Filip Munjeran, Gordan Gvozden, Dra\u017een Karan, Dragoslav Radakovi\u0107, Darko Vuji\u0107, Kostadin Balaban iz Gradi\u0161ke, Neboj\u0161a Tojagi\u0107 iz Banje Luke, Dario Ta\u0161kov iz Bosanskog Novog i Radivoj Leki\u0107 iz Lakta\u0161a.<\/p>\n\n\n\n<p>Akcijama su obuhva\u0107eni i Milivoje Lovrenovi\u0107 koji se sumnji\u010di za ubojjstvo Slavi\u0161e Stojanovi\u0107a, te Dario Jeki\u0107, Predrag Patkovi\u0107 i Vladica Pavlovi\u0107.<\/p>\n\n\n\n<p>Pretreseno je vi\u0161e desetina lokacija, a prona\u0111eni su opojna droga, laboratorija za uzgoj, novac i oru\u017eje.<\/p>\n\n\n\n<p>Izvor:klix.ba<\/p>\n","protected":false},"excerpt":{"rendered":"<p>Osumnji\u010deni u predmetu kodnog naziva &#8220;Storage&#8221; Jovica Gruji\u0107, koji je bio nedostupan pravosu\u0111u BiH, predao se Tu\u017eiteljstvu BiH. On je, u okviru predmeta &#8220;Uglje\u0161a Ugrenovi\u0107 i dr.&#8221;, osumnji\u010den za me\u0111unarodno krijum\u010darenje narkotika zajedno sa jo\u0161 nekoliko dr\u017eavljana BiH. Rije\u010d je o predmetu za organizirani kriminal, a osim me\u0111unarodnog krijum\u010darenja opojnih droga, sumnji\u010de se i za [&hellip;]<\/p>\n","protected":false},"author":2,"featured_media":69697,"comment_status":"closed","ping_status":"closed","sticky":false,"template":"","format":"standard","meta":{"h5ap_radio_sources":[],"footnotes":""},"categories":[1],"tags":[],"class_list":["post-152299","post","type-post","status-publish","format-standard","has-post-thumbnail","hentry","category-bihiregija"],"yoast_head":"<!-- This site is optimized with the Yoast SEO plugin v27.4 - https:\/\/yoast.com\/product\/yoast-seo-wordpress\/ -->\n<title>Predao se bjegunac iz BiH koji se sumnji\u010di za me\u0111unarodno krijum\u010darenje narkotika - RADIO LJUBU\u0160KI<\/title>\n<meta name=\"robots\" content=\"index, follow, max-snippet:-1, max-image-preview:large, max-video-preview:-1\" \/>\n<link rel=\"canonical\" href=\"https:\/\/radioljubuski.ba\/index.php\/2022\/06\/22\/predao-se-bjegunac-iz-bih-koji-se-sumnjici-za-medunarodno-krijumcarenje-narkotika\/\" \/>\n<meta property=\"og:locale\" content=\"hr_HR\" \/>\n<meta property=\"og:type\" content=\"article\" \/>\n<meta property=\"og:title\" content=\"Predao se bjegunac iz BiH koji se sumnji\u010di za me\u0111unarodno krijum\u010darenje narkotika - RADIO LJUBU\u0160KI\" \/>\n<meta property=\"og:description\" content=\"Osumnji\u010deni u predmetu kodnog naziva &#8220;Storage&#8221; Jovica Gruji\u0107, koji je bio nedostupan pravosu\u0111u BiH, predao se Tu\u017eiteljstvu BiH. On je, u okviru predmeta &#8220;Uglje\u0161a Ugrenovi\u0107 i dr.&#8221;, osumnji\u010den za me\u0111unarodno krijum\u010darenje narkotika zajedno sa jo\u0161 nekoliko dr\u017eavljana BiH. Rije\u010d je o predmetu za organizirani kriminal, a osim me\u0111unarodnog krijum\u010darenja opojnih droga, sumnji\u010de se i za [&hellip;]\" \/>\n<meta property=\"og:url\" content=\"https:\/\/radioljubuski.ba\/index.php\/2022\/06\/22\/predao-se-bjegunac-iz-bih-koji-se-sumnjici-za-medunarodno-krijumcarenje-narkotika\/\" \/>\n<meta property=\"og:site_name\" content=\"RADIO LJUBU\u0160KI\" \/>\n<meta property=\"article:publisher\" content=\"https:\/\/www.facebook.com\/Radiio-Ljubuski-1490835324566332\" \/>\n<meta property=\"article:published_time\" content=\"2022-06-22T16:06:07+00:00\" \/>\n<meta property=\"article:modified_time\" content=\"2022-06-22T16:06:08+00:00\" \/>\n<meta property=\"og:image\" content=\"https:\/\/radioljubuski.ba\/wp-content\/uploads\/2021\/09\/oVDch7SZ_lisice.jpg\" \/>\n\t<meta property=\"og:image:width\" content=\"1000\" \/>\n\t<meta property=\"og:image:height\" content=\"625\" \/>\n\t<meta property=\"og:image:type\" content=\"image\/jpeg\" \/>\n<meta name=\"author\" content=\"Radio Ljubu\u0161ki\" \/>\n<meta name=\"twitter:card\" content=\"summary_large_image\" \/>\n<meta name=\"twitter:creator\" content=\"@radioljubuski\" \/>\n<meta name=\"twitter:site\" content=\"@radioljubuski\" \/>\n<meta name=\"twitter:label1\" content=\"Napisao\/la\" \/>\n\t<meta name=\"twitter:data1\" content=\"Radio Ljubu\u0161ki\" \/>\n\t<meta name=\"twitter:label2\" content=\"Procijenjeno vrijeme \u010ditanja\" \/>\n\t<meta name=\"twitter:data2\" content=\"2 minute\" \/>\n<script type=\"application\/ld+json\" class=\"yoast-schema-graph\">{\"@context\":\"https:\\\/\\\/schema.org\",\"@graph\":[{\"@type\":\"Article\",\"@id\":\"https:\\\/\\\/radioljubuski.ba\\\/index.php\\\/2022\\\/06\\\/22\\\/predao-se-bjegunac-iz-bih-koji-se-sumnjici-za-medunarodno-krijumcarenje-narkotika\\\/#article\",\"isPartOf\":{\"@id\":\"https:\\\/\\\/radioljubuski.ba\\\/index.php\\\/2022\\\/06\\\/22\\\/predao-se-bjegunac-iz-bih-koji-se-sumnjici-za-medunarodno-krijumcarenje-narkotika\\\/\"},\"author\":{\"name\":\"Radio Ljubu\u0161ki\",\"@id\":\"https:\\\/\\\/radioljubuski.ba\\\/#\\\/schema\\\/person\\\/19fc700381a780f69665d7956c469e3b\"},\"headline\":\"Predao se bjegunac iz BiH koji se sumnji\u010di za me\u0111unarodno krijum\u010darenje narkotika\",\"datePublished\":\"2022-06-22T16:06:07+00:00\",\"dateModified\":\"2022-06-22T16:06:08+00:00\",\"mainEntityOfPage\":{\"@id\":\"https:\\\/\\\/radioljubuski.ba\\\/index.php\\\/2022\\\/06\\\/22\\\/predao-se-bjegunac-iz-bih-koji-se-sumnjici-za-medunarodno-krijumcarenje-narkotika\\\/\"},\"wordCount\":334,\"publisher\":{\"@id\":\"https:\\\/\\\/radioljubuski.ba\\\/#organization\"},\"image\":{\"@id\":\"https:\\\/\\\/radioljubuski.ba\\\/index.php\\\/2022\\\/06\\\/22\\\/predao-se-bjegunac-iz-bih-koji-se-sumnjici-za-medunarodno-krijumcarenje-narkotika\\\/#primaryimage\"},\"thumbnailUrl\":\"https:\\\/\\\/radioljubuski.ba\\\/wp-content\\\/uploads\\\/2021\\\/09\\\/oVDch7SZ_lisice.jpg\",\"articleSection\":[\"BIH i regija\"],\"inLanguage\":\"hr\"},{\"@type\":\"WebPage\",\"@id\":\"https:\\\/\\\/radioljubuski.ba\\\/index.php\\\/2022\\\/06\\\/22\\\/predao-se-bjegunac-iz-bih-koji-se-sumnjici-za-medunarodno-krijumcarenje-narkotika\\\/\",\"url\":\"https:\\\/\\\/radioljubuski.ba\\\/index.php\\\/2022\\\/06\\\/22\\\/predao-se-bjegunac-iz-bih-koji-se-sumnjici-za-medunarodno-krijumcarenje-narkotika\\\/\",\"name\":\"Predao se bjegunac iz BiH koji se sumnji\u010di za me\u0111unarodno krijum\u010darenje narkotika - RADIO LJUBU\u0160KI\",\"isPartOf\":{\"@id\":\"https:\\\/\\\/radioljubuski.ba\\\/#website\"},\"primaryImageOfPage\":{\"@id\":\"https:\\\/\\\/radioljubuski.ba\\\/index.php\\\/2022\\\/06\\\/22\\\/predao-se-bjegunac-iz-bih-koji-se-sumnjici-za-medunarodno-krijumcarenje-narkotika\\\/#primaryimage\"},\"image\":{\"@id\":\"https:\\\/\\\/radioljubuski.ba\\\/index.php\\\/2022\\\/06\\\/22\\\/predao-se-bjegunac-iz-bih-koji-se-sumnjici-za-medunarodno-krijumcarenje-narkotika\\\/#primaryimage\"},\"thumbnailUrl\":\"https:\\\/\\\/radioljubuski.ba\\\/wp-content\\\/uploads\\\/2021\\\/09\\\/oVDch7SZ_lisice.jpg\",\"datePublished\":\"2022-06-22T16:06:07+00:00\",\"dateModified\":\"2022-06-22T16:06:08+00:00\",\"breadcrumb\":{\"@id\":\"https:\\\/\\\/radioljubuski.ba\\\/index.php\\\/2022\\\/06\\\/22\\\/predao-se-bjegunac-iz-bih-koji-se-sumnjici-za-medunarodno-krijumcarenje-narkotika\\\/#breadcrumb\"},\"inLanguage\":\"hr\",\"potentialAction\":[{\"@type\":\"ReadAction\",\"target\":[\"https:\\\/\\\/radioljubuski.ba\\\/index.php\\\/2022\\\/06\\\/22\\\/predao-se-bjegunac-iz-bih-koji-se-sumnjici-za-medunarodno-krijumcarenje-narkotika\\\/\"]}]},{\"@type\":\"ImageObject\",\"inLanguage\":\"hr\",\"@id\":\"https:\\\/\\\/radioljubuski.ba\\\/index.php\\\/2022\\\/06\\\/22\\\/predao-se-bjegunac-iz-bih-koji-se-sumnjici-za-medunarodno-krijumcarenje-narkotika\\\/#primaryimage\",\"url\":\"https:\\\/\\\/radioljubuski.ba\\\/wp-content\\\/uploads\\\/2021\\\/09\\\/oVDch7SZ_lisice.jpg\",\"contentUrl\":\"https:\\\/\\\/radioljubuski.ba\\\/wp-content\\\/uploads\\\/2021\\\/09\\\/oVDch7SZ_lisice.jpg\",\"width\":1000,\"height\":625},{\"@type\":\"BreadcrumbList\",\"@id\":\"https:\\\/\\\/radioljubuski.ba\\\/index.php\\\/2022\\\/06\\\/22\\\/predao-se-bjegunac-iz-bih-koji-se-sumnjici-za-medunarodno-krijumcarenje-narkotika\\\/#breadcrumb\",\"itemListElement\":[{\"@type\":\"ListItem\",\"position\":1,\"name\":\"Po\u010detna stranica\",\"item\":\"https:\\\/\\\/radioljubuski.ba\\\/\"},{\"@type\":\"ListItem\",\"position\":2,\"name\":\"Predao se bjegunac iz BiH koji se sumnji\u010di za me\u0111unarodno krijum\u010darenje narkotika\"}]},{\"@type\":\"WebSite\",\"@id\":\"https:\\\/\\\/radioljubuski.ba\\\/#website\",\"url\":\"https:\\\/\\\/radioljubuski.ba\\\/\",\"name\":\"Radio Ljubu\u0161ki\",\"description\":\"Sun\u010dana frekvencija Hercegovine\",\"publisher\":{\"@id\":\"https:\\\/\\\/radioljubuski.ba\\\/#organization\"},\"potentialAction\":[{\"@type\":\"SearchAction\",\"target\":{\"@type\":\"EntryPoint\",\"urlTemplate\":\"https:\\\/\\\/radioljubuski.ba\\\/?s={search_term_string}\"},\"query-input\":{\"@type\":\"PropertyValueSpecification\",\"valueRequired\":true,\"valueName\":\"search_term_string\"}}],\"inLanguage\":\"hr\"},{\"@type\":\"Organization\",\"@id\":\"https:\\\/\\\/radioljubuski.ba\\\/#organization\",\"name\":\"Radio Ljubu\u0161ki\",\"url\":\"https:\\\/\\\/radioljubuski.ba\\\/\",\"logo\":{\"@type\":\"ImageObject\",\"inLanguage\":\"hr\",\"@id\":\"https:\\\/\\\/radioljubuski.ba\\\/#\\\/schema\\\/logo\\\/image\\\/\",\"url\":\"https:\\\/\\\/radioljubuski.ba\\\/wp-content\\\/uploads\\\/2021\\\/02\\\/cropped-Radio_Ljubuski_logo1.jpg\",\"contentUrl\":\"https:\\\/\\\/radioljubuski.ba\\\/wp-content\\\/uploads\\\/2021\\\/02\\\/cropped-Radio_Ljubuski_logo1.jpg\",\"width\":512,\"height\":512,\"caption\":\"Radio Ljubu\u0161ki\"},\"image\":{\"@id\":\"https:\\\/\\\/radioljubuski.ba\\\/#\\\/schema\\\/logo\\\/image\\\/\"},\"sameAs\":[\"https:\\\/\\\/www.facebook.com\\\/Radiio-Ljubuski-1490835324566332\",\"https:\\\/\\\/x.com\\\/radioljubuski\",\"https:\\\/\\\/hr.linkedin.com\\\/company\\\/radio-ljubuski\",\"https:\\\/\\\/www.youtube.com\\\/channel\\\/UCHYaeO_n0Db3tjNGudGpXyw\"]},{\"@type\":\"Person\",\"@id\":\"https:\\\/\\\/radioljubuski.ba\\\/#\\\/schema\\\/person\\\/19fc700381a780f69665d7956c469e3b\",\"name\":\"Radio Ljubu\u0161ki\"}]}<\/script>\n<!-- \/ Yoast SEO plugin. -->","yoast_head_json":{"title":"Predao se bjegunac iz BiH koji se sumnji\u010di za me\u0111unarodno krijum\u010darenje narkotika - RADIO LJUBU\u0160KI","robots":{"index":"index","follow":"follow","max-snippet":"max-snippet:-1","max-image-preview":"max-image-preview:large","max-video-preview":"max-video-preview:-1"},"canonical":"https:\/\/radioljubuski.ba\/index.php\/2022\/06\/22\/predao-se-bjegunac-iz-bih-koji-se-sumnjici-za-medunarodno-krijumcarenje-narkotika\/","og_locale":"hr_HR","og_type":"article","og_title":"Predao se bjegunac iz BiH koji se sumnji\u010di za me\u0111unarodno krijum\u010darenje narkotika - RADIO LJUBU\u0160KI","og_description":"Osumnji\u010deni u predmetu kodnog naziva &#8220;Storage&#8221; Jovica Gruji\u0107, koji je bio nedostupan pravosu\u0111u BiH, predao se Tu\u017eiteljstvu BiH. On je, u okviru predmeta &#8220;Uglje\u0161a Ugrenovi\u0107 i dr.&#8221;, osumnji\u010den za me\u0111unarodno krijum\u010darenje narkotika zajedno sa jo\u0161 nekoliko dr\u017eavljana BiH. Rije\u010d je o predmetu za organizirani kriminal, a osim me\u0111unarodnog krijum\u010darenja opojnih droga, sumnji\u010de se i za [&hellip;]","og_url":"https:\/\/radioljubuski.ba\/index.php\/2022\/06\/22\/predao-se-bjegunac-iz-bih-koji-se-sumnjici-za-medunarodno-krijumcarenje-narkotika\/","og_site_name":"RADIO LJUBU\u0160KI","article_publisher":"https:\/\/www.facebook.com\/Radiio-Ljubuski-1490835324566332","article_published_time":"2022-06-22T16:06:07+00:00","article_modified_time":"2022-06-22T16:06:08+00:00","og_image":[{"width":1000,"height":625,"url":"https:\/\/radioljubuski.ba\/wp-content\/uploads\/2021\/09\/oVDch7SZ_lisice.jpg","type":"image\/jpeg"}],"author":"Radio Ljubu\u0161ki","twitter_card":"summary_large_image","twitter_creator":"@radioljubuski","twitter_site":"@radioljubuski","twitter_misc":{"Napisao\/la":"Radio Ljubu\u0161ki","Procijenjeno vrijeme \u010ditanja":"2 minute"},"schema":{"@context":"https:\/\/schema.org","@graph":[{"@type":"Article","@id":"https:\/\/radioljubuski.ba\/index.php\/2022\/06\/22\/predao-se-bjegunac-iz-bih-koji-se-sumnjici-za-medunarodno-krijumcarenje-narkotika\/#article","isPartOf":{"@id":"https:\/\/radioljubuski.ba\/index.php\/2022\/06\/22\/predao-se-bjegunac-iz-bih-koji-se-sumnjici-za-medunarodno-krijumcarenje-narkotika\/"},"author":{"name":"Radio Ljubu\u0161ki","@id":"https:\/\/radioljubuski.ba\/#\/schema\/person\/19fc700381a780f69665d7956c469e3b"},"headline":"Predao se bjegunac iz BiH koji se sumnji\u010di za me\u0111unarodno krijum\u010darenje narkotika","datePublished":"2022-06-22T16:06:07+00:00","dateModified":"2022-06-22T16:06:08+00:00","mainEntityOfPage":{"@id":"https:\/\/radioljubuski.ba\/index.php\/2022\/06\/22\/predao-se-bjegunac-iz-bih-koji-se-sumnjici-za-medunarodno-krijumcarenje-narkotika\/"},"wordCount":334,"publisher":{"@id":"https:\/\/radioljubuski.ba\/#organization"},"image":{"@id":"https:\/\/radioljubuski.ba\/index.php\/2022\/06\/22\/predao-se-bjegunac-iz-bih-koji-se-sumnjici-za-medunarodno-krijumcarenje-narkotika\/#primaryimage"},"thumbnailUrl":"https:\/\/radioljubuski.ba\/wp-content\/uploads\/2021\/09\/oVDch7SZ_lisice.jpg","articleSection":["BIH i regija"],"inLanguage":"hr"},{"@type":"WebPage","@id":"https:\/\/radioljubuski.ba\/index.php\/2022\/06\/22\/predao-se-bjegunac-iz-bih-koji-se-sumnjici-za-medunarodno-krijumcarenje-narkotika\/","url":"https:\/\/radioljubuski.ba\/index.php\/2022\/06\/22\/predao-se-bjegunac-iz-bih-koji-se-sumnjici-za-medunarodno-krijumcarenje-narkotika\/","name":"Predao se bjegunac iz BiH koji se sumnji\u010di za me\u0111unarodno krijum\u010darenje narkotika - RADIO LJUBU\u0160KI","isPartOf":{"@id":"https:\/\/radioljubuski.ba\/#website"},"primaryImageOfPage":{"@id":"https:\/\/radioljubuski.ba\/index.php\/2022\/06\/22\/predao-se-bjegunac-iz-bih-koji-se-sumnjici-za-medunarodno-krijumcarenje-narkotika\/#primaryimage"},"image":{"@id":"https:\/\/radioljubuski.ba\/index.php\/2022\/06\/22\/predao-se-bjegunac-iz-bih-koji-se-sumnjici-za-medunarodno-krijumcarenje-narkotika\/#primaryimage"},"thumbnailUrl":"https:\/\/radioljubuski.ba\/wp-content\/uploads\/2021\/09\/oVDch7SZ_lisice.jpg","datePublished":"2022-06-22T16:06:07+00:00","dateModified":"2022-06-22T16:06:08+00:00","breadcrumb":{"@id":"https:\/\/radioljubuski.ba\/index.php\/2022\/06\/22\/predao-se-bjegunac-iz-bih-koji-se-sumnjici-za-medunarodno-krijumcarenje-narkotika\/#breadcrumb"},"inLanguage":"hr","potentialAction":[{"@type":"ReadAction","target":["https:\/\/radioljubuski.ba\/index.php\/2022\/06\/22\/predao-se-bjegunac-iz-bih-koji-se-sumnjici-za-medunarodno-krijumcarenje-narkotika\/"]}]},{"@type":"ImageObject","inLanguage":"hr","@id":"https:\/\/radioljubuski.ba\/index.php\/2022\/06\/22\/predao-se-bjegunac-iz-bih-koji-se-sumnjici-za-medunarodno-krijumcarenje-narkotika\/#primaryimage","url":"https:\/\/radioljubuski.ba\/wp-content\/uploads\/2021\/09\/oVDch7SZ_lisice.jpg","contentUrl":"https:\/\/radioljubuski.ba\/wp-content\/uploads\/2021\/09\/oVDch7SZ_lisice.jpg","width":1000,"height":625},{"@type":"BreadcrumbList","@id":"https:\/\/radioljubuski.ba\/index.php\/2022\/06\/22\/predao-se-bjegunac-iz-bih-koji-se-sumnjici-za-medunarodno-krijumcarenje-narkotika\/#breadcrumb","itemListElement":[{"@type":"ListItem","position":1,"name":"Po\u010detna stranica","item":"https:\/\/radioljubuski.ba\/"},{"@type":"ListItem","position":2,"name":"Predao se bjegunac iz BiH koji se sumnji\u010di za me\u0111unarodno krijum\u010darenje narkotika"}]},{"@type":"WebSite","@id":"https:\/\/radioljubuski.ba\/#website","url":"https:\/\/radioljubuski.ba\/","name":"Radio Ljubu\u0161ki","description":"Sun\u010dana frekvencija Hercegovine","publisher":{"@id":"https:\/\/radioljubuski.ba\/#organization"},"potentialAction":[{"@type":"SearchAction","target":{"@type":"EntryPoint","urlTemplate":"https:\/\/radioljubuski.ba\/?s={search_term_string}"},"query-input":{"@type":"PropertyValueSpecification","valueRequired":true,"valueName":"search_term_string"}}],"inLanguage":"hr"},{"@type":"Organization","@id":"https:\/\/radioljubuski.ba\/#organization","name":"Radio Ljubu\u0161ki","url":"https:\/\/radioljubuski.ba\/","logo":{"@type":"ImageObject","inLanguage":"hr","@id":"https:\/\/radioljubuski.ba\/#\/schema\/logo\/image\/","url":"https:\/\/radioljubuski.ba\/wp-content\/uploads\/2021\/02\/cropped-Radio_Ljubuski_logo1.jpg","contentUrl":"https:\/\/radioljubuski.ba\/wp-content\/uploads\/2021\/02\/cropped-Radio_Ljubuski_logo1.jpg","width":512,"height":512,"caption":"Radio Ljubu\u0161ki"},"image":{"@id":"https:\/\/radioljubuski.ba\/#\/schema\/logo\/image\/"},"sameAs":["https:\/\/www.facebook.com\/Radiio-Ljubuski-1490835324566332","https:\/\/x.com\/radioljubuski","https:\/\/hr.linkedin.com\/company\/radio-ljubuski","https:\/\/www.youtube.com\/channel\/UCHYaeO_n0Db3tjNGudGpXyw"]},{"@type":"Person","@id":"https:\/\/radioljubuski.ba\/#\/schema\/person\/19fc700381a780f69665d7956c469e3b","name":"Radio Ljubu\u0161ki"}]}},"_links":{"self":[{"href":"https:\/\/radioljubuski.ba\/index.php\/wp-json\/wp\/v2\/posts\/152299","targetHints":{"allow":["GET"]}}],"collection":[{"href":"https:\/\/radioljubuski.ba\/index.php\/wp-json\/wp\/v2\/posts"}],"about":[{"href":"https:\/\/radioljubuski.ba\/index.php\/wp-json\/wp\/v2\/types\/post"}],"author":[{"embeddable":true,"href":"https:\/\/radioljubuski.ba\/index.php\/wp-json\/wp\/v2\/users\/2"}],"replies":[{"embeddable":true,"href":"https:\/\/radioljubuski.ba\/index.php\/wp-json\/wp\/v2\/comments?post=152299"}],"version-history":[{"count":1,"href":"https:\/\/radioljubuski.ba\/index.php\/wp-json\/wp\/v2\/posts\/152299\/revisions"}],"predecessor-version":[{"id":152300,"href":"https:\/\/radioljubuski.ba\/index.php\/wp-json\/wp\/v2\/posts\/152299\/revisions\/152300"}],"wp:featuredmedia":[{"embeddable":true,"href":"https:\/\/radioljubuski.ba\/index.php\/wp-json\/wp\/v2\/media\/69697"}],"wp:attachment":[{"href":"https:\/\/radioljubuski.ba\/index.php\/wp-json\/wp\/v2\/media?parent=152299"}],"wp:term":[{"taxonomy":"category","embeddable":true,"href":"https:\/\/radioljubuski.ba\/index.php\/wp-json\/wp\/v2\/categories?post=152299"},{"taxonomy":"post_tag","embeddable":true,"href":"https:\/\/radioljubuski.ba\/index.php\/wp-json\/wp\/v2\/tags?post=152299"}],"curies":[{"name":"wp","href":"https:\/\/api.w.org\/{rel}","templated":true}]}}