{"id":152301,"date":"2022-06-22T17:07:38","date_gmt":"2022-06-22T16:07:38","guid":{"rendered":"https:\/\/radioljubuski.ba\/?p=152301"},"modified":"2022-06-22T17:07:38","modified_gmt":"2022-06-22T16:07:38","slug":"po-pet-mjeseci-zatvora-ravnogorcima-za-izazivanje-mrznje-i-netrpeljivosti","status":"publish","type":"post","link":"https:\/\/radioljubuski.ba\/index.php\/2022\/06\/22\/po-pet-mjeseci-zatvora-ravnogorcima-za-izazivanje-mrznje-i-netrpeljivosti\/","title":{"rendered":"Po pet mjeseci zatvora \u201cravnogorcima\u201d za izazivanje mr\u017enje i netrpeljivosti"},"content":{"rendered":"\n<p><strong>Apelacijsko vije\u0107e Suda Bosne i Hercegovine donijelo je drugostupanjsku presudu kojom su Du\u0161an Sladojevi\u0107, Slavko Aleksi\u0107 i Risto Le\u010di\u0107 osu\u0111eni na po pet mjeseci zatvora za izazivanje nacionalne, rasne i vjerske mr\u017enje, razdora i netrpeljivosti na podru\u010dju Vi\u0161egrada i okolice u o\u017eujku 2019. godine.<\/strong><\/p>\n\n\n\n<p>Apelacijsko vije\u0107e je u nepravosna\u017enoj presudi, koju je danas izrekla sutkinja Azra Mileti\u0107, utvrdilo da su Sladojevi\u0107, Aleksi\u0107 i Le\u010di\u0107 svojim aktivnostima na skupu \u201cravnogoraca\u201d u Vi\u0161egradu veli\u010dali \u010detni\u010dki pokret i Dra\u017eu Mihailovi\u0107a, te pjevaju\u0107i pjesme koje u svom tekstu pozivaju na prijetnju i nasilje, po\u010dinili krivi\u010dno djelo izazivanje nacionalne, rasne i vjerske mr\u017enje, razdora i netrpeljivosti.<\/p>\n\n\n\n<p>Su\u0111enje im je po\u010delo u srpnju 2021., a prvostupanjskom presudom iz prosinca pro\u0161le godine Sud Bosne i Hercegovine oslobodio ih je optu\u017ebe da su se okupili u jutarnjim satima 10. o\u017eujka 2019. godine na Trgu palih boraca u Vi\u0161egradu, u organizaciji vi\u0161egradskog op\u0107inskog odbora \u201cRavnogorskog pokreta\u201d, na kojem je bilo pripadnika pokreta iz Srbije i Crne Gore, u uniformama i sa zastavama, koji su kasnije vozilima oti\u0161li na lokalitet Dobrunske rijeke, poznat kao \u201cDra\u017eevina\u201d.<\/p>\n\n\n\n<p>Sladojevi\u0107 je tada oslobo\u0111en da se kao predsjednik \u201cRavnogorskog pokreta Republike Srpske\u201d, nakon izvr\u0161enog postrojavanja obratio prisutnima i predao raport optu\u017eenom Aleksi\u0107u, dok je u pozadini pu\u0161tana pjesma sa stihovima koji izazivaju strah.<\/p>\n\n\n\n<p>Aleksi\u0107 je, prema ranijoj presudi oslobo\u0111en optu\u017ebe da se, nakon \u0161to mu je na lokalitetu \u201cDra\u017eevina\u201d raport predao Sladojevi\u0107, prisutnima obra\u0107ao rije\u010dima \u201cBra\u0107o ravnogorci, bra\u0107o \u010detnici\u201d, pri \u010demu su pristuni koristili terminologiju koja izaziva strah, dok se sa razglasa pu\u0161tala pjesma \u201cSprem\u2019te se, sprem\u2019te, \u010detnici\u201d.<\/p>\n\n\n\n<p>Le\u010di\u0107 je oslobo\u0111en optu\u017ebe da je ispred hotela \u201cVi\u0161egrad\u201d zapo\u010deo s pjevanjem pjesme uz gusle kojom se veli\u010da \u010detni\u010dki pokret, a koja u svom tekstu izra\u017eava prijetnju ili nasilje, te izazvao uznemirenost i strah stanovni\u0161tva, a naro\u010dito povratnika i gra\u0111ana Vi\u0161egrada i okolnih mjesta.<\/p>\n\n\n\n<p>Na drugostupanjsku presudu postoji mogu\u0107nost \u017ealbe Tre\u0107estupanjskom vije\u0107u Suda BiH prenosi Detektor.ba.<\/p>\n\n\n\n<p>\/HMS\/<\/p>\n","protected":false},"excerpt":{"rendered":"<p>Apelacijsko vije\u0107e Suda Bosne i Hercegovine donijelo je drugostupanjsku presudu kojom su Du\u0161an Sladojevi\u0107, Slavko Aleksi\u0107 i Risto Le\u010di\u0107 osu\u0111eni na po pet mjeseci zatvora za izazivanje nacionalne, rasne i vjerske mr\u017enje, razdora i netrpeljivosti na podru\u010dju Vi\u0161egrada i okolice u o\u017eujku 2019. godine. Apelacijsko vije\u0107e je u nepravosna\u017enoj presudi, koju je danas izrekla sutkinja [&hellip;]<\/p>\n","protected":false},"author":2,"featured_media":152302,"comment_status":"closed","ping_status":"closed","sticky":false,"template":"","format":"standard","meta":{"h5ap_radio_sources":[],"footnotes":""},"categories":[1],"tags":[],"class_list":["post-152301","post","type-post","status-publish","format-standard","has-post-thumbnail","hentry","category-bihiregija"],"yoast_head":"<!-- This site is optimized with the Yoast SEO plugin v27.4 - https:\/\/yoast.com\/product\/yoast-seo-wordpress\/ -->\n<title>Po pet mjeseci zatvora \u201cravnogorcima\u201d za izazivanje mr\u017enje i netrpeljivosti - RADIO LJUBU\u0160KI<\/title>\n<meta name=\"robots\" content=\"index, follow, max-snippet:-1, max-image-preview:large, max-video-preview:-1\" \/>\n<link rel=\"canonical\" href=\"https:\/\/radioljubuski.ba\/index.php\/2022\/06\/22\/po-pet-mjeseci-zatvora-ravnogorcima-za-izazivanje-mrznje-i-netrpeljivosti\/\" \/>\n<meta property=\"og:locale\" content=\"hr_HR\" \/>\n<meta property=\"og:type\" content=\"article\" \/>\n<meta property=\"og:title\" content=\"Po pet mjeseci zatvora \u201cravnogorcima\u201d za izazivanje mr\u017enje i netrpeljivosti - RADIO LJUBU\u0160KI\" \/>\n<meta property=\"og:description\" content=\"Apelacijsko vije\u0107e Suda Bosne i Hercegovine donijelo je drugostupanjsku presudu kojom su Du\u0161an Sladojevi\u0107, Slavko Aleksi\u0107 i Risto Le\u010di\u0107 osu\u0111eni na po pet mjeseci zatvora za izazivanje nacionalne, rasne i vjerske mr\u017enje, razdora i netrpeljivosti na podru\u010dju Vi\u0161egrada i okolice u o\u017eujku 2019. godine. Apelacijsko vije\u0107e je u nepravosna\u017enoj presudi, koju je danas izrekla sutkinja [&hellip;]\" \/>\n<meta property=\"og:url\" content=\"https:\/\/radioljubuski.ba\/index.php\/2022\/06\/22\/po-pet-mjeseci-zatvora-ravnogorcima-za-izazivanje-mrznje-i-netrpeljivosti\/\" \/>\n<meta property=\"og:site_name\" content=\"RADIO LJUBU\u0160KI\" \/>\n<meta property=\"article:publisher\" content=\"https:\/\/www.facebook.com\/Radiio-Ljubuski-1490835324566332\" \/>\n<meta property=\"article:published_time\" content=\"2022-06-22T16:07:38+00:00\" \/>\n<meta property=\"og:image\" content=\"https:\/\/radioljubuski.ba\/wp-content\/uploads\/2022\/06\/cetnici-visegrad-1.jpg\" \/>\n\t<meta property=\"og:image:width\" content=\"1920\" \/>\n\t<meta property=\"og:image:height\" content=\"1093\" \/>\n\t<meta property=\"og:image:type\" content=\"image\/jpeg\" \/>\n<meta name=\"author\" content=\"Radio Ljubu\u0161ki\" \/>\n<meta name=\"twitter:card\" content=\"summary_large_image\" \/>\n<meta name=\"twitter:creator\" content=\"@radioljubuski\" \/>\n<meta name=\"twitter:site\" content=\"@radioljubuski\" \/>\n<meta name=\"twitter:label1\" content=\"Napisao\/la\" \/>\n\t<meta name=\"twitter:data1\" content=\"Radio Ljubu\u0161ki\" \/>\n\t<meta name=\"twitter:label2\" content=\"Procijenjeno vrijeme \u010ditanja\" \/>\n\t<meta name=\"twitter:data2\" content=\"2 minute\" \/>\n<script type=\"application\/ld+json\" class=\"yoast-schema-graph\">{\"@context\":\"https:\\\/\\\/schema.org\",\"@graph\":[{\"@type\":\"Article\",\"@id\":\"https:\\\/\\\/radioljubuski.ba\\\/index.php\\\/2022\\\/06\\\/22\\\/po-pet-mjeseci-zatvora-ravnogorcima-za-izazivanje-mrznje-i-netrpeljivosti\\\/#article\",\"isPartOf\":{\"@id\":\"https:\\\/\\\/radioljubuski.ba\\\/index.php\\\/2022\\\/06\\\/22\\\/po-pet-mjeseci-zatvora-ravnogorcima-za-izazivanje-mrznje-i-netrpeljivosti\\\/\"},\"author\":{\"name\":\"Radio Ljubu\u0161ki\",\"@id\":\"https:\\\/\\\/radioljubuski.ba\\\/#\\\/schema\\\/person\\\/19fc700381a780f69665d7956c469e3b\"},\"headline\":\"Po pet mjeseci zatvora \u201cravnogorcima\u201d za izazivanje mr\u017enje i netrpeljivosti\",\"datePublished\":\"2022-06-22T16:07:38+00:00\",\"mainEntityOfPage\":{\"@id\":\"https:\\\/\\\/radioljubuski.ba\\\/index.php\\\/2022\\\/06\\\/22\\\/po-pet-mjeseci-zatvora-ravnogorcima-za-izazivanje-mrznje-i-netrpeljivosti\\\/\"},\"wordCount\":378,\"publisher\":{\"@id\":\"https:\\\/\\\/radioljubuski.ba\\\/#organization\"},\"image\":{\"@id\":\"https:\\\/\\\/radioljubuski.ba\\\/index.php\\\/2022\\\/06\\\/22\\\/po-pet-mjeseci-zatvora-ravnogorcima-za-izazivanje-mrznje-i-netrpeljivosti\\\/#primaryimage\"},\"thumbnailUrl\":\"https:\\\/\\\/radioljubuski.ba\\\/wp-content\\\/uploads\\\/2022\\\/06\\\/cetnici-visegrad-1.jpg\",\"articleSection\":[\"BIH i regija\"],\"inLanguage\":\"hr\"},{\"@type\":\"WebPage\",\"@id\":\"https:\\\/\\\/radioljubuski.ba\\\/index.php\\\/2022\\\/06\\\/22\\\/po-pet-mjeseci-zatvora-ravnogorcima-za-izazivanje-mrznje-i-netrpeljivosti\\\/\",\"url\":\"https:\\\/\\\/radioljubuski.ba\\\/index.php\\\/2022\\\/06\\\/22\\\/po-pet-mjeseci-zatvora-ravnogorcima-za-izazivanje-mrznje-i-netrpeljivosti\\\/\",\"name\":\"Po pet mjeseci zatvora \u201cravnogorcima\u201d za izazivanje mr\u017enje i netrpeljivosti - RADIO LJUBU\u0160KI\",\"isPartOf\":{\"@id\":\"https:\\\/\\\/radioljubuski.ba\\\/#website\"},\"primaryImageOfPage\":{\"@id\":\"https:\\\/\\\/radioljubuski.ba\\\/index.php\\\/2022\\\/06\\\/22\\\/po-pet-mjeseci-zatvora-ravnogorcima-za-izazivanje-mrznje-i-netrpeljivosti\\\/#primaryimage\"},\"image\":{\"@id\":\"https:\\\/\\\/radioljubuski.ba\\\/index.php\\\/2022\\\/06\\\/22\\\/po-pet-mjeseci-zatvora-ravnogorcima-za-izazivanje-mrznje-i-netrpeljivosti\\\/#primaryimage\"},\"thumbnailUrl\":\"https:\\\/\\\/radioljubuski.ba\\\/wp-content\\\/uploads\\\/2022\\\/06\\\/cetnici-visegrad-1.jpg\",\"datePublished\":\"2022-06-22T16:07:38+00:00\",\"breadcrumb\":{\"@id\":\"https:\\\/\\\/radioljubuski.ba\\\/index.php\\\/2022\\\/06\\\/22\\\/po-pet-mjeseci-zatvora-ravnogorcima-za-izazivanje-mrznje-i-netrpeljivosti\\\/#breadcrumb\"},\"inLanguage\":\"hr\",\"potentialAction\":[{\"@type\":\"ReadAction\",\"target\":[\"https:\\\/\\\/radioljubuski.ba\\\/index.php\\\/2022\\\/06\\\/22\\\/po-pet-mjeseci-zatvora-ravnogorcima-za-izazivanje-mrznje-i-netrpeljivosti\\\/\"]}]},{\"@type\":\"ImageObject\",\"inLanguage\":\"hr\",\"@id\":\"https:\\\/\\\/radioljubuski.ba\\\/index.php\\\/2022\\\/06\\\/22\\\/po-pet-mjeseci-zatvora-ravnogorcima-za-izazivanje-mrznje-i-netrpeljivosti\\\/#primaryimage\",\"url\":\"https:\\\/\\\/radioljubuski.ba\\\/wp-content\\\/uploads\\\/2022\\\/06\\\/cetnici-visegrad-1.jpg\",\"contentUrl\":\"https:\\\/\\\/radioljubuski.ba\\\/wp-content\\\/uploads\\\/2022\\\/06\\\/cetnici-visegrad-1.jpg\",\"width\":1920,\"height\":1093},{\"@type\":\"BreadcrumbList\",\"@id\":\"https:\\\/\\\/radioljubuski.ba\\\/index.php\\\/2022\\\/06\\\/22\\\/po-pet-mjeseci-zatvora-ravnogorcima-za-izazivanje-mrznje-i-netrpeljivosti\\\/#breadcrumb\",\"itemListElement\":[{\"@type\":\"ListItem\",\"position\":1,\"name\":\"Po\u010detna stranica\",\"item\":\"https:\\\/\\\/radioljubuski.ba\\\/\"},{\"@type\":\"ListItem\",\"position\":2,\"name\":\"Po pet mjeseci zatvora \u201cravnogorcima\u201d za izazivanje mr\u017enje i netrpeljivosti\"}]},{\"@type\":\"WebSite\",\"@id\":\"https:\\\/\\\/radioljubuski.ba\\\/#website\",\"url\":\"https:\\\/\\\/radioljubuski.ba\\\/\",\"name\":\"Radio Ljubu\u0161ki\",\"description\":\"Sun\u010dana frekvencija Hercegovine\",\"publisher\":{\"@id\":\"https:\\\/\\\/radioljubuski.ba\\\/#organization\"},\"potentialAction\":[{\"@type\":\"SearchAction\",\"target\":{\"@type\":\"EntryPoint\",\"urlTemplate\":\"https:\\\/\\\/radioljubuski.ba\\\/?s={search_term_string}\"},\"query-input\":{\"@type\":\"PropertyValueSpecification\",\"valueRequired\":true,\"valueName\":\"search_term_string\"}}],\"inLanguage\":\"hr\"},{\"@type\":\"Organization\",\"@id\":\"https:\\\/\\\/radioljubuski.ba\\\/#organization\",\"name\":\"Radio Ljubu\u0161ki\",\"url\":\"https:\\\/\\\/radioljubuski.ba\\\/\",\"logo\":{\"@type\":\"ImageObject\",\"inLanguage\":\"hr\",\"@id\":\"https:\\\/\\\/radioljubuski.ba\\\/#\\\/schema\\\/logo\\\/image\\\/\",\"url\":\"https:\\\/\\\/radioljubuski.ba\\\/wp-content\\\/uploads\\\/2021\\\/02\\\/cropped-Radio_Ljubuski_logo1.jpg\",\"contentUrl\":\"https:\\\/\\\/radioljubuski.ba\\\/wp-content\\\/uploads\\\/2021\\\/02\\\/cropped-Radio_Ljubuski_logo1.jpg\",\"width\":512,\"height\":512,\"caption\":\"Radio Ljubu\u0161ki\"},\"image\":{\"@id\":\"https:\\\/\\\/radioljubuski.ba\\\/#\\\/schema\\\/logo\\\/image\\\/\"},\"sameAs\":[\"https:\\\/\\\/www.facebook.com\\\/Radiio-Ljubuski-1490835324566332\",\"https:\\\/\\\/x.com\\\/radioljubuski\",\"https:\\\/\\\/hr.linkedin.com\\\/company\\\/radio-ljubuski\",\"https:\\\/\\\/www.youtube.com\\\/channel\\\/UCHYaeO_n0Db3tjNGudGpXyw\"]},{\"@type\":\"Person\",\"@id\":\"https:\\\/\\\/radioljubuski.ba\\\/#\\\/schema\\\/person\\\/19fc700381a780f69665d7956c469e3b\",\"name\":\"Radio Ljubu\u0161ki\"}]}<\/script>\n<!-- \/ Yoast SEO plugin. -->","yoast_head_json":{"title":"Po pet mjeseci zatvora \u201cravnogorcima\u201d za izazivanje mr\u017enje i netrpeljivosti - RADIO LJUBU\u0160KI","robots":{"index":"index","follow":"follow","max-snippet":"max-snippet:-1","max-image-preview":"max-image-preview:large","max-video-preview":"max-video-preview:-1"},"canonical":"https:\/\/radioljubuski.ba\/index.php\/2022\/06\/22\/po-pet-mjeseci-zatvora-ravnogorcima-za-izazivanje-mrznje-i-netrpeljivosti\/","og_locale":"hr_HR","og_type":"article","og_title":"Po pet mjeseci zatvora \u201cravnogorcima\u201d za izazivanje mr\u017enje i netrpeljivosti - RADIO LJUBU\u0160KI","og_description":"Apelacijsko vije\u0107e Suda Bosne i Hercegovine donijelo je drugostupanjsku presudu kojom su Du\u0161an Sladojevi\u0107, Slavko Aleksi\u0107 i Risto Le\u010di\u0107 osu\u0111eni na po pet mjeseci zatvora za izazivanje nacionalne, rasne i vjerske mr\u017enje, razdora i netrpeljivosti na podru\u010dju Vi\u0161egrada i okolice u o\u017eujku 2019. godine. Apelacijsko vije\u0107e je u nepravosna\u017enoj presudi, koju je danas izrekla sutkinja [&hellip;]","og_url":"https:\/\/radioljubuski.ba\/index.php\/2022\/06\/22\/po-pet-mjeseci-zatvora-ravnogorcima-za-izazivanje-mrznje-i-netrpeljivosti\/","og_site_name":"RADIO LJUBU\u0160KI","article_publisher":"https:\/\/www.facebook.com\/Radiio-Ljubuski-1490835324566332","article_published_time":"2022-06-22T16:07:38+00:00","og_image":[{"width":1920,"height":1093,"url":"https:\/\/radioljubuski.ba\/wp-content\/uploads\/2022\/06\/cetnici-visegrad-1.jpg","type":"image\/jpeg"}],"author":"Radio Ljubu\u0161ki","twitter_card":"summary_large_image","twitter_creator":"@radioljubuski","twitter_site":"@radioljubuski","twitter_misc":{"Napisao\/la":"Radio Ljubu\u0161ki","Procijenjeno vrijeme \u010ditanja":"2 minute"},"schema":{"@context":"https:\/\/schema.org","@graph":[{"@type":"Article","@id":"https:\/\/radioljubuski.ba\/index.php\/2022\/06\/22\/po-pet-mjeseci-zatvora-ravnogorcima-za-izazivanje-mrznje-i-netrpeljivosti\/#article","isPartOf":{"@id":"https:\/\/radioljubuski.ba\/index.php\/2022\/06\/22\/po-pet-mjeseci-zatvora-ravnogorcima-za-izazivanje-mrznje-i-netrpeljivosti\/"},"author":{"name":"Radio Ljubu\u0161ki","@id":"https:\/\/radioljubuski.ba\/#\/schema\/person\/19fc700381a780f69665d7956c469e3b"},"headline":"Po pet mjeseci zatvora \u201cravnogorcima\u201d za izazivanje mr\u017enje i netrpeljivosti","datePublished":"2022-06-22T16:07:38+00:00","mainEntityOfPage":{"@id":"https:\/\/radioljubuski.ba\/index.php\/2022\/06\/22\/po-pet-mjeseci-zatvora-ravnogorcima-za-izazivanje-mrznje-i-netrpeljivosti\/"},"wordCount":378,"publisher":{"@id":"https:\/\/radioljubuski.ba\/#organization"},"image":{"@id":"https:\/\/radioljubuski.ba\/index.php\/2022\/06\/22\/po-pet-mjeseci-zatvora-ravnogorcima-za-izazivanje-mrznje-i-netrpeljivosti\/#primaryimage"},"thumbnailUrl":"https:\/\/radioljubuski.ba\/wp-content\/uploads\/2022\/06\/cetnici-visegrad-1.jpg","articleSection":["BIH i regija"],"inLanguage":"hr"},{"@type":"WebPage","@id":"https:\/\/radioljubuski.ba\/index.php\/2022\/06\/22\/po-pet-mjeseci-zatvora-ravnogorcima-za-izazivanje-mrznje-i-netrpeljivosti\/","url":"https:\/\/radioljubuski.ba\/index.php\/2022\/06\/22\/po-pet-mjeseci-zatvora-ravnogorcima-za-izazivanje-mrznje-i-netrpeljivosti\/","name":"Po pet mjeseci zatvora \u201cravnogorcima\u201d za izazivanje mr\u017enje i netrpeljivosti - RADIO LJUBU\u0160KI","isPartOf":{"@id":"https:\/\/radioljubuski.ba\/#website"},"primaryImageOfPage":{"@id":"https:\/\/radioljubuski.ba\/index.php\/2022\/06\/22\/po-pet-mjeseci-zatvora-ravnogorcima-za-izazivanje-mrznje-i-netrpeljivosti\/#primaryimage"},"image":{"@id":"https:\/\/radioljubuski.ba\/index.php\/2022\/06\/22\/po-pet-mjeseci-zatvora-ravnogorcima-za-izazivanje-mrznje-i-netrpeljivosti\/#primaryimage"},"thumbnailUrl":"https:\/\/radioljubuski.ba\/wp-content\/uploads\/2022\/06\/cetnici-visegrad-1.jpg","datePublished":"2022-06-22T16:07:38+00:00","breadcrumb":{"@id":"https:\/\/radioljubuski.ba\/index.php\/2022\/06\/22\/po-pet-mjeseci-zatvora-ravnogorcima-za-izazivanje-mrznje-i-netrpeljivosti\/#breadcrumb"},"inLanguage":"hr","potentialAction":[{"@type":"ReadAction","target":["https:\/\/radioljubuski.ba\/index.php\/2022\/06\/22\/po-pet-mjeseci-zatvora-ravnogorcima-za-izazivanje-mrznje-i-netrpeljivosti\/"]}]},{"@type":"ImageObject","inLanguage":"hr","@id":"https:\/\/radioljubuski.ba\/index.php\/2022\/06\/22\/po-pet-mjeseci-zatvora-ravnogorcima-za-izazivanje-mrznje-i-netrpeljivosti\/#primaryimage","url":"https:\/\/radioljubuski.ba\/wp-content\/uploads\/2022\/06\/cetnici-visegrad-1.jpg","contentUrl":"https:\/\/radioljubuski.ba\/wp-content\/uploads\/2022\/06\/cetnici-visegrad-1.jpg","width":1920,"height":1093},{"@type":"BreadcrumbList","@id":"https:\/\/radioljubuski.ba\/index.php\/2022\/06\/22\/po-pet-mjeseci-zatvora-ravnogorcima-za-izazivanje-mrznje-i-netrpeljivosti\/#breadcrumb","itemListElement":[{"@type":"ListItem","position":1,"name":"Po\u010detna stranica","item":"https:\/\/radioljubuski.ba\/"},{"@type":"ListItem","position":2,"name":"Po pet mjeseci zatvora \u201cravnogorcima\u201d za izazivanje mr\u017enje i netrpeljivosti"}]},{"@type":"WebSite","@id":"https:\/\/radioljubuski.ba\/#website","url":"https:\/\/radioljubuski.ba\/","name":"Radio Ljubu\u0161ki","description":"Sun\u010dana frekvencija Hercegovine","publisher":{"@id":"https:\/\/radioljubuski.ba\/#organization"},"potentialAction":[{"@type":"SearchAction","target":{"@type":"EntryPoint","urlTemplate":"https:\/\/radioljubuski.ba\/?s={search_term_string}"},"query-input":{"@type":"PropertyValueSpecification","valueRequired":true,"valueName":"search_term_string"}}],"inLanguage":"hr"},{"@type":"Organization","@id":"https:\/\/radioljubuski.ba\/#organization","name":"Radio Ljubu\u0161ki","url":"https:\/\/radioljubuski.ba\/","logo":{"@type":"ImageObject","inLanguage":"hr","@id":"https:\/\/radioljubuski.ba\/#\/schema\/logo\/image\/","url":"https:\/\/radioljubuski.ba\/wp-content\/uploads\/2021\/02\/cropped-Radio_Ljubuski_logo1.jpg","contentUrl":"https:\/\/radioljubuski.ba\/wp-content\/uploads\/2021\/02\/cropped-Radio_Ljubuski_logo1.jpg","width":512,"height":512,"caption":"Radio Ljubu\u0161ki"},"image":{"@id":"https:\/\/radioljubuski.ba\/#\/schema\/logo\/image\/"},"sameAs":["https:\/\/www.facebook.com\/Radiio-Ljubuski-1490835324566332","https:\/\/x.com\/radioljubuski","https:\/\/hr.linkedin.com\/company\/radio-ljubuski","https:\/\/www.youtube.com\/channel\/UCHYaeO_n0Db3tjNGudGpXyw"]},{"@type":"Person","@id":"https:\/\/radioljubuski.ba\/#\/schema\/person\/19fc700381a780f69665d7956c469e3b","name":"Radio Ljubu\u0161ki"}]}},"_links":{"self":[{"href":"https:\/\/radioljubuski.ba\/index.php\/wp-json\/wp\/v2\/posts\/152301","targetHints":{"allow":["GET"]}}],"collection":[{"href":"https:\/\/radioljubuski.ba\/index.php\/wp-json\/wp\/v2\/posts"}],"about":[{"href":"https:\/\/radioljubuski.ba\/index.php\/wp-json\/wp\/v2\/types\/post"}],"author":[{"embeddable":true,"href":"https:\/\/radioljubuski.ba\/index.php\/wp-json\/wp\/v2\/users\/2"}],"replies":[{"embeddable":true,"href":"https:\/\/radioljubuski.ba\/index.php\/wp-json\/wp\/v2\/comments?post=152301"}],"version-history":[{"count":1,"href":"https:\/\/radioljubuski.ba\/index.php\/wp-json\/wp\/v2\/posts\/152301\/revisions"}],"predecessor-version":[{"id":152303,"href":"https:\/\/radioljubuski.ba\/index.php\/wp-json\/wp\/v2\/posts\/152301\/revisions\/152303"}],"wp:featuredmedia":[{"embeddable":true,"href":"https:\/\/radioljubuski.ba\/index.php\/wp-json\/wp\/v2\/media\/152302"}],"wp:attachment":[{"href":"https:\/\/radioljubuski.ba\/index.php\/wp-json\/wp\/v2\/media?parent=152301"}],"wp:term":[{"taxonomy":"category","embeddable":true,"href":"https:\/\/radioljubuski.ba\/index.php\/wp-json\/wp\/v2\/categories?post=152301"},{"taxonomy":"post_tag","embeddable":true,"href":"https:\/\/radioljubuski.ba\/index.php\/wp-json\/wp\/v2\/tags?post=152301"}],"curies":[{"name":"wp","href":"https:\/\/api.w.org\/{rel}","templated":true}]}}