{"id":152304,"date":"2022-06-22T17:08:38","date_gmt":"2022-06-22T16:08:38","guid":{"rendered":"https:\/\/radioljubuski.ba\/?p=152304"},"modified":"2022-06-22T17:08:39","modified_gmt":"2022-06-22T16:08:39","slug":"picula-hrvatska-ce-podrzati-kandidatski-status-bih-ali-skeptican-sam-hoce-li-to-uspjeti","status":"publish","type":"post","link":"https:\/\/radioljubuski.ba\/index.php\/2022\/06\/22\/picula-hrvatska-ce-podrzati-kandidatski-status-bih-ali-skeptican-sam-hoce-li-to-uspjeti\/","title":{"rendered":"Picula: Hrvatska \u0107e podr\u017eati kandidatski status BiH, ali skepti\u010dan sam ho\u0107e li to uspjeti"},"content":{"rendered":"\n<p><strong>SDP-ov europarlamentarac Tonino Picula bio je gost N1 Studija u\u017eivo i pri\u010dao o politici pro\u0161irenja Europske unije, kao i europskoj perspektivi Bosne i Hercegovine.<\/strong><\/p>\n\n\n\n<p>Hrvatski premijer Andrej Plenkovi\u0107 danas \u0107e govoriti pred zastupnicima Europskom parlamentu.<\/p>\n\n\n\n<p>\u201cVidjet \u0107emo o \u010demu \u0107e govoriti, ali mnogo je relevantnih tema. S jedne strane Europski parlament \u0107e se u drugom poku\u0161aju poku\u0161ati usuglasiti o paketu ekolo\u0161kih zakona koje nismo izglasali zadnji put. Jednako tako va\u017ena tema o kojoj \u0107e premijer Plenkovi\u0107 govoriti je budu\u0107nost pro\u0161irenja Europske unije. Uskoro \u0107e biti devet godina otkako je Hrvatska \u010dlanica Europske unije. Politika pro\u0161irenja je bila u jednom zastoju, barem do ruske invazije na Ukrajinu. O\u010dekuje se da \u0107e na Vije\u0107u biti rasprave, ali da \u0107e biti i odobren kandidacijski status za napadnutu Ukrajinu, ali i Moldaviju\u201d, rekao je Picula.<\/p>\n\n\n\n<p>Ka\u017ee da se ovaj tjedan raspravlja o budu\u0107nosti Europe i da je Hrvatskoj posebno treba biti zanimljiva politika pro\u0161irenja.<\/p>\n\n\n\n<p><strong>Europska perspektiva BiH<\/strong><\/p>\n\n\n\n<p>U Europskom parlamentu trebalo bi se razgovarati i o davanju statusa kandidata Bosni i Hercegovini.<\/p>\n\n\n\n<p>\u201cZa taj prijedlog postoji interes i formalno \u0107e ga predlo\u017eiti slovenski premijer. Zanimljivo je vidjeti da je iza tog prijedloga o dodjeli kandidacijskog statusa dosta \u0161arolika heterogena koalicija politi\u010dara i dr\u017eava. S jedne strane tu su Slovenija i Austrija. Jednako tako, tu vrstu zagovora vidimo od Budimpe\u0161te i Var\u0161ave. \u010cak je i Milorad Dodik rekao da nedavno usugla\u0161eni briselski dokument prestaje va\u017eiti ako BiH ne dobije kandidacijski status. To je interesantno za Dodika da je odjednom iznimno zainteresiran za europsku perspektivu BiH, dok je upravo zahvaljuju\u0107i i njegovoj politici BiH u vi\u0161egodi\u0161njoj blokadi\u201d, obja\u0161njava Picula.<\/p>\n\n\n\n<p>Ka\u017ee da je vidljiv jedan ozbiljan raskorak izme\u0111u \u017eelja i mogu\u0107nosti.<\/p>\n\n\n\n<p>\u201cPolitika pro\u0161irenja postaje jedan dio mainstreama oko kojeg se raspravlja. Ja osobito smatram da je velika nepravda \u0161to i dalje traju prijepori oko pregovora s Albanijom i Sjevernom Makedonijom\u201d, kazao je.<\/p>\n\n\n\n<p><strong>Mo\u017ee li BiH dobiti kanditski status?<\/strong><\/p>\n\n\n\n<p>Europarlamentarac nagla\u0161ava da se kona\u010dno ne\u0161to mora dogoditi s politikom pro\u0161irenja Europske unije.<\/p>\n\n\n\n<p>\u201cOna mora biti obnovljena. \u010cekaonica Europske unije se doista sada prepunila i ona se mora po\u010deti prazniti. Ina\u010de \u0107e doista postati besmisleno. Ho\u0107e li se to dogoditi s BiH, doista mi je te\u0161ko kazati. Mislim da ne treba biti preveliki optimist. Druga velika razlika kad govorimo o Ukrajini i BiH jest taj da je Ukrajina napadnuta izvana. Preko nje se napada cjelokupni europski poredak. BiH nitko ne ugro\u017eava izvana. Problem BiH su unutarnji odnosi koji su takvi da se politi\u010dko vodstvo se ne mo\u017ee izjasniti ni o kakvoj viziji za BiH\u201d, rekao je.<\/p>\n\n\n\n<p>Picula ka\u017ee da je sigurno da je hrvatska strana ostala malo zate\u010dena inicijativom Slovenija da predlo\u017ei kandidatski status Bosne i Hercegovine.<\/p>\n\n\n\n<p>\u201cKoliko \u0107e taj potez uspjeti, te\u0161ko je predvidjeti. Sigurno je da \u0107e slu\u017ebeni Zagreb to podr\u017eati, ali koliko \u0107e to uspjeti \u2013 ja sam skepti\u010dan\u201d, isti\u010de europarlamentarac.<\/p>\n\n\n\n<p>\/HMS\/<\/p>\n","protected":false},"excerpt":{"rendered":"<p>SDP-ov europarlamentarac Tonino Picula bio je gost N1 Studija u\u017eivo i pri\u010dao o politici pro\u0161irenja Europske unije, kao i europskoj perspektivi Bosne i Hercegovine. Hrvatski premijer Andrej Plenkovi\u0107 danas \u0107e govoriti pred zastupnicima Europskom parlamentu. \u201cVidjet \u0107emo o \u010demu \u0107e govoriti, ali mnogo je relevantnih tema. S jedne strane Europski parlament \u0107e se u drugom [&hellip;]<\/p>\n","protected":false},"author":2,"featured_media":79139,"comment_status":"closed","ping_status":"closed","sticky":false,"template":"","format":"standard","meta":{"h5ap_radio_sources":[],"footnotes":""},"categories":[1],"tags":[],"class_list":["post-152304","post","type-post","status-publish","format-standard","has-post-thumbnail","hentry","category-bihiregija"],"yoast_head":"<!-- This site is optimized with the Yoast SEO plugin v27.4 - https:\/\/yoast.com\/product\/yoast-seo-wordpress\/ -->\n<title>Picula: Hrvatska \u0107e podr\u017eati kandidatski status BiH, ali skepti\u010dan sam ho\u0107e li to uspjeti - RADIO LJUBU\u0160KI<\/title>\n<meta name=\"robots\" content=\"index, follow, max-snippet:-1, max-image-preview:large, max-video-preview:-1\" \/>\n<link rel=\"canonical\" href=\"https:\/\/radioljubuski.ba\/index.php\/2022\/06\/22\/picula-hrvatska-ce-podrzati-kandidatski-status-bih-ali-skeptican-sam-hoce-li-to-uspjeti\/\" \/>\n<meta property=\"og:locale\" content=\"hr_HR\" \/>\n<meta property=\"og:type\" content=\"article\" \/>\n<meta property=\"og:title\" content=\"Picula: Hrvatska \u0107e podr\u017eati kandidatski status BiH, ali skepti\u010dan sam ho\u0107e li to uspjeti - RADIO LJUBU\u0160KI\" \/>\n<meta property=\"og:description\" content=\"SDP-ov europarlamentarac Tonino Picula bio je gost N1 Studija u\u017eivo i pri\u010dao o politici pro\u0161irenja Europske unije, kao i europskoj perspektivi Bosne i Hercegovine. Hrvatski premijer Andrej Plenkovi\u0107 danas \u0107e govoriti pred zastupnicima Europskom parlamentu. \u201cVidjet \u0107emo o \u010demu \u0107e govoriti, ali mnogo je relevantnih tema. S jedne strane Europski parlament \u0107e se u drugom [&hellip;]\" \/>\n<meta property=\"og:url\" content=\"https:\/\/radioljubuski.ba\/index.php\/2022\/06\/22\/picula-hrvatska-ce-podrzati-kandidatski-status-bih-ali-skeptican-sam-hoce-li-to-uspjeti\/\" \/>\n<meta property=\"og:site_name\" content=\"RADIO LJUBU\u0160KI\" \/>\n<meta property=\"article:publisher\" content=\"https:\/\/www.facebook.com\/Radiio-Ljubuski-1490835324566332\" \/>\n<meta property=\"article:published_time\" content=\"2022-06-22T16:08:38+00:00\" \/>\n<meta property=\"article:modified_time\" content=\"2022-06-22T16:08:39+00:00\" \/>\n<meta property=\"og:image\" content=\"https:\/\/radioljubuski.ba\/wp-content\/uploads\/2021\/10\/picula_ep_ustupljeno_al_jazeeri.jpg\" \/>\n\t<meta property=\"og:image:width\" content=\"770\" \/>\n\t<meta property=\"og:image:height\" content=\"433\" \/>\n\t<meta property=\"og:image:type\" content=\"image\/jpeg\" \/>\n<meta name=\"author\" content=\"Radio Ljubu\u0161ki\" \/>\n<meta name=\"twitter:card\" content=\"summary_large_image\" \/>\n<meta name=\"twitter:creator\" content=\"@radioljubuski\" \/>\n<meta name=\"twitter:site\" content=\"@radioljubuski\" \/>\n<meta name=\"twitter:label1\" content=\"Napisao\/la\" \/>\n\t<meta name=\"twitter:data1\" content=\"Radio Ljubu\u0161ki\" \/>\n\t<meta name=\"twitter:label2\" content=\"Procijenjeno vrijeme \u010ditanja\" \/>\n\t<meta name=\"twitter:data2\" content=\"3 minute\" \/>\n<script type=\"application\/ld+json\" class=\"yoast-schema-graph\">{\"@context\":\"https:\\\/\\\/schema.org\",\"@graph\":[{\"@type\":\"Article\",\"@id\":\"https:\\\/\\\/radioljubuski.ba\\\/index.php\\\/2022\\\/06\\\/22\\\/picula-hrvatska-ce-podrzati-kandidatski-status-bih-ali-skeptican-sam-hoce-li-to-uspjeti\\\/#article\",\"isPartOf\":{\"@id\":\"https:\\\/\\\/radioljubuski.ba\\\/index.php\\\/2022\\\/06\\\/22\\\/picula-hrvatska-ce-podrzati-kandidatski-status-bih-ali-skeptican-sam-hoce-li-to-uspjeti\\\/\"},\"author\":{\"name\":\"Radio Ljubu\u0161ki\",\"@id\":\"https:\\\/\\\/radioljubuski.ba\\\/#\\\/schema\\\/person\\\/19fc700381a780f69665d7956c469e3b\"},\"headline\":\"Picula: Hrvatska \u0107e podr\u017eati kandidatski status BiH, ali skepti\u010dan sam ho\u0107e li to uspjeti\",\"datePublished\":\"2022-06-22T16:08:38+00:00\",\"dateModified\":\"2022-06-22T16:08:39+00:00\",\"mainEntityOfPage\":{\"@id\":\"https:\\\/\\\/radioljubuski.ba\\\/index.php\\\/2022\\\/06\\\/22\\\/picula-hrvatska-ce-podrzati-kandidatski-status-bih-ali-skeptican-sam-hoce-li-to-uspjeti\\\/\"},\"wordCount\":532,\"publisher\":{\"@id\":\"https:\\\/\\\/radioljubuski.ba\\\/#organization\"},\"image\":{\"@id\":\"https:\\\/\\\/radioljubuski.ba\\\/index.php\\\/2022\\\/06\\\/22\\\/picula-hrvatska-ce-podrzati-kandidatski-status-bih-ali-skeptican-sam-hoce-li-to-uspjeti\\\/#primaryimage\"},\"thumbnailUrl\":\"https:\\\/\\\/radioljubuski.ba\\\/wp-content\\\/uploads\\\/2021\\\/10\\\/picula_ep_ustupljeno_al_jazeeri.jpg\",\"articleSection\":[\"BIH i regija\"],\"inLanguage\":\"hr\"},{\"@type\":\"WebPage\",\"@id\":\"https:\\\/\\\/radioljubuski.ba\\\/index.php\\\/2022\\\/06\\\/22\\\/picula-hrvatska-ce-podrzati-kandidatski-status-bih-ali-skeptican-sam-hoce-li-to-uspjeti\\\/\",\"url\":\"https:\\\/\\\/radioljubuski.ba\\\/index.php\\\/2022\\\/06\\\/22\\\/picula-hrvatska-ce-podrzati-kandidatski-status-bih-ali-skeptican-sam-hoce-li-to-uspjeti\\\/\",\"name\":\"Picula: Hrvatska \u0107e podr\u017eati kandidatski status BiH, ali skepti\u010dan sam ho\u0107e li to uspjeti - RADIO LJUBU\u0160KI\",\"isPartOf\":{\"@id\":\"https:\\\/\\\/radioljubuski.ba\\\/#website\"},\"primaryImageOfPage\":{\"@id\":\"https:\\\/\\\/radioljubuski.ba\\\/index.php\\\/2022\\\/06\\\/22\\\/picula-hrvatska-ce-podrzati-kandidatski-status-bih-ali-skeptican-sam-hoce-li-to-uspjeti\\\/#primaryimage\"},\"image\":{\"@id\":\"https:\\\/\\\/radioljubuski.ba\\\/index.php\\\/2022\\\/06\\\/22\\\/picula-hrvatska-ce-podrzati-kandidatski-status-bih-ali-skeptican-sam-hoce-li-to-uspjeti\\\/#primaryimage\"},\"thumbnailUrl\":\"https:\\\/\\\/radioljubuski.ba\\\/wp-content\\\/uploads\\\/2021\\\/10\\\/picula_ep_ustupljeno_al_jazeeri.jpg\",\"datePublished\":\"2022-06-22T16:08:38+00:00\",\"dateModified\":\"2022-06-22T16:08:39+00:00\",\"breadcrumb\":{\"@id\":\"https:\\\/\\\/radioljubuski.ba\\\/index.php\\\/2022\\\/06\\\/22\\\/picula-hrvatska-ce-podrzati-kandidatski-status-bih-ali-skeptican-sam-hoce-li-to-uspjeti\\\/#breadcrumb\"},\"inLanguage\":\"hr\",\"potentialAction\":[{\"@type\":\"ReadAction\",\"target\":[\"https:\\\/\\\/radioljubuski.ba\\\/index.php\\\/2022\\\/06\\\/22\\\/picula-hrvatska-ce-podrzati-kandidatski-status-bih-ali-skeptican-sam-hoce-li-to-uspjeti\\\/\"]}]},{\"@type\":\"ImageObject\",\"inLanguage\":\"hr\",\"@id\":\"https:\\\/\\\/radioljubuski.ba\\\/index.php\\\/2022\\\/06\\\/22\\\/picula-hrvatska-ce-podrzati-kandidatski-status-bih-ali-skeptican-sam-hoce-li-to-uspjeti\\\/#primaryimage\",\"url\":\"https:\\\/\\\/radioljubuski.ba\\\/wp-content\\\/uploads\\\/2021\\\/10\\\/picula_ep_ustupljeno_al_jazeeri.jpg\",\"contentUrl\":\"https:\\\/\\\/radioljubuski.ba\\\/wp-content\\\/uploads\\\/2021\\\/10\\\/picula_ep_ustupljeno_al_jazeeri.jpg\",\"width\":770,\"height\":433,\"caption\":\"AFET Committee meeting - Exchange of views with the Chairman of the Presidency of Bosnia and Herzegovina\"},{\"@type\":\"BreadcrumbList\",\"@id\":\"https:\\\/\\\/radioljubuski.ba\\\/index.php\\\/2022\\\/06\\\/22\\\/picula-hrvatska-ce-podrzati-kandidatski-status-bih-ali-skeptican-sam-hoce-li-to-uspjeti\\\/#breadcrumb\",\"itemListElement\":[{\"@type\":\"ListItem\",\"position\":1,\"name\":\"Po\u010detna stranica\",\"item\":\"https:\\\/\\\/radioljubuski.ba\\\/\"},{\"@type\":\"ListItem\",\"position\":2,\"name\":\"Picula: Hrvatska \u0107e podr\u017eati kandidatski status BiH, ali skepti\u010dan sam ho\u0107e li to uspjeti\"}]},{\"@type\":\"WebSite\",\"@id\":\"https:\\\/\\\/radioljubuski.ba\\\/#website\",\"url\":\"https:\\\/\\\/radioljubuski.ba\\\/\",\"name\":\"Radio Ljubu\u0161ki\",\"description\":\"Sun\u010dana frekvencija Hercegovine\",\"publisher\":{\"@id\":\"https:\\\/\\\/radioljubuski.ba\\\/#organization\"},\"potentialAction\":[{\"@type\":\"SearchAction\",\"target\":{\"@type\":\"EntryPoint\",\"urlTemplate\":\"https:\\\/\\\/radioljubuski.ba\\\/?s={search_term_string}\"},\"query-input\":{\"@type\":\"PropertyValueSpecification\",\"valueRequired\":true,\"valueName\":\"search_term_string\"}}],\"inLanguage\":\"hr\"},{\"@type\":\"Organization\",\"@id\":\"https:\\\/\\\/radioljubuski.ba\\\/#organization\",\"name\":\"Radio Ljubu\u0161ki\",\"url\":\"https:\\\/\\\/radioljubuski.ba\\\/\",\"logo\":{\"@type\":\"ImageObject\",\"inLanguage\":\"hr\",\"@id\":\"https:\\\/\\\/radioljubuski.ba\\\/#\\\/schema\\\/logo\\\/image\\\/\",\"url\":\"https:\\\/\\\/radioljubuski.ba\\\/wp-content\\\/uploads\\\/2021\\\/02\\\/cropped-Radio_Ljubuski_logo1.jpg\",\"contentUrl\":\"https:\\\/\\\/radioljubuski.ba\\\/wp-content\\\/uploads\\\/2021\\\/02\\\/cropped-Radio_Ljubuski_logo1.jpg\",\"width\":512,\"height\":512,\"caption\":\"Radio Ljubu\u0161ki\"},\"image\":{\"@id\":\"https:\\\/\\\/radioljubuski.ba\\\/#\\\/schema\\\/logo\\\/image\\\/\"},\"sameAs\":[\"https:\\\/\\\/www.facebook.com\\\/Radiio-Ljubuski-1490835324566332\",\"https:\\\/\\\/x.com\\\/radioljubuski\",\"https:\\\/\\\/hr.linkedin.com\\\/company\\\/radio-ljubuski\",\"https:\\\/\\\/www.youtube.com\\\/channel\\\/UCHYaeO_n0Db3tjNGudGpXyw\"]},{\"@type\":\"Person\",\"@id\":\"https:\\\/\\\/radioljubuski.ba\\\/#\\\/schema\\\/person\\\/19fc700381a780f69665d7956c469e3b\",\"name\":\"Radio Ljubu\u0161ki\"}]}<\/script>\n<!-- \/ Yoast SEO plugin. -->","yoast_head_json":{"title":"Picula: Hrvatska \u0107e podr\u017eati kandidatski status BiH, ali skepti\u010dan sam ho\u0107e li to uspjeti - RADIO LJUBU\u0160KI","robots":{"index":"index","follow":"follow","max-snippet":"max-snippet:-1","max-image-preview":"max-image-preview:large","max-video-preview":"max-video-preview:-1"},"canonical":"https:\/\/radioljubuski.ba\/index.php\/2022\/06\/22\/picula-hrvatska-ce-podrzati-kandidatski-status-bih-ali-skeptican-sam-hoce-li-to-uspjeti\/","og_locale":"hr_HR","og_type":"article","og_title":"Picula: Hrvatska \u0107e podr\u017eati kandidatski status BiH, ali skepti\u010dan sam ho\u0107e li to uspjeti - RADIO LJUBU\u0160KI","og_description":"SDP-ov europarlamentarac Tonino Picula bio je gost N1 Studija u\u017eivo i pri\u010dao o politici pro\u0161irenja Europske unije, kao i europskoj perspektivi Bosne i Hercegovine. Hrvatski premijer Andrej Plenkovi\u0107 danas \u0107e govoriti pred zastupnicima Europskom parlamentu. \u201cVidjet \u0107emo o \u010demu \u0107e govoriti, ali mnogo je relevantnih tema. S jedne strane Europski parlament \u0107e se u drugom [&hellip;]","og_url":"https:\/\/radioljubuski.ba\/index.php\/2022\/06\/22\/picula-hrvatska-ce-podrzati-kandidatski-status-bih-ali-skeptican-sam-hoce-li-to-uspjeti\/","og_site_name":"RADIO LJUBU\u0160KI","article_publisher":"https:\/\/www.facebook.com\/Radiio-Ljubuski-1490835324566332","article_published_time":"2022-06-22T16:08:38+00:00","article_modified_time":"2022-06-22T16:08:39+00:00","og_image":[{"width":770,"height":433,"url":"https:\/\/radioljubuski.ba\/wp-content\/uploads\/2021\/10\/picula_ep_ustupljeno_al_jazeeri.jpg","type":"image\/jpeg"}],"author":"Radio Ljubu\u0161ki","twitter_card":"summary_large_image","twitter_creator":"@radioljubuski","twitter_site":"@radioljubuski","twitter_misc":{"Napisao\/la":"Radio Ljubu\u0161ki","Procijenjeno vrijeme \u010ditanja":"3 minute"},"schema":{"@context":"https:\/\/schema.org","@graph":[{"@type":"Article","@id":"https:\/\/radioljubuski.ba\/index.php\/2022\/06\/22\/picula-hrvatska-ce-podrzati-kandidatski-status-bih-ali-skeptican-sam-hoce-li-to-uspjeti\/#article","isPartOf":{"@id":"https:\/\/radioljubuski.ba\/index.php\/2022\/06\/22\/picula-hrvatska-ce-podrzati-kandidatski-status-bih-ali-skeptican-sam-hoce-li-to-uspjeti\/"},"author":{"name":"Radio Ljubu\u0161ki","@id":"https:\/\/radioljubuski.ba\/#\/schema\/person\/19fc700381a780f69665d7956c469e3b"},"headline":"Picula: Hrvatska \u0107e podr\u017eati kandidatski status BiH, ali skepti\u010dan sam ho\u0107e li to uspjeti","datePublished":"2022-06-22T16:08:38+00:00","dateModified":"2022-06-22T16:08:39+00:00","mainEntityOfPage":{"@id":"https:\/\/radioljubuski.ba\/index.php\/2022\/06\/22\/picula-hrvatska-ce-podrzati-kandidatski-status-bih-ali-skeptican-sam-hoce-li-to-uspjeti\/"},"wordCount":532,"publisher":{"@id":"https:\/\/radioljubuski.ba\/#organization"},"image":{"@id":"https:\/\/radioljubuski.ba\/index.php\/2022\/06\/22\/picula-hrvatska-ce-podrzati-kandidatski-status-bih-ali-skeptican-sam-hoce-li-to-uspjeti\/#primaryimage"},"thumbnailUrl":"https:\/\/radioljubuski.ba\/wp-content\/uploads\/2021\/10\/picula_ep_ustupljeno_al_jazeeri.jpg","articleSection":["BIH i regija"],"inLanguage":"hr"},{"@type":"WebPage","@id":"https:\/\/radioljubuski.ba\/index.php\/2022\/06\/22\/picula-hrvatska-ce-podrzati-kandidatski-status-bih-ali-skeptican-sam-hoce-li-to-uspjeti\/","url":"https:\/\/radioljubuski.ba\/index.php\/2022\/06\/22\/picula-hrvatska-ce-podrzati-kandidatski-status-bih-ali-skeptican-sam-hoce-li-to-uspjeti\/","name":"Picula: Hrvatska \u0107e podr\u017eati kandidatski status BiH, ali skepti\u010dan sam ho\u0107e li to uspjeti - RADIO LJUBU\u0160KI","isPartOf":{"@id":"https:\/\/radioljubuski.ba\/#website"},"primaryImageOfPage":{"@id":"https:\/\/radioljubuski.ba\/index.php\/2022\/06\/22\/picula-hrvatska-ce-podrzati-kandidatski-status-bih-ali-skeptican-sam-hoce-li-to-uspjeti\/#primaryimage"},"image":{"@id":"https:\/\/radioljubuski.ba\/index.php\/2022\/06\/22\/picula-hrvatska-ce-podrzati-kandidatski-status-bih-ali-skeptican-sam-hoce-li-to-uspjeti\/#primaryimage"},"thumbnailUrl":"https:\/\/radioljubuski.ba\/wp-content\/uploads\/2021\/10\/picula_ep_ustupljeno_al_jazeeri.jpg","datePublished":"2022-06-22T16:08:38+00:00","dateModified":"2022-06-22T16:08:39+00:00","breadcrumb":{"@id":"https:\/\/radioljubuski.ba\/index.php\/2022\/06\/22\/picula-hrvatska-ce-podrzati-kandidatski-status-bih-ali-skeptican-sam-hoce-li-to-uspjeti\/#breadcrumb"},"inLanguage":"hr","potentialAction":[{"@type":"ReadAction","target":["https:\/\/radioljubuski.ba\/index.php\/2022\/06\/22\/picula-hrvatska-ce-podrzati-kandidatski-status-bih-ali-skeptican-sam-hoce-li-to-uspjeti\/"]}]},{"@type":"ImageObject","inLanguage":"hr","@id":"https:\/\/radioljubuski.ba\/index.php\/2022\/06\/22\/picula-hrvatska-ce-podrzati-kandidatski-status-bih-ali-skeptican-sam-hoce-li-to-uspjeti\/#primaryimage","url":"https:\/\/radioljubuski.ba\/wp-content\/uploads\/2021\/10\/picula_ep_ustupljeno_al_jazeeri.jpg","contentUrl":"https:\/\/radioljubuski.ba\/wp-content\/uploads\/2021\/10\/picula_ep_ustupljeno_al_jazeeri.jpg","width":770,"height":433,"caption":"AFET Committee meeting - Exchange of views with the Chairman of the Presidency of Bosnia and Herzegovina"},{"@type":"BreadcrumbList","@id":"https:\/\/radioljubuski.ba\/index.php\/2022\/06\/22\/picula-hrvatska-ce-podrzati-kandidatski-status-bih-ali-skeptican-sam-hoce-li-to-uspjeti\/#breadcrumb","itemListElement":[{"@type":"ListItem","position":1,"name":"Po\u010detna stranica","item":"https:\/\/radioljubuski.ba\/"},{"@type":"ListItem","position":2,"name":"Picula: Hrvatska \u0107e podr\u017eati kandidatski status BiH, ali skepti\u010dan sam ho\u0107e li to uspjeti"}]},{"@type":"WebSite","@id":"https:\/\/radioljubuski.ba\/#website","url":"https:\/\/radioljubuski.ba\/","name":"Radio Ljubu\u0161ki","description":"Sun\u010dana frekvencija Hercegovine","publisher":{"@id":"https:\/\/radioljubuski.ba\/#organization"},"potentialAction":[{"@type":"SearchAction","target":{"@type":"EntryPoint","urlTemplate":"https:\/\/radioljubuski.ba\/?s={search_term_string}"},"query-input":{"@type":"PropertyValueSpecification","valueRequired":true,"valueName":"search_term_string"}}],"inLanguage":"hr"},{"@type":"Organization","@id":"https:\/\/radioljubuski.ba\/#organization","name":"Radio Ljubu\u0161ki","url":"https:\/\/radioljubuski.ba\/","logo":{"@type":"ImageObject","inLanguage":"hr","@id":"https:\/\/radioljubuski.ba\/#\/schema\/logo\/image\/","url":"https:\/\/radioljubuski.ba\/wp-content\/uploads\/2021\/02\/cropped-Radio_Ljubuski_logo1.jpg","contentUrl":"https:\/\/radioljubuski.ba\/wp-content\/uploads\/2021\/02\/cropped-Radio_Ljubuski_logo1.jpg","width":512,"height":512,"caption":"Radio Ljubu\u0161ki"},"image":{"@id":"https:\/\/radioljubuski.ba\/#\/schema\/logo\/image\/"},"sameAs":["https:\/\/www.facebook.com\/Radiio-Ljubuski-1490835324566332","https:\/\/x.com\/radioljubuski","https:\/\/hr.linkedin.com\/company\/radio-ljubuski","https:\/\/www.youtube.com\/channel\/UCHYaeO_n0Db3tjNGudGpXyw"]},{"@type":"Person","@id":"https:\/\/radioljubuski.ba\/#\/schema\/person\/19fc700381a780f69665d7956c469e3b","name":"Radio Ljubu\u0161ki"}]}},"_links":{"self":[{"href":"https:\/\/radioljubuski.ba\/index.php\/wp-json\/wp\/v2\/posts\/152304","targetHints":{"allow":["GET"]}}],"collection":[{"href":"https:\/\/radioljubuski.ba\/index.php\/wp-json\/wp\/v2\/posts"}],"about":[{"href":"https:\/\/radioljubuski.ba\/index.php\/wp-json\/wp\/v2\/types\/post"}],"author":[{"embeddable":true,"href":"https:\/\/radioljubuski.ba\/index.php\/wp-json\/wp\/v2\/users\/2"}],"replies":[{"embeddable":true,"href":"https:\/\/radioljubuski.ba\/index.php\/wp-json\/wp\/v2\/comments?post=152304"}],"version-history":[{"count":1,"href":"https:\/\/radioljubuski.ba\/index.php\/wp-json\/wp\/v2\/posts\/152304\/revisions"}],"predecessor-version":[{"id":152305,"href":"https:\/\/radioljubuski.ba\/index.php\/wp-json\/wp\/v2\/posts\/152304\/revisions\/152305"}],"wp:featuredmedia":[{"embeddable":true,"href":"https:\/\/radioljubuski.ba\/index.php\/wp-json\/wp\/v2\/media\/79139"}],"wp:attachment":[{"href":"https:\/\/radioljubuski.ba\/index.php\/wp-json\/wp\/v2\/media?parent=152304"}],"wp:term":[{"taxonomy":"category","embeddable":true,"href":"https:\/\/radioljubuski.ba\/index.php\/wp-json\/wp\/v2\/categories?post=152304"},{"taxonomy":"post_tag","embeddable":true,"href":"https:\/\/radioljubuski.ba\/index.php\/wp-json\/wp\/v2\/tags?post=152304"}],"curies":[{"name":"wp","href":"https:\/\/api.w.org\/{rel}","templated":true}]}}