{"id":152309,"date":"2022-06-22T17:10:46","date_gmt":"2022-06-22T16:10:46","guid":{"rendered":"https:\/\/radioljubuski.ba\/?p=152309"},"modified":"2022-06-22T17:10:47","modified_gmt":"2022-06-22T16:10:47","slug":"plenkovic-u-ep-zelimo-hitno-rjesenje-za-promjenu-izbornog-zakona-u-bih","status":"publish","type":"post","link":"https:\/\/radioljubuski.ba\/index.php\/2022\/06\/22\/plenkovic-u-ep-zelimo-hitno-rjesenje-za-promjenu-izbornog-zakona-u-bih\/","title":{"rendered":"Plenkovi\u0107 u EP: \u017delimo hitno rje\u0161enje za promjenu izbornog zakona u BiH"},"content":{"rendered":"\n<p><strong>Premijer Hrvatske Andrej Plenkovi\u0107 idu\u0107a tri dana boravi u Bruxellesu. Sudjelovao je na plenarnoj sjednici Europskoga parlamenta tijekom koje se obratio zastupnicima u sklopu rasprave na temu \u201cOvo je Europa\u201d. Najavio je da \u0107e Vije\u0107e EU sljede\u0107i tjedan poslati prijedlog odluke o ulasku Hrvatske u \u0161engenski prostor i odluka o ulasku 1. sije\u010dnja mogla bi biti donesena najesen. Zatra\u017eio je i da BiH ne ostane \u201czadnji vagon na zapadnom Balkanu koji ide prema Europskoj uniji\u201d.<\/strong><\/p>\n\n\n\n<p>\u2013 Sljede\u0107i tjedan Vije\u0107e EU poslat \u0107e formalni prijedlog o ulasku Hrvatske u \u0161engen u Europski parlament, rekao je Plenkovi\u0107 u govoru na plenarnoj sjednici Europskog parlamenta.<\/p>\n\n\n\n<p>Odluku o ulasku u \u0161engen donosi Vije\u0107e EU jednoglasno, a postupak zahtijeva tra\u017eenje mi\u0161ljenja Europskog parlamenta prije dono\u0161enja kona\u010dne odluke.<\/p>\n\n\n\n<p>Plenkovi\u0107 je izrazio nadu da \u0107e Parlament brzo izglasati svoje mi\u0161ljenje o tom prijedlogu te da \u0107e najesen, za vrijeme \u010de\u0161kog predsjedanja, biti donesena kona\u010dna odluka o ulasku Hrvatske u \u0161engen.<\/p>\n\n\n\n<p>Tako bi Hrvatska od po\u010detka 2023. godine mogla postati \u010dlanicom dubljih integracija unutar EU, to jest europodru\u010dja i \u0161engena.<\/p>\n\n\n\n<p>\u2013 Mi smo uvijek bili za davanje statusa kandidata i Bosni i Hercegovini jer smatramo da ova zemlja ne bi smjela biti zadnji vagon na zapadnom Balkanu koji ide prema Europskoj uniji. To bi bila povijensa nepravda. Mi smo jedna od dr\u017eava koje poti\u010du \u010dlanstvo BiH u Europskoj uniji. \u017delimo hitno rje\u0161enje za promjenu izbornog zakona koji bi omogu\u0107io pravedne i po\u0161tene izbore u Bosni i Hercegovini, poru\u010dio je hrvatski premijer Plenkovi\u0107.<\/p>\n\n\n\n<p>Premijer Hrvatske Andrej Plenkovi\u0107 na Twitteru je objavio da je razgovarao s ukrajinskim predsjednikom Volodimirom Zelenskim. Uo\u010di sastanka Europskog vije\u0107a, najavljenog za kraj tjedna \u2013 dao je potporu Ukrajini u stjecanju statusa kandidata za \u010dlanstvo u Uniji.<\/p>\n\n\n\n<p>Premijer Plenkovi\u0107 do 24. lipnja boravi u posjetu Bruxellesu tijekom kojega se obratio zastupnicima u Europskom parlamentu, a sudjelovat \u0107e i na sastanku na vrhu \u010delnika EU-a i zapadnog Balkana, na sastanku Europskoga vije\u0107a te na sastanku na vrhu dr\u017eava europodru\u010dja.<\/p>\n\n\n\n<p>Premijer Hrvatske \u0107e u srijedu sudjelovati na plenarnoj sjednici Europskoga parlamenta tijekom koje \u0107e odr\u017eati izlaganje za vrijeme rasprave u okviru teme \u201cOvo je Europa\u201d. Tijekom ve\u010deri \u0107e sudjelovati na prijemu povodom proslave Dana dr\u017eavnosti i 30. obljetnice me\u0111unarodnog priznanja Republike Hrvatske.<\/p>\n\n\n\n<p>U \u010detvrtak \u0107e sudjelovati na sastanak na vrhu EU \u2013 zapadni Balkan, na sastanku na vrhu Europske pu\u010dke stranke, te \u0107e se biti na susretu predsjednika dr\u017eava ili vlada s predsjednicom Europskog parlamenta Robertom Metsolom. Nakon toga \u0107e sudjelovati na sastanku Europskoga vije\u0107a i na radnoj ve\u010deri s njenim \u010dlanovima.<\/p>\n\n\n\n<p>U petak, posljednjeg dana boravka u Bruxellesu, Plenkovi\u0107 \u0107e sudjelovati na sastanku na vrhu dr\u017eava europodru\u010dja i na sastanku Europskoga vije\u0107a.<\/p>\n\n\n\n<p>\/HMS\/<\/p>\n","protected":false},"excerpt":{"rendered":"<p>Premijer Hrvatske Andrej Plenkovi\u0107 idu\u0107a tri dana boravi u Bruxellesu. Sudjelovao je na plenarnoj sjednici Europskoga parlamenta tijekom koje se obratio zastupnicima u sklopu rasprave na temu \u201cOvo je Europa\u201d. Najavio je da \u0107e Vije\u0107e EU sljede\u0107i tjedan poslati prijedlog odluke o ulasku Hrvatske u \u0161engenski prostor i odluka o ulasku 1. sije\u010dnja mogla bi [&hellip;]<\/p>\n","protected":false},"author":2,"featured_media":152310,"comment_status":"closed","ping_status":"closed","sticky":false,"template":"","format":"standard","meta":{"h5ap_radio_sources":[],"footnotes":""},"categories":[1],"tags":[],"class_list":["post-152309","post","type-post","status-publish","format-standard","has-post-thumbnail","hentry","category-bihiregija"],"yoast_head":"<!-- This site is optimized with the Yoast SEO plugin v27.4 - https:\/\/yoast.com\/product\/yoast-seo-wordpress\/ -->\n<title>Plenkovi\u0107 u EP: \u017delimo hitno rje\u0161enje za promjenu izbornog zakona u BiH - RADIO LJUBU\u0160KI<\/title>\n<meta name=\"robots\" content=\"index, follow, max-snippet:-1, max-image-preview:large, max-video-preview:-1\" \/>\n<link rel=\"canonical\" href=\"https:\/\/radioljubuski.ba\/index.php\/2022\/06\/22\/plenkovic-u-ep-zelimo-hitno-rjesenje-za-promjenu-izbornog-zakona-u-bih\/\" \/>\n<meta property=\"og:locale\" content=\"hr_HR\" \/>\n<meta property=\"og:type\" content=\"article\" \/>\n<meta property=\"og:title\" content=\"Plenkovi\u0107 u EP: \u017delimo hitno rje\u0161enje za promjenu izbornog zakona u BiH - RADIO LJUBU\u0160KI\" \/>\n<meta property=\"og:description\" content=\"Premijer Hrvatske Andrej Plenkovi\u0107 idu\u0107a tri dana boravi u Bruxellesu. Sudjelovao je na plenarnoj sjednici Europskoga parlamenta tijekom koje se obratio zastupnicima u sklopu rasprave na temu \u201cOvo je Europa\u201d. Najavio je da \u0107e Vije\u0107e EU sljede\u0107i tjedan poslati prijedlog odluke o ulasku Hrvatske u \u0161engenski prostor i odluka o ulasku 1. sije\u010dnja mogla bi [&hellip;]\" \/>\n<meta property=\"og:url\" content=\"https:\/\/radioljubuski.ba\/index.php\/2022\/06\/22\/plenkovic-u-ep-zelimo-hitno-rjesenje-za-promjenu-izbornog-zakona-u-bih\/\" \/>\n<meta property=\"og:site_name\" content=\"RADIO LJUBU\u0160KI\" \/>\n<meta property=\"article:publisher\" content=\"https:\/\/www.facebook.com\/Radiio-Ljubuski-1490835324566332\" \/>\n<meta property=\"article:published_time\" content=\"2022-06-22T16:10:46+00:00\" \/>\n<meta property=\"article:modified_time\" content=\"2022-06-22T16:10:47+00:00\" \/>\n<meta property=\"og:image\" content=\"https:\/\/radioljubuski.ba\/wp-content\/uploads\/2022\/06\/plenkovic-ep-1068x635-1.jpg\" \/>\n\t<meta property=\"og:image:width\" content=\"1068\" \/>\n\t<meta property=\"og:image:height\" content=\"635\" \/>\n\t<meta property=\"og:image:type\" content=\"image\/jpeg\" \/>\n<meta name=\"author\" content=\"Radio Ljubu\u0161ki\" \/>\n<meta name=\"twitter:card\" content=\"summary_large_image\" \/>\n<meta name=\"twitter:creator\" content=\"@radioljubuski\" \/>\n<meta name=\"twitter:site\" content=\"@radioljubuski\" \/>\n<meta name=\"twitter:label1\" content=\"Napisao\/la\" \/>\n\t<meta name=\"twitter:data1\" content=\"Radio Ljubu\u0161ki\" \/>\n\t<meta name=\"twitter:label2\" content=\"Procijenjeno vrijeme \u010ditanja\" \/>\n\t<meta name=\"twitter:data2\" content=\"2 minute\" \/>\n<script type=\"application\/ld+json\" class=\"yoast-schema-graph\">{\"@context\":\"https:\\\/\\\/schema.org\",\"@graph\":[{\"@type\":\"Article\",\"@id\":\"https:\\\/\\\/radioljubuski.ba\\\/index.php\\\/2022\\\/06\\\/22\\\/plenkovic-u-ep-zelimo-hitno-rjesenje-za-promjenu-izbornog-zakona-u-bih\\\/#article\",\"isPartOf\":{\"@id\":\"https:\\\/\\\/radioljubuski.ba\\\/index.php\\\/2022\\\/06\\\/22\\\/plenkovic-u-ep-zelimo-hitno-rjesenje-za-promjenu-izbornog-zakona-u-bih\\\/\"},\"author\":{\"name\":\"Radio Ljubu\u0161ki\",\"@id\":\"https:\\\/\\\/radioljubuski.ba\\\/#\\\/schema\\\/person\\\/19fc700381a780f69665d7956c469e3b\"},\"headline\":\"Plenkovi\u0107 u EP: \u017delimo hitno rje\u0161enje za promjenu izbornog zakona u BiH\",\"datePublished\":\"2022-06-22T16:10:46+00:00\",\"dateModified\":\"2022-06-22T16:10:47+00:00\",\"mainEntityOfPage\":{\"@id\":\"https:\\\/\\\/radioljubuski.ba\\\/index.php\\\/2022\\\/06\\\/22\\\/plenkovic-u-ep-zelimo-hitno-rjesenje-za-promjenu-izbornog-zakona-u-bih\\\/\"},\"wordCount\":480,\"publisher\":{\"@id\":\"https:\\\/\\\/radioljubuski.ba\\\/#organization\"},\"image\":{\"@id\":\"https:\\\/\\\/radioljubuski.ba\\\/index.php\\\/2022\\\/06\\\/22\\\/plenkovic-u-ep-zelimo-hitno-rjesenje-za-promjenu-izbornog-zakona-u-bih\\\/#primaryimage\"},\"thumbnailUrl\":\"https:\\\/\\\/radioljubuski.ba\\\/wp-content\\\/uploads\\\/2022\\\/06\\\/plenkovic-ep-1068x635-1.jpg\",\"articleSection\":[\"BIH i regija\"],\"inLanguage\":\"hr\"},{\"@type\":\"WebPage\",\"@id\":\"https:\\\/\\\/radioljubuski.ba\\\/index.php\\\/2022\\\/06\\\/22\\\/plenkovic-u-ep-zelimo-hitno-rjesenje-za-promjenu-izbornog-zakona-u-bih\\\/\",\"url\":\"https:\\\/\\\/radioljubuski.ba\\\/index.php\\\/2022\\\/06\\\/22\\\/plenkovic-u-ep-zelimo-hitno-rjesenje-za-promjenu-izbornog-zakona-u-bih\\\/\",\"name\":\"Plenkovi\u0107 u EP: \u017delimo hitno rje\u0161enje za promjenu izbornog zakona u BiH - RADIO LJUBU\u0160KI\",\"isPartOf\":{\"@id\":\"https:\\\/\\\/radioljubuski.ba\\\/#website\"},\"primaryImageOfPage\":{\"@id\":\"https:\\\/\\\/radioljubuski.ba\\\/index.php\\\/2022\\\/06\\\/22\\\/plenkovic-u-ep-zelimo-hitno-rjesenje-za-promjenu-izbornog-zakona-u-bih\\\/#primaryimage\"},\"image\":{\"@id\":\"https:\\\/\\\/radioljubuski.ba\\\/index.php\\\/2022\\\/06\\\/22\\\/plenkovic-u-ep-zelimo-hitno-rjesenje-za-promjenu-izbornog-zakona-u-bih\\\/#primaryimage\"},\"thumbnailUrl\":\"https:\\\/\\\/radioljubuski.ba\\\/wp-content\\\/uploads\\\/2022\\\/06\\\/plenkovic-ep-1068x635-1.jpg\",\"datePublished\":\"2022-06-22T16:10:46+00:00\",\"dateModified\":\"2022-06-22T16:10:47+00:00\",\"breadcrumb\":{\"@id\":\"https:\\\/\\\/radioljubuski.ba\\\/index.php\\\/2022\\\/06\\\/22\\\/plenkovic-u-ep-zelimo-hitno-rjesenje-za-promjenu-izbornog-zakona-u-bih\\\/#breadcrumb\"},\"inLanguage\":\"hr\",\"potentialAction\":[{\"@type\":\"ReadAction\",\"target\":[\"https:\\\/\\\/radioljubuski.ba\\\/index.php\\\/2022\\\/06\\\/22\\\/plenkovic-u-ep-zelimo-hitno-rjesenje-za-promjenu-izbornog-zakona-u-bih\\\/\"]}]},{\"@type\":\"ImageObject\",\"inLanguage\":\"hr\",\"@id\":\"https:\\\/\\\/radioljubuski.ba\\\/index.php\\\/2022\\\/06\\\/22\\\/plenkovic-u-ep-zelimo-hitno-rjesenje-za-promjenu-izbornog-zakona-u-bih\\\/#primaryimage\",\"url\":\"https:\\\/\\\/radioljubuski.ba\\\/wp-content\\\/uploads\\\/2022\\\/06\\\/plenkovic-ep-1068x635-1.jpg\",\"contentUrl\":\"https:\\\/\\\/radioljubuski.ba\\\/wp-content\\\/uploads\\\/2022\\\/06\\\/plenkovic-ep-1068x635-1.jpg\",\"width\":1068,\"height\":635},{\"@type\":\"BreadcrumbList\",\"@id\":\"https:\\\/\\\/radioljubuski.ba\\\/index.php\\\/2022\\\/06\\\/22\\\/plenkovic-u-ep-zelimo-hitno-rjesenje-za-promjenu-izbornog-zakona-u-bih\\\/#breadcrumb\",\"itemListElement\":[{\"@type\":\"ListItem\",\"position\":1,\"name\":\"Po\u010detna stranica\",\"item\":\"https:\\\/\\\/radioljubuski.ba\\\/\"},{\"@type\":\"ListItem\",\"position\":2,\"name\":\"Plenkovi\u0107 u EP: \u017delimo hitno rje\u0161enje za promjenu izbornog zakona u BiH\"}]},{\"@type\":\"WebSite\",\"@id\":\"https:\\\/\\\/radioljubuski.ba\\\/#website\",\"url\":\"https:\\\/\\\/radioljubuski.ba\\\/\",\"name\":\"Radio Ljubu\u0161ki\",\"description\":\"Sun\u010dana frekvencija Hercegovine\",\"publisher\":{\"@id\":\"https:\\\/\\\/radioljubuski.ba\\\/#organization\"},\"potentialAction\":[{\"@type\":\"SearchAction\",\"target\":{\"@type\":\"EntryPoint\",\"urlTemplate\":\"https:\\\/\\\/radioljubuski.ba\\\/?s={search_term_string}\"},\"query-input\":{\"@type\":\"PropertyValueSpecification\",\"valueRequired\":true,\"valueName\":\"search_term_string\"}}],\"inLanguage\":\"hr\"},{\"@type\":\"Organization\",\"@id\":\"https:\\\/\\\/radioljubuski.ba\\\/#organization\",\"name\":\"Radio Ljubu\u0161ki\",\"url\":\"https:\\\/\\\/radioljubuski.ba\\\/\",\"logo\":{\"@type\":\"ImageObject\",\"inLanguage\":\"hr\",\"@id\":\"https:\\\/\\\/radioljubuski.ba\\\/#\\\/schema\\\/logo\\\/image\\\/\",\"url\":\"https:\\\/\\\/radioljubuski.ba\\\/wp-content\\\/uploads\\\/2021\\\/02\\\/cropped-Radio_Ljubuski_logo1.jpg\",\"contentUrl\":\"https:\\\/\\\/radioljubuski.ba\\\/wp-content\\\/uploads\\\/2021\\\/02\\\/cropped-Radio_Ljubuski_logo1.jpg\",\"width\":512,\"height\":512,\"caption\":\"Radio Ljubu\u0161ki\"},\"image\":{\"@id\":\"https:\\\/\\\/radioljubuski.ba\\\/#\\\/schema\\\/logo\\\/image\\\/\"},\"sameAs\":[\"https:\\\/\\\/www.facebook.com\\\/Radiio-Ljubuski-1490835324566332\",\"https:\\\/\\\/x.com\\\/radioljubuski\",\"https:\\\/\\\/hr.linkedin.com\\\/company\\\/radio-ljubuski\",\"https:\\\/\\\/www.youtube.com\\\/channel\\\/UCHYaeO_n0Db3tjNGudGpXyw\"]},{\"@type\":\"Person\",\"@id\":\"https:\\\/\\\/radioljubuski.ba\\\/#\\\/schema\\\/person\\\/19fc700381a780f69665d7956c469e3b\",\"name\":\"Radio Ljubu\u0161ki\"}]}<\/script>\n<!-- \/ Yoast SEO plugin. -->","yoast_head_json":{"title":"Plenkovi\u0107 u EP: \u017delimo hitno rje\u0161enje za promjenu izbornog zakona u BiH - RADIO LJUBU\u0160KI","robots":{"index":"index","follow":"follow","max-snippet":"max-snippet:-1","max-image-preview":"max-image-preview:large","max-video-preview":"max-video-preview:-1"},"canonical":"https:\/\/radioljubuski.ba\/index.php\/2022\/06\/22\/plenkovic-u-ep-zelimo-hitno-rjesenje-za-promjenu-izbornog-zakona-u-bih\/","og_locale":"hr_HR","og_type":"article","og_title":"Plenkovi\u0107 u EP: \u017delimo hitno rje\u0161enje za promjenu izbornog zakona u BiH - RADIO LJUBU\u0160KI","og_description":"Premijer Hrvatske Andrej Plenkovi\u0107 idu\u0107a tri dana boravi u Bruxellesu. Sudjelovao je na plenarnoj sjednici Europskoga parlamenta tijekom koje se obratio zastupnicima u sklopu rasprave na temu \u201cOvo je Europa\u201d. Najavio je da \u0107e Vije\u0107e EU sljede\u0107i tjedan poslati prijedlog odluke o ulasku Hrvatske u \u0161engenski prostor i odluka o ulasku 1. sije\u010dnja mogla bi [&hellip;]","og_url":"https:\/\/radioljubuski.ba\/index.php\/2022\/06\/22\/plenkovic-u-ep-zelimo-hitno-rjesenje-za-promjenu-izbornog-zakona-u-bih\/","og_site_name":"RADIO LJUBU\u0160KI","article_publisher":"https:\/\/www.facebook.com\/Radiio-Ljubuski-1490835324566332","article_published_time":"2022-06-22T16:10:46+00:00","article_modified_time":"2022-06-22T16:10:47+00:00","og_image":[{"width":1068,"height":635,"url":"https:\/\/radioljubuski.ba\/wp-content\/uploads\/2022\/06\/plenkovic-ep-1068x635-1.jpg","type":"image\/jpeg"}],"author":"Radio Ljubu\u0161ki","twitter_card":"summary_large_image","twitter_creator":"@radioljubuski","twitter_site":"@radioljubuski","twitter_misc":{"Napisao\/la":"Radio Ljubu\u0161ki","Procijenjeno vrijeme \u010ditanja":"2 minute"},"schema":{"@context":"https:\/\/schema.org","@graph":[{"@type":"Article","@id":"https:\/\/radioljubuski.ba\/index.php\/2022\/06\/22\/plenkovic-u-ep-zelimo-hitno-rjesenje-za-promjenu-izbornog-zakona-u-bih\/#article","isPartOf":{"@id":"https:\/\/radioljubuski.ba\/index.php\/2022\/06\/22\/plenkovic-u-ep-zelimo-hitno-rjesenje-za-promjenu-izbornog-zakona-u-bih\/"},"author":{"name":"Radio Ljubu\u0161ki","@id":"https:\/\/radioljubuski.ba\/#\/schema\/person\/19fc700381a780f69665d7956c469e3b"},"headline":"Plenkovi\u0107 u EP: \u017delimo hitno rje\u0161enje za promjenu izbornog zakona u BiH","datePublished":"2022-06-22T16:10:46+00:00","dateModified":"2022-06-22T16:10:47+00:00","mainEntityOfPage":{"@id":"https:\/\/radioljubuski.ba\/index.php\/2022\/06\/22\/plenkovic-u-ep-zelimo-hitno-rjesenje-za-promjenu-izbornog-zakona-u-bih\/"},"wordCount":480,"publisher":{"@id":"https:\/\/radioljubuski.ba\/#organization"},"image":{"@id":"https:\/\/radioljubuski.ba\/index.php\/2022\/06\/22\/plenkovic-u-ep-zelimo-hitno-rjesenje-za-promjenu-izbornog-zakona-u-bih\/#primaryimage"},"thumbnailUrl":"https:\/\/radioljubuski.ba\/wp-content\/uploads\/2022\/06\/plenkovic-ep-1068x635-1.jpg","articleSection":["BIH i regija"],"inLanguage":"hr"},{"@type":"WebPage","@id":"https:\/\/radioljubuski.ba\/index.php\/2022\/06\/22\/plenkovic-u-ep-zelimo-hitno-rjesenje-za-promjenu-izbornog-zakona-u-bih\/","url":"https:\/\/radioljubuski.ba\/index.php\/2022\/06\/22\/plenkovic-u-ep-zelimo-hitno-rjesenje-za-promjenu-izbornog-zakona-u-bih\/","name":"Plenkovi\u0107 u EP: \u017delimo hitno rje\u0161enje za promjenu izbornog zakona u BiH - RADIO LJUBU\u0160KI","isPartOf":{"@id":"https:\/\/radioljubuski.ba\/#website"},"primaryImageOfPage":{"@id":"https:\/\/radioljubuski.ba\/index.php\/2022\/06\/22\/plenkovic-u-ep-zelimo-hitno-rjesenje-za-promjenu-izbornog-zakona-u-bih\/#primaryimage"},"image":{"@id":"https:\/\/radioljubuski.ba\/index.php\/2022\/06\/22\/plenkovic-u-ep-zelimo-hitno-rjesenje-za-promjenu-izbornog-zakona-u-bih\/#primaryimage"},"thumbnailUrl":"https:\/\/radioljubuski.ba\/wp-content\/uploads\/2022\/06\/plenkovic-ep-1068x635-1.jpg","datePublished":"2022-06-22T16:10:46+00:00","dateModified":"2022-06-22T16:10:47+00:00","breadcrumb":{"@id":"https:\/\/radioljubuski.ba\/index.php\/2022\/06\/22\/plenkovic-u-ep-zelimo-hitno-rjesenje-za-promjenu-izbornog-zakona-u-bih\/#breadcrumb"},"inLanguage":"hr","potentialAction":[{"@type":"ReadAction","target":["https:\/\/radioljubuski.ba\/index.php\/2022\/06\/22\/plenkovic-u-ep-zelimo-hitno-rjesenje-za-promjenu-izbornog-zakona-u-bih\/"]}]},{"@type":"ImageObject","inLanguage":"hr","@id":"https:\/\/radioljubuski.ba\/index.php\/2022\/06\/22\/plenkovic-u-ep-zelimo-hitno-rjesenje-za-promjenu-izbornog-zakona-u-bih\/#primaryimage","url":"https:\/\/radioljubuski.ba\/wp-content\/uploads\/2022\/06\/plenkovic-ep-1068x635-1.jpg","contentUrl":"https:\/\/radioljubuski.ba\/wp-content\/uploads\/2022\/06\/plenkovic-ep-1068x635-1.jpg","width":1068,"height":635},{"@type":"BreadcrumbList","@id":"https:\/\/radioljubuski.ba\/index.php\/2022\/06\/22\/plenkovic-u-ep-zelimo-hitno-rjesenje-za-promjenu-izbornog-zakona-u-bih\/#breadcrumb","itemListElement":[{"@type":"ListItem","position":1,"name":"Po\u010detna stranica","item":"https:\/\/radioljubuski.ba\/"},{"@type":"ListItem","position":2,"name":"Plenkovi\u0107 u EP: \u017delimo hitno rje\u0161enje za promjenu izbornog zakona u BiH"}]},{"@type":"WebSite","@id":"https:\/\/radioljubuski.ba\/#website","url":"https:\/\/radioljubuski.ba\/","name":"Radio Ljubu\u0161ki","description":"Sun\u010dana frekvencija Hercegovine","publisher":{"@id":"https:\/\/radioljubuski.ba\/#organization"},"potentialAction":[{"@type":"SearchAction","target":{"@type":"EntryPoint","urlTemplate":"https:\/\/radioljubuski.ba\/?s={search_term_string}"},"query-input":{"@type":"PropertyValueSpecification","valueRequired":true,"valueName":"search_term_string"}}],"inLanguage":"hr"},{"@type":"Organization","@id":"https:\/\/radioljubuski.ba\/#organization","name":"Radio Ljubu\u0161ki","url":"https:\/\/radioljubuski.ba\/","logo":{"@type":"ImageObject","inLanguage":"hr","@id":"https:\/\/radioljubuski.ba\/#\/schema\/logo\/image\/","url":"https:\/\/radioljubuski.ba\/wp-content\/uploads\/2021\/02\/cropped-Radio_Ljubuski_logo1.jpg","contentUrl":"https:\/\/radioljubuski.ba\/wp-content\/uploads\/2021\/02\/cropped-Radio_Ljubuski_logo1.jpg","width":512,"height":512,"caption":"Radio Ljubu\u0161ki"},"image":{"@id":"https:\/\/radioljubuski.ba\/#\/schema\/logo\/image\/"},"sameAs":["https:\/\/www.facebook.com\/Radiio-Ljubuski-1490835324566332","https:\/\/x.com\/radioljubuski","https:\/\/hr.linkedin.com\/company\/radio-ljubuski","https:\/\/www.youtube.com\/channel\/UCHYaeO_n0Db3tjNGudGpXyw"]},{"@type":"Person","@id":"https:\/\/radioljubuski.ba\/#\/schema\/person\/19fc700381a780f69665d7956c469e3b","name":"Radio Ljubu\u0161ki"}]}},"_links":{"self":[{"href":"https:\/\/radioljubuski.ba\/index.php\/wp-json\/wp\/v2\/posts\/152309","targetHints":{"allow":["GET"]}}],"collection":[{"href":"https:\/\/radioljubuski.ba\/index.php\/wp-json\/wp\/v2\/posts"}],"about":[{"href":"https:\/\/radioljubuski.ba\/index.php\/wp-json\/wp\/v2\/types\/post"}],"author":[{"embeddable":true,"href":"https:\/\/radioljubuski.ba\/index.php\/wp-json\/wp\/v2\/users\/2"}],"replies":[{"embeddable":true,"href":"https:\/\/radioljubuski.ba\/index.php\/wp-json\/wp\/v2\/comments?post=152309"}],"version-history":[{"count":1,"href":"https:\/\/radioljubuski.ba\/index.php\/wp-json\/wp\/v2\/posts\/152309\/revisions"}],"predecessor-version":[{"id":152311,"href":"https:\/\/radioljubuski.ba\/index.php\/wp-json\/wp\/v2\/posts\/152309\/revisions\/152311"}],"wp:featuredmedia":[{"embeddable":true,"href":"https:\/\/radioljubuski.ba\/index.php\/wp-json\/wp\/v2\/media\/152310"}],"wp:attachment":[{"href":"https:\/\/radioljubuski.ba\/index.php\/wp-json\/wp\/v2\/media?parent=152309"}],"wp:term":[{"taxonomy":"category","embeddable":true,"href":"https:\/\/radioljubuski.ba\/index.php\/wp-json\/wp\/v2\/categories?post=152309"},{"taxonomy":"post_tag","embeddable":true,"href":"https:\/\/radioljubuski.ba\/index.php\/wp-json\/wp\/v2\/tags?post=152309"}],"curies":[{"name":"wp","href":"https:\/\/api.w.org\/{rel}","templated":true}]}}