{"id":152312,"date":"2022-06-22T17:11:41","date_gmt":"2022-06-22T16:11:41","guid":{"rendered":"https:\/\/radioljubuski.ba\/?p=152312"},"modified":"2022-06-22T17:11:42","modified_gmt":"2022-06-22T16:11:42","slug":"covic-i-radmanovic-zatrazili-od-eu-kandidatski-sastus-za-bih-te-upozorili-na-nuznost-izborne-reforme","status":"publish","type":"post","link":"https:\/\/radioljubuski.ba\/index.php\/2022\/06\/22\/covic-i-radmanovic-zatrazili-od-eu-kandidatski-sastus-za-bih-te-upozorili-na-nuznost-izborne-reforme\/","title":{"rendered":"\u010covi\u0107 i Radmanovi\u0107 zatra\u017eili od EU kandidatski sastus za BiH te upozorili na nu\u017enost izborne reforme"},"content":{"rendered":"\n<p><strong>Oba doma Parlamenta BiH uputila su zahtjev za dodjelu kandidatskog statusa Bosni i Hercegovini po ubrzanom postupku radi o\u010duvanja stabilnosti te zemlje te su ukazali na va\u017enost izbornih i ustavnih reformi kako bi se omogu\u0107ila provedba izbornih rezultata.<\/strong><\/p>\n\n\n\n<p>\u010celnici Doma naroda Dragan \u010covi\u0107 i Zastupni\u010dkog doma Parlamenta BiH Neboj\u0161a Radmanovi\u0107 poslali su pismo Europskom vije\u0107u uo\u010di dvodnevnog summita na kojem se o\u010dekuje dodjela statusa kandidata Ukrajini i Moldaviji.<\/p>\n\n\n\n<p>U pismu koje je proslije\u0111eno i Europskom parlamentu, ministrima vanjskih poslova EU i Ujedinjenom Kraljevstvu navodi se da izaslanici i zastupnici oba doma Parlamenta BiH jednoglasno tra\u017ee da se BiH \u017eurno dodijeli kandidacijski status.<\/p>\n\n\n\n<p><strong>Radikalno pogor\u0161anje prilika<\/strong><\/p>\n\n\n\n<p>\u201cNa\u0161 zahtjev dolazi u vrijeme ozbiljnih izazova za europski kontinent. Duboko smo svjesni radikalnog pogor\u0161anja me\u0111unarodnih politi\u010dkih, gospodarskih i sigurnosnih prilika, koje opravdano izazivaju osje\u0107aj neizvjesnosti i sigurnosne ugroze kod na\u0161e populacije, \u010dije interese mo\u017eemo za\u0161tititi jedino ubrzanom integracijom u Europsku uniju\u201d, stoji u zahtjevu Parlamenta BiH.<\/p>\n\n\n\n<p>Dodjelom kandidatskog statusa unaprijedila bi se stabilnost ove zemlje te perspektiva pro\u0161irenja Europske unije na prostoru jugoisto\u010dne Europe, navode. \u010covi\u0107 i Radmanovi\u0107 upozoravaju u zahtjevu i na \u2018nu\u017enost \u017eurne izborne reforme i ograni\u010denih izmjena Ustava BiH kako bi se omogu\u0107ila neposredna provedba izbornih rezultata na sljede\u0107im op\u0107im izborima\u2019.<\/p>\n\n\n\n<p>\u201cVjerujemo da \u017eurnim ispunjavanjem prioriteta Bosnu i Hercegovinu znatno pribli\u017eavamo njezinu strate\u0161kom cilju, visokim europskim standardima vladavine prava i demokratske vladavine\u201d, stoji u dopisu.<\/p>\n\n\n\n<p>Europska komisija predlo\u017eila je da se Ukrajini i Moldaviji na zasjedanju Vije\u0107a EU dodijeli status kandidata o \u010demu \u0107e se odlu\u010divati na summitu u \u010detvrtak i petak, a Slovenija je slu\u017ebeno predlo\u017eila da i BiH dobije status kandidata \u010demu se priklju\u010dilo jo\u0161 zemalja EU, me\u0111u kojima Hrvatska.<\/p>\n\n\n\n<p><strong>Izostanak reformi<\/strong><\/p>\n\n\n\n<p>Dr\u017eavni vrh Hrvatske dugi niz godina poti\u010de ubrzano pribli\u017eavanje BiH prema EU, uz provedbu izbornih reformi \u010dime bi se zajam\u010dilo da hrvatski bira\u010di u toj zemlji presudno utje\u010du na izbor svojih predstavnika u Predsjedni\u0161tvu BiH i domovima naroda.<\/p>\n\n\n\n<p>Prije summita EU u \u010detvrtak ujutro odr\u017eat \u0107e se sastanak \u010delnika EU s njihovim kolegama sa Zapadnog Balkana. Visoki du\u017enosnik EU, dobro upu\u0107en u pripreme summita, rekao je da je Komisija 2019. objavila mi\u0161ljenje o kandidaturi Bosne i Hercegovine s 14 klju\u010dnih prioriteta koje bi dr\u017eava trebala ispuniti za dobivanje kandidatskog statusa.<\/p>\n\n\n\n<p>\u201cAli od tada nismo vidjeli nikakve reforme niti ikakav pomak u BiH\u201d, rekao je taj izvor.<\/p>\n\n\n\n<p>Istaknuo je da je predsjednik Europskog vije\u0107a Charles Michel nedavno primio \u010delnike parlamentarnih stranaka iz BiH, koji su usuglasili tekst pod nazivom \u201cPoliti\u010dki sporazum o na\u010delima za osiguranje funkcionalne Bosne i Hercegovine koja napreduje na europskom putu\u201d, ali da taj tekst nije bio prihvatljiv dvjema strankama iz Republike Srpske, a jedan strana\u010dki \u010delnik nije do\u0161ao \u201ciz razloga za koje jo\u0161 uvijek nema obja\u0161njenja\u201d.<\/p>\n\n\n\n<p>\/Hina\/HMS\/<\/p>\n","protected":false},"excerpt":{"rendered":"<p>Oba doma Parlamenta BiH uputila su zahtjev za dodjelu kandidatskog statusa Bosni i Hercegovini po ubrzanom postupku radi o\u010duvanja stabilnosti te zemlje te su ukazali na va\u017enost izbornih i ustavnih reformi kako bi se omogu\u0107ila provedba izbornih rezultata. \u010celnici Doma naroda Dragan \u010covi\u0107 i Zastupni\u010dkog doma Parlamenta BiH Neboj\u0161a Radmanovi\u0107 poslali su pismo Europskom vije\u0107u [&hellip;]<\/p>\n","protected":false},"author":2,"featured_media":152313,"comment_status":"closed","ping_status":"closed","sticky":false,"template":"","format":"standard","meta":{"h5ap_radio_sources":[],"footnotes":""},"categories":[1],"tags":[],"class_list":["post-152312","post","type-post","status-publish","format-standard","has-post-thumbnail","hentry","category-bihiregija"],"yoast_head":"<!-- This site is optimized with the Yoast SEO plugin v27.4 - https:\/\/yoast.com\/product\/yoast-seo-wordpress\/ -->\n<title>\u010covi\u0107 i Radmanovi\u0107 zatra\u017eili od EU kandidatski sastus za BiH te upozorili na nu\u017enost izborne reforme - RADIO LJUBU\u0160KI<\/title>\n<meta name=\"robots\" content=\"index, follow, max-snippet:-1, max-image-preview:large, max-video-preview:-1\" \/>\n<link rel=\"canonical\" href=\"https:\/\/radioljubuski.ba\/index.php\/2022\/06\/22\/covic-i-radmanovic-zatrazili-od-eu-kandidatski-sastus-za-bih-te-upozorili-na-nuznost-izborne-reforme\/\" \/>\n<meta property=\"og:locale\" content=\"hr_HR\" \/>\n<meta property=\"og:type\" content=\"article\" \/>\n<meta property=\"og:title\" content=\"\u010covi\u0107 i Radmanovi\u0107 zatra\u017eili od EU kandidatski sastus za BiH te upozorili na nu\u017enost izborne reforme - RADIO LJUBU\u0160KI\" \/>\n<meta property=\"og:description\" content=\"Oba doma Parlamenta BiH uputila su zahtjev za dodjelu kandidatskog statusa Bosni i Hercegovini po ubrzanom postupku radi o\u010duvanja stabilnosti te zemlje te su ukazali na va\u017enost izbornih i ustavnih reformi kako bi se omogu\u0107ila provedba izbornih rezultata. \u010celnici Doma naroda Dragan \u010covi\u0107 i Zastupni\u010dkog doma Parlamenta BiH Neboj\u0161a Radmanovi\u0107 poslali su pismo Europskom vije\u0107u [&hellip;]\" \/>\n<meta property=\"og:url\" content=\"https:\/\/radioljubuski.ba\/index.php\/2022\/06\/22\/covic-i-radmanovic-zatrazili-od-eu-kandidatski-sastus-za-bih-te-upozorili-na-nuznost-izborne-reforme\/\" \/>\n<meta property=\"og:site_name\" content=\"RADIO LJUBU\u0160KI\" \/>\n<meta property=\"article:publisher\" content=\"https:\/\/www.facebook.com\/Radiio-Ljubuski-1490835324566332\" \/>\n<meta property=\"article:published_time\" content=\"2022-06-22T16:11:41+00:00\" \/>\n<meta property=\"article:modified_time\" content=\"2022-06-22T16:11:42+00:00\" \/>\n<meta property=\"og:image\" content=\"https:\/\/radioljubuski.ba\/wp-content\/uploads\/2022\/06\/covic-radmanovic.jpg\" \/>\n\t<meta property=\"og:image:width\" content=\"750\" \/>\n\t<meta property=\"og:image:height\" content=\"465\" \/>\n\t<meta property=\"og:image:type\" content=\"image\/jpeg\" \/>\n<meta name=\"author\" content=\"Radio Ljubu\u0161ki\" \/>\n<meta name=\"twitter:card\" content=\"summary_large_image\" \/>\n<meta name=\"twitter:creator\" content=\"@radioljubuski\" \/>\n<meta name=\"twitter:site\" content=\"@radioljubuski\" \/>\n<meta name=\"twitter:label1\" content=\"Napisao\/la\" \/>\n\t<meta name=\"twitter:data1\" content=\"Radio Ljubu\u0161ki\" \/>\n\t<meta name=\"twitter:label2\" content=\"Procijenjeno vrijeme \u010ditanja\" \/>\n\t<meta name=\"twitter:data2\" content=\"2 minute\" \/>\n<script type=\"application\/ld+json\" class=\"yoast-schema-graph\">{\"@context\":\"https:\\\/\\\/schema.org\",\"@graph\":[{\"@type\":\"Article\",\"@id\":\"https:\\\/\\\/radioljubuski.ba\\\/index.php\\\/2022\\\/06\\\/22\\\/covic-i-radmanovic-zatrazili-od-eu-kandidatski-sastus-za-bih-te-upozorili-na-nuznost-izborne-reforme\\\/#article\",\"isPartOf\":{\"@id\":\"https:\\\/\\\/radioljubuski.ba\\\/index.php\\\/2022\\\/06\\\/22\\\/covic-i-radmanovic-zatrazili-od-eu-kandidatski-sastus-za-bih-te-upozorili-na-nuznost-izborne-reforme\\\/\"},\"author\":{\"name\":\"Radio Ljubu\u0161ki\",\"@id\":\"https:\\\/\\\/radioljubuski.ba\\\/#\\\/schema\\\/person\\\/19fc700381a780f69665d7956c469e3b\"},\"headline\":\"\u010covi\u0107 i Radmanovi\u0107 zatra\u017eili od EU kandidatski sastus za BiH te upozorili na nu\u017enost izborne reforme\",\"datePublished\":\"2022-06-22T16:11:41+00:00\",\"dateModified\":\"2022-06-22T16:11:42+00:00\",\"mainEntityOfPage\":{\"@id\":\"https:\\\/\\\/radioljubuski.ba\\\/index.php\\\/2022\\\/06\\\/22\\\/covic-i-radmanovic-zatrazili-od-eu-kandidatski-sastus-za-bih-te-upozorili-na-nuznost-izborne-reforme\\\/\"},\"wordCount\":513,\"publisher\":{\"@id\":\"https:\\\/\\\/radioljubuski.ba\\\/#organization\"},\"image\":{\"@id\":\"https:\\\/\\\/radioljubuski.ba\\\/index.php\\\/2022\\\/06\\\/22\\\/covic-i-radmanovic-zatrazili-od-eu-kandidatski-sastus-za-bih-te-upozorili-na-nuznost-izborne-reforme\\\/#primaryimage\"},\"thumbnailUrl\":\"https:\\\/\\\/radioljubuski.ba\\\/wp-content\\\/uploads\\\/2022\\\/06\\\/covic-radmanovic.jpg\",\"articleSection\":[\"BIH i regija\"],\"inLanguage\":\"hr\"},{\"@type\":\"WebPage\",\"@id\":\"https:\\\/\\\/radioljubuski.ba\\\/index.php\\\/2022\\\/06\\\/22\\\/covic-i-radmanovic-zatrazili-od-eu-kandidatski-sastus-za-bih-te-upozorili-na-nuznost-izborne-reforme\\\/\",\"url\":\"https:\\\/\\\/radioljubuski.ba\\\/index.php\\\/2022\\\/06\\\/22\\\/covic-i-radmanovic-zatrazili-od-eu-kandidatski-sastus-za-bih-te-upozorili-na-nuznost-izborne-reforme\\\/\",\"name\":\"\u010covi\u0107 i Radmanovi\u0107 zatra\u017eili od EU kandidatski sastus za BiH te upozorili na nu\u017enost izborne reforme - RADIO LJUBU\u0160KI\",\"isPartOf\":{\"@id\":\"https:\\\/\\\/radioljubuski.ba\\\/#website\"},\"primaryImageOfPage\":{\"@id\":\"https:\\\/\\\/radioljubuski.ba\\\/index.php\\\/2022\\\/06\\\/22\\\/covic-i-radmanovic-zatrazili-od-eu-kandidatski-sastus-za-bih-te-upozorili-na-nuznost-izborne-reforme\\\/#primaryimage\"},\"image\":{\"@id\":\"https:\\\/\\\/radioljubuski.ba\\\/index.php\\\/2022\\\/06\\\/22\\\/covic-i-radmanovic-zatrazili-od-eu-kandidatski-sastus-za-bih-te-upozorili-na-nuznost-izborne-reforme\\\/#primaryimage\"},\"thumbnailUrl\":\"https:\\\/\\\/radioljubuski.ba\\\/wp-content\\\/uploads\\\/2022\\\/06\\\/covic-radmanovic.jpg\",\"datePublished\":\"2022-06-22T16:11:41+00:00\",\"dateModified\":\"2022-06-22T16:11:42+00:00\",\"breadcrumb\":{\"@id\":\"https:\\\/\\\/radioljubuski.ba\\\/index.php\\\/2022\\\/06\\\/22\\\/covic-i-radmanovic-zatrazili-od-eu-kandidatski-sastus-za-bih-te-upozorili-na-nuznost-izborne-reforme\\\/#breadcrumb\"},\"inLanguage\":\"hr\",\"potentialAction\":[{\"@type\":\"ReadAction\",\"target\":[\"https:\\\/\\\/radioljubuski.ba\\\/index.php\\\/2022\\\/06\\\/22\\\/covic-i-radmanovic-zatrazili-od-eu-kandidatski-sastus-za-bih-te-upozorili-na-nuznost-izborne-reforme\\\/\"]}]},{\"@type\":\"ImageObject\",\"inLanguage\":\"hr\",\"@id\":\"https:\\\/\\\/radioljubuski.ba\\\/index.php\\\/2022\\\/06\\\/22\\\/covic-i-radmanovic-zatrazili-od-eu-kandidatski-sastus-za-bih-te-upozorili-na-nuznost-izborne-reforme\\\/#primaryimage\",\"url\":\"https:\\\/\\\/radioljubuski.ba\\\/wp-content\\\/uploads\\\/2022\\\/06\\\/covic-radmanovic.jpg\",\"contentUrl\":\"https:\\\/\\\/radioljubuski.ba\\\/wp-content\\\/uploads\\\/2022\\\/06\\\/covic-radmanovic.jpg\",\"width\":750,\"height\":465},{\"@type\":\"BreadcrumbList\",\"@id\":\"https:\\\/\\\/radioljubuski.ba\\\/index.php\\\/2022\\\/06\\\/22\\\/covic-i-radmanovic-zatrazili-od-eu-kandidatski-sastus-za-bih-te-upozorili-na-nuznost-izborne-reforme\\\/#breadcrumb\",\"itemListElement\":[{\"@type\":\"ListItem\",\"position\":1,\"name\":\"Po\u010detna stranica\",\"item\":\"https:\\\/\\\/radioljubuski.ba\\\/\"},{\"@type\":\"ListItem\",\"position\":2,\"name\":\"\u010covi\u0107 i Radmanovi\u0107 zatra\u017eili od EU kandidatski sastus za BiH te upozorili na nu\u017enost izborne reforme\"}]},{\"@type\":\"WebSite\",\"@id\":\"https:\\\/\\\/radioljubuski.ba\\\/#website\",\"url\":\"https:\\\/\\\/radioljubuski.ba\\\/\",\"name\":\"Radio Ljubu\u0161ki\",\"description\":\"Sun\u010dana frekvencija Hercegovine\",\"publisher\":{\"@id\":\"https:\\\/\\\/radioljubuski.ba\\\/#organization\"},\"potentialAction\":[{\"@type\":\"SearchAction\",\"target\":{\"@type\":\"EntryPoint\",\"urlTemplate\":\"https:\\\/\\\/radioljubuski.ba\\\/?s={search_term_string}\"},\"query-input\":{\"@type\":\"PropertyValueSpecification\",\"valueRequired\":true,\"valueName\":\"search_term_string\"}}],\"inLanguage\":\"hr\"},{\"@type\":\"Organization\",\"@id\":\"https:\\\/\\\/radioljubuski.ba\\\/#organization\",\"name\":\"Radio Ljubu\u0161ki\",\"url\":\"https:\\\/\\\/radioljubuski.ba\\\/\",\"logo\":{\"@type\":\"ImageObject\",\"inLanguage\":\"hr\",\"@id\":\"https:\\\/\\\/radioljubuski.ba\\\/#\\\/schema\\\/logo\\\/image\\\/\",\"url\":\"https:\\\/\\\/radioljubuski.ba\\\/wp-content\\\/uploads\\\/2021\\\/02\\\/cropped-Radio_Ljubuski_logo1.jpg\",\"contentUrl\":\"https:\\\/\\\/radioljubuski.ba\\\/wp-content\\\/uploads\\\/2021\\\/02\\\/cropped-Radio_Ljubuski_logo1.jpg\",\"width\":512,\"height\":512,\"caption\":\"Radio Ljubu\u0161ki\"},\"image\":{\"@id\":\"https:\\\/\\\/radioljubuski.ba\\\/#\\\/schema\\\/logo\\\/image\\\/\"},\"sameAs\":[\"https:\\\/\\\/www.facebook.com\\\/Radiio-Ljubuski-1490835324566332\",\"https:\\\/\\\/x.com\\\/radioljubuski\",\"https:\\\/\\\/hr.linkedin.com\\\/company\\\/radio-ljubuski\",\"https:\\\/\\\/www.youtube.com\\\/channel\\\/UCHYaeO_n0Db3tjNGudGpXyw\"]},{\"@type\":\"Person\",\"@id\":\"https:\\\/\\\/radioljubuski.ba\\\/#\\\/schema\\\/person\\\/19fc700381a780f69665d7956c469e3b\",\"name\":\"Radio Ljubu\u0161ki\"}]}<\/script>\n<!-- \/ Yoast SEO plugin. -->","yoast_head_json":{"title":"\u010covi\u0107 i Radmanovi\u0107 zatra\u017eili od EU kandidatski sastus za BiH te upozorili na nu\u017enost izborne reforme - RADIO LJUBU\u0160KI","robots":{"index":"index","follow":"follow","max-snippet":"max-snippet:-1","max-image-preview":"max-image-preview:large","max-video-preview":"max-video-preview:-1"},"canonical":"https:\/\/radioljubuski.ba\/index.php\/2022\/06\/22\/covic-i-radmanovic-zatrazili-od-eu-kandidatski-sastus-za-bih-te-upozorili-na-nuznost-izborne-reforme\/","og_locale":"hr_HR","og_type":"article","og_title":"\u010covi\u0107 i Radmanovi\u0107 zatra\u017eili od EU kandidatski sastus za BiH te upozorili na nu\u017enost izborne reforme - RADIO LJUBU\u0160KI","og_description":"Oba doma Parlamenta BiH uputila su zahtjev za dodjelu kandidatskog statusa Bosni i Hercegovini po ubrzanom postupku radi o\u010duvanja stabilnosti te zemlje te su ukazali na va\u017enost izbornih i ustavnih reformi kako bi se omogu\u0107ila provedba izbornih rezultata. \u010celnici Doma naroda Dragan \u010covi\u0107 i Zastupni\u010dkog doma Parlamenta BiH Neboj\u0161a Radmanovi\u0107 poslali su pismo Europskom vije\u0107u [&hellip;]","og_url":"https:\/\/radioljubuski.ba\/index.php\/2022\/06\/22\/covic-i-radmanovic-zatrazili-od-eu-kandidatski-sastus-za-bih-te-upozorili-na-nuznost-izborne-reforme\/","og_site_name":"RADIO LJUBU\u0160KI","article_publisher":"https:\/\/www.facebook.com\/Radiio-Ljubuski-1490835324566332","article_published_time":"2022-06-22T16:11:41+00:00","article_modified_time":"2022-06-22T16:11:42+00:00","og_image":[{"width":750,"height":465,"url":"https:\/\/radioljubuski.ba\/wp-content\/uploads\/2022\/06\/covic-radmanovic.jpg","type":"image\/jpeg"}],"author":"Radio Ljubu\u0161ki","twitter_card":"summary_large_image","twitter_creator":"@radioljubuski","twitter_site":"@radioljubuski","twitter_misc":{"Napisao\/la":"Radio Ljubu\u0161ki","Procijenjeno vrijeme \u010ditanja":"2 minute"},"schema":{"@context":"https:\/\/schema.org","@graph":[{"@type":"Article","@id":"https:\/\/radioljubuski.ba\/index.php\/2022\/06\/22\/covic-i-radmanovic-zatrazili-od-eu-kandidatski-sastus-za-bih-te-upozorili-na-nuznost-izborne-reforme\/#article","isPartOf":{"@id":"https:\/\/radioljubuski.ba\/index.php\/2022\/06\/22\/covic-i-radmanovic-zatrazili-od-eu-kandidatski-sastus-za-bih-te-upozorili-na-nuznost-izborne-reforme\/"},"author":{"name":"Radio Ljubu\u0161ki","@id":"https:\/\/radioljubuski.ba\/#\/schema\/person\/19fc700381a780f69665d7956c469e3b"},"headline":"\u010covi\u0107 i Radmanovi\u0107 zatra\u017eili od EU kandidatski sastus za BiH te upozorili na nu\u017enost izborne reforme","datePublished":"2022-06-22T16:11:41+00:00","dateModified":"2022-06-22T16:11:42+00:00","mainEntityOfPage":{"@id":"https:\/\/radioljubuski.ba\/index.php\/2022\/06\/22\/covic-i-radmanovic-zatrazili-od-eu-kandidatski-sastus-za-bih-te-upozorili-na-nuznost-izborne-reforme\/"},"wordCount":513,"publisher":{"@id":"https:\/\/radioljubuski.ba\/#organization"},"image":{"@id":"https:\/\/radioljubuski.ba\/index.php\/2022\/06\/22\/covic-i-radmanovic-zatrazili-od-eu-kandidatski-sastus-za-bih-te-upozorili-na-nuznost-izborne-reforme\/#primaryimage"},"thumbnailUrl":"https:\/\/radioljubuski.ba\/wp-content\/uploads\/2022\/06\/covic-radmanovic.jpg","articleSection":["BIH i regija"],"inLanguage":"hr"},{"@type":"WebPage","@id":"https:\/\/radioljubuski.ba\/index.php\/2022\/06\/22\/covic-i-radmanovic-zatrazili-od-eu-kandidatski-sastus-za-bih-te-upozorili-na-nuznost-izborne-reforme\/","url":"https:\/\/radioljubuski.ba\/index.php\/2022\/06\/22\/covic-i-radmanovic-zatrazili-od-eu-kandidatski-sastus-za-bih-te-upozorili-na-nuznost-izborne-reforme\/","name":"\u010covi\u0107 i Radmanovi\u0107 zatra\u017eili od EU kandidatski sastus za BiH te upozorili na nu\u017enost izborne reforme - RADIO LJUBU\u0160KI","isPartOf":{"@id":"https:\/\/radioljubuski.ba\/#website"},"primaryImageOfPage":{"@id":"https:\/\/radioljubuski.ba\/index.php\/2022\/06\/22\/covic-i-radmanovic-zatrazili-od-eu-kandidatski-sastus-za-bih-te-upozorili-na-nuznost-izborne-reforme\/#primaryimage"},"image":{"@id":"https:\/\/radioljubuski.ba\/index.php\/2022\/06\/22\/covic-i-radmanovic-zatrazili-od-eu-kandidatski-sastus-za-bih-te-upozorili-na-nuznost-izborne-reforme\/#primaryimage"},"thumbnailUrl":"https:\/\/radioljubuski.ba\/wp-content\/uploads\/2022\/06\/covic-radmanovic.jpg","datePublished":"2022-06-22T16:11:41+00:00","dateModified":"2022-06-22T16:11:42+00:00","breadcrumb":{"@id":"https:\/\/radioljubuski.ba\/index.php\/2022\/06\/22\/covic-i-radmanovic-zatrazili-od-eu-kandidatski-sastus-za-bih-te-upozorili-na-nuznost-izborne-reforme\/#breadcrumb"},"inLanguage":"hr","potentialAction":[{"@type":"ReadAction","target":["https:\/\/radioljubuski.ba\/index.php\/2022\/06\/22\/covic-i-radmanovic-zatrazili-od-eu-kandidatski-sastus-za-bih-te-upozorili-na-nuznost-izborne-reforme\/"]}]},{"@type":"ImageObject","inLanguage":"hr","@id":"https:\/\/radioljubuski.ba\/index.php\/2022\/06\/22\/covic-i-radmanovic-zatrazili-od-eu-kandidatski-sastus-za-bih-te-upozorili-na-nuznost-izborne-reforme\/#primaryimage","url":"https:\/\/radioljubuski.ba\/wp-content\/uploads\/2022\/06\/covic-radmanovic.jpg","contentUrl":"https:\/\/radioljubuski.ba\/wp-content\/uploads\/2022\/06\/covic-radmanovic.jpg","width":750,"height":465},{"@type":"BreadcrumbList","@id":"https:\/\/radioljubuski.ba\/index.php\/2022\/06\/22\/covic-i-radmanovic-zatrazili-od-eu-kandidatski-sastus-za-bih-te-upozorili-na-nuznost-izborne-reforme\/#breadcrumb","itemListElement":[{"@type":"ListItem","position":1,"name":"Po\u010detna stranica","item":"https:\/\/radioljubuski.ba\/"},{"@type":"ListItem","position":2,"name":"\u010covi\u0107 i Radmanovi\u0107 zatra\u017eili od EU kandidatski sastus za BiH te upozorili na nu\u017enost izborne reforme"}]},{"@type":"WebSite","@id":"https:\/\/radioljubuski.ba\/#website","url":"https:\/\/radioljubuski.ba\/","name":"Radio Ljubu\u0161ki","description":"Sun\u010dana frekvencija Hercegovine","publisher":{"@id":"https:\/\/radioljubuski.ba\/#organization"},"potentialAction":[{"@type":"SearchAction","target":{"@type":"EntryPoint","urlTemplate":"https:\/\/radioljubuski.ba\/?s={search_term_string}"},"query-input":{"@type":"PropertyValueSpecification","valueRequired":true,"valueName":"search_term_string"}}],"inLanguage":"hr"},{"@type":"Organization","@id":"https:\/\/radioljubuski.ba\/#organization","name":"Radio Ljubu\u0161ki","url":"https:\/\/radioljubuski.ba\/","logo":{"@type":"ImageObject","inLanguage":"hr","@id":"https:\/\/radioljubuski.ba\/#\/schema\/logo\/image\/","url":"https:\/\/radioljubuski.ba\/wp-content\/uploads\/2021\/02\/cropped-Radio_Ljubuski_logo1.jpg","contentUrl":"https:\/\/radioljubuski.ba\/wp-content\/uploads\/2021\/02\/cropped-Radio_Ljubuski_logo1.jpg","width":512,"height":512,"caption":"Radio Ljubu\u0161ki"},"image":{"@id":"https:\/\/radioljubuski.ba\/#\/schema\/logo\/image\/"},"sameAs":["https:\/\/www.facebook.com\/Radiio-Ljubuski-1490835324566332","https:\/\/x.com\/radioljubuski","https:\/\/hr.linkedin.com\/company\/radio-ljubuski","https:\/\/www.youtube.com\/channel\/UCHYaeO_n0Db3tjNGudGpXyw"]},{"@type":"Person","@id":"https:\/\/radioljubuski.ba\/#\/schema\/person\/19fc700381a780f69665d7956c469e3b","name":"Radio Ljubu\u0161ki"}]}},"_links":{"self":[{"href":"https:\/\/radioljubuski.ba\/index.php\/wp-json\/wp\/v2\/posts\/152312","targetHints":{"allow":["GET"]}}],"collection":[{"href":"https:\/\/radioljubuski.ba\/index.php\/wp-json\/wp\/v2\/posts"}],"about":[{"href":"https:\/\/radioljubuski.ba\/index.php\/wp-json\/wp\/v2\/types\/post"}],"author":[{"embeddable":true,"href":"https:\/\/radioljubuski.ba\/index.php\/wp-json\/wp\/v2\/users\/2"}],"replies":[{"embeddable":true,"href":"https:\/\/radioljubuski.ba\/index.php\/wp-json\/wp\/v2\/comments?post=152312"}],"version-history":[{"count":1,"href":"https:\/\/radioljubuski.ba\/index.php\/wp-json\/wp\/v2\/posts\/152312\/revisions"}],"predecessor-version":[{"id":152314,"href":"https:\/\/radioljubuski.ba\/index.php\/wp-json\/wp\/v2\/posts\/152312\/revisions\/152314"}],"wp:featuredmedia":[{"embeddable":true,"href":"https:\/\/radioljubuski.ba\/index.php\/wp-json\/wp\/v2\/media\/152313"}],"wp:attachment":[{"href":"https:\/\/radioljubuski.ba\/index.php\/wp-json\/wp\/v2\/media?parent=152312"}],"wp:term":[{"taxonomy":"category","embeddable":true,"href":"https:\/\/radioljubuski.ba\/index.php\/wp-json\/wp\/v2\/categories?post=152312"},{"taxonomy":"post_tag","embeddable":true,"href":"https:\/\/radioljubuski.ba\/index.php\/wp-json\/wp\/v2\/tags?post=152312"}],"curies":[{"name":"wp","href":"https:\/\/api.w.org\/{rel}","templated":true}]}}