{"id":15232,"date":"2021-04-21T23:18:04","date_gmt":"2021-04-21T22:18:04","guid":{"rendered":"https:\/\/radioljubuski.ba\/?p=15232"},"modified":"2021-04-21T23:18:04","modified_gmt":"2021-04-21T22:18:04","slug":"becka-kavana-uz-kavu-nudi-besplatan-test-na-koronavirus","status":"publish","type":"post","link":"https:\/\/radioljubuski.ba\/index.php\/2021\/04\/21\/becka-kavana-uz-kavu-nudi-besplatan-test-na-koronavirus\/","title":{"rendered":"Be\u010dka kavana uz kavu nudi besplatan test na koronavirus"},"content":{"rendered":"\n<p>Be\u010dani se od pro\u0161log tjedna u kavani Caf\u00e9 Museum mogu besplatno testirati na koronavirus bez prethodne prijave. Nakon obavljenog testa mogu se po\u010dastiti kavom ili kola\u010dem za van.<\/p>\n\n\n\n<p>Poznata be\u010dka kavana Caf\u00e9 Museum koja se nalazi na trgu Karlsplatz, a koja je otvorena jo\u0161 1899. od pro\u0161log tjedna nudi besplatne brze antigenske testove na koronavirus. Gosti, zaposlenici okolnih ureda i trgovina kao i prolaznici mogu se testirati u unutra\u0161njosti kavane radnim danima od 15 do 18.30 sati bez prethodne najave. Nakon obavljenog testa mogu se po\u010dastiti kavom ili kola\u010dem za van. Testiranja se provode u suradnji s ljekarnom koja se nalazi u neposrednoj blizini kavane.<\/p>\n\n\n\n<p>U kavani je obvezno no\u0161enje maske FFP2, a prije testiranja potrebno je predo\u010diti slu\u017ebeni identifikacijski dokument s fotografijom i iskaznicu austrijskog zdravstvenog osiguranja, takozvanu e-karticu. Rezultati se dobiju nedugo nakon samog testiranja putem SMS-a ili e-maila. Ovi brzi antigenski testovi slu\u017ebeno su priznati.<\/p>\n\n\n\n<p>Nekoliko ugostitelja u austrijskoj prijestolnici jo\u0161 je krajem 2020. godine pokrenulo inicijativu u sklopu koje su prostor svojih kavana nudili na besplatno kori\u0161tenje u\u010denicima i studentima. Zbog velikog interesa inicijativa je nastavljena i ove godine, no zasad je zaustavljena zbog produljenja lockdowna do 2. svibnja. Me\u0111u sudionicima je bio i Caf\u00e9 Museum, a zahvaljuju\u0107i ovoj novoj akciji gosti \u0107e nakon dugo vremena ponovno mo\u0107i vidjeti njegov lijep interijer.<\/p>\n\n\n\n<p><em>Izvor: narod.hr<\/em><\/p>\n","protected":false},"excerpt":{"rendered":"<p>Be\u010dani se od pro\u0161log tjedna u kavani Caf\u00e9 Museum mogu besplatno testirati na koronavirus bez prethodne prijave. Nakon obavljenog testa mogu se po\u010dastiti kavom ili kola\u010dem za van. Poznata be\u010dka kavana Caf\u00e9 Museum koja se nalazi na trgu Karlsplatz, a koja je otvorena jo\u0161 1899. od pro\u0161log tjedna nudi besplatne brze antigenske testove na koronavirus. [&hellip;]<\/p>\n","protected":false},"author":2,"featured_media":15233,"comment_status":"closed","ping_status":"closed","sticky":false,"template":"","format":"standard","meta":{"h5ap_radio_sources":[],"footnotes":""},"categories":[1],"tags":[],"class_list":["post-15232","post","type-post","status-publish","format-standard","has-post-thumbnail","hentry","category-bihiregija"],"yoast_head":"<!-- This site is optimized with the Yoast SEO plugin v27.5 - https:\/\/yoast.com\/product\/yoast-seo-wordpress\/ -->\n<title>Be\u010dka kavana uz kavu nudi besplatan test na koronavirus - RADIO LJUBU\u0160KI<\/title>\n<meta name=\"robots\" content=\"index, follow, max-snippet:-1, max-image-preview:large, max-video-preview:-1\" \/>\n<link rel=\"canonical\" href=\"https:\/\/radioljubuski.ba\/index.php\/2021\/04\/21\/becka-kavana-uz-kavu-nudi-besplatan-test-na-koronavirus\/\" \/>\n<meta property=\"og:locale\" content=\"hr_HR\" \/>\n<meta property=\"og:type\" content=\"article\" \/>\n<meta property=\"og:title\" content=\"Be\u010dka kavana uz kavu nudi besplatan test na koronavirus - RADIO LJUBU\u0160KI\" \/>\n<meta property=\"og:description\" content=\"Be\u010dani se od pro\u0161log tjedna u kavani Caf\u00e9 Museum mogu besplatno testirati na koronavirus bez prethodne prijave. Nakon obavljenog testa mogu se po\u010dastiti kavom ili kola\u010dem za van. Poznata be\u010dka kavana Caf\u00e9 Museum koja se nalazi na trgu Karlsplatz, a koja je otvorena jo\u0161 1899. od pro\u0161log tjedna nudi besplatne brze antigenske testove na koronavirus. [&hellip;]\" \/>\n<meta property=\"og:url\" content=\"https:\/\/radioljubuski.ba\/index.php\/2021\/04\/21\/becka-kavana-uz-kavu-nudi-besplatan-test-na-koronavirus\/\" \/>\n<meta property=\"og:site_name\" content=\"RADIO LJUBU\u0160KI\" \/>\n<meta property=\"article:publisher\" content=\"https:\/\/www.facebook.com\/Radiio-Ljubuski-1490835324566332\" \/>\n<meta property=\"article:published_time\" content=\"2021-04-21T22:18:04+00:00\" \/>\n<meta property=\"og:image\" content=\"https:\/\/radioljubuski.ba\/wp-content\/uploads\/2021\/04\/Nakon-besplatnog-testiranja-moguce-je-uzeti-i-kavu-ili-kolac-za-van-\u00a9-Sandra-Felber_Cafe-Museum-696x464-1.jpg\" \/>\n\t<meta property=\"og:image:width\" content=\"696\" \/>\n\t<meta property=\"og:image:height\" content=\"464\" \/>\n\t<meta property=\"og:image:type\" content=\"image\/jpeg\" \/>\n<meta name=\"author\" content=\"Radio Ljubu\u0161ki\" \/>\n<meta name=\"twitter:card\" content=\"summary_large_image\" \/>\n<meta name=\"twitter:creator\" content=\"@radioljubuski\" \/>\n<meta name=\"twitter:site\" content=\"@radioljubuski\" \/>\n<meta name=\"twitter:label1\" content=\"Napisao\/la\" \/>\n\t<meta name=\"twitter:data1\" content=\"Radio Ljubu\u0161ki\" \/>\n\t<meta name=\"twitter:label2\" content=\"Procijenjeno vrijeme \u010ditanja\" \/>\n\t<meta name=\"twitter:data2\" content=\"1 minuta\" \/>\n<script type=\"application\/ld+json\" class=\"yoast-schema-graph\">{\"@context\":\"https:\\\/\\\/schema.org\",\"@graph\":[{\"@type\":\"Article\",\"@id\":\"https:\\\/\\\/radioljubuski.ba\\\/index.php\\\/2021\\\/04\\\/21\\\/becka-kavana-uz-kavu-nudi-besplatan-test-na-koronavirus\\\/#article\",\"isPartOf\":{\"@id\":\"https:\\\/\\\/radioljubuski.ba\\\/index.php\\\/2021\\\/04\\\/21\\\/becka-kavana-uz-kavu-nudi-besplatan-test-na-koronavirus\\\/\"},\"author\":{\"name\":\"Radio Ljubu\u0161ki\",\"@id\":\"https:\\\/\\\/radioljubuski.ba\\\/#\\\/schema\\\/person\\\/19fc700381a780f69665d7956c469e3b\"},\"headline\":\"Be\u010dka kavana uz kavu nudi besplatan test na koronavirus\",\"datePublished\":\"2021-04-21T22:18:04+00:00\",\"mainEntityOfPage\":{\"@id\":\"https:\\\/\\\/radioljubuski.ba\\\/index.php\\\/2021\\\/04\\\/21\\\/becka-kavana-uz-kavu-nudi-besplatan-test-na-koronavirus\\\/\"},\"wordCount\":242,\"publisher\":{\"@id\":\"https:\\\/\\\/radioljubuski.ba\\\/#organization\"},\"image\":{\"@id\":\"https:\\\/\\\/radioljubuski.ba\\\/index.php\\\/2021\\\/04\\\/21\\\/becka-kavana-uz-kavu-nudi-besplatan-test-na-koronavirus\\\/#primaryimage\"},\"thumbnailUrl\":\"https:\\\/\\\/radioljubuski.ba\\\/wp-content\\\/uploads\\\/2021\\\/04\\\/Nakon-besplatnog-testiranja-moguce-je-uzeti-i-kavu-ili-kolac-za-van-\u00a9-Sandra-Felber_Cafe-Museum-696x464-1.jpg\",\"articleSection\":[\"BIH i regija\"],\"inLanguage\":\"hr\"},{\"@type\":\"WebPage\",\"@id\":\"https:\\\/\\\/radioljubuski.ba\\\/index.php\\\/2021\\\/04\\\/21\\\/becka-kavana-uz-kavu-nudi-besplatan-test-na-koronavirus\\\/\",\"url\":\"https:\\\/\\\/radioljubuski.ba\\\/index.php\\\/2021\\\/04\\\/21\\\/becka-kavana-uz-kavu-nudi-besplatan-test-na-koronavirus\\\/\",\"name\":\"Be\u010dka kavana uz kavu nudi besplatan test na koronavirus - RADIO LJUBU\u0160KI\",\"isPartOf\":{\"@id\":\"https:\\\/\\\/radioljubuski.ba\\\/#website\"},\"primaryImageOfPage\":{\"@id\":\"https:\\\/\\\/radioljubuski.ba\\\/index.php\\\/2021\\\/04\\\/21\\\/becka-kavana-uz-kavu-nudi-besplatan-test-na-koronavirus\\\/#primaryimage\"},\"image\":{\"@id\":\"https:\\\/\\\/radioljubuski.ba\\\/index.php\\\/2021\\\/04\\\/21\\\/becka-kavana-uz-kavu-nudi-besplatan-test-na-koronavirus\\\/#primaryimage\"},\"thumbnailUrl\":\"https:\\\/\\\/radioljubuski.ba\\\/wp-content\\\/uploads\\\/2021\\\/04\\\/Nakon-besplatnog-testiranja-moguce-je-uzeti-i-kavu-ili-kolac-za-van-\u00a9-Sandra-Felber_Cafe-Museum-696x464-1.jpg\",\"datePublished\":\"2021-04-21T22:18:04+00:00\",\"breadcrumb\":{\"@id\":\"https:\\\/\\\/radioljubuski.ba\\\/index.php\\\/2021\\\/04\\\/21\\\/becka-kavana-uz-kavu-nudi-besplatan-test-na-koronavirus\\\/#breadcrumb\"},\"inLanguage\":\"hr\",\"potentialAction\":[{\"@type\":\"ReadAction\",\"target\":[\"https:\\\/\\\/radioljubuski.ba\\\/index.php\\\/2021\\\/04\\\/21\\\/becka-kavana-uz-kavu-nudi-besplatan-test-na-koronavirus\\\/\"]}]},{\"@type\":\"ImageObject\",\"inLanguage\":\"hr\",\"@id\":\"https:\\\/\\\/radioljubuski.ba\\\/index.php\\\/2021\\\/04\\\/21\\\/becka-kavana-uz-kavu-nudi-besplatan-test-na-koronavirus\\\/#primaryimage\",\"url\":\"https:\\\/\\\/radioljubuski.ba\\\/wp-content\\\/uploads\\\/2021\\\/04\\\/Nakon-besplatnog-testiranja-moguce-je-uzeti-i-kavu-ili-kolac-za-van-\u00a9-Sandra-Felber_Cafe-Museum-696x464-1.jpg\",\"contentUrl\":\"https:\\\/\\\/radioljubuski.ba\\\/wp-content\\\/uploads\\\/2021\\\/04\\\/Nakon-besplatnog-testiranja-moguce-je-uzeti-i-kavu-ili-kolac-za-van-\u00a9-Sandra-Felber_Cafe-Museum-696x464-1.jpg\",\"width\":696,\"height\":464},{\"@type\":\"BreadcrumbList\",\"@id\":\"https:\\\/\\\/radioljubuski.ba\\\/index.php\\\/2021\\\/04\\\/21\\\/becka-kavana-uz-kavu-nudi-besplatan-test-na-koronavirus\\\/#breadcrumb\",\"itemListElement\":[{\"@type\":\"ListItem\",\"position\":1,\"name\":\"Po\u010detna stranica\",\"item\":\"https:\\\/\\\/radioljubuski.ba\\\/\"},{\"@type\":\"ListItem\",\"position\":2,\"name\":\"Be\u010dka kavana uz kavu nudi besplatan test na koronavirus\"}]},{\"@type\":\"WebSite\",\"@id\":\"https:\\\/\\\/radioljubuski.ba\\\/#website\",\"url\":\"https:\\\/\\\/radioljubuski.ba\\\/\",\"name\":\"Radio Ljubu\u0161ki\",\"description\":\"Sun\u010dana frekvencija Hercegovine\",\"publisher\":{\"@id\":\"https:\\\/\\\/radioljubuski.ba\\\/#organization\"},\"potentialAction\":[{\"@type\":\"SearchAction\",\"target\":{\"@type\":\"EntryPoint\",\"urlTemplate\":\"https:\\\/\\\/radioljubuski.ba\\\/?s={search_term_string}\"},\"query-input\":{\"@type\":\"PropertyValueSpecification\",\"valueRequired\":true,\"valueName\":\"search_term_string\"}}],\"inLanguage\":\"hr\"},{\"@type\":\"Organization\",\"@id\":\"https:\\\/\\\/radioljubuski.ba\\\/#organization\",\"name\":\"Radio Ljubu\u0161ki\",\"url\":\"https:\\\/\\\/radioljubuski.ba\\\/\",\"logo\":{\"@type\":\"ImageObject\",\"inLanguage\":\"hr\",\"@id\":\"https:\\\/\\\/radioljubuski.ba\\\/#\\\/schema\\\/logo\\\/image\\\/\",\"url\":\"https:\\\/\\\/radioljubuski.ba\\\/wp-content\\\/uploads\\\/2021\\\/02\\\/cropped-Radio_Ljubuski_logo1.jpg\",\"contentUrl\":\"https:\\\/\\\/radioljubuski.ba\\\/wp-content\\\/uploads\\\/2021\\\/02\\\/cropped-Radio_Ljubuski_logo1.jpg\",\"width\":512,\"height\":512,\"caption\":\"Radio Ljubu\u0161ki\"},\"image\":{\"@id\":\"https:\\\/\\\/radioljubuski.ba\\\/#\\\/schema\\\/logo\\\/image\\\/\"},\"sameAs\":[\"https:\\\/\\\/www.facebook.com\\\/Radiio-Ljubuski-1490835324566332\",\"https:\\\/\\\/x.com\\\/radioljubuski\",\"https:\\\/\\\/hr.linkedin.com\\\/company\\\/radio-ljubuski\",\"https:\\\/\\\/www.youtube.com\\\/channel\\\/UCHYaeO_n0Db3tjNGudGpXyw\"]},{\"@type\":\"Person\",\"@id\":\"https:\\\/\\\/radioljubuski.ba\\\/#\\\/schema\\\/person\\\/19fc700381a780f69665d7956c469e3b\",\"name\":\"Radio Ljubu\u0161ki\"}]}<\/script>\n<!-- \/ Yoast SEO plugin. -->","yoast_head_json":{"title":"Be\u010dka kavana uz kavu nudi besplatan test na koronavirus - RADIO LJUBU\u0160KI","robots":{"index":"index","follow":"follow","max-snippet":"max-snippet:-1","max-image-preview":"max-image-preview:large","max-video-preview":"max-video-preview:-1"},"canonical":"https:\/\/radioljubuski.ba\/index.php\/2021\/04\/21\/becka-kavana-uz-kavu-nudi-besplatan-test-na-koronavirus\/","og_locale":"hr_HR","og_type":"article","og_title":"Be\u010dka kavana uz kavu nudi besplatan test na koronavirus - RADIO LJUBU\u0160KI","og_description":"Be\u010dani se od pro\u0161log tjedna u kavani Caf\u00e9 Museum mogu besplatno testirati na koronavirus bez prethodne prijave. Nakon obavljenog testa mogu se po\u010dastiti kavom ili kola\u010dem za van. Poznata be\u010dka kavana Caf\u00e9 Museum koja se nalazi na trgu Karlsplatz, a koja je otvorena jo\u0161 1899. od pro\u0161log tjedna nudi besplatne brze antigenske testove na koronavirus. [&hellip;]","og_url":"https:\/\/radioljubuski.ba\/index.php\/2021\/04\/21\/becka-kavana-uz-kavu-nudi-besplatan-test-na-koronavirus\/","og_site_name":"RADIO LJUBU\u0160KI","article_publisher":"https:\/\/www.facebook.com\/Radiio-Ljubuski-1490835324566332","article_published_time":"2021-04-21T22:18:04+00:00","og_image":[{"width":696,"height":464,"url":"https:\/\/radioljubuski.ba\/wp-content\/uploads\/2021\/04\/Nakon-besplatnog-testiranja-moguce-je-uzeti-i-kavu-ili-kolac-za-van-\u00a9-Sandra-Felber_Cafe-Museum-696x464-1.jpg","type":"image\/jpeg"}],"author":"Radio Ljubu\u0161ki","twitter_card":"summary_large_image","twitter_creator":"@radioljubuski","twitter_site":"@radioljubuski","twitter_misc":{"Napisao\/la":"Radio Ljubu\u0161ki","Procijenjeno vrijeme \u010ditanja":"1 minuta"},"schema":{"@context":"https:\/\/schema.org","@graph":[{"@type":"Article","@id":"https:\/\/radioljubuski.ba\/index.php\/2021\/04\/21\/becka-kavana-uz-kavu-nudi-besplatan-test-na-koronavirus\/#article","isPartOf":{"@id":"https:\/\/radioljubuski.ba\/index.php\/2021\/04\/21\/becka-kavana-uz-kavu-nudi-besplatan-test-na-koronavirus\/"},"author":{"name":"Radio Ljubu\u0161ki","@id":"https:\/\/radioljubuski.ba\/#\/schema\/person\/19fc700381a780f69665d7956c469e3b"},"headline":"Be\u010dka kavana uz kavu nudi besplatan test na koronavirus","datePublished":"2021-04-21T22:18:04+00:00","mainEntityOfPage":{"@id":"https:\/\/radioljubuski.ba\/index.php\/2021\/04\/21\/becka-kavana-uz-kavu-nudi-besplatan-test-na-koronavirus\/"},"wordCount":242,"publisher":{"@id":"https:\/\/radioljubuski.ba\/#organization"},"image":{"@id":"https:\/\/radioljubuski.ba\/index.php\/2021\/04\/21\/becka-kavana-uz-kavu-nudi-besplatan-test-na-koronavirus\/#primaryimage"},"thumbnailUrl":"https:\/\/radioljubuski.ba\/wp-content\/uploads\/2021\/04\/Nakon-besplatnog-testiranja-moguce-je-uzeti-i-kavu-ili-kolac-za-van-\u00a9-Sandra-Felber_Cafe-Museum-696x464-1.jpg","articleSection":["BIH i regija"],"inLanguage":"hr"},{"@type":"WebPage","@id":"https:\/\/radioljubuski.ba\/index.php\/2021\/04\/21\/becka-kavana-uz-kavu-nudi-besplatan-test-na-koronavirus\/","url":"https:\/\/radioljubuski.ba\/index.php\/2021\/04\/21\/becka-kavana-uz-kavu-nudi-besplatan-test-na-koronavirus\/","name":"Be\u010dka kavana uz kavu nudi besplatan test na koronavirus - RADIO LJUBU\u0160KI","isPartOf":{"@id":"https:\/\/radioljubuski.ba\/#website"},"primaryImageOfPage":{"@id":"https:\/\/radioljubuski.ba\/index.php\/2021\/04\/21\/becka-kavana-uz-kavu-nudi-besplatan-test-na-koronavirus\/#primaryimage"},"image":{"@id":"https:\/\/radioljubuski.ba\/index.php\/2021\/04\/21\/becka-kavana-uz-kavu-nudi-besplatan-test-na-koronavirus\/#primaryimage"},"thumbnailUrl":"https:\/\/radioljubuski.ba\/wp-content\/uploads\/2021\/04\/Nakon-besplatnog-testiranja-moguce-je-uzeti-i-kavu-ili-kolac-za-van-\u00a9-Sandra-Felber_Cafe-Museum-696x464-1.jpg","datePublished":"2021-04-21T22:18:04+00:00","breadcrumb":{"@id":"https:\/\/radioljubuski.ba\/index.php\/2021\/04\/21\/becka-kavana-uz-kavu-nudi-besplatan-test-na-koronavirus\/#breadcrumb"},"inLanguage":"hr","potentialAction":[{"@type":"ReadAction","target":["https:\/\/radioljubuski.ba\/index.php\/2021\/04\/21\/becka-kavana-uz-kavu-nudi-besplatan-test-na-koronavirus\/"]}]},{"@type":"ImageObject","inLanguage":"hr","@id":"https:\/\/radioljubuski.ba\/index.php\/2021\/04\/21\/becka-kavana-uz-kavu-nudi-besplatan-test-na-koronavirus\/#primaryimage","url":"https:\/\/radioljubuski.ba\/wp-content\/uploads\/2021\/04\/Nakon-besplatnog-testiranja-moguce-je-uzeti-i-kavu-ili-kolac-za-van-\u00a9-Sandra-Felber_Cafe-Museum-696x464-1.jpg","contentUrl":"https:\/\/radioljubuski.ba\/wp-content\/uploads\/2021\/04\/Nakon-besplatnog-testiranja-moguce-je-uzeti-i-kavu-ili-kolac-za-van-\u00a9-Sandra-Felber_Cafe-Museum-696x464-1.jpg","width":696,"height":464},{"@type":"BreadcrumbList","@id":"https:\/\/radioljubuski.ba\/index.php\/2021\/04\/21\/becka-kavana-uz-kavu-nudi-besplatan-test-na-koronavirus\/#breadcrumb","itemListElement":[{"@type":"ListItem","position":1,"name":"Po\u010detna stranica","item":"https:\/\/radioljubuski.ba\/"},{"@type":"ListItem","position":2,"name":"Be\u010dka kavana uz kavu nudi besplatan test na koronavirus"}]},{"@type":"WebSite","@id":"https:\/\/radioljubuski.ba\/#website","url":"https:\/\/radioljubuski.ba\/","name":"Radio Ljubu\u0161ki","description":"Sun\u010dana frekvencija Hercegovine","publisher":{"@id":"https:\/\/radioljubuski.ba\/#organization"},"potentialAction":[{"@type":"SearchAction","target":{"@type":"EntryPoint","urlTemplate":"https:\/\/radioljubuski.ba\/?s={search_term_string}"},"query-input":{"@type":"PropertyValueSpecification","valueRequired":true,"valueName":"search_term_string"}}],"inLanguage":"hr"},{"@type":"Organization","@id":"https:\/\/radioljubuski.ba\/#organization","name":"Radio Ljubu\u0161ki","url":"https:\/\/radioljubuski.ba\/","logo":{"@type":"ImageObject","inLanguage":"hr","@id":"https:\/\/radioljubuski.ba\/#\/schema\/logo\/image\/","url":"https:\/\/radioljubuski.ba\/wp-content\/uploads\/2021\/02\/cropped-Radio_Ljubuski_logo1.jpg","contentUrl":"https:\/\/radioljubuski.ba\/wp-content\/uploads\/2021\/02\/cropped-Radio_Ljubuski_logo1.jpg","width":512,"height":512,"caption":"Radio Ljubu\u0161ki"},"image":{"@id":"https:\/\/radioljubuski.ba\/#\/schema\/logo\/image\/"},"sameAs":["https:\/\/www.facebook.com\/Radiio-Ljubuski-1490835324566332","https:\/\/x.com\/radioljubuski","https:\/\/hr.linkedin.com\/company\/radio-ljubuski","https:\/\/www.youtube.com\/channel\/UCHYaeO_n0Db3tjNGudGpXyw"]},{"@type":"Person","@id":"https:\/\/radioljubuski.ba\/#\/schema\/person\/19fc700381a780f69665d7956c469e3b","name":"Radio Ljubu\u0161ki"}]}},"_links":{"self":[{"href":"https:\/\/radioljubuski.ba\/index.php\/wp-json\/wp\/v2\/posts\/15232","targetHints":{"allow":["GET"]}}],"collection":[{"href":"https:\/\/radioljubuski.ba\/index.php\/wp-json\/wp\/v2\/posts"}],"about":[{"href":"https:\/\/radioljubuski.ba\/index.php\/wp-json\/wp\/v2\/types\/post"}],"author":[{"embeddable":true,"href":"https:\/\/radioljubuski.ba\/index.php\/wp-json\/wp\/v2\/users\/2"}],"replies":[{"embeddable":true,"href":"https:\/\/radioljubuski.ba\/index.php\/wp-json\/wp\/v2\/comments?post=15232"}],"version-history":[{"count":1,"href":"https:\/\/radioljubuski.ba\/index.php\/wp-json\/wp\/v2\/posts\/15232\/revisions"}],"predecessor-version":[{"id":15234,"href":"https:\/\/radioljubuski.ba\/index.php\/wp-json\/wp\/v2\/posts\/15232\/revisions\/15234"}],"wp:featuredmedia":[{"embeddable":true,"href":"https:\/\/radioljubuski.ba\/index.php\/wp-json\/wp\/v2\/media\/15233"}],"wp:attachment":[{"href":"https:\/\/radioljubuski.ba\/index.php\/wp-json\/wp\/v2\/media?parent=15232"}],"wp:term":[{"taxonomy":"category","embeddable":true,"href":"https:\/\/radioljubuski.ba\/index.php\/wp-json\/wp\/v2\/categories?post=15232"},{"taxonomy":"post_tag","embeddable":true,"href":"https:\/\/radioljubuski.ba\/index.php\/wp-json\/wp\/v2\/tags?post=15232"}],"curies":[{"name":"wp","href":"https:\/\/api.w.org\/{rel}","templated":true}]}}