{"id":152338,"date":"2022-06-22T20:13:51","date_gmt":"2022-06-22T19:13:51","guid":{"rendered":"https:\/\/radioljubuski.ba\/?p=152338"},"modified":"2022-06-22T20:13:52","modified_gmt":"2022-06-22T19:13:52","slug":"medunarodna-energetska-agencija-porucila-je-europi-da-se-pripremi-za-zimu-bez-ruskog-plina","status":"publish","type":"post","link":"https:\/\/radioljubuski.ba\/index.php\/2022\/06\/22\/medunarodna-energetska-agencija-porucila-je-europi-da-se-pripremi-za-zimu-bez-ruskog-plina\/","title":{"rendered":"Me\u0111unarodna energetska agencija poru\u010dila je Europi da se pripremi za zimu bez ruskog plina"},"content":{"rendered":"\n<p>Europa se mora odmah pripremiti da Rusija ove zime isklju\u010di sav izvoz plina u regiju, rekao je Fatih Birol. \u010delnik Me\u0111unarodne energetske agencije, koji je pozvao vlade da smanje potra\u017enju i dr\u017ee nuklearne elektrane otvorenima.<\/p>\n\n\n\n<p>Ured je rekao da bi smanjenje zaliha plina posljednjih tjedana koje je Kremlj pripisao radovima na odr\u017eavanju moglo zapo\u010deti \u0161ire rezove s ciljem sprje\u010davanja punjenja zaliha i zimske pripreme.<\/p>\n\n\n\n<p>&#8220;Europa bi trebala biti spremna u slu\u010daju da ruski plin bude potpuno prekinut. \u0160to se vi\u0161e pribli\u017eavamo zimi, vi\u0161e razumijemo namjere Rusije. Vjerujem da su rezovi usmjereni na sprje\u010davanje punjenja europskih skladi\u0161ta i pove\u0107anje ruske poluge tijekom zime&#8221;, Birol je rekao u izjavi za Financial Times.<\/p>\n\n\n\n<p>Zemlje EU poku\u0161avaju napuniti svoja skladi\u0161ta plinom. Njema\u010dka se nada da \u0107e do studenog dosti\u0107i 90 posto kapaciteta. Njezina skladi\u0161ta trenutno su samo napola popunjena.<\/p>\n\n\n\n<p>Dr\u017eave \u010dlanice tako\u0111er rade na smanjenju oslanjanja na ruska fosilna goriva, nabavljanjem plina iz drugih zemalja, uklju\u010duju\u0107i Sjedinjene Dr\u017eave, i ubrzavanjem prijelaza na obnovljivu energiju. Du\u017enosnici su priznali da izlijevanje ruske nafte i plina zna\u010di sagorijevanje vi\u0161e ugljena i odr\u017eavanje nuklearnih elektrana.<\/p>\n\n\n\n<p>Ured je rekao da hitne mjere koje su poduzele europske vlade za smanjenje potra\u017enje za energijom vjerojatno nisu oti\u0161le dovoljno daleko, te je pozvao zemlje da rade na o\u010duvanju zaliha energije.<\/p>\n\n\n\n<p>Izvor:pogled.ba<\/p>\n","protected":false},"excerpt":{"rendered":"<p>Europa se mora odmah pripremiti da Rusija ove zime isklju\u010di sav izvoz plina u regiju, rekao je Fatih Birol. \u010delnik Me\u0111unarodne energetske agencije, koji je pozvao vlade da smanje potra\u017enju i dr\u017ee nuklearne elektrane otvorenima. Ured je rekao da bi smanjenje zaliha plina posljednjih tjedana koje je Kremlj pripisao radovima na odr\u017eavanju moglo zapo\u010deti \u0161ire [&hellip;]<\/p>\n","protected":false},"author":2,"featured_media":152339,"comment_status":"closed","ping_status":"closed","sticky":false,"template":"","format":"standard","meta":{"h5ap_radio_sources":[],"footnotes":""},"categories":[1],"tags":[],"class_list":["post-152338","post","type-post","status-publish","format-standard","has-post-thumbnail","hentry","category-bihiregija"],"yoast_head":"<!-- This site is optimized with the Yoast SEO plugin v27.4 - https:\/\/yoast.com\/product\/yoast-seo-wordpress\/ -->\n<title>Me\u0111unarodna energetska agencija poru\u010dila je Europi da se pripremi za zimu bez ruskog plina - RADIO LJUBU\u0160KI<\/title>\n<meta name=\"robots\" content=\"index, follow, max-snippet:-1, max-image-preview:large, max-video-preview:-1\" \/>\n<link rel=\"canonical\" href=\"https:\/\/radioljubuski.ba\/index.php\/2022\/06\/22\/medunarodna-energetska-agencija-porucila-je-europi-da-se-pripremi-za-zimu-bez-ruskog-plina\/\" \/>\n<meta property=\"og:locale\" content=\"hr_HR\" \/>\n<meta property=\"og:type\" content=\"article\" \/>\n<meta property=\"og:title\" content=\"Me\u0111unarodna energetska agencija poru\u010dila je Europi da se pripremi za zimu bez ruskog plina - RADIO LJUBU\u0160KI\" \/>\n<meta property=\"og:description\" content=\"Europa se mora odmah pripremiti da Rusija ove zime isklju\u010di sav izvoz plina u regiju, rekao je Fatih Birol. \u010delnik Me\u0111unarodne energetske agencije, koji je pozvao vlade da smanje potra\u017enju i dr\u017ee nuklearne elektrane otvorenima. Ured je rekao da bi smanjenje zaliha plina posljednjih tjedana koje je Kremlj pripisao radovima na odr\u017eavanju moglo zapo\u010deti \u0161ire [&hellip;]\" \/>\n<meta property=\"og:url\" content=\"https:\/\/radioljubuski.ba\/index.php\/2022\/06\/22\/medunarodna-energetska-agencija-porucila-je-europi-da-se-pripremi-za-zimu-bez-ruskog-plina\/\" \/>\n<meta property=\"og:site_name\" content=\"RADIO LJUBU\u0160KI\" \/>\n<meta property=\"article:publisher\" content=\"https:\/\/www.facebook.com\/Radiio-Ljubuski-1490835324566332\" \/>\n<meta property=\"article:published_time\" content=\"2022-06-22T19:13:51+00:00\" \/>\n<meta property=\"article:modified_time\" content=\"2022-06-22T19:13:52+00:00\" \/>\n<meta property=\"og:image\" content=\"https:\/\/radioljubuski.ba\/wp-content\/uploads\/2022\/06\/10-2022-06-22-17-54-01-Snimka-zaslona-2022-06-22-175259.jpg\" \/>\n\t<meta property=\"og:image:width\" content=\"1000\" \/>\n\t<meta property=\"og:image:height\" content=\"625\" \/>\n\t<meta property=\"og:image:type\" content=\"image\/jpeg\" \/>\n<meta name=\"author\" content=\"Radio Ljubu\u0161ki\" \/>\n<meta name=\"twitter:card\" content=\"summary_large_image\" \/>\n<meta name=\"twitter:creator\" content=\"@radioljubuski\" \/>\n<meta name=\"twitter:site\" content=\"@radioljubuski\" \/>\n<meta name=\"twitter:label1\" content=\"Napisao\/la\" \/>\n\t<meta name=\"twitter:data1\" content=\"Radio Ljubu\u0161ki\" \/>\n\t<meta name=\"twitter:label2\" content=\"Procijenjeno vrijeme \u010ditanja\" \/>\n\t<meta name=\"twitter:data2\" content=\"1 minuta\" \/>\n<script type=\"application\/ld+json\" class=\"yoast-schema-graph\">{\"@context\":\"https:\\\/\\\/schema.org\",\"@graph\":[{\"@type\":\"Article\",\"@id\":\"https:\\\/\\\/radioljubuski.ba\\\/index.php\\\/2022\\\/06\\\/22\\\/medunarodna-energetska-agencija-porucila-je-europi-da-se-pripremi-za-zimu-bez-ruskog-plina\\\/#article\",\"isPartOf\":{\"@id\":\"https:\\\/\\\/radioljubuski.ba\\\/index.php\\\/2022\\\/06\\\/22\\\/medunarodna-energetska-agencija-porucila-je-europi-da-se-pripremi-za-zimu-bez-ruskog-plina\\\/\"},\"author\":{\"name\":\"Radio Ljubu\u0161ki\",\"@id\":\"https:\\\/\\\/radioljubuski.ba\\\/#\\\/schema\\\/person\\\/19fc700381a780f69665d7956c469e3b\"},\"headline\":\"Me\u0111unarodna energetska agencija poru\u010dila je Europi da se pripremi za zimu bez ruskog plina\",\"datePublished\":\"2022-06-22T19:13:51+00:00\",\"dateModified\":\"2022-06-22T19:13:52+00:00\",\"mainEntityOfPage\":{\"@id\":\"https:\\\/\\\/radioljubuski.ba\\\/index.php\\\/2022\\\/06\\\/22\\\/medunarodna-energetska-agencija-porucila-je-europi-da-se-pripremi-za-zimu-bez-ruskog-plina\\\/\"},\"wordCount\":257,\"publisher\":{\"@id\":\"https:\\\/\\\/radioljubuski.ba\\\/#organization\"},\"image\":{\"@id\":\"https:\\\/\\\/radioljubuski.ba\\\/index.php\\\/2022\\\/06\\\/22\\\/medunarodna-energetska-agencija-porucila-je-europi-da-se-pripremi-za-zimu-bez-ruskog-plina\\\/#primaryimage\"},\"thumbnailUrl\":\"https:\\\/\\\/radioljubuski.ba\\\/wp-content\\\/uploads\\\/2022\\\/06\\\/10-2022-06-22-17-54-01-Snimka-zaslona-2022-06-22-175259.jpg\",\"articleSection\":[\"BIH i regija\"],\"inLanguage\":\"hr\"},{\"@type\":\"WebPage\",\"@id\":\"https:\\\/\\\/radioljubuski.ba\\\/index.php\\\/2022\\\/06\\\/22\\\/medunarodna-energetska-agencija-porucila-je-europi-da-se-pripremi-za-zimu-bez-ruskog-plina\\\/\",\"url\":\"https:\\\/\\\/radioljubuski.ba\\\/index.php\\\/2022\\\/06\\\/22\\\/medunarodna-energetska-agencija-porucila-je-europi-da-se-pripremi-za-zimu-bez-ruskog-plina\\\/\",\"name\":\"Me\u0111unarodna energetska agencija poru\u010dila je Europi da se pripremi za zimu bez ruskog plina - RADIO LJUBU\u0160KI\",\"isPartOf\":{\"@id\":\"https:\\\/\\\/radioljubuski.ba\\\/#website\"},\"primaryImageOfPage\":{\"@id\":\"https:\\\/\\\/radioljubuski.ba\\\/index.php\\\/2022\\\/06\\\/22\\\/medunarodna-energetska-agencija-porucila-je-europi-da-se-pripremi-za-zimu-bez-ruskog-plina\\\/#primaryimage\"},\"image\":{\"@id\":\"https:\\\/\\\/radioljubuski.ba\\\/index.php\\\/2022\\\/06\\\/22\\\/medunarodna-energetska-agencija-porucila-je-europi-da-se-pripremi-za-zimu-bez-ruskog-plina\\\/#primaryimage\"},\"thumbnailUrl\":\"https:\\\/\\\/radioljubuski.ba\\\/wp-content\\\/uploads\\\/2022\\\/06\\\/10-2022-06-22-17-54-01-Snimka-zaslona-2022-06-22-175259.jpg\",\"datePublished\":\"2022-06-22T19:13:51+00:00\",\"dateModified\":\"2022-06-22T19:13:52+00:00\",\"breadcrumb\":{\"@id\":\"https:\\\/\\\/radioljubuski.ba\\\/index.php\\\/2022\\\/06\\\/22\\\/medunarodna-energetska-agencija-porucila-je-europi-da-se-pripremi-za-zimu-bez-ruskog-plina\\\/#breadcrumb\"},\"inLanguage\":\"hr\",\"potentialAction\":[{\"@type\":\"ReadAction\",\"target\":[\"https:\\\/\\\/radioljubuski.ba\\\/index.php\\\/2022\\\/06\\\/22\\\/medunarodna-energetska-agencija-porucila-je-europi-da-se-pripremi-za-zimu-bez-ruskog-plina\\\/\"]}]},{\"@type\":\"ImageObject\",\"inLanguage\":\"hr\",\"@id\":\"https:\\\/\\\/radioljubuski.ba\\\/index.php\\\/2022\\\/06\\\/22\\\/medunarodna-energetska-agencija-porucila-je-europi-da-se-pripremi-za-zimu-bez-ruskog-plina\\\/#primaryimage\",\"url\":\"https:\\\/\\\/radioljubuski.ba\\\/wp-content\\\/uploads\\\/2022\\\/06\\\/10-2022-06-22-17-54-01-Snimka-zaslona-2022-06-22-175259.jpg\",\"contentUrl\":\"https:\\\/\\\/radioljubuski.ba\\\/wp-content\\\/uploads\\\/2022\\\/06\\\/10-2022-06-22-17-54-01-Snimka-zaslona-2022-06-22-175259.jpg\",\"width\":1000,\"height\":625},{\"@type\":\"BreadcrumbList\",\"@id\":\"https:\\\/\\\/radioljubuski.ba\\\/index.php\\\/2022\\\/06\\\/22\\\/medunarodna-energetska-agencija-porucila-je-europi-da-se-pripremi-za-zimu-bez-ruskog-plina\\\/#breadcrumb\",\"itemListElement\":[{\"@type\":\"ListItem\",\"position\":1,\"name\":\"Po\u010detna stranica\",\"item\":\"https:\\\/\\\/radioljubuski.ba\\\/\"},{\"@type\":\"ListItem\",\"position\":2,\"name\":\"Me\u0111unarodna energetska agencija poru\u010dila je Europi da se pripremi za zimu bez ruskog plina\"}]},{\"@type\":\"WebSite\",\"@id\":\"https:\\\/\\\/radioljubuski.ba\\\/#website\",\"url\":\"https:\\\/\\\/radioljubuski.ba\\\/\",\"name\":\"Radio Ljubu\u0161ki\",\"description\":\"Sun\u010dana frekvencija Hercegovine\",\"publisher\":{\"@id\":\"https:\\\/\\\/radioljubuski.ba\\\/#organization\"},\"potentialAction\":[{\"@type\":\"SearchAction\",\"target\":{\"@type\":\"EntryPoint\",\"urlTemplate\":\"https:\\\/\\\/radioljubuski.ba\\\/?s={search_term_string}\"},\"query-input\":{\"@type\":\"PropertyValueSpecification\",\"valueRequired\":true,\"valueName\":\"search_term_string\"}}],\"inLanguage\":\"hr\"},{\"@type\":\"Organization\",\"@id\":\"https:\\\/\\\/radioljubuski.ba\\\/#organization\",\"name\":\"Radio Ljubu\u0161ki\",\"url\":\"https:\\\/\\\/radioljubuski.ba\\\/\",\"logo\":{\"@type\":\"ImageObject\",\"inLanguage\":\"hr\",\"@id\":\"https:\\\/\\\/radioljubuski.ba\\\/#\\\/schema\\\/logo\\\/image\\\/\",\"url\":\"https:\\\/\\\/radioljubuski.ba\\\/wp-content\\\/uploads\\\/2021\\\/02\\\/cropped-Radio_Ljubuski_logo1.jpg\",\"contentUrl\":\"https:\\\/\\\/radioljubuski.ba\\\/wp-content\\\/uploads\\\/2021\\\/02\\\/cropped-Radio_Ljubuski_logo1.jpg\",\"width\":512,\"height\":512,\"caption\":\"Radio Ljubu\u0161ki\"},\"image\":{\"@id\":\"https:\\\/\\\/radioljubuski.ba\\\/#\\\/schema\\\/logo\\\/image\\\/\"},\"sameAs\":[\"https:\\\/\\\/www.facebook.com\\\/Radiio-Ljubuski-1490835324566332\",\"https:\\\/\\\/x.com\\\/radioljubuski\",\"https:\\\/\\\/hr.linkedin.com\\\/company\\\/radio-ljubuski\",\"https:\\\/\\\/www.youtube.com\\\/channel\\\/UCHYaeO_n0Db3tjNGudGpXyw\"]},{\"@type\":\"Person\",\"@id\":\"https:\\\/\\\/radioljubuski.ba\\\/#\\\/schema\\\/person\\\/19fc700381a780f69665d7956c469e3b\",\"name\":\"Radio Ljubu\u0161ki\"}]}<\/script>\n<!-- \/ Yoast SEO plugin. -->","yoast_head_json":{"title":"Me\u0111unarodna energetska agencija poru\u010dila je Europi da se pripremi za zimu bez ruskog plina - RADIO LJUBU\u0160KI","robots":{"index":"index","follow":"follow","max-snippet":"max-snippet:-1","max-image-preview":"max-image-preview:large","max-video-preview":"max-video-preview:-1"},"canonical":"https:\/\/radioljubuski.ba\/index.php\/2022\/06\/22\/medunarodna-energetska-agencija-porucila-je-europi-da-se-pripremi-za-zimu-bez-ruskog-plina\/","og_locale":"hr_HR","og_type":"article","og_title":"Me\u0111unarodna energetska agencija poru\u010dila je Europi da se pripremi za zimu bez ruskog plina - RADIO LJUBU\u0160KI","og_description":"Europa se mora odmah pripremiti da Rusija ove zime isklju\u010di sav izvoz plina u regiju, rekao je Fatih Birol. \u010delnik Me\u0111unarodne energetske agencije, koji je pozvao vlade da smanje potra\u017enju i dr\u017ee nuklearne elektrane otvorenima. Ured je rekao da bi smanjenje zaliha plina posljednjih tjedana koje je Kremlj pripisao radovima na odr\u017eavanju moglo zapo\u010deti \u0161ire [&hellip;]","og_url":"https:\/\/radioljubuski.ba\/index.php\/2022\/06\/22\/medunarodna-energetska-agencija-porucila-je-europi-da-se-pripremi-za-zimu-bez-ruskog-plina\/","og_site_name":"RADIO LJUBU\u0160KI","article_publisher":"https:\/\/www.facebook.com\/Radiio-Ljubuski-1490835324566332","article_published_time":"2022-06-22T19:13:51+00:00","article_modified_time":"2022-06-22T19:13:52+00:00","og_image":[{"width":1000,"height":625,"url":"https:\/\/radioljubuski.ba\/wp-content\/uploads\/2022\/06\/10-2022-06-22-17-54-01-Snimka-zaslona-2022-06-22-175259.jpg","type":"image\/jpeg"}],"author":"Radio Ljubu\u0161ki","twitter_card":"summary_large_image","twitter_creator":"@radioljubuski","twitter_site":"@radioljubuski","twitter_misc":{"Napisao\/la":"Radio Ljubu\u0161ki","Procijenjeno vrijeme \u010ditanja":"1 minuta"},"schema":{"@context":"https:\/\/schema.org","@graph":[{"@type":"Article","@id":"https:\/\/radioljubuski.ba\/index.php\/2022\/06\/22\/medunarodna-energetska-agencija-porucila-je-europi-da-se-pripremi-za-zimu-bez-ruskog-plina\/#article","isPartOf":{"@id":"https:\/\/radioljubuski.ba\/index.php\/2022\/06\/22\/medunarodna-energetska-agencija-porucila-je-europi-da-se-pripremi-za-zimu-bez-ruskog-plina\/"},"author":{"name":"Radio Ljubu\u0161ki","@id":"https:\/\/radioljubuski.ba\/#\/schema\/person\/19fc700381a780f69665d7956c469e3b"},"headline":"Me\u0111unarodna energetska agencija poru\u010dila je Europi da se pripremi za zimu bez ruskog plina","datePublished":"2022-06-22T19:13:51+00:00","dateModified":"2022-06-22T19:13:52+00:00","mainEntityOfPage":{"@id":"https:\/\/radioljubuski.ba\/index.php\/2022\/06\/22\/medunarodna-energetska-agencija-porucila-je-europi-da-se-pripremi-za-zimu-bez-ruskog-plina\/"},"wordCount":257,"publisher":{"@id":"https:\/\/radioljubuski.ba\/#organization"},"image":{"@id":"https:\/\/radioljubuski.ba\/index.php\/2022\/06\/22\/medunarodna-energetska-agencija-porucila-je-europi-da-se-pripremi-za-zimu-bez-ruskog-plina\/#primaryimage"},"thumbnailUrl":"https:\/\/radioljubuski.ba\/wp-content\/uploads\/2022\/06\/10-2022-06-22-17-54-01-Snimka-zaslona-2022-06-22-175259.jpg","articleSection":["BIH i regija"],"inLanguage":"hr"},{"@type":"WebPage","@id":"https:\/\/radioljubuski.ba\/index.php\/2022\/06\/22\/medunarodna-energetska-agencija-porucila-je-europi-da-se-pripremi-za-zimu-bez-ruskog-plina\/","url":"https:\/\/radioljubuski.ba\/index.php\/2022\/06\/22\/medunarodna-energetska-agencija-porucila-je-europi-da-se-pripremi-za-zimu-bez-ruskog-plina\/","name":"Me\u0111unarodna energetska agencija poru\u010dila je Europi da se pripremi za zimu bez ruskog plina - RADIO LJUBU\u0160KI","isPartOf":{"@id":"https:\/\/radioljubuski.ba\/#website"},"primaryImageOfPage":{"@id":"https:\/\/radioljubuski.ba\/index.php\/2022\/06\/22\/medunarodna-energetska-agencija-porucila-je-europi-da-se-pripremi-za-zimu-bez-ruskog-plina\/#primaryimage"},"image":{"@id":"https:\/\/radioljubuski.ba\/index.php\/2022\/06\/22\/medunarodna-energetska-agencija-porucila-je-europi-da-se-pripremi-za-zimu-bez-ruskog-plina\/#primaryimage"},"thumbnailUrl":"https:\/\/radioljubuski.ba\/wp-content\/uploads\/2022\/06\/10-2022-06-22-17-54-01-Snimka-zaslona-2022-06-22-175259.jpg","datePublished":"2022-06-22T19:13:51+00:00","dateModified":"2022-06-22T19:13:52+00:00","breadcrumb":{"@id":"https:\/\/radioljubuski.ba\/index.php\/2022\/06\/22\/medunarodna-energetska-agencija-porucila-je-europi-da-se-pripremi-za-zimu-bez-ruskog-plina\/#breadcrumb"},"inLanguage":"hr","potentialAction":[{"@type":"ReadAction","target":["https:\/\/radioljubuski.ba\/index.php\/2022\/06\/22\/medunarodna-energetska-agencija-porucila-je-europi-da-se-pripremi-za-zimu-bez-ruskog-plina\/"]}]},{"@type":"ImageObject","inLanguage":"hr","@id":"https:\/\/radioljubuski.ba\/index.php\/2022\/06\/22\/medunarodna-energetska-agencija-porucila-je-europi-da-se-pripremi-za-zimu-bez-ruskog-plina\/#primaryimage","url":"https:\/\/radioljubuski.ba\/wp-content\/uploads\/2022\/06\/10-2022-06-22-17-54-01-Snimka-zaslona-2022-06-22-175259.jpg","contentUrl":"https:\/\/radioljubuski.ba\/wp-content\/uploads\/2022\/06\/10-2022-06-22-17-54-01-Snimka-zaslona-2022-06-22-175259.jpg","width":1000,"height":625},{"@type":"BreadcrumbList","@id":"https:\/\/radioljubuski.ba\/index.php\/2022\/06\/22\/medunarodna-energetska-agencija-porucila-je-europi-da-se-pripremi-za-zimu-bez-ruskog-plina\/#breadcrumb","itemListElement":[{"@type":"ListItem","position":1,"name":"Po\u010detna stranica","item":"https:\/\/radioljubuski.ba\/"},{"@type":"ListItem","position":2,"name":"Me\u0111unarodna energetska agencija poru\u010dila je Europi da se pripremi za zimu bez ruskog plina"}]},{"@type":"WebSite","@id":"https:\/\/radioljubuski.ba\/#website","url":"https:\/\/radioljubuski.ba\/","name":"Radio Ljubu\u0161ki","description":"Sun\u010dana frekvencija Hercegovine","publisher":{"@id":"https:\/\/radioljubuski.ba\/#organization"},"potentialAction":[{"@type":"SearchAction","target":{"@type":"EntryPoint","urlTemplate":"https:\/\/radioljubuski.ba\/?s={search_term_string}"},"query-input":{"@type":"PropertyValueSpecification","valueRequired":true,"valueName":"search_term_string"}}],"inLanguage":"hr"},{"@type":"Organization","@id":"https:\/\/radioljubuski.ba\/#organization","name":"Radio Ljubu\u0161ki","url":"https:\/\/radioljubuski.ba\/","logo":{"@type":"ImageObject","inLanguage":"hr","@id":"https:\/\/radioljubuski.ba\/#\/schema\/logo\/image\/","url":"https:\/\/radioljubuski.ba\/wp-content\/uploads\/2021\/02\/cropped-Radio_Ljubuski_logo1.jpg","contentUrl":"https:\/\/radioljubuski.ba\/wp-content\/uploads\/2021\/02\/cropped-Radio_Ljubuski_logo1.jpg","width":512,"height":512,"caption":"Radio Ljubu\u0161ki"},"image":{"@id":"https:\/\/radioljubuski.ba\/#\/schema\/logo\/image\/"},"sameAs":["https:\/\/www.facebook.com\/Radiio-Ljubuski-1490835324566332","https:\/\/x.com\/radioljubuski","https:\/\/hr.linkedin.com\/company\/radio-ljubuski","https:\/\/www.youtube.com\/channel\/UCHYaeO_n0Db3tjNGudGpXyw"]},{"@type":"Person","@id":"https:\/\/radioljubuski.ba\/#\/schema\/person\/19fc700381a780f69665d7956c469e3b","name":"Radio Ljubu\u0161ki"}]}},"_links":{"self":[{"href":"https:\/\/radioljubuski.ba\/index.php\/wp-json\/wp\/v2\/posts\/152338","targetHints":{"allow":["GET"]}}],"collection":[{"href":"https:\/\/radioljubuski.ba\/index.php\/wp-json\/wp\/v2\/posts"}],"about":[{"href":"https:\/\/radioljubuski.ba\/index.php\/wp-json\/wp\/v2\/types\/post"}],"author":[{"embeddable":true,"href":"https:\/\/radioljubuski.ba\/index.php\/wp-json\/wp\/v2\/users\/2"}],"replies":[{"embeddable":true,"href":"https:\/\/radioljubuski.ba\/index.php\/wp-json\/wp\/v2\/comments?post=152338"}],"version-history":[{"count":1,"href":"https:\/\/radioljubuski.ba\/index.php\/wp-json\/wp\/v2\/posts\/152338\/revisions"}],"predecessor-version":[{"id":152340,"href":"https:\/\/radioljubuski.ba\/index.php\/wp-json\/wp\/v2\/posts\/152338\/revisions\/152340"}],"wp:featuredmedia":[{"embeddable":true,"href":"https:\/\/radioljubuski.ba\/index.php\/wp-json\/wp\/v2\/media\/152339"}],"wp:attachment":[{"href":"https:\/\/radioljubuski.ba\/index.php\/wp-json\/wp\/v2\/media?parent=152338"}],"wp:term":[{"taxonomy":"category","embeddable":true,"href":"https:\/\/radioljubuski.ba\/index.php\/wp-json\/wp\/v2\/categories?post=152338"},{"taxonomy":"post_tag","embeddable":true,"href":"https:\/\/radioljubuski.ba\/index.php\/wp-json\/wp\/v2\/tags?post=152338"}],"curies":[{"name":"wp","href":"https:\/\/api.w.org\/{rel}","templated":true}]}}