{"id":15235,"date":"2021-04-21T23:19:52","date_gmt":"2021-04-21T22:19:52","guid":{"rendered":"https:\/\/radioljubuski.ba\/?p=15235"},"modified":"2021-04-21T23:19:54","modified_gmt":"2021-04-21T22:19:54","slug":"sedlarov-sin-snima-film-o-titu-i-bl-stepincu-s-glumackom-postavom-iz-hollywooda","status":"publish","type":"post","link":"https:\/\/radioljubuski.ba\/index.php\/2021\/04\/21\/sedlarov-sin-snima-film-o-titu-i-bl-stepincu-s-glumackom-postavom-iz-hollywooda\/","title":{"rendered":"Sedlarov sin snima film o Titu i bl. Stepincu s gluma\u010dkom postavom iz Hollywooda"},"content":{"rendered":"\n<p><strong>Jakov Sedlar,<\/strong>&nbsp;poznati hrvatski redatelj s vi\u0161e od 100 dokumentarnih i igranih filmova u podcastu \u201955 minuta kod \u017deljke Marki\u0107\u2019 otkrio je kako njegov sin&nbsp;<strong>Dominik Sedlar&nbsp;<\/strong>snima film o Titovim zlo\u010dinima na temelju dokumentacije koju je dobio u Izraelu.<\/p>\n\n\n\n<p><strong>Novi film o Titu i bl. Stepincu<\/strong><\/p>\n\n\n\n<p>Nakon \u0161to su zajedno snimili film koji se mo\u017ee&nbsp;<a href=\"https:\/\/vimeo.com\/ondemand\/mercyofhtesea\">pogledati<\/a>&nbsp;na platformi Vimeo<em>&nbsp;Milost mora: Pri\u010da iz Vukovara<\/em>&nbsp;u kojem glumi hollywoodska legenda Martin Sheen i njegova k\u0107er Renee Estevez, redatelji&nbsp;<strong>Jakov i Dominik Sedlar<\/strong>&nbsp;rade na novom filmu.<\/p>\n\n\n\n<p>Film razotkriva razotkriva progon \u017didova nakon dolaska partizana na vlast, oduzimanje \u017eidovske imovine i ru\u0161enje sinagoga te ponovni egzodus.<\/p>\n\n\n\n<p>\u201cDo\u0161ao sam do dokumenata prema kojima \u0107u snimiti jo\u0161 jedan film o&nbsp;<strong>stradanju \u017didova u Titovoj Jugoslaviji<\/strong>. Imam podatke o tome koliko je sru\u0161eno sinagoga nakon rata, \u0161to se doga\u0111alo s \u017eidovskom imovinom, kako su \u017didovi stradavali nakon dolaska Tita na vlast, tako da \u0107e to biti jo\u0161 jedna zanimljiva pri\u010da koja \u0107e imati svoju premijeru u Izraelu i nadam se i u Hrvatskoj. Moje je na\u010delo da treba govoriti istinu. Istina&nbsp;<strong>dugo mo\u017ee biti skrivana ali ne zauvijek. Previ\u0161e je dobroga u\u010dinjeno od strane Hrvata da bi to itko mogao zauvijek skrivati. \u201c<\/strong>, otkrio je Jakov Sedlar u podcastu dr. Marki\u0107.<\/p>\n\n\n\n<p><strong>Film Dominika Sedlara s gluma\u010dkom postavom iz Hollywooda<\/strong><\/p>\n\n\n\n<p>Set filma \u201cRazgovor\u201d nalazi se nasuprot Ureda predsjednika na zagreba\u010dkom Pantov\u010daku, a u ulogama su i poznata imena u filmske industrije. U sredi\u0161tu filma je susret jugoslavenskog diktatora i zlo\u010dinca Josipa Broza i zagreba\u010dkog nadbiskupa bl. Alojzija Stepinca koji se dogodio 4. lipnja 1945. u Lova\u010dkom domu na Tu\u0161kancu 63, dan nakon \u0161to je Stepinac pu\u0161ten iz preventivnog pritvora.<\/p>\n\n\n\n<p>Scenarij na engleski prevela je supruga pokojnog Zvonka Bu\u0161i\u0107a, Julienne Bu\u0161i\u0107.<\/p>\n\n\n\n<p>Uz redatelja Dominika Sedlara, njegov otac Jakov i \u017deljko Zima potpisuju produkciju.<\/p>\n\n\n\n<p>Uloga Josipa Broza&nbsp;<strong>Tita pripala Casparu Phillipsonu<\/strong>&nbsp;kojeg se moglo vidjeti u danskim serijama \u201cBorgen\u201d i \u201cMost\u201d te u hollywoodskom hitu \u201cJackie\u201d gdje je utjelovio Kennedyja.&nbsp;<strong>Uloga bla\u017eenog Stepinca pripala je britanskom glumcu Dylanu Turneru<\/strong>&nbsp;koji je zablistao u nekoliko hit-filmova uklju\u010duju\u0107i mjuzikl \u201cMamma Mia\u201d.<\/p>\n\n\n\n<p>Spominju se i brojna poznata&nbsp;imena hrvatske gluma\u010dke scene. Vinko \u0160tefanac igra hrvatskog komunisti\u010dkog \u010delnika Vladimira Bakari\u0107a, An\u0111elko Petric Svetozara Rittiga, \u017eupnika zagreba\u010dke crkve svetog Marka koji je pomagao partizanima, a pojavljuje se i Doris Pin\u010di\u0107 u ulozi Stepin\u010deve zaru\u010dnice Marije Horvat. Snimanje filma uskoro se bli\u017ei kraju te se s nestrpljenjem o\u010dekuje premijera.<\/p>\n\n\n\n<p><em>Izvor: narod.hr\/Ve\u010dernji list<\/em><\/p>\n","protected":false},"excerpt":{"rendered":"<p>Jakov Sedlar,&nbsp;poznati hrvatski redatelj s vi\u0161e od 100 dokumentarnih i igranih filmova u podcastu \u201955 minuta kod \u017deljke Marki\u0107\u2019 otkrio je kako njegov sin&nbsp;Dominik Sedlar&nbsp;snima film o Titovim zlo\u010dinima na temelju dokumentacije koju je dobio u Izraelu. Novi film o Titu i bl. Stepincu Nakon \u0161to su zajedno snimili film koji se mo\u017ee&nbsp;pogledati&nbsp;na platformi Vimeo&nbsp;Milost [&hellip;]<\/p>\n","protected":false},"author":2,"featured_media":15236,"comment_status":"closed","ping_status":"closed","sticky":false,"template":"","format":"standard","meta":{"h5ap_radio_sources":[],"footnotes":""},"categories":[1],"tags":[],"class_list":["post-15235","post","type-post","status-publish","format-standard","has-post-thumbnail","hentry","category-bihiregija"],"yoast_head":"<!-- This site is optimized with the Yoast SEO plugin v27.5 - https:\/\/yoast.com\/product\/yoast-seo-wordpress\/ -->\n<title>Sedlarov sin snima film o Titu i bl. Stepincu s gluma\u010dkom postavom iz Hollywooda - RADIO LJUBU\u0160KI<\/title>\n<meta name=\"robots\" content=\"index, follow, max-snippet:-1, max-image-preview:large, max-video-preview:-1\" \/>\n<link rel=\"canonical\" href=\"https:\/\/radioljubuski.ba\/index.php\/2021\/04\/21\/sedlarov-sin-snima-film-o-titu-i-bl-stepincu-s-glumackom-postavom-iz-hollywooda\/\" \/>\n<meta property=\"og:locale\" content=\"hr_HR\" \/>\n<meta property=\"og:type\" content=\"article\" \/>\n<meta property=\"og:title\" content=\"Sedlarov sin snima film o Titu i bl. Stepincu s gluma\u010dkom postavom iz Hollywooda - RADIO LJUBU\u0160KI\" \/>\n<meta property=\"og:description\" content=\"Jakov Sedlar,&nbsp;poznati hrvatski redatelj s vi\u0161e od 100 dokumentarnih i igranih filmova u podcastu \u201955 minuta kod \u017deljke Marki\u0107\u2019 otkrio je kako njegov sin&nbsp;Dominik Sedlar&nbsp;snima film o Titovim zlo\u010dinima na temelju dokumentacije koju je dobio u Izraelu. Novi film o Titu i bl. Stepincu Nakon \u0161to su zajedno snimili film koji se mo\u017ee&nbsp;pogledati&nbsp;na platformi Vimeo&nbsp;Milost [&hellip;]\" \/>\n<meta property=\"og:url\" content=\"https:\/\/radioljubuski.ba\/index.php\/2021\/04\/21\/sedlarov-sin-snima-film-o-titu-i-bl-stepincu-s-glumackom-postavom-iz-hollywooda\/\" \/>\n<meta property=\"og:site_name\" content=\"RADIO LJUBU\u0160KI\" \/>\n<meta property=\"article:publisher\" content=\"https:\/\/www.facebook.com\/Radiio-Ljubuski-1490835324566332\" \/>\n<meta property=\"article:published_time\" content=\"2021-04-21T22:19:52+00:00\" \/>\n<meta property=\"article:modified_time\" content=\"2021-04-21T22:19:54+00:00\" \/>\n<meta property=\"og:image\" content=\"https:\/\/radioljubuski.ba\/wp-content\/uploads\/2021\/04\/tito-stepinac.jpg\" \/>\n\t<meta property=\"og:image:width\" content=\"1024\" \/>\n\t<meta property=\"og:image:height\" content=\"683\" \/>\n\t<meta property=\"og:image:type\" content=\"image\/jpeg\" \/>\n<meta name=\"author\" content=\"Radio Ljubu\u0161ki\" \/>\n<meta name=\"twitter:card\" content=\"summary_large_image\" \/>\n<meta name=\"twitter:creator\" content=\"@radioljubuski\" \/>\n<meta name=\"twitter:site\" content=\"@radioljubuski\" \/>\n<meta name=\"twitter:label1\" content=\"Napisao\/la\" \/>\n\t<meta name=\"twitter:data1\" content=\"Radio Ljubu\u0161ki\" \/>\n\t<meta name=\"twitter:label2\" content=\"Procijenjeno vrijeme \u010ditanja\" \/>\n\t<meta name=\"twitter:data2\" content=\"2 minute\" \/>\n<script type=\"application\/ld+json\" class=\"yoast-schema-graph\">{\"@context\":\"https:\\\/\\\/schema.org\",\"@graph\":[{\"@type\":\"Article\",\"@id\":\"https:\\\/\\\/radioljubuski.ba\\\/index.php\\\/2021\\\/04\\\/21\\\/sedlarov-sin-snima-film-o-titu-i-bl-stepincu-s-glumackom-postavom-iz-hollywooda\\\/#article\",\"isPartOf\":{\"@id\":\"https:\\\/\\\/radioljubuski.ba\\\/index.php\\\/2021\\\/04\\\/21\\\/sedlarov-sin-snima-film-o-titu-i-bl-stepincu-s-glumackom-postavom-iz-hollywooda\\\/\"},\"author\":{\"name\":\"Radio Ljubu\u0161ki\",\"@id\":\"https:\\\/\\\/radioljubuski.ba\\\/#\\\/schema\\\/person\\\/19fc700381a780f69665d7956c469e3b\"},\"headline\":\"Sedlarov sin snima film o Titu i bl. Stepincu s gluma\u010dkom postavom iz Hollywooda\",\"datePublished\":\"2021-04-21T22:19:52+00:00\",\"dateModified\":\"2021-04-21T22:19:54+00:00\",\"mainEntityOfPage\":{\"@id\":\"https:\\\/\\\/radioljubuski.ba\\\/index.php\\\/2021\\\/04\\\/21\\\/sedlarov-sin-snima-film-o-titu-i-bl-stepincu-s-glumackom-postavom-iz-hollywooda\\\/\"},\"wordCount\":466,\"publisher\":{\"@id\":\"https:\\\/\\\/radioljubuski.ba\\\/#organization\"},\"image\":{\"@id\":\"https:\\\/\\\/radioljubuski.ba\\\/index.php\\\/2021\\\/04\\\/21\\\/sedlarov-sin-snima-film-o-titu-i-bl-stepincu-s-glumackom-postavom-iz-hollywooda\\\/#primaryimage\"},\"thumbnailUrl\":\"https:\\\/\\\/radioljubuski.ba\\\/wp-content\\\/uploads\\\/2021\\\/04\\\/tito-stepinac.jpg\",\"articleSection\":[\"BIH i regija\"],\"inLanguage\":\"hr\"},{\"@type\":\"WebPage\",\"@id\":\"https:\\\/\\\/radioljubuski.ba\\\/index.php\\\/2021\\\/04\\\/21\\\/sedlarov-sin-snima-film-o-titu-i-bl-stepincu-s-glumackom-postavom-iz-hollywooda\\\/\",\"url\":\"https:\\\/\\\/radioljubuski.ba\\\/index.php\\\/2021\\\/04\\\/21\\\/sedlarov-sin-snima-film-o-titu-i-bl-stepincu-s-glumackom-postavom-iz-hollywooda\\\/\",\"name\":\"Sedlarov sin snima film o Titu i bl. Stepincu s gluma\u010dkom postavom iz Hollywooda - RADIO LJUBU\u0160KI\",\"isPartOf\":{\"@id\":\"https:\\\/\\\/radioljubuski.ba\\\/#website\"},\"primaryImageOfPage\":{\"@id\":\"https:\\\/\\\/radioljubuski.ba\\\/index.php\\\/2021\\\/04\\\/21\\\/sedlarov-sin-snima-film-o-titu-i-bl-stepincu-s-glumackom-postavom-iz-hollywooda\\\/#primaryimage\"},\"image\":{\"@id\":\"https:\\\/\\\/radioljubuski.ba\\\/index.php\\\/2021\\\/04\\\/21\\\/sedlarov-sin-snima-film-o-titu-i-bl-stepincu-s-glumackom-postavom-iz-hollywooda\\\/#primaryimage\"},\"thumbnailUrl\":\"https:\\\/\\\/radioljubuski.ba\\\/wp-content\\\/uploads\\\/2021\\\/04\\\/tito-stepinac.jpg\",\"datePublished\":\"2021-04-21T22:19:52+00:00\",\"dateModified\":\"2021-04-21T22:19:54+00:00\",\"breadcrumb\":{\"@id\":\"https:\\\/\\\/radioljubuski.ba\\\/index.php\\\/2021\\\/04\\\/21\\\/sedlarov-sin-snima-film-o-titu-i-bl-stepincu-s-glumackom-postavom-iz-hollywooda\\\/#breadcrumb\"},\"inLanguage\":\"hr\",\"potentialAction\":[{\"@type\":\"ReadAction\",\"target\":[\"https:\\\/\\\/radioljubuski.ba\\\/index.php\\\/2021\\\/04\\\/21\\\/sedlarov-sin-snima-film-o-titu-i-bl-stepincu-s-glumackom-postavom-iz-hollywooda\\\/\"]}]},{\"@type\":\"ImageObject\",\"inLanguage\":\"hr\",\"@id\":\"https:\\\/\\\/radioljubuski.ba\\\/index.php\\\/2021\\\/04\\\/21\\\/sedlarov-sin-snima-film-o-titu-i-bl-stepincu-s-glumackom-postavom-iz-hollywooda\\\/#primaryimage\",\"url\":\"https:\\\/\\\/radioljubuski.ba\\\/wp-content\\\/uploads\\\/2021\\\/04\\\/tito-stepinac.jpg\",\"contentUrl\":\"https:\\\/\\\/radioljubuski.ba\\\/wp-content\\\/uploads\\\/2021\\\/04\\\/tito-stepinac.jpg\",\"width\":1024,\"height\":683},{\"@type\":\"BreadcrumbList\",\"@id\":\"https:\\\/\\\/radioljubuski.ba\\\/index.php\\\/2021\\\/04\\\/21\\\/sedlarov-sin-snima-film-o-titu-i-bl-stepincu-s-glumackom-postavom-iz-hollywooda\\\/#breadcrumb\",\"itemListElement\":[{\"@type\":\"ListItem\",\"position\":1,\"name\":\"Po\u010detna stranica\",\"item\":\"https:\\\/\\\/radioljubuski.ba\\\/\"},{\"@type\":\"ListItem\",\"position\":2,\"name\":\"Sedlarov sin snima film o Titu i bl. Stepincu s gluma\u010dkom postavom iz Hollywooda\"}]},{\"@type\":\"WebSite\",\"@id\":\"https:\\\/\\\/radioljubuski.ba\\\/#website\",\"url\":\"https:\\\/\\\/radioljubuski.ba\\\/\",\"name\":\"Radio Ljubu\u0161ki\",\"description\":\"Sun\u010dana frekvencija Hercegovine\",\"publisher\":{\"@id\":\"https:\\\/\\\/radioljubuski.ba\\\/#organization\"},\"potentialAction\":[{\"@type\":\"SearchAction\",\"target\":{\"@type\":\"EntryPoint\",\"urlTemplate\":\"https:\\\/\\\/radioljubuski.ba\\\/?s={search_term_string}\"},\"query-input\":{\"@type\":\"PropertyValueSpecification\",\"valueRequired\":true,\"valueName\":\"search_term_string\"}}],\"inLanguage\":\"hr\"},{\"@type\":\"Organization\",\"@id\":\"https:\\\/\\\/radioljubuski.ba\\\/#organization\",\"name\":\"Radio Ljubu\u0161ki\",\"url\":\"https:\\\/\\\/radioljubuski.ba\\\/\",\"logo\":{\"@type\":\"ImageObject\",\"inLanguage\":\"hr\",\"@id\":\"https:\\\/\\\/radioljubuski.ba\\\/#\\\/schema\\\/logo\\\/image\\\/\",\"url\":\"https:\\\/\\\/radioljubuski.ba\\\/wp-content\\\/uploads\\\/2021\\\/02\\\/cropped-Radio_Ljubuski_logo1.jpg\",\"contentUrl\":\"https:\\\/\\\/radioljubuski.ba\\\/wp-content\\\/uploads\\\/2021\\\/02\\\/cropped-Radio_Ljubuski_logo1.jpg\",\"width\":512,\"height\":512,\"caption\":\"Radio Ljubu\u0161ki\"},\"image\":{\"@id\":\"https:\\\/\\\/radioljubuski.ba\\\/#\\\/schema\\\/logo\\\/image\\\/\"},\"sameAs\":[\"https:\\\/\\\/www.facebook.com\\\/Radiio-Ljubuski-1490835324566332\",\"https:\\\/\\\/x.com\\\/radioljubuski\",\"https:\\\/\\\/hr.linkedin.com\\\/company\\\/radio-ljubuski\",\"https:\\\/\\\/www.youtube.com\\\/channel\\\/UCHYaeO_n0Db3tjNGudGpXyw\"]},{\"@type\":\"Person\",\"@id\":\"https:\\\/\\\/radioljubuski.ba\\\/#\\\/schema\\\/person\\\/19fc700381a780f69665d7956c469e3b\",\"name\":\"Radio Ljubu\u0161ki\"}]}<\/script>\n<!-- \/ Yoast SEO plugin. -->","yoast_head_json":{"title":"Sedlarov sin snima film o Titu i bl. Stepincu s gluma\u010dkom postavom iz Hollywooda - RADIO LJUBU\u0160KI","robots":{"index":"index","follow":"follow","max-snippet":"max-snippet:-1","max-image-preview":"max-image-preview:large","max-video-preview":"max-video-preview:-1"},"canonical":"https:\/\/radioljubuski.ba\/index.php\/2021\/04\/21\/sedlarov-sin-snima-film-o-titu-i-bl-stepincu-s-glumackom-postavom-iz-hollywooda\/","og_locale":"hr_HR","og_type":"article","og_title":"Sedlarov sin snima film o Titu i bl. Stepincu s gluma\u010dkom postavom iz Hollywooda - RADIO LJUBU\u0160KI","og_description":"Jakov Sedlar,&nbsp;poznati hrvatski redatelj s vi\u0161e od 100 dokumentarnih i igranih filmova u podcastu \u201955 minuta kod \u017deljke Marki\u0107\u2019 otkrio je kako njegov sin&nbsp;Dominik Sedlar&nbsp;snima film o Titovim zlo\u010dinima na temelju dokumentacije koju je dobio u Izraelu. Novi film o Titu i bl. Stepincu Nakon \u0161to su zajedno snimili film koji se mo\u017ee&nbsp;pogledati&nbsp;na platformi Vimeo&nbsp;Milost [&hellip;]","og_url":"https:\/\/radioljubuski.ba\/index.php\/2021\/04\/21\/sedlarov-sin-snima-film-o-titu-i-bl-stepincu-s-glumackom-postavom-iz-hollywooda\/","og_site_name":"RADIO LJUBU\u0160KI","article_publisher":"https:\/\/www.facebook.com\/Radiio-Ljubuski-1490835324566332","article_published_time":"2021-04-21T22:19:52+00:00","article_modified_time":"2021-04-21T22:19:54+00:00","og_image":[{"width":1024,"height":683,"url":"https:\/\/radioljubuski.ba\/wp-content\/uploads\/2021\/04\/tito-stepinac.jpg","type":"image\/jpeg"}],"author":"Radio Ljubu\u0161ki","twitter_card":"summary_large_image","twitter_creator":"@radioljubuski","twitter_site":"@radioljubuski","twitter_misc":{"Napisao\/la":"Radio Ljubu\u0161ki","Procijenjeno vrijeme \u010ditanja":"2 minute"},"schema":{"@context":"https:\/\/schema.org","@graph":[{"@type":"Article","@id":"https:\/\/radioljubuski.ba\/index.php\/2021\/04\/21\/sedlarov-sin-snima-film-o-titu-i-bl-stepincu-s-glumackom-postavom-iz-hollywooda\/#article","isPartOf":{"@id":"https:\/\/radioljubuski.ba\/index.php\/2021\/04\/21\/sedlarov-sin-snima-film-o-titu-i-bl-stepincu-s-glumackom-postavom-iz-hollywooda\/"},"author":{"name":"Radio Ljubu\u0161ki","@id":"https:\/\/radioljubuski.ba\/#\/schema\/person\/19fc700381a780f69665d7956c469e3b"},"headline":"Sedlarov sin snima film o Titu i bl. Stepincu s gluma\u010dkom postavom iz Hollywooda","datePublished":"2021-04-21T22:19:52+00:00","dateModified":"2021-04-21T22:19:54+00:00","mainEntityOfPage":{"@id":"https:\/\/radioljubuski.ba\/index.php\/2021\/04\/21\/sedlarov-sin-snima-film-o-titu-i-bl-stepincu-s-glumackom-postavom-iz-hollywooda\/"},"wordCount":466,"publisher":{"@id":"https:\/\/radioljubuski.ba\/#organization"},"image":{"@id":"https:\/\/radioljubuski.ba\/index.php\/2021\/04\/21\/sedlarov-sin-snima-film-o-titu-i-bl-stepincu-s-glumackom-postavom-iz-hollywooda\/#primaryimage"},"thumbnailUrl":"https:\/\/radioljubuski.ba\/wp-content\/uploads\/2021\/04\/tito-stepinac.jpg","articleSection":["BIH i regija"],"inLanguage":"hr"},{"@type":"WebPage","@id":"https:\/\/radioljubuski.ba\/index.php\/2021\/04\/21\/sedlarov-sin-snima-film-o-titu-i-bl-stepincu-s-glumackom-postavom-iz-hollywooda\/","url":"https:\/\/radioljubuski.ba\/index.php\/2021\/04\/21\/sedlarov-sin-snima-film-o-titu-i-bl-stepincu-s-glumackom-postavom-iz-hollywooda\/","name":"Sedlarov sin snima film o Titu i bl. Stepincu s gluma\u010dkom postavom iz Hollywooda - RADIO LJUBU\u0160KI","isPartOf":{"@id":"https:\/\/radioljubuski.ba\/#website"},"primaryImageOfPage":{"@id":"https:\/\/radioljubuski.ba\/index.php\/2021\/04\/21\/sedlarov-sin-snima-film-o-titu-i-bl-stepincu-s-glumackom-postavom-iz-hollywooda\/#primaryimage"},"image":{"@id":"https:\/\/radioljubuski.ba\/index.php\/2021\/04\/21\/sedlarov-sin-snima-film-o-titu-i-bl-stepincu-s-glumackom-postavom-iz-hollywooda\/#primaryimage"},"thumbnailUrl":"https:\/\/radioljubuski.ba\/wp-content\/uploads\/2021\/04\/tito-stepinac.jpg","datePublished":"2021-04-21T22:19:52+00:00","dateModified":"2021-04-21T22:19:54+00:00","breadcrumb":{"@id":"https:\/\/radioljubuski.ba\/index.php\/2021\/04\/21\/sedlarov-sin-snima-film-o-titu-i-bl-stepincu-s-glumackom-postavom-iz-hollywooda\/#breadcrumb"},"inLanguage":"hr","potentialAction":[{"@type":"ReadAction","target":["https:\/\/radioljubuski.ba\/index.php\/2021\/04\/21\/sedlarov-sin-snima-film-o-titu-i-bl-stepincu-s-glumackom-postavom-iz-hollywooda\/"]}]},{"@type":"ImageObject","inLanguage":"hr","@id":"https:\/\/radioljubuski.ba\/index.php\/2021\/04\/21\/sedlarov-sin-snima-film-o-titu-i-bl-stepincu-s-glumackom-postavom-iz-hollywooda\/#primaryimage","url":"https:\/\/radioljubuski.ba\/wp-content\/uploads\/2021\/04\/tito-stepinac.jpg","contentUrl":"https:\/\/radioljubuski.ba\/wp-content\/uploads\/2021\/04\/tito-stepinac.jpg","width":1024,"height":683},{"@type":"BreadcrumbList","@id":"https:\/\/radioljubuski.ba\/index.php\/2021\/04\/21\/sedlarov-sin-snima-film-o-titu-i-bl-stepincu-s-glumackom-postavom-iz-hollywooda\/#breadcrumb","itemListElement":[{"@type":"ListItem","position":1,"name":"Po\u010detna stranica","item":"https:\/\/radioljubuski.ba\/"},{"@type":"ListItem","position":2,"name":"Sedlarov sin snima film o Titu i bl. Stepincu s gluma\u010dkom postavom iz Hollywooda"}]},{"@type":"WebSite","@id":"https:\/\/radioljubuski.ba\/#website","url":"https:\/\/radioljubuski.ba\/","name":"Radio Ljubu\u0161ki","description":"Sun\u010dana frekvencija Hercegovine","publisher":{"@id":"https:\/\/radioljubuski.ba\/#organization"},"potentialAction":[{"@type":"SearchAction","target":{"@type":"EntryPoint","urlTemplate":"https:\/\/radioljubuski.ba\/?s={search_term_string}"},"query-input":{"@type":"PropertyValueSpecification","valueRequired":true,"valueName":"search_term_string"}}],"inLanguage":"hr"},{"@type":"Organization","@id":"https:\/\/radioljubuski.ba\/#organization","name":"Radio Ljubu\u0161ki","url":"https:\/\/radioljubuski.ba\/","logo":{"@type":"ImageObject","inLanguage":"hr","@id":"https:\/\/radioljubuski.ba\/#\/schema\/logo\/image\/","url":"https:\/\/radioljubuski.ba\/wp-content\/uploads\/2021\/02\/cropped-Radio_Ljubuski_logo1.jpg","contentUrl":"https:\/\/radioljubuski.ba\/wp-content\/uploads\/2021\/02\/cropped-Radio_Ljubuski_logo1.jpg","width":512,"height":512,"caption":"Radio Ljubu\u0161ki"},"image":{"@id":"https:\/\/radioljubuski.ba\/#\/schema\/logo\/image\/"},"sameAs":["https:\/\/www.facebook.com\/Radiio-Ljubuski-1490835324566332","https:\/\/x.com\/radioljubuski","https:\/\/hr.linkedin.com\/company\/radio-ljubuski","https:\/\/www.youtube.com\/channel\/UCHYaeO_n0Db3tjNGudGpXyw"]},{"@type":"Person","@id":"https:\/\/radioljubuski.ba\/#\/schema\/person\/19fc700381a780f69665d7956c469e3b","name":"Radio Ljubu\u0161ki"}]}},"_links":{"self":[{"href":"https:\/\/radioljubuski.ba\/index.php\/wp-json\/wp\/v2\/posts\/15235","targetHints":{"allow":["GET"]}}],"collection":[{"href":"https:\/\/radioljubuski.ba\/index.php\/wp-json\/wp\/v2\/posts"}],"about":[{"href":"https:\/\/radioljubuski.ba\/index.php\/wp-json\/wp\/v2\/types\/post"}],"author":[{"embeddable":true,"href":"https:\/\/radioljubuski.ba\/index.php\/wp-json\/wp\/v2\/users\/2"}],"replies":[{"embeddable":true,"href":"https:\/\/radioljubuski.ba\/index.php\/wp-json\/wp\/v2\/comments?post=15235"}],"version-history":[{"count":1,"href":"https:\/\/radioljubuski.ba\/index.php\/wp-json\/wp\/v2\/posts\/15235\/revisions"}],"predecessor-version":[{"id":15237,"href":"https:\/\/radioljubuski.ba\/index.php\/wp-json\/wp\/v2\/posts\/15235\/revisions\/15237"}],"wp:featuredmedia":[{"embeddable":true,"href":"https:\/\/radioljubuski.ba\/index.php\/wp-json\/wp\/v2\/media\/15236"}],"wp:attachment":[{"href":"https:\/\/radioljubuski.ba\/index.php\/wp-json\/wp\/v2\/media?parent=15235"}],"wp:term":[{"taxonomy":"category","embeddable":true,"href":"https:\/\/radioljubuski.ba\/index.php\/wp-json\/wp\/v2\/categories?post=15235"},{"taxonomy":"post_tag","embeddable":true,"href":"https:\/\/radioljubuski.ba\/index.php\/wp-json\/wp\/v2\/tags?post=15235"}],"curies":[{"name":"wp","href":"https:\/\/api.w.org\/{rel}","templated":true}]}}