{"id":152355,"date":"2022-06-23T07:13:08","date_gmt":"2022-06-23T06:13:08","guid":{"rendered":"https:\/\/radioljubuski.ba\/?p=152355"},"modified":"2022-06-23T07:13:10","modified_gmt":"2022-06-23T06:13:10","slug":"kruzer-sa-tisucu-putnika-uplovio-u-neumski-akvatorij","status":"publish","type":"post","link":"https:\/\/radioljubuski.ba\/index.php\/2022\/06\/23\/kruzer-sa-tisucu-putnika-uplovio-u-neumski-akvatorij\/","title":{"rendered":"Kruzer sa tisu\u0107u putnika uplovio u neumski akvatorij"},"content":{"rendered":"\n<h5 class=\"wp-block-heading\">Kruzer \u201cBolette\u201d pod zapovjedni\u0161tvom dubrova\u010dkog kapetana Joze Glavi\u0107a sa ne\u0161to vi\u0161e od tisu\u0107u putnika pro\u0161ao je iza 6:30 sati ispod Pelje\u0161kog mosta na svom putu prema neumskom akvatoriju.<\/h5>\n\n\n\n<p>To je prvi veliki brod koji je pro\u0161ao ispod novosagra\u0111enog mosta, \u010dije se i slu\u017ebeno otvorenje o\u010dekuje krajem srpnja. Putnici na bordu su mogli\u00a0u\u017eivati u pogledu\u00a0na most-remek djelo gra\u0111evinske struke, koji je pro\u0161ao jo\u0161 jedan test.<\/p>\n\n\n\n<p>Ovaj put rije\u010d je o uspje\u0161nom polo\u017eenom pomorskom testu prolaska\u00a0velikog kruzera prema Neumu. Nakon \u0161to su te\u0161ki kamioni vozili mostom ispituju\u0107i izdr\u017eljivost \u010deli\u010dne konstrukcije, nakon \u0161to su ispitivani burobrani, sada je na red do\u0161la provjera propusnosti pomorskog prometa izme\u0111u stupova mosta, pi\u0161e Slobodna Dalmacija.<\/p>\n\n\n\n<p>Rije\u010d je o brodu du\u017eine ne\u0161to vi\u0161e od\u00a0237 metara i \u0161irine 32,5 metara.\u00a0Brod ima 12 paluba, mo\u017ee primiti 1.380 putnika i ploviti brzinom od 25 \u010dvorova. \u201cAir Draft\u201d ili visina od vode do najvi\u0161e ta\u010dke na brodu je 48,1 metara, dok je najve\u0107a dopu\u0161tena visina prolaska ispod Pelje\u0161kog mosta 55 metara.<\/p>\n\n\n\n<p>\u201cBolette\u201d nije imao problema prilikom\u00a0uplovljavanja u neumski akvatorij.\u00a0Iskusni kapetan Glavi\u0107 fantasti\u010dno se sna\u0161ao za kormilom. A kako i ne bi kada je svjetsku slavu stekao manevriraju\u0107i brodom u uskom Korintskom kanalu kada je kruzerom duga\u010dkim 195,82 metra i \u0161irine 22,5 metara kroz kanal pro\u0161ao bez ve\u0107ih problema postaviv\u0161i tako novi svjetski rekord jer je njegov brod najdu\u017ei koji je do tada pro\u0161ao Korintom.<\/p>\n\n\n\n<p>Podsjetimo,\u00a0pomorsko dru\u0161tvo iz BiH\u00a0i tamo\u0161nji politi\u010dari vi\u0161e su puta isticali da \u0107e pelje\u0161ki most sprje\u010davati uplovljavanje brodova u Neum. Najdalje je oti\u0161la Bosanska akademska zajednica koja je svojevremeno dala sumanuti prijedlog \u2013 izrezati pelje\u0161ki most i od njega napraviti pokretni, koji \u0107e se podizati i spu\u0161tati kako bi veliki brodovi mogli uplovljavati u Neum.<\/p>\n\n\n\n<p>Me\u0111utim, projektant pelje\u0161kog mosta,\u00a0Slovenac Marijan Pipenbaher\u00a0ovakve tvrdnje iz Sarajeva naziva bedasto\u0107ama koje se plasiraju u dnevnopoliti\u010dke svrhe.<\/p>\n\n\n\n<figure class=\"wp-block-image size-large\"><img loading=\"lazy\" decoding=\"async\" width=\"1000\" height=\"666\" src=\"https:\/\/radioljubuski.ba\/wp-content\/uploads\/2022\/06\/kruzer-peljeski-most-2.jpg\" alt=\"\" class=\"wp-image-152356\" srcset=\"https:\/\/radioljubuski.ba\/wp-content\/uploads\/2022\/06\/kruzer-peljeski-most-2.jpg 1000w, https:\/\/radioljubuski.ba\/wp-content\/uploads\/2022\/06\/kruzer-peljeski-most-2-300x200.jpg 300w, https:\/\/radioljubuski.ba\/wp-content\/uploads\/2022\/06\/kruzer-peljeski-most-2-768x511.jpg 768w, https:\/\/radioljubuski.ba\/wp-content\/uploads\/2022\/06\/kruzer-peljeski-most-2-18x12.jpg 18w\" sizes=\"auto, (max-width: 1000px) 100vw, 1000px\" \/><figcaption>23.06.2022., Komarna &#8211; Ispod Peljeskog mosta prosao je prvi kruzer. Pod zapovjednistvom Dubrovcanina Joze Glavica kruzer Bolette uputio se prema Neumu  gdje ce se usidriti, a ciji ce putnici obilaziti turisticka odredista u BiH. Visina od vode do najvise tocke na brodu je 48,1 metara a dopustena visina prolaska Peljesko mosta je 55 metara. Photo: Matko Begovic\/PIXSELL<\/figcaption><\/figure>\n\n\n\n<p>Takve izjave\u00a0nemaju nikakve veze sa strukom.\u00a0Republika Hrvatska je maksimalno otvorila prolaz prema Neumu visine 55 metara i svaki brod mo\u017ee pro\u0107i. Prolazi se kao u najve\u0107im europskim lukama. Veliki brodovi i kruzeri tu nemaju \u0161to raditi jer je rije\u010d o za\u0161ti\u0107enom podru\u010dju\u00a0kroz Naturu 2000.\u00a0Veliki propeleri bi izrovali morsko dno,\u00a0poja\u0161njavao je Pipenbaher.<\/p>\n\n\n\n<p>Za ovaj most bi bilo sasvim\u00a0dovoljno do 35 metara visine.\u00a0Da mogu pro\u0107i jedrilice s 25 metara visokim jarbolom. Prostor je preosjetljiv i u Neumu je tako mala lu\u010dica da se veliki brod ne mo\u017ee ni okrenuti,\u00a0isti\u010de Pipenbaher, nagla\u0161avaju\u0107i da imaju \u010detiri prolaza ispod mosta \u0161irine 285 metara, pa oni koji prolaze prema Neumu mogu birati kuda \u0107e pro\u0107i, \u0161to se potvrdilo i uplovljavanjem kruzera \u201cBolette\u201d.<\/p>\n\n\n\n<p>Ipak \u010dini se da\u00a0dolaskom prvog kruzera,\u00a0koji je pro\u0161ao glatko ispod Pelje\u0161kog mosta nisu odu\u0161evljeni u Neumu.<\/p>\n\n\n\n<p>Nema to nikakve veze sa Pelje\u0161kim mostom ve\u0107\u00a0Neumljani ne \u017eele\u00a0da im se dogodi masovni turizam, gu\u017eve po gradu i zaga\u0111enja koje kruzeri nose sa sobom. Navodno pripremaju i prosvjed protiv kruzer turizma.<\/p>\n\n\n\n<p>Predsjednica Op\u0107inskog vije\u0107a Neuma,\u00a0Daniela Mati\u0107\u00a0smatra kako je najavljeno uplovljavanje kruzera \u201cBolette\u201d u neumski akvatorije nedopustivo.<\/p>\n\n\n\n<p>Smatram da je ovakvo ne\u0161to nedopustivo.\u00a0Neum nije luka\u00a0i samim time veliki brodovi nemaju \u0161to raditi u na\u0161em zaljevu. Ulazak ovoga i sli\u010dnih brodova u Neumski zaljev zna\u010di automatsko ugro\u017eavanje ekosustava te zaga\u0111enja koja \u0107e nanijeti izrazitu \u0161tetu Neumu,\u00a0poru\u010dila je Mati\u0107 u priop\u0107enju upu\u0107enoj BiH javnosti neposredno prije uplovljavanja kruzera.<\/p>\n\n\n\n<p>Izvor:<a href=\"https:\/\/www.jabuka.tv\/kruzer-sa-tisucu-putnika-uplovio-u-neumski-akvatorij\/\">Jabuka.tv<\/a><\/p>\n","protected":false},"excerpt":{"rendered":"<p>Kruzer \u201cBolette\u201d pod zapovjedni\u0161tvom dubrova\u010dkog kapetana Joze Glavi\u0107a sa ne\u0161to vi\u0161e od tisu\u0107u putnika pro\u0161ao je iza 6:30 sati ispod Pelje\u0161kog mosta na svom putu prema neumskom akvatoriju. To je prvi veliki brod koji je pro\u0161ao ispod novosagra\u0111enog mosta, \u010dije se i slu\u017ebeno otvorenje o\u010dekuje krajem srpnja. Putnici na bordu su mogli\u00a0u\u017eivati u pogledu\u00a0na most-remek [&hellip;]<\/p>\n","protected":false},"author":2,"featured_media":152357,"comment_status":"closed","ping_status":"closed","sticky":false,"template":"","format":"standard","meta":{"h5ap_radio_sources":[],"footnotes":""},"categories":[1],"tags":[],"class_list":["post-152355","post","type-post","status-publish","format-standard","has-post-thumbnail","hentry","category-bihiregija"],"yoast_head":"<!-- This site is optimized with the Yoast SEO plugin v27.4 - https:\/\/yoast.com\/product\/yoast-seo-wordpress\/ -->\n<title>Kruzer sa tisu\u0107u putnika uplovio u neumski akvatorij - RADIO LJUBU\u0160KI<\/title>\n<meta name=\"robots\" content=\"index, follow, max-snippet:-1, max-image-preview:large, max-video-preview:-1\" \/>\n<link rel=\"canonical\" href=\"https:\/\/radioljubuski.ba\/index.php\/2022\/06\/23\/kruzer-sa-tisucu-putnika-uplovio-u-neumski-akvatorij\/\" \/>\n<meta property=\"og:locale\" content=\"hr_HR\" \/>\n<meta property=\"og:type\" content=\"article\" \/>\n<meta property=\"og:title\" content=\"Kruzer sa tisu\u0107u putnika uplovio u neumski akvatorij - RADIO LJUBU\u0160KI\" \/>\n<meta property=\"og:description\" content=\"Kruzer \u201cBolette\u201d pod zapovjedni\u0161tvom dubrova\u010dkog kapetana Joze Glavi\u0107a sa ne\u0161to vi\u0161e od tisu\u0107u putnika pro\u0161ao je iza 6:30 sati ispod Pelje\u0161kog mosta na svom putu prema neumskom akvatoriju. To je prvi veliki brod koji je pro\u0161ao ispod novosagra\u0111enog mosta, \u010dije se i slu\u017ebeno otvorenje o\u010dekuje krajem srpnja. Putnici na bordu su mogli\u00a0u\u017eivati u pogledu\u00a0na most-remek [&hellip;]\" \/>\n<meta property=\"og:url\" content=\"https:\/\/radioljubuski.ba\/index.php\/2022\/06\/23\/kruzer-sa-tisucu-putnika-uplovio-u-neumski-akvatorij\/\" \/>\n<meta property=\"og:site_name\" content=\"RADIO LJUBU\u0160KI\" \/>\n<meta property=\"article:publisher\" content=\"https:\/\/www.facebook.com\/Radiio-Ljubuski-1490835324566332\" \/>\n<meta property=\"article:published_time\" content=\"2022-06-23T06:13:08+00:00\" \/>\n<meta property=\"article:modified_time\" content=\"2022-06-23T06:13:10+00:00\" \/>\n<meta property=\"og:image\" content=\"https:\/\/radioljubuski.ba\/wp-content\/uploads\/2022\/06\/kruzer-peljeski-most.jpg\" \/>\n\t<meta property=\"og:image:width\" content=\"1000\" \/>\n\t<meta property=\"og:image:height\" content=\"666\" \/>\n\t<meta property=\"og:image:type\" content=\"image\/jpeg\" \/>\n<meta name=\"author\" content=\"Radio Ljubu\u0161ki\" \/>\n<meta name=\"twitter:card\" content=\"summary_large_image\" \/>\n<meta name=\"twitter:creator\" content=\"@radioljubuski\" \/>\n<meta name=\"twitter:site\" content=\"@radioljubuski\" \/>\n<meta name=\"twitter:label1\" content=\"Napisao\/la\" \/>\n\t<meta name=\"twitter:data1\" content=\"Radio Ljubu\u0161ki\" \/>\n\t<meta name=\"twitter:label2\" content=\"Procijenjeno vrijeme \u010ditanja\" \/>\n\t<meta name=\"twitter:data2\" content=\"3 minute\" \/>\n<script type=\"application\/ld+json\" class=\"yoast-schema-graph\">{\"@context\":\"https:\\\/\\\/schema.org\",\"@graph\":[{\"@type\":\"Article\",\"@id\":\"https:\\\/\\\/radioljubuski.ba\\\/index.php\\\/2022\\\/06\\\/23\\\/kruzer-sa-tisucu-putnika-uplovio-u-neumski-akvatorij\\\/#article\",\"isPartOf\":{\"@id\":\"https:\\\/\\\/radioljubuski.ba\\\/index.php\\\/2022\\\/06\\\/23\\\/kruzer-sa-tisucu-putnika-uplovio-u-neumski-akvatorij\\\/\"},\"author\":{\"name\":\"Radio Ljubu\u0161ki\",\"@id\":\"https:\\\/\\\/radioljubuski.ba\\\/#\\\/schema\\\/person\\\/19fc700381a780f69665d7956c469e3b\"},\"headline\":\"Kruzer sa tisu\u0107u putnika uplovio u neumski akvatorij\",\"datePublished\":\"2022-06-23T06:13:08+00:00\",\"dateModified\":\"2022-06-23T06:13:10+00:00\",\"mainEntityOfPage\":{\"@id\":\"https:\\\/\\\/radioljubuski.ba\\\/index.php\\\/2022\\\/06\\\/23\\\/kruzer-sa-tisucu-putnika-uplovio-u-neumski-akvatorij\\\/\"},\"wordCount\":686,\"publisher\":{\"@id\":\"https:\\\/\\\/radioljubuski.ba\\\/#organization\"},\"image\":{\"@id\":\"https:\\\/\\\/radioljubuski.ba\\\/index.php\\\/2022\\\/06\\\/23\\\/kruzer-sa-tisucu-putnika-uplovio-u-neumski-akvatorij\\\/#primaryimage\"},\"thumbnailUrl\":\"https:\\\/\\\/radioljubuski.ba\\\/wp-content\\\/uploads\\\/2022\\\/06\\\/kruzer-peljeski-most.jpg\",\"articleSection\":[\"BIH i regija\"],\"inLanguage\":\"hr\"},{\"@type\":\"WebPage\",\"@id\":\"https:\\\/\\\/radioljubuski.ba\\\/index.php\\\/2022\\\/06\\\/23\\\/kruzer-sa-tisucu-putnika-uplovio-u-neumski-akvatorij\\\/\",\"url\":\"https:\\\/\\\/radioljubuski.ba\\\/index.php\\\/2022\\\/06\\\/23\\\/kruzer-sa-tisucu-putnika-uplovio-u-neumski-akvatorij\\\/\",\"name\":\"Kruzer sa tisu\u0107u putnika uplovio u neumski akvatorij - RADIO LJUBU\u0160KI\",\"isPartOf\":{\"@id\":\"https:\\\/\\\/radioljubuski.ba\\\/#website\"},\"primaryImageOfPage\":{\"@id\":\"https:\\\/\\\/radioljubuski.ba\\\/index.php\\\/2022\\\/06\\\/23\\\/kruzer-sa-tisucu-putnika-uplovio-u-neumski-akvatorij\\\/#primaryimage\"},\"image\":{\"@id\":\"https:\\\/\\\/radioljubuski.ba\\\/index.php\\\/2022\\\/06\\\/23\\\/kruzer-sa-tisucu-putnika-uplovio-u-neumski-akvatorij\\\/#primaryimage\"},\"thumbnailUrl\":\"https:\\\/\\\/radioljubuski.ba\\\/wp-content\\\/uploads\\\/2022\\\/06\\\/kruzer-peljeski-most.jpg\",\"datePublished\":\"2022-06-23T06:13:08+00:00\",\"dateModified\":\"2022-06-23T06:13:10+00:00\",\"breadcrumb\":{\"@id\":\"https:\\\/\\\/radioljubuski.ba\\\/index.php\\\/2022\\\/06\\\/23\\\/kruzer-sa-tisucu-putnika-uplovio-u-neumski-akvatorij\\\/#breadcrumb\"},\"inLanguage\":\"hr\",\"potentialAction\":[{\"@type\":\"ReadAction\",\"target\":[\"https:\\\/\\\/radioljubuski.ba\\\/index.php\\\/2022\\\/06\\\/23\\\/kruzer-sa-tisucu-putnika-uplovio-u-neumski-akvatorij\\\/\"]}]},{\"@type\":\"ImageObject\",\"inLanguage\":\"hr\",\"@id\":\"https:\\\/\\\/radioljubuski.ba\\\/index.php\\\/2022\\\/06\\\/23\\\/kruzer-sa-tisucu-putnika-uplovio-u-neumski-akvatorij\\\/#primaryimage\",\"url\":\"https:\\\/\\\/radioljubuski.ba\\\/wp-content\\\/uploads\\\/2022\\\/06\\\/kruzer-peljeski-most.jpg\",\"contentUrl\":\"https:\\\/\\\/radioljubuski.ba\\\/wp-content\\\/uploads\\\/2022\\\/06\\\/kruzer-peljeski-most.jpg\",\"width\":1000,\"height\":666,\"caption\":\"23.06.2022., Komarna - Ispod Peljeskog mosta prosao je prvi kruzer. Pod zapovjednistvom Dubrovcanina Joze Glavica kruzer Bolette uputio se prema Neumu gdje ce se usidriti, a ciji ce putnici obilaziti turisticka odredista u BiH. Visina od vode do najvise tocke na brodu je 48,1 metara a dopustena visina prolaska Peljesko mosta je 55 metara. Photo: Matko Begovic\\\/PIXSELL\"},{\"@type\":\"BreadcrumbList\",\"@id\":\"https:\\\/\\\/radioljubuski.ba\\\/index.php\\\/2022\\\/06\\\/23\\\/kruzer-sa-tisucu-putnika-uplovio-u-neumski-akvatorij\\\/#breadcrumb\",\"itemListElement\":[{\"@type\":\"ListItem\",\"position\":1,\"name\":\"Po\u010detna stranica\",\"item\":\"https:\\\/\\\/radioljubuski.ba\\\/\"},{\"@type\":\"ListItem\",\"position\":2,\"name\":\"Kruzer sa tisu\u0107u putnika uplovio u neumski akvatorij\"}]},{\"@type\":\"WebSite\",\"@id\":\"https:\\\/\\\/radioljubuski.ba\\\/#website\",\"url\":\"https:\\\/\\\/radioljubuski.ba\\\/\",\"name\":\"Radio Ljubu\u0161ki\",\"description\":\"Sun\u010dana frekvencija Hercegovine\",\"publisher\":{\"@id\":\"https:\\\/\\\/radioljubuski.ba\\\/#organization\"},\"potentialAction\":[{\"@type\":\"SearchAction\",\"target\":{\"@type\":\"EntryPoint\",\"urlTemplate\":\"https:\\\/\\\/radioljubuski.ba\\\/?s={search_term_string}\"},\"query-input\":{\"@type\":\"PropertyValueSpecification\",\"valueRequired\":true,\"valueName\":\"search_term_string\"}}],\"inLanguage\":\"hr\"},{\"@type\":\"Organization\",\"@id\":\"https:\\\/\\\/radioljubuski.ba\\\/#organization\",\"name\":\"Radio Ljubu\u0161ki\",\"url\":\"https:\\\/\\\/radioljubuski.ba\\\/\",\"logo\":{\"@type\":\"ImageObject\",\"inLanguage\":\"hr\",\"@id\":\"https:\\\/\\\/radioljubuski.ba\\\/#\\\/schema\\\/logo\\\/image\\\/\",\"url\":\"https:\\\/\\\/radioljubuski.ba\\\/wp-content\\\/uploads\\\/2021\\\/02\\\/cropped-Radio_Ljubuski_logo1.jpg\",\"contentUrl\":\"https:\\\/\\\/radioljubuski.ba\\\/wp-content\\\/uploads\\\/2021\\\/02\\\/cropped-Radio_Ljubuski_logo1.jpg\",\"width\":512,\"height\":512,\"caption\":\"Radio Ljubu\u0161ki\"},\"image\":{\"@id\":\"https:\\\/\\\/radioljubuski.ba\\\/#\\\/schema\\\/logo\\\/image\\\/\"},\"sameAs\":[\"https:\\\/\\\/www.facebook.com\\\/Radiio-Ljubuski-1490835324566332\",\"https:\\\/\\\/x.com\\\/radioljubuski\",\"https:\\\/\\\/hr.linkedin.com\\\/company\\\/radio-ljubuski\",\"https:\\\/\\\/www.youtube.com\\\/channel\\\/UCHYaeO_n0Db3tjNGudGpXyw\"]},{\"@type\":\"Person\",\"@id\":\"https:\\\/\\\/radioljubuski.ba\\\/#\\\/schema\\\/person\\\/19fc700381a780f69665d7956c469e3b\",\"name\":\"Radio Ljubu\u0161ki\"}]}<\/script>\n<!-- \/ Yoast SEO plugin. -->","yoast_head_json":{"title":"Kruzer sa tisu\u0107u putnika uplovio u neumski akvatorij - RADIO LJUBU\u0160KI","robots":{"index":"index","follow":"follow","max-snippet":"max-snippet:-1","max-image-preview":"max-image-preview:large","max-video-preview":"max-video-preview:-1"},"canonical":"https:\/\/radioljubuski.ba\/index.php\/2022\/06\/23\/kruzer-sa-tisucu-putnika-uplovio-u-neumski-akvatorij\/","og_locale":"hr_HR","og_type":"article","og_title":"Kruzer sa tisu\u0107u putnika uplovio u neumski akvatorij - RADIO LJUBU\u0160KI","og_description":"Kruzer \u201cBolette\u201d pod zapovjedni\u0161tvom dubrova\u010dkog kapetana Joze Glavi\u0107a sa ne\u0161to vi\u0161e od tisu\u0107u putnika pro\u0161ao je iza 6:30 sati ispod Pelje\u0161kog mosta na svom putu prema neumskom akvatoriju. To je prvi veliki brod koji je pro\u0161ao ispod novosagra\u0111enog mosta, \u010dije se i slu\u017ebeno otvorenje o\u010dekuje krajem srpnja. Putnici na bordu su mogli\u00a0u\u017eivati u pogledu\u00a0na most-remek [&hellip;]","og_url":"https:\/\/radioljubuski.ba\/index.php\/2022\/06\/23\/kruzer-sa-tisucu-putnika-uplovio-u-neumski-akvatorij\/","og_site_name":"RADIO LJUBU\u0160KI","article_publisher":"https:\/\/www.facebook.com\/Radiio-Ljubuski-1490835324566332","article_published_time":"2022-06-23T06:13:08+00:00","article_modified_time":"2022-06-23T06:13:10+00:00","og_image":[{"width":1000,"height":666,"url":"https:\/\/radioljubuski.ba\/wp-content\/uploads\/2022\/06\/kruzer-peljeski-most.jpg","type":"image\/jpeg"}],"author":"Radio Ljubu\u0161ki","twitter_card":"summary_large_image","twitter_creator":"@radioljubuski","twitter_site":"@radioljubuski","twitter_misc":{"Napisao\/la":"Radio Ljubu\u0161ki","Procijenjeno vrijeme \u010ditanja":"3 minute"},"schema":{"@context":"https:\/\/schema.org","@graph":[{"@type":"Article","@id":"https:\/\/radioljubuski.ba\/index.php\/2022\/06\/23\/kruzer-sa-tisucu-putnika-uplovio-u-neumski-akvatorij\/#article","isPartOf":{"@id":"https:\/\/radioljubuski.ba\/index.php\/2022\/06\/23\/kruzer-sa-tisucu-putnika-uplovio-u-neumski-akvatorij\/"},"author":{"name":"Radio Ljubu\u0161ki","@id":"https:\/\/radioljubuski.ba\/#\/schema\/person\/19fc700381a780f69665d7956c469e3b"},"headline":"Kruzer sa tisu\u0107u putnika uplovio u neumski akvatorij","datePublished":"2022-06-23T06:13:08+00:00","dateModified":"2022-06-23T06:13:10+00:00","mainEntityOfPage":{"@id":"https:\/\/radioljubuski.ba\/index.php\/2022\/06\/23\/kruzer-sa-tisucu-putnika-uplovio-u-neumski-akvatorij\/"},"wordCount":686,"publisher":{"@id":"https:\/\/radioljubuski.ba\/#organization"},"image":{"@id":"https:\/\/radioljubuski.ba\/index.php\/2022\/06\/23\/kruzer-sa-tisucu-putnika-uplovio-u-neumski-akvatorij\/#primaryimage"},"thumbnailUrl":"https:\/\/radioljubuski.ba\/wp-content\/uploads\/2022\/06\/kruzer-peljeski-most.jpg","articleSection":["BIH i regija"],"inLanguage":"hr"},{"@type":"WebPage","@id":"https:\/\/radioljubuski.ba\/index.php\/2022\/06\/23\/kruzer-sa-tisucu-putnika-uplovio-u-neumski-akvatorij\/","url":"https:\/\/radioljubuski.ba\/index.php\/2022\/06\/23\/kruzer-sa-tisucu-putnika-uplovio-u-neumski-akvatorij\/","name":"Kruzer sa tisu\u0107u putnika uplovio u neumski akvatorij - RADIO LJUBU\u0160KI","isPartOf":{"@id":"https:\/\/radioljubuski.ba\/#website"},"primaryImageOfPage":{"@id":"https:\/\/radioljubuski.ba\/index.php\/2022\/06\/23\/kruzer-sa-tisucu-putnika-uplovio-u-neumski-akvatorij\/#primaryimage"},"image":{"@id":"https:\/\/radioljubuski.ba\/index.php\/2022\/06\/23\/kruzer-sa-tisucu-putnika-uplovio-u-neumski-akvatorij\/#primaryimage"},"thumbnailUrl":"https:\/\/radioljubuski.ba\/wp-content\/uploads\/2022\/06\/kruzer-peljeski-most.jpg","datePublished":"2022-06-23T06:13:08+00:00","dateModified":"2022-06-23T06:13:10+00:00","breadcrumb":{"@id":"https:\/\/radioljubuski.ba\/index.php\/2022\/06\/23\/kruzer-sa-tisucu-putnika-uplovio-u-neumski-akvatorij\/#breadcrumb"},"inLanguage":"hr","potentialAction":[{"@type":"ReadAction","target":["https:\/\/radioljubuski.ba\/index.php\/2022\/06\/23\/kruzer-sa-tisucu-putnika-uplovio-u-neumski-akvatorij\/"]}]},{"@type":"ImageObject","inLanguage":"hr","@id":"https:\/\/radioljubuski.ba\/index.php\/2022\/06\/23\/kruzer-sa-tisucu-putnika-uplovio-u-neumski-akvatorij\/#primaryimage","url":"https:\/\/radioljubuski.ba\/wp-content\/uploads\/2022\/06\/kruzer-peljeski-most.jpg","contentUrl":"https:\/\/radioljubuski.ba\/wp-content\/uploads\/2022\/06\/kruzer-peljeski-most.jpg","width":1000,"height":666,"caption":"23.06.2022., Komarna - Ispod Peljeskog mosta prosao je prvi kruzer. Pod zapovjednistvom Dubrovcanina Joze Glavica kruzer Bolette uputio se prema Neumu gdje ce se usidriti, a ciji ce putnici obilaziti turisticka odredista u BiH. Visina od vode do najvise tocke na brodu je 48,1 metara a dopustena visina prolaska Peljesko mosta je 55 metara. Photo: Matko Begovic\/PIXSELL"},{"@type":"BreadcrumbList","@id":"https:\/\/radioljubuski.ba\/index.php\/2022\/06\/23\/kruzer-sa-tisucu-putnika-uplovio-u-neumski-akvatorij\/#breadcrumb","itemListElement":[{"@type":"ListItem","position":1,"name":"Po\u010detna stranica","item":"https:\/\/radioljubuski.ba\/"},{"@type":"ListItem","position":2,"name":"Kruzer sa tisu\u0107u putnika uplovio u neumski akvatorij"}]},{"@type":"WebSite","@id":"https:\/\/radioljubuski.ba\/#website","url":"https:\/\/radioljubuski.ba\/","name":"Radio Ljubu\u0161ki","description":"Sun\u010dana frekvencija Hercegovine","publisher":{"@id":"https:\/\/radioljubuski.ba\/#organization"},"potentialAction":[{"@type":"SearchAction","target":{"@type":"EntryPoint","urlTemplate":"https:\/\/radioljubuski.ba\/?s={search_term_string}"},"query-input":{"@type":"PropertyValueSpecification","valueRequired":true,"valueName":"search_term_string"}}],"inLanguage":"hr"},{"@type":"Organization","@id":"https:\/\/radioljubuski.ba\/#organization","name":"Radio Ljubu\u0161ki","url":"https:\/\/radioljubuski.ba\/","logo":{"@type":"ImageObject","inLanguage":"hr","@id":"https:\/\/radioljubuski.ba\/#\/schema\/logo\/image\/","url":"https:\/\/radioljubuski.ba\/wp-content\/uploads\/2021\/02\/cropped-Radio_Ljubuski_logo1.jpg","contentUrl":"https:\/\/radioljubuski.ba\/wp-content\/uploads\/2021\/02\/cropped-Radio_Ljubuski_logo1.jpg","width":512,"height":512,"caption":"Radio Ljubu\u0161ki"},"image":{"@id":"https:\/\/radioljubuski.ba\/#\/schema\/logo\/image\/"},"sameAs":["https:\/\/www.facebook.com\/Radiio-Ljubuski-1490835324566332","https:\/\/x.com\/radioljubuski","https:\/\/hr.linkedin.com\/company\/radio-ljubuski","https:\/\/www.youtube.com\/channel\/UCHYaeO_n0Db3tjNGudGpXyw"]},{"@type":"Person","@id":"https:\/\/radioljubuski.ba\/#\/schema\/person\/19fc700381a780f69665d7956c469e3b","name":"Radio Ljubu\u0161ki"}]}},"_links":{"self":[{"href":"https:\/\/radioljubuski.ba\/index.php\/wp-json\/wp\/v2\/posts\/152355","targetHints":{"allow":["GET"]}}],"collection":[{"href":"https:\/\/radioljubuski.ba\/index.php\/wp-json\/wp\/v2\/posts"}],"about":[{"href":"https:\/\/radioljubuski.ba\/index.php\/wp-json\/wp\/v2\/types\/post"}],"author":[{"embeddable":true,"href":"https:\/\/radioljubuski.ba\/index.php\/wp-json\/wp\/v2\/users\/2"}],"replies":[{"embeddable":true,"href":"https:\/\/radioljubuski.ba\/index.php\/wp-json\/wp\/v2\/comments?post=152355"}],"version-history":[{"count":1,"href":"https:\/\/radioljubuski.ba\/index.php\/wp-json\/wp\/v2\/posts\/152355\/revisions"}],"predecessor-version":[{"id":152358,"href":"https:\/\/radioljubuski.ba\/index.php\/wp-json\/wp\/v2\/posts\/152355\/revisions\/152358"}],"wp:featuredmedia":[{"embeddable":true,"href":"https:\/\/radioljubuski.ba\/index.php\/wp-json\/wp\/v2\/media\/152357"}],"wp:attachment":[{"href":"https:\/\/radioljubuski.ba\/index.php\/wp-json\/wp\/v2\/media?parent=152355"}],"wp:term":[{"taxonomy":"category","embeddable":true,"href":"https:\/\/radioljubuski.ba\/index.php\/wp-json\/wp\/v2\/categories?post=152355"},{"taxonomy":"post_tag","embeddable":true,"href":"https:\/\/radioljubuski.ba\/index.php\/wp-json\/wp\/v2\/tags?post=152355"}],"curies":[{"name":"wp","href":"https:\/\/api.w.org\/{rel}","templated":true}]}}