{"id":152371,"date":"2022-06-23T07:49:16","date_gmt":"2022-06-23T06:49:16","guid":{"rendered":"https:\/\/radioljubuski.ba\/?p=152371"},"modified":"2022-06-23T07:49:18","modified_gmt":"2022-06-23T06:49:18","slug":"nacelnik-neuma-trazit-cemo-tko-je-dao-suglasnost-za-uplovljavanje-broda","status":"publish","type":"post","link":"https:\/\/radioljubuski.ba\/index.php\/2022\/06\/23\/nacelnik-neuma-trazit-cemo-tko-je-dao-suglasnost-za-uplovljavanje-broda\/","title":{"rendered":"Na\u010delnik Neuma: Tra\u017eit \u0107emo tko je dao suglasnost za uplovljavanje broda"},"content":{"rendered":"\n<p>U Neumski akvatorij jutros je to\u010dno u 7 sati uplovio kruzer &#8220;Bolette&#8221; du\u017eine 237 metara. Ovaj brod je najve\u0107i kruzer koji je uplovio u povijesti morskog akvatorija BiH, a ujedno je prvi brod koji je pro\u0161ao ispod Pelje\u0161kog mosta, pi\u0161e&nbsp;<a href=\"https:\/\/avaz.ba\/vijesti\/bih\/752823\/neumljani-odrzali-mirni-protest-s-njima-bio-nacelnik\">Avaz<\/a>.<\/p>\n\n\n\n<p>Nakon uplovljavanja kruzera je na pla\u017ei hotela Zenit odr\u017ean mirni prosvjed mje\u0161tana Neuma. S njih pedesetak je bio i na\u010delnik Neuma, Dragan Jurkovi\u0107, koji je kazao da se ovaj skup mje\u0161tana s pravom organiziran, a da \u0107e im on uvijek davati potporu.<\/p>\n\n\n\n<p>-Tra\u017eit \u0107emo tko je dao suglasnost za uplovljavanje broda znaju\u0107i za zaklju\u010dke Predsjedni\u0161tva BiH iz 2014. godine da je zabranjeno uplovljavanje bilo kakvog borda u Neumski zaljev. Neum je turisti\u010dko mjesto koje \u017eivi od turizma i ovakve brodove ne \u017eelimo. Mislim da nikome nije u interesu dolazak brodova u Neumski akvatorij i vjerujem da se to ne\u0107e vi\u0161e ponavljati. Brod \u0107e se tu zadr\u017eati 15-tak sati i svi koji se razumiju u to znaju kako ovakvi brodovi odr\u017eavaju ravnote\u017eu, da im propeleri moraju biti stalno uklju\u010deni, da su tu naslage mulja tako da se bojimo da \u0107e biodiverzitet biti ugro\u017een. Da smo bili ranije upoznati, reagirali bi zasigurno na druga\u010diji na\u010din &#8211; kazao je Jurkovi\u0107.<\/p>\n\n\n\n<p>Dodao je da su upoznati sa informacijom o tome da \u0107e dio putnika s broda ostati u Neumu tijekom dana te da \u0107e ih zasigurno ako se odlu\u010de pohoditi ovo mjesto srda\u010dno do\u010dekati.<\/p>\n\n\n\n<p> Izvor: <a href=\"https:\/\/pogled.ba\/novosti\/nacelnik-neuma-trazit-cemo-tko-je-dao-suglasnost-za-uplovljavanje-broda\/248839\">Pogled.ba<\/a><\/p>\n","protected":false},"excerpt":{"rendered":"<p>U Neumski akvatorij jutros je to\u010dno u 7 sati uplovio kruzer &#8220;Bolette&#8221; du\u017eine 237 metara. Ovaj brod je najve\u0107i kruzer koji je uplovio u povijesti morskog akvatorija BiH, a ujedno je prvi brod koji je pro\u0161ao ispod Pelje\u0161kog mosta, pi\u0161e&nbsp;Avaz. Nakon uplovljavanja kruzera je na pla\u017ei hotela Zenit odr\u017ean mirni prosvjed mje\u0161tana Neuma. S njih [&hellip;]<\/p>\n","protected":false},"author":2,"featured_media":152372,"comment_status":"closed","ping_status":"closed","sticky":false,"template":"","format":"standard","meta":{"h5ap_radio_sources":[],"footnotes":""},"categories":[1],"tags":[],"class_list":["post-152371","post","type-post","status-publish","format-standard","has-post-thumbnail","hentry","category-bihiregija"],"yoast_head":"<!-- This site is optimized with the Yoast SEO plugin v27.4 - https:\/\/yoast.com\/product\/yoast-seo-wordpress\/ -->\n<title>Na\u010delnik Neuma: Tra\u017eit \u0107emo tko je dao suglasnost za uplovljavanje broda - RADIO LJUBU\u0160KI<\/title>\n<meta name=\"robots\" content=\"index, follow, max-snippet:-1, max-image-preview:large, max-video-preview:-1\" \/>\n<link rel=\"canonical\" href=\"https:\/\/radioljubuski.ba\/index.php\/2022\/06\/23\/nacelnik-neuma-trazit-cemo-tko-je-dao-suglasnost-za-uplovljavanje-broda\/\" \/>\n<meta property=\"og:locale\" content=\"hr_HR\" \/>\n<meta property=\"og:type\" content=\"article\" \/>\n<meta property=\"og:title\" content=\"Na\u010delnik Neuma: Tra\u017eit \u0107emo tko je dao suglasnost za uplovljavanje broda - RADIO LJUBU\u0160KI\" \/>\n<meta property=\"og:description\" content=\"U Neumski akvatorij jutros je to\u010dno u 7 sati uplovio kruzer &#8220;Bolette&#8221; du\u017eine 237 metara. Ovaj brod je najve\u0107i kruzer koji je uplovio u povijesti morskog akvatorija BiH, a ujedno je prvi brod koji je pro\u0161ao ispod Pelje\u0161kog mosta, pi\u0161e&nbsp;Avaz. Nakon uplovljavanja kruzera je na pla\u017ei hotela Zenit odr\u017ean mirni prosvjed mje\u0161tana Neuma. S njih [&hellip;]\" \/>\n<meta property=\"og:url\" content=\"https:\/\/radioljubuski.ba\/index.php\/2022\/06\/23\/nacelnik-neuma-trazit-cemo-tko-je-dao-suglasnost-za-uplovljavanje-broda\/\" \/>\n<meta property=\"og:site_name\" content=\"RADIO LJUBU\u0160KI\" \/>\n<meta property=\"article:publisher\" content=\"https:\/\/www.facebook.com\/Radiio-Ljubuski-1490835324566332\" \/>\n<meta property=\"article:published_time\" content=\"2022-06-23T06:49:16+00:00\" \/>\n<meta property=\"article:modified_time\" content=\"2022-06-23T06:49:18+00:00\" \/>\n<meta property=\"og:image\" content=\"https:\/\/radioljubuski.ba\/wp-content\/uploads\/2022\/06\/2-2022-06-23-08-38-58-neum.jpg\" \/>\n\t<meta property=\"og:image:width\" content=\"1000\" \/>\n\t<meta property=\"og:image:height\" content=\"625\" \/>\n\t<meta property=\"og:image:type\" content=\"image\/jpeg\" \/>\n<meta name=\"author\" content=\"Radio Ljubu\u0161ki\" \/>\n<meta name=\"twitter:card\" content=\"summary_large_image\" \/>\n<meta name=\"twitter:creator\" content=\"@radioljubuski\" \/>\n<meta name=\"twitter:site\" content=\"@radioljubuski\" \/>\n<meta name=\"twitter:label1\" content=\"Napisao\/la\" \/>\n\t<meta name=\"twitter:data1\" content=\"Radio Ljubu\u0161ki\" \/>\n\t<meta name=\"twitter:label2\" content=\"Procijenjeno vrijeme \u010ditanja\" \/>\n\t<meta name=\"twitter:data2\" content=\"2 minute\" \/>\n<script type=\"application\/ld+json\" class=\"yoast-schema-graph\">{\"@context\":\"https:\\\/\\\/schema.org\",\"@graph\":[{\"@type\":\"Article\",\"@id\":\"https:\\\/\\\/radioljubuski.ba\\\/index.php\\\/2022\\\/06\\\/23\\\/nacelnik-neuma-trazit-cemo-tko-je-dao-suglasnost-za-uplovljavanje-broda\\\/#article\",\"isPartOf\":{\"@id\":\"https:\\\/\\\/radioljubuski.ba\\\/index.php\\\/2022\\\/06\\\/23\\\/nacelnik-neuma-trazit-cemo-tko-je-dao-suglasnost-za-uplovljavanje-broda\\\/\"},\"author\":{\"name\":\"Radio Ljubu\u0161ki\",\"@id\":\"https:\\\/\\\/radioljubuski.ba\\\/#\\\/schema\\\/person\\\/19fc700381a780f69665d7956c469e3b\"},\"headline\":\"Na\u010delnik Neuma: Tra\u017eit \u0107emo tko je dao suglasnost za uplovljavanje broda\",\"datePublished\":\"2022-06-23T06:49:16+00:00\",\"dateModified\":\"2022-06-23T06:49:18+00:00\",\"mainEntityOfPage\":{\"@id\":\"https:\\\/\\\/radioljubuski.ba\\\/index.php\\\/2022\\\/06\\\/23\\\/nacelnik-neuma-trazit-cemo-tko-je-dao-suglasnost-za-uplovljavanje-broda\\\/\"},\"wordCount\":273,\"publisher\":{\"@id\":\"https:\\\/\\\/radioljubuski.ba\\\/#organization\"},\"image\":{\"@id\":\"https:\\\/\\\/radioljubuski.ba\\\/index.php\\\/2022\\\/06\\\/23\\\/nacelnik-neuma-trazit-cemo-tko-je-dao-suglasnost-za-uplovljavanje-broda\\\/#primaryimage\"},\"thumbnailUrl\":\"https:\\\/\\\/radioljubuski.ba\\\/wp-content\\\/uploads\\\/2022\\\/06\\\/2-2022-06-23-08-38-58-neum.jpg\",\"articleSection\":[\"BIH i regija\"],\"inLanguage\":\"hr\"},{\"@type\":\"WebPage\",\"@id\":\"https:\\\/\\\/radioljubuski.ba\\\/index.php\\\/2022\\\/06\\\/23\\\/nacelnik-neuma-trazit-cemo-tko-je-dao-suglasnost-za-uplovljavanje-broda\\\/\",\"url\":\"https:\\\/\\\/radioljubuski.ba\\\/index.php\\\/2022\\\/06\\\/23\\\/nacelnik-neuma-trazit-cemo-tko-je-dao-suglasnost-za-uplovljavanje-broda\\\/\",\"name\":\"Na\u010delnik Neuma: Tra\u017eit \u0107emo tko je dao suglasnost za uplovljavanje broda - RADIO LJUBU\u0160KI\",\"isPartOf\":{\"@id\":\"https:\\\/\\\/radioljubuski.ba\\\/#website\"},\"primaryImageOfPage\":{\"@id\":\"https:\\\/\\\/radioljubuski.ba\\\/index.php\\\/2022\\\/06\\\/23\\\/nacelnik-neuma-trazit-cemo-tko-je-dao-suglasnost-za-uplovljavanje-broda\\\/#primaryimage\"},\"image\":{\"@id\":\"https:\\\/\\\/radioljubuski.ba\\\/index.php\\\/2022\\\/06\\\/23\\\/nacelnik-neuma-trazit-cemo-tko-je-dao-suglasnost-za-uplovljavanje-broda\\\/#primaryimage\"},\"thumbnailUrl\":\"https:\\\/\\\/radioljubuski.ba\\\/wp-content\\\/uploads\\\/2022\\\/06\\\/2-2022-06-23-08-38-58-neum.jpg\",\"datePublished\":\"2022-06-23T06:49:16+00:00\",\"dateModified\":\"2022-06-23T06:49:18+00:00\",\"breadcrumb\":{\"@id\":\"https:\\\/\\\/radioljubuski.ba\\\/index.php\\\/2022\\\/06\\\/23\\\/nacelnik-neuma-trazit-cemo-tko-je-dao-suglasnost-za-uplovljavanje-broda\\\/#breadcrumb\"},\"inLanguage\":\"hr\",\"potentialAction\":[{\"@type\":\"ReadAction\",\"target\":[\"https:\\\/\\\/radioljubuski.ba\\\/index.php\\\/2022\\\/06\\\/23\\\/nacelnik-neuma-trazit-cemo-tko-je-dao-suglasnost-za-uplovljavanje-broda\\\/\"]}]},{\"@type\":\"ImageObject\",\"inLanguage\":\"hr\",\"@id\":\"https:\\\/\\\/radioljubuski.ba\\\/index.php\\\/2022\\\/06\\\/23\\\/nacelnik-neuma-trazit-cemo-tko-je-dao-suglasnost-za-uplovljavanje-broda\\\/#primaryimage\",\"url\":\"https:\\\/\\\/radioljubuski.ba\\\/wp-content\\\/uploads\\\/2022\\\/06\\\/2-2022-06-23-08-38-58-neum.jpg\",\"contentUrl\":\"https:\\\/\\\/radioljubuski.ba\\\/wp-content\\\/uploads\\\/2022\\\/06\\\/2-2022-06-23-08-38-58-neum.jpg\",\"width\":1000,\"height\":625},{\"@type\":\"BreadcrumbList\",\"@id\":\"https:\\\/\\\/radioljubuski.ba\\\/index.php\\\/2022\\\/06\\\/23\\\/nacelnik-neuma-trazit-cemo-tko-je-dao-suglasnost-za-uplovljavanje-broda\\\/#breadcrumb\",\"itemListElement\":[{\"@type\":\"ListItem\",\"position\":1,\"name\":\"Po\u010detna stranica\",\"item\":\"https:\\\/\\\/radioljubuski.ba\\\/\"},{\"@type\":\"ListItem\",\"position\":2,\"name\":\"Na\u010delnik Neuma: Tra\u017eit \u0107emo tko je dao suglasnost za uplovljavanje broda\"}]},{\"@type\":\"WebSite\",\"@id\":\"https:\\\/\\\/radioljubuski.ba\\\/#website\",\"url\":\"https:\\\/\\\/radioljubuski.ba\\\/\",\"name\":\"Radio Ljubu\u0161ki\",\"description\":\"Sun\u010dana frekvencija Hercegovine\",\"publisher\":{\"@id\":\"https:\\\/\\\/radioljubuski.ba\\\/#organization\"},\"potentialAction\":[{\"@type\":\"SearchAction\",\"target\":{\"@type\":\"EntryPoint\",\"urlTemplate\":\"https:\\\/\\\/radioljubuski.ba\\\/?s={search_term_string}\"},\"query-input\":{\"@type\":\"PropertyValueSpecification\",\"valueRequired\":true,\"valueName\":\"search_term_string\"}}],\"inLanguage\":\"hr\"},{\"@type\":\"Organization\",\"@id\":\"https:\\\/\\\/radioljubuski.ba\\\/#organization\",\"name\":\"Radio Ljubu\u0161ki\",\"url\":\"https:\\\/\\\/radioljubuski.ba\\\/\",\"logo\":{\"@type\":\"ImageObject\",\"inLanguage\":\"hr\",\"@id\":\"https:\\\/\\\/radioljubuski.ba\\\/#\\\/schema\\\/logo\\\/image\\\/\",\"url\":\"https:\\\/\\\/radioljubuski.ba\\\/wp-content\\\/uploads\\\/2021\\\/02\\\/cropped-Radio_Ljubuski_logo1.jpg\",\"contentUrl\":\"https:\\\/\\\/radioljubuski.ba\\\/wp-content\\\/uploads\\\/2021\\\/02\\\/cropped-Radio_Ljubuski_logo1.jpg\",\"width\":512,\"height\":512,\"caption\":\"Radio Ljubu\u0161ki\"},\"image\":{\"@id\":\"https:\\\/\\\/radioljubuski.ba\\\/#\\\/schema\\\/logo\\\/image\\\/\"},\"sameAs\":[\"https:\\\/\\\/www.facebook.com\\\/Radiio-Ljubuski-1490835324566332\",\"https:\\\/\\\/x.com\\\/radioljubuski\",\"https:\\\/\\\/hr.linkedin.com\\\/company\\\/radio-ljubuski\",\"https:\\\/\\\/www.youtube.com\\\/channel\\\/UCHYaeO_n0Db3tjNGudGpXyw\"]},{\"@type\":\"Person\",\"@id\":\"https:\\\/\\\/radioljubuski.ba\\\/#\\\/schema\\\/person\\\/19fc700381a780f69665d7956c469e3b\",\"name\":\"Radio Ljubu\u0161ki\"}]}<\/script>\n<!-- \/ Yoast SEO plugin. -->","yoast_head_json":{"title":"Na\u010delnik Neuma: Tra\u017eit \u0107emo tko je dao suglasnost za uplovljavanje broda - RADIO LJUBU\u0160KI","robots":{"index":"index","follow":"follow","max-snippet":"max-snippet:-1","max-image-preview":"max-image-preview:large","max-video-preview":"max-video-preview:-1"},"canonical":"https:\/\/radioljubuski.ba\/index.php\/2022\/06\/23\/nacelnik-neuma-trazit-cemo-tko-je-dao-suglasnost-za-uplovljavanje-broda\/","og_locale":"hr_HR","og_type":"article","og_title":"Na\u010delnik Neuma: Tra\u017eit \u0107emo tko je dao suglasnost za uplovljavanje broda - RADIO LJUBU\u0160KI","og_description":"U Neumski akvatorij jutros je to\u010dno u 7 sati uplovio kruzer &#8220;Bolette&#8221; du\u017eine 237 metara. Ovaj brod je najve\u0107i kruzer koji je uplovio u povijesti morskog akvatorija BiH, a ujedno je prvi brod koji je pro\u0161ao ispod Pelje\u0161kog mosta, pi\u0161e&nbsp;Avaz. Nakon uplovljavanja kruzera je na pla\u017ei hotela Zenit odr\u017ean mirni prosvjed mje\u0161tana Neuma. S njih [&hellip;]","og_url":"https:\/\/radioljubuski.ba\/index.php\/2022\/06\/23\/nacelnik-neuma-trazit-cemo-tko-je-dao-suglasnost-za-uplovljavanje-broda\/","og_site_name":"RADIO LJUBU\u0160KI","article_publisher":"https:\/\/www.facebook.com\/Radiio-Ljubuski-1490835324566332","article_published_time":"2022-06-23T06:49:16+00:00","article_modified_time":"2022-06-23T06:49:18+00:00","og_image":[{"width":1000,"height":625,"url":"https:\/\/radioljubuski.ba\/wp-content\/uploads\/2022\/06\/2-2022-06-23-08-38-58-neum.jpg","type":"image\/jpeg"}],"author":"Radio Ljubu\u0161ki","twitter_card":"summary_large_image","twitter_creator":"@radioljubuski","twitter_site":"@radioljubuski","twitter_misc":{"Napisao\/la":"Radio Ljubu\u0161ki","Procijenjeno vrijeme \u010ditanja":"2 minute"},"schema":{"@context":"https:\/\/schema.org","@graph":[{"@type":"Article","@id":"https:\/\/radioljubuski.ba\/index.php\/2022\/06\/23\/nacelnik-neuma-trazit-cemo-tko-je-dao-suglasnost-za-uplovljavanje-broda\/#article","isPartOf":{"@id":"https:\/\/radioljubuski.ba\/index.php\/2022\/06\/23\/nacelnik-neuma-trazit-cemo-tko-je-dao-suglasnost-za-uplovljavanje-broda\/"},"author":{"name":"Radio Ljubu\u0161ki","@id":"https:\/\/radioljubuski.ba\/#\/schema\/person\/19fc700381a780f69665d7956c469e3b"},"headline":"Na\u010delnik Neuma: Tra\u017eit \u0107emo tko je dao suglasnost za uplovljavanje broda","datePublished":"2022-06-23T06:49:16+00:00","dateModified":"2022-06-23T06:49:18+00:00","mainEntityOfPage":{"@id":"https:\/\/radioljubuski.ba\/index.php\/2022\/06\/23\/nacelnik-neuma-trazit-cemo-tko-je-dao-suglasnost-za-uplovljavanje-broda\/"},"wordCount":273,"publisher":{"@id":"https:\/\/radioljubuski.ba\/#organization"},"image":{"@id":"https:\/\/radioljubuski.ba\/index.php\/2022\/06\/23\/nacelnik-neuma-trazit-cemo-tko-je-dao-suglasnost-za-uplovljavanje-broda\/#primaryimage"},"thumbnailUrl":"https:\/\/radioljubuski.ba\/wp-content\/uploads\/2022\/06\/2-2022-06-23-08-38-58-neum.jpg","articleSection":["BIH i regija"],"inLanguage":"hr"},{"@type":"WebPage","@id":"https:\/\/radioljubuski.ba\/index.php\/2022\/06\/23\/nacelnik-neuma-trazit-cemo-tko-je-dao-suglasnost-za-uplovljavanje-broda\/","url":"https:\/\/radioljubuski.ba\/index.php\/2022\/06\/23\/nacelnik-neuma-trazit-cemo-tko-je-dao-suglasnost-za-uplovljavanje-broda\/","name":"Na\u010delnik Neuma: Tra\u017eit \u0107emo tko je dao suglasnost za uplovljavanje broda - RADIO LJUBU\u0160KI","isPartOf":{"@id":"https:\/\/radioljubuski.ba\/#website"},"primaryImageOfPage":{"@id":"https:\/\/radioljubuski.ba\/index.php\/2022\/06\/23\/nacelnik-neuma-trazit-cemo-tko-je-dao-suglasnost-za-uplovljavanje-broda\/#primaryimage"},"image":{"@id":"https:\/\/radioljubuski.ba\/index.php\/2022\/06\/23\/nacelnik-neuma-trazit-cemo-tko-je-dao-suglasnost-za-uplovljavanje-broda\/#primaryimage"},"thumbnailUrl":"https:\/\/radioljubuski.ba\/wp-content\/uploads\/2022\/06\/2-2022-06-23-08-38-58-neum.jpg","datePublished":"2022-06-23T06:49:16+00:00","dateModified":"2022-06-23T06:49:18+00:00","breadcrumb":{"@id":"https:\/\/radioljubuski.ba\/index.php\/2022\/06\/23\/nacelnik-neuma-trazit-cemo-tko-je-dao-suglasnost-za-uplovljavanje-broda\/#breadcrumb"},"inLanguage":"hr","potentialAction":[{"@type":"ReadAction","target":["https:\/\/radioljubuski.ba\/index.php\/2022\/06\/23\/nacelnik-neuma-trazit-cemo-tko-je-dao-suglasnost-za-uplovljavanje-broda\/"]}]},{"@type":"ImageObject","inLanguage":"hr","@id":"https:\/\/radioljubuski.ba\/index.php\/2022\/06\/23\/nacelnik-neuma-trazit-cemo-tko-je-dao-suglasnost-za-uplovljavanje-broda\/#primaryimage","url":"https:\/\/radioljubuski.ba\/wp-content\/uploads\/2022\/06\/2-2022-06-23-08-38-58-neum.jpg","contentUrl":"https:\/\/radioljubuski.ba\/wp-content\/uploads\/2022\/06\/2-2022-06-23-08-38-58-neum.jpg","width":1000,"height":625},{"@type":"BreadcrumbList","@id":"https:\/\/radioljubuski.ba\/index.php\/2022\/06\/23\/nacelnik-neuma-trazit-cemo-tko-je-dao-suglasnost-za-uplovljavanje-broda\/#breadcrumb","itemListElement":[{"@type":"ListItem","position":1,"name":"Po\u010detna stranica","item":"https:\/\/radioljubuski.ba\/"},{"@type":"ListItem","position":2,"name":"Na\u010delnik Neuma: Tra\u017eit \u0107emo tko je dao suglasnost za uplovljavanje broda"}]},{"@type":"WebSite","@id":"https:\/\/radioljubuski.ba\/#website","url":"https:\/\/radioljubuski.ba\/","name":"Radio Ljubu\u0161ki","description":"Sun\u010dana frekvencija Hercegovine","publisher":{"@id":"https:\/\/radioljubuski.ba\/#organization"},"potentialAction":[{"@type":"SearchAction","target":{"@type":"EntryPoint","urlTemplate":"https:\/\/radioljubuski.ba\/?s={search_term_string}"},"query-input":{"@type":"PropertyValueSpecification","valueRequired":true,"valueName":"search_term_string"}}],"inLanguage":"hr"},{"@type":"Organization","@id":"https:\/\/radioljubuski.ba\/#organization","name":"Radio Ljubu\u0161ki","url":"https:\/\/radioljubuski.ba\/","logo":{"@type":"ImageObject","inLanguage":"hr","@id":"https:\/\/radioljubuski.ba\/#\/schema\/logo\/image\/","url":"https:\/\/radioljubuski.ba\/wp-content\/uploads\/2021\/02\/cropped-Radio_Ljubuski_logo1.jpg","contentUrl":"https:\/\/radioljubuski.ba\/wp-content\/uploads\/2021\/02\/cropped-Radio_Ljubuski_logo1.jpg","width":512,"height":512,"caption":"Radio Ljubu\u0161ki"},"image":{"@id":"https:\/\/radioljubuski.ba\/#\/schema\/logo\/image\/"},"sameAs":["https:\/\/www.facebook.com\/Radiio-Ljubuski-1490835324566332","https:\/\/x.com\/radioljubuski","https:\/\/hr.linkedin.com\/company\/radio-ljubuski","https:\/\/www.youtube.com\/channel\/UCHYaeO_n0Db3tjNGudGpXyw"]},{"@type":"Person","@id":"https:\/\/radioljubuski.ba\/#\/schema\/person\/19fc700381a780f69665d7956c469e3b","name":"Radio Ljubu\u0161ki"}]}},"_links":{"self":[{"href":"https:\/\/radioljubuski.ba\/index.php\/wp-json\/wp\/v2\/posts\/152371","targetHints":{"allow":["GET"]}}],"collection":[{"href":"https:\/\/radioljubuski.ba\/index.php\/wp-json\/wp\/v2\/posts"}],"about":[{"href":"https:\/\/radioljubuski.ba\/index.php\/wp-json\/wp\/v2\/types\/post"}],"author":[{"embeddable":true,"href":"https:\/\/radioljubuski.ba\/index.php\/wp-json\/wp\/v2\/users\/2"}],"replies":[{"embeddable":true,"href":"https:\/\/radioljubuski.ba\/index.php\/wp-json\/wp\/v2\/comments?post=152371"}],"version-history":[{"count":1,"href":"https:\/\/radioljubuski.ba\/index.php\/wp-json\/wp\/v2\/posts\/152371\/revisions"}],"predecessor-version":[{"id":152373,"href":"https:\/\/radioljubuski.ba\/index.php\/wp-json\/wp\/v2\/posts\/152371\/revisions\/152373"}],"wp:featuredmedia":[{"embeddable":true,"href":"https:\/\/radioljubuski.ba\/index.php\/wp-json\/wp\/v2\/media\/152372"}],"wp:attachment":[{"href":"https:\/\/radioljubuski.ba\/index.php\/wp-json\/wp\/v2\/media?parent=152371"}],"wp:term":[{"taxonomy":"category","embeddable":true,"href":"https:\/\/radioljubuski.ba\/index.php\/wp-json\/wp\/v2\/categories?post=152371"},{"taxonomy":"post_tag","embeddable":true,"href":"https:\/\/radioljubuski.ba\/index.php\/wp-json\/wp\/v2\/tags?post=152371"}],"curies":[{"name":"wp","href":"https:\/\/api.w.org\/{rel}","templated":true}]}}