{"id":152415,"date":"2022-06-23T08:28:14","date_gmt":"2022-06-23T07:28:14","guid":{"rendered":"https:\/\/radioljubuski.ba\/?p=152415"},"modified":"2022-06-23T08:28:16","modified_gmt":"2022-06-23T07:28:16","slug":"osnivac-facebook-grupe-osamdesete-u-zagrebu-poginuo-u-prometnoj-nesreci-usmrtio-ga-pijani-vozac","status":"publish","type":"post","link":"https:\/\/radioljubuski.ba\/index.php\/2022\/06\/23\/osnivac-facebook-grupe-osamdesete-u-zagrebu-poginuo-u-prometnoj-nesreci-usmrtio-ga-pijani-vozac\/","title":{"rendered":"Osniva\u010d Facebook grupe \u2018Osamdesete u Zagrebu\u2018 poginuo u prometnoj nesre\u0107i, usmrtio ga pijani voza\u010d"},"content":{"rendered":"\n<p>U Zagrebu je sino\u0107 u prometnoj nesre\u0107i, koju je skrivio pijani voza\u010d, \u017eivot izgubio 54-godi\u0161nji Vinko Coce, osniva\u010d i voditelj Facebook grupe &#8220;Osamdesete u Zagrebu&#8221;.<\/p>\n\n\n\n<p>Prometnu nesre\u0107u na zagreba\u010dkoj Pe\u0161\u0107enici uzrokovao je voza\u010d s 1.89 promila alkohola u krvi, priop\u0107ila je zagreba\u010dka policija. Stradali Vinko se u utorak nave\u010der oko 23:50 kretao po obilje\u017eenom pje\u0161a\u010dkom prijelazu na Planinskoj ulici u Zagrebu kada je na njega automobilom naletio 43-godi\u0161nji voza\u010d pod utjecajem alkohola.<\/p>\n\n\n\n<p>Coce je potaknuo mnogo akcija i tuluma te vratio mladost u Zagrep\u010dane koji su \u017eivjeli u osamdesetima, ali i sa\u010duvao dio zagreba\u010dke povijesti od zaborava.<\/p>\n\n\n\n<p>Grupa, kao \u0161to i sam naziv ka\u017ee, okuplja zaljubljenike u Zagreb osamdesetih godina pro\u0161log stolje\u0107a, a preko 44 tisu\u0107e \u010dlanova, aktivno oboga\u0107uje grupu s vi\u0161e desetaka objava dnevno.<\/p>\n\n\n\n<p>Od Vinka, poznatog osniva\u010da &#8220;najzagreba\u010dkije grupe na Facebooku&#8221;, oprostili su se mnogi \u010dlanovi, prijatelji te njegova supruga.<\/p>\n\n\n\n<p>&#8211; Zagreb je dobio novog \u010duvara, onog nebeskog &#8211; stoji u jednoj od opro\u0161tajnih objava.<\/p>\n\n\n\n<p>&#8211; \u010cuvajte se svi i pazite i volite jedni druge u svoj svojoj razli\u010ditosti kako je on to oduvijek i htio. Bolji svijet za svu djecu, ne samo njegovu &#8211; napisala je njegova supruga.<\/p>\n\n\n\n<p> Izvor: <a href=\"https:\/\/pogled.ba\/crna-kronika\/osnivac-facebook-grupe-osamdesete-u-zagrebu-poginuo-u-prometnoj-nesreci-usmrtio-ga-pijani-vozac\/248844\">Pogled.ba<\/a><\/p>\n","protected":false},"excerpt":{"rendered":"<p>U Zagrebu je sino\u0107 u prometnoj nesre\u0107i, koju je skrivio pijani voza\u010d, \u017eivot izgubio 54-godi\u0161nji Vinko Coce, osniva\u010d i voditelj Facebook grupe &#8220;Osamdesete u Zagrebu&#8221;. Prometnu nesre\u0107u na zagreba\u010dkoj Pe\u0161\u0107enici uzrokovao je voza\u010d s 1.89 promila alkohola u krvi, priop\u0107ila je zagreba\u010dka policija. Stradali Vinko se u utorak nave\u010der oko 23:50 kretao po obilje\u017eenom pje\u0161a\u010dkom [&hellip;]<\/p>\n","protected":false},"author":2,"featured_media":152418,"comment_status":"closed","ping_status":"closed","sticky":false,"template":"","format":"standard","meta":{"h5ap_radio_sources":[],"footnotes":""},"categories":[1],"tags":[],"class_list":["post-152415","post","type-post","status-publish","format-standard","has-post-thumbnail","hentry","category-bihiregija"],"yoast_head":"<!-- This site is optimized with the Yoast SEO plugin v27.4 - https:\/\/yoast.com\/product\/yoast-seo-wordpress\/ -->\n<title>Osniva\u010d Facebook grupe \u2018Osamdesete u Zagrebu\u2018 poginuo u prometnoj nesre\u0107i, usmrtio ga pijani voza\u010d - RADIO LJUBU\u0160KI<\/title>\n<meta name=\"robots\" content=\"index, follow, max-snippet:-1, max-image-preview:large, max-video-preview:-1\" \/>\n<link rel=\"canonical\" href=\"https:\/\/radioljubuski.ba\/index.php\/2022\/06\/23\/osnivac-facebook-grupe-osamdesete-u-zagrebu-poginuo-u-prometnoj-nesreci-usmrtio-ga-pijani-vozac\/\" \/>\n<meta property=\"og:locale\" content=\"hr_HR\" \/>\n<meta property=\"og:type\" content=\"article\" \/>\n<meta property=\"og:title\" content=\"Osniva\u010d Facebook grupe \u2018Osamdesete u Zagrebu\u2018 poginuo u prometnoj nesre\u0107i, usmrtio ga pijani voza\u010d - RADIO LJUBU\u0160KI\" \/>\n<meta property=\"og:description\" content=\"U Zagrebu je sino\u0107 u prometnoj nesre\u0107i, koju je skrivio pijani voza\u010d, \u017eivot izgubio 54-godi\u0161nji Vinko Coce, osniva\u010d i voditelj Facebook grupe &#8220;Osamdesete u Zagrebu&#8221;. Prometnu nesre\u0107u na zagreba\u010dkoj Pe\u0161\u0107enici uzrokovao je voza\u010d s 1.89 promila alkohola u krvi, priop\u0107ila je zagreba\u010dka policija. Stradali Vinko se u utorak nave\u010der oko 23:50 kretao po obilje\u017eenom pje\u0161a\u010dkom [&hellip;]\" \/>\n<meta property=\"og:url\" content=\"https:\/\/radioljubuski.ba\/index.php\/2022\/06\/23\/osnivac-facebook-grupe-osamdesete-u-zagrebu-poginuo-u-prometnoj-nesreci-usmrtio-ga-pijani-vozac\/\" \/>\n<meta property=\"og:site_name\" content=\"RADIO LJUBU\u0160KI\" \/>\n<meta property=\"article:publisher\" content=\"https:\/\/www.facebook.com\/Radiio-Ljubuski-1490835324566332\" \/>\n<meta property=\"article:published_time\" content=\"2022-06-23T07:28:14+00:00\" \/>\n<meta property=\"article:modified_time\" content=\"2022-06-23T07:28:16+00:00\" \/>\n<meta property=\"og:image\" content=\"https:\/\/radioljubuski.ba\/wp-content\/uploads\/2022\/06\/2-2022-06-23-09-16-18-coce.jpg\" \/>\n\t<meta property=\"og:image:width\" content=\"1000\" \/>\n\t<meta property=\"og:image:height\" content=\"625\" \/>\n\t<meta property=\"og:image:type\" content=\"image\/jpeg\" \/>\n<meta name=\"author\" content=\"Radio Ljubu\u0161ki\" \/>\n<meta name=\"twitter:card\" content=\"summary_large_image\" \/>\n<meta name=\"twitter:creator\" content=\"@radioljubuski\" \/>\n<meta name=\"twitter:site\" content=\"@radioljubuski\" \/>\n<meta name=\"twitter:label1\" content=\"Napisao\/la\" \/>\n\t<meta name=\"twitter:data1\" content=\"Radio Ljubu\u0161ki\" \/>\n\t<meta name=\"twitter:label2\" content=\"Procijenjeno vrijeme \u010ditanja\" \/>\n\t<meta name=\"twitter:data2\" content=\"1 minuta\" \/>\n<script type=\"application\/ld+json\" class=\"yoast-schema-graph\">{\"@context\":\"https:\\\/\\\/schema.org\",\"@graph\":[{\"@type\":\"Article\",\"@id\":\"https:\\\/\\\/radioljubuski.ba\\\/index.php\\\/2022\\\/06\\\/23\\\/osnivac-facebook-grupe-osamdesete-u-zagrebu-poginuo-u-prometnoj-nesreci-usmrtio-ga-pijani-vozac\\\/#article\",\"isPartOf\":{\"@id\":\"https:\\\/\\\/radioljubuski.ba\\\/index.php\\\/2022\\\/06\\\/23\\\/osnivac-facebook-grupe-osamdesete-u-zagrebu-poginuo-u-prometnoj-nesreci-usmrtio-ga-pijani-vozac\\\/\"},\"author\":{\"name\":\"Radio Ljubu\u0161ki\",\"@id\":\"https:\\\/\\\/radioljubuski.ba\\\/#\\\/schema\\\/person\\\/19fc700381a780f69665d7956c469e3b\"},\"headline\":\"Osniva\u010d Facebook grupe \u2018Osamdesete u Zagrebu\u2018 poginuo u prometnoj nesre\u0107i, usmrtio ga pijani voza\u010d\",\"datePublished\":\"2022-06-23T07:28:14+00:00\",\"dateModified\":\"2022-06-23T07:28:16+00:00\",\"mainEntityOfPage\":{\"@id\":\"https:\\\/\\\/radioljubuski.ba\\\/index.php\\\/2022\\\/06\\\/23\\\/osnivac-facebook-grupe-osamdesete-u-zagrebu-poginuo-u-prometnoj-nesreci-usmrtio-ga-pijani-vozac\\\/\"},\"wordCount\":231,\"publisher\":{\"@id\":\"https:\\\/\\\/radioljubuski.ba\\\/#organization\"},\"image\":{\"@id\":\"https:\\\/\\\/radioljubuski.ba\\\/index.php\\\/2022\\\/06\\\/23\\\/osnivac-facebook-grupe-osamdesete-u-zagrebu-poginuo-u-prometnoj-nesreci-usmrtio-ga-pijani-vozac\\\/#primaryimage\"},\"thumbnailUrl\":\"https:\\\/\\\/radioljubuski.ba\\\/wp-content\\\/uploads\\\/2022\\\/06\\\/2-2022-06-23-09-16-18-coce.jpg\",\"articleSection\":[\"BIH i regija\"],\"inLanguage\":\"hr\"},{\"@type\":\"WebPage\",\"@id\":\"https:\\\/\\\/radioljubuski.ba\\\/index.php\\\/2022\\\/06\\\/23\\\/osnivac-facebook-grupe-osamdesete-u-zagrebu-poginuo-u-prometnoj-nesreci-usmrtio-ga-pijani-vozac\\\/\",\"url\":\"https:\\\/\\\/radioljubuski.ba\\\/index.php\\\/2022\\\/06\\\/23\\\/osnivac-facebook-grupe-osamdesete-u-zagrebu-poginuo-u-prometnoj-nesreci-usmrtio-ga-pijani-vozac\\\/\",\"name\":\"Osniva\u010d Facebook grupe \u2018Osamdesete u Zagrebu\u2018 poginuo u prometnoj nesre\u0107i, usmrtio ga pijani voza\u010d - RADIO LJUBU\u0160KI\",\"isPartOf\":{\"@id\":\"https:\\\/\\\/radioljubuski.ba\\\/#website\"},\"primaryImageOfPage\":{\"@id\":\"https:\\\/\\\/radioljubuski.ba\\\/index.php\\\/2022\\\/06\\\/23\\\/osnivac-facebook-grupe-osamdesete-u-zagrebu-poginuo-u-prometnoj-nesreci-usmrtio-ga-pijani-vozac\\\/#primaryimage\"},\"image\":{\"@id\":\"https:\\\/\\\/radioljubuski.ba\\\/index.php\\\/2022\\\/06\\\/23\\\/osnivac-facebook-grupe-osamdesete-u-zagrebu-poginuo-u-prometnoj-nesreci-usmrtio-ga-pijani-vozac\\\/#primaryimage\"},\"thumbnailUrl\":\"https:\\\/\\\/radioljubuski.ba\\\/wp-content\\\/uploads\\\/2022\\\/06\\\/2-2022-06-23-09-16-18-coce.jpg\",\"datePublished\":\"2022-06-23T07:28:14+00:00\",\"dateModified\":\"2022-06-23T07:28:16+00:00\",\"breadcrumb\":{\"@id\":\"https:\\\/\\\/radioljubuski.ba\\\/index.php\\\/2022\\\/06\\\/23\\\/osnivac-facebook-grupe-osamdesete-u-zagrebu-poginuo-u-prometnoj-nesreci-usmrtio-ga-pijani-vozac\\\/#breadcrumb\"},\"inLanguage\":\"hr\",\"potentialAction\":[{\"@type\":\"ReadAction\",\"target\":[\"https:\\\/\\\/radioljubuski.ba\\\/index.php\\\/2022\\\/06\\\/23\\\/osnivac-facebook-grupe-osamdesete-u-zagrebu-poginuo-u-prometnoj-nesreci-usmrtio-ga-pijani-vozac\\\/\"]}]},{\"@type\":\"ImageObject\",\"inLanguage\":\"hr\",\"@id\":\"https:\\\/\\\/radioljubuski.ba\\\/index.php\\\/2022\\\/06\\\/23\\\/osnivac-facebook-grupe-osamdesete-u-zagrebu-poginuo-u-prometnoj-nesreci-usmrtio-ga-pijani-vozac\\\/#primaryimage\",\"url\":\"https:\\\/\\\/radioljubuski.ba\\\/wp-content\\\/uploads\\\/2022\\\/06\\\/2-2022-06-23-09-16-18-coce.jpg\",\"contentUrl\":\"https:\\\/\\\/radioljubuski.ba\\\/wp-content\\\/uploads\\\/2022\\\/06\\\/2-2022-06-23-09-16-18-coce.jpg\",\"width\":1000,\"height\":625},{\"@type\":\"BreadcrumbList\",\"@id\":\"https:\\\/\\\/radioljubuski.ba\\\/index.php\\\/2022\\\/06\\\/23\\\/osnivac-facebook-grupe-osamdesete-u-zagrebu-poginuo-u-prometnoj-nesreci-usmrtio-ga-pijani-vozac\\\/#breadcrumb\",\"itemListElement\":[{\"@type\":\"ListItem\",\"position\":1,\"name\":\"Po\u010detna stranica\",\"item\":\"https:\\\/\\\/radioljubuski.ba\\\/\"},{\"@type\":\"ListItem\",\"position\":2,\"name\":\"Osniva\u010d Facebook grupe \u2018Osamdesete u Zagrebu\u2018 poginuo u prometnoj nesre\u0107i, usmrtio ga pijani voza\u010d\"}]},{\"@type\":\"WebSite\",\"@id\":\"https:\\\/\\\/radioljubuski.ba\\\/#website\",\"url\":\"https:\\\/\\\/radioljubuski.ba\\\/\",\"name\":\"Radio Ljubu\u0161ki\",\"description\":\"Sun\u010dana frekvencija Hercegovine\",\"publisher\":{\"@id\":\"https:\\\/\\\/radioljubuski.ba\\\/#organization\"},\"potentialAction\":[{\"@type\":\"SearchAction\",\"target\":{\"@type\":\"EntryPoint\",\"urlTemplate\":\"https:\\\/\\\/radioljubuski.ba\\\/?s={search_term_string}\"},\"query-input\":{\"@type\":\"PropertyValueSpecification\",\"valueRequired\":true,\"valueName\":\"search_term_string\"}}],\"inLanguage\":\"hr\"},{\"@type\":\"Organization\",\"@id\":\"https:\\\/\\\/radioljubuski.ba\\\/#organization\",\"name\":\"Radio Ljubu\u0161ki\",\"url\":\"https:\\\/\\\/radioljubuski.ba\\\/\",\"logo\":{\"@type\":\"ImageObject\",\"inLanguage\":\"hr\",\"@id\":\"https:\\\/\\\/radioljubuski.ba\\\/#\\\/schema\\\/logo\\\/image\\\/\",\"url\":\"https:\\\/\\\/radioljubuski.ba\\\/wp-content\\\/uploads\\\/2021\\\/02\\\/cropped-Radio_Ljubuski_logo1.jpg\",\"contentUrl\":\"https:\\\/\\\/radioljubuski.ba\\\/wp-content\\\/uploads\\\/2021\\\/02\\\/cropped-Radio_Ljubuski_logo1.jpg\",\"width\":512,\"height\":512,\"caption\":\"Radio Ljubu\u0161ki\"},\"image\":{\"@id\":\"https:\\\/\\\/radioljubuski.ba\\\/#\\\/schema\\\/logo\\\/image\\\/\"},\"sameAs\":[\"https:\\\/\\\/www.facebook.com\\\/Radiio-Ljubuski-1490835324566332\",\"https:\\\/\\\/x.com\\\/radioljubuski\",\"https:\\\/\\\/hr.linkedin.com\\\/company\\\/radio-ljubuski\",\"https:\\\/\\\/www.youtube.com\\\/channel\\\/UCHYaeO_n0Db3tjNGudGpXyw\"]},{\"@type\":\"Person\",\"@id\":\"https:\\\/\\\/radioljubuski.ba\\\/#\\\/schema\\\/person\\\/19fc700381a780f69665d7956c469e3b\",\"name\":\"Radio Ljubu\u0161ki\"}]}<\/script>\n<!-- \/ Yoast SEO plugin. -->","yoast_head_json":{"title":"Osniva\u010d Facebook grupe \u2018Osamdesete u Zagrebu\u2018 poginuo u prometnoj nesre\u0107i, usmrtio ga pijani voza\u010d - RADIO LJUBU\u0160KI","robots":{"index":"index","follow":"follow","max-snippet":"max-snippet:-1","max-image-preview":"max-image-preview:large","max-video-preview":"max-video-preview:-1"},"canonical":"https:\/\/radioljubuski.ba\/index.php\/2022\/06\/23\/osnivac-facebook-grupe-osamdesete-u-zagrebu-poginuo-u-prometnoj-nesreci-usmrtio-ga-pijani-vozac\/","og_locale":"hr_HR","og_type":"article","og_title":"Osniva\u010d Facebook grupe \u2018Osamdesete u Zagrebu\u2018 poginuo u prometnoj nesre\u0107i, usmrtio ga pijani voza\u010d - RADIO LJUBU\u0160KI","og_description":"U Zagrebu je sino\u0107 u prometnoj nesre\u0107i, koju je skrivio pijani voza\u010d, \u017eivot izgubio 54-godi\u0161nji Vinko Coce, osniva\u010d i voditelj Facebook grupe &#8220;Osamdesete u Zagrebu&#8221;. Prometnu nesre\u0107u na zagreba\u010dkoj Pe\u0161\u0107enici uzrokovao je voza\u010d s 1.89 promila alkohola u krvi, priop\u0107ila je zagreba\u010dka policija. Stradali Vinko se u utorak nave\u010der oko 23:50 kretao po obilje\u017eenom pje\u0161a\u010dkom [&hellip;]","og_url":"https:\/\/radioljubuski.ba\/index.php\/2022\/06\/23\/osnivac-facebook-grupe-osamdesete-u-zagrebu-poginuo-u-prometnoj-nesreci-usmrtio-ga-pijani-vozac\/","og_site_name":"RADIO LJUBU\u0160KI","article_publisher":"https:\/\/www.facebook.com\/Radiio-Ljubuski-1490835324566332","article_published_time":"2022-06-23T07:28:14+00:00","article_modified_time":"2022-06-23T07:28:16+00:00","og_image":[{"width":1000,"height":625,"url":"https:\/\/radioljubuski.ba\/wp-content\/uploads\/2022\/06\/2-2022-06-23-09-16-18-coce.jpg","type":"image\/jpeg"}],"author":"Radio Ljubu\u0161ki","twitter_card":"summary_large_image","twitter_creator":"@radioljubuski","twitter_site":"@radioljubuski","twitter_misc":{"Napisao\/la":"Radio Ljubu\u0161ki","Procijenjeno vrijeme \u010ditanja":"1 minuta"},"schema":{"@context":"https:\/\/schema.org","@graph":[{"@type":"Article","@id":"https:\/\/radioljubuski.ba\/index.php\/2022\/06\/23\/osnivac-facebook-grupe-osamdesete-u-zagrebu-poginuo-u-prometnoj-nesreci-usmrtio-ga-pijani-vozac\/#article","isPartOf":{"@id":"https:\/\/radioljubuski.ba\/index.php\/2022\/06\/23\/osnivac-facebook-grupe-osamdesete-u-zagrebu-poginuo-u-prometnoj-nesreci-usmrtio-ga-pijani-vozac\/"},"author":{"name":"Radio Ljubu\u0161ki","@id":"https:\/\/radioljubuski.ba\/#\/schema\/person\/19fc700381a780f69665d7956c469e3b"},"headline":"Osniva\u010d Facebook grupe \u2018Osamdesete u Zagrebu\u2018 poginuo u prometnoj nesre\u0107i, usmrtio ga pijani voza\u010d","datePublished":"2022-06-23T07:28:14+00:00","dateModified":"2022-06-23T07:28:16+00:00","mainEntityOfPage":{"@id":"https:\/\/radioljubuski.ba\/index.php\/2022\/06\/23\/osnivac-facebook-grupe-osamdesete-u-zagrebu-poginuo-u-prometnoj-nesreci-usmrtio-ga-pijani-vozac\/"},"wordCount":231,"publisher":{"@id":"https:\/\/radioljubuski.ba\/#organization"},"image":{"@id":"https:\/\/radioljubuski.ba\/index.php\/2022\/06\/23\/osnivac-facebook-grupe-osamdesete-u-zagrebu-poginuo-u-prometnoj-nesreci-usmrtio-ga-pijani-vozac\/#primaryimage"},"thumbnailUrl":"https:\/\/radioljubuski.ba\/wp-content\/uploads\/2022\/06\/2-2022-06-23-09-16-18-coce.jpg","articleSection":["BIH i regija"],"inLanguage":"hr"},{"@type":"WebPage","@id":"https:\/\/radioljubuski.ba\/index.php\/2022\/06\/23\/osnivac-facebook-grupe-osamdesete-u-zagrebu-poginuo-u-prometnoj-nesreci-usmrtio-ga-pijani-vozac\/","url":"https:\/\/radioljubuski.ba\/index.php\/2022\/06\/23\/osnivac-facebook-grupe-osamdesete-u-zagrebu-poginuo-u-prometnoj-nesreci-usmrtio-ga-pijani-vozac\/","name":"Osniva\u010d Facebook grupe \u2018Osamdesete u Zagrebu\u2018 poginuo u prometnoj nesre\u0107i, usmrtio ga pijani voza\u010d - RADIO LJUBU\u0160KI","isPartOf":{"@id":"https:\/\/radioljubuski.ba\/#website"},"primaryImageOfPage":{"@id":"https:\/\/radioljubuski.ba\/index.php\/2022\/06\/23\/osnivac-facebook-grupe-osamdesete-u-zagrebu-poginuo-u-prometnoj-nesreci-usmrtio-ga-pijani-vozac\/#primaryimage"},"image":{"@id":"https:\/\/radioljubuski.ba\/index.php\/2022\/06\/23\/osnivac-facebook-grupe-osamdesete-u-zagrebu-poginuo-u-prometnoj-nesreci-usmrtio-ga-pijani-vozac\/#primaryimage"},"thumbnailUrl":"https:\/\/radioljubuski.ba\/wp-content\/uploads\/2022\/06\/2-2022-06-23-09-16-18-coce.jpg","datePublished":"2022-06-23T07:28:14+00:00","dateModified":"2022-06-23T07:28:16+00:00","breadcrumb":{"@id":"https:\/\/radioljubuski.ba\/index.php\/2022\/06\/23\/osnivac-facebook-grupe-osamdesete-u-zagrebu-poginuo-u-prometnoj-nesreci-usmrtio-ga-pijani-vozac\/#breadcrumb"},"inLanguage":"hr","potentialAction":[{"@type":"ReadAction","target":["https:\/\/radioljubuski.ba\/index.php\/2022\/06\/23\/osnivac-facebook-grupe-osamdesete-u-zagrebu-poginuo-u-prometnoj-nesreci-usmrtio-ga-pijani-vozac\/"]}]},{"@type":"ImageObject","inLanguage":"hr","@id":"https:\/\/radioljubuski.ba\/index.php\/2022\/06\/23\/osnivac-facebook-grupe-osamdesete-u-zagrebu-poginuo-u-prometnoj-nesreci-usmrtio-ga-pijani-vozac\/#primaryimage","url":"https:\/\/radioljubuski.ba\/wp-content\/uploads\/2022\/06\/2-2022-06-23-09-16-18-coce.jpg","contentUrl":"https:\/\/radioljubuski.ba\/wp-content\/uploads\/2022\/06\/2-2022-06-23-09-16-18-coce.jpg","width":1000,"height":625},{"@type":"BreadcrumbList","@id":"https:\/\/radioljubuski.ba\/index.php\/2022\/06\/23\/osnivac-facebook-grupe-osamdesete-u-zagrebu-poginuo-u-prometnoj-nesreci-usmrtio-ga-pijani-vozac\/#breadcrumb","itemListElement":[{"@type":"ListItem","position":1,"name":"Po\u010detna stranica","item":"https:\/\/radioljubuski.ba\/"},{"@type":"ListItem","position":2,"name":"Osniva\u010d Facebook grupe \u2018Osamdesete u Zagrebu\u2018 poginuo u prometnoj nesre\u0107i, usmrtio ga pijani voza\u010d"}]},{"@type":"WebSite","@id":"https:\/\/radioljubuski.ba\/#website","url":"https:\/\/radioljubuski.ba\/","name":"Radio Ljubu\u0161ki","description":"Sun\u010dana frekvencija Hercegovine","publisher":{"@id":"https:\/\/radioljubuski.ba\/#organization"},"potentialAction":[{"@type":"SearchAction","target":{"@type":"EntryPoint","urlTemplate":"https:\/\/radioljubuski.ba\/?s={search_term_string}"},"query-input":{"@type":"PropertyValueSpecification","valueRequired":true,"valueName":"search_term_string"}}],"inLanguage":"hr"},{"@type":"Organization","@id":"https:\/\/radioljubuski.ba\/#organization","name":"Radio Ljubu\u0161ki","url":"https:\/\/radioljubuski.ba\/","logo":{"@type":"ImageObject","inLanguage":"hr","@id":"https:\/\/radioljubuski.ba\/#\/schema\/logo\/image\/","url":"https:\/\/radioljubuski.ba\/wp-content\/uploads\/2021\/02\/cropped-Radio_Ljubuski_logo1.jpg","contentUrl":"https:\/\/radioljubuski.ba\/wp-content\/uploads\/2021\/02\/cropped-Radio_Ljubuski_logo1.jpg","width":512,"height":512,"caption":"Radio Ljubu\u0161ki"},"image":{"@id":"https:\/\/radioljubuski.ba\/#\/schema\/logo\/image\/"},"sameAs":["https:\/\/www.facebook.com\/Radiio-Ljubuski-1490835324566332","https:\/\/x.com\/radioljubuski","https:\/\/hr.linkedin.com\/company\/radio-ljubuski","https:\/\/www.youtube.com\/channel\/UCHYaeO_n0Db3tjNGudGpXyw"]},{"@type":"Person","@id":"https:\/\/radioljubuski.ba\/#\/schema\/person\/19fc700381a780f69665d7956c469e3b","name":"Radio Ljubu\u0161ki"}]}},"_links":{"self":[{"href":"https:\/\/radioljubuski.ba\/index.php\/wp-json\/wp\/v2\/posts\/152415","targetHints":{"allow":["GET"]}}],"collection":[{"href":"https:\/\/radioljubuski.ba\/index.php\/wp-json\/wp\/v2\/posts"}],"about":[{"href":"https:\/\/radioljubuski.ba\/index.php\/wp-json\/wp\/v2\/types\/post"}],"author":[{"embeddable":true,"href":"https:\/\/radioljubuski.ba\/index.php\/wp-json\/wp\/v2\/users\/2"}],"replies":[{"embeddable":true,"href":"https:\/\/radioljubuski.ba\/index.php\/wp-json\/wp\/v2\/comments?post=152415"}],"version-history":[{"count":1,"href":"https:\/\/radioljubuski.ba\/index.php\/wp-json\/wp\/v2\/posts\/152415\/revisions"}],"predecessor-version":[{"id":152419,"href":"https:\/\/radioljubuski.ba\/index.php\/wp-json\/wp\/v2\/posts\/152415\/revisions\/152419"}],"wp:featuredmedia":[{"embeddable":true,"href":"https:\/\/radioljubuski.ba\/index.php\/wp-json\/wp\/v2\/media\/152418"}],"wp:attachment":[{"href":"https:\/\/radioljubuski.ba\/index.php\/wp-json\/wp\/v2\/media?parent=152415"}],"wp:term":[{"taxonomy":"category","embeddable":true,"href":"https:\/\/radioljubuski.ba\/index.php\/wp-json\/wp\/v2\/categories?post=152415"},{"taxonomy":"post_tag","embeddable":true,"href":"https:\/\/radioljubuski.ba\/index.php\/wp-json\/wp\/v2\/tags?post=152415"}],"curies":[{"name":"wp","href":"https:\/\/api.w.org\/{rel}","templated":true}]}}