{"id":152432,"date":"2022-06-23T08:50:13","date_gmt":"2022-06-23T07:50:13","guid":{"rendered":"https:\/\/radioljubuski.ba\/?p=152432"},"modified":"2022-06-23T08:50:14","modified_gmt":"2022-06-23T07:50:14","slug":"kordic-mostar-priprema-dokumentaciju-za-pocetak-izgradnje-bazena","status":"publish","type":"post","link":"https:\/\/radioljubuski.ba\/index.php\/2022\/06\/23\/kordic-mostar-priprema-dokumentaciju-za-pocetak-izgradnje-bazena\/","title":{"rendered":"Kordi\u0107: Mostar priprema dokumentaciju za po\u010detak izgradnje bazena"},"content":{"rendered":"\n<h5 class=\"wp-block-heading\">Gradona\u010delnik Mostara Mario Kordi\u0107 uputio je \u010destitku Lani Pudar koja je na Svjetskom prvenstvu u plivanju osvojila \u0161esto mjesto u jakoj konkurenciji.<\/h5>\n\n\n\n<p>Gradona\u010delnik Kordi\u0107 je na Facebooku kratko napisao da\u00a0Mostar priprema dokumentaciju\u00a0potrebnu za po\u010detak izgradnje bazena.<\/p>\n\n\n\n<p>Zbog nedostatka uvjeta\u00a0u svom rodnom Mostaru za treninge Lana je prinu\u0111ena ve\u0107inu svog vremena provoditi u Sarajevu gdje vje\u017eba na olimpijskom bazenu.<\/p>\n\n\n\n<p>Podsjetimo,\u00a0Lana Pudar\u00a0zauzela je fantasti\u010dno \u0161esto mjesto na svijetu u trci 200 metara delfin na Svjetskom prvenstvu u Budimpe\u0161ti, ali njen podvig jo\u0161 ve\u0107im \u010dini podatak da je mlada Mostarka bila\u00a0najbr\u017ea europska pliva\u010dica\u00a0u ovoj disciplini.<\/p>\n\n\n\n<p>Izvor:<a href=\"https:\/\/www.jabuka.tv\/kordic-mostar-priprema-dokumentaciju-za-pocetak-izgradnje-bazena\/\">Jabuka.tv<\/a><\/p>\n","protected":false},"excerpt":{"rendered":"<p>Gradona\u010delnik Mostara Mario Kordi\u0107 uputio je \u010destitku Lani Pudar koja je na Svjetskom prvenstvu u plivanju osvojila \u0161esto mjesto u jakoj konkurenciji. Gradona\u010delnik Kordi\u0107 je na Facebooku kratko napisao da\u00a0Mostar priprema dokumentaciju\u00a0potrebnu za po\u010detak izgradnje bazena. Zbog nedostatka uvjeta\u00a0u svom rodnom Mostaru za treninge Lana je prinu\u0111ena ve\u0107inu svog vremena provoditi u Sarajevu gdje vje\u017eba [&hellip;]<\/p>\n","protected":false},"author":2,"featured_media":152433,"comment_status":"closed","ping_status":"closed","sticky":false,"template":"","format":"standard","meta":{"h5ap_radio_sources":[],"footnotes":""},"categories":[1],"tags":[],"class_list":["post-152432","post","type-post","status-publish","format-standard","has-post-thumbnail","hentry","category-bihiregija"],"yoast_head":"<!-- This site is optimized with the Yoast SEO plugin v27.4 - https:\/\/yoast.com\/product\/yoast-seo-wordpress\/ -->\n<title>Kordi\u0107: Mostar priprema dokumentaciju za po\u010detak izgradnje bazena - RADIO LJUBU\u0160KI<\/title>\n<meta name=\"robots\" content=\"index, follow, max-snippet:-1, max-image-preview:large, max-video-preview:-1\" \/>\n<link rel=\"canonical\" href=\"https:\/\/radioljubuski.ba\/index.php\/2022\/06\/23\/kordic-mostar-priprema-dokumentaciju-za-pocetak-izgradnje-bazena\/\" \/>\n<meta property=\"og:locale\" content=\"hr_HR\" \/>\n<meta property=\"og:type\" content=\"article\" \/>\n<meta property=\"og:title\" content=\"Kordi\u0107: Mostar priprema dokumentaciju za po\u010detak izgradnje bazena - RADIO LJUBU\u0160KI\" \/>\n<meta property=\"og:description\" content=\"Gradona\u010delnik Mostara Mario Kordi\u0107 uputio je \u010destitku Lani Pudar koja je na Svjetskom prvenstvu u plivanju osvojila \u0161esto mjesto u jakoj konkurenciji. Gradona\u010delnik Kordi\u0107 je na Facebooku kratko napisao da\u00a0Mostar priprema dokumentaciju\u00a0potrebnu za po\u010detak izgradnje bazena. Zbog nedostatka uvjeta\u00a0u svom rodnom Mostaru za treninge Lana je prinu\u0111ena ve\u0107inu svog vremena provoditi u Sarajevu gdje vje\u017eba [&hellip;]\" \/>\n<meta property=\"og:url\" content=\"https:\/\/radioljubuski.ba\/index.php\/2022\/06\/23\/kordic-mostar-priprema-dokumentaciju-za-pocetak-izgradnje-bazena\/\" \/>\n<meta property=\"og:site_name\" content=\"RADIO LJUBU\u0160KI\" \/>\n<meta property=\"article:publisher\" content=\"https:\/\/www.facebook.com\/Radiio-Ljubuski-1490835324566332\" \/>\n<meta property=\"article:published_time\" content=\"2022-06-23T07:50:13+00:00\" \/>\n<meta property=\"article:modified_time\" content=\"2022-06-23T07:50:14+00:00\" \/>\n<meta property=\"og:image\" content=\"https:\/\/radioljubuski.ba\/wp-content\/uploads\/2022\/06\/mario-kordic-mostar-fena.jpg\" \/>\n\t<meta property=\"og:image:width\" content=\"810\" \/>\n\t<meta property=\"og:image:height\" content=\"493\" \/>\n\t<meta property=\"og:image:type\" content=\"image\/jpeg\" \/>\n<meta name=\"author\" content=\"Radio Ljubu\u0161ki\" \/>\n<meta name=\"twitter:card\" content=\"summary_large_image\" \/>\n<meta name=\"twitter:creator\" content=\"@radioljubuski\" \/>\n<meta name=\"twitter:site\" content=\"@radioljubuski\" \/>\n<meta name=\"twitter:label1\" content=\"Napisao\/la\" \/>\n\t<meta name=\"twitter:data1\" content=\"Radio Ljubu\u0161ki\" \/>\n\t<meta name=\"twitter:label2\" content=\"Procijenjeno vrijeme \u010ditanja\" \/>\n\t<meta name=\"twitter:data2\" content=\"1 minuta\" \/>\n<script type=\"application\/ld+json\" class=\"yoast-schema-graph\">{\"@context\":\"https:\\\/\\\/schema.org\",\"@graph\":[{\"@type\":\"Article\",\"@id\":\"https:\\\/\\\/radioljubuski.ba\\\/index.php\\\/2022\\\/06\\\/23\\\/kordic-mostar-priprema-dokumentaciju-za-pocetak-izgradnje-bazena\\\/#article\",\"isPartOf\":{\"@id\":\"https:\\\/\\\/radioljubuski.ba\\\/index.php\\\/2022\\\/06\\\/23\\\/kordic-mostar-priprema-dokumentaciju-za-pocetak-izgradnje-bazena\\\/\"},\"author\":{\"name\":\"Radio Ljubu\u0161ki\",\"@id\":\"https:\\\/\\\/radioljubuski.ba\\\/#\\\/schema\\\/person\\\/19fc700381a780f69665d7956c469e3b\"},\"headline\":\"Kordi\u0107: Mostar priprema dokumentaciju za po\u010detak izgradnje bazena\",\"datePublished\":\"2022-06-23T07:50:13+00:00\",\"dateModified\":\"2022-06-23T07:50:14+00:00\",\"mainEntityOfPage\":{\"@id\":\"https:\\\/\\\/radioljubuski.ba\\\/index.php\\\/2022\\\/06\\\/23\\\/kordic-mostar-priprema-dokumentaciju-za-pocetak-izgradnje-bazena\\\/\"},\"wordCount\":121,\"publisher\":{\"@id\":\"https:\\\/\\\/radioljubuski.ba\\\/#organization\"},\"image\":{\"@id\":\"https:\\\/\\\/radioljubuski.ba\\\/index.php\\\/2022\\\/06\\\/23\\\/kordic-mostar-priprema-dokumentaciju-za-pocetak-izgradnje-bazena\\\/#primaryimage\"},\"thumbnailUrl\":\"https:\\\/\\\/radioljubuski.ba\\\/wp-content\\\/uploads\\\/2022\\\/06\\\/mario-kordic-mostar-fena.jpg\",\"articleSection\":[\"BIH i regija\"],\"inLanguage\":\"hr\"},{\"@type\":\"WebPage\",\"@id\":\"https:\\\/\\\/radioljubuski.ba\\\/index.php\\\/2022\\\/06\\\/23\\\/kordic-mostar-priprema-dokumentaciju-za-pocetak-izgradnje-bazena\\\/\",\"url\":\"https:\\\/\\\/radioljubuski.ba\\\/index.php\\\/2022\\\/06\\\/23\\\/kordic-mostar-priprema-dokumentaciju-za-pocetak-izgradnje-bazena\\\/\",\"name\":\"Kordi\u0107: Mostar priprema dokumentaciju za po\u010detak izgradnje bazena - RADIO LJUBU\u0160KI\",\"isPartOf\":{\"@id\":\"https:\\\/\\\/radioljubuski.ba\\\/#website\"},\"primaryImageOfPage\":{\"@id\":\"https:\\\/\\\/radioljubuski.ba\\\/index.php\\\/2022\\\/06\\\/23\\\/kordic-mostar-priprema-dokumentaciju-za-pocetak-izgradnje-bazena\\\/#primaryimage\"},\"image\":{\"@id\":\"https:\\\/\\\/radioljubuski.ba\\\/index.php\\\/2022\\\/06\\\/23\\\/kordic-mostar-priprema-dokumentaciju-za-pocetak-izgradnje-bazena\\\/#primaryimage\"},\"thumbnailUrl\":\"https:\\\/\\\/radioljubuski.ba\\\/wp-content\\\/uploads\\\/2022\\\/06\\\/mario-kordic-mostar-fena.jpg\",\"datePublished\":\"2022-06-23T07:50:13+00:00\",\"dateModified\":\"2022-06-23T07:50:14+00:00\",\"breadcrumb\":{\"@id\":\"https:\\\/\\\/radioljubuski.ba\\\/index.php\\\/2022\\\/06\\\/23\\\/kordic-mostar-priprema-dokumentaciju-za-pocetak-izgradnje-bazena\\\/#breadcrumb\"},\"inLanguage\":\"hr\",\"potentialAction\":[{\"@type\":\"ReadAction\",\"target\":[\"https:\\\/\\\/radioljubuski.ba\\\/index.php\\\/2022\\\/06\\\/23\\\/kordic-mostar-priprema-dokumentaciju-za-pocetak-izgradnje-bazena\\\/\"]}]},{\"@type\":\"ImageObject\",\"inLanguage\":\"hr\",\"@id\":\"https:\\\/\\\/radioljubuski.ba\\\/index.php\\\/2022\\\/06\\\/23\\\/kordic-mostar-priprema-dokumentaciju-za-pocetak-izgradnje-bazena\\\/#primaryimage\",\"url\":\"https:\\\/\\\/radioljubuski.ba\\\/wp-content\\\/uploads\\\/2022\\\/06\\\/mario-kordic-mostar-fena.jpg\",\"contentUrl\":\"https:\\\/\\\/radioljubuski.ba\\\/wp-content\\\/uploads\\\/2022\\\/06\\\/mario-kordic-mostar-fena.jpg\",\"width\":810,\"height\":493},{\"@type\":\"BreadcrumbList\",\"@id\":\"https:\\\/\\\/radioljubuski.ba\\\/index.php\\\/2022\\\/06\\\/23\\\/kordic-mostar-priprema-dokumentaciju-za-pocetak-izgradnje-bazena\\\/#breadcrumb\",\"itemListElement\":[{\"@type\":\"ListItem\",\"position\":1,\"name\":\"Po\u010detna stranica\",\"item\":\"https:\\\/\\\/radioljubuski.ba\\\/\"},{\"@type\":\"ListItem\",\"position\":2,\"name\":\"Kordi\u0107: Mostar priprema dokumentaciju za po\u010detak izgradnje bazena\"}]},{\"@type\":\"WebSite\",\"@id\":\"https:\\\/\\\/radioljubuski.ba\\\/#website\",\"url\":\"https:\\\/\\\/radioljubuski.ba\\\/\",\"name\":\"Radio Ljubu\u0161ki\",\"description\":\"Sun\u010dana frekvencija Hercegovine\",\"publisher\":{\"@id\":\"https:\\\/\\\/radioljubuski.ba\\\/#organization\"},\"potentialAction\":[{\"@type\":\"SearchAction\",\"target\":{\"@type\":\"EntryPoint\",\"urlTemplate\":\"https:\\\/\\\/radioljubuski.ba\\\/?s={search_term_string}\"},\"query-input\":{\"@type\":\"PropertyValueSpecification\",\"valueRequired\":true,\"valueName\":\"search_term_string\"}}],\"inLanguage\":\"hr\"},{\"@type\":\"Organization\",\"@id\":\"https:\\\/\\\/radioljubuski.ba\\\/#organization\",\"name\":\"Radio Ljubu\u0161ki\",\"url\":\"https:\\\/\\\/radioljubuski.ba\\\/\",\"logo\":{\"@type\":\"ImageObject\",\"inLanguage\":\"hr\",\"@id\":\"https:\\\/\\\/radioljubuski.ba\\\/#\\\/schema\\\/logo\\\/image\\\/\",\"url\":\"https:\\\/\\\/radioljubuski.ba\\\/wp-content\\\/uploads\\\/2021\\\/02\\\/cropped-Radio_Ljubuski_logo1.jpg\",\"contentUrl\":\"https:\\\/\\\/radioljubuski.ba\\\/wp-content\\\/uploads\\\/2021\\\/02\\\/cropped-Radio_Ljubuski_logo1.jpg\",\"width\":512,\"height\":512,\"caption\":\"Radio Ljubu\u0161ki\"},\"image\":{\"@id\":\"https:\\\/\\\/radioljubuski.ba\\\/#\\\/schema\\\/logo\\\/image\\\/\"},\"sameAs\":[\"https:\\\/\\\/www.facebook.com\\\/Radiio-Ljubuski-1490835324566332\",\"https:\\\/\\\/x.com\\\/radioljubuski\",\"https:\\\/\\\/hr.linkedin.com\\\/company\\\/radio-ljubuski\",\"https:\\\/\\\/www.youtube.com\\\/channel\\\/UCHYaeO_n0Db3tjNGudGpXyw\"]},{\"@type\":\"Person\",\"@id\":\"https:\\\/\\\/radioljubuski.ba\\\/#\\\/schema\\\/person\\\/19fc700381a780f69665d7956c469e3b\",\"name\":\"Radio Ljubu\u0161ki\"}]}<\/script>\n<!-- \/ Yoast SEO plugin. -->","yoast_head_json":{"title":"Kordi\u0107: Mostar priprema dokumentaciju za po\u010detak izgradnje bazena - RADIO LJUBU\u0160KI","robots":{"index":"index","follow":"follow","max-snippet":"max-snippet:-1","max-image-preview":"max-image-preview:large","max-video-preview":"max-video-preview:-1"},"canonical":"https:\/\/radioljubuski.ba\/index.php\/2022\/06\/23\/kordic-mostar-priprema-dokumentaciju-za-pocetak-izgradnje-bazena\/","og_locale":"hr_HR","og_type":"article","og_title":"Kordi\u0107: Mostar priprema dokumentaciju za po\u010detak izgradnje bazena - RADIO LJUBU\u0160KI","og_description":"Gradona\u010delnik Mostara Mario Kordi\u0107 uputio je \u010destitku Lani Pudar koja je na Svjetskom prvenstvu u plivanju osvojila \u0161esto mjesto u jakoj konkurenciji. Gradona\u010delnik Kordi\u0107 je na Facebooku kratko napisao da\u00a0Mostar priprema dokumentaciju\u00a0potrebnu za po\u010detak izgradnje bazena. Zbog nedostatka uvjeta\u00a0u svom rodnom Mostaru za treninge Lana je prinu\u0111ena ve\u0107inu svog vremena provoditi u Sarajevu gdje vje\u017eba [&hellip;]","og_url":"https:\/\/radioljubuski.ba\/index.php\/2022\/06\/23\/kordic-mostar-priprema-dokumentaciju-za-pocetak-izgradnje-bazena\/","og_site_name":"RADIO LJUBU\u0160KI","article_publisher":"https:\/\/www.facebook.com\/Radiio-Ljubuski-1490835324566332","article_published_time":"2022-06-23T07:50:13+00:00","article_modified_time":"2022-06-23T07:50:14+00:00","og_image":[{"width":810,"height":493,"url":"https:\/\/radioljubuski.ba\/wp-content\/uploads\/2022\/06\/mario-kordic-mostar-fena.jpg","type":"image\/jpeg"}],"author":"Radio Ljubu\u0161ki","twitter_card":"summary_large_image","twitter_creator":"@radioljubuski","twitter_site":"@radioljubuski","twitter_misc":{"Napisao\/la":"Radio Ljubu\u0161ki","Procijenjeno vrijeme \u010ditanja":"1 minuta"},"schema":{"@context":"https:\/\/schema.org","@graph":[{"@type":"Article","@id":"https:\/\/radioljubuski.ba\/index.php\/2022\/06\/23\/kordic-mostar-priprema-dokumentaciju-za-pocetak-izgradnje-bazena\/#article","isPartOf":{"@id":"https:\/\/radioljubuski.ba\/index.php\/2022\/06\/23\/kordic-mostar-priprema-dokumentaciju-za-pocetak-izgradnje-bazena\/"},"author":{"name":"Radio Ljubu\u0161ki","@id":"https:\/\/radioljubuski.ba\/#\/schema\/person\/19fc700381a780f69665d7956c469e3b"},"headline":"Kordi\u0107: Mostar priprema dokumentaciju za po\u010detak izgradnje bazena","datePublished":"2022-06-23T07:50:13+00:00","dateModified":"2022-06-23T07:50:14+00:00","mainEntityOfPage":{"@id":"https:\/\/radioljubuski.ba\/index.php\/2022\/06\/23\/kordic-mostar-priprema-dokumentaciju-za-pocetak-izgradnje-bazena\/"},"wordCount":121,"publisher":{"@id":"https:\/\/radioljubuski.ba\/#organization"},"image":{"@id":"https:\/\/radioljubuski.ba\/index.php\/2022\/06\/23\/kordic-mostar-priprema-dokumentaciju-za-pocetak-izgradnje-bazena\/#primaryimage"},"thumbnailUrl":"https:\/\/radioljubuski.ba\/wp-content\/uploads\/2022\/06\/mario-kordic-mostar-fena.jpg","articleSection":["BIH i regija"],"inLanguage":"hr"},{"@type":"WebPage","@id":"https:\/\/radioljubuski.ba\/index.php\/2022\/06\/23\/kordic-mostar-priprema-dokumentaciju-za-pocetak-izgradnje-bazena\/","url":"https:\/\/radioljubuski.ba\/index.php\/2022\/06\/23\/kordic-mostar-priprema-dokumentaciju-za-pocetak-izgradnje-bazena\/","name":"Kordi\u0107: Mostar priprema dokumentaciju za po\u010detak izgradnje bazena - RADIO LJUBU\u0160KI","isPartOf":{"@id":"https:\/\/radioljubuski.ba\/#website"},"primaryImageOfPage":{"@id":"https:\/\/radioljubuski.ba\/index.php\/2022\/06\/23\/kordic-mostar-priprema-dokumentaciju-za-pocetak-izgradnje-bazena\/#primaryimage"},"image":{"@id":"https:\/\/radioljubuski.ba\/index.php\/2022\/06\/23\/kordic-mostar-priprema-dokumentaciju-za-pocetak-izgradnje-bazena\/#primaryimage"},"thumbnailUrl":"https:\/\/radioljubuski.ba\/wp-content\/uploads\/2022\/06\/mario-kordic-mostar-fena.jpg","datePublished":"2022-06-23T07:50:13+00:00","dateModified":"2022-06-23T07:50:14+00:00","breadcrumb":{"@id":"https:\/\/radioljubuski.ba\/index.php\/2022\/06\/23\/kordic-mostar-priprema-dokumentaciju-za-pocetak-izgradnje-bazena\/#breadcrumb"},"inLanguage":"hr","potentialAction":[{"@type":"ReadAction","target":["https:\/\/radioljubuski.ba\/index.php\/2022\/06\/23\/kordic-mostar-priprema-dokumentaciju-za-pocetak-izgradnje-bazena\/"]}]},{"@type":"ImageObject","inLanguage":"hr","@id":"https:\/\/radioljubuski.ba\/index.php\/2022\/06\/23\/kordic-mostar-priprema-dokumentaciju-za-pocetak-izgradnje-bazena\/#primaryimage","url":"https:\/\/radioljubuski.ba\/wp-content\/uploads\/2022\/06\/mario-kordic-mostar-fena.jpg","contentUrl":"https:\/\/radioljubuski.ba\/wp-content\/uploads\/2022\/06\/mario-kordic-mostar-fena.jpg","width":810,"height":493},{"@type":"BreadcrumbList","@id":"https:\/\/radioljubuski.ba\/index.php\/2022\/06\/23\/kordic-mostar-priprema-dokumentaciju-za-pocetak-izgradnje-bazena\/#breadcrumb","itemListElement":[{"@type":"ListItem","position":1,"name":"Po\u010detna stranica","item":"https:\/\/radioljubuski.ba\/"},{"@type":"ListItem","position":2,"name":"Kordi\u0107: Mostar priprema dokumentaciju za po\u010detak izgradnje bazena"}]},{"@type":"WebSite","@id":"https:\/\/radioljubuski.ba\/#website","url":"https:\/\/radioljubuski.ba\/","name":"Radio Ljubu\u0161ki","description":"Sun\u010dana frekvencija Hercegovine","publisher":{"@id":"https:\/\/radioljubuski.ba\/#organization"},"potentialAction":[{"@type":"SearchAction","target":{"@type":"EntryPoint","urlTemplate":"https:\/\/radioljubuski.ba\/?s={search_term_string}"},"query-input":{"@type":"PropertyValueSpecification","valueRequired":true,"valueName":"search_term_string"}}],"inLanguage":"hr"},{"@type":"Organization","@id":"https:\/\/radioljubuski.ba\/#organization","name":"Radio Ljubu\u0161ki","url":"https:\/\/radioljubuski.ba\/","logo":{"@type":"ImageObject","inLanguage":"hr","@id":"https:\/\/radioljubuski.ba\/#\/schema\/logo\/image\/","url":"https:\/\/radioljubuski.ba\/wp-content\/uploads\/2021\/02\/cropped-Radio_Ljubuski_logo1.jpg","contentUrl":"https:\/\/radioljubuski.ba\/wp-content\/uploads\/2021\/02\/cropped-Radio_Ljubuski_logo1.jpg","width":512,"height":512,"caption":"Radio Ljubu\u0161ki"},"image":{"@id":"https:\/\/radioljubuski.ba\/#\/schema\/logo\/image\/"},"sameAs":["https:\/\/www.facebook.com\/Radiio-Ljubuski-1490835324566332","https:\/\/x.com\/radioljubuski","https:\/\/hr.linkedin.com\/company\/radio-ljubuski","https:\/\/www.youtube.com\/channel\/UCHYaeO_n0Db3tjNGudGpXyw"]},{"@type":"Person","@id":"https:\/\/radioljubuski.ba\/#\/schema\/person\/19fc700381a780f69665d7956c469e3b","name":"Radio Ljubu\u0161ki"}]}},"_links":{"self":[{"href":"https:\/\/radioljubuski.ba\/index.php\/wp-json\/wp\/v2\/posts\/152432","targetHints":{"allow":["GET"]}}],"collection":[{"href":"https:\/\/radioljubuski.ba\/index.php\/wp-json\/wp\/v2\/posts"}],"about":[{"href":"https:\/\/radioljubuski.ba\/index.php\/wp-json\/wp\/v2\/types\/post"}],"author":[{"embeddable":true,"href":"https:\/\/radioljubuski.ba\/index.php\/wp-json\/wp\/v2\/users\/2"}],"replies":[{"embeddable":true,"href":"https:\/\/radioljubuski.ba\/index.php\/wp-json\/wp\/v2\/comments?post=152432"}],"version-history":[{"count":1,"href":"https:\/\/radioljubuski.ba\/index.php\/wp-json\/wp\/v2\/posts\/152432\/revisions"}],"predecessor-version":[{"id":152434,"href":"https:\/\/radioljubuski.ba\/index.php\/wp-json\/wp\/v2\/posts\/152432\/revisions\/152434"}],"wp:featuredmedia":[{"embeddable":true,"href":"https:\/\/radioljubuski.ba\/index.php\/wp-json\/wp\/v2\/media\/152433"}],"wp:attachment":[{"href":"https:\/\/radioljubuski.ba\/index.php\/wp-json\/wp\/v2\/media?parent=152432"}],"wp:term":[{"taxonomy":"category","embeddable":true,"href":"https:\/\/radioljubuski.ba\/index.php\/wp-json\/wp\/v2\/categories?post=152432"},{"taxonomy":"post_tag","embeddable":true,"href":"https:\/\/radioljubuski.ba\/index.php\/wp-json\/wp\/v2\/tags?post=152432"}],"curies":[{"name":"wp","href":"https:\/\/api.w.org\/{rel}","templated":true}]}}