{"id":15249,"date":"2021-04-22T08:02:30","date_gmt":"2021-04-22T07:02:30","guid":{"rendered":"https:\/\/radioljubuski.ba\/?p=15249"},"modified":"2021-04-22T08:02:31","modified_gmt":"2021-04-22T07:02:31","slug":"danas-oblacno-u-cijeloj-zemlji-temperature-do-19-stupnjeva-evo-kakvo-nas-vrijeme-ocekuje-za-vikend","status":"publish","type":"post","link":"https:\/\/radioljubuski.ba\/index.php\/2021\/04\/22\/danas-oblacno-u-cijeloj-zemlji-temperature-do-19-stupnjeva-evo-kakvo-nas-vrijeme-ocekuje-za-vikend\/","title":{"rendered":"Danas obla\u010dno u cijeloj zemlji, temperature do 19 stupnjeva: Evo kakvo nas vrijeme o\u010dekuje za vikend"},"content":{"rendered":"\n<p>U Bosni i Hercegovini jutros je prete\u017eno obla\u010dno vrijeme.<\/p>\n\n\n\n<p>Temperature zraka izmjerene u 08.00 sati: Bjela\u0161nica -5; Sokolac 0; Bugojno i Drvar 2; Ivan-sedlo, Jajce i Livno 4; Prijedor, Sanski Most, Sarajevo i Zenica 5; Grude, Srebrenica i Stolac 6; Mostar 7; Banja Luka, Doboj, Trebinje, Tuzla i Zvornik 8; Bijeljina 10; Grada\u010dac i Neum 11; Biha\u0107 12 stupnjeva.<\/p>\n\n\n\n<p>Atmosferski pritisak u Sarajevu iznosi 946Pa, za 7hPa je ve\u0107i od normalnog i ne mijenja se.<\/p>\n\n\n\n<p>Danas \u0107e u Bosni i Hercegovini biti prete\u017eno obla\u010dno vrijeme. U drugoj polovici dana ki\u0161a sa juga \u0107e se postepeno pro\u0161iriti na ve\u0107i dio zemlje. Padaline su ve\u0107inom slabe. Vjetar slab do umjerene ja\u010dine ju\u017enog i jugozapadnog smjera. Najvi\u0161a dnevna temperatura zraka uglavnom izme\u0111u 12 i 19 stupnjeva.<\/p>\n\n\n\n<p>U Sarajevu \u0107e biti prete\u017eno obla\u010dno. Slaba ki\u0161a se o\u010dekuje u poslijepodnevnim i ve\u010dernjim satima. Najvi\u0161a dnevna temperatura zraka oko 15 stupnjeva, priop\u0107eno je iz Federalnog hidrometeorolo\u0161kog zavoda BiH.<\/p>\n\n\n\n<p>Petak: Umjereno do prete\u017eno obla\u010dno vrijeme. Prije podne lokalno mo\u017ee pasti malo ki\u0161e. Vjetar slab do umjerene ja\u010dine sjevernog i sjeveroisto\u010dnog smjera. Najni\u017ea jutarnja temperatura zraka ve\u0107inom izme\u0111u 3 i 8\u00b0C, na jugu zemlje do 10\u00b0C. Najvi\u0161a dnevna temperatura zraka uglavnom izme\u0111u 12 i 18\u00b0C, na jugu zemlje do 20\u00b0C.<\/p>\n\n\n\n<p>Subota: Sun\u010dano uz malu do umjerenu obla\u010dnost. Vjetar slab do umjerene ja\u010dine isto\u010dnog i sjeveroisto\u010dnog smjera. Najni\u017ea jutarnja temperatura zraka ve\u0107inom izme\u0111u 0 i 4\u00b0C, na jugu zemlje do 8\u00b0C. Najvi\u0161a dnevna temperatura zraka uglavnom izme\u0111u 14 i 18\u00b0C, na jugu zemlje do 22\u00b0C.<\/p>\n\n\n\n<p>Nedjelja: Sun\u010dano uz malu do umjerenu obla\u010dnost. Vjetar slab do umjerene ja\u010dine sjevernog i sjeveroisto\u010dnog smjera. Najni\u017ea jutarnja temperatura zraka ve\u0107inom izme\u0111u 0 i 4\u00b0C, na jugu zemlje do 8\u00b0C. Najvi\u0161a dnevna temperatura zraka uglavnom izme\u0111u 15 i 21\u00b0C, na jugu zemlje do 24\u00b0C, javlja Federalni hidrometeorolo\u0161ki zavod.<\/p>\n\n\n\n<p>Izvor: <a href=\"https:\/\/pogled.ba\/novosti\/danas-oblacno-u-cijeloj-zemlji-temperature-do-19-stupnjeva\/215045\">Pogled.ba<\/a><\/p>\n","protected":false},"excerpt":{"rendered":"<p>U Bosni i Hercegovini jutros je prete\u017eno obla\u010dno vrijeme. Temperature zraka izmjerene u 08.00 sati: Bjela\u0161nica -5; Sokolac 0; Bugojno i Drvar 2; Ivan-sedlo, Jajce i Livno 4; Prijedor, Sanski Most, Sarajevo i Zenica 5; Grude, Srebrenica i Stolac 6; Mostar 7; Banja Luka, Doboj, Trebinje, Tuzla i Zvornik 8; Bijeljina 10; Grada\u010dac i Neum [&hellip;]<\/p>\n","protected":false},"author":2,"featured_media":15250,"comment_status":"closed","ping_status":"closed","sticky":false,"template":"","format":"standard","meta":{"h5ap_radio_sources":[],"footnotes":""},"categories":[1],"tags":[],"class_list":["post-15249","post","type-post","status-publish","format-standard","has-post-thumbnail","hentry","category-bihiregija"],"yoast_head":"<!-- This site is optimized with the Yoast SEO plugin v27.5 - https:\/\/yoast.com\/product\/yoast-seo-wordpress\/ -->\n<title>Danas obla\u010dno u cijeloj zemlji, temperature do 19 stupnjeva: Evo kakvo nas vrijeme o\u010dekuje za vikend - RADIO LJUBU\u0160KI<\/title>\n<meta name=\"robots\" content=\"index, follow, max-snippet:-1, max-image-preview:large, max-video-preview:-1\" \/>\n<link rel=\"canonical\" href=\"https:\/\/radioljubuski.ba\/index.php\/2021\/04\/22\/danas-oblacno-u-cijeloj-zemlji-temperature-do-19-stupnjeva-evo-kakvo-nas-vrijeme-ocekuje-za-vikend\/\" \/>\n<meta property=\"og:locale\" content=\"hr_HR\" \/>\n<meta property=\"og:type\" content=\"article\" \/>\n<meta property=\"og:title\" content=\"Danas obla\u010dno u cijeloj zemlji, temperature do 19 stupnjeva: Evo kakvo nas vrijeme o\u010dekuje za vikend - RADIO LJUBU\u0160KI\" \/>\n<meta property=\"og:description\" content=\"U Bosni i Hercegovini jutros je prete\u017eno obla\u010dno vrijeme. Temperature zraka izmjerene u 08.00 sati: Bjela\u0161nica -5; Sokolac 0; Bugojno i Drvar 2; Ivan-sedlo, Jajce i Livno 4; Prijedor, Sanski Most, Sarajevo i Zenica 5; Grude, Srebrenica i Stolac 6; Mostar 7; Banja Luka, Doboj, Trebinje, Tuzla i Zvornik 8; Bijeljina 10; Grada\u010dac i Neum [&hellip;]\" \/>\n<meta property=\"og:url\" content=\"https:\/\/radioljubuski.ba\/index.php\/2021\/04\/22\/danas-oblacno-u-cijeloj-zemlji-temperature-do-19-stupnjeva-evo-kakvo-nas-vrijeme-ocekuje-za-vikend\/\" \/>\n<meta property=\"og:site_name\" content=\"RADIO LJUBU\u0160KI\" \/>\n<meta property=\"article:publisher\" content=\"https:\/\/www.facebook.com\/Radiio-Ljubuski-1490835324566332\" \/>\n<meta property=\"article:published_time\" content=\"2021-04-22T07:02:30+00:00\" \/>\n<meta property=\"article:modified_time\" content=\"2021-04-22T07:02:31+00:00\" \/>\n<meta property=\"og:image\" content=\"https:\/\/radioljubuski.ba\/wp-content\/uploads\/2021\/04\/2-2021-04-22-08-31-22-posusje.jpg\" \/>\n\t<meta property=\"og:image:width\" content=\"1000\" \/>\n\t<meta property=\"og:image:height\" content=\"625\" \/>\n\t<meta property=\"og:image:type\" content=\"image\/jpeg\" \/>\n<meta name=\"author\" content=\"Radio Ljubu\u0161ki\" \/>\n<meta name=\"twitter:card\" content=\"summary_large_image\" \/>\n<meta name=\"twitter:creator\" content=\"@radioljubuski\" \/>\n<meta name=\"twitter:site\" content=\"@radioljubuski\" \/>\n<meta name=\"twitter:label1\" content=\"Napisao\/la\" \/>\n\t<meta name=\"twitter:data1\" content=\"Radio Ljubu\u0161ki\" \/>\n\t<meta name=\"twitter:label2\" content=\"Procijenjeno vrijeme \u010ditanja\" \/>\n\t<meta name=\"twitter:data2\" content=\"2 minute\" \/>\n<script type=\"application\/ld+json\" class=\"yoast-schema-graph\">{\"@context\":\"https:\\\/\\\/schema.org\",\"@graph\":[{\"@type\":\"Article\",\"@id\":\"https:\\\/\\\/radioljubuski.ba\\\/index.php\\\/2021\\\/04\\\/22\\\/danas-oblacno-u-cijeloj-zemlji-temperature-do-19-stupnjeva-evo-kakvo-nas-vrijeme-ocekuje-za-vikend\\\/#article\",\"isPartOf\":{\"@id\":\"https:\\\/\\\/radioljubuski.ba\\\/index.php\\\/2021\\\/04\\\/22\\\/danas-oblacno-u-cijeloj-zemlji-temperature-do-19-stupnjeva-evo-kakvo-nas-vrijeme-ocekuje-za-vikend\\\/\"},\"author\":{\"name\":\"Radio Ljubu\u0161ki\",\"@id\":\"https:\\\/\\\/radioljubuski.ba\\\/#\\\/schema\\\/person\\\/19fc700381a780f69665d7956c469e3b\"},\"headline\":\"Danas obla\u010dno u cijeloj zemlji, temperature do 19 stupnjeva: Evo kakvo nas vrijeme o\u010dekuje za vikend\",\"datePublished\":\"2021-04-22T07:02:30+00:00\",\"dateModified\":\"2021-04-22T07:02:31+00:00\",\"mainEntityOfPage\":{\"@id\":\"https:\\\/\\\/radioljubuski.ba\\\/index.php\\\/2021\\\/04\\\/22\\\/danas-oblacno-u-cijeloj-zemlji-temperature-do-19-stupnjeva-evo-kakvo-nas-vrijeme-ocekuje-za-vikend\\\/\"},\"wordCount\":348,\"publisher\":{\"@id\":\"https:\\\/\\\/radioljubuski.ba\\\/#organization\"},\"image\":{\"@id\":\"https:\\\/\\\/radioljubuski.ba\\\/index.php\\\/2021\\\/04\\\/22\\\/danas-oblacno-u-cijeloj-zemlji-temperature-do-19-stupnjeva-evo-kakvo-nas-vrijeme-ocekuje-za-vikend\\\/#primaryimage\"},\"thumbnailUrl\":\"https:\\\/\\\/radioljubuski.ba\\\/wp-content\\\/uploads\\\/2021\\\/04\\\/2-2021-04-22-08-31-22-posusje.jpg\",\"articleSection\":[\"BIH i regija\"],\"inLanguage\":\"hr\"},{\"@type\":\"WebPage\",\"@id\":\"https:\\\/\\\/radioljubuski.ba\\\/index.php\\\/2021\\\/04\\\/22\\\/danas-oblacno-u-cijeloj-zemlji-temperature-do-19-stupnjeva-evo-kakvo-nas-vrijeme-ocekuje-za-vikend\\\/\",\"url\":\"https:\\\/\\\/radioljubuski.ba\\\/index.php\\\/2021\\\/04\\\/22\\\/danas-oblacno-u-cijeloj-zemlji-temperature-do-19-stupnjeva-evo-kakvo-nas-vrijeme-ocekuje-za-vikend\\\/\",\"name\":\"Danas obla\u010dno u cijeloj zemlji, temperature do 19 stupnjeva: Evo kakvo nas vrijeme o\u010dekuje za vikend - RADIO LJUBU\u0160KI\",\"isPartOf\":{\"@id\":\"https:\\\/\\\/radioljubuski.ba\\\/#website\"},\"primaryImageOfPage\":{\"@id\":\"https:\\\/\\\/radioljubuski.ba\\\/index.php\\\/2021\\\/04\\\/22\\\/danas-oblacno-u-cijeloj-zemlji-temperature-do-19-stupnjeva-evo-kakvo-nas-vrijeme-ocekuje-za-vikend\\\/#primaryimage\"},\"image\":{\"@id\":\"https:\\\/\\\/radioljubuski.ba\\\/index.php\\\/2021\\\/04\\\/22\\\/danas-oblacno-u-cijeloj-zemlji-temperature-do-19-stupnjeva-evo-kakvo-nas-vrijeme-ocekuje-za-vikend\\\/#primaryimage\"},\"thumbnailUrl\":\"https:\\\/\\\/radioljubuski.ba\\\/wp-content\\\/uploads\\\/2021\\\/04\\\/2-2021-04-22-08-31-22-posusje.jpg\",\"datePublished\":\"2021-04-22T07:02:30+00:00\",\"dateModified\":\"2021-04-22T07:02:31+00:00\",\"breadcrumb\":{\"@id\":\"https:\\\/\\\/radioljubuski.ba\\\/index.php\\\/2021\\\/04\\\/22\\\/danas-oblacno-u-cijeloj-zemlji-temperature-do-19-stupnjeva-evo-kakvo-nas-vrijeme-ocekuje-za-vikend\\\/#breadcrumb\"},\"inLanguage\":\"hr\",\"potentialAction\":[{\"@type\":\"ReadAction\",\"target\":[\"https:\\\/\\\/radioljubuski.ba\\\/index.php\\\/2021\\\/04\\\/22\\\/danas-oblacno-u-cijeloj-zemlji-temperature-do-19-stupnjeva-evo-kakvo-nas-vrijeme-ocekuje-za-vikend\\\/\"]}]},{\"@type\":\"ImageObject\",\"inLanguage\":\"hr\",\"@id\":\"https:\\\/\\\/radioljubuski.ba\\\/index.php\\\/2021\\\/04\\\/22\\\/danas-oblacno-u-cijeloj-zemlji-temperature-do-19-stupnjeva-evo-kakvo-nas-vrijeme-ocekuje-za-vikend\\\/#primaryimage\",\"url\":\"https:\\\/\\\/radioljubuski.ba\\\/wp-content\\\/uploads\\\/2021\\\/04\\\/2-2021-04-22-08-31-22-posusje.jpg\",\"contentUrl\":\"https:\\\/\\\/radioljubuski.ba\\\/wp-content\\\/uploads\\\/2021\\\/04\\\/2-2021-04-22-08-31-22-posusje.jpg\",\"width\":1000,\"height\":625},{\"@type\":\"BreadcrumbList\",\"@id\":\"https:\\\/\\\/radioljubuski.ba\\\/index.php\\\/2021\\\/04\\\/22\\\/danas-oblacno-u-cijeloj-zemlji-temperature-do-19-stupnjeva-evo-kakvo-nas-vrijeme-ocekuje-za-vikend\\\/#breadcrumb\",\"itemListElement\":[{\"@type\":\"ListItem\",\"position\":1,\"name\":\"Po\u010detna stranica\",\"item\":\"https:\\\/\\\/radioljubuski.ba\\\/\"},{\"@type\":\"ListItem\",\"position\":2,\"name\":\"Danas obla\u010dno u cijeloj zemlji, temperature do 19 stupnjeva: Evo kakvo nas vrijeme o\u010dekuje za vikend\"}]},{\"@type\":\"WebSite\",\"@id\":\"https:\\\/\\\/radioljubuski.ba\\\/#website\",\"url\":\"https:\\\/\\\/radioljubuski.ba\\\/\",\"name\":\"Radio Ljubu\u0161ki\",\"description\":\"Sun\u010dana frekvencija Hercegovine\",\"publisher\":{\"@id\":\"https:\\\/\\\/radioljubuski.ba\\\/#organization\"},\"potentialAction\":[{\"@type\":\"SearchAction\",\"target\":{\"@type\":\"EntryPoint\",\"urlTemplate\":\"https:\\\/\\\/radioljubuski.ba\\\/?s={search_term_string}\"},\"query-input\":{\"@type\":\"PropertyValueSpecification\",\"valueRequired\":true,\"valueName\":\"search_term_string\"}}],\"inLanguage\":\"hr\"},{\"@type\":\"Organization\",\"@id\":\"https:\\\/\\\/radioljubuski.ba\\\/#organization\",\"name\":\"Radio Ljubu\u0161ki\",\"url\":\"https:\\\/\\\/radioljubuski.ba\\\/\",\"logo\":{\"@type\":\"ImageObject\",\"inLanguage\":\"hr\",\"@id\":\"https:\\\/\\\/radioljubuski.ba\\\/#\\\/schema\\\/logo\\\/image\\\/\",\"url\":\"https:\\\/\\\/radioljubuski.ba\\\/wp-content\\\/uploads\\\/2021\\\/02\\\/cropped-Radio_Ljubuski_logo1.jpg\",\"contentUrl\":\"https:\\\/\\\/radioljubuski.ba\\\/wp-content\\\/uploads\\\/2021\\\/02\\\/cropped-Radio_Ljubuski_logo1.jpg\",\"width\":512,\"height\":512,\"caption\":\"Radio Ljubu\u0161ki\"},\"image\":{\"@id\":\"https:\\\/\\\/radioljubuski.ba\\\/#\\\/schema\\\/logo\\\/image\\\/\"},\"sameAs\":[\"https:\\\/\\\/www.facebook.com\\\/Radiio-Ljubuski-1490835324566332\",\"https:\\\/\\\/x.com\\\/radioljubuski\",\"https:\\\/\\\/hr.linkedin.com\\\/company\\\/radio-ljubuski\",\"https:\\\/\\\/www.youtube.com\\\/channel\\\/UCHYaeO_n0Db3tjNGudGpXyw\"]},{\"@type\":\"Person\",\"@id\":\"https:\\\/\\\/radioljubuski.ba\\\/#\\\/schema\\\/person\\\/19fc700381a780f69665d7956c469e3b\",\"name\":\"Radio Ljubu\u0161ki\"}]}<\/script>\n<!-- \/ Yoast SEO plugin. -->","yoast_head_json":{"title":"Danas obla\u010dno u cijeloj zemlji, temperature do 19 stupnjeva: Evo kakvo nas vrijeme o\u010dekuje za vikend - RADIO LJUBU\u0160KI","robots":{"index":"index","follow":"follow","max-snippet":"max-snippet:-1","max-image-preview":"max-image-preview:large","max-video-preview":"max-video-preview:-1"},"canonical":"https:\/\/radioljubuski.ba\/index.php\/2021\/04\/22\/danas-oblacno-u-cijeloj-zemlji-temperature-do-19-stupnjeva-evo-kakvo-nas-vrijeme-ocekuje-za-vikend\/","og_locale":"hr_HR","og_type":"article","og_title":"Danas obla\u010dno u cijeloj zemlji, temperature do 19 stupnjeva: Evo kakvo nas vrijeme o\u010dekuje za vikend - RADIO LJUBU\u0160KI","og_description":"U Bosni i Hercegovini jutros je prete\u017eno obla\u010dno vrijeme. Temperature zraka izmjerene u 08.00 sati: Bjela\u0161nica -5; Sokolac 0; Bugojno i Drvar 2; Ivan-sedlo, Jajce i Livno 4; Prijedor, Sanski Most, Sarajevo i Zenica 5; Grude, Srebrenica i Stolac 6; Mostar 7; Banja Luka, Doboj, Trebinje, Tuzla i Zvornik 8; Bijeljina 10; Grada\u010dac i Neum [&hellip;]","og_url":"https:\/\/radioljubuski.ba\/index.php\/2021\/04\/22\/danas-oblacno-u-cijeloj-zemlji-temperature-do-19-stupnjeva-evo-kakvo-nas-vrijeme-ocekuje-za-vikend\/","og_site_name":"RADIO LJUBU\u0160KI","article_publisher":"https:\/\/www.facebook.com\/Radiio-Ljubuski-1490835324566332","article_published_time":"2021-04-22T07:02:30+00:00","article_modified_time":"2021-04-22T07:02:31+00:00","og_image":[{"width":1000,"height":625,"url":"https:\/\/radioljubuski.ba\/wp-content\/uploads\/2021\/04\/2-2021-04-22-08-31-22-posusje.jpg","type":"image\/jpeg"}],"author":"Radio Ljubu\u0161ki","twitter_card":"summary_large_image","twitter_creator":"@radioljubuski","twitter_site":"@radioljubuski","twitter_misc":{"Napisao\/la":"Radio Ljubu\u0161ki","Procijenjeno vrijeme \u010ditanja":"2 minute"},"schema":{"@context":"https:\/\/schema.org","@graph":[{"@type":"Article","@id":"https:\/\/radioljubuski.ba\/index.php\/2021\/04\/22\/danas-oblacno-u-cijeloj-zemlji-temperature-do-19-stupnjeva-evo-kakvo-nas-vrijeme-ocekuje-za-vikend\/#article","isPartOf":{"@id":"https:\/\/radioljubuski.ba\/index.php\/2021\/04\/22\/danas-oblacno-u-cijeloj-zemlji-temperature-do-19-stupnjeva-evo-kakvo-nas-vrijeme-ocekuje-za-vikend\/"},"author":{"name":"Radio Ljubu\u0161ki","@id":"https:\/\/radioljubuski.ba\/#\/schema\/person\/19fc700381a780f69665d7956c469e3b"},"headline":"Danas obla\u010dno u cijeloj zemlji, temperature do 19 stupnjeva: Evo kakvo nas vrijeme o\u010dekuje za vikend","datePublished":"2021-04-22T07:02:30+00:00","dateModified":"2021-04-22T07:02:31+00:00","mainEntityOfPage":{"@id":"https:\/\/radioljubuski.ba\/index.php\/2021\/04\/22\/danas-oblacno-u-cijeloj-zemlji-temperature-do-19-stupnjeva-evo-kakvo-nas-vrijeme-ocekuje-za-vikend\/"},"wordCount":348,"publisher":{"@id":"https:\/\/radioljubuski.ba\/#organization"},"image":{"@id":"https:\/\/radioljubuski.ba\/index.php\/2021\/04\/22\/danas-oblacno-u-cijeloj-zemlji-temperature-do-19-stupnjeva-evo-kakvo-nas-vrijeme-ocekuje-za-vikend\/#primaryimage"},"thumbnailUrl":"https:\/\/radioljubuski.ba\/wp-content\/uploads\/2021\/04\/2-2021-04-22-08-31-22-posusje.jpg","articleSection":["BIH i regija"],"inLanguage":"hr"},{"@type":"WebPage","@id":"https:\/\/radioljubuski.ba\/index.php\/2021\/04\/22\/danas-oblacno-u-cijeloj-zemlji-temperature-do-19-stupnjeva-evo-kakvo-nas-vrijeme-ocekuje-za-vikend\/","url":"https:\/\/radioljubuski.ba\/index.php\/2021\/04\/22\/danas-oblacno-u-cijeloj-zemlji-temperature-do-19-stupnjeva-evo-kakvo-nas-vrijeme-ocekuje-za-vikend\/","name":"Danas obla\u010dno u cijeloj zemlji, temperature do 19 stupnjeva: Evo kakvo nas vrijeme o\u010dekuje za vikend - RADIO LJUBU\u0160KI","isPartOf":{"@id":"https:\/\/radioljubuski.ba\/#website"},"primaryImageOfPage":{"@id":"https:\/\/radioljubuski.ba\/index.php\/2021\/04\/22\/danas-oblacno-u-cijeloj-zemlji-temperature-do-19-stupnjeva-evo-kakvo-nas-vrijeme-ocekuje-za-vikend\/#primaryimage"},"image":{"@id":"https:\/\/radioljubuski.ba\/index.php\/2021\/04\/22\/danas-oblacno-u-cijeloj-zemlji-temperature-do-19-stupnjeva-evo-kakvo-nas-vrijeme-ocekuje-za-vikend\/#primaryimage"},"thumbnailUrl":"https:\/\/radioljubuski.ba\/wp-content\/uploads\/2021\/04\/2-2021-04-22-08-31-22-posusje.jpg","datePublished":"2021-04-22T07:02:30+00:00","dateModified":"2021-04-22T07:02:31+00:00","breadcrumb":{"@id":"https:\/\/radioljubuski.ba\/index.php\/2021\/04\/22\/danas-oblacno-u-cijeloj-zemlji-temperature-do-19-stupnjeva-evo-kakvo-nas-vrijeme-ocekuje-za-vikend\/#breadcrumb"},"inLanguage":"hr","potentialAction":[{"@type":"ReadAction","target":["https:\/\/radioljubuski.ba\/index.php\/2021\/04\/22\/danas-oblacno-u-cijeloj-zemlji-temperature-do-19-stupnjeva-evo-kakvo-nas-vrijeme-ocekuje-za-vikend\/"]}]},{"@type":"ImageObject","inLanguage":"hr","@id":"https:\/\/radioljubuski.ba\/index.php\/2021\/04\/22\/danas-oblacno-u-cijeloj-zemlji-temperature-do-19-stupnjeva-evo-kakvo-nas-vrijeme-ocekuje-za-vikend\/#primaryimage","url":"https:\/\/radioljubuski.ba\/wp-content\/uploads\/2021\/04\/2-2021-04-22-08-31-22-posusje.jpg","contentUrl":"https:\/\/radioljubuski.ba\/wp-content\/uploads\/2021\/04\/2-2021-04-22-08-31-22-posusje.jpg","width":1000,"height":625},{"@type":"BreadcrumbList","@id":"https:\/\/radioljubuski.ba\/index.php\/2021\/04\/22\/danas-oblacno-u-cijeloj-zemlji-temperature-do-19-stupnjeva-evo-kakvo-nas-vrijeme-ocekuje-za-vikend\/#breadcrumb","itemListElement":[{"@type":"ListItem","position":1,"name":"Po\u010detna stranica","item":"https:\/\/radioljubuski.ba\/"},{"@type":"ListItem","position":2,"name":"Danas obla\u010dno u cijeloj zemlji, temperature do 19 stupnjeva: Evo kakvo nas vrijeme o\u010dekuje za vikend"}]},{"@type":"WebSite","@id":"https:\/\/radioljubuski.ba\/#website","url":"https:\/\/radioljubuski.ba\/","name":"Radio Ljubu\u0161ki","description":"Sun\u010dana frekvencija Hercegovine","publisher":{"@id":"https:\/\/radioljubuski.ba\/#organization"},"potentialAction":[{"@type":"SearchAction","target":{"@type":"EntryPoint","urlTemplate":"https:\/\/radioljubuski.ba\/?s={search_term_string}"},"query-input":{"@type":"PropertyValueSpecification","valueRequired":true,"valueName":"search_term_string"}}],"inLanguage":"hr"},{"@type":"Organization","@id":"https:\/\/radioljubuski.ba\/#organization","name":"Radio Ljubu\u0161ki","url":"https:\/\/radioljubuski.ba\/","logo":{"@type":"ImageObject","inLanguage":"hr","@id":"https:\/\/radioljubuski.ba\/#\/schema\/logo\/image\/","url":"https:\/\/radioljubuski.ba\/wp-content\/uploads\/2021\/02\/cropped-Radio_Ljubuski_logo1.jpg","contentUrl":"https:\/\/radioljubuski.ba\/wp-content\/uploads\/2021\/02\/cropped-Radio_Ljubuski_logo1.jpg","width":512,"height":512,"caption":"Radio Ljubu\u0161ki"},"image":{"@id":"https:\/\/radioljubuski.ba\/#\/schema\/logo\/image\/"},"sameAs":["https:\/\/www.facebook.com\/Radiio-Ljubuski-1490835324566332","https:\/\/x.com\/radioljubuski","https:\/\/hr.linkedin.com\/company\/radio-ljubuski","https:\/\/www.youtube.com\/channel\/UCHYaeO_n0Db3tjNGudGpXyw"]},{"@type":"Person","@id":"https:\/\/radioljubuski.ba\/#\/schema\/person\/19fc700381a780f69665d7956c469e3b","name":"Radio Ljubu\u0161ki"}]}},"_links":{"self":[{"href":"https:\/\/radioljubuski.ba\/index.php\/wp-json\/wp\/v2\/posts\/15249","targetHints":{"allow":["GET"]}}],"collection":[{"href":"https:\/\/radioljubuski.ba\/index.php\/wp-json\/wp\/v2\/posts"}],"about":[{"href":"https:\/\/radioljubuski.ba\/index.php\/wp-json\/wp\/v2\/types\/post"}],"author":[{"embeddable":true,"href":"https:\/\/radioljubuski.ba\/index.php\/wp-json\/wp\/v2\/users\/2"}],"replies":[{"embeddable":true,"href":"https:\/\/radioljubuski.ba\/index.php\/wp-json\/wp\/v2\/comments?post=15249"}],"version-history":[{"count":1,"href":"https:\/\/radioljubuski.ba\/index.php\/wp-json\/wp\/v2\/posts\/15249\/revisions"}],"predecessor-version":[{"id":15251,"href":"https:\/\/radioljubuski.ba\/index.php\/wp-json\/wp\/v2\/posts\/15249\/revisions\/15251"}],"wp:featuredmedia":[{"embeddable":true,"href":"https:\/\/radioljubuski.ba\/index.php\/wp-json\/wp\/v2\/media\/15250"}],"wp:attachment":[{"href":"https:\/\/radioljubuski.ba\/index.php\/wp-json\/wp\/v2\/media?parent=15249"}],"wp:term":[{"taxonomy":"category","embeddable":true,"href":"https:\/\/radioljubuski.ba\/index.php\/wp-json\/wp\/v2\/categories?post=15249"},{"taxonomy":"post_tag","embeddable":true,"href":"https:\/\/radioljubuski.ba\/index.php\/wp-json\/wp\/v2\/tags?post=15249"}],"curies":[{"name":"wp","href":"https:\/\/api.w.org\/{rel}","templated":true}]}}