{"id":152493,"date":"2022-06-23T09:48:22","date_gmt":"2022-06-23T08:48:22","guid":{"rendered":"https:\/\/radioljubuski.ba\/?p=152493"},"modified":"2022-06-23T09:48:23","modified_gmt":"2022-06-23T08:48:23","slug":"zovko-hrvati-povezuju-bih-s-europom","status":"publish","type":"post","link":"https:\/\/radioljubuski.ba\/index.php\/2022\/06\/23\/zovko-hrvati-povezuju-bih-s-europom\/","title":{"rendered":"Zovko: Hrvati povezuju BiH s Europom!"},"content":{"rendered":"\n<p><strong>\u201cPotpora pro\u0161irenju Europske unije bitno se promijenila nakon po\u010detka rata u Ukrajini, potvrdila je u Dnevniku HTV-a zastupnica u Europskom parlamentu \u017deljana Zovko.<\/strong><\/p>\n\n\n\n<p>\u201cVlada velika solidarnost i potpora kandidaturi Ukrajine budu\u0107i da ona prolazi svoje najte\u017ee razdoblje. S takvim je ratom bila suo\u010dena i Hrvatska, kad joj je negirano postojanje\u201d, pojasnila je.<\/p>\n\n\n\n<p>Odgovaraju\u0107i na pitanje o zemljama koje su ve\u0107 dugo u tzv. \u2018europskoj \u010dekaonici\u2019 i bi li Bosna i Hercegovina mogla dobiti ubrzan piristup Uniji kazala je kako je hrvatski premijer jasno rekao da Hrvatska bila i ostala sna\u017eno uz BiH, ali uz jednakopravnost sva tri konstitutivna naroda.<\/p>\n\n\n\n<p>\u201cHrvatski narod je najmanji narod i bez obzira na njegovu veli\u010dinu ne mo\u017ee se dovesti u poziciju da su njegova prava ukinuta. Tako je premijer jo\u0161 jednom sna\u017eno podcrtao kako u BiH treba do\u0107i do promjene Izbornog zakona koji je nepravedan prema hrvatskome narodu u BiH i da Hrvatska s delegacijom HDZ-a stoji iza kandidature BiH u Uniji. Europski put je jedini put, a Hrvati povezuju BiH s Europom\u201d, kazala je Zovko.<\/p>\n\n\n\n<p>Dodala je kako su europski zastupnici upoznati sa sigurnosnim pitanjima vezano za BiH koja je u Bruxellesu do\u0161la na temu vezano za mogu\u0107e prelijevanje sukoba i \u0161tetnog utjecaja na BiH.<\/p>\n\n\n\n<p>\u2013 Zastupnici pu\u010dana su od po\u010detka podr\u017eavali BiH na temelju Daytonsko-pari\u0161kog sporazuma. Podr\u017eali su i izglasali put BiH, a to je put federalizma i jednakopravnosti. U zadnjih nekoliko godina imamo novih pojava. Zastupnici lijevog spektra vi\u0161e su zainteresirani za \u2018gradnju drugih dru\u0161tava na zapadnom Balkanu\u2019, ali nisu dovoljno upoznati sa situacijom. Poku\u0161avaju nametnuti situacije biv\u0161eg \u2018jugoslavenskog modela\u2019. Takve situacije su nerealne i ne idu konstruktivnom rje\u0161enju, dodala je Zovko prozvav\u0161i pritom Socijaliste i Zelene.<\/p>\n\n\n\n<p>Naglasila je kako se pu\u010dani bore za srednji put BiH \u2013 europsko rje\u0161enje koje \u0107e stabilizirati zapadni Balkan.<\/p>\n\n\n\n<p>\/HMS\/<\/p>\n","protected":false},"excerpt":{"rendered":"<p>\u201cPotpora pro\u0161irenju Europske unije bitno se promijenila nakon po\u010detka rata u Ukrajini, potvrdila je u Dnevniku HTV-a zastupnica u Europskom parlamentu \u017deljana Zovko. \u201cVlada velika solidarnost i potpora kandidaturi Ukrajine budu\u0107i da ona prolazi svoje najte\u017ee razdoblje. S takvim je ratom bila suo\u010dena i Hrvatska, kad joj je negirano postojanje\u201d, pojasnila je. Odgovaraju\u0107i na pitanje [&hellip;]<\/p>\n","protected":false},"author":2,"featured_media":144045,"comment_status":"closed","ping_status":"closed","sticky":false,"template":"","format":"standard","meta":{"h5ap_radio_sources":[],"footnotes":""},"categories":[1],"tags":[],"class_list":["post-152493","post","type-post","status-publish","format-standard","has-post-thumbnail","hentry","category-bihiregija"],"yoast_head":"<!-- This site is optimized with the Yoast SEO plugin v27.4 - https:\/\/yoast.com\/product\/yoast-seo-wordpress\/ -->\n<title>Zovko: Hrvati povezuju BiH s Europom! - RADIO LJUBU\u0160KI<\/title>\n<meta name=\"robots\" content=\"index, follow, max-snippet:-1, max-image-preview:large, max-video-preview:-1\" \/>\n<link rel=\"canonical\" href=\"https:\/\/radioljubuski.ba\/index.php\/2022\/06\/23\/zovko-hrvati-povezuju-bih-s-europom\/\" \/>\n<meta property=\"og:locale\" content=\"hr_HR\" \/>\n<meta property=\"og:type\" content=\"article\" \/>\n<meta property=\"og:title\" content=\"Zovko: Hrvati povezuju BiH s Europom! - RADIO LJUBU\u0160KI\" \/>\n<meta property=\"og:description\" content=\"\u201cPotpora pro\u0161irenju Europske unije bitno se promijenila nakon po\u010detka rata u Ukrajini, potvrdila je u Dnevniku HTV-a zastupnica u Europskom parlamentu \u017deljana Zovko. \u201cVlada velika solidarnost i potpora kandidaturi Ukrajine budu\u0107i da ona prolazi svoje najte\u017ee razdoblje. S takvim je ratom bila suo\u010dena i Hrvatska, kad joj je negirano postojanje\u201d, pojasnila je. Odgovaraju\u0107i na pitanje [&hellip;]\" \/>\n<meta property=\"og:url\" content=\"https:\/\/radioljubuski.ba\/index.php\/2022\/06\/23\/zovko-hrvati-povezuju-bih-s-europom\/\" \/>\n<meta property=\"og:site_name\" content=\"RADIO LJUBU\u0160KI\" \/>\n<meta property=\"article:publisher\" content=\"https:\/\/www.facebook.com\/Radiio-Ljubuski-1490835324566332\" \/>\n<meta property=\"article:published_time\" content=\"2022-06-23T08:48:22+00:00\" \/>\n<meta property=\"article:modified_time\" content=\"2022-06-23T08:48:23+00:00\" \/>\n<meta property=\"og:image\" content=\"https:\/\/radioljubuski.ba\/wp-content\/uploads\/2022\/05\/2-2022-05-26-07-48-28-zovko.jpg\" \/>\n\t<meta property=\"og:image:width\" content=\"1000\" \/>\n\t<meta property=\"og:image:height\" content=\"625\" \/>\n\t<meta property=\"og:image:type\" content=\"image\/jpeg\" \/>\n<meta name=\"author\" content=\"Radio Ljubu\u0161ki\" \/>\n<meta name=\"twitter:card\" content=\"summary_large_image\" \/>\n<meta name=\"twitter:creator\" content=\"@radioljubuski\" \/>\n<meta name=\"twitter:site\" content=\"@radioljubuski\" \/>\n<meta name=\"twitter:label1\" content=\"Napisao\/la\" \/>\n\t<meta name=\"twitter:data1\" content=\"Radio Ljubu\u0161ki\" \/>\n\t<meta name=\"twitter:label2\" content=\"Procijenjeno vrijeme \u010ditanja\" \/>\n\t<meta name=\"twitter:data2\" content=\"2 minute\" \/>\n<script type=\"application\/ld+json\" class=\"yoast-schema-graph\">{\"@context\":\"https:\\\/\\\/schema.org\",\"@graph\":[{\"@type\":\"Article\",\"@id\":\"https:\\\/\\\/radioljubuski.ba\\\/index.php\\\/2022\\\/06\\\/23\\\/zovko-hrvati-povezuju-bih-s-europom\\\/#article\",\"isPartOf\":{\"@id\":\"https:\\\/\\\/radioljubuski.ba\\\/index.php\\\/2022\\\/06\\\/23\\\/zovko-hrvati-povezuju-bih-s-europom\\\/\"},\"author\":{\"name\":\"Radio Ljubu\u0161ki\",\"@id\":\"https:\\\/\\\/radioljubuski.ba\\\/#\\\/schema\\\/person\\\/19fc700381a780f69665d7956c469e3b\"},\"headline\":\"Zovko: Hrvati povezuju BiH s Europom!\",\"datePublished\":\"2022-06-23T08:48:22+00:00\",\"dateModified\":\"2022-06-23T08:48:23+00:00\",\"mainEntityOfPage\":{\"@id\":\"https:\\\/\\\/radioljubuski.ba\\\/index.php\\\/2022\\\/06\\\/23\\\/zovko-hrvati-povezuju-bih-s-europom\\\/\"},\"wordCount\":324,\"publisher\":{\"@id\":\"https:\\\/\\\/radioljubuski.ba\\\/#organization\"},\"image\":{\"@id\":\"https:\\\/\\\/radioljubuski.ba\\\/index.php\\\/2022\\\/06\\\/23\\\/zovko-hrvati-povezuju-bih-s-europom\\\/#primaryimage\"},\"thumbnailUrl\":\"https:\\\/\\\/radioljubuski.ba\\\/wp-content\\\/uploads\\\/2022\\\/05\\\/2-2022-05-26-07-48-28-zovko.jpg\",\"articleSection\":[\"BIH i regija\"],\"inLanguage\":\"hr\"},{\"@type\":\"WebPage\",\"@id\":\"https:\\\/\\\/radioljubuski.ba\\\/index.php\\\/2022\\\/06\\\/23\\\/zovko-hrvati-povezuju-bih-s-europom\\\/\",\"url\":\"https:\\\/\\\/radioljubuski.ba\\\/index.php\\\/2022\\\/06\\\/23\\\/zovko-hrvati-povezuju-bih-s-europom\\\/\",\"name\":\"Zovko: Hrvati povezuju BiH s Europom! - RADIO LJUBU\u0160KI\",\"isPartOf\":{\"@id\":\"https:\\\/\\\/radioljubuski.ba\\\/#website\"},\"primaryImageOfPage\":{\"@id\":\"https:\\\/\\\/radioljubuski.ba\\\/index.php\\\/2022\\\/06\\\/23\\\/zovko-hrvati-povezuju-bih-s-europom\\\/#primaryimage\"},\"image\":{\"@id\":\"https:\\\/\\\/radioljubuski.ba\\\/index.php\\\/2022\\\/06\\\/23\\\/zovko-hrvati-povezuju-bih-s-europom\\\/#primaryimage\"},\"thumbnailUrl\":\"https:\\\/\\\/radioljubuski.ba\\\/wp-content\\\/uploads\\\/2022\\\/05\\\/2-2022-05-26-07-48-28-zovko.jpg\",\"datePublished\":\"2022-06-23T08:48:22+00:00\",\"dateModified\":\"2022-06-23T08:48:23+00:00\",\"breadcrumb\":{\"@id\":\"https:\\\/\\\/radioljubuski.ba\\\/index.php\\\/2022\\\/06\\\/23\\\/zovko-hrvati-povezuju-bih-s-europom\\\/#breadcrumb\"},\"inLanguage\":\"hr\",\"potentialAction\":[{\"@type\":\"ReadAction\",\"target\":[\"https:\\\/\\\/radioljubuski.ba\\\/index.php\\\/2022\\\/06\\\/23\\\/zovko-hrvati-povezuju-bih-s-europom\\\/\"]}]},{\"@type\":\"ImageObject\",\"inLanguage\":\"hr\",\"@id\":\"https:\\\/\\\/radioljubuski.ba\\\/index.php\\\/2022\\\/06\\\/23\\\/zovko-hrvati-povezuju-bih-s-europom\\\/#primaryimage\",\"url\":\"https:\\\/\\\/radioljubuski.ba\\\/wp-content\\\/uploads\\\/2022\\\/05\\\/2-2022-05-26-07-48-28-zovko.jpg\",\"contentUrl\":\"https:\\\/\\\/radioljubuski.ba\\\/wp-content\\\/uploads\\\/2022\\\/05\\\/2-2022-05-26-07-48-28-zovko.jpg\",\"width\":1000,\"height\":625},{\"@type\":\"BreadcrumbList\",\"@id\":\"https:\\\/\\\/radioljubuski.ba\\\/index.php\\\/2022\\\/06\\\/23\\\/zovko-hrvati-povezuju-bih-s-europom\\\/#breadcrumb\",\"itemListElement\":[{\"@type\":\"ListItem\",\"position\":1,\"name\":\"Po\u010detna stranica\",\"item\":\"https:\\\/\\\/radioljubuski.ba\\\/\"},{\"@type\":\"ListItem\",\"position\":2,\"name\":\"Zovko: Hrvati povezuju BiH s Europom!\"}]},{\"@type\":\"WebSite\",\"@id\":\"https:\\\/\\\/radioljubuski.ba\\\/#website\",\"url\":\"https:\\\/\\\/radioljubuski.ba\\\/\",\"name\":\"Radio Ljubu\u0161ki\",\"description\":\"Sun\u010dana frekvencija Hercegovine\",\"publisher\":{\"@id\":\"https:\\\/\\\/radioljubuski.ba\\\/#organization\"},\"potentialAction\":[{\"@type\":\"SearchAction\",\"target\":{\"@type\":\"EntryPoint\",\"urlTemplate\":\"https:\\\/\\\/radioljubuski.ba\\\/?s={search_term_string}\"},\"query-input\":{\"@type\":\"PropertyValueSpecification\",\"valueRequired\":true,\"valueName\":\"search_term_string\"}}],\"inLanguage\":\"hr\"},{\"@type\":\"Organization\",\"@id\":\"https:\\\/\\\/radioljubuski.ba\\\/#organization\",\"name\":\"Radio Ljubu\u0161ki\",\"url\":\"https:\\\/\\\/radioljubuski.ba\\\/\",\"logo\":{\"@type\":\"ImageObject\",\"inLanguage\":\"hr\",\"@id\":\"https:\\\/\\\/radioljubuski.ba\\\/#\\\/schema\\\/logo\\\/image\\\/\",\"url\":\"https:\\\/\\\/radioljubuski.ba\\\/wp-content\\\/uploads\\\/2021\\\/02\\\/cropped-Radio_Ljubuski_logo1.jpg\",\"contentUrl\":\"https:\\\/\\\/radioljubuski.ba\\\/wp-content\\\/uploads\\\/2021\\\/02\\\/cropped-Radio_Ljubuski_logo1.jpg\",\"width\":512,\"height\":512,\"caption\":\"Radio Ljubu\u0161ki\"},\"image\":{\"@id\":\"https:\\\/\\\/radioljubuski.ba\\\/#\\\/schema\\\/logo\\\/image\\\/\"},\"sameAs\":[\"https:\\\/\\\/www.facebook.com\\\/Radiio-Ljubuski-1490835324566332\",\"https:\\\/\\\/x.com\\\/radioljubuski\",\"https:\\\/\\\/hr.linkedin.com\\\/company\\\/radio-ljubuski\",\"https:\\\/\\\/www.youtube.com\\\/channel\\\/UCHYaeO_n0Db3tjNGudGpXyw\"]},{\"@type\":\"Person\",\"@id\":\"https:\\\/\\\/radioljubuski.ba\\\/#\\\/schema\\\/person\\\/19fc700381a780f69665d7956c469e3b\",\"name\":\"Radio Ljubu\u0161ki\"}]}<\/script>\n<!-- \/ Yoast SEO plugin. -->","yoast_head_json":{"title":"Zovko: Hrvati povezuju BiH s Europom! - RADIO LJUBU\u0160KI","robots":{"index":"index","follow":"follow","max-snippet":"max-snippet:-1","max-image-preview":"max-image-preview:large","max-video-preview":"max-video-preview:-1"},"canonical":"https:\/\/radioljubuski.ba\/index.php\/2022\/06\/23\/zovko-hrvati-povezuju-bih-s-europom\/","og_locale":"hr_HR","og_type":"article","og_title":"Zovko: Hrvati povezuju BiH s Europom! - RADIO LJUBU\u0160KI","og_description":"\u201cPotpora pro\u0161irenju Europske unije bitno se promijenila nakon po\u010detka rata u Ukrajini, potvrdila je u Dnevniku HTV-a zastupnica u Europskom parlamentu \u017deljana Zovko. \u201cVlada velika solidarnost i potpora kandidaturi Ukrajine budu\u0107i da ona prolazi svoje najte\u017ee razdoblje. S takvim je ratom bila suo\u010dena i Hrvatska, kad joj je negirano postojanje\u201d, pojasnila je. Odgovaraju\u0107i na pitanje [&hellip;]","og_url":"https:\/\/radioljubuski.ba\/index.php\/2022\/06\/23\/zovko-hrvati-povezuju-bih-s-europom\/","og_site_name":"RADIO LJUBU\u0160KI","article_publisher":"https:\/\/www.facebook.com\/Radiio-Ljubuski-1490835324566332","article_published_time":"2022-06-23T08:48:22+00:00","article_modified_time":"2022-06-23T08:48:23+00:00","og_image":[{"width":1000,"height":625,"url":"https:\/\/radioljubuski.ba\/wp-content\/uploads\/2022\/05\/2-2022-05-26-07-48-28-zovko.jpg","type":"image\/jpeg"}],"author":"Radio Ljubu\u0161ki","twitter_card":"summary_large_image","twitter_creator":"@radioljubuski","twitter_site":"@radioljubuski","twitter_misc":{"Napisao\/la":"Radio Ljubu\u0161ki","Procijenjeno vrijeme \u010ditanja":"2 minute"},"schema":{"@context":"https:\/\/schema.org","@graph":[{"@type":"Article","@id":"https:\/\/radioljubuski.ba\/index.php\/2022\/06\/23\/zovko-hrvati-povezuju-bih-s-europom\/#article","isPartOf":{"@id":"https:\/\/radioljubuski.ba\/index.php\/2022\/06\/23\/zovko-hrvati-povezuju-bih-s-europom\/"},"author":{"name":"Radio Ljubu\u0161ki","@id":"https:\/\/radioljubuski.ba\/#\/schema\/person\/19fc700381a780f69665d7956c469e3b"},"headline":"Zovko: Hrvati povezuju BiH s Europom!","datePublished":"2022-06-23T08:48:22+00:00","dateModified":"2022-06-23T08:48:23+00:00","mainEntityOfPage":{"@id":"https:\/\/radioljubuski.ba\/index.php\/2022\/06\/23\/zovko-hrvati-povezuju-bih-s-europom\/"},"wordCount":324,"publisher":{"@id":"https:\/\/radioljubuski.ba\/#organization"},"image":{"@id":"https:\/\/radioljubuski.ba\/index.php\/2022\/06\/23\/zovko-hrvati-povezuju-bih-s-europom\/#primaryimage"},"thumbnailUrl":"https:\/\/radioljubuski.ba\/wp-content\/uploads\/2022\/05\/2-2022-05-26-07-48-28-zovko.jpg","articleSection":["BIH i regija"],"inLanguage":"hr"},{"@type":"WebPage","@id":"https:\/\/radioljubuski.ba\/index.php\/2022\/06\/23\/zovko-hrvati-povezuju-bih-s-europom\/","url":"https:\/\/radioljubuski.ba\/index.php\/2022\/06\/23\/zovko-hrvati-povezuju-bih-s-europom\/","name":"Zovko: Hrvati povezuju BiH s Europom! - RADIO LJUBU\u0160KI","isPartOf":{"@id":"https:\/\/radioljubuski.ba\/#website"},"primaryImageOfPage":{"@id":"https:\/\/radioljubuski.ba\/index.php\/2022\/06\/23\/zovko-hrvati-povezuju-bih-s-europom\/#primaryimage"},"image":{"@id":"https:\/\/radioljubuski.ba\/index.php\/2022\/06\/23\/zovko-hrvati-povezuju-bih-s-europom\/#primaryimage"},"thumbnailUrl":"https:\/\/radioljubuski.ba\/wp-content\/uploads\/2022\/05\/2-2022-05-26-07-48-28-zovko.jpg","datePublished":"2022-06-23T08:48:22+00:00","dateModified":"2022-06-23T08:48:23+00:00","breadcrumb":{"@id":"https:\/\/radioljubuski.ba\/index.php\/2022\/06\/23\/zovko-hrvati-povezuju-bih-s-europom\/#breadcrumb"},"inLanguage":"hr","potentialAction":[{"@type":"ReadAction","target":["https:\/\/radioljubuski.ba\/index.php\/2022\/06\/23\/zovko-hrvati-povezuju-bih-s-europom\/"]}]},{"@type":"ImageObject","inLanguage":"hr","@id":"https:\/\/radioljubuski.ba\/index.php\/2022\/06\/23\/zovko-hrvati-povezuju-bih-s-europom\/#primaryimage","url":"https:\/\/radioljubuski.ba\/wp-content\/uploads\/2022\/05\/2-2022-05-26-07-48-28-zovko.jpg","contentUrl":"https:\/\/radioljubuski.ba\/wp-content\/uploads\/2022\/05\/2-2022-05-26-07-48-28-zovko.jpg","width":1000,"height":625},{"@type":"BreadcrumbList","@id":"https:\/\/radioljubuski.ba\/index.php\/2022\/06\/23\/zovko-hrvati-povezuju-bih-s-europom\/#breadcrumb","itemListElement":[{"@type":"ListItem","position":1,"name":"Po\u010detna stranica","item":"https:\/\/radioljubuski.ba\/"},{"@type":"ListItem","position":2,"name":"Zovko: Hrvati povezuju BiH s Europom!"}]},{"@type":"WebSite","@id":"https:\/\/radioljubuski.ba\/#website","url":"https:\/\/radioljubuski.ba\/","name":"Radio Ljubu\u0161ki","description":"Sun\u010dana frekvencija Hercegovine","publisher":{"@id":"https:\/\/radioljubuski.ba\/#organization"},"potentialAction":[{"@type":"SearchAction","target":{"@type":"EntryPoint","urlTemplate":"https:\/\/radioljubuski.ba\/?s={search_term_string}"},"query-input":{"@type":"PropertyValueSpecification","valueRequired":true,"valueName":"search_term_string"}}],"inLanguage":"hr"},{"@type":"Organization","@id":"https:\/\/radioljubuski.ba\/#organization","name":"Radio Ljubu\u0161ki","url":"https:\/\/radioljubuski.ba\/","logo":{"@type":"ImageObject","inLanguage":"hr","@id":"https:\/\/radioljubuski.ba\/#\/schema\/logo\/image\/","url":"https:\/\/radioljubuski.ba\/wp-content\/uploads\/2021\/02\/cropped-Radio_Ljubuski_logo1.jpg","contentUrl":"https:\/\/radioljubuski.ba\/wp-content\/uploads\/2021\/02\/cropped-Radio_Ljubuski_logo1.jpg","width":512,"height":512,"caption":"Radio Ljubu\u0161ki"},"image":{"@id":"https:\/\/radioljubuski.ba\/#\/schema\/logo\/image\/"},"sameAs":["https:\/\/www.facebook.com\/Radiio-Ljubuski-1490835324566332","https:\/\/x.com\/radioljubuski","https:\/\/hr.linkedin.com\/company\/radio-ljubuski","https:\/\/www.youtube.com\/channel\/UCHYaeO_n0Db3tjNGudGpXyw"]},{"@type":"Person","@id":"https:\/\/radioljubuski.ba\/#\/schema\/person\/19fc700381a780f69665d7956c469e3b","name":"Radio Ljubu\u0161ki"}]}},"_links":{"self":[{"href":"https:\/\/radioljubuski.ba\/index.php\/wp-json\/wp\/v2\/posts\/152493","targetHints":{"allow":["GET"]}}],"collection":[{"href":"https:\/\/radioljubuski.ba\/index.php\/wp-json\/wp\/v2\/posts"}],"about":[{"href":"https:\/\/radioljubuski.ba\/index.php\/wp-json\/wp\/v2\/types\/post"}],"author":[{"embeddable":true,"href":"https:\/\/radioljubuski.ba\/index.php\/wp-json\/wp\/v2\/users\/2"}],"replies":[{"embeddable":true,"href":"https:\/\/radioljubuski.ba\/index.php\/wp-json\/wp\/v2\/comments?post=152493"}],"version-history":[{"count":1,"href":"https:\/\/radioljubuski.ba\/index.php\/wp-json\/wp\/v2\/posts\/152493\/revisions"}],"predecessor-version":[{"id":152494,"href":"https:\/\/radioljubuski.ba\/index.php\/wp-json\/wp\/v2\/posts\/152493\/revisions\/152494"}],"wp:featuredmedia":[{"embeddable":true,"href":"https:\/\/radioljubuski.ba\/index.php\/wp-json\/wp\/v2\/media\/144045"}],"wp:attachment":[{"href":"https:\/\/radioljubuski.ba\/index.php\/wp-json\/wp\/v2\/media?parent=152493"}],"wp:term":[{"taxonomy":"category","embeddable":true,"href":"https:\/\/radioljubuski.ba\/index.php\/wp-json\/wp\/v2\/categories?post=152493"},{"taxonomy":"post_tag","embeddable":true,"href":"https:\/\/radioljubuski.ba\/index.php\/wp-json\/wp\/v2\/tags?post=152493"}],"curies":[{"name":"wp","href":"https:\/\/api.w.org\/{rel}","templated":true}]}}