{"id":152495,"date":"2022-06-23T09:52:18","date_gmt":"2022-06-23T08:52:18","guid":{"rendered":"https:\/\/radioljubuski.ba\/?p=152495"},"modified":"2022-06-23T09:52:19","modified_gmt":"2022-06-23T08:52:19","slug":"kocerin-slavi-stoljece-i-pol-zupe-i-petrovdan","status":"publish","type":"post","link":"https:\/\/radioljubuski.ba\/index.php\/2022\/06\/23\/kocerin-slavi-stoljece-i-pol-zupe-i-petrovdan\/","title":{"rendered":"Ko\u010derin slavi stolje\u0107e i pol \u017eupe i Petrovdan"},"content":{"rendered":"\n<p>Program \u0107e po\u010dinjati krunicom i mogu\u0107no\u0161\u0107u za ispovijed u 17:30 sati, te Svetom misom u 18 sati. <\/p>\n\n\n\n<p>U Ko\u010derinu se sve\u010dano slave apostolski prvaci sv. Petar i Pavao. Vjernici \u0107e se za taj blagdan pripremati Trodnevnicom koja po\u010dinje u nedjelju 26. lipnja.<\/p>\n\n\n\n<p> Program \u0107e po\u010dinjati krunicom i mogu\u0107no\u0161\u0107u za ispovijed u 17:30 sati, te Svetom misom u 18 sati. Prvu ve\u010der misno slavlje predvodi fra Miro \u0160ego, biv\u0161i ko\u010derinski \u017eupnik, \u017eupnik u \u010citluku i vikar Provincije.<\/p>\n\n\n\n<figure class=\"wp-block-image size-large\"><img loading=\"lazy\" decoding=\"async\" width=\"800\" height=\"550\" src=\"https:\/\/radioljubuski.ba\/wp-content\/uploads\/2022\/06\/kocerin2.jpg\" alt=\"\" class=\"wp-image-152498\" srcset=\"https:\/\/radioljubuski.ba\/wp-content\/uploads\/2022\/06\/kocerin2.jpg 800w, https:\/\/radioljubuski.ba\/wp-content\/uploads\/2022\/06\/kocerin2-300x206.jpg 300w, https:\/\/radioljubuski.ba\/wp-content\/uploads\/2022\/06\/kocerin2-768x528.jpg 768w, https:\/\/radioljubuski.ba\/wp-content\/uploads\/2022\/06\/kocerin2-18x12.jpg 18w\" sizes=\"auto, (max-width: 800px) 100vw, 800px\" \/><\/figure>\n\n\n\n<p>Drugu ve\u010der (ponedjeljak) misu predvodi fra Ivan Landeka, biv\u0161i ko\u010derinski \u017eupnik i \u017eupni vikar u Posu\u0161ju. <\/p>\n\n\n\n<p>Misu Uo\u010dnicu u utorak 28. Lipnja, kad je i blagoslov djece, misno slavlje U 18.30 predvodi zadarski nadbiskup i predsjednik Hrvatske biskupske konferencije mons. dr. \u017delimir Pulji\u0107. <\/p>\n\n\n\n<figure class=\"wp-block-image size-large\"><img loading=\"lazy\" decoding=\"async\" width=\"800\" height=\"550\" src=\"https:\/\/radioljubuski.ba\/wp-content\/uploads\/2022\/06\/kocerin1.jpg\" alt=\"\" class=\"wp-image-152499\" srcset=\"https:\/\/radioljubuski.ba\/wp-content\/uploads\/2022\/06\/kocerin1.jpg 800w, https:\/\/radioljubuski.ba\/wp-content\/uploads\/2022\/06\/kocerin1-300x206.jpg 300w, https:\/\/radioljubuski.ba\/wp-content\/uploads\/2022\/06\/kocerin1-768x528.jpg 768w, https:\/\/radioljubuski.ba\/wp-content\/uploads\/2022\/06\/kocerin1-18x12.jpg 18w\" sizes=\"auto, (max-width: 800px) 100vw, 800px\" \/><\/figure>\n\n\n\n<p>Na Uo\u010dnicu \u0107e biti sve\u010danost proslave 150 godina postojanja \u017eupe Ko\u010derin. Nakon misnoga slavlja ispred crkve \u0107e biti pu\u010dko veselje uz okrijepu i glazbeni program.<\/p>\n\n\n\n<p>Te ve\u010deri \u0107e biti dostupna tek na\u010dinjena velebna monografija &#8221;Stolje\u0107e i pol \u017eupe Ko\u010derin&#8221; \u010diji je autor dr. fra Robert Joli\u0107, a urednik dr. fra Mario Knezovi\u0107. Na blagdan svetih Petra i Pavla, u srijedu 29. lipnja, misna slavlja u 8 i 11 sati predvodi fra Ivan Boras, biv\u0161i ko\u010derinski \u017eupnik i \u017eupni vikar u Veljacima. <\/p>\n\n\n\n<p>Izvor: <a href=\"https:\/\/bljesak.info\/kultura\/vjera\/kocerin-slavi-stoljece-i-pol-zupe-i-petrovdan\/386417\">Bljesak.info<\/a><\/p>\n","protected":false},"excerpt":{"rendered":"<p>Program \u0107e po\u010dinjati krunicom i mogu\u0107no\u0161\u0107u za ispovijed u 17:30 sati, te Svetom misom u 18 sati. U Ko\u010derinu se sve\u010dano slave apostolski prvaci sv. Petar i Pavao. Vjernici \u0107e se za taj blagdan pripremati Trodnevnicom koja po\u010dinje u nedjelju 26. lipnja. Program \u0107e po\u010dinjati krunicom i mogu\u0107no\u0161\u0107u za ispovijed u 17:30 sati, te Svetom [&hellip;]<\/p>\n","protected":false},"author":2,"featured_media":152501,"comment_status":"closed","ping_status":"closed","sticky":false,"template":"","format":"standard","meta":{"h5ap_radio_sources":[],"footnotes":""},"categories":[1],"tags":[],"class_list":["post-152495","post","type-post","status-publish","format-standard","has-post-thumbnail","hentry","category-bihiregija"],"yoast_head":"<!-- This site is optimized with the Yoast SEO plugin v27.4 - https:\/\/yoast.com\/product\/yoast-seo-wordpress\/ -->\n<title>Ko\u010derin slavi stolje\u0107e i pol \u017eupe i Petrovdan - RADIO LJUBU\u0160KI<\/title>\n<meta name=\"robots\" content=\"index, follow, max-snippet:-1, max-image-preview:large, max-video-preview:-1\" \/>\n<link rel=\"canonical\" href=\"https:\/\/radioljubuski.ba\/index.php\/2022\/06\/23\/kocerin-slavi-stoljece-i-pol-zupe-i-petrovdan\/\" \/>\n<meta property=\"og:locale\" content=\"hr_HR\" \/>\n<meta property=\"og:type\" content=\"article\" \/>\n<meta property=\"og:title\" content=\"Ko\u010derin slavi stolje\u0107e i pol \u017eupe i Petrovdan - RADIO LJUBU\u0160KI\" \/>\n<meta property=\"og:description\" content=\"Program \u0107e po\u010dinjati krunicom i mogu\u0107no\u0161\u0107u za ispovijed u 17:30 sati, te Svetom misom u 18 sati. U Ko\u010derinu se sve\u010dano slave apostolski prvaci sv. Petar i Pavao. Vjernici \u0107e se za taj blagdan pripremati Trodnevnicom koja po\u010dinje u nedjelju 26. lipnja. Program \u0107e po\u010dinjati krunicom i mogu\u0107no\u0161\u0107u za ispovijed u 17:30 sati, te Svetom [&hellip;]\" \/>\n<meta property=\"og:url\" content=\"https:\/\/radioljubuski.ba\/index.php\/2022\/06\/23\/kocerin-slavi-stoljece-i-pol-zupe-i-petrovdan\/\" \/>\n<meta property=\"og:site_name\" content=\"RADIO LJUBU\u0160KI\" \/>\n<meta property=\"article:publisher\" content=\"https:\/\/www.facebook.com\/Radiio-Ljubuski-1490835324566332\" \/>\n<meta property=\"article:published_time\" content=\"2022-06-23T08:52:18+00:00\" \/>\n<meta property=\"article:modified_time\" content=\"2022-06-23T08:52:19+00:00\" \/>\n<meta property=\"og:image\" content=\"https:\/\/radioljubuski.ba\/wp-content\/uploads\/2022\/06\/kocerin1-1.jpg\" \/>\n\t<meta property=\"og:image:width\" content=\"800\" \/>\n\t<meta property=\"og:image:height\" content=\"550\" \/>\n\t<meta property=\"og:image:type\" content=\"image\/jpeg\" \/>\n<meta name=\"author\" content=\"Radio Ljubu\u0161ki\" \/>\n<meta name=\"twitter:card\" content=\"summary_large_image\" \/>\n<meta name=\"twitter:creator\" content=\"@radioljubuski\" \/>\n<meta name=\"twitter:site\" content=\"@radioljubuski\" \/>\n<meta name=\"twitter:label1\" content=\"Napisao\/la\" \/>\n\t<meta name=\"twitter:data1\" content=\"Radio Ljubu\u0161ki\" \/>\n\t<meta name=\"twitter:label2\" content=\"Procijenjeno vrijeme \u010ditanja\" \/>\n\t<meta name=\"twitter:data2\" content=\"2 minute\" \/>\n<script type=\"application\/ld+json\" class=\"yoast-schema-graph\">{\"@context\":\"https:\\\/\\\/schema.org\",\"@graph\":[{\"@type\":\"Article\",\"@id\":\"https:\\\/\\\/radioljubuski.ba\\\/index.php\\\/2022\\\/06\\\/23\\\/kocerin-slavi-stoljece-i-pol-zupe-i-petrovdan\\\/#article\",\"isPartOf\":{\"@id\":\"https:\\\/\\\/radioljubuski.ba\\\/index.php\\\/2022\\\/06\\\/23\\\/kocerin-slavi-stoljece-i-pol-zupe-i-petrovdan\\\/\"},\"author\":{\"name\":\"Radio Ljubu\u0161ki\",\"@id\":\"https:\\\/\\\/radioljubuski.ba\\\/#\\\/schema\\\/person\\\/19fc700381a780f69665d7956c469e3b\"},\"headline\":\"Ko\u010derin slavi stolje\u0107e i pol \u017eupe i Petrovdan\",\"datePublished\":\"2022-06-23T08:52:18+00:00\",\"dateModified\":\"2022-06-23T08:52:19+00:00\",\"mainEntityOfPage\":{\"@id\":\"https:\\\/\\\/radioljubuski.ba\\\/index.php\\\/2022\\\/06\\\/23\\\/kocerin-slavi-stoljece-i-pol-zupe-i-petrovdan\\\/\"},\"wordCount\":229,\"publisher\":{\"@id\":\"https:\\\/\\\/radioljubuski.ba\\\/#organization\"},\"image\":{\"@id\":\"https:\\\/\\\/radioljubuski.ba\\\/index.php\\\/2022\\\/06\\\/23\\\/kocerin-slavi-stoljece-i-pol-zupe-i-petrovdan\\\/#primaryimage\"},\"thumbnailUrl\":\"https:\\\/\\\/radioljubuski.ba\\\/wp-content\\\/uploads\\\/2022\\\/06\\\/kocerin1-1.jpg\",\"articleSection\":[\"BIH i regija\"],\"inLanguage\":\"hr\"},{\"@type\":\"WebPage\",\"@id\":\"https:\\\/\\\/radioljubuski.ba\\\/index.php\\\/2022\\\/06\\\/23\\\/kocerin-slavi-stoljece-i-pol-zupe-i-petrovdan\\\/\",\"url\":\"https:\\\/\\\/radioljubuski.ba\\\/index.php\\\/2022\\\/06\\\/23\\\/kocerin-slavi-stoljece-i-pol-zupe-i-petrovdan\\\/\",\"name\":\"Ko\u010derin slavi stolje\u0107e i pol \u017eupe i Petrovdan - RADIO LJUBU\u0160KI\",\"isPartOf\":{\"@id\":\"https:\\\/\\\/radioljubuski.ba\\\/#website\"},\"primaryImageOfPage\":{\"@id\":\"https:\\\/\\\/radioljubuski.ba\\\/index.php\\\/2022\\\/06\\\/23\\\/kocerin-slavi-stoljece-i-pol-zupe-i-petrovdan\\\/#primaryimage\"},\"image\":{\"@id\":\"https:\\\/\\\/radioljubuski.ba\\\/index.php\\\/2022\\\/06\\\/23\\\/kocerin-slavi-stoljece-i-pol-zupe-i-petrovdan\\\/#primaryimage\"},\"thumbnailUrl\":\"https:\\\/\\\/radioljubuski.ba\\\/wp-content\\\/uploads\\\/2022\\\/06\\\/kocerin1-1.jpg\",\"datePublished\":\"2022-06-23T08:52:18+00:00\",\"dateModified\":\"2022-06-23T08:52:19+00:00\",\"breadcrumb\":{\"@id\":\"https:\\\/\\\/radioljubuski.ba\\\/index.php\\\/2022\\\/06\\\/23\\\/kocerin-slavi-stoljece-i-pol-zupe-i-petrovdan\\\/#breadcrumb\"},\"inLanguage\":\"hr\",\"potentialAction\":[{\"@type\":\"ReadAction\",\"target\":[\"https:\\\/\\\/radioljubuski.ba\\\/index.php\\\/2022\\\/06\\\/23\\\/kocerin-slavi-stoljece-i-pol-zupe-i-petrovdan\\\/\"]}]},{\"@type\":\"ImageObject\",\"inLanguage\":\"hr\",\"@id\":\"https:\\\/\\\/radioljubuski.ba\\\/index.php\\\/2022\\\/06\\\/23\\\/kocerin-slavi-stoljece-i-pol-zupe-i-petrovdan\\\/#primaryimage\",\"url\":\"https:\\\/\\\/radioljubuski.ba\\\/wp-content\\\/uploads\\\/2022\\\/06\\\/kocerin1-1.jpg\",\"contentUrl\":\"https:\\\/\\\/radioljubuski.ba\\\/wp-content\\\/uploads\\\/2022\\\/06\\\/kocerin1-1.jpg\",\"width\":800,\"height\":550},{\"@type\":\"BreadcrumbList\",\"@id\":\"https:\\\/\\\/radioljubuski.ba\\\/index.php\\\/2022\\\/06\\\/23\\\/kocerin-slavi-stoljece-i-pol-zupe-i-petrovdan\\\/#breadcrumb\",\"itemListElement\":[{\"@type\":\"ListItem\",\"position\":1,\"name\":\"Po\u010detna stranica\",\"item\":\"https:\\\/\\\/radioljubuski.ba\\\/\"},{\"@type\":\"ListItem\",\"position\":2,\"name\":\"Ko\u010derin slavi stolje\u0107e i pol \u017eupe i Petrovdan\"}]},{\"@type\":\"WebSite\",\"@id\":\"https:\\\/\\\/radioljubuski.ba\\\/#website\",\"url\":\"https:\\\/\\\/radioljubuski.ba\\\/\",\"name\":\"Radio Ljubu\u0161ki\",\"description\":\"Sun\u010dana frekvencija Hercegovine\",\"publisher\":{\"@id\":\"https:\\\/\\\/radioljubuski.ba\\\/#organization\"},\"potentialAction\":[{\"@type\":\"SearchAction\",\"target\":{\"@type\":\"EntryPoint\",\"urlTemplate\":\"https:\\\/\\\/radioljubuski.ba\\\/?s={search_term_string}\"},\"query-input\":{\"@type\":\"PropertyValueSpecification\",\"valueRequired\":true,\"valueName\":\"search_term_string\"}}],\"inLanguage\":\"hr\"},{\"@type\":\"Organization\",\"@id\":\"https:\\\/\\\/radioljubuski.ba\\\/#organization\",\"name\":\"Radio Ljubu\u0161ki\",\"url\":\"https:\\\/\\\/radioljubuski.ba\\\/\",\"logo\":{\"@type\":\"ImageObject\",\"inLanguage\":\"hr\",\"@id\":\"https:\\\/\\\/radioljubuski.ba\\\/#\\\/schema\\\/logo\\\/image\\\/\",\"url\":\"https:\\\/\\\/radioljubuski.ba\\\/wp-content\\\/uploads\\\/2021\\\/02\\\/cropped-Radio_Ljubuski_logo1.jpg\",\"contentUrl\":\"https:\\\/\\\/radioljubuski.ba\\\/wp-content\\\/uploads\\\/2021\\\/02\\\/cropped-Radio_Ljubuski_logo1.jpg\",\"width\":512,\"height\":512,\"caption\":\"Radio Ljubu\u0161ki\"},\"image\":{\"@id\":\"https:\\\/\\\/radioljubuski.ba\\\/#\\\/schema\\\/logo\\\/image\\\/\"},\"sameAs\":[\"https:\\\/\\\/www.facebook.com\\\/Radiio-Ljubuski-1490835324566332\",\"https:\\\/\\\/x.com\\\/radioljubuski\",\"https:\\\/\\\/hr.linkedin.com\\\/company\\\/radio-ljubuski\",\"https:\\\/\\\/www.youtube.com\\\/channel\\\/UCHYaeO_n0Db3tjNGudGpXyw\"]},{\"@type\":\"Person\",\"@id\":\"https:\\\/\\\/radioljubuski.ba\\\/#\\\/schema\\\/person\\\/19fc700381a780f69665d7956c469e3b\",\"name\":\"Radio Ljubu\u0161ki\"}]}<\/script>\n<!-- \/ Yoast SEO plugin. -->","yoast_head_json":{"title":"Ko\u010derin slavi stolje\u0107e i pol \u017eupe i Petrovdan - RADIO LJUBU\u0160KI","robots":{"index":"index","follow":"follow","max-snippet":"max-snippet:-1","max-image-preview":"max-image-preview:large","max-video-preview":"max-video-preview:-1"},"canonical":"https:\/\/radioljubuski.ba\/index.php\/2022\/06\/23\/kocerin-slavi-stoljece-i-pol-zupe-i-petrovdan\/","og_locale":"hr_HR","og_type":"article","og_title":"Ko\u010derin slavi stolje\u0107e i pol \u017eupe i Petrovdan - RADIO LJUBU\u0160KI","og_description":"Program \u0107e po\u010dinjati krunicom i mogu\u0107no\u0161\u0107u za ispovijed u 17:30 sati, te Svetom misom u 18 sati. U Ko\u010derinu se sve\u010dano slave apostolski prvaci sv. Petar i Pavao. Vjernici \u0107e se za taj blagdan pripremati Trodnevnicom koja po\u010dinje u nedjelju 26. lipnja. Program \u0107e po\u010dinjati krunicom i mogu\u0107no\u0161\u0107u za ispovijed u 17:30 sati, te Svetom [&hellip;]","og_url":"https:\/\/radioljubuski.ba\/index.php\/2022\/06\/23\/kocerin-slavi-stoljece-i-pol-zupe-i-petrovdan\/","og_site_name":"RADIO LJUBU\u0160KI","article_publisher":"https:\/\/www.facebook.com\/Radiio-Ljubuski-1490835324566332","article_published_time":"2022-06-23T08:52:18+00:00","article_modified_time":"2022-06-23T08:52:19+00:00","og_image":[{"width":800,"height":550,"url":"https:\/\/radioljubuski.ba\/wp-content\/uploads\/2022\/06\/kocerin1-1.jpg","type":"image\/jpeg"}],"author":"Radio Ljubu\u0161ki","twitter_card":"summary_large_image","twitter_creator":"@radioljubuski","twitter_site":"@radioljubuski","twitter_misc":{"Napisao\/la":"Radio Ljubu\u0161ki","Procijenjeno vrijeme \u010ditanja":"2 minute"},"schema":{"@context":"https:\/\/schema.org","@graph":[{"@type":"Article","@id":"https:\/\/radioljubuski.ba\/index.php\/2022\/06\/23\/kocerin-slavi-stoljece-i-pol-zupe-i-petrovdan\/#article","isPartOf":{"@id":"https:\/\/radioljubuski.ba\/index.php\/2022\/06\/23\/kocerin-slavi-stoljece-i-pol-zupe-i-petrovdan\/"},"author":{"name":"Radio Ljubu\u0161ki","@id":"https:\/\/radioljubuski.ba\/#\/schema\/person\/19fc700381a780f69665d7956c469e3b"},"headline":"Ko\u010derin slavi stolje\u0107e i pol \u017eupe i Petrovdan","datePublished":"2022-06-23T08:52:18+00:00","dateModified":"2022-06-23T08:52:19+00:00","mainEntityOfPage":{"@id":"https:\/\/radioljubuski.ba\/index.php\/2022\/06\/23\/kocerin-slavi-stoljece-i-pol-zupe-i-petrovdan\/"},"wordCount":229,"publisher":{"@id":"https:\/\/radioljubuski.ba\/#organization"},"image":{"@id":"https:\/\/radioljubuski.ba\/index.php\/2022\/06\/23\/kocerin-slavi-stoljece-i-pol-zupe-i-petrovdan\/#primaryimage"},"thumbnailUrl":"https:\/\/radioljubuski.ba\/wp-content\/uploads\/2022\/06\/kocerin1-1.jpg","articleSection":["BIH i regija"],"inLanguage":"hr"},{"@type":"WebPage","@id":"https:\/\/radioljubuski.ba\/index.php\/2022\/06\/23\/kocerin-slavi-stoljece-i-pol-zupe-i-petrovdan\/","url":"https:\/\/radioljubuski.ba\/index.php\/2022\/06\/23\/kocerin-slavi-stoljece-i-pol-zupe-i-petrovdan\/","name":"Ko\u010derin slavi stolje\u0107e i pol \u017eupe i Petrovdan - RADIO LJUBU\u0160KI","isPartOf":{"@id":"https:\/\/radioljubuski.ba\/#website"},"primaryImageOfPage":{"@id":"https:\/\/radioljubuski.ba\/index.php\/2022\/06\/23\/kocerin-slavi-stoljece-i-pol-zupe-i-petrovdan\/#primaryimage"},"image":{"@id":"https:\/\/radioljubuski.ba\/index.php\/2022\/06\/23\/kocerin-slavi-stoljece-i-pol-zupe-i-petrovdan\/#primaryimage"},"thumbnailUrl":"https:\/\/radioljubuski.ba\/wp-content\/uploads\/2022\/06\/kocerin1-1.jpg","datePublished":"2022-06-23T08:52:18+00:00","dateModified":"2022-06-23T08:52:19+00:00","breadcrumb":{"@id":"https:\/\/radioljubuski.ba\/index.php\/2022\/06\/23\/kocerin-slavi-stoljece-i-pol-zupe-i-petrovdan\/#breadcrumb"},"inLanguage":"hr","potentialAction":[{"@type":"ReadAction","target":["https:\/\/radioljubuski.ba\/index.php\/2022\/06\/23\/kocerin-slavi-stoljece-i-pol-zupe-i-petrovdan\/"]}]},{"@type":"ImageObject","inLanguage":"hr","@id":"https:\/\/radioljubuski.ba\/index.php\/2022\/06\/23\/kocerin-slavi-stoljece-i-pol-zupe-i-petrovdan\/#primaryimage","url":"https:\/\/radioljubuski.ba\/wp-content\/uploads\/2022\/06\/kocerin1-1.jpg","contentUrl":"https:\/\/radioljubuski.ba\/wp-content\/uploads\/2022\/06\/kocerin1-1.jpg","width":800,"height":550},{"@type":"BreadcrumbList","@id":"https:\/\/radioljubuski.ba\/index.php\/2022\/06\/23\/kocerin-slavi-stoljece-i-pol-zupe-i-petrovdan\/#breadcrumb","itemListElement":[{"@type":"ListItem","position":1,"name":"Po\u010detna stranica","item":"https:\/\/radioljubuski.ba\/"},{"@type":"ListItem","position":2,"name":"Ko\u010derin slavi stolje\u0107e i pol \u017eupe i Petrovdan"}]},{"@type":"WebSite","@id":"https:\/\/radioljubuski.ba\/#website","url":"https:\/\/radioljubuski.ba\/","name":"Radio Ljubu\u0161ki","description":"Sun\u010dana frekvencija Hercegovine","publisher":{"@id":"https:\/\/radioljubuski.ba\/#organization"},"potentialAction":[{"@type":"SearchAction","target":{"@type":"EntryPoint","urlTemplate":"https:\/\/radioljubuski.ba\/?s={search_term_string}"},"query-input":{"@type":"PropertyValueSpecification","valueRequired":true,"valueName":"search_term_string"}}],"inLanguage":"hr"},{"@type":"Organization","@id":"https:\/\/radioljubuski.ba\/#organization","name":"Radio Ljubu\u0161ki","url":"https:\/\/radioljubuski.ba\/","logo":{"@type":"ImageObject","inLanguage":"hr","@id":"https:\/\/radioljubuski.ba\/#\/schema\/logo\/image\/","url":"https:\/\/radioljubuski.ba\/wp-content\/uploads\/2021\/02\/cropped-Radio_Ljubuski_logo1.jpg","contentUrl":"https:\/\/radioljubuski.ba\/wp-content\/uploads\/2021\/02\/cropped-Radio_Ljubuski_logo1.jpg","width":512,"height":512,"caption":"Radio Ljubu\u0161ki"},"image":{"@id":"https:\/\/radioljubuski.ba\/#\/schema\/logo\/image\/"},"sameAs":["https:\/\/www.facebook.com\/Radiio-Ljubuski-1490835324566332","https:\/\/x.com\/radioljubuski","https:\/\/hr.linkedin.com\/company\/radio-ljubuski","https:\/\/www.youtube.com\/channel\/UCHYaeO_n0Db3tjNGudGpXyw"]},{"@type":"Person","@id":"https:\/\/radioljubuski.ba\/#\/schema\/person\/19fc700381a780f69665d7956c469e3b","name":"Radio Ljubu\u0161ki"}]}},"_links":{"self":[{"href":"https:\/\/radioljubuski.ba\/index.php\/wp-json\/wp\/v2\/posts\/152495","targetHints":{"allow":["GET"]}}],"collection":[{"href":"https:\/\/radioljubuski.ba\/index.php\/wp-json\/wp\/v2\/posts"}],"about":[{"href":"https:\/\/radioljubuski.ba\/index.php\/wp-json\/wp\/v2\/types\/post"}],"author":[{"embeddable":true,"href":"https:\/\/radioljubuski.ba\/index.php\/wp-json\/wp\/v2\/users\/2"}],"replies":[{"embeddable":true,"href":"https:\/\/radioljubuski.ba\/index.php\/wp-json\/wp\/v2\/comments?post=152495"}],"version-history":[{"count":1,"href":"https:\/\/radioljubuski.ba\/index.php\/wp-json\/wp\/v2\/posts\/152495\/revisions"}],"predecessor-version":[{"id":152502,"href":"https:\/\/radioljubuski.ba\/index.php\/wp-json\/wp\/v2\/posts\/152495\/revisions\/152502"}],"wp:featuredmedia":[{"embeddable":true,"href":"https:\/\/radioljubuski.ba\/index.php\/wp-json\/wp\/v2\/media\/152501"}],"wp:attachment":[{"href":"https:\/\/radioljubuski.ba\/index.php\/wp-json\/wp\/v2\/media?parent=152495"}],"wp:term":[{"taxonomy":"category","embeddable":true,"href":"https:\/\/radioljubuski.ba\/index.php\/wp-json\/wp\/v2\/categories?post=152495"},{"taxonomy":"post_tag","embeddable":true,"href":"https:\/\/radioljubuski.ba\/index.php\/wp-json\/wp\/v2\/tags?post=152495"}],"curies":[{"name":"wp","href":"https:\/\/api.w.org\/{rel}","templated":true}]}}