{"id":152496,"date":"2022-06-23T09:51:28","date_gmt":"2022-06-23T08:51:28","guid":{"rendered":"https:\/\/radioljubuski.ba\/?p=152496"},"modified":"2022-06-23T09:51:28","modified_gmt":"2022-06-23T08:51:28","slug":"u-neumu-odrzan-prosvjed-gradana-protiv-uplovljavanja-kruzera-bolette","status":"publish","type":"post","link":"https:\/\/radioljubuski.ba\/index.php\/2022\/06\/23\/u-neumu-odrzan-prosvjed-gradana-protiv-uplovljavanja-kruzera-bolette\/","title":{"rendered":"U Neumu odr\u017ean prosvjed gra\u0111ana protiv uplovljavanja kruzera Bolette"},"content":{"rendered":"\n<p><strong>U Neumu je jutros u 7:30 sati po\u010deo mirni prosvjed gra\u0111ana protiv uplovljavanja kruzera \u201cBolette\u201d u Neumski zaljev.<\/strong><\/p>\n\n\n\n<p>Naime, jutros je u 6:18 sati kruzer pro\u0161ao ispod Pelje\u0161kog mosta i uplovio u Neumski zaljev, a ujedno je i najve\u0107i brod u povijesti koji je uplovio u Neumski zaljev, pi\u0161e Neum online.<\/p>\n\n\n\n<figure class=\"wp-block-image\"><img decoding=\"async\" src=\"https:\/\/hms.ba\/wp-content\/uploads\/2022\/06\/bolette-5-Kopiraj-696x522-1.jpg\" alt=\"\" class=\"wp-image-463961\"\/><\/figure>\n\n\n\n<p>Radi se o brodu \u201cBolette\u201d na kru\u017enom putovanju od Bahama, du\u017eine 238 metara koji prevozi vi\u0161e od 1.000 putnika i broji vi\u0161e od 600 \u010dlanova posade, mo\u017ee ploviti brzinom od 25 \u010dvorova, te mu je bruto tona\u017ea preko 62 tisu\u0107e BRT, a gaz 8,1 metara.<\/p>\n\n\n\n<p>Gra\u0111ani Neuma su se okupili kako bi iskazali svoje nezadovoljstvo nametnutom situacijom o kojoj Neum nije ni\u0161ta znao. Cilj im je poslati zajedni\u010dku poruku kako je Neum protiv ovoga uplovljavanja od kojeg zaljev ima velike \u0161tete. \u201cMi smo iz medija saznali da u na\u0161 zaljev uplovljava ovaj brod, o tome nismo imali nikakvih saznanja prije i odlu\u010dili smo se spontano okupiti, prijatelji, susjedi, rodbina\u2026 kako bi iskazali nezadovoljstvo s ovakvom situacijom, obja\u0161njava Neumljanin Nikola Prka\u010din.<\/p>\n\n\n\n<p>\u201cDosta godina se borimo, ne protiv turista u Neumu, nego protiv uplovljavanja velikih brodova u na\u0161 zaljev koji nam nanose nepopravljivu ekolo\u0161ku \u0161tetu samim boravkom u zaljevu i radom motora.\u201d, isti\u010de Prka\u010din.<\/p>\n\n\n\n<figure class=\"wp-block-image\"><img decoding=\"async\" src=\"https:\/\/hms.ba\/wp-content\/uploads\/2022\/06\/prosvjed-30-696x522-1.jpg\" alt=\"\" class=\"wp-image-463963\"\/><\/figure>\n\n\n\n<p>Na\u010delnik Jurkovi\u0107 je tako\u0111er podr\u017eao mirne prosvjede gra\u0111ana i za medije ponovio kako vlasti u Op\u0107ini Neum nisu za uplovljavanje ovog i sli\u010dnih brodova.<\/p>\n\n\n\n<p>\u201cMi smo zadnji saznali za uplovljavanje. Zanima nas tko je dao suglasnost da ovaj brod uplovi u Neumski zaljev, budu\u0107i da je Predsjedni\u0161tvo 2014. godine donijelo zaklju\u010dak kojim je strogo zabranjeno uplovljavanje brodova.<\/p>\n\n\n\n<p>Neum je turisti\u010dko mjesto, \u017eivimo od turizma, ne \u017eelimo ovakve doga\u0111aje. Nikome nije u interesu da ovdje dolaze ovakvi brodovi. Ekolo\u0161ki je zaljev ugro\u017een. Tu sam da dam potporu svojim Neumljanima i \u010dinit \u0107u to i u budu\u0107e.<\/p>\n\n\n\n<p>Poslat \u0107emo dopise prema svim relevantnim institucijama kako bismo doznali tko je to\u010dno dao suglasnost za uplovljavanje ovog broda, jer ovako djeluje kao da to mo\u017ee napraviti bilo tko. Federalno ministarstvo nam je pismeno odgovorilo da ministar nije potpisao dozvolu za uplovljavanje.\u201d, navodi na\u010delnik Neuma Dragan Jurkovi\u0107.<\/p>\n\n\n\n<figure class=\"wp-block-image\"><img decoding=\"async\" src=\"https:\/\/hms.ba\/wp-content\/uploads\/2022\/06\/prosvjed-1-696x522-1.jpg\" alt=\"\" class=\"wp-image-463965\"\/><\/figure>\n\n\n\n<p>Neumljanin Dra\u017een Obad obja\u0161njava: \u201cJednostavno prilikom uplovljavanja ovakvog broda naru\u0161it \u0107e se sami ekosustav. Prilikom uplovljavanja ovakvih kruzera podi\u017ee se sedimentni mulj. Stru\u010dna istra\u017eivanja su pokazala kako je dubina ovdje prije 40-tak godina bila 37-8 metara, a u ovom trenutku je 27 metara.<\/p>\n\n\n\n<p>Utjecajem toka Neretve, nakupljanjem sedimenta, prakti\u010dki ovaj prostor je postao sku\u010den i prilikom uplovljavanja sve se podi\u017ee s dna. Kad se to dogodi nema dovoljno kisika, protoka sunca, a bez toga nema \u017eivota. I stoga ne \u017eelimo ovakve brodove, ovo je biser BiH i svi skupa moramo stati u njegovu za\u0161titu\u201d, poru\u010duje Obad.<\/p>\n\n\n\n<p>Turisti se manjim brodovima prevoze do obale na pla\u017ei hotela Zenit gdje ih \u010dekaju autobusi s kojima se dalje prevoze do turisti\u010dkih destinacija Hercegovine poput Mostara, Me\u0111ugorja, vodopada Kravice i dr.<\/p>\n\n\n\n<figure class=\"wp-block-embed is-type-wp-embed is-provider-radio-ljubuski wp-block-embed-radio-ljubuski\"><div class=\"wp-block-embed__wrapper\">\n<blockquote class=\"wp-embedded-content\" data-secret=\"Kxbuvlqx4D\"><a href=\"https:\/\/radioljubuski.ba\/index.php\/2022\/06\/23\/kruzer-sa-tisucu-putnika-uplovio-u-neumski-akvatorij\/\">Kruzer sa tisu\u0107u putnika uplovio u neumski akvatorij<\/a><\/blockquote><iframe loading=\"lazy\" class=\"wp-embedded-content\" sandbox=\"allow-scripts\" security=\"restricted\" style=\"position: absolute; clip: rect(1px, 1px, 1px, 1px);\" title=\"&#8220;Kruzer sa tisu\u0107u putnika uplovio u neumski akvatorij&#8221; &#8212;   RADIO LJUBU\u0160KI\" src=\"https:\/\/radioljubuski.ba\/index.php\/2022\/06\/23\/kruzer-sa-tisucu-putnika-uplovio-u-neumski-akvatorij\/embed\/#?secret=UtGe2QYF5t#?secret=Kxbuvlqx4D\" data-secret=\"Kxbuvlqx4D\" width=\"600\" height=\"338\" frameborder=\"0\" marginwidth=\"0\" marginheight=\"0\" scrolling=\"no\"><\/iframe>\n<\/div><\/figure>\n\n\n\n<p>\/HMS\/<\/p>\n","protected":false},"excerpt":{"rendered":"<p>U Neumu je jutros u 7:30 sati po\u010deo mirni prosvjed gra\u0111ana protiv uplovljavanja kruzera \u201cBolette\u201d u Neumski zaljev. Naime, jutros je u 6:18 sati kruzer pro\u0161ao ispod Pelje\u0161kog mosta i uplovio u Neumski zaljev, a ujedno je i najve\u0107i brod u povijesti koji je uplovio u Neumski zaljev, pi\u0161e Neum online. Radi se o brodu [&hellip;]<\/p>\n","protected":false},"author":2,"featured_media":152497,"comment_status":"closed","ping_status":"closed","sticky":false,"template":"","format":"standard","meta":{"h5ap_radio_sources":[],"footnotes":""},"categories":[1],"tags":[],"class_list":["post-152496","post","type-post","status-publish","format-standard","has-post-thumbnail","hentry","category-bihiregija"],"yoast_head":"<!-- This site is optimized with the Yoast SEO plugin v27.4 - https:\/\/yoast.com\/product\/yoast-seo-wordpress\/ -->\n<title>U Neumu odr\u017ean prosvjed gra\u0111ana protiv uplovljavanja kruzera Bolette - RADIO LJUBU\u0160KI<\/title>\n<meta name=\"robots\" content=\"index, follow, max-snippet:-1, max-image-preview:large, max-video-preview:-1\" \/>\n<link rel=\"canonical\" href=\"https:\/\/radioljubuski.ba\/index.php\/2022\/06\/23\/u-neumu-odrzan-prosvjed-gradana-protiv-uplovljavanja-kruzera-bolette\/\" \/>\n<meta property=\"og:locale\" content=\"hr_HR\" \/>\n<meta property=\"og:type\" content=\"article\" \/>\n<meta property=\"og:title\" content=\"U Neumu odr\u017ean prosvjed gra\u0111ana protiv uplovljavanja kruzera Bolette - RADIO LJUBU\u0160KI\" \/>\n<meta property=\"og:description\" content=\"U Neumu je jutros u 7:30 sati po\u010deo mirni prosvjed gra\u0111ana protiv uplovljavanja kruzera \u201cBolette\u201d u Neumski zaljev. Naime, jutros je u 6:18 sati kruzer pro\u0161ao ispod Pelje\u0161kog mosta i uplovio u Neumski zaljev, a ujedno je i najve\u0107i brod u povijesti koji je uplovio u Neumski zaljev, pi\u0161e Neum online. Radi se o brodu [&hellip;]\" \/>\n<meta property=\"og:url\" content=\"https:\/\/radioljubuski.ba\/index.php\/2022\/06\/23\/u-neumu-odrzan-prosvjed-gradana-protiv-uplovljavanja-kruzera-bolette\/\" \/>\n<meta property=\"og:site_name\" content=\"RADIO LJUBU\u0160KI\" \/>\n<meta property=\"article:publisher\" content=\"https:\/\/www.facebook.com\/Radiio-Ljubuski-1490835324566332\" \/>\n<meta property=\"article:published_time\" content=\"2022-06-23T08:51:28+00:00\" \/>\n<meta property=\"og:image\" content=\"https:\/\/radioljubuski.ba\/wp-content\/uploads\/2022\/06\/prosvjed-26-696x522-1-e1655970322294.jpg\" \/>\n\t<meta property=\"og:image:width\" content=\"696\" \/>\n\t<meta property=\"og:image:height\" content=\"436\" \/>\n\t<meta property=\"og:image:type\" content=\"image\/jpeg\" \/>\n<meta name=\"author\" content=\"Radio Ljubu\u0161ki\" \/>\n<meta name=\"twitter:card\" content=\"summary_large_image\" \/>\n<meta name=\"twitter:creator\" content=\"@radioljubuski\" \/>\n<meta name=\"twitter:site\" content=\"@radioljubuski\" \/>\n<meta name=\"twitter:label1\" content=\"Napisao\/la\" \/>\n\t<meta name=\"twitter:data1\" content=\"Radio Ljubu\u0161ki\" \/>\n\t<meta name=\"twitter:label2\" content=\"Procijenjeno vrijeme \u010ditanja\" \/>\n\t<meta name=\"twitter:data2\" content=\"3 minute\" \/>\n<script type=\"application\/ld+json\" class=\"yoast-schema-graph\">{\"@context\":\"https:\\\/\\\/schema.org\",\"@graph\":[{\"@type\":\"Article\",\"@id\":\"https:\\\/\\\/radioljubuski.ba\\\/index.php\\\/2022\\\/06\\\/23\\\/u-neumu-odrzan-prosvjed-gradana-protiv-uplovljavanja-kruzera-bolette\\\/#article\",\"isPartOf\":{\"@id\":\"https:\\\/\\\/radioljubuski.ba\\\/index.php\\\/2022\\\/06\\\/23\\\/u-neumu-odrzan-prosvjed-gradana-protiv-uplovljavanja-kruzera-bolette\\\/\"},\"author\":{\"name\":\"Radio Ljubu\u0161ki\",\"@id\":\"https:\\\/\\\/radioljubuski.ba\\\/#\\\/schema\\\/person\\\/19fc700381a780f69665d7956c469e3b\"},\"headline\":\"U Neumu odr\u017ean prosvjed gra\u0111ana protiv uplovljavanja kruzera Bolette\",\"datePublished\":\"2022-06-23T08:51:28+00:00\",\"mainEntityOfPage\":{\"@id\":\"https:\\\/\\\/radioljubuski.ba\\\/index.php\\\/2022\\\/06\\\/23\\\/u-neumu-odrzan-prosvjed-gradana-protiv-uplovljavanja-kruzera-bolette\\\/\"},\"wordCount\":533,\"publisher\":{\"@id\":\"https:\\\/\\\/radioljubuski.ba\\\/#organization\"},\"image\":{\"@id\":\"https:\\\/\\\/radioljubuski.ba\\\/index.php\\\/2022\\\/06\\\/23\\\/u-neumu-odrzan-prosvjed-gradana-protiv-uplovljavanja-kruzera-bolette\\\/#primaryimage\"},\"thumbnailUrl\":\"https:\\\/\\\/radioljubuski.ba\\\/wp-content\\\/uploads\\\/2022\\\/06\\\/prosvjed-26-696x522-1-e1655970322294.jpg\",\"articleSection\":[\"BIH i regija\"],\"inLanguage\":\"hr\"},{\"@type\":\"WebPage\",\"@id\":\"https:\\\/\\\/radioljubuski.ba\\\/index.php\\\/2022\\\/06\\\/23\\\/u-neumu-odrzan-prosvjed-gradana-protiv-uplovljavanja-kruzera-bolette\\\/\",\"url\":\"https:\\\/\\\/radioljubuski.ba\\\/index.php\\\/2022\\\/06\\\/23\\\/u-neumu-odrzan-prosvjed-gradana-protiv-uplovljavanja-kruzera-bolette\\\/\",\"name\":\"U Neumu odr\u017ean prosvjed gra\u0111ana protiv uplovljavanja kruzera Bolette - RADIO LJUBU\u0160KI\",\"isPartOf\":{\"@id\":\"https:\\\/\\\/radioljubuski.ba\\\/#website\"},\"primaryImageOfPage\":{\"@id\":\"https:\\\/\\\/radioljubuski.ba\\\/index.php\\\/2022\\\/06\\\/23\\\/u-neumu-odrzan-prosvjed-gradana-protiv-uplovljavanja-kruzera-bolette\\\/#primaryimage\"},\"image\":{\"@id\":\"https:\\\/\\\/radioljubuski.ba\\\/index.php\\\/2022\\\/06\\\/23\\\/u-neumu-odrzan-prosvjed-gradana-protiv-uplovljavanja-kruzera-bolette\\\/#primaryimage\"},\"thumbnailUrl\":\"https:\\\/\\\/radioljubuski.ba\\\/wp-content\\\/uploads\\\/2022\\\/06\\\/prosvjed-26-696x522-1-e1655970322294.jpg\",\"datePublished\":\"2022-06-23T08:51:28+00:00\",\"breadcrumb\":{\"@id\":\"https:\\\/\\\/radioljubuski.ba\\\/index.php\\\/2022\\\/06\\\/23\\\/u-neumu-odrzan-prosvjed-gradana-protiv-uplovljavanja-kruzera-bolette\\\/#breadcrumb\"},\"inLanguage\":\"hr\",\"potentialAction\":[{\"@type\":\"ReadAction\",\"target\":[\"https:\\\/\\\/radioljubuski.ba\\\/index.php\\\/2022\\\/06\\\/23\\\/u-neumu-odrzan-prosvjed-gradana-protiv-uplovljavanja-kruzera-bolette\\\/\"]}]},{\"@type\":\"ImageObject\",\"inLanguage\":\"hr\",\"@id\":\"https:\\\/\\\/radioljubuski.ba\\\/index.php\\\/2022\\\/06\\\/23\\\/u-neumu-odrzan-prosvjed-gradana-protiv-uplovljavanja-kruzera-bolette\\\/#primaryimage\",\"url\":\"https:\\\/\\\/radioljubuski.ba\\\/wp-content\\\/uploads\\\/2022\\\/06\\\/prosvjed-26-696x522-1-e1655970322294.jpg\",\"contentUrl\":\"https:\\\/\\\/radioljubuski.ba\\\/wp-content\\\/uploads\\\/2022\\\/06\\\/prosvjed-26-696x522-1-e1655970322294.jpg\",\"width\":696,\"height\":436},{\"@type\":\"BreadcrumbList\",\"@id\":\"https:\\\/\\\/radioljubuski.ba\\\/index.php\\\/2022\\\/06\\\/23\\\/u-neumu-odrzan-prosvjed-gradana-protiv-uplovljavanja-kruzera-bolette\\\/#breadcrumb\",\"itemListElement\":[{\"@type\":\"ListItem\",\"position\":1,\"name\":\"Po\u010detna stranica\",\"item\":\"https:\\\/\\\/radioljubuski.ba\\\/\"},{\"@type\":\"ListItem\",\"position\":2,\"name\":\"U Neumu odr\u017ean prosvjed gra\u0111ana protiv uplovljavanja kruzera Bolette\"}]},{\"@type\":\"WebSite\",\"@id\":\"https:\\\/\\\/radioljubuski.ba\\\/#website\",\"url\":\"https:\\\/\\\/radioljubuski.ba\\\/\",\"name\":\"Radio Ljubu\u0161ki\",\"description\":\"Sun\u010dana frekvencija Hercegovine\",\"publisher\":{\"@id\":\"https:\\\/\\\/radioljubuski.ba\\\/#organization\"},\"potentialAction\":[{\"@type\":\"SearchAction\",\"target\":{\"@type\":\"EntryPoint\",\"urlTemplate\":\"https:\\\/\\\/radioljubuski.ba\\\/?s={search_term_string}\"},\"query-input\":{\"@type\":\"PropertyValueSpecification\",\"valueRequired\":true,\"valueName\":\"search_term_string\"}}],\"inLanguage\":\"hr\"},{\"@type\":\"Organization\",\"@id\":\"https:\\\/\\\/radioljubuski.ba\\\/#organization\",\"name\":\"Radio Ljubu\u0161ki\",\"url\":\"https:\\\/\\\/radioljubuski.ba\\\/\",\"logo\":{\"@type\":\"ImageObject\",\"inLanguage\":\"hr\",\"@id\":\"https:\\\/\\\/radioljubuski.ba\\\/#\\\/schema\\\/logo\\\/image\\\/\",\"url\":\"https:\\\/\\\/radioljubuski.ba\\\/wp-content\\\/uploads\\\/2021\\\/02\\\/cropped-Radio_Ljubuski_logo1.jpg\",\"contentUrl\":\"https:\\\/\\\/radioljubuski.ba\\\/wp-content\\\/uploads\\\/2021\\\/02\\\/cropped-Radio_Ljubuski_logo1.jpg\",\"width\":512,\"height\":512,\"caption\":\"Radio Ljubu\u0161ki\"},\"image\":{\"@id\":\"https:\\\/\\\/radioljubuski.ba\\\/#\\\/schema\\\/logo\\\/image\\\/\"},\"sameAs\":[\"https:\\\/\\\/www.facebook.com\\\/Radiio-Ljubuski-1490835324566332\",\"https:\\\/\\\/x.com\\\/radioljubuski\",\"https:\\\/\\\/hr.linkedin.com\\\/company\\\/radio-ljubuski\",\"https:\\\/\\\/www.youtube.com\\\/channel\\\/UCHYaeO_n0Db3tjNGudGpXyw\"]},{\"@type\":\"Person\",\"@id\":\"https:\\\/\\\/radioljubuski.ba\\\/#\\\/schema\\\/person\\\/19fc700381a780f69665d7956c469e3b\",\"name\":\"Radio Ljubu\u0161ki\"}]}<\/script>\n<!-- \/ Yoast SEO plugin. -->","yoast_head_json":{"title":"U Neumu odr\u017ean prosvjed gra\u0111ana protiv uplovljavanja kruzera Bolette - RADIO LJUBU\u0160KI","robots":{"index":"index","follow":"follow","max-snippet":"max-snippet:-1","max-image-preview":"max-image-preview:large","max-video-preview":"max-video-preview:-1"},"canonical":"https:\/\/radioljubuski.ba\/index.php\/2022\/06\/23\/u-neumu-odrzan-prosvjed-gradana-protiv-uplovljavanja-kruzera-bolette\/","og_locale":"hr_HR","og_type":"article","og_title":"U Neumu odr\u017ean prosvjed gra\u0111ana protiv uplovljavanja kruzera Bolette - RADIO LJUBU\u0160KI","og_description":"U Neumu je jutros u 7:30 sati po\u010deo mirni prosvjed gra\u0111ana protiv uplovljavanja kruzera \u201cBolette\u201d u Neumski zaljev. Naime, jutros je u 6:18 sati kruzer pro\u0161ao ispod Pelje\u0161kog mosta i uplovio u Neumski zaljev, a ujedno je i najve\u0107i brod u povijesti koji je uplovio u Neumski zaljev, pi\u0161e Neum online. Radi se o brodu [&hellip;]","og_url":"https:\/\/radioljubuski.ba\/index.php\/2022\/06\/23\/u-neumu-odrzan-prosvjed-gradana-protiv-uplovljavanja-kruzera-bolette\/","og_site_name":"RADIO LJUBU\u0160KI","article_publisher":"https:\/\/www.facebook.com\/Radiio-Ljubuski-1490835324566332","article_published_time":"2022-06-23T08:51:28+00:00","og_image":[{"width":696,"height":436,"url":"https:\/\/radioljubuski.ba\/wp-content\/uploads\/2022\/06\/prosvjed-26-696x522-1-e1655970322294.jpg","type":"image\/jpeg"}],"author":"Radio Ljubu\u0161ki","twitter_card":"summary_large_image","twitter_creator":"@radioljubuski","twitter_site":"@radioljubuski","twitter_misc":{"Napisao\/la":"Radio Ljubu\u0161ki","Procijenjeno vrijeme \u010ditanja":"3 minute"},"schema":{"@context":"https:\/\/schema.org","@graph":[{"@type":"Article","@id":"https:\/\/radioljubuski.ba\/index.php\/2022\/06\/23\/u-neumu-odrzan-prosvjed-gradana-protiv-uplovljavanja-kruzera-bolette\/#article","isPartOf":{"@id":"https:\/\/radioljubuski.ba\/index.php\/2022\/06\/23\/u-neumu-odrzan-prosvjed-gradana-protiv-uplovljavanja-kruzera-bolette\/"},"author":{"name":"Radio Ljubu\u0161ki","@id":"https:\/\/radioljubuski.ba\/#\/schema\/person\/19fc700381a780f69665d7956c469e3b"},"headline":"U Neumu odr\u017ean prosvjed gra\u0111ana protiv uplovljavanja kruzera Bolette","datePublished":"2022-06-23T08:51:28+00:00","mainEntityOfPage":{"@id":"https:\/\/radioljubuski.ba\/index.php\/2022\/06\/23\/u-neumu-odrzan-prosvjed-gradana-protiv-uplovljavanja-kruzera-bolette\/"},"wordCount":533,"publisher":{"@id":"https:\/\/radioljubuski.ba\/#organization"},"image":{"@id":"https:\/\/radioljubuski.ba\/index.php\/2022\/06\/23\/u-neumu-odrzan-prosvjed-gradana-protiv-uplovljavanja-kruzera-bolette\/#primaryimage"},"thumbnailUrl":"https:\/\/radioljubuski.ba\/wp-content\/uploads\/2022\/06\/prosvjed-26-696x522-1-e1655970322294.jpg","articleSection":["BIH i regija"],"inLanguage":"hr"},{"@type":"WebPage","@id":"https:\/\/radioljubuski.ba\/index.php\/2022\/06\/23\/u-neumu-odrzan-prosvjed-gradana-protiv-uplovljavanja-kruzera-bolette\/","url":"https:\/\/radioljubuski.ba\/index.php\/2022\/06\/23\/u-neumu-odrzan-prosvjed-gradana-protiv-uplovljavanja-kruzera-bolette\/","name":"U Neumu odr\u017ean prosvjed gra\u0111ana protiv uplovljavanja kruzera Bolette - RADIO LJUBU\u0160KI","isPartOf":{"@id":"https:\/\/radioljubuski.ba\/#website"},"primaryImageOfPage":{"@id":"https:\/\/radioljubuski.ba\/index.php\/2022\/06\/23\/u-neumu-odrzan-prosvjed-gradana-protiv-uplovljavanja-kruzera-bolette\/#primaryimage"},"image":{"@id":"https:\/\/radioljubuski.ba\/index.php\/2022\/06\/23\/u-neumu-odrzan-prosvjed-gradana-protiv-uplovljavanja-kruzera-bolette\/#primaryimage"},"thumbnailUrl":"https:\/\/radioljubuski.ba\/wp-content\/uploads\/2022\/06\/prosvjed-26-696x522-1-e1655970322294.jpg","datePublished":"2022-06-23T08:51:28+00:00","breadcrumb":{"@id":"https:\/\/radioljubuski.ba\/index.php\/2022\/06\/23\/u-neumu-odrzan-prosvjed-gradana-protiv-uplovljavanja-kruzera-bolette\/#breadcrumb"},"inLanguage":"hr","potentialAction":[{"@type":"ReadAction","target":["https:\/\/radioljubuski.ba\/index.php\/2022\/06\/23\/u-neumu-odrzan-prosvjed-gradana-protiv-uplovljavanja-kruzera-bolette\/"]}]},{"@type":"ImageObject","inLanguage":"hr","@id":"https:\/\/radioljubuski.ba\/index.php\/2022\/06\/23\/u-neumu-odrzan-prosvjed-gradana-protiv-uplovljavanja-kruzera-bolette\/#primaryimage","url":"https:\/\/radioljubuski.ba\/wp-content\/uploads\/2022\/06\/prosvjed-26-696x522-1-e1655970322294.jpg","contentUrl":"https:\/\/radioljubuski.ba\/wp-content\/uploads\/2022\/06\/prosvjed-26-696x522-1-e1655970322294.jpg","width":696,"height":436},{"@type":"BreadcrumbList","@id":"https:\/\/radioljubuski.ba\/index.php\/2022\/06\/23\/u-neumu-odrzan-prosvjed-gradana-protiv-uplovljavanja-kruzera-bolette\/#breadcrumb","itemListElement":[{"@type":"ListItem","position":1,"name":"Po\u010detna stranica","item":"https:\/\/radioljubuski.ba\/"},{"@type":"ListItem","position":2,"name":"U Neumu odr\u017ean prosvjed gra\u0111ana protiv uplovljavanja kruzera Bolette"}]},{"@type":"WebSite","@id":"https:\/\/radioljubuski.ba\/#website","url":"https:\/\/radioljubuski.ba\/","name":"Radio Ljubu\u0161ki","description":"Sun\u010dana frekvencija Hercegovine","publisher":{"@id":"https:\/\/radioljubuski.ba\/#organization"},"potentialAction":[{"@type":"SearchAction","target":{"@type":"EntryPoint","urlTemplate":"https:\/\/radioljubuski.ba\/?s={search_term_string}"},"query-input":{"@type":"PropertyValueSpecification","valueRequired":true,"valueName":"search_term_string"}}],"inLanguage":"hr"},{"@type":"Organization","@id":"https:\/\/radioljubuski.ba\/#organization","name":"Radio Ljubu\u0161ki","url":"https:\/\/radioljubuski.ba\/","logo":{"@type":"ImageObject","inLanguage":"hr","@id":"https:\/\/radioljubuski.ba\/#\/schema\/logo\/image\/","url":"https:\/\/radioljubuski.ba\/wp-content\/uploads\/2021\/02\/cropped-Radio_Ljubuski_logo1.jpg","contentUrl":"https:\/\/radioljubuski.ba\/wp-content\/uploads\/2021\/02\/cropped-Radio_Ljubuski_logo1.jpg","width":512,"height":512,"caption":"Radio Ljubu\u0161ki"},"image":{"@id":"https:\/\/radioljubuski.ba\/#\/schema\/logo\/image\/"},"sameAs":["https:\/\/www.facebook.com\/Radiio-Ljubuski-1490835324566332","https:\/\/x.com\/radioljubuski","https:\/\/hr.linkedin.com\/company\/radio-ljubuski","https:\/\/www.youtube.com\/channel\/UCHYaeO_n0Db3tjNGudGpXyw"]},{"@type":"Person","@id":"https:\/\/radioljubuski.ba\/#\/schema\/person\/19fc700381a780f69665d7956c469e3b","name":"Radio Ljubu\u0161ki"}]}},"_links":{"self":[{"href":"https:\/\/radioljubuski.ba\/index.php\/wp-json\/wp\/v2\/posts\/152496","targetHints":{"allow":["GET"]}}],"collection":[{"href":"https:\/\/radioljubuski.ba\/index.php\/wp-json\/wp\/v2\/posts"}],"about":[{"href":"https:\/\/radioljubuski.ba\/index.php\/wp-json\/wp\/v2\/types\/post"}],"author":[{"embeddable":true,"href":"https:\/\/radioljubuski.ba\/index.php\/wp-json\/wp\/v2\/users\/2"}],"replies":[{"embeddable":true,"href":"https:\/\/radioljubuski.ba\/index.php\/wp-json\/wp\/v2\/comments?post=152496"}],"version-history":[{"count":1,"href":"https:\/\/radioljubuski.ba\/index.php\/wp-json\/wp\/v2\/posts\/152496\/revisions"}],"predecessor-version":[{"id":152500,"href":"https:\/\/radioljubuski.ba\/index.php\/wp-json\/wp\/v2\/posts\/152496\/revisions\/152500"}],"wp:featuredmedia":[{"embeddable":true,"href":"https:\/\/radioljubuski.ba\/index.php\/wp-json\/wp\/v2\/media\/152497"}],"wp:attachment":[{"href":"https:\/\/radioljubuski.ba\/index.php\/wp-json\/wp\/v2\/media?parent=152496"}],"wp:term":[{"taxonomy":"category","embeddable":true,"href":"https:\/\/radioljubuski.ba\/index.php\/wp-json\/wp\/v2\/categories?post=152496"},{"taxonomy":"post_tag","embeddable":true,"href":"https:\/\/radioljubuski.ba\/index.php\/wp-json\/wp\/v2\/tags?post=152496"}],"curies":[{"name":"wp","href":"https:\/\/api.w.org\/{rel}","templated":true}]}}