{"id":152509,"date":"2022-06-23T09:57:11","date_gmt":"2022-06-23T08:57:11","guid":{"rendered":"https:\/\/radioljubuski.ba\/?p=152509"},"modified":"2022-06-23T09:57:12","modified_gmt":"2022-06-23T08:57:12","slug":"poceli-dani-srca-isusova-u-bijelom-polju","status":"publish","type":"post","link":"https:\/\/radioljubuski.ba\/index.php\/2022\/06\/23\/poceli-dani-srca-isusova-u-bijelom-polju\/","title":{"rendered":"Po\u010deli Dani Srca Isusova u Bijelom Polju"},"content":{"rendered":"\n<p><strong>Vjerska manifestacija, Dani Srca Isusova u Bijelom Polju, po\u010deli su u utorak nave\u010der, slu\u017eenjem svete Mise i odr\u017eavanjem Ve\u010deri folklora.<\/strong><\/p>\n\n\n\n<p>\u017dupa Presvetog Srca Isusova, Potoci \u2013 Bijelo Polje, tri dana \u0107e biti u znaku svoga za\u0161titnika, Presvetoga Srca Isusova, obilje\u017eavaju\u0107i ujedno 130 godina \u017eupe i 110 godina \u017eupne crkve.<\/p>\n\n\n\n<p>Prve ve\u010deri trodnevnice u \u017eupnoj crkvi je slu\u017eena sveta Misa koju je predvodio i na kojoj je propovijedao mons. Petar Pali\u0107, biskup mostarsko-duvanjski i apostolski upravitelj trebinjsko-mrkanski.<\/p>\n\n\n\n<p>Na Misi je pjevao Veliki mje\u0161oviti zbor bjelopoljske \u017eupe. Nakon svete Mise odr\u017eana je kulturna manifestacija, Ve\u010der folklora, u dvori\u0161tu Emausa duhovno \u2013 obrazovnog centra koji se nalazi pored crkve. Nastupili su \u010dlanovi deset kulturno umjetni\u010dkih dru\u0161tava iz Hercegovine. Nastupili su HKUD Bijelo Polje Mostar, HKUD Stolac, HKUD Luke Vi\u0161i\u0107i, HKUD Dubrave Aladini\u0107i, HKUD Brotnjo \u010citluk, HKUD Domanovi\u0107i, HKUD Herceg Stjepan Blagaj-Buna, HKUD Na\u0161i korijeni Bobanovo, HKUD Vi\u0161i\u0107i i Mje\u0161ovita klapa Sv. Nikola Metkovi\u0107.<\/p>\n\n\n\n<p>Druge ve\u010deri trodnevnice, svetu Misu u \u017eupnoj crkvi predvodit \u0107e i propovijed odr\u017eati don Josip Gali\u0107, katedralni \u017eupnik iz Mostara, a pjevat \u0107e Katedralni zbor. Najavljen je i blagoslov djece iz vrti\u0107a Sv. Klara, ali i \u010ditave \u017eupe. U \u010detvrtak, tre\u0107e ve\u010deri trodnevnice \u2013 Uo\u010dnica Patrona \u017eupe je Zahvalnica.<\/p>\n\n\n\n<p>Sv. Misu predvodit \u0107e don Tomislav Ljuban, \u017eupnik \u017eupe sv. Mateja, Mostar uz nastup Zbora mladih bjelopoljske \u017eupe, prenosi Bljesak.info.<\/p>\n\n\n\n<p>U petak je glavna Svetkovina, Presveto Srce Isusovo, za\u0161titnik \u017eupe. Sve\u010danu sv. Misu u krugu \u017eupne crkve predvodit \u0107e mons. Roko Glasnovi\u0107, biskup dubrova\u010dki, kojega \u0107e na po\u010detku misnog slavlja pozdraviti bjelopoljski \u017eupnik don Rajko Markovi\u0107.<\/p>\n\n\n\n<p>&nbsp;\/HMS\/<\/p>\n","protected":false},"excerpt":{"rendered":"<p>Vjerska manifestacija, Dani Srca Isusova u Bijelom Polju, po\u010deli su u utorak nave\u010der, slu\u017eenjem svete Mise i odr\u017eavanjem Ve\u010deri folklora. \u017dupa Presvetog Srca Isusova, Potoci \u2013 Bijelo Polje, tri dana \u0107e biti u znaku svoga za\u0161titnika, Presvetoga Srca Isusova, obilje\u017eavaju\u0107i ujedno 130 godina \u017eupe i 110 godina \u017eupne crkve. Prve ve\u010deri trodnevnice u \u017eupnoj crkvi [&hellip;]<\/p>\n","protected":false},"author":2,"featured_media":152511,"comment_status":"closed","ping_status":"closed","sticky":false,"template":"","format":"standard","meta":{"h5ap_radio_sources":[],"footnotes":""},"categories":[1],"tags":[],"class_list":["post-152509","post","type-post","status-publish","format-standard","has-post-thumbnail","hentry","category-bihiregija"],"yoast_head":"<!-- This site is optimized with the Yoast SEO plugin v27.4 - https:\/\/yoast.com\/product\/yoast-seo-wordpress\/ -->\n<title>Po\u010deli Dani Srca Isusova u Bijelom Polju - RADIO LJUBU\u0160KI<\/title>\n<meta name=\"robots\" content=\"index, follow, max-snippet:-1, max-image-preview:large, max-video-preview:-1\" \/>\n<link rel=\"canonical\" href=\"https:\/\/radioljubuski.ba\/index.php\/2022\/06\/23\/poceli-dani-srca-isusova-u-bijelom-polju\/\" \/>\n<meta property=\"og:locale\" content=\"hr_HR\" \/>\n<meta property=\"og:type\" content=\"article\" \/>\n<meta property=\"og:title\" content=\"Po\u010deli Dani Srca Isusova u Bijelom Polju - RADIO LJUBU\u0160KI\" \/>\n<meta property=\"og:description\" content=\"Vjerska manifestacija, Dani Srca Isusova u Bijelom Polju, po\u010deli su u utorak nave\u010der, slu\u017eenjem svete Mise i odr\u017eavanjem Ve\u010deri folklora. \u017dupa Presvetog Srca Isusova, Potoci \u2013 Bijelo Polje, tri dana \u0107e biti u znaku svoga za\u0161titnika, Presvetoga Srca Isusova, obilje\u017eavaju\u0107i ujedno 130 godina \u017eupe i 110 godina \u017eupne crkve. Prve ve\u010deri trodnevnice u \u017eupnoj crkvi [&hellip;]\" \/>\n<meta property=\"og:url\" content=\"https:\/\/radioljubuski.ba\/index.php\/2022\/06\/23\/poceli-dani-srca-isusova-u-bijelom-polju\/\" \/>\n<meta property=\"og:site_name\" content=\"RADIO LJUBU\u0160KI\" \/>\n<meta property=\"article:publisher\" content=\"https:\/\/www.facebook.com\/Radiio-Ljubuski-1490835324566332\" \/>\n<meta property=\"article:published_time\" content=\"2022-06-23T08:57:11+00:00\" \/>\n<meta property=\"article:modified_time\" content=\"2022-06-23T08:57:12+00:00\" \/>\n<meta property=\"og:image\" content=\"https:\/\/radioljubuski.ba\/wp-content\/uploads\/2022\/06\/srce-isusovo-potoci2022-crkva5.jpg\" \/>\n\t<meta property=\"og:image:width\" content=\"800\" \/>\n\t<meta property=\"og:image:height\" content=\"550\" \/>\n\t<meta property=\"og:image:type\" content=\"image\/jpeg\" \/>\n<meta name=\"author\" content=\"Radio Ljubu\u0161ki\" \/>\n<meta name=\"twitter:card\" content=\"summary_large_image\" \/>\n<meta name=\"twitter:creator\" content=\"@radioljubuski\" \/>\n<meta name=\"twitter:site\" content=\"@radioljubuski\" \/>\n<meta name=\"twitter:label1\" content=\"Napisao\/la\" \/>\n\t<meta name=\"twitter:data1\" content=\"Radio Ljubu\u0161ki\" \/>\n\t<meta name=\"twitter:label2\" content=\"Procijenjeno vrijeme \u010ditanja\" \/>\n\t<meta name=\"twitter:data2\" content=\"2 minute\" \/>\n<script type=\"application\/ld+json\" class=\"yoast-schema-graph\">{\"@context\":\"https:\\\/\\\/schema.org\",\"@graph\":[{\"@type\":\"Article\",\"@id\":\"https:\\\/\\\/radioljubuski.ba\\\/index.php\\\/2022\\\/06\\\/23\\\/poceli-dani-srca-isusova-u-bijelom-polju\\\/#article\",\"isPartOf\":{\"@id\":\"https:\\\/\\\/radioljubuski.ba\\\/index.php\\\/2022\\\/06\\\/23\\\/poceli-dani-srca-isusova-u-bijelom-polju\\\/\"},\"author\":{\"name\":\"Radio Ljubu\u0161ki\",\"@id\":\"https:\\\/\\\/radioljubuski.ba\\\/#\\\/schema\\\/person\\\/19fc700381a780f69665d7956c469e3b\"},\"headline\":\"Po\u010deli Dani Srca Isusova u Bijelom Polju\",\"datePublished\":\"2022-06-23T08:57:11+00:00\",\"dateModified\":\"2022-06-23T08:57:12+00:00\",\"mainEntityOfPage\":{\"@id\":\"https:\\\/\\\/radioljubuski.ba\\\/index.php\\\/2022\\\/06\\\/23\\\/poceli-dani-srca-isusova-u-bijelom-polju\\\/\"},\"wordCount\":295,\"publisher\":{\"@id\":\"https:\\\/\\\/radioljubuski.ba\\\/#organization\"},\"image\":{\"@id\":\"https:\\\/\\\/radioljubuski.ba\\\/index.php\\\/2022\\\/06\\\/23\\\/poceli-dani-srca-isusova-u-bijelom-polju\\\/#primaryimage\"},\"thumbnailUrl\":\"https:\\\/\\\/radioljubuski.ba\\\/wp-content\\\/uploads\\\/2022\\\/06\\\/srce-isusovo-potoci2022-crkva5.jpg\",\"articleSection\":[\"BIH i regija\"],\"inLanguage\":\"hr\"},{\"@type\":\"WebPage\",\"@id\":\"https:\\\/\\\/radioljubuski.ba\\\/index.php\\\/2022\\\/06\\\/23\\\/poceli-dani-srca-isusova-u-bijelom-polju\\\/\",\"url\":\"https:\\\/\\\/radioljubuski.ba\\\/index.php\\\/2022\\\/06\\\/23\\\/poceli-dani-srca-isusova-u-bijelom-polju\\\/\",\"name\":\"Po\u010deli Dani Srca Isusova u Bijelom Polju - RADIO LJUBU\u0160KI\",\"isPartOf\":{\"@id\":\"https:\\\/\\\/radioljubuski.ba\\\/#website\"},\"primaryImageOfPage\":{\"@id\":\"https:\\\/\\\/radioljubuski.ba\\\/index.php\\\/2022\\\/06\\\/23\\\/poceli-dani-srca-isusova-u-bijelom-polju\\\/#primaryimage\"},\"image\":{\"@id\":\"https:\\\/\\\/radioljubuski.ba\\\/index.php\\\/2022\\\/06\\\/23\\\/poceli-dani-srca-isusova-u-bijelom-polju\\\/#primaryimage\"},\"thumbnailUrl\":\"https:\\\/\\\/radioljubuski.ba\\\/wp-content\\\/uploads\\\/2022\\\/06\\\/srce-isusovo-potoci2022-crkva5.jpg\",\"datePublished\":\"2022-06-23T08:57:11+00:00\",\"dateModified\":\"2022-06-23T08:57:12+00:00\",\"breadcrumb\":{\"@id\":\"https:\\\/\\\/radioljubuski.ba\\\/index.php\\\/2022\\\/06\\\/23\\\/poceli-dani-srca-isusova-u-bijelom-polju\\\/#breadcrumb\"},\"inLanguage\":\"hr\",\"potentialAction\":[{\"@type\":\"ReadAction\",\"target\":[\"https:\\\/\\\/radioljubuski.ba\\\/index.php\\\/2022\\\/06\\\/23\\\/poceli-dani-srca-isusova-u-bijelom-polju\\\/\"]}]},{\"@type\":\"ImageObject\",\"inLanguage\":\"hr\",\"@id\":\"https:\\\/\\\/radioljubuski.ba\\\/index.php\\\/2022\\\/06\\\/23\\\/poceli-dani-srca-isusova-u-bijelom-polju\\\/#primaryimage\",\"url\":\"https:\\\/\\\/radioljubuski.ba\\\/wp-content\\\/uploads\\\/2022\\\/06\\\/srce-isusovo-potoci2022-crkva5.jpg\",\"contentUrl\":\"https:\\\/\\\/radioljubuski.ba\\\/wp-content\\\/uploads\\\/2022\\\/06\\\/srce-isusovo-potoci2022-crkva5.jpg\",\"width\":800,\"height\":550},{\"@type\":\"BreadcrumbList\",\"@id\":\"https:\\\/\\\/radioljubuski.ba\\\/index.php\\\/2022\\\/06\\\/23\\\/poceli-dani-srca-isusova-u-bijelom-polju\\\/#breadcrumb\",\"itemListElement\":[{\"@type\":\"ListItem\",\"position\":1,\"name\":\"Po\u010detna stranica\",\"item\":\"https:\\\/\\\/radioljubuski.ba\\\/\"},{\"@type\":\"ListItem\",\"position\":2,\"name\":\"Po\u010deli Dani Srca Isusova u Bijelom Polju\"}]},{\"@type\":\"WebSite\",\"@id\":\"https:\\\/\\\/radioljubuski.ba\\\/#website\",\"url\":\"https:\\\/\\\/radioljubuski.ba\\\/\",\"name\":\"Radio Ljubu\u0161ki\",\"description\":\"Sun\u010dana frekvencija Hercegovine\",\"publisher\":{\"@id\":\"https:\\\/\\\/radioljubuski.ba\\\/#organization\"},\"potentialAction\":[{\"@type\":\"SearchAction\",\"target\":{\"@type\":\"EntryPoint\",\"urlTemplate\":\"https:\\\/\\\/radioljubuski.ba\\\/?s={search_term_string}\"},\"query-input\":{\"@type\":\"PropertyValueSpecification\",\"valueRequired\":true,\"valueName\":\"search_term_string\"}}],\"inLanguage\":\"hr\"},{\"@type\":\"Organization\",\"@id\":\"https:\\\/\\\/radioljubuski.ba\\\/#organization\",\"name\":\"Radio Ljubu\u0161ki\",\"url\":\"https:\\\/\\\/radioljubuski.ba\\\/\",\"logo\":{\"@type\":\"ImageObject\",\"inLanguage\":\"hr\",\"@id\":\"https:\\\/\\\/radioljubuski.ba\\\/#\\\/schema\\\/logo\\\/image\\\/\",\"url\":\"https:\\\/\\\/radioljubuski.ba\\\/wp-content\\\/uploads\\\/2021\\\/02\\\/cropped-Radio_Ljubuski_logo1.jpg\",\"contentUrl\":\"https:\\\/\\\/radioljubuski.ba\\\/wp-content\\\/uploads\\\/2021\\\/02\\\/cropped-Radio_Ljubuski_logo1.jpg\",\"width\":512,\"height\":512,\"caption\":\"Radio Ljubu\u0161ki\"},\"image\":{\"@id\":\"https:\\\/\\\/radioljubuski.ba\\\/#\\\/schema\\\/logo\\\/image\\\/\"},\"sameAs\":[\"https:\\\/\\\/www.facebook.com\\\/Radiio-Ljubuski-1490835324566332\",\"https:\\\/\\\/x.com\\\/radioljubuski\",\"https:\\\/\\\/hr.linkedin.com\\\/company\\\/radio-ljubuski\",\"https:\\\/\\\/www.youtube.com\\\/channel\\\/UCHYaeO_n0Db3tjNGudGpXyw\"]},{\"@type\":\"Person\",\"@id\":\"https:\\\/\\\/radioljubuski.ba\\\/#\\\/schema\\\/person\\\/19fc700381a780f69665d7956c469e3b\",\"name\":\"Radio Ljubu\u0161ki\"}]}<\/script>\n<!-- \/ Yoast SEO plugin. -->","yoast_head_json":{"title":"Po\u010deli Dani Srca Isusova u Bijelom Polju - RADIO LJUBU\u0160KI","robots":{"index":"index","follow":"follow","max-snippet":"max-snippet:-1","max-image-preview":"max-image-preview:large","max-video-preview":"max-video-preview:-1"},"canonical":"https:\/\/radioljubuski.ba\/index.php\/2022\/06\/23\/poceli-dani-srca-isusova-u-bijelom-polju\/","og_locale":"hr_HR","og_type":"article","og_title":"Po\u010deli Dani Srca Isusova u Bijelom Polju - RADIO LJUBU\u0160KI","og_description":"Vjerska manifestacija, Dani Srca Isusova u Bijelom Polju, po\u010deli su u utorak nave\u010der, slu\u017eenjem svete Mise i odr\u017eavanjem Ve\u010deri folklora. \u017dupa Presvetog Srca Isusova, Potoci \u2013 Bijelo Polje, tri dana \u0107e biti u znaku svoga za\u0161titnika, Presvetoga Srca Isusova, obilje\u017eavaju\u0107i ujedno 130 godina \u017eupe i 110 godina \u017eupne crkve. Prve ve\u010deri trodnevnice u \u017eupnoj crkvi [&hellip;]","og_url":"https:\/\/radioljubuski.ba\/index.php\/2022\/06\/23\/poceli-dani-srca-isusova-u-bijelom-polju\/","og_site_name":"RADIO LJUBU\u0160KI","article_publisher":"https:\/\/www.facebook.com\/Radiio-Ljubuski-1490835324566332","article_published_time":"2022-06-23T08:57:11+00:00","article_modified_time":"2022-06-23T08:57:12+00:00","og_image":[{"width":800,"height":550,"url":"https:\/\/radioljubuski.ba\/wp-content\/uploads\/2022\/06\/srce-isusovo-potoci2022-crkva5.jpg","type":"image\/jpeg"}],"author":"Radio Ljubu\u0161ki","twitter_card":"summary_large_image","twitter_creator":"@radioljubuski","twitter_site":"@radioljubuski","twitter_misc":{"Napisao\/la":"Radio Ljubu\u0161ki","Procijenjeno vrijeme \u010ditanja":"2 minute"},"schema":{"@context":"https:\/\/schema.org","@graph":[{"@type":"Article","@id":"https:\/\/radioljubuski.ba\/index.php\/2022\/06\/23\/poceli-dani-srca-isusova-u-bijelom-polju\/#article","isPartOf":{"@id":"https:\/\/radioljubuski.ba\/index.php\/2022\/06\/23\/poceli-dani-srca-isusova-u-bijelom-polju\/"},"author":{"name":"Radio Ljubu\u0161ki","@id":"https:\/\/radioljubuski.ba\/#\/schema\/person\/19fc700381a780f69665d7956c469e3b"},"headline":"Po\u010deli Dani Srca Isusova u Bijelom Polju","datePublished":"2022-06-23T08:57:11+00:00","dateModified":"2022-06-23T08:57:12+00:00","mainEntityOfPage":{"@id":"https:\/\/radioljubuski.ba\/index.php\/2022\/06\/23\/poceli-dani-srca-isusova-u-bijelom-polju\/"},"wordCount":295,"publisher":{"@id":"https:\/\/radioljubuski.ba\/#organization"},"image":{"@id":"https:\/\/radioljubuski.ba\/index.php\/2022\/06\/23\/poceli-dani-srca-isusova-u-bijelom-polju\/#primaryimage"},"thumbnailUrl":"https:\/\/radioljubuski.ba\/wp-content\/uploads\/2022\/06\/srce-isusovo-potoci2022-crkva5.jpg","articleSection":["BIH i regija"],"inLanguage":"hr"},{"@type":"WebPage","@id":"https:\/\/radioljubuski.ba\/index.php\/2022\/06\/23\/poceli-dani-srca-isusova-u-bijelom-polju\/","url":"https:\/\/radioljubuski.ba\/index.php\/2022\/06\/23\/poceli-dani-srca-isusova-u-bijelom-polju\/","name":"Po\u010deli Dani Srca Isusova u Bijelom Polju - RADIO LJUBU\u0160KI","isPartOf":{"@id":"https:\/\/radioljubuski.ba\/#website"},"primaryImageOfPage":{"@id":"https:\/\/radioljubuski.ba\/index.php\/2022\/06\/23\/poceli-dani-srca-isusova-u-bijelom-polju\/#primaryimage"},"image":{"@id":"https:\/\/radioljubuski.ba\/index.php\/2022\/06\/23\/poceli-dani-srca-isusova-u-bijelom-polju\/#primaryimage"},"thumbnailUrl":"https:\/\/radioljubuski.ba\/wp-content\/uploads\/2022\/06\/srce-isusovo-potoci2022-crkva5.jpg","datePublished":"2022-06-23T08:57:11+00:00","dateModified":"2022-06-23T08:57:12+00:00","breadcrumb":{"@id":"https:\/\/radioljubuski.ba\/index.php\/2022\/06\/23\/poceli-dani-srca-isusova-u-bijelom-polju\/#breadcrumb"},"inLanguage":"hr","potentialAction":[{"@type":"ReadAction","target":["https:\/\/radioljubuski.ba\/index.php\/2022\/06\/23\/poceli-dani-srca-isusova-u-bijelom-polju\/"]}]},{"@type":"ImageObject","inLanguage":"hr","@id":"https:\/\/radioljubuski.ba\/index.php\/2022\/06\/23\/poceli-dani-srca-isusova-u-bijelom-polju\/#primaryimage","url":"https:\/\/radioljubuski.ba\/wp-content\/uploads\/2022\/06\/srce-isusovo-potoci2022-crkva5.jpg","contentUrl":"https:\/\/radioljubuski.ba\/wp-content\/uploads\/2022\/06\/srce-isusovo-potoci2022-crkva5.jpg","width":800,"height":550},{"@type":"BreadcrumbList","@id":"https:\/\/radioljubuski.ba\/index.php\/2022\/06\/23\/poceli-dani-srca-isusova-u-bijelom-polju\/#breadcrumb","itemListElement":[{"@type":"ListItem","position":1,"name":"Po\u010detna stranica","item":"https:\/\/radioljubuski.ba\/"},{"@type":"ListItem","position":2,"name":"Po\u010deli Dani Srca Isusova u Bijelom Polju"}]},{"@type":"WebSite","@id":"https:\/\/radioljubuski.ba\/#website","url":"https:\/\/radioljubuski.ba\/","name":"Radio Ljubu\u0161ki","description":"Sun\u010dana frekvencija Hercegovine","publisher":{"@id":"https:\/\/radioljubuski.ba\/#organization"},"potentialAction":[{"@type":"SearchAction","target":{"@type":"EntryPoint","urlTemplate":"https:\/\/radioljubuski.ba\/?s={search_term_string}"},"query-input":{"@type":"PropertyValueSpecification","valueRequired":true,"valueName":"search_term_string"}}],"inLanguage":"hr"},{"@type":"Organization","@id":"https:\/\/radioljubuski.ba\/#organization","name":"Radio Ljubu\u0161ki","url":"https:\/\/radioljubuski.ba\/","logo":{"@type":"ImageObject","inLanguage":"hr","@id":"https:\/\/radioljubuski.ba\/#\/schema\/logo\/image\/","url":"https:\/\/radioljubuski.ba\/wp-content\/uploads\/2021\/02\/cropped-Radio_Ljubuski_logo1.jpg","contentUrl":"https:\/\/radioljubuski.ba\/wp-content\/uploads\/2021\/02\/cropped-Radio_Ljubuski_logo1.jpg","width":512,"height":512,"caption":"Radio Ljubu\u0161ki"},"image":{"@id":"https:\/\/radioljubuski.ba\/#\/schema\/logo\/image\/"},"sameAs":["https:\/\/www.facebook.com\/Radiio-Ljubuski-1490835324566332","https:\/\/x.com\/radioljubuski","https:\/\/hr.linkedin.com\/company\/radio-ljubuski","https:\/\/www.youtube.com\/channel\/UCHYaeO_n0Db3tjNGudGpXyw"]},{"@type":"Person","@id":"https:\/\/radioljubuski.ba\/#\/schema\/person\/19fc700381a780f69665d7956c469e3b","name":"Radio Ljubu\u0161ki"}]}},"_links":{"self":[{"href":"https:\/\/radioljubuski.ba\/index.php\/wp-json\/wp\/v2\/posts\/152509","targetHints":{"allow":["GET"]}}],"collection":[{"href":"https:\/\/radioljubuski.ba\/index.php\/wp-json\/wp\/v2\/posts"}],"about":[{"href":"https:\/\/radioljubuski.ba\/index.php\/wp-json\/wp\/v2\/types\/post"}],"author":[{"embeddable":true,"href":"https:\/\/radioljubuski.ba\/index.php\/wp-json\/wp\/v2\/users\/2"}],"replies":[{"embeddable":true,"href":"https:\/\/radioljubuski.ba\/index.php\/wp-json\/wp\/v2\/comments?post=152509"}],"version-history":[{"count":1,"href":"https:\/\/radioljubuski.ba\/index.php\/wp-json\/wp\/v2\/posts\/152509\/revisions"}],"predecessor-version":[{"id":152512,"href":"https:\/\/radioljubuski.ba\/index.php\/wp-json\/wp\/v2\/posts\/152509\/revisions\/152512"}],"wp:featuredmedia":[{"embeddable":true,"href":"https:\/\/radioljubuski.ba\/index.php\/wp-json\/wp\/v2\/media\/152511"}],"wp:attachment":[{"href":"https:\/\/radioljubuski.ba\/index.php\/wp-json\/wp\/v2\/media?parent=152509"}],"wp:term":[{"taxonomy":"category","embeddable":true,"href":"https:\/\/radioljubuski.ba\/index.php\/wp-json\/wp\/v2\/categories?post=152509"},{"taxonomy":"post_tag","embeddable":true,"href":"https:\/\/radioljubuski.ba\/index.php\/wp-json\/wp\/v2\/tags?post=152509"}],"curies":[{"name":"wp","href":"https:\/\/api.w.org\/{rel}","templated":true}]}}