{"id":152513,"date":"2022-06-23T09:58:45","date_gmt":"2022-06-23T08:58:45","guid":{"rendered":"https:\/\/radioljubuski.ba\/?p=152513"},"modified":"2022-06-23T09:58:46","modified_gmt":"2022-06-23T08:58:46","slug":"u-vitezu-osnovan-ogranak-matice-hrvatske","status":"publish","type":"post","link":"https:\/\/radioljubuski.ba\/index.php\/2022\/06\/23\/u-vitezu-osnovan-ogranak-matice-hrvatske\/","title":{"rendered":"U Vitezu osnovan ogranak Matice hrvatske"},"content":{"rendered":"\n<p><strong>Vite\u017eani su dugo \u010dekali, 180 godina rada i djelovanja Matice hrvatske je proteklo da bi skupina iskusnih te mladih kulturnjaka, javnih radnika i intelektualaca utemeljila ogranak Matice hrvatske u Vitezu.<\/strong><\/p>\n\n\n\n<p>Naime, u utorak, 21. lipnja 2022. godine odr\u017eana je Osniva\u010dka skup\u0161tina Matice hrvatske Vitez na kojoj je donesen Statut Matice hrvatske Vitez te izabrana tijela koja \u0107e voditi ovu, najstariju i najugledniju hrvatsku udrugu koja je davne 1842. godine utemeljena kao Matica ilirska, na poticaj grofa Janka Dra\u0161kovi\u0107a, istaknutog politi\u010dara i najstarijega \u010dlana hrvatskoga narodnog preporoda. Matica je pro\u0161la kroz slavnu ali i burnu pro\u0161lost, a u godini u kojoj obilje\u017eava 180 godina osnutka do\u010dekala je ozbiljno \u0161irenje na srednju Bosnu i osnutak ogranka u sredi\u0161tu BiH, Vitezu. Vitez, ne samo kao geografsko, nego i gospodarsko, kulturno i znanstveno sredi\u0161te hrvatskog bi\u0107a u Sredi\u0161njoj Bosni bit \u0107e prava matica svima koji \u017eele promicati nacionalni i kulturni identiteta u podru\u010djima umjetni\u010dkog, znanstvenog i duhovnog stvarala\u0161tva, gospodarstva i javnoga \u017eivota te skrbi za dru\u0161tveni razvitak hrvatskog naroda.<\/p>\n\n\n\n<p>Miro Gavran: Matica hrvatska je va\u0161a, dobrodo\u0161li ste u svoj Zagreb Osniva\u010dkoj skup\u0161tini posebnu pozornost i va\u017enost dao je dolazak visokog izaslanstva Matice hrvatske iz Zagreba na \u010delu s predsjednikom Matice Mirom Gavranom, koji je u svome obra\u0107anju istaknuo kako ogranak Matice u Vitezu nije jedan u nizu, nego jedan od najva\u017enijih te da je u rekordnom vremenu jedan ogranak ispunio sve preduvjete kako bi dobio zeleno svjetlo od sredi\u0161njice Matice za utemeljenje. Posebno je pohvalio aktivnosti inicijativnog odbora u Vitezu i kazao da su Vite\u017eani dobrodo\u0161li u Zagreb te da imaju otvorena vrata za realizaciju svih va\u017enih ideja i ciljeva. \u201cOd ogranka Matice hrvatske u Vitezu imamo zna\u010dajna o\u010dekivanja, vjerujem u vas, imate na\u0161e puno povjerenje i potporu\u201d, kazao je Gavran.<\/p>\n\n\n\n<p>Uz Gavrana u izaslanstvu Matice bili su i dopredsjednik Damir Zori\u0107 te gospodarski tajnik Ivica Nui\u0107.<\/p>\n\n\n\n<p>U svojstvu gosta nazo\u010dnima se obratio i dopredsjednik sredi\u0161nje uprave HKD Napredak Josip Kri\u017eanovi\u0107 koji je kazao kako su Napredak i Matica temeljne hrvatske udruge i kao takve moraju sura\u0111ivati i biti ono \u0161to narod od njih i o\u010dekuje u punom smislu. \u201cOvim putem napominjem kako Matica i Napredak djeluju u sinergiji te \u0107emo u vremenu pred nama to jasnije pokazati prema javnosti. Isto o\u010dekujem i od na\u0161ih podru\u017enica te nas stoga raduje utemeljenje Matice u Sredi\u0161njoj Bosni, a posebno me veseli da su u njoj okupljeni vrijedni i dokazani javni radnici\u201d, kazao je dopredsjednik HKD Napredak Josip Kri\u017eanovi\u0107.<\/p>\n\n\n\n<p>Pismo potpore mati\u010darima uputio je i op\u0107inski na\u010delnik Boris Marjanovi\u0107.<\/p>\n\n\n\n<p>Nakon uvodnog dijela odr\u017eani su izbori za vodstvo Matice hrvatske u Vitezu gdje je za predsjednika izabran vite\u0161ki knji\u017eevnik i publicista \u017deljko Kocaj, dopredsjednici su Jakov Kri\u017eanovi\u0107 i Stjepan Alilovi\u0107, a glavni tajnik Marko Lovrinovi\u0107. U Predsjedni\u0161tvo su kao \u010dlanovi izabrani Nikola \u0160ari\u0107, Ivo Jandri\u0107 i Kristina Livan\u010di\u0107 dok Nadzorni odbor \u010dine Ljilja Mari\u0107, Valentin Kafadar te Josip Raji\u0107.<\/p>\n\n\n\n<p>\u201cIdeja utemeljenja Matice hrvatske u Vitezu dugo je prisutna, no u posljednjih nekoliko tjedana provedene su klju\u010dne aktivnosti te smo uz veliki poticaj vodstva Matice iz Zagreba svoje aktivnosti kona\u010dno okrunili slu\u017ebenim utemeljenjem ogranka. Pred nama je puno posla na ustrojavanju organizacije, no s potporom koja se manifestirala na Osniva\u010dkoj skup\u0161tini uvjeren sam kako \u0107emo realizirati zacrtane ciljeve\u201d, rekao je Kocaj u zavr\u0161nom obra\u0107anju te dodao kako \u0107e uskoro javnosti obznaniti vi\u0161e detalja o samim mogu\u0107nostima za \u010dlanstvo u Matici te drugim zna\u010dajnim tehni\u010dkim detaljima.<\/p>\n\n\n\n<p>\/HMS\/<\/p>\n","protected":false},"excerpt":{"rendered":"<p>Vite\u017eani su dugo \u010dekali, 180 godina rada i djelovanja Matice hrvatske je proteklo da bi skupina iskusnih te mladih kulturnjaka, javnih radnika i intelektualaca utemeljila ogranak Matice hrvatske u Vitezu. Naime, u utorak, 21. lipnja 2022. godine odr\u017eana je Osniva\u010dka skup\u0161tina Matice hrvatske Vitez na kojoj je donesen Statut Matice hrvatske Vitez te izabrana tijela [&hellip;]<\/p>\n","protected":false},"author":2,"featured_media":152515,"comment_status":"closed","ping_status":"closed","sticky":false,"template":"","format":"standard","meta":{"h5ap_radio_sources":[],"footnotes":""},"categories":[1],"tags":[],"class_list":["post-152513","post","type-post","status-publish","format-standard","has-post-thumbnail","hentry","category-bihiregija"],"yoast_head":"<!-- This site is optimized with the Yoast SEO plugin v27.4 - https:\/\/yoast.com\/product\/yoast-seo-wordpress\/ -->\n<title>U Vitezu osnovan ogranak Matice hrvatske - RADIO LJUBU\u0160KI<\/title>\n<meta name=\"robots\" content=\"index, follow, max-snippet:-1, max-image-preview:large, max-video-preview:-1\" \/>\n<link rel=\"canonical\" href=\"https:\/\/radioljubuski.ba\/index.php\/2022\/06\/23\/u-vitezu-osnovan-ogranak-matice-hrvatske\/\" \/>\n<meta property=\"og:locale\" content=\"hr_HR\" \/>\n<meta property=\"og:type\" content=\"article\" \/>\n<meta property=\"og:title\" content=\"U Vitezu osnovan ogranak Matice hrvatske - RADIO LJUBU\u0160KI\" \/>\n<meta property=\"og:description\" content=\"Vite\u017eani su dugo \u010dekali, 180 godina rada i djelovanja Matice hrvatske je proteklo da bi skupina iskusnih te mladih kulturnjaka, javnih radnika i intelektualaca utemeljila ogranak Matice hrvatske u Vitezu. Naime, u utorak, 21. lipnja 2022. godine odr\u017eana je Osniva\u010dka skup\u0161tina Matice hrvatske Vitez na kojoj je donesen Statut Matice hrvatske Vitez te izabrana tijela [&hellip;]\" \/>\n<meta property=\"og:url\" content=\"https:\/\/radioljubuski.ba\/index.php\/2022\/06\/23\/u-vitezu-osnovan-ogranak-matice-hrvatske\/\" \/>\n<meta property=\"og:site_name\" content=\"RADIO LJUBU\u0160KI\" \/>\n<meta property=\"article:publisher\" content=\"https:\/\/www.facebook.com\/Radiio-Ljubuski-1490835324566332\" \/>\n<meta property=\"article:published_time\" content=\"2022-06-23T08:58:45+00:00\" \/>\n<meta property=\"article:modified_time\" content=\"2022-06-23T08:58:46+00:00\" \/>\n<meta property=\"og:image\" content=\"https:\/\/radioljubuski.ba\/wp-content\/uploads\/2022\/06\/naslovna-1-1024x579-1.jpg\" \/>\n\t<meta property=\"og:image:width\" content=\"1024\" \/>\n\t<meta property=\"og:image:height\" content=\"579\" \/>\n\t<meta property=\"og:image:type\" content=\"image\/jpeg\" \/>\n<meta name=\"author\" content=\"Radio Ljubu\u0161ki\" \/>\n<meta name=\"twitter:card\" content=\"summary_large_image\" \/>\n<meta name=\"twitter:creator\" content=\"@radioljubuski\" \/>\n<meta name=\"twitter:site\" content=\"@radioljubuski\" \/>\n<meta name=\"twitter:label1\" content=\"Napisao\/la\" \/>\n\t<meta name=\"twitter:data1\" content=\"Radio Ljubu\u0161ki\" \/>\n\t<meta name=\"twitter:label2\" content=\"Procijenjeno vrijeme \u010ditanja\" \/>\n\t<meta name=\"twitter:data2\" content=\"3 minute\" \/>\n<script type=\"application\/ld+json\" class=\"yoast-schema-graph\">{\"@context\":\"https:\\\/\\\/schema.org\",\"@graph\":[{\"@type\":\"Article\",\"@id\":\"https:\\\/\\\/radioljubuski.ba\\\/index.php\\\/2022\\\/06\\\/23\\\/u-vitezu-osnovan-ogranak-matice-hrvatske\\\/#article\",\"isPartOf\":{\"@id\":\"https:\\\/\\\/radioljubuski.ba\\\/index.php\\\/2022\\\/06\\\/23\\\/u-vitezu-osnovan-ogranak-matice-hrvatske\\\/\"},\"author\":{\"name\":\"Radio Ljubu\u0161ki\",\"@id\":\"https:\\\/\\\/radioljubuski.ba\\\/#\\\/schema\\\/person\\\/19fc700381a780f69665d7956c469e3b\"},\"headline\":\"U Vitezu osnovan ogranak Matice hrvatske\",\"datePublished\":\"2022-06-23T08:58:45+00:00\",\"dateModified\":\"2022-06-23T08:58:46+00:00\",\"mainEntityOfPage\":{\"@id\":\"https:\\\/\\\/radioljubuski.ba\\\/index.php\\\/2022\\\/06\\\/23\\\/u-vitezu-osnovan-ogranak-matice-hrvatske\\\/\"},\"wordCount\":621,\"publisher\":{\"@id\":\"https:\\\/\\\/radioljubuski.ba\\\/#organization\"},\"image\":{\"@id\":\"https:\\\/\\\/radioljubuski.ba\\\/index.php\\\/2022\\\/06\\\/23\\\/u-vitezu-osnovan-ogranak-matice-hrvatske\\\/#primaryimage\"},\"thumbnailUrl\":\"https:\\\/\\\/radioljubuski.ba\\\/wp-content\\\/uploads\\\/2022\\\/06\\\/naslovna-1-1024x579-1.jpg\",\"articleSection\":[\"BIH i regija\"],\"inLanguage\":\"hr\"},{\"@type\":\"WebPage\",\"@id\":\"https:\\\/\\\/radioljubuski.ba\\\/index.php\\\/2022\\\/06\\\/23\\\/u-vitezu-osnovan-ogranak-matice-hrvatske\\\/\",\"url\":\"https:\\\/\\\/radioljubuski.ba\\\/index.php\\\/2022\\\/06\\\/23\\\/u-vitezu-osnovan-ogranak-matice-hrvatske\\\/\",\"name\":\"U Vitezu osnovan ogranak Matice hrvatske - RADIO LJUBU\u0160KI\",\"isPartOf\":{\"@id\":\"https:\\\/\\\/radioljubuski.ba\\\/#website\"},\"primaryImageOfPage\":{\"@id\":\"https:\\\/\\\/radioljubuski.ba\\\/index.php\\\/2022\\\/06\\\/23\\\/u-vitezu-osnovan-ogranak-matice-hrvatske\\\/#primaryimage\"},\"image\":{\"@id\":\"https:\\\/\\\/radioljubuski.ba\\\/index.php\\\/2022\\\/06\\\/23\\\/u-vitezu-osnovan-ogranak-matice-hrvatske\\\/#primaryimage\"},\"thumbnailUrl\":\"https:\\\/\\\/radioljubuski.ba\\\/wp-content\\\/uploads\\\/2022\\\/06\\\/naslovna-1-1024x579-1.jpg\",\"datePublished\":\"2022-06-23T08:58:45+00:00\",\"dateModified\":\"2022-06-23T08:58:46+00:00\",\"breadcrumb\":{\"@id\":\"https:\\\/\\\/radioljubuski.ba\\\/index.php\\\/2022\\\/06\\\/23\\\/u-vitezu-osnovan-ogranak-matice-hrvatske\\\/#breadcrumb\"},\"inLanguage\":\"hr\",\"potentialAction\":[{\"@type\":\"ReadAction\",\"target\":[\"https:\\\/\\\/radioljubuski.ba\\\/index.php\\\/2022\\\/06\\\/23\\\/u-vitezu-osnovan-ogranak-matice-hrvatske\\\/\"]}]},{\"@type\":\"ImageObject\",\"inLanguage\":\"hr\",\"@id\":\"https:\\\/\\\/radioljubuski.ba\\\/index.php\\\/2022\\\/06\\\/23\\\/u-vitezu-osnovan-ogranak-matice-hrvatske\\\/#primaryimage\",\"url\":\"https:\\\/\\\/radioljubuski.ba\\\/wp-content\\\/uploads\\\/2022\\\/06\\\/naslovna-1-1024x579-1.jpg\",\"contentUrl\":\"https:\\\/\\\/radioljubuski.ba\\\/wp-content\\\/uploads\\\/2022\\\/06\\\/naslovna-1-1024x579-1.jpg\",\"width\":1024,\"height\":579},{\"@type\":\"BreadcrumbList\",\"@id\":\"https:\\\/\\\/radioljubuski.ba\\\/index.php\\\/2022\\\/06\\\/23\\\/u-vitezu-osnovan-ogranak-matice-hrvatske\\\/#breadcrumb\",\"itemListElement\":[{\"@type\":\"ListItem\",\"position\":1,\"name\":\"Po\u010detna stranica\",\"item\":\"https:\\\/\\\/radioljubuski.ba\\\/\"},{\"@type\":\"ListItem\",\"position\":2,\"name\":\"U Vitezu osnovan ogranak Matice hrvatske\"}]},{\"@type\":\"WebSite\",\"@id\":\"https:\\\/\\\/radioljubuski.ba\\\/#website\",\"url\":\"https:\\\/\\\/radioljubuski.ba\\\/\",\"name\":\"Radio Ljubu\u0161ki\",\"description\":\"Sun\u010dana frekvencija Hercegovine\",\"publisher\":{\"@id\":\"https:\\\/\\\/radioljubuski.ba\\\/#organization\"},\"potentialAction\":[{\"@type\":\"SearchAction\",\"target\":{\"@type\":\"EntryPoint\",\"urlTemplate\":\"https:\\\/\\\/radioljubuski.ba\\\/?s={search_term_string}\"},\"query-input\":{\"@type\":\"PropertyValueSpecification\",\"valueRequired\":true,\"valueName\":\"search_term_string\"}}],\"inLanguage\":\"hr\"},{\"@type\":\"Organization\",\"@id\":\"https:\\\/\\\/radioljubuski.ba\\\/#organization\",\"name\":\"Radio Ljubu\u0161ki\",\"url\":\"https:\\\/\\\/radioljubuski.ba\\\/\",\"logo\":{\"@type\":\"ImageObject\",\"inLanguage\":\"hr\",\"@id\":\"https:\\\/\\\/radioljubuski.ba\\\/#\\\/schema\\\/logo\\\/image\\\/\",\"url\":\"https:\\\/\\\/radioljubuski.ba\\\/wp-content\\\/uploads\\\/2021\\\/02\\\/cropped-Radio_Ljubuski_logo1.jpg\",\"contentUrl\":\"https:\\\/\\\/radioljubuski.ba\\\/wp-content\\\/uploads\\\/2021\\\/02\\\/cropped-Radio_Ljubuski_logo1.jpg\",\"width\":512,\"height\":512,\"caption\":\"Radio Ljubu\u0161ki\"},\"image\":{\"@id\":\"https:\\\/\\\/radioljubuski.ba\\\/#\\\/schema\\\/logo\\\/image\\\/\"},\"sameAs\":[\"https:\\\/\\\/www.facebook.com\\\/Radiio-Ljubuski-1490835324566332\",\"https:\\\/\\\/x.com\\\/radioljubuski\",\"https:\\\/\\\/hr.linkedin.com\\\/company\\\/radio-ljubuski\",\"https:\\\/\\\/www.youtube.com\\\/channel\\\/UCHYaeO_n0Db3tjNGudGpXyw\"]},{\"@type\":\"Person\",\"@id\":\"https:\\\/\\\/radioljubuski.ba\\\/#\\\/schema\\\/person\\\/19fc700381a780f69665d7956c469e3b\",\"name\":\"Radio Ljubu\u0161ki\"}]}<\/script>\n<!-- \/ Yoast SEO plugin. -->","yoast_head_json":{"title":"U Vitezu osnovan ogranak Matice hrvatske - RADIO LJUBU\u0160KI","robots":{"index":"index","follow":"follow","max-snippet":"max-snippet:-1","max-image-preview":"max-image-preview:large","max-video-preview":"max-video-preview:-1"},"canonical":"https:\/\/radioljubuski.ba\/index.php\/2022\/06\/23\/u-vitezu-osnovan-ogranak-matice-hrvatske\/","og_locale":"hr_HR","og_type":"article","og_title":"U Vitezu osnovan ogranak Matice hrvatske - RADIO LJUBU\u0160KI","og_description":"Vite\u017eani su dugo \u010dekali, 180 godina rada i djelovanja Matice hrvatske je proteklo da bi skupina iskusnih te mladih kulturnjaka, javnih radnika i intelektualaca utemeljila ogranak Matice hrvatske u Vitezu. Naime, u utorak, 21. lipnja 2022. godine odr\u017eana je Osniva\u010dka skup\u0161tina Matice hrvatske Vitez na kojoj je donesen Statut Matice hrvatske Vitez te izabrana tijela [&hellip;]","og_url":"https:\/\/radioljubuski.ba\/index.php\/2022\/06\/23\/u-vitezu-osnovan-ogranak-matice-hrvatske\/","og_site_name":"RADIO LJUBU\u0160KI","article_publisher":"https:\/\/www.facebook.com\/Radiio-Ljubuski-1490835324566332","article_published_time":"2022-06-23T08:58:45+00:00","article_modified_time":"2022-06-23T08:58:46+00:00","og_image":[{"width":1024,"height":579,"url":"https:\/\/radioljubuski.ba\/wp-content\/uploads\/2022\/06\/naslovna-1-1024x579-1.jpg","type":"image\/jpeg"}],"author":"Radio Ljubu\u0161ki","twitter_card":"summary_large_image","twitter_creator":"@radioljubuski","twitter_site":"@radioljubuski","twitter_misc":{"Napisao\/la":"Radio Ljubu\u0161ki","Procijenjeno vrijeme \u010ditanja":"3 minute"},"schema":{"@context":"https:\/\/schema.org","@graph":[{"@type":"Article","@id":"https:\/\/radioljubuski.ba\/index.php\/2022\/06\/23\/u-vitezu-osnovan-ogranak-matice-hrvatske\/#article","isPartOf":{"@id":"https:\/\/radioljubuski.ba\/index.php\/2022\/06\/23\/u-vitezu-osnovan-ogranak-matice-hrvatske\/"},"author":{"name":"Radio Ljubu\u0161ki","@id":"https:\/\/radioljubuski.ba\/#\/schema\/person\/19fc700381a780f69665d7956c469e3b"},"headline":"U Vitezu osnovan ogranak Matice hrvatske","datePublished":"2022-06-23T08:58:45+00:00","dateModified":"2022-06-23T08:58:46+00:00","mainEntityOfPage":{"@id":"https:\/\/radioljubuski.ba\/index.php\/2022\/06\/23\/u-vitezu-osnovan-ogranak-matice-hrvatske\/"},"wordCount":621,"publisher":{"@id":"https:\/\/radioljubuski.ba\/#organization"},"image":{"@id":"https:\/\/radioljubuski.ba\/index.php\/2022\/06\/23\/u-vitezu-osnovan-ogranak-matice-hrvatske\/#primaryimage"},"thumbnailUrl":"https:\/\/radioljubuski.ba\/wp-content\/uploads\/2022\/06\/naslovna-1-1024x579-1.jpg","articleSection":["BIH i regija"],"inLanguage":"hr"},{"@type":"WebPage","@id":"https:\/\/radioljubuski.ba\/index.php\/2022\/06\/23\/u-vitezu-osnovan-ogranak-matice-hrvatske\/","url":"https:\/\/radioljubuski.ba\/index.php\/2022\/06\/23\/u-vitezu-osnovan-ogranak-matice-hrvatske\/","name":"U Vitezu osnovan ogranak Matice hrvatske - RADIO LJUBU\u0160KI","isPartOf":{"@id":"https:\/\/radioljubuski.ba\/#website"},"primaryImageOfPage":{"@id":"https:\/\/radioljubuski.ba\/index.php\/2022\/06\/23\/u-vitezu-osnovan-ogranak-matice-hrvatske\/#primaryimage"},"image":{"@id":"https:\/\/radioljubuski.ba\/index.php\/2022\/06\/23\/u-vitezu-osnovan-ogranak-matice-hrvatske\/#primaryimage"},"thumbnailUrl":"https:\/\/radioljubuski.ba\/wp-content\/uploads\/2022\/06\/naslovna-1-1024x579-1.jpg","datePublished":"2022-06-23T08:58:45+00:00","dateModified":"2022-06-23T08:58:46+00:00","breadcrumb":{"@id":"https:\/\/radioljubuski.ba\/index.php\/2022\/06\/23\/u-vitezu-osnovan-ogranak-matice-hrvatske\/#breadcrumb"},"inLanguage":"hr","potentialAction":[{"@type":"ReadAction","target":["https:\/\/radioljubuski.ba\/index.php\/2022\/06\/23\/u-vitezu-osnovan-ogranak-matice-hrvatske\/"]}]},{"@type":"ImageObject","inLanguage":"hr","@id":"https:\/\/radioljubuski.ba\/index.php\/2022\/06\/23\/u-vitezu-osnovan-ogranak-matice-hrvatske\/#primaryimage","url":"https:\/\/radioljubuski.ba\/wp-content\/uploads\/2022\/06\/naslovna-1-1024x579-1.jpg","contentUrl":"https:\/\/radioljubuski.ba\/wp-content\/uploads\/2022\/06\/naslovna-1-1024x579-1.jpg","width":1024,"height":579},{"@type":"BreadcrumbList","@id":"https:\/\/radioljubuski.ba\/index.php\/2022\/06\/23\/u-vitezu-osnovan-ogranak-matice-hrvatske\/#breadcrumb","itemListElement":[{"@type":"ListItem","position":1,"name":"Po\u010detna stranica","item":"https:\/\/radioljubuski.ba\/"},{"@type":"ListItem","position":2,"name":"U Vitezu osnovan ogranak Matice hrvatske"}]},{"@type":"WebSite","@id":"https:\/\/radioljubuski.ba\/#website","url":"https:\/\/radioljubuski.ba\/","name":"Radio Ljubu\u0161ki","description":"Sun\u010dana frekvencija Hercegovine","publisher":{"@id":"https:\/\/radioljubuski.ba\/#organization"},"potentialAction":[{"@type":"SearchAction","target":{"@type":"EntryPoint","urlTemplate":"https:\/\/radioljubuski.ba\/?s={search_term_string}"},"query-input":{"@type":"PropertyValueSpecification","valueRequired":true,"valueName":"search_term_string"}}],"inLanguage":"hr"},{"@type":"Organization","@id":"https:\/\/radioljubuski.ba\/#organization","name":"Radio Ljubu\u0161ki","url":"https:\/\/radioljubuski.ba\/","logo":{"@type":"ImageObject","inLanguage":"hr","@id":"https:\/\/radioljubuski.ba\/#\/schema\/logo\/image\/","url":"https:\/\/radioljubuski.ba\/wp-content\/uploads\/2021\/02\/cropped-Radio_Ljubuski_logo1.jpg","contentUrl":"https:\/\/radioljubuski.ba\/wp-content\/uploads\/2021\/02\/cropped-Radio_Ljubuski_logo1.jpg","width":512,"height":512,"caption":"Radio Ljubu\u0161ki"},"image":{"@id":"https:\/\/radioljubuski.ba\/#\/schema\/logo\/image\/"},"sameAs":["https:\/\/www.facebook.com\/Radiio-Ljubuski-1490835324566332","https:\/\/x.com\/radioljubuski","https:\/\/hr.linkedin.com\/company\/radio-ljubuski","https:\/\/www.youtube.com\/channel\/UCHYaeO_n0Db3tjNGudGpXyw"]},{"@type":"Person","@id":"https:\/\/radioljubuski.ba\/#\/schema\/person\/19fc700381a780f69665d7956c469e3b","name":"Radio Ljubu\u0161ki"}]}},"_links":{"self":[{"href":"https:\/\/radioljubuski.ba\/index.php\/wp-json\/wp\/v2\/posts\/152513","targetHints":{"allow":["GET"]}}],"collection":[{"href":"https:\/\/radioljubuski.ba\/index.php\/wp-json\/wp\/v2\/posts"}],"about":[{"href":"https:\/\/radioljubuski.ba\/index.php\/wp-json\/wp\/v2\/types\/post"}],"author":[{"embeddable":true,"href":"https:\/\/radioljubuski.ba\/index.php\/wp-json\/wp\/v2\/users\/2"}],"replies":[{"embeddable":true,"href":"https:\/\/radioljubuski.ba\/index.php\/wp-json\/wp\/v2\/comments?post=152513"}],"version-history":[{"count":1,"href":"https:\/\/radioljubuski.ba\/index.php\/wp-json\/wp\/v2\/posts\/152513\/revisions"}],"predecessor-version":[{"id":152516,"href":"https:\/\/radioljubuski.ba\/index.php\/wp-json\/wp\/v2\/posts\/152513\/revisions\/152516"}],"wp:featuredmedia":[{"embeddable":true,"href":"https:\/\/radioljubuski.ba\/index.php\/wp-json\/wp\/v2\/media\/152515"}],"wp:attachment":[{"href":"https:\/\/radioljubuski.ba\/index.php\/wp-json\/wp\/v2\/media?parent=152513"}],"wp:term":[{"taxonomy":"category","embeddable":true,"href":"https:\/\/radioljubuski.ba\/index.php\/wp-json\/wp\/v2\/categories?post=152513"},{"taxonomy":"post_tag","embeddable":true,"href":"https:\/\/radioljubuski.ba\/index.php\/wp-json\/wp\/v2\/tags?post=152513"}],"curies":[{"name":"wp","href":"https:\/\/api.w.org\/{rel}","templated":true}]}}